{"id":220387,"date":"2025-03-07T12:44:00","date_gmt":"2025-03-07T12:44:00","guid":{"rendered":"https:\/\/www.webdo.tn\/fr\/blog\/tunisie-nafti-en-arabie-saoudite-pour-la-reunion-extraordinaire-de-l-oci-sur-la-palestine\/220387\/"},"modified":"2025-05-20T22:17:12","modified_gmt":"2025-05-20T22:17:12","slug":"tunisie-nafti-en-arabie-saoudite-pour-la-reunion-extraordinaire-de-l-oci-sur-la-palestine","status":"publish","type":"post","link":"https:\/\/www.webdo.tn\/fr\/actualite\/international\/tunisie-nafti-en-arabie-saoudite-pour-la-reunion-extraordinaire-de-l-oci-sur-la-palestine\/220387\/","title":{"rendered":"Tunisie : Nafti en Arabie Saoudite pour la r\u00e9union extraordinaire de l&rsquo;OCI sur la Palestine"},"content":{"rendered":"<p>Ce vendredi 7 mars 2025, le ministre des Affaires \u00e9trang\u00e8res, de la Migration et des Tunisiens \u00e0 l\u2019\u00e9tranger, Mohamed Ali Nafti, m\u00e8ne la d\u00e9l\u00e9gation tunisienne \u00e0 la r\u00e9union extraordinaire des ministres des Affaires \u00e9trang\u00e8res de l&rsquo;Organisation de la Coop\u00e9ration Islamique (OCI), qui se d\u00e9roule au si\u00e8ge du Secr\u00e9tariat G\u00e9n\u00e9ral de l&rsquo;OCI \u00e0 Djeddah, en Arabie Saoudite.<\/p>\n<p>Cette r\u00e9union a pour objectif de discuter de l\u2019agression isra\u00e9lienne contre le peuple palestinien, notamment les tentatives de le d\u00e9placer de ses terres.<\/p>\n<p>Elle vise \u00e0 aboutir \u00e0 une position commune des pays membres concernant les moyens de soutenir le peuple palestinien dans sa lutte pour la r\u00e9cup\u00e9ration de ses droits l\u00e9gitimes et inali\u00e9nables, a pr\u00e9cis\u00e9 le minist\u00e8re des Affaires \u00e9trang\u00e8res dans un communiqu\u00e9 publi\u00e9 hier.<\/p>\n<p>En parall\u00e8le de la r\u00e9union, Mohamed Ali Nafti aura des entretiens bilat\u00e9raux avec ses homologues des pays islamiques, afin d\u2019\u00e9valuer les relations bilat\u00e9rales entre la Tunisie et ces nations, ainsi que d\u2019aborder des questions r\u00e9gionales et internationales d\u2019int\u00e9r\u00eat commun.<\/p>\n","protected":false},"excerpt":{"rendered":"<p>Ce vendredi 7 mars 2025, le ministre des Affaires \u00e9trang\u00e8res, de la Migration et des Tunisiens \u00e0 l\u2019\u00e9tranger, Mohamed Ali Nafti, m\u00e8ne la d\u00e9l\u00e9gation tunisienne \u00e0&#8230;<\/p>\n","protected":false},"author":3162,"featured_media":292021,"comment_status":"open","ping_status":"closed","sticky":false,"template":"","format":"standard","meta":{"footnotes":""},"categories":[2598],"tags":[11035,3002,2689,3297,2688,2608],"class_list":["post-220387","post","type-post","status-publish","format-standard","has-post-thumbnail","hentry","category-international","tag-oci","tag-arabie-saoudite","tag-gaza","tag-mohamed-ali-nafti","tag-palestine","tag-tunisie"],"yoast_head":"<!-- This site is optimized with the Yoast SEO Premium plugin v27.5 (Yoast SEO v27.5) - https:\/\/yoast.com\/product\/yoast-seo-premium-wordpress\/ -->\n<title>Tunisie : Nafti en Arabie Saoudite pour la r\u00e9union extraordinaire de l&#039;OCI sur la Palestine<\/title>\n<meta name=\"description\" content=\"Ce vendredi 7 mars 2025, le ministre des Affaires \u00e9trang\u00e8res, de la Migration et des Tunisiens \u00e0 l\u2019\u00e9tranger, Mohamed Ali Nafti, m\u00e8ne la d\u00e9l\u00e9gation tunisienne \u00e0...\" \/>\n<link rel=\"canonical\" href=\"https:\/\/www.webdo.tn\/fr\/actualite\/international\/tunisie-nafti-en-arabie-saoudite-pour-la-reunion-extraordinaire-de-l-oci-sur-la-palestine\/220387\/\" \/>\n<meta property=\"og:locale\" content=\"fr_FR\" \/>\n<meta property=\"og:type\" content=\"article\" \/>\n<meta property=\"og:title\" content=\"Tunisie : Nafti en Arabie Saoudite pour la r\u00e9union extraordinaire de l&#039;OCI sur la Palestine\" \/>\n<meta property=\"og:description\" content=\"Ce vendredi 7 mars 2025, le ministre des Affaires \u00e9trang\u00e8res, de la Migration et des Tunisiens \u00e0 l\u2019\u00e9tranger, Mohamed Ali Nafti, m\u00e8ne la d\u00e9l\u00e9gation tunisienne \u00e0...\" \/>\n<meta property=\"og:url\" content=\"https:\/\/www.webdo.tn\/fr\/actualite\/international\/tunisie-nafti-en-arabie-saoudite-pour-la-reunion-extraordinaire-de-l-oci-sur-la-palestine\/220387\/\" \/>\n<meta property=\"og:site_name\" content=\"webdo\" \/>\n<meta property=\"article:publisher\" content=\"https:\/\/www.facebook.com\/webdotn\" \/>\n<meta property=\"article:published_time\" content=\"2025-03-07T12:44:00+00:00\" \/>\n<meta property=\"article:modified_time\" content=\"2025-05-20T22:17:12+00:00\" \/>\n<meta property=\"og:image\" content=\"https:\/\/www.webdo.tn\/fr\/wp-content\/uploads\/2025\/03\/66ba681e84ca52dba11536b7b7da9c2d.webp\" \/>\n\t<meta property=\"og:image:width\" content=\"750\" \/>\n\t<meta property=\"og:image:height\" content=\"400\" \/>\n\t<meta property=\"og:image:type\" content=\"image\/webp\" \/>\n<meta name=\"author\" content=\"MC\" \/>\n<meta name=\"twitter:card\" content=\"summary_large_image\" \/>\n<meta name=\"twitter:creator\" content=\"@webdo_tn\" \/>\n<meta name=\"twitter:site\" content=\"@webdo_tn\" \/>\n<meta name=\"twitter:label1\" content=\"\u00c9crit par\" \/>\n\t<meta name=\"twitter:data1\" content=\"MC\" \/>\n\t<meta name=\"twitter:label2\" content=\"Dur\u00e9e de lecture estim\u00e9e\" \/>\n\t<meta name=\"twitter:data2\" content=\"1 minute\" \/>\n<script type=\"application\/ld+json\" class=\"yoast-schema-graph\">{\"@context\":\"https:\\\/\\\/schema.org\",\"@graph\":[{\"@type\":\"NewsArticle\",\"@id\":\"https:\\\/\\\/www.webdo.tn\\\/fr\\\/actualite\\\/international\\\/tunisie-nafti-en-arabie-saoudite-pour-la-reunion-extraordinaire-de-l-oci-sur-la-palestine\\\/220387\\\/#article\",\"isPartOf\":{\"@id\":\"https:\\\/\\\/www.webdo.tn\\\/fr\\\/actualite\\\/international\\\/tunisie-nafti-en-arabie-saoudite-pour-la-reunion-extraordinaire-de-l-oci-sur-la-palestine\\\/220387\\\/\"},\"author\":{\"name\":\"MC\",\"@id\":\"https:\\\/\\\/www.webdo.tn\\\/fr\\\/#\\\/schema\\\/person\\\/2c4929cbf5a809e3bd38617c6ce150f6\"},\"headline\":\"Tunisie : Nafti en Arabie Saoudite pour la r\u00e9union extraordinaire de l&rsquo;OCI sur la Palestine\",\"datePublished\":\"2025-03-07T12:44:00+00:00\",\"dateModified\":\"2025-05-20T22:17:12+00:00\",\"mainEntityOfPage\":{\"@id\":\"https:\\\/\\\/www.webdo.tn\\\/fr\\\/actualite\\\/international\\\/tunisie-nafti-en-arabie-saoudite-pour-la-reunion-extraordinaire-de-l-oci-sur-la-palestine\\\/220387\\\/\"},\"wordCount\":206,\"commentCount\":0,\"publisher\":{\"@id\":\"https:\\\/\\\/www.webdo.tn\\\/fr\\\/#organization\"},\"image\":{\"@id\":\"https:\\\/\\\/www.webdo.tn\\\/fr\\\/actualite\\\/international\\\/tunisie-nafti-en-arabie-saoudite-pour-la-reunion-extraordinaire-de-l-oci-sur-la-palestine\\\/220387\\\/#primaryimage\"},\"thumbnailUrl\":\"https:\\\/\\\/www.webdo.tn\\\/fr\\\/wp-content\\\/uploads\\\/2025\\\/03\\\/66ba681e84ca52dba11536b7b7da9c2d.webp\",\"keywords\":[\"'OCI']\",\"Arabie Saoudite\",\"Gaza\",\"Mohamed Ali Nafti\",\"Palestine\",\"Tunisie\"],\"articleSection\":[\"International\"],\"inLanguage\":\"fr-FR\"},{\"@type\":\"WebPage\",\"@id\":\"https:\\\/\\\/www.webdo.tn\\\/fr\\\/actualite\\\/international\\\/tunisie-nafti-en-arabie-saoudite-pour-la-reunion-extraordinaire-de-l-oci-sur-la-palestine\\\/220387\\\/\",\"url\":\"https:\\\/\\\/www.webdo.tn\\\/fr\\\/actualite\\\/international\\\/tunisie-nafti-en-arabie-saoudite-pour-la-reunion-extraordinaire-de-l-oci-sur-la-palestine\\\/220387\\\/\",\"name\":\"Tunisie : Nafti en Arabie Saoudite pour la r\u00e9union extraordinaire de l'OCI sur la Palestine\",\"isPartOf\":{\"@id\":\"https:\\\/\\\/www.webdo.tn\\\/fr\\\/#website\"},\"primaryImageOfPage\":{\"@id\":\"https:\\\/\\\/www.webdo.tn\\\/fr\\\/actualite\\\/international\\\/tunisie-nafti-en-arabie-saoudite-pour-la-reunion-extraordinaire-de-l-oci-sur-la-palestine\\\/220387\\\/#primaryimage\"},\"image\":{\"@id\":\"https:\\\/\\\/www.webdo.tn\\\/fr\\\/actualite\\\/international\\\/tunisie-nafti-en-arabie-saoudite-pour-la-reunion-extraordinaire-de-l-oci-sur-la-palestine\\\/220387\\\/#primaryimage\"},\"thumbnailUrl\":\"https:\\\/\\\/www.webdo.tn\\\/fr\\\/wp-content\\\/uploads\\\/2025\\\/03\\\/66ba681e84ca52dba11536b7b7da9c2d.webp\",\"datePublished\":\"2025-03-07T12:44:00+00:00\",\"dateModified\":\"2025-05-20T22:17:12+00:00\",\"description\":\"Ce vendredi 7 mars 2025, le ministre des Affaires \u00e9trang\u00e8res, de la Migration et des Tunisiens \u00e0 l\u2019\u00e9tranger, Mohamed Ali Nafti, m\u00e8ne la d\u00e9l\u00e9gation tunisienne \u00e0...\",\"breadcrumb\":{\"@id\":\"https:\\\/\\\/www.webdo.tn\\\/fr\\\/actualite\\\/international\\\/tunisie-nafti-en-arabie-saoudite-pour-la-reunion-extraordinaire-de-l-oci-sur-la-palestine\\\/220387\\\/#breadcrumb\"},\"inLanguage\":\"fr-FR\",\"potentialAction\":[{\"@type\":\"ReadAction\",\"target\":[\"https:\\\/\\\/www.webdo.tn\\\/fr\\\/actualite\\\/international\\\/tunisie-nafti-en-arabie-saoudite-pour-la-reunion-extraordinaire-de-l-oci-sur-la-palestine\\\/220387\\\/\"]}]},{\"@type\":\"ImageObject\",\"inLanguage\":\"fr-FR\",\"@id\":\"https:\\\/\\\/www.webdo.tn\\\/fr\\\/actualite\\\/international\\\/tunisie-nafti-en-arabie-saoudite-pour-la-reunion-extraordinaire-de-l-oci-sur-la-palestine\\\/220387\\\/#primaryimage\",\"url\":\"https:\\\/\\\/www.webdo.tn\\\/fr\\\/wp-content\\\/uploads\\\/2025\\\/03\\\/66ba681e84ca52dba11536b7b7da9c2d.webp\",\"contentUrl\":\"https:\\\/\\\/www.webdo.tn\\\/fr\\\/wp-content\\\/uploads\\\/2025\\\/03\\\/66ba681e84ca52dba11536b7b7da9c2d.webp\",\"width\":750,\"height\":400,\"caption\":\"Tunisie : Nafti en Arabie Saoudite pour la r\u00e9union extraordinaire de l'OCI sur la Palestine\"},{\"@type\":\"BreadcrumbList\",\"@id\":\"https:\\\/\\\/www.webdo.tn\\\/fr\\\/actualite\\\/international\\\/tunisie-nafti-en-arabie-saoudite-pour-la-reunion-extraordinaire-de-l-oci-sur-la-palestine\\\/220387\\\/#breadcrumb\",\"itemListElement\":[{\"@type\":\"ListItem\",\"position\":1,\"name\":\"Accueil\",\"item\":\"https:\\\/\\\/www.webdo.tn\\\/fr\\\/\"},{\"@type\":\"ListItem\",\"position\":2,\"name\":\"Tunisie : Nafti en Arabie Saoudite pour la r\u00e9union extraordinaire de l&rsquo;OCI sur la Palestine\"}]},{\"@type\":\"WebSite\",\"@id\":\"https:\\\/\\\/www.webdo.tn\\\/fr\\\/#website\",\"url\":\"https:\\\/\\\/www.webdo.tn\\\/fr\\\/\",\"name\":\"webdo\",\"description\":\"Tunisie - News en Tunisie et \u00e0 l&#039;international sur Webdo.tn\",\"publisher\":{\"@id\":\"https:\\\/\\\/www.webdo.tn\\\/fr\\\/#organization\"},\"potentialAction\":[{\"@type\":\"SearchAction\",\"target\":{\"@type\":\"EntryPoint\",\"urlTemplate\":\"https:\\\/\\\/www.webdo.tn\\\/fr\\\/?s={search_term_string}\"},\"query-input\":{\"@type\":\"PropertyValueSpecification\",\"valueRequired\":true,\"valueName\":\"search_term_string\"}}],\"inLanguage\":\"fr-FR\"},{\"@type\":\"Organization\",\"@id\":\"https:\\\/\\\/www.webdo.tn\\\/fr\\\/#organization\",\"name\":\"Webdo\",\"alternateName\":\"Webdo.tn\",\"url\":\"https:\\\/\\\/www.webdo.tn\\\/fr\\\/\",\"logo\":{\"@type\":\"ImageObject\",\"inLanguage\":\"fr-FR\",\"@id\":\"https:\\\/\\\/www.webdo.tn\\\/fr\\\/#\\\/schema\\\/logo\\\/image\\\/\",\"url\":\"https:\\\/\\\/www.webdo.tn\\\/fr\\\/wp-content\\\/uploads\\\/2025\\\/06\\\/Webdo-Tunisie_168377.jpg\",\"contentUrl\":\"https:\\\/\\\/www.webdo.tn\\\/fr\\\/wp-content\\\/uploads\\\/2025\\\/06\\\/Webdo-Tunisie_168377.jpg\",\"width\":301,\"height\":301,\"caption\":\"Webdo\"},\"image\":{\"@id\":\"https:\\\/\\\/www.webdo.tn\\\/fr\\\/#\\\/schema\\\/logo\\\/image\\\/\"},\"sameAs\":[\"https:\\\/\\\/www.facebook.com\\\/webdotn\",\"https:\\\/\\\/x.com\\\/webdo_tn\"],\"description\":\"Webdo est un m\u00e9dia num\u00e9rique tunisien fond\u00e9 en 2010, sp\u00e9cialis\u00e9 dans l\u2019actualit\u00e9 nationale et internationale, l\u2019\u00e9conomie, la soci\u00e9t\u00e9 et les analyses politiques. Le site s\u2019adresse \u00e0 un large public francophone et couvre l\u2019information tunisienne en temps r\u00e9el.\",\"email\":\"redac@webdo.tn\",\"legalName\":\"YNJ SARL\",\"foundingDate\":\"2010-09-06\",\"numberOfEmployees\":{\"@type\":\"QuantitativeValue\",\"minValue\":\"11\",\"maxValue\":\"50\"}},{\"@type\":\"Person\",\"@id\":\"https:\\\/\\\/www.webdo.tn\\\/fr\\\/#\\\/schema\\\/person\\\/2c4929cbf5a809e3bd38617c6ce150f6\",\"name\":\"MC\",\"image\":{\"@type\":\"ImageObject\",\"inLanguage\":\"fr-FR\",\"@id\":\"https:\\\/\\\/secure.gravatar.com\\\/avatar\\\/a545bbb6f84efdd5553dbbc2895e3ca8f1d12c5215e00a041c9670b54aa9b18a?s=96&d=mm&r=g\",\"url\":\"https:\\\/\\\/secure.gravatar.com\\\/avatar\\\/a545bbb6f84efdd5553dbbc2895e3ca8f1d12c5215e00a041c9670b54aa9b18a?s=96&d=mm&r=g\",\"contentUrl\":\"https:\\\/\\\/secure.gravatar.com\\\/avatar\\\/a545bbb6f84efdd5553dbbc2895e3ca8f1d12c5215e00a041c9670b54aa9b18a?s=96&d=mm&r=g\",\"caption\":\"MC\"},\"url\":\"https:\\\/\\\/www.webdo.tn\\\/fr\\\/actualite\\\/author\\\/mc\\\/\"}]}<\/script>\n<!-- \/ Yoast SEO Premium plugin. -->","yoast_head_json":{"title":"Tunisie : Nafti en Arabie Saoudite pour la r\u00e9union extraordinaire de l'OCI sur la Palestine","description":"Ce vendredi 7 mars 2025, le ministre des Affaires \u00e9trang\u00e8res, de la Migration et des Tunisiens \u00e0 l\u2019\u00e9tranger, Mohamed Ali Nafti, m\u00e8ne la d\u00e9l\u00e9gation tunisienne \u00e0...","canonical":"https:\/\/www.webdo.tn\/fr\/actualite\/international\/tunisie-nafti-en-arabie-saoudite-pour-la-reunion-extraordinaire-de-l-oci-sur-la-palestine\/220387\/","og_locale":"fr_FR","og_type":"article","og_title":"Tunisie : Nafti en Arabie Saoudite pour la r\u00e9union extraordinaire de l'OCI sur la Palestine","og_description":"Ce vendredi 7 mars 2025, le ministre des Affaires \u00e9trang\u00e8res, de la Migration et des Tunisiens \u00e0 l\u2019\u00e9tranger, Mohamed Ali Nafti, m\u00e8ne la d\u00e9l\u00e9gation tunisienne \u00e0...","og_url":"https:\/\/www.webdo.tn\/fr\/actualite\/international\/tunisie-nafti-en-arabie-saoudite-pour-la-reunion-extraordinaire-de-l-oci-sur-la-palestine\/220387\/","og_site_name":"webdo","article_publisher":"https:\/\/www.facebook.com\/webdotn","article_published_time":"2025-03-07T12:44:00+00:00","article_modified_time":"2025-05-20T22:17:12+00:00","og_image":[{"width":750,"height":400,"url":"https:\/\/www.webdo.tn\/fr\/wp-content\/uploads\/2025\/03\/66ba681e84ca52dba11536b7b7da9c2d.webp","type":"image\/webp"}],"author":"MC","twitter_card":"summary_large_image","twitter_creator":"@webdo_tn","twitter_site":"@webdo_tn","twitter_misc":{"\u00c9crit par":"MC","Dur\u00e9e de lecture estim\u00e9e":"1 minute"},"schema":{"@context":"https:\/\/schema.org","@graph":[{"@type":"NewsArticle","@id":"https:\/\/www.webdo.tn\/fr\/actualite\/international\/tunisie-nafti-en-arabie-saoudite-pour-la-reunion-extraordinaire-de-l-oci-sur-la-palestine\/220387\/#article","isPartOf":{"@id":"https:\/\/www.webdo.tn\/fr\/actualite\/international\/tunisie-nafti-en-arabie-saoudite-pour-la-reunion-extraordinaire-de-l-oci-sur-la-palestine\/220387\/"},"author":{"name":"MC","@id":"https:\/\/www.webdo.tn\/fr\/#\/schema\/person\/2c4929cbf5a809e3bd38617c6ce150f6"},"headline":"Tunisie : Nafti en Arabie Saoudite pour la r\u00e9union extraordinaire de l&rsquo;OCI sur la Palestine","datePublished":"2025-03-07T12:44:00+00:00","dateModified":"2025-05-20T22:17:12+00:00","mainEntityOfPage":{"@id":"https:\/\/www.webdo.tn\/fr\/actualite\/international\/tunisie-nafti-en-arabie-saoudite-pour-la-reunion-extraordinaire-de-l-oci-sur-la-palestine\/220387\/"},"wordCount":206,"commentCount":0,"publisher":{"@id":"https:\/\/www.webdo.tn\/fr\/#organization"},"image":{"@id":"https:\/\/www.webdo.tn\/fr\/actualite\/international\/tunisie-nafti-en-arabie-saoudite-pour-la-reunion-extraordinaire-de-l-oci-sur-la-palestine\/220387\/#primaryimage"},"thumbnailUrl":"https:\/\/www.webdo.tn\/fr\/wp-content\/uploads\/2025\/03\/66ba681e84ca52dba11536b7b7da9c2d.webp","keywords":["'OCI']","Arabie Saoudite","Gaza","Mohamed Ali Nafti","Palestine","Tunisie"],"articleSection":["International"],"inLanguage":"fr-FR"},{"@type":"WebPage","@id":"https:\/\/www.webdo.tn\/fr\/actualite\/international\/tunisie-nafti-en-arabie-saoudite-pour-la-reunion-extraordinaire-de-l-oci-sur-la-palestine\/220387\/","url":"https:\/\/www.webdo.tn\/fr\/actualite\/international\/tunisie-nafti-en-arabie-saoudite-pour-la-reunion-extraordinaire-de-l-oci-sur-la-palestine\/220387\/","name":"Tunisie : Nafti en Arabie Saoudite pour la r\u00e9union extraordinaire de l'OCI sur la Palestine","isPartOf":{"@id":"https:\/\/www.webdo.tn\/fr\/#website"},"primaryImageOfPage":{"@id":"https:\/\/www.webdo.tn\/fr\/actualite\/international\/tunisie-nafti-en-arabie-saoudite-pour-la-reunion-extraordinaire-de-l-oci-sur-la-palestine\/220387\/#primaryimage"},"image":{"@id":"https:\/\/www.webdo.tn\/fr\/actualite\/international\/tunisie-nafti-en-arabie-saoudite-pour-la-reunion-extraordinaire-de-l-oci-sur-la-palestine\/220387\/#primaryimage"},"thumbnailUrl":"https:\/\/www.webdo.tn\/fr\/wp-content\/uploads\/2025\/03\/66ba681e84ca52dba11536b7b7da9c2d.webp","datePublished":"2025-03-07T12:44:00+00:00","dateModified":"2025-05-20T22:17:12+00:00","description":"Ce vendredi 7 mars 2025, le ministre des Affaires \u00e9trang\u00e8res, de la Migration et des Tunisiens \u00e0 l\u2019\u00e9tranger, Mohamed Ali Nafti, m\u00e8ne la d\u00e9l\u00e9gation tunisienne \u00e0...","breadcrumb":{"@id":"https:\/\/www.webdo.tn\/fr\/actualite\/international\/tunisie-nafti-en-arabie-saoudite-pour-la-reunion-extraordinaire-de-l-oci-sur-la-palestine\/220387\/#breadcrumb"},"inLanguage":"fr-FR","potentialAction":[{"@type":"ReadAction","target":["https:\/\/www.webdo.tn\/fr\/actualite\/international\/tunisie-nafti-en-arabie-saoudite-pour-la-reunion-extraordinaire-de-l-oci-sur-la-palestine\/220387\/"]}]},{"@type":"ImageObject","inLanguage":"fr-FR","@id":"https:\/\/www.webdo.tn\/fr\/actualite\/international\/tunisie-nafti-en-arabie-saoudite-pour-la-reunion-extraordinaire-de-l-oci-sur-la-palestine\/220387\/#primaryimage","url":"https:\/\/www.webdo.tn\/fr\/wp-content\/uploads\/2025\/03\/66ba681e84ca52dba11536b7b7da9c2d.webp","contentUrl":"https:\/\/www.webdo.tn\/fr\/wp-content\/uploads\/2025\/03\/66ba681e84ca52dba11536b7b7da9c2d.webp","width":750,"height":400,"caption":"Tunisie : Nafti en Arabie Saoudite pour la r\u00e9union extraordinaire de l'OCI sur la Palestine"},{"@type":"BreadcrumbList","@id":"https:\/\/www.webdo.tn\/fr\/actualite\/international\/tunisie-nafti-en-arabie-saoudite-pour-la-reunion-extraordinaire-de-l-oci-sur-la-palestine\/220387\/#breadcrumb","itemListElement":[{"@type":"ListItem","position":1,"name":"Accueil","item":"https:\/\/www.webdo.tn\/fr\/"},{"@type":"ListItem","position":2,"name":"Tunisie : Nafti en Arabie Saoudite pour la r\u00e9union extraordinaire de l&rsquo;OCI sur la Palestine"}]},{"@type":"WebSite","@id":"https:\/\/www.webdo.tn\/fr\/#website","url":"https:\/\/www.webdo.tn\/fr\/","name":"webdo","description":"Tunisie - News en Tunisie et \u00e0 l&#039;international sur Webdo.tn","publisher":{"@id":"https:\/\/www.webdo.tn\/fr\/#organization"},"potentialAction":[{"@type":"SearchAction","target":{"@type":"EntryPoint","urlTemplate":"https:\/\/www.webdo.tn\/fr\/?s={search_term_string}"},"query-input":{"@type":"PropertyValueSpecification","valueRequired":true,"valueName":"search_term_string"}}],"inLanguage":"fr-FR"},{"@type":"Organization","@id":"https:\/\/www.webdo.tn\/fr\/#organization","name":"Webdo","alternateName":"Webdo.tn","url":"https:\/\/www.webdo.tn\/fr\/","logo":{"@type":"ImageObject","inLanguage":"fr-FR","@id":"https:\/\/www.webdo.tn\/fr\/#\/schema\/logo\/image\/","url":"https:\/\/www.webdo.tn\/fr\/wp-content\/uploads\/2025\/06\/Webdo-Tunisie_168377.jpg","contentUrl":"https:\/\/www.webdo.tn\/fr\/wp-content\/uploads\/2025\/06\/Webdo-Tunisie_168377.jpg","width":301,"height":301,"caption":"Webdo"},"image":{"@id":"https:\/\/www.webdo.tn\/fr\/#\/schema\/logo\/image\/"},"sameAs":["https:\/\/www.facebook.com\/webdotn","https:\/\/x.com\/webdo_tn"],"description":"Webdo est un m\u00e9dia num\u00e9rique tunisien fond\u00e9 en 2010, sp\u00e9cialis\u00e9 dans l\u2019actualit\u00e9 nationale et internationale, l\u2019\u00e9conomie, la soci\u00e9t\u00e9 et les analyses politiques. Le site s\u2019adresse \u00e0 un large public francophone et couvre l\u2019information tunisienne en temps r\u00e9el.","email":"redac@webdo.tn","legalName":"YNJ SARL","foundingDate":"2010-09-06","numberOfEmployees":{"@type":"QuantitativeValue","minValue":"11","maxValue":"50"}},{"@type":"Person","@id":"https:\/\/www.webdo.tn\/fr\/#\/schema\/person\/2c4929cbf5a809e3bd38617c6ce150f6","name":"MC","image":{"@type":"ImageObject","inLanguage":"fr-FR","@id":"https:\/\/secure.gravatar.com\/avatar\/a545bbb6f84efdd5553dbbc2895e3ca8f1d12c5215e00a041c9670b54aa9b18a?s=96&d=mm&r=g","url":"https:\/\/secure.gravatar.com\/avatar\/a545bbb6f84efdd5553dbbc2895e3ca8f1d12c5215e00a041c9670b54aa9b18a?s=96&d=mm&r=g","contentUrl":"https:\/\/secure.gravatar.com\/avatar\/a545bbb6f84efdd5553dbbc2895e3ca8f1d12c5215e00a041c9670b54aa9b18a?s=96&d=mm&r=g","caption":"MC"},"url":"https:\/\/www.webdo.tn\/fr\/actualite\/author\/mc\/"}]}},"_links":{"self":[{"href":"https:\/\/www.webdo.tn\/fr\/wp-json\/wp\/v2\/posts\/220387","targetHints":{"allow":["GET"]}}],"collection":[{"href":"https:\/\/www.webdo.tn\/fr\/wp-json\/wp\/v2\/posts"}],"about":[{"href":"https:\/\/www.webdo.tn\/fr\/wp-json\/wp\/v2\/types\/post"}],"author":[{"embeddable":true,"href":"https:\/\/www.webdo.tn\/fr\/wp-json\/wp\/v2\/users\/3162"}],"replies":[{"embeddable":true,"href":"https:\/\/www.webdo.tn\/fr\/wp-json\/wp\/v2\/comments?post=220387"}],"version-history":[{"count":0,"href":"https:\/\/www.webdo.tn\/fr\/wp-json\/wp\/v2\/posts\/220387\/revisions"}],"wp:featuredmedia":[{"embeddable":true,"href":"https:\/\/www.webdo.tn\/fr\/wp-json\/wp\/v2\/media\/292021"}],"wp:attachment":[{"href":"https:\/\/www.webdo.tn\/fr\/wp-json\/wp\/v2\/media?parent=220387"}],"wp:term":[{"taxonomy":"category","embeddable":true,"href":"https:\/\/www.webdo.tn\/fr\/wp-json\/wp\/v2\/categories?post=220387"},{"taxonomy":"post_tag","embeddable":true,"href":"https:\/\/www.webdo.tn\/fr\/wp-json\/wp\/v2\/tags?post=220387"}],"curies":[{"name":"wp","href":"https:\/\/api.w.org\/{rel}","templated":true}]}}