{"id":220369,"date":"2025-03-06T20:49:00","date_gmt":"2025-03-06T20:49:00","guid":{"rendered":"https:\/\/www.webdo.tn\/fr\/blog\/2025\/03\/06\/tunis-suite-a-une-video-virale-deux-agents-d-une-societe-de-sabots-places-en-detention\/"},"modified":"2025-05-20T22:19:31","modified_gmt":"2025-05-20T22:19:31","slug":"tunis-suite-a-une-video-virale-deux-agents-d-une-societe-de-sabots-places-en-detention","status":"publish","type":"post","link":"https:\/\/www.webdo.tn\/fr\/actualite\/national\/tunis-suite-a-une-video-virale-deux-agents-d-une-societe-de-sabots-places-en-detention\/220369\/","title":{"rendered":"Tunis : Suite \u00e0 une vid\u00e9o virale, deux agents d&rsquo;une soci\u00e9t\u00e9 de &lsquo;sabots&rsquo; plac\u00e9s en d\u00e9tention"},"content":{"rendered":"<p>La Direction g\u00e9n\u00e9rale de la s\u00fbret\u00e9 nationale a annonc\u00e9, dans un communiqu\u00e9 publi\u00e9 le jeudi 6 mars 2025 au soir, la mise en garde \u00e0 vue de deux agents d&rsquo;une soci\u00e9t\u00e9 sp\u00e9cialis\u00e9e dans l\u2019installation de sabots de voiture pour avoir agress\u00e9 un citoyen.<\/p>\n<p>\t\t\t\t\t\t\t\t\tElle a pr\u00e9cis\u00e9 qu&rsquo;\u00e0 la suite de la diffusion d&rsquo;une vid\u00e9o sur les r\u00e9seaux sociaux montrant deux agents d\u2019une entreprise priv\u00e9e sp\u00e9cialis\u00e9e dans la pose de sabots de voitures en train d\u2019agresser violemment un citoyen dans la r\u00e9gion des Berges du Lac, en pr\u00e9sence d\u2019un agent de s\u00e9curit\u00e9, ces derniers ont \u00e9t\u00e9 conduits, ainsi que la victime, au poste de police des Berges du Lac par l\u2019agent en question afin de prendre les mesures l\u00e9gales n\u00e9cessaires.<\/p>\n<p>Apr\u00e8s consultation du repr\u00e9sentant du minist\u00e8re public, il a \u00e9t\u00e9 d\u00e9cid\u00e9 de les placer en garde \u00e0 vue, tandis que l\u2019enqu\u00eate se poursuit.<\/p>\n","protected":false},"excerpt":{"rendered":"<p>La Direction g\u00e9n\u00e9rale de la s\u00fbret\u00e9 nationale a annonc\u00e9, dans un communiqu\u00e9 publi\u00e9 le jeudi 6 mars 2025 au soir, la mise en garde \u00e0 vue de deux agents d&rsquo;une soci&#8230;<\/p>\n","protected":false},"author":3163,"featured_media":241818,"comment_status":"open","ping_status":"open","sticky":false,"template":"","format":"standard","meta":{"footnotes":""},"categories":[44],"tags":[3435,3751,2608],"class_list":["post-220369","post","type-post","status-publish","format-standard","has-post-thumbnail","hentry","category-national","tag-agression","tag-sabot","tag-tunisie"],"yoast_head":"<!-- This site is optimized with the Yoast SEO Premium plugin v27.4 (Yoast SEO v27.5) - https:\/\/yoast.com\/product\/yoast-seo-premium-wordpress\/ -->\n<title>Tunis : Suite \u00e0 une vid\u00e9o virale, deux agents d&#039;une soci\u00e9t\u00e9 de &#039;sabots&#039; plac\u00e9s en d\u00e9tention<\/title>\n<meta name=\"description\" content=\"La Direction g\u00e9n\u00e9rale de la s\u00fbret\u00e9 nationale a annonc\u00e9, dans un communiqu\u00e9 publi\u00e9 le jeudi 6 mars 2025 au soir, la mise en garde \u00e0 vue de deux agents d&#039;une soci...\" \/>\n<link rel=\"canonical\" href=\"https:\/\/www.webdo.tn\/fr\/actualite\/national\/tunis-suite-a-une-video-virale-deux-agents-d-une-societe-de-sabots-places-en-detention\/220369\/\" \/>\n<meta property=\"og:locale\" content=\"fr_FR\" \/>\n<meta property=\"og:type\" content=\"article\" \/>\n<meta property=\"og:title\" content=\"Tunis : Suite \u00e0 une vid\u00e9o virale, deux agents d&#039;une soci\u00e9t\u00e9 de &#039;sabots&#039; plac\u00e9s en d\u00e9tention\" \/>\n<meta property=\"og:description\" content=\"La Direction g\u00e9n\u00e9rale de la s\u00fbret\u00e9 nationale a annonc\u00e9, dans un communiqu\u00e9 publi\u00e9 le jeudi 6 mars 2025 au soir, la mise en garde \u00e0 vue de deux agents d&#039;une soci...\" \/>\n<meta property=\"og:url\" content=\"https:\/\/www.webdo.tn\/fr\/actualite\/national\/tunis-suite-a-une-video-virale-deux-agents-d-une-societe-de-sabots-places-en-detention\/220369\/\" \/>\n<meta property=\"og:site_name\" content=\"webdo\" \/>\n<meta property=\"article:publisher\" content=\"https:\/\/www.facebook.com\/webdotn\" \/>\n<meta property=\"article:published_time\" content=\"2025-03-06T20:49:00+00:00\" \/>\n<meta property=\"article:modified_time\" content=\"2025-05-20T22:19:31+00:00\" \/>\n<meta property=\"og:image\" content=\"https:\/\/www.webdo.tn\/fr\/wp-content\/uploads\/2025\/05\/42b2d436bed8557251e46f59c316473f-3.webp\" \/>\n\t<meta property=\"og:image:width\" content=\"737\" \/>\n\t<meta property=\"og:image:height\" content=\"393\" \/>\n\t<meta property=\"og:image:type\" content=\"image\/webp\" \/>\n<meta name=\"author\" content=\"KJ\" \/>\n<meta name=\"twitter:card\" content=\"summary_large_image\" \/>\n<meta name=\"twitter:creator\" content=\"@webdo_tn\" \/>\n<meta name=\"twitter:site\" content=\"@webdo_tn\" \/>\n<meta name=\"twitter:label1\" content=\"\u00c9crit par\" \/>\n\t<meta name=\"twitter:data1\" content=\"KJ\" \/>\n\t<meta name=\"twitter:label2\" content=\"Dur\u00e9e de lecture estim\u00e9e\" \/>\n\t<meta name=\"twitter:data2\" content=\"1 minute\" \/>\n<script type=\"application\/ld+json\" class=\"yoast-schema-graph\">{\"@context\":\"https:\\\/\\\/schema.org\",\"@graph\":[{\"@type\":\"NewsArticle\",\"@id\":\"https:\\\/\\\/www.webdo.tn\\\/fr\\\/actualite\\\/national\\\/tunis-suite-a-une-video-virale-deux-agents-d-une-societe-de-sabots-places-en-detention\\\/220369\\\/#article\",\"isPartOf\":{\"@id\":\"https:\\\/\\\/www.webdo.tn\\\/fr\\\/actualite\\\/national\\\/tunis-suite-a-une-video-virale-deux-agents-d-une-societe-de-sabots-places-en-detention\\\/220369\\\/\"},\"author\":{\"name\":\"KJ\",\"@id\":\"https:\\\/\\\/www.webdo.tn\\\/fr\\\/#\\\/schema\\\/person\\\/82ca085b22037d285e1a3c4b65ba5f71\"},\"headline\":\"Tunis : Suite \u00e0 une vid\u00e9o virale, deux agents d&rsquo;une soci\u00e9t\u00e9 de &lsquo;sabots&rsquo; plac\u00e9s en d\u00e9tention\",\"datePublished\":\"2025-03-06T20:49:00+00:00\",\"dateModified\":\"2025-05-20T22:19:31+00:00\",\"mainEntityOfPage\":{\"@id\":\"https:\\\/\\\/www.webdo.tn\\\/fr\\\/actualite\\\/national\\\/tunis-suite-a-une-video-virale-deux-agents-d-une-societe-de-sabots-places-en-detention\\\/220369\\\/\"},\"wordCount\":187,\"commentCount\":0,\"publisher\":{\"@id\":\"https:\\\/\\\/www.webdo.tn\\\/fr\\\/#organization\"},\"image\":{\"@id\":\"https:\\\/\\\/www.webdo.tn\\\/fr\\\/actualite\\\/national\\\/tunis-suite-a-une-video-virale-deux-agents-d-une-societe-de-sabots-places-en-detention\\\/220369\\\/#primaryimage\"},\"thumbnailUrl\":\"https:\\\/\\\/www.webdo.tn\\\/fr\\\/wp-content\\\/uploads\\\/2025\\\/05\\\/42b2d436bed8557251e46f59c316473f-3.webp\",\"keywords\":[\"agression\",\"sabot\",\"Tunisie\"],\"articleSection\":[\"National\"],\"inLanguage\":\"fr-FR\"},{\"@type\":\"WebPage\",\"@id\":\"https:\\\/\\\/www.webdo.tn\\\/fr\\\/actualite\\\/national\\\/tunis-suite-a-une-video-virale-deux-agents-d-une-societe-de-sabots-places-en-detention\\\/220369\\\/\",\"url\":\"https:\\\/\\\/www.webdo.tn\\\/fr\\\/actualite\\\/national\\\/tunis-suite-a-une-video-virale-deux-agents-d-une-societe-de-sabots-places-en-detention\\\/220369\\\/\",\"name\":\"Tunis : Suite \u00e0 une vid\u00e9o virale, deux agents d'une soci\u00e9t\u00e9 de 'sabots' plac\u00e9s en d\u00e9tention\",\"isPartOf\":{\"@id\":\"https:\\\/\\\/www.webdo.tn\\\/fr\\\/#website\"},\"primaryImageOfPage\":{\"@id\":\"https:\\\/\\\/www.webdo.tn\\\/fr\\\/actualite\\\/national\\\/tunis-suite-a-une-video-virale-deux-agents-d-une-societe-de-sabots-places-en-detention\\\/220369\\\/#primaryimage\"},\"image\":{\"@id\":\"https:\\\/\\\/www.webdo.tn\\\/fr\\\/actualite\\\/national\\\/tunis-suite-a-une-video-virale-deux-agents-d-une-societe-de-sabots-places-en-detention\\\/220369\\\/#primaryimage\"},\"thumbnailUrl\":\"https:\\\/\\\/www.webdo.tn\\\/fr\\\/wp-content\\\/uploads\\\/2025\\\/05\\\/42b2d436bed8557251e46f59c316473f-3.webp\",\"datePublished\":\"2025-03-06T20:49:00+00:00\",\"dateModified\":\"2025-05-20T22:19:31+00:00\",\"description\":\"La Direction g\u00e9n\u00e9rale de la s\u00fbret\u00e9 nationale a annonc\u00e9, dans un communiqu\u00e9 publi\u00e9 le jeudi 6 mars 2025 au soir, la mise en garde \u00e0 vue de deux agents d'une soci...\",\"breadcrumb\":{\"@id\":\"https:\\\/\\\/www.webdo.tn\\\/fr\\\/actualite\\\/national\\\/tunis-suite-a-une-video-virale-deux-agents-d-une-societe-de-sabots-places-en-detention\\\/220369\\\/#breadcrumb\"},\"inLanguage\":\"fr-FR\",\"potentialAction\":[{\"@type\":\"ReadAction\",\"target\":[\"https:\\\/\\\/www.webdo.tn\\\/fr\\\/actualite\\\/national\\\/tunis-suite-a-une-video-virale-deux-agents-d-une-societe-de-sabots-places-en-detention\\\/220369\\\/\"]}]},{\"@type\":\"ImageObject\",\"inLanguage\":\"fr-FR\",\"@id\":\"https:\\\/\\\/www.webdo.tn\\\/fr\\\/actualite\\\/national\\\/tunis-suite-a-une-video-virale-deux-agents-d-une-societe-de-sabots-places-en-detention\\\/220369\\\/#primaryimage\",\"url\":\"https:\\\/\\\/www.webdo.tn\\\/fr\\\/wp-content\\\/uploads\\\/2025\\\/05\\\/42b2d436bed8557251e46f59c316473f-3.webp\",\"contentUrl\":\"https:\\\/\\\/www.webdo.tn\\\/fr\\\/wp-content\\\/uploads\\\/2025\\\/05\\\/42b2d436bed8557251e46f59c316473f-3.webp\",\"width\":737,\"height\":393},{\"@type\":\"BreadcrumbList\",\"@id\":\"https:\\\/\\\/www.webdo.tn\\\/fr\\\/actualite\\\/national\\\/tunis-suite-a-une-video-virale-deux-agents-d-une-societe-de-sabots-places-en-detention\\\/220369\\\/#breadcrumb\",\"itemListElement\":[{\"@type\":\"ListItem\",\"position\":1,\"name\":\"Accueil\",\"item\":\"https:\\\/\\\/www.webdo.tn\\\/fr\\\/\"},{\"@type\":\"ListItem\",\"position\":2,\"name\":\"Tunis : Suite \u00e0 une vid\u00e9o virale, deux agents d&#8217;une soci\u00e9t\u00e9 de &#8216;sabots&#8217; plac\u00e9s en d\u00e9tention\"}]},{\"@type\":\"WebSite\",\"@id\":\"https:\\\/\\\/www.webdo.tn\\\/fr\\\/#website\",\"url\":\"https:\\\/\\\/www.webdo.tn\\\/fr\\\/\",\"name\":\"webdo\",\"description\":\"Tunisie - News en Tunisie et \u00e0 l&#039;international sur Webdo.tn\",\"publisher\":{\"@id\":\"https:\\\/\\\/www.webdo.tn\\\/fr\\\/#organization\"},\"potentialAction\":[{\"@type\":\"SearchAction\",\"target\":{\"@type\":\"EntryPoint\",\"urlTemplate\":\"https:\\\/\\\/www.webdo.tn\\\/fr\\\/?s={search_term_string}\"},\"query-input\":{\"@type\":\"PropertyValueSpecification\",\"valueRequired\":true,\"valueName\":\"search_term_string\"}}],\"inLanguage\":\"fr-FR\"},{\"@type\":\"Organization\",\"@id\":\"https:\\\/\\\/www.webdo.tn\\\/fr\\\/#organization\",\"name\":\"Webdo\",\"alternateName\":\"Webdo.tn\",\"url\":\"https:\\\/\\\/www.webdo.tn\\\/fr\\\/\",\"logo\":{\"@type\":\"ImageObject\",\"inLanguage\":\"fr-FR\",\"@id\":\"https:\\\/\\\/www.webdo.tn\\\/fr\\\/#\\\/schema\\\/logo\\\/image\\\/\",\"url\":\"https:\\\/\\\/www.webdo.tn\\\/fr\\\/wp-content\\\/uploads\\\/2025\\\/06\\\/Webdo-Tunisie_168377.jpg\",\"contentUrl\":\"https:\\\/\\\/www.webdo.tn\\\/fr\\\/wp-content\\\/uploads\\\/2025\\\/06\\\/Webdo-Tunisie_168377.jpg\",\"width\":301,\"height\":301,\"caption\":\"Webdo\"},\"image\":{\"@id\":\"https:\\\/\\\/www.webdo.tn\\\/fr\\\/#\\\/schema\\\/logo\\\/image\\\/\"},\"sameAs\":[\"https:\\\/\\\/www.facebook.com\\\/webdotn\",\"https:\\\/\\\/x.com\\\/webdo_tn\"],\"description\":\"Webdo est un m\u00e9dia num\u00e9rique tunisien fond\u00e9 en 2010, sp\u00e9cialis\u00e9 dans l\u2019actualit\u00e9 nationale et internationale, l\u2019\u00e9conomie, la soci\u00e9t\u00e9 et les analyses politiques. Le site s\u2019adresse \u00e0 un large public francophone et couvre l\u2019information tunisienne en temps r\u00e9el.\",\"email\":\"redac@webdo.tn\",\"legalName\":\"YNJ SARL\",\"foundingDate\":\"2010-09-06\",\"numberOfEmployees\":{\"@type\":\"QuantitativeValue\",\"minValue\":\"11\",\"maxValue\":\"50\"}},{\"@type\":\"Person\",\"@id\":\"https:\\\/\\\/www.webdo.tn\\\/fr\\\/#\\\/schema\\\/person\\\/82ca085b22037d285e1a3c4b65ba5f71\",\"name\":\"KJ\",\"image\":{\"@type\":\"ImageObject\",\"inLanguage\":\"fr-FR\",\"@id\":\"https:\\\/\\\/secure.gravatar.com\\\/avatar\\\/1a1320de1c1971c893f00068f760b4113d69504aa21273da17ee95650c5944fd?s=96&d=mm&r=g\",\"url\":\"https:\\\/\\\/secure.gravatar.com\\\/avatar\\\/1a1320de1c1971c893f00068f760b4113d69504aa21273da17ee95650c5944fd?s=96&d=mm&r=g\",\"contentUrl\":\"https:\\\/\\\/secure.gravatar.com\\\/avatar\\\/1a1320de1c1971c893f00068f760b4113d69504aa21273da17ee95650c5944fd?s=96&d=mm&r=g\",\"caption\":\"KJ\"},\"url\":\"https:\\\/\\\/www.webdo.tn\\\/fr\\\/actualite\\\/author\\\/kj\\\/\"}]}<\/script>\n<!-- \/ Yoast SEO Premium plugin. -->","yoast_head_json":{"title":"Tunis : Suite \u00e0 une vid\u00e9o virale, deux agents d'une soci\u00e9t\u00e9 de 'sabots' plac\u00e9s en d\u00e9tention","description":"La Direction g\u00e9n\u00e9rale de la s\u00fbret\u00e9 nationale a annonc\u00e9, dans un communiqu\u00e9 publi\u00e9 le jeudi 6 mars 2025 au soir, la mise en garde \u00e0 vue de deux agents d'une soci...","canonical":"https:\/\/www.webdo.tn\/fr\/actualite\/national\/tunis-suite-a-une-video-virale-deux-agents-d-une-societe-de-sabots-places-en-detention\/220369\/","og_locale":"fr_FR","og_type":"article","og_title":"Tunis : Suite \u00e0 une vid\u00e9o virale, deux agents d'une soci\u00e9t\u00e9 de 'sabots' plac\u00e9s en d\u00e9tention","og_description":"La Direction g\u00e9n\u00e9rale de la s\u00fbret\u00e9 nationale a annonc\u00e9, dans un communiqu\u00e9 publi\u00e9 le jeudi 6 mars 2025 au soir, la mise en garde \u00e0 vue de deux agents d'une soci...","og_url":"https:\/\/www.webdo.tn\/fr\/actualite\/national\/tunis-suite-a-une-video-virale-deux-agents-d-une-societe-de-sabots-places-en-detention\/220369\/","og_site_name":"webdo","article_publisher":"https:\/\/www.facebook.com\/webdotn","article_published_time":"2025-03-06T20:49:00+00:00","article_modified_time":"2025-05-20T22:19:31+00:00","og_image":[{"width":737,"height":393,"url":"https:\/\/www.webdo.tn\/fr\/wp-content\/uploads\/2025\/05\/42b2d436bed8557251e46f59c316473f-3.webp","type":"image\/webp"}],"author":"KJ","twitter_card":"summary_large_image","twitter_creator":"@webdo_tn","twitter_site":"@webdo_tn","twitter_misc":{"\u00c9crit par":"KJ","Dur\u00e9e de lecture estim\u00e9e":"1 minute"},"schema":{"@context":"https:\/\/schema.org","@graph":[{"@type":"NewsArticle","@id":"https:\/\/www.webdo.tn\/fr\/actualite\/national\/tunis-suite-a-une-video-virale-deux-agents-d-une-societe-de-sabots-places-en-detention\/220369\/#article","isPartOf":{"@id":"https:\/\/www.webdo.tn\/fr\/actualite\/national\/tunis-suite-a-une-video-virale-deux-agents-d-une-societe-de-sabots-places-en-detention\/220369\/"},"author":{"name":"KJ","@id":"https:\/\/www.webdo.tn\/fr\/#\/schema\/person\/82ca085b22037d285e1a3c4b65ba5f71"},"headline":"Tunis : Suite \u00e0 une vid\u00e9o virale, deux agents d&rsquo;une soci\u00e9t\u00e9 de &lsquo;sabots&rsquo; plac\u00e9s en d\u00e9tention","datePublished":"2025-03-06T20:49:00+00:00","dateModified":"2025-05-20T22:19:31+00:00","mainEntityOfPage":{"@id":"https:\/\/www.webdo.tn\/fr\/actualite\/national\/tunis-suite-a-une-video-virale-deux-agents-d-une-societe-de-sabots-places-en-detention\/220369\/"},"wordCount":187,"commentCount":0,"publisher":{"@id":"https:\/\/www.webdo.tn\/fr\/#organization"},"image":{"@id":"https:\/\/www.webdo.tn\/fr\/actualite\/national\/tunis-suite-a-une-video-virale-deux-agents-d-une-societe-de-sabots-places-en-detention\/220369\/#primaryimage"},"thumbnailUrl":"https:\/\/www.webdo.tn\/fr\/wp-content\/uploads\/2025\/05\/42b2d436bed8557251e46f59c316473f-3.webp","keywords":["agression","sabot","Tunisie"],"articleSection":["National"],"inLanguage":"fr-FR"},{"@type":"WebPage","@id":"https:\/\/www.webdo.tn\/fr\/actualite\/national\/tunis-suite-a-une-video-virale-deux-agents-d-une-societe-de-sabots-places-en-detention\/220369\/","url":"https:\/\/www.webdo.tn\/fr\/actualite\/national\/tunis-suite-a-une-video-virale-deux-agents-d-une-societe-de-sabots-places-en-detention\/220369\/","name":"Tunis : Suite \u00e0 une vid\u00e9o virale, deux agents d'une soci\u00e9t\u00e9 de 'sabots' plac\u00e9s en d\u00e9tention","isPartOf":{"@id":"https:\/\/www.webdo.tn\/fr\/#website"},"primaryImageOfPage":{"@id":"https:\/\/www.webdo.tn\/fr\/actualite\/national\/tunis-suite-a-une-video-virale-deux-agents-d-une-societe-de-sabots-places-en-detention\/220369\/#primaryimage"},"image":{"@id":"https:\/\/www.webdo.tn\/fr\/actualite\/national\/tunis-suite-a-une-video-virale-deux-agents-d-une-societe-de-sabots-places-en-detention\/220369\/#primaryimage"},"thumbnailUrl":"https:\/\/www.webdo.tn\/fr\/wp-content\/uploads\/2025\/05\/42b2d436bed8557251e46f59c316473f-3.webp","datePublished":"2025-03-06T20:49:00+00:00","dateModified":"2025-05-20T22:19:31+00:00","description":"La Direction g\u00e9n\u00e9rale de la s\u00fbret\u00e9 nationale a annonc\u00e9, dans un communiqu\u00e9 publi\u00e9 le jeudi 6 mars 2025 au soir, la mise en garde \u00e0 vue de deux agents d'une soci...","breadcrumb":{"@id":"https:\/\/www.webdo.tn\/fr\/actualite\/national\/tunis-suite-a-une-video-virale-deux-agents-d-une-societe-de-sabots-places-en-detention\/220369\/#breadcrumb"},"inLanguage":"fr-FR","potentialAction":[{"@type":"ReadAction","target":["https:\/\/www.webdo.tn\/fr\/actualite\/national\/tunis-suite-a-une-video-virale-deux-agents-d-une-societe-de-sabots-places-en-detention\/220369\/"]}]},{"@type":"ImageObject","inLanguage":"fr-FR","@id":"https:\/\/www.webdo.tn\/fr\/actualite\/national\/tunis-suite-a-une-video-virale-deux-agents-d-une-societe-de-sabots-places-en-detention\/220369\/#primaryimage","url":"https:\/\/www.webdo.tn\/fr\/wp-content\/uploads\/2025\/05\/42b2d436bed8557251e46f59c316473f-3.webp","contentUrl":"https:\/\/www.webdo.tn\/fr\/wp-content\/uploads\/2025\/05\/42b2d436bed8557251e46f59c316473f-3.webp","width":737,"height":393},{"@type":"BreadcrumbList","@id":"https:\/\/www.webdo.tn\/fr\/actualite\/national\/tunis-suite-a-une-video-virale-deux-agents-d-une-societe-de-sabots-places-en-detention\/220369\/#breadcrumb","itemListElement":[{"@type":"ListItem","position":1,"name":"Accueil","item":"https:\/\/www.webdo.tn\/fr\/"},{"@type":"ListItem","position":2,"name":"Tunis : Suite \u00e0 une vid\u00e9o virale, deux agents d&#8217;une soci\u00e9t\u00e9 de &#8216;sabots&#8217; plac\u00e9s en d\u00e9tention"}]},{"@type":"WebSite","@id":"https:\/\/www.webdo.tn\/fr\/#website","url":"https:\/\/www.webdo.tn\/fr\/","name":"webdo","description":"Tunisie - News en Tunisie et \u00e0 l&#039;international sur Webdo.tn","publisher":{"@id":"https:\/\/www.webdo.tn\/fr\/#organization"},"potentialAction":[{"@type":"SearchAction","target":{"@type":"EntryPoint","urlTemplate":"https:\/\/www.webdo.tn\/fr\/?s={search_term_string}"},"query-input":{"@type":"PropertyValueSpecification","valueRequired":true,"valueName":"search_term_string"}}],"inLanguage":"fr-FR"},{"@type":"Organization","@id":"https:\/\/www.webdo.tn\/fr\/#organization","name":"Webdo","alternateName":"Webdo.tn","url":"https:\/\/www.webdo.tn\/fr\/","logo":{"@type":"ImageObject","inLanguage":"fr-FR","@id":"https:\/\/www.webdo.tn\/fr\/#\/schema\/logo\/image\/","url":"https:\/\/www.webdo.tn\/fr\/wp-content\/uploads\/2025\/06\/Webdo-Tunisie_168377.jpg","contentUrl":"https:\/\/www.webdo.tn\/fr\/wp-content\/uploads\/2025\/06\/Webdo-Tunisie_168377.jpg","width":301,"height":301,"caption":"Webdo"},"image":{"@id":"https:\/\/www.webdo.tn\/fr\/#\/schema\/logo\/image\/"},"sameAs":["https:\/\/www.facebook.com\/webdotn","https:\/\/x.com\/webdo_tn"],"description":"Webdo est un m\u00e9dia num\u00e9rique tunisien fond\u00e9 en 2010, sp\u00e9cialis\u00e9 dans l\u2019actualit\u00e9 nationale et internationale, l\u2019\u00e9conomie, la soci\u00e9t\u00e9 et les analyses politiques. Le site s\u2019adresse \u00e0 un large public francophone et couvre l\u2019information tunisienne en temps r\u00e9el.","email":"redac@webdo.tn","legalName":"YNJ SARL","foundingDate":"2010-09-06","numberOfEmployees":{"@type":"QuantitativeValue","minValue":"11","maxValue":"50"}},{"@type":"Person","@id":"https:\/\/www.webdo.tn\/fr\/#\/schema\/person\/82ca085b22037d285e1a3c4b65ba5f71","name":"KJ","image":{"@type":"ImageObject","inLanguage":"fr-FR","@id":"https:\/\/secure.gravatar.com\/avatar\/1a1320de1c1971c893f00068f760b4113d69504aa21273da17ee95650c5944fd?s=96&d=mm&r=g","url":"https:\/\/secure.gravatar.com\/avatar\/1a1320de1c1971c893f00068f760b4113d69504aa21273da17ee95650c5944fd?s=96&d=mm&r=g","contentUrl":"https:\/\/secure.gravatar.com\/avatar\/1a1320de1c1971c893f00068f760b4113d69504aa21273da17ee95650c5944fd?s=96&d=mm&r=g","caption":"KJ"},"url":"https:\/\/www.webdo.tn\/fr\/actualite\/author\/kj\/"}]}},"_links":{"self":[{"href":"https:\/\/www.webdo.tn\/fr\/wp-json\/wp\/v2\/posts\/220369","targetHints":{"allow":["GET"]}}],"collection":[{"href":"https:\/\/www.webdo.tn\/fr\/wp-json\/wp\/v2\/posts"}],"about":[{"href":"https:\/\/www.webdo.tn\/fr\/wp-json\/wp\/v2\/types\/post"}],"author":[{"embeddable":true,"href":"https:\/\/www.webdo.tn\/fr\/wp-json\/wp\/v2\/users\/3163"}],"replies":[{"embeddable":true,"href":"https:\/\/www.webdo.tn\/fr\/wp-json\/wp\/v2\/comments?post=220369"}],"version-history":[{"count":0,"href":"https:\/\/www.webdo.tn\/fr\/wp-json\/wp\/v2\/posts\/220369\/revisions"}],"wp:featuredmedia":[{"embeddable":true,"href":"https:\/\/www.webdo.tn\/fr\/wp-json\/wp\/v2\/media\/241818"}],"wp:attachment":[{"href":"https:\/\/www.webdo.tn\/fr\/wp-json\/wp\/v2\/media?parent=220369"}],"wp:term":[{"taxonomy":"category","embeddable":true,"href":"https:\/\/www.webdo.tn\/fr\/wp-json\/wp\/v2\/categories?post=220369"},{"taxonomy":"post_tag","embeddable":true,"href":"https:\/\/www.webdo.tn\/fr\/wp-json\/wp\/v2\/tags?post=220369"}],"curies":[{"name":"wp","href":"https:\/\/api.w.org\/{rel}","templated":true}]}}