{"id":220330,"date":"2025-03-05T13:51:00","date_gmt":"2025-03-05T13:51:00","guid":{"rendered":"https:\/\/www.webdo.tn\/fr\/blog\/2025\/03\/05\/tunisie-initiative-pour-reduire-le-sel-dans-le-pain\/"},"modified":"2025-05-20T21:42:15","modified_gmt":"2025-05-20T21:42:15","slug":"tunisie-initiative-pour-reduire-le-sel-dans-le-pain","status":"publish","type":"post","link":"https:\/\/www.webdo.tn\/fr\/actualite\/national\/tunisie-initiative-pour-reduire-le-sel-dans-le-pain\/220330\/","title":{"rendered":"Tunisie : Initiative pour r\u00e9duire le sel dans le pain"},"content":{"rendered":"<p>La pr\u00e9valence de l\u2019ob\u00e9sit\u00e9 chez les enfants de moins de cinq ans en Tunisie a atteint 17%, tandis qu\u2019un tiers des enfants \u00e2g\u00e9s de 6 \u00e0 12 ans souffrent de surpoids. De plus, la proportion chez les adolescents de 15 \u00e0 18 ans est d\u2019environ 10%, selon le dernier rapport de l\u2019UNICEF &#8211; Bureau de Tunisie.<\/p>\n<p>\t\t\t\t\t\t\t\t\tExpliquant les causes de l\u2019augmentation du poids chez les jeunes, Fa\u00efka Ben Mami, professeure universitaire en nutrition et chef du d\u00e9partement \u00ab\u00a0C\u00a0\u00bb \u00e0 l\u2019Institut National de Nutrition et des Technologies Alimentaires, a annonc\u00e9 lors d\u2019une d\u00e9claration \u00e0 la radio Mosaique ce mercredi 5 mars 2025, le lancement d\u2019une initiative visant \u00e0 r\u00e9duire progressivement la quantit\u00e9 de sel dans le pain, dans le cadre des efforts pour lutter contre l\u2019hypertension.<\/p>\n<p>Elle a expliqu\u00e9 que l\u2019Institut National de Nutrition travaille sur cette r\u00e9duction, car cela pourrait avoir un impact direct sur la diminution des maladies cardiovasculaires. En Tunisie, la consommation quotidienne de sel atteint environ 12 grammes, bien au-dessus de la recommandation de l\u2019Organisation mondiale de la sant\u00e9, qui pr\u00e9conise moins de 5 grammes par jour.<\/p>\n<p>Elle a exprim\u00e9 l\u2019espoir que cette initiative s\u2019\u00e9tendra \u00e0 la r\u00e9duction du sucre, en particulier celui utilis\u00e9 dans les biscuits et les produits alimentaires consomm\u00e9s en grande quantit\u00e9 par les enfants, dans le but de pr\u00e9server leur sant\u00e9 et de les prot\u00e9ger des maladies li\u00e9es \u00e0 une consommation excessive de sucre et de sel.<\/p>\n<p>Dans ce contexte, rappelons qu&rsquo;un accord avait \u00e9t\u00e9 sign\u00e9 en octobre 2018 entre la Chambre nationale des propri\u00e9taires des boulangeries, relevant de l\u2019UTICA et le minist\u00e8re de la Sant\u00e9 stipulant la g\u00e9n\u00e9ralisation de la r\u00e9duction progressive de la quantit\u00e9 de sel dans le pain \u00e0 raison de moins 10% tous les six mois jusqu\u2019\u00e0 atteindre une baisse totale de 40%.<\/p>\n<p>Dans cette optique, le taux de sel dans le pain aurai d\u00fb baisser de 40% en 2020 sachant qu\u2019en Tunisie le pain reste le plus sal\u00e9, parmi les pays de la M\u00e9diterran\u00e9e.<\/p>\n<p>Par ailleurs, dans un rapport publi\u00e9 \u00e0 l&rsquo;occasion de la Journ\u00e9e mondiale de lutte contre l&rsquo;ob\u00e9sit\u00e9, le bureau de l&rsquo;UNICEF en Tunisie a insist\u00e9 sur l&rsquo;importance d\u2019adopter des politiques de sant\u00e9 adapt\u00e9es, de r\u00e9viser les cadres juridiques, d\u2019am\u00e9liorer la qualit\u00e9 des services nutritionnels et de promouvoir les bonnes habitudes alimentaires.<\/p>\n<p>L\u2019UNICEF a mis en lumi\u00e8re la n\u00e9cessit\u00e9 de changer les comportements alimentaires pour r\u00e9duire l\u2019incidence de l\u2019ob\u00e9sit\u00e9 et am\u00e9liorer la sant\u00e9 des g\u00e9n\u00e9rations futures.<\/p>\n","protected":false},"excerpt":{"rendered":"<p>La pr\u00e9valence de l\u2019ob\u00e9sit\u00e9 chez les enfants de moins de cinq ans en Tunisie a atteint 17%, tandis qu\u2019un tiers des enfants \u00e2g\u00e9s de 6 \u00e0 12 ans souffrent de surpoi&#8230;<\/p>\n","protected":false},"author":3162,"featured_media":241838,"comment_status":"open","ping_status":"open","sticky":false,"template":"","format":"standard","meta":{"footnotes":""},"categories":[44],"tags":[3768,3770,3767,3769,2608],"class_list":["post-220330","post","type-post","status-publish","format-standard","has-post-thumbnail","hentry","category-national","tag-alimentation","tag-obesite","tag-pain","tag-sel","tag-tunisie"],"yoast_head":"<!-- This site is optimized with the Yoast SEO Premium plugin v27.5 (Yoast SEO v27.5) - https:\/\/yoast.com\/product\/yoast-seo-premium-wordpress\/ -->\n<title>Tunisie : Initiative pour r\u00e9duire le sel dans le pain<\/title>\n<meta name=\"description\" content=\"La pr\u00e9valence de l\u2019ob\u00e9sit\u00e9 chez les enfants de moins de cinq ans en Tunisie a atteint 17%, tandis qu\u2019un tiers des enfants \u00e2g\u00e9s de 6 \u00e0 12 ans souffrent de surpoi...\" \/>\n<link rel=\"canonical\" href=\"https:\/\/www.webdo.tn\/fr\/actualite\/national\/tunisie-initiative-pour-reduire-le-sel-dans-le-pain\/220330\/\" \/>\n<meta property=\"og:locale\" content=\"fr_FR\" \/>\n<meta property=\"og:type\" content=\"article\" \/>\n<meta property=\"og:title\" content=\"Tunisie : Initiative pour r\u00e9duire le sel dans le pain\" \/>\n<meta property=\"og:description\" content=\"La pr\u00e9valence de l\u2019ob\u00e9sit\u00e9 chez les enfants de moins de cinq ans en Tunisie a atteint 17%, tandis qu\u2019un tiers des enfants \u00e2g\u00e9s de 6 \u00e0 12 ans souffrent de surpoi...\" \/>\n<meta property=\"og:url\" content=\"https:\/\/www.webdo.tn\/fr\/actualite\/national\/tunisie-initiative-pour-reduire-le-sel-dans-le-pain\/220330\/\" \/>\n<meta property=\"og:site_name\" content=\"webdo\" \/>\n<meta property=\"article:publisher\" content=\"https:\/\/www.facebook.com\/webdotn\" \/>\n<meta property=\"article:published_time\" content=\"2025-03-05T13:51:00+00:00\" \/>\n<meta property=\"article:modified_time\" content=\"2025-05-20T21:42:15+00:00\" \/>\n<meta property=\"og:image\" content=\"https:\/\/www.webdo.tn\/fr\/wp-content\/uploads\/2025\/05\/ca8000dd504544e40f96736d89322ce4-3.webp\" \/>\n\t<meta property=\"og:image:width\" content=\"626\" \/>\n\t<meta property=\"og:image:height\" content=\"334\" \/>\n\t<meta property=\"og:image:type\" content=\"image\/webp\" \/>\n<meta name=\"author\" content=\"MC\" \/>\n<meta name=\"twitter:card\" content=\"summary_large_image\" \/>\n<meta name=\"twitter:creator\" content=\"@webdo_tn\" \/>\n<meta name=\"twitter:site\" content=\"@webdo_tn\" \/>\n<meta name=\"twitter:label1\" content=\"\u00c9crit par\" \/>\n\t<meta name=\"twitter:data1\" content=\"MC\" \/>\n\t<meta name=\"twitter:label2\" content=\"Dur\u00e9e de lecture estim\u00e9e\" \/>\n\t<meta name=\"twitter:data2\" content=\"2 minutes\" \/>\n<script type=\"application\/ld+json\" class=\"yoast-schema-graph\">{\"@context\":\"https:\\\/\\\/schema.org\",\"@graph\":[{\"@type\":\"NewsArticle\",\"@id\":\"https:\\\/\\\/www.webdo.tn\\\/fr\\\/actualite\\\/national\\\/tunisie-initiative-pour-reduire-le-sel-dans-le-pain\\\/220330\\\/#article\",\"isPartOf\":{\"@id\":\"https:\\\/\\\/www.webdo.tn\\\/fr\\\/actualite\\\/national\\\/tunisie-initiative-pour-reduire-le-sel-dans-le-pain\\\/220330\\\/\"},\"author\":{\"name\":\"MC\",\"@id\":\"https:\\\/\\\/www.webdo.tn\\\/fr\\\/#\\\/schema\\\/person\\\/2c4929cbf5a809e3bd38617c6ce150f6\"},\"headline\":\"Tunisie : Initiative pour r\u00e9duire le sel dans le pain\",\"datePublished\":\"2025-03-05T13:51:00+00:00\",\"dateModified\":\"2025-05-20T21:42:15+00:00\",\"mainEntityOfPage\":{\"@id\":\"https:\\\/\\\/www.webdo.tn\\\/fr\\\/actualite\\\/national\\\/tunisie-initiative-pour-reduire-le-sel-dans-le-pain\\\/220330\\\/\"},\"wordCount\":444,\"commentCount\":0,\"publisher\":{\"@id\":\"https:\\\/\\\/www.webdo.tn\\\/fr\\\/#organization\"},\"image\":{\"@id\":\"https:\\\/\\\/www.webdo.tn\\\/fr\\\/actualite\\\/national\\\/tunisie-initiative-pour-reduire-le-sel-dans-le-pain\\\/220330\\\/#primaryimage\"},\"thumbnailUrl\":\"https:\\\/\\\/www.webdo.tn\\\/fr\\\/wp-content\\\/uploads\\\/2025\\\/05\\\/ca8000dd504544e40f96736d89322ce4-3.webp\",\"keywords\":[\"alimentation\",\"ob\u00e9sit\u00e9\",\"pain\",\"sel\",\"Tunisie\"],\"articleSection\":[\"National\"],\"inLanguage\":\"fr-FR\"},{\"@type\":\"WebPage\",\"@id\":\"https:\\\/\\\/www.webdo.tn\\\/fr\\\/actualite\\\/national\\\/tunisie-initiative-pour-reduire-le-sel-dans-le-pain\\\/220330\\\/\",\"url\":\"https:\\\/\\\/www.webdo.tn\\\/fr\\\/actualite\\\/national\\\/tunisie-initiative-pour-reduire-le-sel-dans-le-pain\\\/220330\\\/\",\"name\":\"Tunisie : Initiative pour r\u00e9duire le sel dans le pain\",\"isPartOf\":{\"@id\":\"https:\\\/\\\/www.webdo.tn\\\/fr\\\/#website\"},\"primaryImageOfPage\":{\"@id\":\"https:\\\/\\\/www.webdo.tn\\\/fr\\\/actualite\\\/national\\\/tunisie-initiative-pour-reduire-le-sel-dans-le-pain\\\/220330\\\/#primaryimage\"},\"image\":{\"@id\":\"https:\\\/\\\/www.webdo.tn\\\/fr\\\/actualite\\\/national\\\/tunisie-initiative-pour-reduire-le-sel-dans-le-pain\\\/220330\\\/#primaryimage\"},\"thumbnailUrl\":\"https:\\\/\\\/www.webdo.tn\\\/fr\\\/wp-content\\\/uploads\\\/2025\\\/05\\\/ca8000dd504544e40f96736d89322ce4-3.webp\",\"datePublished\":\"2025-03-05T13:51:00+00:00\",\"dateModified\":\"2025-05-20T21:42:15+00:00\",\"description\":\"La pr\u00e9valence de l\u2019ob\u00e9sit\u00e9 chez les enfants de moins de cinq ans en Tunisie a atteint 17%, tandis qu\u2019un tiers des enfants \u00e2g\u00e9s de 6 \u00e0 12 ans souffrent de surpoi...\",\"breadcrumb\":{\"@id\":\"https:\\\/\\\/www.webdo.tn\\\/fr\\\/actualite\\\/national\\\/tunisie-initiative-pour-reduire-le-sel-dans-le-pain\\\/220330\\\/#breadcrumb\"},\"inLanguage\":\"fr-FR\",\"potentialAction\":[{\"@type\":\"ReadAction\",\"target\":[\"https:\\\/\\\/www.webdo.tn\\\/fr\\\/actualite\\\/national\\\/tunisie-initiative-pour-reduire-le-sel-dans-le-pain\\\/220330\\\/\"]}]},{\"@type\":\"ImageObject\",\"inLanguage\":\"fr-FR\",\"@id\":\"https:\\\/\\\/www.webdo.tn\\\/fr\\\/actualite\\\/national\\\/tunisie-initiative-pour-reduire-le-sel-dans-le-pain\\\/220330\\\/#primaryimage\",\"url\":\"https:\\\/\\\/www.webdo.tn\\\/fr\\\/wp-content\\\/uploads\\\/2025\\\/05\\\/ca8000dd504544e40f96736d89322ce4-3.webp\",\"contentUrl\":\"https:\\\/\\\/www.webdo.tn\\\/fr\\\/wp-content\\\/uploads\\\/2025\\\/05\\\/ca8000dd504544e40f96736d89322ce4-3.webp\",\"width\":626,\"height\":334},{\"@type\":\"BreadcrumbList\",\"@id\":\"https:\\\/\\\/www.webdo.tn\\\/fr\\\/actualite\\\/national\\\/tunisie-initiative-pour-reduire-le-sel-dans-le-pain\\\/220330\\\/#breadcrumb\",\"itemListElement\":[{\"@type\":\"ListItem\",\"position\":1,\"name\":\"Accueil\",\"item\":\"https:\\\/\\\/www.webdo.tn\\\/fr\\\/\"},{\"@type\":\"ListItem\",\"position\":2,\"name\":\"Tunisie : Initiative pour r\u00e9duire le sel dans le pain\"}]},{\"@type\":\"WebSite\",\"@id\":\"https:\\\/\\\/www.webdo.tn\\\/fr\\\/#website\",\"url\":\"https:\\\/\\\/www.webdo.tn\\\/fr\\\/\",\"name\":\"webdo\",\"description\":\"Tunisie - News en Tunisie et \u00e0 l&#039;international sur Webdo.tn\",\"publisher\":{\"@id\":\"https:\\\/\\\/www.webdo.tn\\\/fr\\\/#organization\"},\"potentialAction\":[{\"@type\":\"SearchAction\",\"target\":{\"@type\":\"EntryPoint\",\"urlTemplate\":\"https:\\\/\\\/www.webdo.tn\\\/fr\\\/?s={search_term_string}\"},\"query-input\":{\"@type\":\"PropertyValueSpecification\",\"valueRequired\":true,\"valueName\":\"search_term_string\"}}],\"inLanguage\":\"fr-FR\"},{\"@type\":\"Organization\",\"@id\":\"https:\\\/\\\/www.webdo.tn\\\/fr\\\/#organization\",\"name\":\"Webdo\",\"alternateName\":\"Webdo.tn\",\"url\":\"https:\\\/\\\/www.webdo.tn\\\/fr\\\/\",\"logo\":{\"@type\":\"ImageObject\",\"inLanguage\":\"fr-FR\",\"@id\":\"https:\\\/\\\/www.webdo.tn\\\/fr\\\/#\\\/schema\\\/logo\\\/image\\\/\",\"url\":\"https:\\\/\\\/www.webdo.tn\\\/fr\\\/wp-content\\\/uploads\\\/2025\\\/06\\\/Webdo-Tunisie_168377.jpg\",\"contentUrl\":\"https:\\\/\\\/www.webdo.tn\\\/fr\\\/wp-content\\\/uploads\\\/2025\\\/06\\\/Webdo-Tunisie_168377.jpg\",\"width\":301,\"height\":301,\"caption\":\"Webdo\"},\"image\":{\"@id\":\"https:\\\/\\\/www.webdo.tn\\\/fr\\\/#\\\/schema\\\/logo\\\/image\\\/\"},\"sameAs\":[\"https:\\\/\\\/www.facebook.com\\\/webdotn\",\"https:\\\/\\\/x.com\\\/webdo_tn\"],\"description\":\"Webdo est un m\u00e9dia num\u00e9rique tunisien fond\u00e9 en 2010, sp\u00e9cialis\u00e9 dans l\u2019actualit\u00e9 nationale et internationale, l\u2019\u00e9conomie, la soci\u00e9t\u00e9 et les analyses politiques. Le site s\u2019adresse \u00e0 un large public francophone et couvre l\u2019information tunisienne en temps r\u00e9el.\",\"email\":\"redac@webdo.tn\",\"legalName\":\"YNJ SARL\",\"foundingDate\":\"2010-09-06\",\"numberOfEmployees\":{\"@type\":\"QuantitativeValue\",\"minValue\":\"11\",\"maxValue\":\"50\"}},{\"@type\":\"Person\",\"@id\":\"https:\\\/\\\/www.webdo.tn\\\/fr\\\/#\\\/schema\\\/person\\\/2c4929cbf5a809e3bd38617c6ce150f6\",\"name\":\"MC\",\"image\":{\"@type\":\"ImageObject\",\"inLanguage\":\"fr-FR\",\"@id\":\"https:\\\/\\\/secure.gravatar.com\\\/avatar\\\/a545bbb6f84efdd5553dbbc2895e3ca8f1d12c5215e00a041c9670b54aa9b18a?s=96&d=mm&r=g\",\"url\":\"https:\\\/\\\/secure.gravatar.com\\\/avatar\\\/a545bbb6f84efdd5553dbbc2895e3ca8f1d12c5215e00a041c9670b54aa9b18a?s=96&d=mm&r=g\",\"contentUrl\":\"https:\\\/\\\/secure.gravatar.com\\\/avatar\\\/a545bbb6f84efdd5553dbbc2895e3ca8f1d12c5215e00a041c9670b54aa9b18a?s=96&d=mm&r=g\",\"caption\":\"MC\"},\"url\":\"https:\\\/\\\/www.webdo.tn\\\/fr\\\/actualite\\\/author\\\/mc\\\/\"}]}<\/script>\n<!-- \/ Yoast SEO Premium plugin. -->","yoast_head_json":{"title":"Tunisie : Initiative pour r\u00e9duire le sel dans le pain","description":"La pr\u00e9valence de l\u2019ob\u00e9sit\u00e9 chez les enfants de moins de cinq ans en Tunisie a atteint 17%, tandis qu\u2019un tiers des enfants \u00e2g\u00e9s de 6 \u00e0 12 ans souffrent de surpoi...","canonical":"https:\/\/www.webdo.tn\/fr\/actualite\/national\/tunisie-initiative-pour-reduire-le-sel-dans-le-pain\/220330\/","og_locale":"fr_FR","og_type":"article","og_title":"Tunisie : Initiative pour r\u00e9duire le sel dans le pain","og_description":"La pr\u00e9valence de l\u2019ob\u00e9sit\u00e9 chez les enfants de moins de cinq ans en Tunisie a atteint 17%, tandis qu\u2019un tiers des enfants \u00e2g\u00e9s de 6 \u00e0 12 ans souffrent de surpoi...","og_url":"https:\/\/www.webdo.tn\/fr\/actualite\/national\/tunisie-initiative-pour-reduire-le-sel-dans-le-pain\/220330\/","og_site_name":"webdo","article_publisher":"https:\/\/www.facebook.com\/webdotn","article_published_time":"2025-03-05T13:51:00+00:00","article_modified_time":"2025-05-20T21:42:15+00:00","og_image":[{"width":626,"height":334,"url":"https:\/\/www.webdo.tn\/fr\/wp-content\/uploads\/2025\/05\/ca8000dd504544e40f96736d89322ce4-3.webp","type":"image\/webp"}],"author":"MC","twitter_card":"summary_large_image","twitter_creator":"@webdo_tn","twitter_site":"@webdo_tn","twitter_misc":{"\u00c9crit par":"MC","Dur\u00e9e de lecture estim\u00e9e":"2 minutes"},"schema":{"@context":"https:\/\/schema.org","@graph":[{"@type":"NewsArticle","@id":"https:\/\/www.webdo.tn\/fr\/actualite\/national\/tunisie-initiative-pour-reduire-le-sel-dans-le-pain\/220330\/#article","isPartOf":{"@id":"https:\/\/www.webdo.tn\/fr\/actualite\/national\/tunisie-initiative-pour-reduire-le-sel-dans-le-pain\/220330\/"},"author":{"name":"MC","@id":"https:\/\/www.webdo.tn\/fr\/#\/schema\/person\/2c4929cbf5a809e3bd38617c6ce150f6"},"headline":"Tunisie : Initiative pour r\u00e9duire le sel dans le pain","datePublished":"2025-03-05T13:51:00+00:00","dateModified":"2025-05-20T21:42:15+00:00","mainEntityOfPage":{"@id":"https:\/\/www.webdo.tn\/fr\/actualite\/national\/tunisie-initiative-pour-reduire-le-sel-dans-le-pain\/220330\/"},"wordCount":444,"commentCount":0,"publisher":{"@id":"https:\/\/www.webdo.tn\/fr\/#organization"},"image":{"@id":"https:\/\/www.webdo.tn\/fr\/actualite\/national\/tunisie-initiative-pour-reduire-le-sel-dans-le-pain\/220330\/#primaryimage"},"thumbnailUrl":"https:\/\/www.webdo.tn\/fr\/wp-content\/uploads\/2025\/05\/ca8000dd504544e40f96736d89322ce4-3.webp","keywords":["alimentation","ob\u00e9sit\u00e9","pain","sel","Tunisie"],"articleSection":["National"],"inLanguage":"fr-FR"},{"@type":"WebPage","@id":"https:\/\/www.webdo.tn\/fr\/actualite\/national\/tunisie-initiative-pour-reduire-le-sel-dans-le-pain\/220330\/","url":"https:\/\/www.webdo.tn\/fr\/actualite\/national\/tunisie-initiative-pour-reduire-le-sel-dans-le-pain\/220330\/","name":"Tunisie : Initiative pour r\u00e9duire le sel dans le pain","isPartOf":{"@id":"https:\/\/www.webdo.tn\/fr\/#website"},"primaryImageOfPage":{"@id":"https:\/\/www.webdo.tn\/fr\/actualite\/national\/tunisie-initiative-pour-reduire-le-sel-dans-le-pain\/220330\/#primaryimage"},"image":{"@id":"https:\/\/www.webdo.tn\/fr\/actualite\/national\/tunisie-initiative-pour-reduire-le-sel-dans-le-pain\/220330\/#primaryimage"},"thumbnailUrl":"https:\/\/www.webdo.tn\/fr\/wp-content\/uploads\/2025\/05\/ca8000dd504544e40f96736d89322ce4-3.webp","datePublished":"2025-03-05T13:51:00+00:00","dateModified":"2025-05-20T21:42:15+00:00","description":"La pr\u00e9valence de l\u2019ob\u00e9sit\u00e9 chez les enfants de moins de cinq ans en Tunisie a atteint 17%, tandis qu\u2019un tiers des enfants \u00e2g\u00e9s de 6 \u00e0 12 ans souffrent de surpoi...","breadcrumb":{"@id":"https:\/\/www.webdo.tn\/fr\/actualite\/national\/tunisie-initiative-pour-reduire-le-sel-dans-le-pain\/220330\/#breadcrumb"},"inLanguage":"fr-FR","potentialAction":[{"@type":"ReadAction","target":["https:\/\/www.webdo.tn\/fr\/actualite\/national\/tunisie-initiative-pour-reduire-le-sel-dans-le-pain\/220330\/"]}]},{"@type":"ImageObject","inLanguage":"fr-FR","@id":"https:\/\/www.webdo.tn\/fr\/actualite\/national\/tunisie-initiative-pour-reduire-le-sel-dans-le-pain\/220330\/#primaryimage","url":"https:\/\/www.webdo.tn\/fr\/wp-content\/uploads\/2025\/05\/ca8000dd504544e40f96736d89322ce4-3.webp","contentUrl":"https:\/\/www.webdo.tn\/fr\/wp-content\/uploads\/2025\/05\/ca8000dd504544e40f96736d89322ce4-3.webp","width":626,"height":334},{"@type":"BreadcrumbList","@id":"https:\/\/www.webdo.tn\/fr\/actualite\/national\/tunisie-initiative-pour-reduire-le-sel-dans-le-pain\/220330\/#breadcrumb","itemListElement":[{"@type":"ListItem","position":1,"name":"Accueil","item":"https:\/\/www.webdo.tn\/fr\/"},{"@type":"ListItem","position":2,"name":"Tunisie : Initiative pour r\u00e9duire le sel dans le pain"}]},{"@type":"WebSite","@id":"https:\/\/www.webdo.tn\/fr\/#website","url":"https:\/\/www.webdo.tn\/fr\/","name":"webdo","description":"Tunisie - News en Tunisie et \u00e0 l&#039;international sur Webdo.tn","publisher":{"@id":"https:\/\/www.webdo.tn\/fr\/#organization"},"potentialAction":[{"@type":"SearchAction","target":{"@type":"EntryPoint","urlTemplate":"https:\/\/www.webdo.tn\/fr\/?s={search_term_string}"},"query-input":{"@type":"PropertyValueSpecification","valueRequired":true,"valueName":"search_term_string"}}],"inLanguage":"fr-FR"},{"@type":"Organization","@id":"https:\/\/www.webdo.tn\/fr\/#organization","name":"Webdo","alternateName":"Webdo.tn","url":"https:\/\/www.webdo.tn\/fr\/","logo":{"@type":"ImageObject","inLanguage":"fr-FR","@id":"https:\/\/www.webdo.tn\/fr\/#\/schema\/logo\/image\/","url":"https:\/\/www.webdo.tn\/fr\/wp-content\/uploads\/2025\/06\/Webdo-Tunisie_168377.jpg","contentUrl":"https:\/\/www.webdo.tn\/fr\/wp-content\/uploads\/2025\/06\/Webdo-Tunisie_168377.jpg","width":301,"height":301,"caption":"Webdo"},"image":{"@id":"https:\/\/www.webdo.tn\/fr\/#\/schema\/logo\/image\/"},"sameAs":["https:\/\/www.facebook.com\/webdotn","https:\/\/x.com\/webdo_tn"],"description":"Webdo est un m\u00e9dia num\u00e9rique tunisien fond\u00e9 en 2010, sp\u00e9cialis\u00e9 dans l\u2019actualit\u00e9 nationale et internationale, l\u2019\u00e9conomie, la soci\u00e9t\u00e9 et les analyses politiques. Le site s\u2019adresse \u00e0 un large public francophone et couvre l\u2019information tunisienne en temps r\u00e9el.","email":"redac@webdo.tn","legalName":"YNJ SARL","foundingDate":"2010-09-06","numberOfEmployees":{"@type":"QuantitativeValue","minValue":"11","maxValue":"50"}},{"@type":"Person","@id":"https:\/\/www.webdo.tn\/fr\/#\/schema\/person\/2c4929cbf5a809e3bd38617c6ce150f6","name":"MC","image":{"@type":"ImageObject","inLanguage":"fr-FR","@id":"https:\/\/secure.gravatar.com\/avatar\/a545bbb6f84efdd5553dbbc2895e3ca8f1d12c5215e00a041c9670b54aa9b18a?s=96&d=mm&r=g","url":"https:\/\/secure.gravatar.com\/avatar\/a545bbb6f84efdd5553dbbc2895e3ca8f1d12c5215e00a041c9670b54aa9b18a?s=96&d=mm&r=g","contentUrl":"https:\/\/secure.gravatar.com\/avatar\/a545bbb6f84efdd5553dbbc2895e3ca8f1d12c5215e00a041c9670b54aa9b18a?s=96&d=mm&r=g","caption":"MC"},"url":"https:\/\/www.webdo.tn\/fr\/actualite\/author\/mc\/"}]}},"_links":{"self":[{"href":"https:\/\/www.webdo.tn\/fr\/wp-json\/wp\/v2\/posts\/220330","targetHints":{"allow":["GET"]}}],"collection":[{"href":"https:\/\/www.webdo.tn\/fr\/wp-json\/wp\/v2\/posts"}],"about":[{"href":"https:\/\/www.webdo.tn\/fr\/wp-json\/wp\/v2\/types\/post"}],"author":[{"embeddable":true,"href":"https:\/\/www.webdo.tn\/fr\/wp-json\/wp\/v2\/users\/3162"}],"replies":[{"embeddable":true,"href":"https:\/\/www.webdo.tn\/fr\/wp-json\/wp\/v2\/comments?post=220330"}],"version-history":[{"count":0,"href":"https:\/\/www.webdo.tn\/fr\/wp-json\/wp\/v2\/posts\/220330\/revisions"}],"wp:featuredmedia":[{"embeddable":true,"href":"https:\/\/www.webdo.tn\/fr\/wp-json\/wp\/v2\/media\/241838"}],"wp:attachment":[{"href":"https:\/\/www.webdo.tn\/fr\/wp-json\/wp\/v2\/media?parent=220330"}],"wp:term":[{"taxonomy":"category","embeddable":true,"href":"https:\/\/www.webdo.tn\/fr\/wp-json\/wp\/v2\/categories?post=220330"},{"taxonomy":"post_tag","embeddable":true,"href":"https:\/\/www.webdo.tn\/fr\/wp-json\/wp\/v2\/tags?post=220330"}],"curies":[{"name":"wp","href":"https:\/\/api.w.org\/{rel}","templated":true}]}}