{"id":220329,"date":"2025-03-05T13:20:00","date_gmt":"2025-03-05T13:20:00","guid":{"rendered":"https:\/\/www.webdo.tn\/fr\/blog\/2025\/03\/05\/tunisie-bientot-un-decret-pour-reguler-l-achat-et-la-vente-de-l-energie-extraite-des-dechets\/"},"modified":"2025-05-20T21:42:14","modified_gmt":"2025-05-20T21:42:14","slug":"tunisie-bientot-un-decret-pour-reguler-l-achat-et-la-vente-de-l-energie-extraite-des-dechets","status":"publish","type":"post","link":"https:\/\/www.webdo.tn\/fr\/actualite\/national\/tunisie-bientot-un-decret-pour-reguler-l-achat-et-la-vente-de-l-energie-extraite-des-dechets\/220329\/","title":{"rendered":"Tunisie : Bient\u00f4t, un d\u00e9cret pour r\u00e9guler l&rsquo;achat et la vente de l&rsquo;\u00e9nergie extraite des d\u00e9chets"},"content":{"rendered":"<p>L\u2019Assembl\u00e9e des repr\u00e9sentants du peuple (ARP) tient, aujourd\u2019hui, une s\u00e9ance pl\u00e9ni\u00e8re consacr\u00e9e \u00e0 l\u2019environnement en pr\u00e9sence du ministre de l\u2019Environnement.<\/p>\n<p>Le ministre de l&rsquo;Environnement, Habib Abid, a indiqu\u00e9 lors d&rsquo;une pr\u00e9sentation au Parlement, suite \u00e0 des questions orales pos\u00e9es par les d\u00e9put\u00e9s, ce mercredi 5 mars 2025, qu&rsquo;un d\u00e9cret sera bient\u00f4t publi\u00e9 pour organiser la vente et l&rsquo;achat de l&rsquo;\u00e9nergie extraite des d\u00e9chets, qu&rsquo;il s&rsquo;agisse d&rsquo;\u00e9lectricit\u00e9 ou de gaz.<\/p>\n<p>Il a ajout\u00e9 que le tarif de cette \u00e9nergie sera plus \u00e9lev\u00e9 que celui appliqu\u00e9 par la Soci\u00e9t\u00e9 tunisienne de l&rsquo;\u00e9lectricit\u00e9 et du gaz (STEG).<\/p>\n","protected":false},"excerpt":{"rendered":"<p>L\u2019Assembl\u00e9e des repr\u00e9sentants du peuple (ARP) tient, aujourd\u2019hui, une s\u00e9ance pl\u00e9ni\u00e8re consacr\u00e9e \u00e0 l\u2019environnement en pr\u00e9sence du ministre de l\u2019Environnement.<\/p>\n","protected":false},"author":3162,"featured_media":241836,"comment_status":"open","ping_status":"open","sticky":false,"template":"","format":"standard","meta":{"footnotes":""},"categories":[44],"tags":[3282,3766,3765,3763,2882,3764,2608],"class_list":["post-220329","post","type-post","status-publish","format-standard","has-post-thumbnail","hentry","category-national","tag-dechets","tag-decret","tag-electricite","tag-energie","tag-environnement","tag-gaz","tag-tunisie"],"yoast_head":"<!-- This site is optimized with the Yoast SEO Premium plugin v27.4 (Yoast SEO v27.5) - https:\/\/yoast.com\/product\/yoast-seo-premium-wordpress\/ -->\n<title>Tunisie : Bient\u00f4t, un d\u00e9cret pour r\u00e9guler l&#039;achat et la vente de l&#039;\u00e9nergie extraite des d\u00e9chets<\/title>\n<meta name=\"description\" content=\"L\u2019Assembl\u00e9e des repr\u00e9sentants du peuple (ARP) tient, aujourd\u2019hui, une s\u00e9ance pl\u00e9ni\u00e8re consacr\u00e9e \u00e0 l\u2019environnement en pr\u00e9sence du ministre de l\u2019Environnement.\" \/>\n<link rel=\"canonical\" href=\"https:\/\/www.webdo.tn\/fr\/actualite\/national\/tunisie-bientot-un-decret-pour-reguler-l-achat-et-la-vente-de-l-energie-extraite-des-dechets\/220329\/\" \/>\n<meta property=\"og:locale\" content=\"fr_FR\" \/>\n<meta property=\"og:type\" content=\"article\" \/>\n<meta property=\"og:title\" content=\"Tunisie : Bient\u00f4t, un d\u00e9cret pour r\u00e9guler l&#039;achat et la vente de l&#039;\u00e9nergie extraite des d\u00e9chets\" \/>\n<meta property=\"og:description\" content=\"L\u2019Assembl\u00e9e des repr\u00e9sentants du peuple (ARP) tient, aujourd\u2019hui, une s\u00e9ance pl\u00e9ni\u00e8re consacr\u00e9e \u00e0 l\u2019environnement en pr\u00e9sence du ministre de l\u2019Environnement.\" \/>\n<meta property=\"og:url\" content=\"https:\/\/www.webdo.tn\/fr\/actualite\/national\/tunisie-bientot-un-decret-pour-reguler-l-achat-et-la-vente-de-l-energie-extraite-des-dechets\/220329\/\" \/>\n<meta property=\"og:site_name\" content=\"webdo\" \/>\n<meta property=\"article:publisher\" content=\"https:\/\/www.facebook.com\/webdotn\" \/>\n<meta property=\"article:published_time\" content=\"2025-03-05T13:20:00+00:00\" \/>\n<meta property=\"article:modified_time\" content=\"2025-05-20T21:42:14+00:00\" \/>\n<meta property=\"og:image\" content=\"https:\/\/www.webdo.tn\/fr\/wp-content\/uploads\/2025\/05\/3608afab82b7fab675d78444f5af37b1-3.webp\" \/>\n\t<meta property=\"og:image:width\" content=\"750\" \/>\n\t<meta property=\"og:image:height\" content=\"400\" \/>\n\t<meta property=\"og:image:type\" content=\"image\/webp\" \/>\n<meta name=\"author\" content=\"MC\" \/>\n<meta name=\"twitter:card\" content=\"summary_large_image\" \/>\n<meta name=\"twitter:creator\" content=\"@webdo_tn\" \/>\n<meta name=\"twitter:site\" content=\"@webdo_tn\" \/>\n<meta name=\"twitter:label1\" content=\"\u00c9crit par\" \/>\n\t<meta name=\"twitter:data1\" content=\"MC\" \/>\n\t<meta name=\"twitter:label2\" content=\"Dur\u00e9e de lecture estim\u00e9e\" \/>\n\t<meta name=\"twitter:data2\" content=\"1 minute\" \/>\n<script type=\"application\/ld+json\" class=\"yoast-schema-graph\">{\"@context\":\"https:\\\/\\\/schema.org\",\"@graph\":[{\"@type\":\"NewsArticle\",\"@id\":\"https:\\\/\\\/www.webdo.tn\\\/fr\\\/actualite\\\/national\\\/tunisie-bientot-un-decret-pour-reguler-l-achat-et-la-vente-de-l-energie-extraite-des-dechets\\\/220329\\\/#article\",\"isPartOf\":{\"@id\":\"https:\\\/\\\/www.webdo.tn\\\/fr\\\/actualite\\\/national\\\/tunisie-bientot-un-decret-pour-reguler-l-achat-et-la-vente-de-l-energie-extraite-des-dechets\\\/220329\\\/\"},\"author\":{\"name\":\"MC\",\"@id\":\"https:\\\/\\\/www.webdo.tn\\\/fr\\\/#\\\/schema\\\/person\\\/2c4929cbf5a809e3bd38617c6ce150f6\"},\"headline\":\"Tunisie : Bient\u00f4t, un d\u00e9cret pour r\u00e9guler l&rsquo;achat et la vente de l&rsquo;\u00e9nergie extraite des d\u00e9chets\",\"datePublished\":\"2025-03-05T13:20:00+00:00\",\"dateModified\":\"2025-05-20T21:42:14+00:00\",\"mainEntityOfPage\":{\"@id\":\"https:\\\/\\\/www.webdo.tn\\\/fr\\\/actualite\\\/national\\\/tunisie-bientot-un-decret-pour-reguler-l-achat-et-la-vente-de-l-energie-extraite-des-dechets\\\/220329\\\/\"},\"wordCount\":139,\"commentCount\":0,\"publisher\":{\"@id\":\"https:\\\/\\\/www.webdo.tn\\\/fr\\\/#organization\"},\"image\":{\"@id\":\"https:\\\/\\\/www.webdo.tn\\\/fr\\\/actualite\\\/national\\\/tunisie-bientot-un-decret-pour-reguler-l-achat-et-la-vente-de-l-energie-extraite-des-dechets\\\/220329\\\/#primaryimage\"},\"thumbnailUrl\":\"https:\\\/\\\/www.webdo.tn\\\/fr\\\/wp-content\\\/uploads\\\/2025\\\/05\\\/3608afab82b7fab675d78444f5af37b1-3.webp\",\"keywords\":[\"d\u00e9chets\",\"D\u00e9cret\",\"\u00e9lectricit\u00e9\",\"\u00e9nergie\",\"environnement\",\"Gaz\",\"Tunisie\"],\"articleSection\":[\"National\"],\"inLanguage\":\"fr-FR\"},{\"@type\":\"WebPage\",\"@id\":\"https:\\\/\\\/www.webdo.tn\\\/fr\\\/actualite\\\/national\\\/tunisie-bientot-un-decret-pour-reguler-l-achat-et-la-vente-de-l-energie-extraite-des-dechets\\\/220329\\\/\",\"url\":\"https:\\\/\\\/www.webdo.tn\\\/fr\\\/actualite\\\/national\\\/tunisie-bientot-un-decret-pour-reguler-l-achat-et-la-vente-de-l-energie-extraite-des-dechets\\\/220329\\\/\",\"name\":\"Tunisie : Bient\u00f4t, un d\u00e9cret pour r\u00e9guler l'achat et la vente de l'\u00e9nergie extraite des d\u00e9chets\",\"isPartOf\":{\"@id\":\"https:\\\/\\\/www.webdo.tn\\\/fr\\\/#website\"},\"primaryImageOfPage\":{\"@id\":\"https:\\\/\\\/www.webdo.tn\\\/fr\\\/actualite\\\/national\\\/tunisie-bientot-un-decret-pour-reguler-l-achat-et-la-vente-de-l-energie-extraite-des-dechets\\\/220329\\\/#primaryimage\"},\"image\":{\"@id\":\"https:\\\/\\\/www.webdo.tn\\\/fr\\\/actualite\\\/national\\\/tunisie-bientot-un-decret-pour-reguler-l-achat-et-la-vente-de-l-energie-extraite-des-dechets\\\/220329\\\/#primaryimage\"},\"thumbnailUrl\":\"https:\\\/\\\/www.webdo.tn\\\/fr\\\/wp-content\\\/uploads\\\/2025\\\/05\\\/3608afab82b7fab675d78444f5af37b1-3.webp\",\"datePublished\":\"2025-03-05T13:20:00+00:00\",\"dateModified\":\"2025-05-20T21:42:14+00:00\",\"description\":\"L\u2019Assembl\u00e9e des repr\u00e9sentants du peuple (ARP) tient, aujourd\u2019hui, une s\u00e9ance pl\u00e9ni\u00e8re consacr\u00e9e \u00e0 l\u2019environnement en pr\u00e9sence du ministre de l\u2019Environnement.\",\"breadcrumb\":{\"@id\":\"https:\\\/\\\/www.webdo.tn\\\/fr\\\/actualite\\\/national\\\/tunisie-bientot-un-decret-pour-reguler-l-achat-et-la-vente-de-l-energie-extraite-des-dechets\\\/220329\\\/#breadcrumb\"},\"inLanguage\":\"fr-FR\",\"potentialAction\":[{\"@type\":\"ReadAction\",\"target\":[\"https:\\\/\\\/www.webdo.tn\\\/fr\\\/actualite\\\/national\\\/tunisie-bientot-un-decret-pour-reguler-l-achat-et-la-vente-de-l-energie-extraite-des-dechets\\\/220329\\\/\"]}]},{\"@type\":\"ImageObject\",\"inLanguage\":\"fr-FR\",\"@id\":\"https:\\\/\\\/www.webdo.tn\\\/fr\\\/actualite\\\/national\\\/tunisie-bientot-un-decret-pour-reguler-l-achat-et-la-vente-de-l-energie-extraite-des-dechets\\\/220329\\\/#primaryimage\",\"url\":\"https:\\\/\\\/www.webdo.tn\\\/fr\\\/wp-content\\\/uploads\\\/2025\\\/05\\\/3608afab82b7fab675d78444f5af37b1-3.webp\",\"contentUrl\":\"https:\\\/\\\/www.webdo.tn\\\/fr\\\/wp-content\\\/uploads\\\/2025\\\/05\\\/3608afab82b7fab675d78444f5af37b1-3.webp\",\"width\":750,\"height\":400},{\"@type\":\"BreadcrumbList\",\"@id\":\"https:\\\/\\\/www.webdo.tn\\\/fr\\\/actualite\\\/national\\\/tunisie-bientot-un-decret-pour-reguler-l-achat-et-la-vente-de-l-energie-extraite-des-dechets\\\/220329\\\/#breadcrumb\",\"itemListElement\":[{\"@type\":\"ListItem\",\"position\":1,\"name\":\"Accueil\",\"item\":\"https:\\\/\\\/www.webdo.tn\\\/fr\\\/\"},{\"@type\":\"ListItem\",\"position\":2,\"name\":\"Tunisie : Bient\u00f4t, un d\u00e9cret pour r\u00e9guler l&#8217;achat et la vente de l&#8217;\u00e9nergie extraite des d\u00e9chets\"}]},{\"@type\":\"WebSite\",\"@id\":\"https:\\\/\\\/www.webdo.tn\\\/fr\\\/#website\",\"url\":\"https:\\\/\\\/www.webdo.tn\\\/fr\\\/\",\"name\":\"webdo\",\"description\":\"Tunisie - News en Tunisie et \u00e0 l&#039;international sur Webdo.tn\",\"publisher\":{\"@id\":\"https:\\\/\\\/www.webdo.tn\\\/fr\\\/#organization\"},\"potentialAction\":[{\"@type\":\"SearchAction\",\"target\":{\"@type\":\"EntryPoint\",\"urlTemplate\":\"https:\\\/\\\/www.webdo.tn\\\/fr\\\/?s={search_term_string}\"},\"query-input\":{\"@type\":\"PropertyValueSpecification\",\"valueRequired\":true,\"valueName\":\"search_term_string\"}}],\"inLanguage\":\"fr-FR\"},{\"@type\":\"Organization\",\"@id\":\"https:\\\/\\\/www.webdo.tn\\\/fr\\\/#organization\",\"name\":\"Webdo\",\"alternateName\":\"Webdo.tn\",\"url\":\"https:\\\/\\\/www.webdo.tn\\\/fr\\\/\",\"logo\":{\"@type\":\"ImageObject\",\"inLanguage\":\"fr-FR\",\"@id\":\"https:\\\/\\\/www.webdo.tn\\\/fr\\\/#\\\/schema\\\/logo\\\/image\\\/\",\"url\":\"https:\\\/\\\/www.webdo.tn\\\/fr\\\/wp-content\\\/uploads\\\/2025\\\/06\\\/Webdo-Tunisie_168377.jpg\",\"contentUrl\":\"https:\\\/\\\/www.webdo.tn\\\/fr\\\/wp-content\\\/uploads\\\/2025\\\/06\\\/Webdo-Tunisie_168377.jpg\",\"width\":301,\"height\":301,\"caption\":\"Webdo\"},\"image\":{\"@id\":\"https:\\\/\\\/www.webdo.tn\\\/fr\\\/#\\\/schema\\\/logo\\\/image\\\/\"},\"sameAs\":[\"https:\\\/\\\/www.facebook.com\\\/webdotn\",\"https:\\\/\\\/x.com\\\/webdo_tn\"],\"description\":\"Webdo est un m\u00e9dia num\u00e9rique tunisien fond\u00e9 en 2010, sp\u00e9cialis\u00e9 dans l\u2019actualit\u00e9 nationale et internationale, l\u2019\u00e9conomie, la soci\u00e9t\u00e9 et les analyses politiques. Le site s\u2019adresse \u00e0 un large public francophone et couvre l\u2019information tunisienne en temps r\u00e9el.\",\"email\":\"redac@webdo.tn\",\"legalName\":\"YNJ SARL\",\"foundingDate\":\"2010-09-06\",\"numberOfEmployees\":{\"@type\":\"QuantitativeValue\",\"minValue\":\"11\",\"maxValue\":\"50\"}},{\"@type\":\"Person\",\"@id\":\"https:\\\/\\\/www.webdo.tn\\\/fr\\\/#\\\/schema\\\/person\\\/2c4929cbf5a809e3bd38617c6ce150f6\",\"name\":\"MC\",\"image\":{\"@type\":\"ImageObject\",\"inLanguage\":\"fr-FR\",\"@id\":\"https:\\\/\\\/secure.gravatar.com\\\/avatar\\\/a545bbb6f84efdd5553dbbc2895e3ca8f1d12c5215e00a041c9670b54aa9b18a?s=96&d=mm&r=g\",\"url\":\"https:\\\/\\\/secure.gravatar.com\\\/avatar\\\/a545bbb6f84efdd5553dbbc2895e3ca8f1d12c5215e00a041c9670b54aa9b18a?s=96&d=mm&r=g\",\"contentUrl\":\"https:\\\/\\\/secure.gravatar.com\\\/avatar\\\/a545bbb6f84efdd5553dbbc2895e3ca8f1d12c5215e00a041c9670b54aa9b18a?s=96&d=mm&r=g\",\"caption\":\"MC\"},\"url\":\"https:\\\/\\\/www.webdo.tn\\\/fr\\\/actualite\\\/author\\\/mc\\\/\"}]}<\/script>\n<!-- \/ Yoast SEO Premium plugin. -->","yoast_head_json":{"title":"Tunisie : Bient\u00f4t, un d\u00e9cret pour r\u00e9guler l'achat et la vente de l'\u00e9nergie extraite des d\u00e9chets","description":"L\u2019Assembl\u00e9e des repr\u00e9sentants du peuple (ARP) tient, aujourd\u2019hui, une s\u00e9ance pl\u00e9ni\u00e8re consacr\u00e9e \u00e0 l\u2019environnement en pr\u00e9sence du ministre de l\u2019Environnement.","canonical":"https:\/\/www.webdo.tn\/fr\/actualite\/national\/tunisie-bientot-un-decret-pour-reguler-l-achat-et-la-vente-de-l-energie-extraite-des-dechets\/220329\/","og_locale":"fr_FR","og_type":"article","og_title":"Tunisie : Bient\u00f4t, un d\u00e9cret pour r\u00e9guler l'achat et la vente de l'\u00e9nergie extraite des d\u00e9chets","og_description":"L\u2019Assembl\u00e9e des repr\u00e9sentants du peuple (ARP) tient, aujourd\u2019hui, une s\u00e9ance pl\u00e9ni\u00e8re consacr\u00e9e \u00e0 l\u2019environnement en pr\u00e9sence du ministre de l\u2019Environnement.","og_url":"https:\/\/www.webdo.tn\/fr\/actualite\/national\/tunisie-bientot-un-decret-pour-reguler-l-achat-et-la-vente-de-l-energie-extraite-des-dechets\/220329\/","og_site_name":"webdo","article_publisher":"https:\/\/www.facebook.com\/webdotn","article_published_time":"2025-03-05T13:20:00+00:00","article_modified_time":"2025-05-20T21:42:14+00:00","og_image":[{"width":750,"height":400,"url":"https:\/\/www.webdo.tn\/fr\/wp-content\/uploads\/2025\/05\/3608afab82b7fab675d78444f5af37b1-3.webp","type":"image\/webp"}],"author":"MC","twitter_card":"summary_large_image","twitter_creator":"@webdo_tn","twitter_site":"@webdo_tn","twitter_misc":{"\u00c9crit par":"MC","Dur\u00e9e de lecture estim\u00e9e":"1 minute"},"schema":{"@context":"https:\/\/schema.org","@graph":[{"@type":"NewsArticle","@id":"https:\/\/www.webdo.tn\/fr\/actualite\/national\/tunisie-bientot-un-decret-pour-reguler-l-achat-et-la-vente-de-l-energie-extraite-des-dechets\/220329\/#article","isPartOf":{"@id":"https:\/\/www.webdo.tn\/fr\/actualite\/national\/tunisie-bientot-un-decret-pour-reguler-l-achat-et-la-vente-de-l-energie-extraite-des-dechets\/220329\/"},"author":{"name":"MC","@id":"https:\/\/www.webdo.tn\/fr\/#\/schema\/person\/2c4929cbf5a809e3bd38617c6ce150f6"},"headline":"Tunisie : Bient\u00f4t, un d\u00e9cret pour r\u00e9guler l&rsquo;achat et la vente de l&rsquo;\u00e9nergie extraite des d\u00e9chets","datePublished":"2025-03-05T13:20:00+00:00","dateModified":"2025-05-20T21:42:14+00:00","mainEntityOfPage":{"@id":"https:\/\/www.webdo.tn\/fr\/actualite\/national\/tunisie-bientot-un-decret-pour-reguler-l-achat-et-la-vente-de-l-energie-extraite-des-dechets\/220329\/"},"wordCount":139,"commentCount":0,"publisher":{"@id":"https:\/\/www.webdo.tn\/fr\/#organization"},"image":{"@id":"https:\/\/www.webdo.tn\/fr\/actualite\/national\/tunisie-bientot-un-decret-pour-reguler-l-achat-et-la-vente-de-l-energie-extraite-des-dechets\/220329\/#primaryimage"},"thumbnailUrl":"https:\/\/www.webdo.tn\/fr\/wp-content\/uploads\/2025\/05\/3608afab82b7fab675d78444f5af37b1-3.webp","keywords":["d\u00e9chets","D\u00e9cret","\u00e9lectricit\u00e9","\u00e9nergie","environnement","Gaz","Tunisie"],"articleSection":["National"],"inLanguage":"fr-FR"},{"@type":"WebPage","@id":"https:\/\/www.webdo.tn\/fr\/actualite\/national\/tunisie-bientot-un-decret-pour-reguler-l-achat-et-la-vente-de-l-energie-extraite-des-dechets\/220329\/","url":"https:\/\/www.webdo.tn\/fr\/actualite\/national\/tunisie-bientot-un-decret-pour-reguler-l-achat-et-la-vente-de-l-energie-extraite-des-dechets\/220329\/","name":"Tunisie : Bient\u00f4t, un d\u00e9cret pour r\u00e9guler l'achat et la vente de l'\u00e9nergie extraite des d\u00e9chets","isPartOf":{"@id":"https:\/\/www.webdo.tn\/fr\/#website"},"primaryImageOfPage":{"@id":"https:\/\/www.webdo.tn\/fr\/actualite\/national\/tunisie-bientot-un-decret-pour-reguler-l-achat-et-la-vente-de-l-energie-extraite-des-dechets\/220329\/#primaryimage"},"image":{"@id":"https:\/\/www.webdo.tn\/fr\/actualite\/national\/tunisie-bientot-un-decret-pour-reguler-l-achat-et-la-vente-de-l-energie-extraite-des-dechets\/220329\/#primaryimage"},"thumbnailUrl":"https:\/\/www.webdo.tn\/fr\/wp-content\/uploads\/2025\/05\/3608afab82b7fab675d78444f5af37b1-3.webp","datePublished":"2025-03-05T13:20:00+00:00","dateModified":"2025-05-20T21:42:14+00:00","description":"L\u2019Assembl\u00e9e des repr\u00e9sentants du peuple (ARP) tient, aujourd\u2019hui, une s\u00e9ance pl\u00e9ni\u00e8re consacr\u00e9e \u00e0 l\u2019environnement en pr\u00e9sence du ministre de l\u2019Environnement.","breadcrumb":{"@id":"https:\/\/www.webdo.tn\/fr\/actualite\/national\/tunisie-bientot-un-decret-pour-reguler-l-achat-et-la-vente-de-l-energie-extraite-des-dechets\/220329\/#breadcrumb"},"inLanguage":"fr-FR","potentialAction":[{"@type":"ReadAction","target":["https:\/\/www.webdo.tn\/fr\/actualite\/national\/tunisie-bientot-un-decret-pour-reguler-l-achat-et-la-vente-de-l-energie-extraite-des-dechets\/220329\/"]}]},{"@type":"ImageObject","inLanguage":"fr-FR","@id":"https:\/\/www.webdo.tn\/fr\/actualite\/national\/tunisie-bientot-un-decret-pour-reguler-l-achat-et-la-vente-de-l-energie-extraite-des-dechets\/220329\/#primaryimage","url":"https:\/\/www.webdo.tn\/fr\/wp-content\/uploads\/2025\/05\/3608afab82b7fab675d78444f5af37b1-3.webp","contentUrl":"https:\/\/www.webdo.tn\/fr\/wp-content\/uploads\/2025\/05\/3608afab82b7fab675d78444f5af37b1-3.webp","width":750,"height":400},{"@type":"BreadcrumbList","@id":"https:\/\/www.webdo.tn\/fr\/actualite\/national\/tunisie-bientot-un-decret-pour-reguler-l-achat-et-la-vente-de-l-energie-extraite-des-dechets\/220329\/#breadcrumb","itemListElement":[{"@type":"ListItem","position":1,"name":"Accueil","item":"https:\/\/www.webdo.tn\/fr\/"},{"@type":"ListItem","position":2,"name":"Tunisie : Bient\u00f4t, un d\u00e9cret pour r\u00e9guler l&#8217;achat et la vente de l&#8217;\u00e9nergie extraite des d\u00e9chets"}]},{"@type":"WebSite","@id":"https:\/\/www.webdo.tn\/fr\/#website","url":"https:\/\/www.webdo.tn\/fr\/","name":"webdo","description":"Tunisie - News en Tunisie et \u00e0 l&#039;international sur Webdo.tn","publisher":{"@id":"https:\/\/www.webdo.tn\/fr\/#organization"},"potentialAction":[{"@type":"SearchAction","target":{"@type":"EntryPoint","urlTemplate":"https:\/\/www.webdo.tn\/fr\/?s={search_term_string}"},"query-input":{"@type":"PropertyValueSpecification","valueRequired":true,"valueName":"search_term_string"}}],"inLanguage":"fr-FR"},{"@type":"Organization","@id":"https:\/\/www.webdo.tn\/fr\/#organization","name":"Webdo","alternateName":"Webdo.tn","url":"https:\/\/www.webdo.tn\/fr\/","logo":{"@type":"ImageObject","inLanguage":"fr-FR","@id":"https:\/\/www.webdo.tn\/fr\/#\/schema\/logo\/image\/","url":"https:\/\/www.webdo.tn\/fr\/wp-content\/uploads\/2025\/06\/Webdo-Tunisie_168377.jpg","contentUrl":"https:\/\/www.webdo.tn\/fr\/wp-content\/uploads\/2025\/06\/Webdo-Tunisie_168377.jpg","width":301,"height":301,"caption":"Webdo"},"image":{"@id":"https:\/\/www.webdo.tn\/fr\/#\/schema\/logo\/image\/"},"sameAs":["https:\/\/www.facebook.com\/webdotn","https:\/\/x.com\/webdo_tn"],"description":"Webdo est un m\u00e9dia num\u00e9rique tunisien fond\u00e9 en 2010, sp\u00e9cialis\u00e9 dans l\u2019actualit\u00e9 nationale et internationale, l\u2019\u00e9conomie, la soci\u00e9t\u00e9 et les analyses politiques. Le site s\u2019adresse \u00e0 un large public francophone et couvre l\u2019information tunisienne en temps r\u00e9el.","email":"redac@webdo.tn","legalName":"YNJ SARL","foundingDate":"2010-09-06","numberOfEmployees":{"@type":"QuantitativeValue","minValue":"11","maxValue":"50"}},{"@type":"Person","@id":"https:\/\/www.webdo.tn\/fr\/#\/schema\/person\/2c4929cbf5a809e3bd38617c6ce150f6","name":"MC","image":{"@type":"ImageObject","inLanguage":"fr-FR","@id":"https:\/\/secure.gravatar.com\/avatar\/a545bbb6f84efdd5553dbbc2895e3ca8f1d12c5215e00a041c9670b54aa9b18a?s=96&d=mm&r=g","url":"https:\/\/secure.gravatar.com\/avatar\/a545bbb6f84efdd5553dbbc2895e3ca8f1d12c5215e00a041c9670b54aa9b18a?s=96&d=mm&r=g","contentUrl":"https:\/\/secure.gravatar.com\/avatar\/a545bbb6f84efdd5553dbbc2895e3ca8f1d12c5215e00a041c9670b54aa9b18a?s=96&d=mm&r=g","caption":"MC"},"url":"https:\/\/www.webdo.tn\/fr\/actualite\/author\/mc\/"}]}},"_links":{"self":[{"href":"https:\/\/www.webdo.tn\/fr\/wp-json\/wp\/v2\/posts\/220329","targetHints":{"allow":["GET"]}}],"collection":[{"href":"https:\/\/www.webdo.tn\/fr\/wp-json\/wp\/v2\/posts"}],"about":[{"href":"https:\/\/www.webdo.tn\/fr\/wp-json\/wp\/v2\/types\/post"}],"author":[{"embeddable":true,"href":"https:\/\/www.webdo.tn\/fr\/wp-json\/wp\/v2\/users\/3162"}],"replies":[{"embeddable":true,"href":"https:\/\/www.webdo.tn\/fr\/wp-json\/wp\/v2\/comments?post=220329"}],"version-history":[{"count":0,"href":"https:\/\/www.webdo.tn\/fr\/wp-json\/wp\/v2\/posts\/220329\/revisions"}],"wp:featuredmedia":[{"embeddable":true,"href":"https:\/\/www.webdo.tn\/fr\/wp-json\/wp\/v2\/media\/241836"}],"wp:attachment":[{"href":"https:\/\/www.webdo.tn\/fr\/wp-json\/wp\/v2\/media?parent=220329"}],"wp:term":[{"taxonomy":"category","embeddable":true,"href":"https:\/\/www.webdo.tn\/fr\/wp-json\/wp\/v2\/categories?post=220329"},{"taxonomy":"post_tag","embeddable":true,"href":"https:\/\/www.webdo.tn\/fr\/wp-json\/wp\/v2\/tags?post=220329"}],"curies":[{"name":"wp","href":"https:\/\/api.w.org\/{rel}","templated":true}]}}