{"id":220321,"date":"2025-03-05T10:36:00","date_gmt":"2025-03-05T10:36:00","guid":{"rendered":"https:\/\/www.webdo.tn\/fr\/blog\/2025\/03\/05\/tourisme-la-tunisie-troisieme-destination-la-plus-prisee-des-francais\/"},"modified":"2025-05-20T21:42:12","modified_gmt":"2025-05-20T21:42:12","slug":"tourisme-la-tunisie-troisieme-destination-la-plus-prisee-des-francais","status":"publish","type":"post","link":"https:\/\/www.webdo.tn\/fr\/actualite\/national\/tourisme-la-tunisie-troisieme-destination-la-plus-prisee-des-francais\/220321\/","title":{"rendered":"Tourisme : La Tunisie, troisi\u00e8me destination la plus pris\u00e9e des Fran\u00e7ais"},"content":{"rendered":"<p>La Tunisie se hisse \u00e0 la troisi\u00e8me place des destinations touristiques les plus vendues en France au cours du mois de f\u00e9vrier 2025, selon le barom\u00e8tre Orchestra publi\u00e9 par le magazine fran\u00e7ais sp\u00e9cialis\u00e9 L\u2019Echo.<\/p>\n<p>\t\t\t\t\t\t\t\t\tAvec une progression de 22,6% par rapport \u00e0 la m\u00eame p\u00e9riode l\u2019an dernier, la Tunisie confirme son attractivit\u00e9 sur le march\u00e9 fran\u00e7ais, se positionnant juste derri\u00e8re l\u2019Espagne et la France m\u00e9tropolitaine. \u00a0<\/p>\n<p>Cette performance s\u2019inscrit dans une dynamique positive amorc\u00e9e ces derni\u00e8res ann\u00e9es. En 2024, la Tunisie a d\u00e9j\u00e0 franchi la barre des 10 millions de visiteurs, g\u00e9n\u00e9rant pr\u00e8s de 8 milliards de dinars de recettes touristiques.<\/p>\n<p>Cette tendance se poursuit en 2025 : selon la Banque centrale de Tunisie (BCT), au 20 f\u00e9vrier, les recettes touristiques s\u2019\u00e9l\u00e8vent \u00e0 801,8 millions de dinars, contre 755,7 millions \u00e0 la m\u00eame p\u00e9riode en 2024, soit une progression notable. \u00a0<\/p>\n<p>Le succ\u00e8s croissant de la Tunisie aupr\u00e8s des touristes fran\u00e7ais s\u2019explique par plusieurs facteurs dont le climat agr\u00e9able en hiver, mais surtout des offres diversifi\u00e9es, allant des s\u00e9jours baln\u00e9aires aux circuits culturels, avec un rapport qualit\u00e9-prix attractif, qui reste un crit\u00e8re d\u00e9terminant pour les vacanciers fran\u00e7ais. \u00a0<\/p>\n<p>Avec cette progression constante, la Tunisie consolide ainsi sa place parmi les destinations privil\u00e9gi\u00e9es des Fran\u00e7ais, m\u00eame si la France m\u00e9tropolitaine tient toujours la vedette, devant l\u2019Espagne.<\/p>\n","protected":false},"excerpt":{"rendered":"<p>La Tunisie se hisse \u00e0 la troisi\u00e8me place des destinations touristiques les plus vendues en France au cours du mois de f\u00e9vrier 2025, selon le barom\u00e8tre Orchestra&#8230;<\/p>\n","protected":false},"author":3162,"featured_media":241830,"comment_status":"open","ping_status":"open","sticky":false,"template":"","format":"standard","meta":{"footnotes":""},"categories":[44],"tags":[3760,3697,2798,2799,2608],"class_list":["post-220321","post","type-post","status-publish","format-standard","has-post-thumbnail","hentry","category-national","tag-destination","tag-francais","tag-tourisme","tag-touristes","tag-tunisie"],"yoast_head":"<!-- This site is optimized with the Yoast SEO Premium plugin v27.5 (Yoast SEO v27.5) - https:\/\/yoast.com\/product\/yoast-seo-premium-wordpress\/ -->\n<title>Tourisme : La Tunisie, troisi\u00e8me destination la plus pris\u00e9e des Fran\u00e7ais<\/title>\n<meta name=\"description\" content=\"La Tunisie se hisse \u00e0 la troisi\u00e8me place des destinations touristiques les plus vendues en France au cours du mois de f\u00e9vrier 2025, selon le barom\u00e8tre Orchestra...\" \/>\n<link rel=\"canonical\" href=\"https:\/\/www.webdo.tn\/fr\/actualite\/national\/tourisme-la-tunisie-troisieme-destination-la-plus-prisee-des-francais\/220321\/\" \/>\n<meta property=\"og:locale\" content=\"fr_FR\" \/>\n<meta property=\"og:type\" content=\"article\" \/>\n<meta property=\"og:title\" content=\"Tourisme : La Tunisie, troisi\u00e8me destination la plus pris\u00e9e des Fran\u00e7ais\" \/>\n<meta property=\"og:description\" content=\"La Tunisie se hisse \u00e0 la troisi\u00e8me place des destinations touristiques les plus vendues en France au cours du mois de f\u00e9vrier 2025, selon le barom\u00e8tre Orchestra...\" \/>\n<meta property=\"og:url\" content=\"https:\/\/www.webdo.tn\/fr\/actualite\/national\/tourisme-la-tunisie-troisieme-destination-la-plus-prisee-des-francais\/220321\/\" \/>\n<meta property=\"og:site_name\" content=\"webdo\" \/>\n<meta property=\"article:publisher\" content=\"https:\/\/www.facebook.com\/webdotn\" \/>\n<meta property=\"article:published_time\" content=\"2025-03-05T10:36:00+00:00\" \/>\n<meta property=\"article:modified_time\" content=\"2025-05-20T21:42:12+00:00\" \/>\n<meta property=\"og:image\" content=\"https:\/\/www.webdo.tn\/fr\/wp-content\/uploads\/2025\/05\/e5555f178b50611c8813504aad9860c4-3.webp\" \/>\n\t<meta property=\"og:image:width\" content=\"750\" \/>\n\t<meta property=\"og:image:height\" content=\"400\" \/>\n\t<meta property=\"og:image:type\" content=\"image\/webp\" \/>\n<meta name=\"author\" content=\"MC\" \/>\n<meta name=\"twitter:card\" content=\"summary_large_image\" \/>\n<meta name=\"twitter:creator\" content=\"@webdo_tn\" \/>\n<meta name=\"twitter:site\" content=\"@webdo_tn\" \/>\n<meta name=\"twitter:label1\" content=\"\u00c9crit par\" \/>\n\t<meta name=\"twitter:data1\" content=\"MC\" \/>\n\t<meta name=\"twitter:label2\" content=\"Dur\u00e9e de lecture estim\u00e9e\" \/>\n\t<meta name=\"twitter:data2\" content=\"1 minute\" \/>\n<script type=\"application\/ld+json\" class=\"yoast-schema-graph\">{\"@context\":\"https:\\\/\\\/schema.org\",\"@graph\":[{\"@type\":\"NewsArticle\",\"@id\":\"https:\\\/\\\/www.webdo.tn\\\/fr\\\/actualite\\\/national\\\/tourisme-la-tunisie-troisieme-destination-la-plus-prisee-des-francais\\\/220321\\\/#article\",\"isPartOf\":{\"@id\":\"https:\\\/\\\/www.webdo.tn\\\/fr\\\/actualite\\\/national\\\/tourisme-la-tunisie-troisieme-destination-la-plus-prisee-des-francais\\\/220321\\\/\"},\"author\":{\"name\":\"MC\",\"@id\":\"https:\\\/\\\/www.webdo.tn\\\/fr\\\/#\\\/schema\\\/person\\\/2c4929cbf5a809e3bd38617c6ce150f6\"},\"headline\":\"Tourisme : La Tunisie, troisi\u00e8me destination la plus pris\u00e9e des Fran\u00e7ais\",\"datePublished\":\"2025-03-05T10:36:00+00:00\",\"dateModified\":\"2025-05-20T21:42:12+00:00\",\"mainEntityOfPage\":{\"@id\":\"https:\\\/\\\/www.webdo.tn\\\/fr\\\/actualite\\\/national\\\/tourisme-la-tunisie-troisieme-destination-la-plus-prisee-des-francais\\\/220321\\\/\"},\"wordCount\":254,\"commentCount\":0,\"publisher\":{\"@id\":\"https:\\\/\\\/www.webdo.tn\\\/fr\\\/#organization\"},\"image\":{\"@id\":\"https:\\\/\\\/www.webdo.tn\\\/fr\\\/actualite\\\/national\\\/tourisme-la-tunisie-troisieme-destination-la-plus-prisee-des-francais\\\/220321\\\/#primaryimage\"},\"thumbnailUrl\":\"https:\\\/\\\/www.webdo.tn\\\/fr\\\/wp-content\\\/uploads\\\/2025\\\/05\\\/e5555f178b50611c8813504aad9860c4-3.webp\",\"keywords\":[\"destination\",\"fran\u00e7ais\",\"Tourisme\",\"touristes\",\"Tunisie\"],\"articleSection\":[\"National\"],\"inLanguage\":\"fr-FR\"},{\"@type\":\"WebPage\",\"@id\":\"https:\\\/\\\/www.webdo.tn\\\/fr\\\/actualite\\\/national\\\/tourisme-la-tunisie-troisieme-destination-la-plus-prisee-des-francais\\\/220321\\\/\",\"url\":\"https:\\\/\\\/www.webdo.tn\\\/fr\\\/actualite\\\/national\\\/tourisme-la-tunisie-troisieme-destination-la-plus-prisee-des-francais\\\/220321\\\/\",\"name\":\"Tourisme : La Tunisie, troisi\u00e8me destination la plus pris\u00e9e des Fran\u00e7ais\",\"isPartOf\":{\"@id\":\"https:\\\/\\\/www.webdo.tn\\\/fr\\\/#website\"},\"primaryImageOfPage\":{\"@id\":\"https:\\\/\\\/www.webdo.tn\\\/fr\\\/actualite\\\/national\\\/tourisme-la-tunisie-troisieme-destination-la-plus-prisee-des-francais\\\/220321\\\/#primaryimage\"},\"image\":{\"@id\":\"https:\\\/\\\/www.webdo.tn\\\/fr\\\/actualite\\\/national\\\/tourisme-la-tunisie-troisieme-destination-la-plus-prisee-des-francais\\\/220321\\\/#primaryimage\"},\"thumbnailUrl\":\"https:\\\/\\\/www.webdo.tn\\\/fr\\\/wp-content\\\/uploads\\\/2025\\\/05\\\/e5555f178b50611c8813504aad9860c4-3.webp\",\"datePublished\":\"2025-03-05T10:36:00+00:00\",\"dateModified\":\"2025-05-20T21:42:12+00:00\",\"description\":\"La Tunisie se hisse \u00e0 la troisi\u00e8me place des destinations touristiques les plus vendues en France au cours du mois de f\u00e9vrier 2025, selon le barom\u00e8tre Orchestra...\",\"breadcrumb\":{\"@id\":\"https:\\\/\\\/www.webdo.tn\\\/fr\\\/actualite\\\/national\\\/tourisme-la-tunisie-troisieme-destination-la-plus-prisee-des-francais\\\/220321\\\/#breadcrumb\"},\"inLanguage\":\"fr-FR\",\"potentialAction\":[{\"@type\":\"ReadAction\",\"target\":[\"https:\\\/\\\/www.webdo.tn\\\/fr\\\/actualite\\\/national\\\/tourisme-la-tunisie-troisieme-destination-la-plus-prisee-des-francais\\\/220321\\\/\"]}]},{\"@type\":\"ImageObject\",\"inLanguage\":\"fr-FR\",\"@id\":\"https:\\\/\\\/www.webdo.tn\\\/fr\\\/actualite\\\/national\\\/tourisme-la-tunisie-troisieme-destination-la-plus-prisee-des-francais\\\/220321\\\/#primaryimage\",\"url\":\"https:\\\/\\\/www.webdo.tn\\\/fr\\\/wp-content\\\/uploads\\\/2025\\\/05\\\/e5555f178b50611c8813504aad9860c4-3.webp\",\"contentUrl\":\"https:\\\/\\\/www.webdo.tn\\\/fr\\\/wp-content\\\/uploads\\\/2025\\\/05\\\/e5555f178b50611c8813504aad9860c4-3.webp\",\"width\":750,\"height\":400},{\"@type\":\"BreadcrumbList\",\"@id\":\"https:\\\/\\\/www.webdo.tn\\\/fr\\\/actualite\\\/national\\\/tourisme-la-tunisie-troisieme-destination-la-plus-prisee-des-francais\\\/220321\\\/#breadcrumb\",\"itemListElement\":[{\"@type\":\"ListItem\",\"position\":1,\"name\":\"Accueil\",\"item\":\"https:\\\/\\\/www.webdo.tn\\\/fr\\\/\"},{\"@type\":\"ListItem\",\"position\":2,\"name\":\"Tourisme : La Tunisie, troisi\u00e8me destination la plus pris\u00e9e des Fran\u00e7ais\"}]},{\"@type\":\"WebSite\",\"@id\":\"https:\\\/\\\/www.webdo.tn\\\/fr\\\/#website\",\"url\":\"https:\\\/\\\/www.webdo.tn\\\/fr\\\/\",\"name\":\"webdo\",\"description\":\"Tunisie - News en Tunisie et \u00e0 l&#039;international sur Webdo.tn\",\"publisher\":{\"@id\":\"https:\\\/\\\/www.webdo.tn\\\/fr\\\/#organization\"},\"potentialAction\":[{\"@type\":\"SearchAction\",\"target\":{\"@type\":\"EntryPoint\",\"urlTemplate\":\"https:\\\/\\\/www.webdo.tn\\\/fr\\\/?s={search_term_string}\"},\"query-input\":{\"@type\":\"PropertyValueSpecification\",\"valueRequired\":true,\"valueName\":\"search_term_string\"}}],\"inLanguage\":\"fr-FR\"},{\"@type\":\"Organization\",\"@id\":\"https:\\\/\\\/www.webdo.tn\\\/fr\\\/#organization\",\"name\":\"Webdo\",\"alternateName\":\"Webdo.tn\",\"url\":\"https:\\\/\\\/www.webdo.tn\\\/fr\\\/\",\"logo\":{\"@type\":\"ImageObject\",\"inLanguage\":\"fr-FR\",\"@id\":\"https:\\\/\\\/www.webdo.tn\\\/fr\\\/#\\\/schema\\\/logo\\\/image\\\/\",\"url\":\"https:\\\/\\\/www.webdo.tn\\\/fr\\\/wp-content\\\/uploads\\\/2025\\\/06\\\/Webdo-Tunisie_168377.jpg\",\"contentUrl\":\"https:\\\/\\\/www.webdo.tn\\\/fr\\\/wp-content\\\/uploads\\\/2025\\\/06\\\/Webdo-Tunisie_168377.jpg\",\"width\":301,\"height\":301,\"caption\":\"Webdo\"},\"image\":{\"@id\":\"https:\\\/\\\/www.webdo.tn\\\/fr\\\/#\\\/schema\\\/logo\\\/image\\\/\"},\"sameAs\":[\"https:\\\/\\\/www.facebook.com\\\/webdotn\",\"https:\\\/\\\/x.com\\\/webdo_tn\"],\"description\":\"Webdo est un m\u00e9dia num\u00e9rique tunisien fond\u00e9 en 2010, sp\u00e9cialis\u00e9 dans l\u2019actualit\u00e9 nationale et internationale, l\u2019\u00e9conomie, la soci\u00e9t\u00e9 et les analyses politiques. Le site s\u2019adresse \u00e0 un large public francophone et couvre l\u2019information tunisienne en temps r\u00e9el.\",\"email\":\"redac@webdo.tn\",\"legalName\":\"YNJ SARL\",\"foundingDate\":\"2010-09-06\",\"numberOfEmployees\":{\"@type\":\"QuantitativeValue\",\"minValue\":\"11\",\"maxValue\":\"50\"}},{\"@type\":\"Person\",\"@id\":\"https:\\\/\\\/www.webdo.tn\\\/fr\\\/#\\\/schema\\\/person\\\/2c4929cbf5a809e3bd38617c6ce150f6\",\"name\":\"MC\",\"image\":{\"@type\":\"ImageObject\",\"inLanguage\":\"fr-FR\",\"@id\":\"https:\\\/\\\/secure.gravatar.com\\\/avatar\\\/a545bbb6f84efdd5553dbbc2895e3ca8f1d12c5215e00a041c9670b54aa9b18a?s=96&d=mm&r=g\",\"url\":\"https:\\\/\\\/secure.gravatar.com\\\/avatar\\\/a545bbb6f84efdd5553dbbc2895e3ca8f1d12c5215e00a041c9670b54aa9b18a?s=96&d=mm&r=g\",\"contentUrl\":\"https:\\\/\\\/secure.gravatar.com\\\/avatar\\\/a545bbb6f84efdd5553dbbc2895e3ca8f1d12c5215e00a041c9670b54aa9b18a?s=96&d=mm&r=g\",\"caption\":\"MC\"},\"url\":\"https:\\\/\\\/www.webdo.tn\\\/fr\\\/actualite\\\/author\\\/mc\\\/\"}]}<\/script>\n<!-- \/ Yoast SEO Premium plugin. -->","yoast_head_json":{"title":"Tourisme : La Tunisie, troisi\u00e8me destination la plus pris\u00e9e des Fran\u00e7ais","description":"La Tunisie se hisse \u00e0 la troisi\u00e8me place des destinations touristiques les plus vendues en France au cours du mois de f\u00e9vrier 2025, selon le barom\u00e8tre Orchestra...","canonical":"https:\/\/www.webdo.tn\/fr\/actualite\/national\/tourisme-la-tunisie-troisieme-destination-la-plus-prisee-des-francais\/220321\/","og_locale":"fr_FR","og_type":"article","og_title":"Tourisme : La Tunisie, troisi\u00e8me destination la plus pris\u00e9e des Fran\u00e7ais","og_description":"La Tunisie se hisse \u00e0 la troisi\u00e8me place des destinations touristiques les plus vendues en France au cours du mois de f\u00e9vrier 2025, selon le barom\u00e8tre Orchestra...","og_url":"https:\/\/www.webdo.tn\/fr\/actualite\/national\/tourisme-la-tunisie-troisieme-destination-la-plus-prisee-des-francais\/220321\/","og_site_name":"webdo","article_publisher":"https:\/\/www.facebook.com\/webdotn","article_published_time":"2025-03-05T10:36:00+00:00","article_modified_time":"2025-05-20T21:42:12+00:00","og_image":[{"width":750,"height":400,"url":"https:\/\/www.webdo.tn\/fr\/wp-content\/uploads\/2025\/05\/e5555f178b50611c8813504aad9860c4-3.webp","type":"image\/webp"}],"author":"MC","twitter_card":"summary_large_image","twitter_creator":"@webdo_tn","twitter_site":"@webdo_tn","twitter_misc":{"\u00c9crit par":"MC","Dur\u00e9e de lecture estim\u00e9e":"1 minute"},"schema":{"@context":"https:\/\/schema.org","@graph":[{"@type":"NewsArticle","@id":"https:\/\/www.webdo.tn\/fr\/actualite\/national\/tourisme-la-tunisie-troisieme-destination-la-plus-prisee-des-francais\/220321\/#article","isPartOf":{"@id":"https:\/\/www.webdo.tn\/fr\/actualite\/national\/tourisme-la-tunisie-troisieme-destination-la-plus-prisee-des-francais\/220321\/"},"author":{"name":"MC","@id":"https:\/\/www.webdo.tn\/fr\/#\/schema\/person\/2c4929cbf5a809e3bd38617c6ce150f6"},"headline":"Tourisme : La Tunisie, troisi\u00e8me destination la plus pris\u00e9e des Fran\u00e7ais","datePublished":"2025-03-05T10:36:00+00:00","dateModified":"2025-05-20T21:42:12+00:00","mainEntityOfPage":{"@id":"https:\/\/www.webdo.tn\/fr\/actualite\/national\/tourisme-la-tunisie-troisieme-destination-la-plus-prisee-des-francais\/220321\/"},"wordCount":254,"commentCount":0,"publisher":{"@id":"https:\/\/www.webdo.tn\/fr\/#organization"},"image":{"@id":"https:\/\/www.webdo.tn\/fr\/actualite\/national\/tourisme-la-tunisie-troisieme-destination-la-plus-prisee-des-francais\/220321\/#primaryimage"},"thumbnailUrl":"https:\/\/www.webdo.tn\/fr\/wp-content\/uploads\/2025\/05\/e5555f178b50611c8813504aad9860c4-3.webp","keywords":["destination","fran\u00e7ais","Tourisme","touristes","Tunisie"],"articleSection":["National"],"inLanguage":"fr-FR"},{"@type":"WebPage","@id":"https:\/\/www.webdo.tn\/fr\/actualite\/national\/tourisme-la-tunisie-troisieme-destination-la-plus-prisee-des-francais\/220321\/","url":"https:\/\/www.webdo.tn\/fr\/actualite\/national\/tourisme-la-tunisie-troisieme-destination-la-plus-prisee-des-francais\/220321\/","name":"Tourisme : La Tunisie, troisi\u00e8me destination la plus pris\u00e9e des Fran\u00e7ais","isPartOf":{"@id":"https:\/\/www.webdo.tn\/fr\/#website"},"primaryImageOfPage":{"@id":"https:\/\/www.webdo.tn\/fr\/actualite\/national\/tourisme-la-tunisie-troisieme-destination-la-plus-prisee-des-francais\/220321\/#primaryimage"},"image":{"@id":"https:\/\/www.webdo.tn\/fr\/actualite\/national\/tourisme-la-tunisie-troisieme-destination-la-plus-prisee-des-francais\/220321\/#primaryimage"},"thumbnailUrl":"https:\/\/www.webdo.tn\/fr\/wp-content\/uploads\/2025\/05\/e5555f178b50611c8813504aad9860c4-3.webp","datePublished":"2025-03-05T10:36:00+00:00","dateModified":"2025-05-20T21:42:12+00:00","description":"La Tunisie se hisse \u00e0 la troisi\u00e8me place des destinations touristiques les plus vendues en France au cours du mois de f\u00e9vrier 2025, selon le barom\u00e8tre Orchestra...","breadcrumb":{"@id":"https:\/\/www.webdo.tn\/fr\/actualite\/national\/tourisme-la-tunisie-troisieme-destination-la-plus-prisee-des-francais\/220321\/#breadcrumb"},"inLanguage":"fr-FR","potentialAction":[{"@type":"ReadAction","target":["https:\/\/www.webdo.tn\/fr\/actualite\/national\/tourisme-la-tunisie-troisieme-destination-la-plus-prisee-des-francais\/220321\/"]}]},{"@type":"ImageObject","inLanguage":"fr-FR","@id":"https:\/\/www.webdo.tn\/fr\/actualite\/national\/tourisme-la-tunisie-troisieme-destination-la-plus-prisee-des-francais\/220321\/#primaryimage","url":"https:\/\/www.webdo.tn\/fr\/wp-content\/uploads\/2025\/05\/e5555f178b50611c8813504aad9860c4-3.webp","contentUrl":"https:\/\/www.webdo.tn\/fr\/wp-content\/uploads\/2025\/05\/e5555f178b50611c8813504aad9860c4-3.webp","width":750,"height":400},{"@type":"BreadcrumbList","@id":"https:\/\/www.webdo.tn\/fr\/actualite\/national\/tourisme-la-tunisie-troisieme-destination-la-plus-prisee-des-francais\/220321\/#breadcrumb","itemListElement":[{"@type":"ListItem","position":1,"name":"Accueil","item":"https:\/\/www.webdo.tn\/fr\/"},{"@type":"ListItem","position":2,"name":"Tourisme : La Tunisie, troisi\u00e8me destination la plus pris\u00e9e des Fran\u00e7ais"}]},{"@type":"WebSite","@id":"https:\/\/www.webdo.tn\/fr\/#website","url":"https:\/\/www.webdo.tn\/fr\/","name":"webdo","description":"Tunisie - News en Tunisie et \u00e0 l&#039;international sur Webdo.tn","publisher":{"@id":"https:\/\/www.webdo.tn\/fr\/#organization"},"potentialAction":[{"@type":"SearchAction","target":{"@type":"EntryPoint","urlTemplate":"https:\/\/www.webdo.tn\/fr\/?s={search_term_string}"},"query-input":{"@type":"PropertyValueSpecification","valueRequired":true,"valueName":"search_term_string"}}],"inLanguage":"fr-FR"},{"@type":"Organization","@id":"https:\/\/www.webdo.tn\/fr\/#organization","name":"Webdo","alternateName":"Webdo.tn","url":"https:\/\/www.webdo.tn\/fr\/","logo":{"@type":"ImageObject","inLanguage":"fr-FR","@id":"https:\/\/www.webdo.tn\/fr\/#\/schema\/logo\/image\/","url":"https:\/\/www.webdo.tn\/fr\/wp-content\/uploads\/2025\/06\/Webdo-Tunisie_168377.jpg","contentUrl":"https:\/\/www.webdo.tn\/fr\/wp-content\/uploads\/2025\/06\/Webdo-Tunisie_168377.jpg","width":301,"height":301,"caption":"Webdo"},"image":{"@id":"https:\/\/www.webdo.tn\/fr\/#\/schema\/logo\/image\/"},"sameAs":["https:\/\/www.facebook.com\/webdotn","https:\/\/x.com\/webdo_tn"],"description":"Webdo est un m\u00e9dia num\u00e9rique tunisien fond\u00e9 en 2010, sp\u00e9cialis\u00e9 dans l\u2019actualit\u00e9 nationale et internationale, l\u2019\u00e9conomie, la soci\u00e9t\u00e9 et les analyses politiques. Le site s\u2019adresse \u00e0 un large public francophone et couvre l\u2019information tunisienne en temps r\u00e9el.","email":"redac@webdo.tn","legalName":"YNJ SARL","foundingDate":"2010-09-06","numberOfEmployees":{"@type":"QuantitativeValue","minValue":"11","maxValue":"50"}},{"@type":"Person","@id":"https:\/\/www.webdo.tn\/fr\/#\/schema\/person\/2c4929cbf5a809e3bd38617c6ce150f6","name":"MC","image":{"@type":"ImageObject","inLanguage":"fr-FR","@id":"https:\/\/secure.gravatar.com\/avatar\/a545bbb6f84efdd5553dbbc2895e3ca8f1d12c5215e00a041c9670b54aa9b18a?s=96&d=mm&r=g","url":"https:\/\/secure.gravatar.com\/avatar\/a545bbb6f84efdd5553dbbc2895e3ca8f1d12c5215e00a041c9670b54aa9b18a?s=96&d=mm&r=g","contentUrl":"https:\/\/secure.gravatar.com\/avatar\/a545bbb6f84efdd5553dbbc2895e3ca8f1d12c5215e00a041c9670b54aa9b18a?s=96&d=mm&r=g","caption":"MC"},"url":"https:\/\/www.webdo.tn\/fr\/actualite\/author\/mc\/"}]}},"_links":{"self":[{"href":"https:\/\/www.webdo.tn\/fr\/wp-json\/wp\/v2\/posts\/220321","targetHints":{"allow":["GET"]}}],"collection":[{"href":"https:\/\/www.webdo.tn\/fr\/wp-json\/wp\/v2\/posts"}],"about":[{"href":"https:\/\/www.webdo.tn\/fr\/wp-json\/wp\/v2\/types\/post"}],"author":[{"embeddable":true,"href":"https:\/\/www.webdo.tn\/fr\/wp-json\/wp\/v2\/users\/3162"}],"replies":[{"embeddable":true,"href":"https:\/\/www.webdo.tn\/fr\/wp-json\/wp\/v2\/comments?post=220321"}],"version-history":[{"count":0,"href":"https:\/\/www.webdo.tn\/fr\/wp-json\/wp\/v2\/posts\/220321\/revisions"}],"wp:featuredmedia":[{"embeddable":true,"href":"https:\/\/www.webdo.tn\/fr\/wp-json\/wp\/v2\/media\/241830"}],"wp:attachment":[{"href":"https:\/\/www.webdo.tn\/fr\/wp-json\/wp\/v2\/media?parent=220321"}],"wp:term":[{"taxonomy":"category","embeddable":true,"href":"https:\/\/www.webdo.tn\/fr\/wp-json\/wp\/v2\/categories?post=220321"},{"taxonomy":"post_tag","embeddable":true,"href":"https:\/\/www.webdo.tn\/fr\/wp-json\/wp\/v2\/tags?post=220321"}],"curies":[{"name":"wp","href":"https:\/\/api.w.org\/{rel}","templated":true}]}}