{"id":220315,"date":"2025-03-05T09:08:00","date_gmt":"2025-03-05T09:08:00","guid":{"rendered":"https:\/\/www.webdo.tn\/fr\/blog\/tunisie-un-plan-d-action-renforce-pour-lutter-contre-la-peche-illegale\/220315\/"},"modified":"2025-05-20T22:17:07","modified_gmt":"2025-05-20T22:17:07","slug":"tunisie-un-plan-d-action-renforce-pour-lutter-contre-la-peche-illegale","status":"publish","type":"post","link":"https:\/\/www.webdo.tn\/fr\/actualite\/national\/tunisie-un-plan-d-action-renforce-pour-lutter-contre-la-peche-illegale\/220315\/","title":{"rendered":"Tunisie : Un plan d\u2019action renforc\u00e9 pour lutter contre la p\u00eache ill\u00e9gale"},"content":{"rendered":"<p>Le ministre de l\u2019Agriculture, des Ressources Hydrauliques et de la P\u00eache, Ezzeddine Ben Cheikh, a annonc\u00e9 hier que 914 navires de p\u00eache de plus de 15 m\u00e8tres de long ont \u00e9t\u00e9 \u00e9quip\u00e9s de terminaux de surveillance, sur un total de 991. Cette initiative s&rsquo;inscrit dans le cadre des efforts visant \u00e0 lutter contre la p\u00eache ill\u00e9gale. \u00a0<\/p>\n<p>Lors d\u2019une s\u00e9ance pl\u00e9ni\u00e8re au palais du Bardo, en r\u00e9ponse \u00e0 une question du d\u00e9put\u00e9 Mahmoud Chalghef sur la strat\u00e9gie nationale de lutte contre la p\u00eache anarchique, notamment autour de l\u2019\u00eele de Kerkennah, le ministre a d\u00e9taill\u00e9 les mesures mises en place.<\/p>\n<p>Parmi elles, un accord a \u00e9t\u00e9 sign\u00e9 avec le minist\u00e8re de la D\u00e9fense nationale pour immerger 500 r\u00e9cifs artificiels au large d\u2019El Attaya, une zone particuli\u00e8rement touch\u00e9e par ce ph\u00e9nom\u00e8ne. \u00a0<\/p>\n<p>Ces r\u00e9cifs artificiels, a-t-il expliqu\u00e9, ont pour objectif de restaurer et prot\u00e9ger l\u2019\u00e9cosyst\u00e8me marin en favorisant le renouvellement des ressources halieutiques. Une \u00e9tude sera prochainement men\u00e9e afin de d\u00e9terminer les zones les plus vuln\u00e9rables et d\u2019\u00e9valuer les besoins en r\u00e9cifs artificiels, en partenariat avec le minist\u00e8re de la D\u00e9fense. \u00a0<\/p>\n<p>Le ministre a rappel\u00e9 que ce projet, lanc\u00e9 en 2009 avec un budget de 5 millions de dinars, devait s\u2019\u00e9taler sur une d\u00e9cennie, mais sa mise en \u0153uvre a \u00e9t\u00e9 ralentie par des contraintes financi\u00e8res. \u00a0<\/p>\n<p>Enfin, il a soulign\u00e9 que la lutte contre la p\u00eache ill\u00e9gale repose \u00e9galement sur un renforcement des contr\u00f4les, men\u00e9s en coordination avec les minist\u00e8res de l\u2019Int\u00e9rieur, des Transports et du Commerce.<\/p>\n","protected":false},"excerpt":{"rendered":"<p>Le ministre de l\u2019Agriculture, des Ressources Hydrauliques et de la P\u00eache, Ezzeddine Ben Cheikh, a annonc\u00e9 hier que 914 navires de p\u00eache de plus de 15 m\u00e8tres de&#8230;<\/p>\n","protected":false},"author":3162,"featured_media":292010,"comment_status":"open","ping_status":"closed","sticky":false,"template":"","format":"standard","meta":{"footnotes":""},"categories":[44],"tags":[11027,11028,2608],"class_list":["post-220315","post","type-post","status-publish","format-standard","has-post-thumbnail","hentry","category-national","tag-peche-illegale","tag-terminaux-de-surveillance","tag-tunisie"],"yoast_head":"<!-- This site is optimized with the Yoast SEO Premium plugin v27.5 (Yoast SEO v27.5) - https:\/\/yoast.com\/product\/yoast-seo-premium-wordpress\/ -->\n<title>Tunisie : Un plan d\u2019action renforc\u00e9 pour lutter contre la p\u00eache ill\u00e9gale<\/title>\n<meta name=\"description\" content=\"Le ministre de l\u2019Agriculture, des Ressources Hydrauliques et de la P\u00eache, Ezzeddine Ben Cheikh, a annonc\u00e9 hier que 914 navires de p\u00eache de plus de 15 m\u00e8tres de...\" \/>\n<link rel=\"canonical\" href=\"https:\/\/www.webdo.tn\/fr\/actualite\/national\/tunisie-un-plan-d-action-renforce-pour-lutter-contre-la-peche-illegale\/220315\/\" \/>\n<meta property=\"og:locale\" content=\"fr_FR\" \/>\n<meta property=\"og:type\" content=\"article\" \/>\n<meta property=\"og:title\" content=\"Tunisie : Un plan d\u2019action renforc\u00e9 pour lutter contre la p\u00eache ill\u00e9gale\" \/>\n<meta property=\"og:description\" content=\"Le ministre de l\u2019Agriculture, des Ressources Hydrauliques et de la P\u00eache, Ezzeddine Ben Cheikh, a annonc\u00e9 hier que 914 navires de p\u00eache de plus de 15 m\u00e8tres de...\" \/>\n<meta property=\"og:url\" content=\"https:\/\/www.webdo.tn\/fr\/actualite\/national\/tunisie-un-plan-d-action-renforce-pour-lutter-contre-la-peche-illegale\/220315\/\" \/>\n<meta property=\"og:site_name\" content=\"webdo\" \/>\n<meta property=\"article:publisher\" content=\"https:\/\/www.facebook.com\/webdotn\" \/>\n<meta property=\"article:published_time\" content=\"2025-03-05T09:08:00+00:00\" \/>\n<meta property=\"article:modified_time\" content=\"2025-05-20T22:17:07+00:00\" \/>\n<meta property=\"og:image\" content=\"https:\/\/www.webdo.tn\/fr\/wp-content\/uploads\/2025\/03\/584736174161490fc81728f88de8d4cc.webp\" \/>\n\t<meta property=\"og:image:width\" content=\"680\" \/>\n\t<meta property=\"og:image:height\" content=\"363\" \/>\n\t<meta property=\"og:image:type\" content=\"image\/webp\" \/>\n<meta name=\"author\" content=\"MC\" \/>\n<meta name=\"twitter:card\" content=\"summary_large_image\" \/>\n<meta name=\"twitter:creator\" content=\"@webdo_tn\" \/>\n<meta name=\"twitter:site\" content=\"@webdo_tn\" \/>\n<meta name=\"twitter:label1\" content=\"\u00c9crit par\" \/>\n\t<meta name=\"twitter:data1\" content=\"MC\" \/>\n\t<meta name=\"twitter:label2\" content=\"Dur\u00e9e de lecture estim\u00e9e\" \/>\n\t<meta name=\"twitter:data2\" content=\"1 minute\" \/>\n<script type=\"application\/ld+json\" class=\"yoast-schema-graph\">{\"@context\":\"https:\\\/\\\/schema.org\",\"@graph\":[{\"@type\":\"NewsArticle\",\"@id\":\"https:\\\/\\\/www.webdo.tn\\\/fr\\\/actualite\\\/national\\\/tunisie-un-plan-d-action-renforce-pour-lutter-contre-la-peche-illegale\\\/220315\\\/#article\",\"isPartOf\":{\"@id\":\"https:\\\/\\\/www.webdo.tn\\\/fr\\\/actualite\\\/national\\\/tunisie-un-plan-d-action-renforce-pour-lutter-contre-la-peche-illegale\\\/220315\\\/\"},\"author\":{\"name\":\"MC\",\"@id\":\"https:\\\/\\\/www.webdo.tn\\\/fr\\\/#\\\/schema\\\/person\\\/2c4929cbf5a809e3bd38617c6ce150f6\"},\"headline\":\"Tunisie : Un plan d\u2019action renforc\u00e9 pour lutter contre la p\u00eache ill\u00e9gale\",\"datePublished\":\"2025-03-05T09:08:00+00:00\",\"dateModified\":\"2025-05-20T22:17:07+00:00\",\"mainEntityOfPage\":{\"@id\":\"https:\\\/\\\/www.webdo.tn\\\/fr\\\/actualite\\\/national\\\/tunisie-un-plan-d-action-renforce-pour-lutter-contre-la-peche-illegale\\\/220315\\\/\"},\"wordCount\":296,\"commentCount\":0,\"publisher\":{\"@id\":\"https:\\\/\\\/www.webdo.tn\\\/fr\\\/#organization\"},\"image\":{\"@id\":\"https:\\\/\\\/www.webdo.tn\\\/fr\\\/actualite\\\/national\\\/tunisie-un-plan-d-action-renforce-pour-lutter-contre-la-peche-illegale\\\/220315\\\/#primaryimage\"},\"thumbnailUrl\":\"https:\\\/\\\/www.webdo.tn\\\/fr\\\/wp-content\\\/uploads\\\/2025\\\/03\\\/584736174161490fc81728f88de8d4cc.webp\",\"keywords\":[\"'p\u00eache ill\u00e9gale'\",\"'terminaux de surveillance']\",\"Tunisie\"],\"articleSection\":[\"National\"],\"inLanguage\":\"fr-FR\"},{\"@type\":\"WebPage\",\"@id\":\"https:\\\/\\\/www.webdo.tn\\\/fr\\\/actualite\\\/national\\\/tunisie-un-plan-d-action-renforce-pour-lutter-contre-la-peche-illegale\\\/220315\\\/\",\"url\":\"https:\\\/\\\/www.webdo.tn\\\/fr\\\/actualite\\\/national\\\/tunisie-un-plan-d-action-renforce-pour-lutter-contre-la-peche-illegale\\\/220315\\\/\",\"name\":\"Tunisie : Un plan d\u2019action renforc\u00e9 pour lutter contre la p\u00eache ill\u00e9gale\",\"isPartOf\":{\"@id\":\"https:\\\/\\\/www.webdo.tn\\\/fr\\\/#website\"},\"primaryImageOfPage\":{\"@id\":\"https:\\\/\\\/www.webdo.tn\\\/fr\\\/actualite\\\/national\\\/tunisie-un-plan-d-action-renforce-pour-lutter-contre-la-peche-illegale\\\/220315\\\/#primaryimage\"},\"image\":{\"@id\":\"https:\\\/\\\/www.webdo.tn\\\/fr\\\/actualite\\\/national\\\/tunisie-un-plan-d-action-renforce-pour-lutter-contre-la-peche-illegale\\\/220315\\\/#primaryimage\"},\"thumbnailUrl\":\"https:\\\/\\\/www.webdo.tn\\\/fr\\\/wp-content\\\/uploads\\\/2025\\\/03\\\/584736174161490fc81728f88de8d4cc.webp\",\"datePublished\":\"2025-03-05T09:08:00+00:00\",\"dateModified\":\"2025-05-20T22:17:07+00:00\",\"description\":\"Le ministre de l\u2019Agriculture, des Ressources Hydrauliques et de la P\u00eache, Ezzeddine Ben Cheikh, a annonc\u00e9 hier que 914 navires de p\u00eache de plus de 15 m\u00e8tres de...\",\"breadcrumb\":{\"@id\":\"https:\\\/\\\/www.webdo.tn\\\/fr\\\/actualite\\\/national\\\/tunisie-un-plan-d-action-renforce-pour-lutter-contre-la-peche-illegale\\\/220315\\\/#breadcrumb\"},\"inLanguage\":\"fr-FR\",\"potentialAction\":[{\"@type\":\"ReadAction\",\"target\":[\"https:\\\/\\\/www.webdo.tn\\\/fr\\\/actualite\\\/national\\\/tunisie-un-plan-d-action-renforce-pour-lutter-contre-la-peche-illegale\\\/220315\\\/\"]}]},{\"@type\":\"ImageObject\",\"inLanguage\":\"fr-FR\",\"@id\":\"https:\\\/\\\/www.webdo.tn\\\/fr\\\/actualite\\\/national\\\/tunisie-un-plan-d-action-renforce-pour-lutter-contre-la-peche-illegale\\\/220315\\\/#primaryimage\",\"url\":\"https:\\\/\\\/www.webdo.tn\\\/fr\\\/wp-content\\\/uploads\\\/2025\\\/03\\\/584736174161490fc81728f88de8d4cc.webp\",\"contentUrl\":\"https:\\\/\\\/www.webdo.tn\\\/fr\\\/wp-content\\\/uploads\\\/2025\\\/03\\\/584736174161490fc81728f88de8d4cc.webp\",\"width\":680,\"height\":363,\"caption\":\"Tunisie : Un plan d\u2019action renforc\u00e9 pour lutter contre la p\u00eache ill\u00e9gale\"},{\"@type\":\"BreadcrumbList\",\"@id\":\"https:\\\/\\\/www.webdo.tn\\\/fr\\\/actualite\\\/national\\\/tunisie-un-plan-d-action-renforce-pour-lutter-contre-la-peche-illegale\\\/220315\\\/#breadcrumb\",\"itemListElement\":[{\"@type\":\"ListItem\",\"position\":1,\"name\":\"Accueil\",\"item\":\"https:\\\/\\\/www.webdo.tn\\\/fr\\\/\"},{\"@type\":\"ListItem\",\"position\":2,\"name\":\"Tunisie : Un plan d\u2019action renforc\u00e9 pour lutter contre la p\u00eache ill\u00e9gale\"}]},{\"@type\":\"WebSite\",\"@id\":\"https:\\\/\\\/www.webdo.tn\\\/fr\\\/#website\",\"url\":\"https:\\\/\\\/www.webdo.tn\\\/fr\\\/\",\"name\":\"webdo\",\"description\":\"Tunisie - News en Tunisie et \u00e0 l&#039;international sur Webdo.tn\",\"publisher\":{\"@id\":\"https:\\\/\\\/www.webdo.tn\\\/fr\\\/#organization\"},\"potentialAction\":[{\"@type\":\"SearchAction\",\"target\":{\"@type\":\"EntryPoint\",\"urlTemplate\":\"https:\\\/\\\/www.webdo.tn\\\/fr\\\/?s={search_term_string}\"},\"query-input\":{\"@type\":\"PropertyValueSpecification\",\"valueRequired\":true,\"valueName\":\"search_term_string\"}}],\"inLanguage\":\"fr-FR\"},{\"@type\":\"Organization\",\"@id\":\"https:\\\/\\\/www.webdo.tn\\\/fr\\\/#organization\",\"name\":\"Webdo\",\"alternateName\":\"Webdo.tn\",\"url\":\"https:\\\/\\\/www.webdo.tn\\\/fr\\\/\",\"logo\":{\"@type\":\"ImageObject\",\"inLanguage\":\"fr-FR\",\"@id\":\"https:\\\/\\\/www.webdo.tn\\\/fr\\\/#\\\/schema\\\/logo\\\/image\\\/\",\"url\":\"https:\\\/\\\/www.webdo.tn\\\/fr\\\/wp-content\\\/uploads\\\/2025\\\/06\\\/Webdo-Tunisie_168377.jpg\",\"contentUrl\":\"https:\\\/\\\/www.webdo.tn\\\/fr\\\/wp-content\\\/uploads\\\/2025\\\/06\\\/Webdo-Tunisie_168377.jpg\",\"width\":301,\"height\":301,\"caption\":\"Webdo\"},\"image\":{\"@id\":\"https:\\\/\\\/www.webdo.tn\\\/fr\\\/#\\\/schema\\\/logo\\\/image\\\/\"},\"sameAs\":[\"https:\\\/\\\/www.facebook.com\\\/webdotn\",\"https:\\\/\\\/x.com\\\/webdo_tn\"],\"description\":\"Webdo est un m\u00e9dia num\u00e9rique tunisien fond\u00e9 en 2010, sp\u00e9cialis\u00e9 dans l\u2019actualit\u00e9 nationale et internationale, l\u2019\u00e9conomie, la soci\u00e9t\u00e9 et les analyses politiques. Le site s\u2019adresse \u00e0 un large public francophone et couvre l\u2019information tunisienne en temps r\u00e9el.\",\"email\":\"redac@webdo.tn\",\"legalName\":\"YNJ SARL\",\"foundingDate\":\"2010-09-06\",\"numberOfEmployees\":{\"@type\":\"QuantitativeValue\",\"minValue\":\"11\",\"maxValue\":\"50\"}},{\"@type\":\"Person\",\"@id\":\"https:\\\/\\\/www.webdo.tn\\\/fr\\\/#\\\/schema\\\/person\\\/2c4929cbf5a809e3bd38617c6ce150f6\",\"name\":\"MC\",\"image\":{\"@type\":\"ImageObject\",\"inLanguage\":\"fr-FR\",\"@id\":\"https:\\\/\\\/secure.gravatar.com\\\/avatar\\\/a545bbb6f84efdd5553dbbc2895e3ca8f1d12c5215e00a041c9670b54aa9b18a?s=96&d=mm&r=g\",\"url\":\"https:\\\/\\\/secure.gravatar.com\\\/avatar\\\/a545bbb6f84efdd5553dbbc2895e3ca8f1d12c5215e00a041c9670b54aa9b18a?s=96&d=mm&r=g\",\"contentUrl\":\"https:\\\/\\\/secure.gravatar.com\\\/avatar\\\/a545bbb6f84efdd5553dbbc2895e3ca8f1d12c5215e00a041c9670b54aa9b18a?s=96&d=mm&r=g\",\"caption\":\"MC\"},\"url\":\"https:\\\/\\\/www.webdo.tn\\\/fr\\\/actualite\\\/author\\\/mc\\\/\"}]}<\/script>\n<!-- \/ Yoast SEO Premium plugin. -->","yoast_head_json":{"title":"Tunisie : Un plan d\u2019action renforc\u00e9 pour lutter contre la p\u00eache ill\u00e9gale","description":"Le ministre de l\u2019Agriculture, des Ressources Hydrauliques et de la P\u00eache, Ezzeddine Ben Cheikh, a annonc\u00e9 hier que 914 navires de p\u00eache de plus de 15 m\u00e8tres de...","canonical":"https:\/\/www.webdo.tn\/fr\/actualite\/national\/tunisie-un-plan-d-action-renforce-pour-lutter-contre-la-peche-illegale\/220315\/","og_locale":"fr_FR","og_type":"article","og_title":"Tunisie : Un plan d\u2019action renforc\u00e9 pour lutter contre la p\u00eache ill\u00e9gale","og_description":"Le ministre de l\u2019Agriculture, des Ressources Hydrauliques et de la P\u00eache, Ezzeddine Ben Cheikh, a annonc\u00e9 hier que 914 navires de p\u00eache de plus de 15 m\u00e8tres de...","og_url":"https:\/\/www.webdo.tn\/fr\/actualite\/national\/tunisie-un-plan-d-action-renforce-pour-lutter-contre-la-peche-illegale\/220315\/","og_site_name":"webdo","article_publisher":"https:\/\/www.facebook.com\/webdotn","article_published_time":"2025-03-05T09:08:00+00:00","article_modified_time":"2025-05-20T22:17:07+00:00","og_image":[{"width":680,"height":363,"url":"https:\/\/www.webdo.tn\/fr\/wp-content\/uploads\/2025\/03\/584736174161490fc81728f88de8d4cc.webp","type":"image\/webp"}],"author":"MC","twitter_card":"summary_large_image","twitter_creator":"@webdo_tn","twitter_site":"@webdo_tn","twitter_misc":{"\u00c9crit par":"MC","Dur\u00e9e de lecture estim\u00e9e":"1 minute"},"schema":{"@context":"https:\/\/schema.org","@graph":[{"@type":"NewsArticle","@id":"https:\/\/www.webdo.tn\/fr\/actualite\/national\/tunisie-un-plan-d-action-renforce-pour-lutter-contre-la-peche-illegale\/220315\/#article","isPartOf":{"@id":"https:\/\/www.webdo.tn\/fr\/actualite\/national\/tunisie-un-plan-d-action-renforce-pour-lutter-contre-la-peche-illegale\/220315\/"},"author":{"name":"MC","@id":"https:\/\/www.webdo.tn\/fr\/#\/schema\/person\/2c4929cbf5a809e3bd38617c6ce150f6"},"headline":"Tunisie : Un plan d\u2019action renforc\u00e9 pour lutter contre la p\u00eache ill\u00e9gale","datePublished":"2025-03-05T09:08:00+00:00","dateModified":"2025-05-20T22:17:07+00:00","mainEntityOfPage":{"@id":"https:\/\/www.webdo.tn\/fr\/actualite\/national\/tunisie-un-plan-d-action-renforce-pour-lutter-contre-la-peche-illegale\/220315\/"},"wordCount":296,"commentCount":0,"publisher":{"@id":"https:\/\/www.webdo.tn\/fr\/#organization"},"image":{"@id":"https:\/\/www.webdo.tn\/fr\/actualite\/national\/tunisie-un-plan-d-action-renforce-pour-lutter-contre-la-peche-illegale\/220315\/#primaryimage"},"thumbnailUrl":"https:\/\/www.webdo.tn\/fr\/wp-content\/uploads\/2025\/03\/584736174161490fc81728f88de8d4cc.webp","keywords":["'p\u00eache ill\u00e9gale'","'terminaux de surveillance']","Tunisie"],"articleSection":["National"],"inLanguage":"fr-FR"},{"@type":"WebPage","@id":"https:\/\/www.webdo.tn\/fr\/actualite\/national\/tunisie-un-plan-d-action-renforce-pour-lutter-contre-la-peche-illegale\/220315\/","url":"https:\/\/www.webdo.tn\/fr\/actualite\/national\/tunisie-un-plan-d-action-renforce-pour-lutter-contre-la-peche-illegale\/220315\/","name":"Tunisie : Un plan d\u2019action renforc\u00e9 pour lutter contre la p\u00eache ill\u00e9gale","isPartOf":{"@id":"https:\/\/www.webdo.tn\/fr\/#website"},"primaryImageOfPage":{"@id":"https:\/\/www.webdo.tn\/fr\/actualite\/national\/tunisie-un-plan-d-action-renforce-pour-lutter-contre-la-peche-illegale\/220315\/#primaryimage"},"image":{"@id":"https:\/\/www.webdo.tn\/fr\/actualite\/national\/tunisie-un-plan-d-action-renforce-pour-lutter-contre-la-peche-illegale\/220315\/#primaryimage"},"thumbnailUrl":"https:\/\/www.webdo.tn\/fr\/wp-content\/uploads\/2025\/03\/584736174161490fc81728f88de8d4cc.webp","datePublished":"2025-03-05T09:08:00+00:00","dateModified":"2025-05-20T22:17:07+00:00","description":"Le ministre de l\u2019Agriculture, des Ressources Hydrauliques et de la P\u00eache, Ezzeddine Ben Cheikh, a annonc\u00e9 hier que 914 navires de p\u00eache de plus de 15 m\u00e8tres de...","breadcrumb":{"@id":"https:\/\/www.webdo.tn\/fr\/actualite\/national\/tunisie-un-plan-d-action-renforce-pour-lutter-contre-la-peche-illegale\/220315\/#breadcrumb"},"inLanguage":"fr-FR","potentialAction":[{"@type":"ReadAction","target":["https:\/\/www.webdo.tn\/fr\/actualite\/national\/tunisie-un-plan-d-action-renforce-pour-lutter-contre-la-peche-illegale\/220315\/"]}]},{"@type":"ImageObject","inLanguage":"fr-FR","@id":"https:\/\/www.webdo.tn\/fr\/actualite\/national\/tunisie-un-plan-d-action-renforce-pour-lutter-contre-la-peche-illegale\/220315\/#primaryimage","url":"https:\/\/www.webdo.tn\/fr\/wp-content\/uploads\/2025\/03\/584736174161490fc81728f88de8d4cc.webp","contentUrl":"https:\/\/www.webdo.tn\/fr\/wp-content\/uploads\/2025\/03\/584736174161490fc81728f88de8d4cc.webp","width":680,"height":363,"caption":"Tunisie : Un plan d\u2019action renforc\u00e9 pour lutter contre la p\u00eache ill\u00e9gale"},{"@type":"BreadcrumbList","@id":"https:\/\/www.webdo.tn\/fr\/actualite\/national\/tunisie-un-plan-d-action-renforce-pour-lutter-contre-la-peche-illegale\/220315\/#breadcrumb","itemListElement":[{"@type":"ListItem","position":1,"name":"Accueil","item":"https:\/\/www.webdo.tn\/fr\/"},{"@type":"ListItem","position":2,"name":"Tunisie : Un plan d\u2019action renforc\u00e9 pour lutter contre la p\u00eache ill\u00e9gale"}]},{"@type":"WebSite","@id":"https:\/\/www.webdo.tn\/fr\/#website","url":"https:\/\/www.webdo.tn\/fr\/","name":"webdo","description":"Tunisie - News en Tunisie et \u00e0 l&#039;international sur Webdo.tn","publisher":{"@id":"https:\/\/www.webdo.tn\/fr\/#organization"},"potentialAction":[{"@type":"SearchAction","target":{"@type":"EntryPoint","urlTemplate":"https:\/\/www.webdo.tn\/fr\/?s={search_term_string}"},"query-input":{"@type":"PropertyValueSpecification","valueRequired":true,"valueName":"search_term_string"}}],"inLanguage":"fr-FR"},{"@type":"Organization","@id":"https:\/\/www.webdo.tn\/fr\/#organization","name":"Webdo","alternateName":"Webdo.tn","url":"https:\/\/www.webdo.tn\/fr\/","logo":{"@type":"ImageObject","inLanguage":"fr-FR","@id":"https:\/\/www.webdo.tn\/fr\/#\/schema\/logo\/image\/","url":"https:\/\/www.webdo.tn\/fr\/wp-content\/uploads\/2025\/06\/Webdo-Tunisie_168377.jpg","contentUrl":"https:\/\/www.webdo.tn\/fr\/wp-content\/uploads\/2025\/06\/Webdo-Tunisie_168377.jpg","width":301,"height":301,"caption":"Webdo"},"image":{"@id":"https:\/\/www.webdo.tn\/fr\/#\/schema\/logo\/image\/"},"sameAs":["https:\/\/www.facebook.com\/webdotn","https:\/\/x.com\/webdo_tn"],"description":"Webdo est un m\u00e9dia num\u00e9rique tunisien fond\u00e9 en 2010, sp\u00e9cialis\u00e9 dans l\u2019actualit\u00e9 nationale et internationale, l\u2019\u00e9conomie, la soci\u00e9t\u00e9 et les analyses politiques. Le site s\u2019adresse \u00e0 un large public francophone et couvre l\u2019information tunisienne en temps r\u00e9el.","email":"redac@webdo.tn","legalName":"YNJ SARL","foundingDate":"2010-09-06","numberOfEmployees":{"@type":"QuantitativeValue","minValue":"11","maxValue":"50"}},{"@type":"Person","@id":"https:\/\/www.webdo.tn\/fr\/#\/schema\/person\/2c4929cbf5a809e3bd38617c6ce150f6","name":"MC","image":{"@type":"ImageObject","inLanguage":"fr-FR","@id":"https:\/\/secure.gravatar.com\/avatar\/a545bbb6f84efdd5553dbbc2895e3ca8f1d12c5215e00a041c9670b54aa9b18a?s=96&d=mm&r=g","url":"https:\/\/secure.gravatar.com\/avatar\/a545bbb6f84efdd5553dbbc2895e3ca8f1d12c5215e00a041c9670b54aa9b18a?s=96&d=mm&r=g","contentUrl":"https:\/\/secure.gravatar.com\/avatar\/a545bbb6f84efdd5553dbbc2895e3ca8f1d12c5215e00a041c9670b54aa9b18a?s=96&d=mm&r=g","caption":"MC"},"url":"https:\/\/www.webdo.tn\/fr\/actualite\/author\/mc\/"}]}},"_links":{"self":[{"href":"https:\/\/www.webdo.tn\/fr\/wp-json\/wp\/v2\/posts\/220315","targetHints":{"allow":["GET"]}}],"collection":[{"href":"https:\/\/www.webdo.tn\/fr\/wp-json\/wp\/v2\/posts"}],"about":[{"href":"https:\/\/www.webdo.tn\/fr\/wp-json\/wp\/v2\/types\/post"}],"author":[{"embeddable":true,"href":"https:\/\/www.webdo.tn\/fr\/wp-json\/wp\/v2\/users\/3162"}],"replies":[{"embeddable":true,"href":"https:\/\/www.webdo.tn\/fr\/wp-json\/wp\/v2\/comments?post=220315"}],"version-history":[{"count":0,"href":"https:\/\/www.webdo.tn\/fr\/wp-json\/wp\/v2\/posts\/220315\/revisions"}],"wp:featuredmedia":[{"embeddable":true,"href":"https:\/\/www.webdo.tn\/fr\/wp-json\/wp\/v2\/media\/292010"}],"wp:attachment":[{"href":"https:\/\/www.webdo.tn\/fr\/wp-json\/wp\/v2\/media?parent=220315"}],"wp:term":[{"taxonomy":"category","embeddable":true,"href":"https:\/\/www.webdo.tn\/fr\/wp-json\/wp\/v2\/categories?post=220315"},{"taxonomy":"post_tag","embeddable":true,"href":"https:\/\/www.webdo.tn\/fr\/wp-json\/wp\/v2\/tags?post=220315"}],"curies":[{"name":"wp","href":"https:\/\/api.w.org\/{rel}","templated":true}]}}