{"id":220312,"date":"2025-03-05T08:32:00","date_gmt":"2025-03-05T08:32:00","guid":{"rendered":"https:\/\/www.webdo.tn\/fr\/blog\/2025\/03\/05\/tunisie-taekwondo-katoussi-en-tete-jendoubi-sur-le-podium-mondial\/"},"modified":"2025-05-17T20:10:09","modified_gmt":"2025-05-17T20:10:09","slug":"tunisie-taekwondo-katoussi-en-tete-jendoubi-sur-le-podium-mondial","status":"publish","type":"post","link":"https:\/\/www.webdo.tn\/fr\/actualite\/sport\/tunisie-taekwondo-katoussi-en-tete-jendoubi-sur-le-podium-mondial\/220312\/","title":{"rendered":"Tunisie-Taekwondo : Katoussi en t\u00eate, Jendoubi sur le podium mondial"},"content":{"rendered":"<p>Firas Katoussi et Khalil Jendoubi, deux taekwondo\u00efstes tunisiens, continuent de marquer l&rsquo;histoire de leur discipline \u00e0 l&rsquo;\u00e9chelle mondiale.<\/p>\n<p>Firas Katoussi, taekwondo\u00efste tunisien, a atteint la premi\u00e8re place du classement mondial en f\u00e9vrier 2025 dans la cat\u00e9gorie des moins de 80 kg. Ce r\u00e9sultat vient couronner une ann\u00e9e exceptionnelle pour l&rsquo;athl\u00e8te qui avait d\u00e9j\u00e0 d\u00e9croch\u00e9 la m\u00e9daille d\u2019or lors des Jeux Olympiques de Paris 2024 dans la m\u00eame cat\u00e9gorie, affirmant ainsi son statut de leader mondial.\u00a0<\/p>\n<p>Son compatriote Khalil Jendoubi a \u00e9galement marqu\u00e9 les esprits en se classant troisi\u00e8me du classement mondial de f\u00e9vrier 2025 dans la cat\u00e9gorie des moins de 58 kg. Jendoubi, dont la carri\u00e8re est d\u00e9j\u00e0 riche de nombreuses distinctions, a ajout\u00e9 \u00e0 son palmar\u00e8s une m\u00e9daille de bronze obtenue \u00e0 Paris 2024, apr\u00e8s une m\u00e9daille d\u2019argent remport\u00e9e lors des Jeux Olympiques de Tokyo 2020.<\/p>\n","protected":false},"excerpt":{"rendered":"<p>En 2025, Firas Katoussi et Khalil Jendoubi continuent d&rsquo;illuminer le taekwondo tunisien avec leurs performances exceptionnelles, dominant le classement mondial&#8230;<\/p>\n","protected":false},"author":3203,"featured_media":241876,"comment_status":"open","ping_status":"open","sticky":false,"template":"","format":"standard","meta":{"footnotes":""},"categories":[2593],"tags":[3796,3794,3795,3797],"class_list":["post-220312","post","type-post","status-publish","format-standard","has-post-thumbnail","hentry","category-sport","tag-firas-katoussi","tag-khalil-jendoubi","tag-taekwondo","tag-taekwondo-tunisien"],"yoast_head":"<!-- This site is optimized with the Yoast SEO Premium plugin v27.4 (Yoast SEO v27.5) - https:\/\/yoast.com\/product\/yoast-seo-premium-wordpress\/ -->\n<title>Tunisie-Taekwondo : Katoussi en t\u00eate, Jendoubi sur le podium mondial<\/title>\n<meta name=\"description\" content=\"En 2025, Firas Katoussi et Khalil Jendoubi continuent d&#039;illuminer le taekwondo tunisien avec leurs performances exceptionnelles, dominant le classement mondial...\" \/>\n<link rel=\"canonical\" href=\"https:\/\/www.webdo.tn\/fr\/actualite\/sport\/tunisie-taekwondo-katoussi-en-tete-jendoubi-sur-le-podium-mondial\/220312\/\" \/>\n<meta property=\"og:locale\" content=\"fr_FR\" \/>\n<meta property=\"og:type\" content=\"article\" \/>\n<meta property=\"og:title\" content=\"Tunisie-Taekwondo : Katoussi en t\u00eate, Jendoubi sur le podium mondial\" \/>\n<meta property=\"og:description\" content=\"En 2025, Firas Katoussi et Khalil Jendoubi continuent d&#039;illuminer le taekwondo tunisien avec leurs performances exceptionnelles, dominant le classement mondial...\" \/>\n<meta property=\"og:url\" content=\"https:\/\/www.webdo.tn\/fr\/actualite\/sport\/tunisie-taekwondo-katoussi-en-tete-jendoubi-sur-le-podium-mondial\/220312\/\" \/>\n<meta property=\"og:site_name\" content=\"webdo\" \/>\n<meta property=\"article:publisher\" content=\"https:\/\/www.facebook.com\/webdotn\" \/>\n<meta property=\"article:published_time\" content=\"2025-03-05T08:32:00+00:00\" \/>\n<meta property=\"article:modified_time\" content=\"2025-05-17T20:10:09+00:00\" \/>\n<meta property=\"og:image\" content=\"https:\/\/www.webdo.tn\/fr\/wp-content\/uploads\/2025\/05\/abef8f232dae3a440bdadba5a83d55d8-3.webp\" \/>\n\t<meta property=\"og:image:width\" content=\"750\" \/>\n\t<meta property=\"og:image:height\" content=\"400\" \/>\n\t<meta property=\"og:image:type\" content=\"image\/webp\" \/>\n<meta name=\"author\" content=\"Ramzi Haddad\" \/>\n<meta name=\"twitter:card\" content=\"summary_large_image\" \/>\n<meta name=\"twitter:creator\" content=\"@webdo_tn\" \/>\n<meta name=\"twitter:site\" content=\"@webdo_tn\" \/>\n<meta name=\"twitter:label1\" content=\"\u00c9crit par\" \/>\n\t<meta name=\"twitter:data1\" content=\"Ramzi Haddad\" \/>\n\t<meta name=\"twitter:label2\" content=\"Dur\u00e9e de lecture estim\u00e9e\" \/>\n\t<meta name=\"twitter:data2\" content=\"1 minute\" \/>\n<script type=\"application\/ld+json\" class=\"yoast-schema-graph\">{\"@context\":\"https:\\\/\\\/schema.org\",\"@graph\":[{\"@type\":\"NewsArticle\",\"@id\":\"https:\\\/\\\/www.webdo.tn\\\/fr\\\/actualite\\\/sport\\\/tunisie-taekwondo-katoussi-en-tete-jendoubi-sur-le-podium-mondial\\\/220312\\\/#article\",\"isPartOf\":{\"@id\":\"https:\\\/\\\/www.webdo.tn\\\/fr\\\/actualite\\\/sport\\\/tunisie-taekwondo-katoussi-en-tete-jendoubi-sur-le-podium-mondial\\\/220312\\\/\"},\"author\":{\"name\":\"Ramzi Haddad\",\"@id\":\"https:\\\/\\\/www.webdo.tn\\\/fr\\\/#\\\/schema\\\/person\\\/5663044c25eb36d8f88ba5b653f12f8c\"},\"headline\":\"Tunisie-Taekwondo : Katoussi en t\u00eate, Jendoubi sur le podium mondial\",\"datePublished\":\"2025-03-05T08:32:00+00:00\",\"dateModified\":\"2025-05-17T20:10:09+00:00\",\"mainEntityOfPage\":{\"@id\":\"https:\\\/\\\/www.webdo.tn\\\/fr\\\/actualite\\\/sport\\\/tunisie-taekwondo-katoussi-en-tete-jendoubi-sur-le-podium-mondial\\\/220312\\\/\"},\"wordCount\":165,\"commentCount\":0,\"publisher\":{\"@id\":\"https:\\\/\\\/www.webdo.tn\\\/fr\\\/#organization\"},\"image\":{\"@id\":\"https:\\\/\\\/www.webdo.tn\\\/fr\\\/actualite\\\/sport\\\/tunisie-taekwondo-katoussi-en-tete-jendoubi-sur-le-podium-mondial\\\/220312\\\/#primaryimage\"},\"thumbnailUrl\":\"https:\\\/\\\/www.webdo.tn\\\/fr\\\/wp-content\\\/uploads\\\/2025\\\/05\\\/abef8f232dae3a440bdadba5a83d55d8-3.webp\",\"keywords\":[\"Firas Katoussi\",\"Khalil Jendoubi\",\"taekwondo\",\"taekwondo tunisien\"],\"articleSection\":[\"Sport\"],\"inLanguage\":\"fr-FR\"},{\"@type\":\"WebPage\",\"@id\":\"https:\\\/\\\/www.webdo.tn\\\/fr\\\/actualite\\\/sport\\\/tunisie-taekwondo-katoussi-en-tete-jendoubi-sur-le-podium-mondial\\\/220312\\\/\",\"url\":\"https:\\\/\\\/www.webdo.tn\\\/fr\\\/actualite\\\/sport\\\/tunisie-taekwondo-katoussi-en-tete-jendoubi-sur-le-podium-mondial\\\/220312\\\/\",\"name\":\"Tunisie-Taekwondo : Katoussi en t\u00eate, Jendoubi sur le podium mondial\",\"isPartOf\":{\"@id\":\"https:\\\/\\\/www.webdo.tn\\\/fr\\\/#website\"},\"primaryImageOfPage\":{\"@id\":\"https:\\\/\\\/www.webdo.tn\\\/fr\\\/actualite\\\/sport\\\/tunisie-taekwondo-katoussi-en-tete-jendoubi-sur-le-podium-mondial\\\/220312\\\/#primaryimage\"},\"image\":{\"@id\":\"https:\\\/\\\/www.webdo.tn\\\/fr\\\/actualite\\\/sport\\\/tunisie-taekwondo-katoussi-en-tete-jendoubi-sur-le-podium-mondial\\\/220312\\\/#primaryimage\"},\"thumbnailUrl\":\"https:\\\/\\\/www.webdo.tn\\\/fr\\\/wp-content\\\/uploads\\\/2025\\\/05\\\/abef8f232dae3a440bdadba5a83d55d8-3.webp\",\"datePublished\":\"2025-03-05T08:32:00+00:00\",\"dateModified\":\"2025-05-17T20:10:09+00:00\",\"description\":\"En 2025, Firas Katoussi et Khalil Jendoubi continuent d'illuminer le taekwondo tunisien avec leurs performances exceptionnelles, dominant le classement mondial...\",\"breadcrumb\":{\"@id\":\"https:\\\/\\\/www.webdo.tn\\\/fr\\\/actualite\\\/sport\\\/tunisie-taekwondo-katoussi-en-tete-jendoubi-sur-le-podium-mondial\\\/220312\\\/#breadcrumb\"},\"inLanguage\":\"fr-FR\",\"potentialAction\":[{\"@type\":\"ReadAction\",\"target\":[\"https:\\\/\\\/www.webdo.tn\\\/fr\\\/actualite\\\/sport\\\/tunisie-taekwondo-katoussi-en-tete-jendoubi-sur-le-podium-mondial\\\/220312\\\/\"]}]},{\"@type\":\"ImageObject\",\"inLanguage\":\"fr-FR\",\"@id\":\"https:\\\/\\\/www.webdo.tn\\\/fr\\\/actualite\\\/sport\\\/tunisie-taekwondo-katoussi-en-tete-jendoubi-sur-le-podium-mondial\\\/220312\\\/#primaryimage\",\"url\":\"https:\\\/\\\/www.webdo.tn\\\/fr\\\/wp-content\\\/uploads\\\/2025\\\/05\\\/abef8f232dae3a440bdadba5a83d55d8-3.webp\",\"contentUrl\":\"https:\\\/\\\/www.webdo.tn\\\/fr\\\/wp-content\\\/uploads\\\/2025\\\/05\\\/abef8f232dae3a440bdadba5a83d55d8-3.webp\",\"width\":750,\"height\":400},{\"@type\":\"BreadcrumbList\",\"@id\":\"https:\\\/\\\/www.webdo.tn\\\/fr\\\/actualite\\\/sport\\\/tunisie-taekwondo-katoussi-en-tete-jendoubi-sur-le-podium-mondial\\\/220312\\\/#breadcrumb\",\"itemListElement\":[{\"@type\":\"ListItem\",\"position\":1,\"name\":\"Accueil\",\"item\":\"https:\\\/\\\/www.webdo.tn\\\/fr\\\/\"},{\"@type\":\"ListItem\",\"position\":2,\"name\":\"Tunisie-Taekwondo : Katoussi en t\u00eate, Jendoubi sur le podium mondial\"}]},{\"@type\":\"WebSite\",\"@id\":\"https:\\\/\\\/www.webdo.tn\\\/fr\\\/#website\",\"url\":\"https:\\\/\\\/www.webdo.tn\\\/fr\\\/\",\"name\":\"webdo\",\"description\":\"Tunisie - News en Tunisie et \u00e0 l&#039;international sur Webdo.tn\",\"publisher\":{\"@id\":\"https:\\\/\\\/www.webdo.tn\\\/fr\\\/#organization\"},\"potentialAction\":[{\"@type\":\"SearchAction\",\"target\":{\"@type\":\"EntryPoint\",\"urlTemplate\":\"https:\\\/\\\/www.webdo.tn\\\/fr\\\/?s={search_term_string}\"},\"query-input\":{\"@type\":\"PropertyValueSpecification\",\"valueRequired\":true,\"valueName\":\"search_term_string\"}}],\"inLanguage\":\"fr-FR\"},{\"@type\":\"Organization\",\"@id\":\"https:\\\/\\\/www.webdo.tn\\\/fr\\\/#organization\",\"name\":\"Webdo\",\"alternateName\":\"Webdo.tn\",\"url\":\"https:\\\/\\\/www.webdo.tn\\\/fr\\\/\",\"logo\":{\"@type\":\"ImageObject\",\"inLanguage\":\"fr-FR\",\"@id\":\"https:\\\/\\\/www.webdo.tn\\\/fr\\\/#\\\/schema\\\/logo\\\/image\\\/\",\"url\":\"https:\\\/\\\/www.webdo.tn\\\/fr\\\/wp-content\\\/uploads\\\/2025\\\/06\\\/Webdo-Tunisie_168377.jpg\",\"contentUrl\":\"https:\\\/\\\/www.webdo.tn\\\/fr\\\/wp-content\\\/uploads\\\/2025\\\/06\\\/Webdo-Tunisie_168377.jpg\",\"width\":301,\"height\":301,\"caption\":\"Webdo\"},\"image\":{\"@id\":\"https:\\\/\\\/www.webdo.tn\\\/fr\\\/#\\\/schema\\\/logo\\\/image\\\/\"},\"sameAs\":[\"https:\\\/\\\/www.facebook.com\\\/webdotn\",\"https:\\\/\\\/x.com\\\/webdo_tn\"],\"description\":\"Webdo est un m\u00e9dia num\u00e9rique tunisien fond\u00e9 en 2010, sp\u00e9cialis\u00e9 dans l\u2019actualit\u00e9 nationale et internationale, l\u2019\u00e9conomie, la soci\u00e9t\u00e9 et les analyses politiques. Le site s\u2019adresse \u00e0 un large public francophone et couvre l\u2019information tunisienne en temps r\u00e9el.\",\"email\":\"redac@webdo.tn\",\"legalName\":\"YNJ SARL\",\"foundingDate\":\"2010-09-06\",\"numberOfEmployees\":{\"@type\":\"QuantitativeValue\",\"minValue\":\"11\",\"maxValue\":\"50\"}},{\"@type\":\"Person\",\"@id\":\"https:\\\/\\\/www.webdo.tn\\\/fr\\\/#\\\/schema\\\/person\\\/5663044c25eb36d8f88ba5b653f12f8c\",\"name\":\"Ramzi Haddad\",\"image\":{\"@type\":\"ImageObject\",\"inLanguage\":\"fr-FR\",\"@id\":\"https:\\\/\\\/www.webdo.tn\\\/fr\\\/wp-content\\\/uploads\\\/2026\\\/04\\\/ramzi-haddad_avatar-96x96.jpg\",\"url\":\"https:\\\/\\\/www.webdo.tn\\\/fr\\\/wp-content\\\/uploads\\\/2026\\\/04\\\/ramzi-haddad_avatar-96x96.jpg\",\"contentUrl\":\"https:\\\/\\\/www.webdo.tn\\\/fr\\\/wp-content\\\/uploads\\\/2026\\\/04\\\/ramzi-haddad_avatar-96x96.jpg\",\"caption\":\"Ramzi Haddad\"},\"description\":\"Signature \u00e9ditoriale de Walid Ben Youssef Ramzi Haddad est le pseudonyme \u00e9ditorial de Walid Ben Youssef, fondateur et g\u00e9rant de Webdo.tn. Cette signature est d\u00e9di\u00e9e \u00e0 la couverture de l'actualit\u00e9 nationale et internationale, ainsi qu'aux analyses des dynamiques num\u00e9riques. Ce profil b\u00e9n\u00e9ficie de l'expertise de Walid Ben Youssef, pionnier du web en Tunisie depuis 2000 et dipl\u00f4m\u00e9 en Math\u00e9matiques pures de l'Universit\u00e9 d'Oregon. \u00c0 travers cette signature, la r\u00e9daction de Webdo garantit une information structur\u00e9e et v\u00e9rifi\u00e9e, fid\u00e8le aux standards journalistiques du m\u00e9dia.\",\"url\":\"https:\\\/\\\/www.webdo.tn\\\/fr\\\/actualite\\\/author\\\/ramzi-haddad\\\/\"}]}<\/script>\n<!-- \/ Yoast SEO Premium plugin. -->","yoast_head_json":{"title":"Tunisie-Taekwondo : Katoussi en t\u00eate, Jendoubi sur le podium mondial","description":"En 2025, Firas Katoussi et Khalil Jendoubi continuent d'illuminer le taekwondo tunisien avec leurs performances exceptionnelles, dominant le classement mondial...","canonical":"https:\/\/www.webdo.tn\/fr\/actualite\/sport\/tunisie-taekwondo-katoussi-en-tete-jendoubi-sur-le-podium-mondial\/220312\/","og_locale":"fr_FR","og_type":"article","og_title":"Tunisie-Taekwondo : Katoussi en t\u00eate, Jendoubi sur le podium mondial","og_description":"En 2025, Firas Katoussi et Khalil Jendoubi continuent d'illuminer le taekwondo tunisien avec leurs performances exceptionnelles, dominant le classement mondial...","og_url":"https:\/\/www.webdo.tn\/fr\/actualite\/sport\/tunisie-taekwondo-katoussi-en-tete-jendoubi-sur-le-podium-mondial\/220312\/","og_site_name":"webdo","article_publisher":"https:\/\/www.facebook.com\/webdotn","article_published_time":"2025-03-05T08:32:00+00:00","article_modified_time":"2025-05-17T20:10:09+00:00","og_image":[{"width":750,"height":400,"url":"https:\/\/www.webdo.tn\/fr\/wp-content\/uploads\/2025\/05\/abef8f232dae3a440bdadba5a83d55d8-3.webp","type":"image\/webp"}],"author":"Ramzi Haddad","twitter_card":"summary_large_image","twitter_creator":"@webdo_tn","twitter_site":"@webdo_tn","twitter_misc":{"\u00c9crit par":"Ramzi Haddad","Dur\u00e9e de lecture estim\u00e9e":"1 minute"},"schema":{"@context":"https:\/\/schema.org","@graph":[{"@type":"NewsArticle","@id":"https:\/\/www.webdo.tn\/fr\/actualite\/sport\/tunisie-taekwondo-katoussi-en-tete-jendoubi-sur-le-podium-mondial\/220312\/#article","isPartOf":{"@id":"https:\/\/www.webdo.tn\/fr\/actualite\/sport\/tunisie-taekwondo-katoussi-en-tete-jendoubi-sur-le-podium-mondial\/220312\/"},"author":{"name":"Ramzi Haddad","@id":"https:\/\/www.webdo.tn\/fr\/#\/schema\/person\/5663044c25eb36d8f88ba5b653f12f8c"},"headline":"Tunisie-Taekwondo : Katoussi en t\u00eate, Jendoubi sur le podium mondial","datePublished":"2025-03-05T08:32:00+00:00","dateModified":"2025-05-17T20:10:09+00:00","mainEntityOfPage":{"@id":"https:\/\/www.webdo.tn\/fr\/actualite\/sport\/tunisie-taekwondo-katoussi-en-tete-jendoubi-sur-le-podium-mondial\/220312\/"},"wordCount":165,"commentCount":0,"publisher":{"@id":"https:\/\/www.webdo.tn\/fr\/#organization"},"image":{"@id":"https:\/\/www.webdo.tn\/fr\/actualite\/sport\/tunisie-taekwondo-katoussi-en-tete-jendoubi-sur-le-podium-mondial\/220312\/#primaryimage"},"thumbnailUrl":"https:\/\/www.webdo.tn\/fr\/wp-content\/uploads\/2025\/05\/abef8f232dae3a440bdadba5a83d55d8-3.webp","keywords":["Firas Katoussi","Khalil Jendoubi","taekwondo","taekwondo tunisien"],"articleSection":["Sport"],"inLanguage":"fr-FR"},{"@type":"WebPage","@id":"https:\/\/www.webdo.tn\/fr\/actualite\/sport\/tunisie-taekwondo-katoussi-en-tete-jendoubi-sur-le-podium-mondial\/220312\/","url":"https:\/\/www.webdo.tn\/fr\/actualite\/sport\/tunisie-taekwondo-katoussi-en-tete-jendoubi-sur-le-podium-mondial\/220312\/","name":"Tunisie-Taekwondo : Katoussi en t\u00eate, Jendoubi sur le podium mondial","isPartOf":{"@id":"https:\/\/www.webdo.tn\/fr\/#website"},"primaryImageOfPage":{"@id":"https:\/\/www.webdo.tn\/fr\/actualite\/sport\/tunisie-taekwondo-katoussi-en-tete-jendoubi-sur-le-podium-mondial\/220312\/#primaryimage"},"image":{"@id":"https:\/\/www.webdo.tn\/fr\/actualite\/sport\/tunisie-taekwondo-katoussi-en-tete-jendoubi-sur-le-podium-mondial\/220312\/#primaryimage"},"thumbnailUrl":"https:\/\/www.webdo.tn\/fr\/wp-content\/uploads\/2025\/05\/abef8f232dae3a440bdadba5a83d55d8-3.webp","datePublished":"2025-03-05T08:32:00+00:00","dateModified":"2025-05-17T20:10:09+00:00","description":"En 2025, Firas Katoussi et Khalil Jendoubi continuent d'illuminer le taekwondo tunisien avec leurs performances exceptionnelles, dominant le classement mondial...","breadcrumb":{"@id":"https:\/\/www.webdo.tn\/fr\/actualite\/sport\/tunisie-taekwondo-katoussi-en-tete-jendoubi-sur-le-podium-mondial\/220312\/#breadcrumb"},"inLanguage":"fr-FR","potentialAction":[{"@type":"ReadAction","target":["https:\/\/www.webdo.tn\/fr\/actualite\/sport\/tunisie-taekwondo-katoussi-en-tete-jendoubi-sur-le-podium-mondial\/220312\/"]}]},{"@type":"ImageObject","inLanguage":"fr-FR","@id":"https:\/\/www.webdo.tn\/fr\/actualite\/sport\/tunisie-taekwondo-katoussi-en-tete-jendoubi-sur-le-podium-mondial\/220312\/#primaryimage","url":"https:\/\/www.webdo.tn\/fr\/wp-content\/uploads\/2025\/05\/abef8f232dae3a440bdadba5a83d55d8-3.webp","contentUrl":"https:\/\/www.webdo.tn\/fr\/wp-content\/uploads\/2025\/05\/abef8f232dae3a440bdadba5a83d55d8-3.webp","width":750,"height":400},{"@type":"BreadcrumbList","@id":"https:\/\/www.webdo.tn\/fr\/actualite\/sport\/tunisie-taekwondo-katoussi-en-tete-jendoubi-sur-le-podium-mondial\/220312\/#breadcrumb","itemListElement":[{"@type":"ListItem","position":1,"name":"Accueil","item":"https:\/\/www.webdo.tn\/fr\/"},{"@type":"ListItem","position":2,"name":"Tunisie-Taekwondo : Katoussi en t\u00eate, Jendoubi sur le podium mondial"}]},{"@type":"WebSite","@id":"https:\/\/www.webdo.tn\/fr\/#website","url":"https:\/\/www.webdo.tn\/fr\/","name":"webdo","description":"Tunisie - News en Tunisie et \u00e0 l&#039;international sur Webdo.tn","publisher":{"@id":"https:\/\/www.webdo.tn\/fr\/#organization"},"potentialAction":[{"@type":"SearchAction","target":{"@type":"EntryPoint","urlTemplate":"https:\/\/www.webdo.tn\/fr\/?s={search_term_string}"},"query-input":{"@type":"PropertyValueSpecification","valueRequired":true,"valueName":"search_term_string"}}],"inLanguage":"fr-FR"},{"@type":"Organization","@id":"https:\/\/www.webdo.tn\/fr\/#organization","name":"Webdo","alternateName":"Webdo.tn","url":"https:\/\/www.webdo.tn\/fr\/","logo":{"@type":"ImageObject","inLanguage":"fr-FR","@id":"https:\/\/www.webdo.tn\/fr\/#\/schema\/logo\/image\/","url":"https:\/\/www.webdo.tn\/fr\/wp-content\/uploads\/2025\/06\/Webdo-Tunisie_168377.jpg","contentUrl":"https:\/\/www.webdo.tn\/fr\/wp-content\/uploads\/2025\/06\/Webdo-Tunisie_168377.jpg","width":301,"height":301,"caption":"Webdo"},"image":{"@id":"https:\/\/www.webdo.tn\/fr\/#\/schema\/logo\/image\/"},"sameAs":["https:\/\/www.facebook.com\/webdotn","https:\/\/x.com\/webdo_tn"],"description":"Webdo est un m\u00e9dia num\u00e9rique tunisien fond\u00e9 en 2010, sp\u00e9cialis\u00e9 dans l\u2019actualit\u00e9 nationale et internationale, l\u2019\u00e9conomie, la soci\u00e9t\u00e9 et les analyses politiques. Le site s\u2019adresse \u00e0 un large public francophone et couvre l\u2019information tunisienne en temps r\u00e9el.","email":"redac@webdo.tn","legalName":"YNJ SARL","foundingDate":"2010-09-06","numberOfEmployees":{"@type":"QuantitativeValue","minValue":"11","maxValue":"50"}},{"@type":"Person","@id":"https:\/\/www.webdo.tn\/fr\/#\/schema\/person\/5663044c25eb36d8f88ba5b653f12f8c","name":"Ramzi Haddad","image":{"@type":"ImageObject","inLanguage":"fr-FR","@id":"https:\/\/www.webdo.tn\/fr\/wp-content\/uploads\/2026\/04\/ramzi-haddad_avatar-96x96.jpg","url":"https:\/\/www.webdo.tn\/fr\/wp-content\/uploads\/2026\/04\/ramzi-haddad_avatar-96x96.jpg","contentUrl":"https:\/\/www.webdo.tn\/fr\/wp-content\/uploads\/2026\/04\/ramzi-haddad_avatar-96x96.jpg","caption":"Ramzi Haddad"},"description":"Signature \u00e9ditoriale de Walid Ben Youssef Ramzi Haddad est le pseudonyme \u00e9ditorial de Walid Ben Youssef, fondateur et g\u00e9rant de Webdo.tn. Cette signature est d\u00e9di\u00e9e \u00e0 la couverture de l'actualit\u00e9 nationale et internationale, ainsi qu'aux analyses des dynamiques num\u00e9riques. Ce profil b\u00e9n\u00e9ficie de l'expertise de Walid Ben Youssef, pionnier du web en Tunisie depuis 2000 et dipl\u00f4m\u00e9 en Math\u00e9matiques pures de l'Universit\u00e9 d'Oregon. \u00c0 travers cette signature, la r\u00e9daction de Webdo garantit une information structur\u00e9e et v\u00e9rifi\u00e9e, fid\u00e8le aux standards journalistiques du m\u00e9dia.","url":"https:\/\/www.webdo.tn\/fr\/actualite\/author\/ramzi-haddad\/"}]}},"_links":{"self":[{"href":"https:\/\/www.webdo.tn\/fr\/wp-json\/wp\/v2\/posts\/220312","targetHints":{"allow":["GET"]}}],"collection":[{"href":"https:\/\/www.webdo.tn\/fr\/wp-json\/wp\/v2\/posts"}],"about":[{"href":"https:\/\/www.webdo.tn\/fr\/wp-json\/wp\/v2\/types\/post"}],"author":[{"embeddable":true,"href":"https:\/\/www.webdo.tn\/fr\/wp-json\/wp\/v2\/users\/3203"}],"replies":[{"embeddable":true,"href":"https:\/\/www.webdo.tn\/fr\/wp-json\/wp\/v2\/comments?post=220312"}],"version-history":[{"count":0,"href":"https:\/\/www.webdo.tn\/fr\/wp-json\/wp\/v2\/posts\/220312\/revisions"}],"wp:featuredmedia":[{"embeddable":true,"href":"https:\/\/www.webdo.tn\/fr\/wp-json\/wp\/v2\/media\/241876"}],"wp:attachment":[{"href":"https:\/\/www.webdo.tn\/fr\/wp-json\/wp\/v2\/media?parent=220312"}],"wp:term":[{"taxonomy":"category","embeddable":true,"href":"https:\/\/www.webdo.tn\/fr\/wp-json\/wp\/v2\/categories?post=220312"},{"taxonomy":"post_tag","embeddable":true,"href":"https:\/\/www.webdo.tn\/fr\/wp-json\/wp\/v2\/tags?post=220312"}],"curies":[{"name":"wp","href":"https:\/\/api.w.org\/{rel}","templated":true}]}}