{"id":220302,"date":"2025-03-04T19:53:00","date_gmt":"2025-03-04T19:53:00","guid":{"rendered":"https:\/\/www.webdo.tn\/fr\/blog\/2025\/03\/04\/tunisie-complot-conte-l-etat-le-proces-reporte-au-11-avril-les-accuses-restent-en-detention\/"},"modified":"2025-05-21T08:59:15","modified_gmt":"2025-05-21T08:59:15","slug":"tunisie-complot-conte-l-etat-le-proces-reporte-au-11-avril-les-accuses-restent-en-detention","status":"publish","type":"post","link":"https:\/\/www.webdo.tn\/fr\/actualite\/national\/tunisie-complot-conte-l-etat-le-proces-reporte-au-11-avril-les-accuses-restent-en-detention\/220302\/","title":{"rendered":"Tunisie &#8211; Complot conte l&rsquo;Etat : le proc\u00e8s report\u00e9 au 11 avril, les accus\u00e9s restent en d\u00e9tention"},"content":{"rendered":"<p>La Chambre criminelle sp\u00e9cialis\u00e9e dans les affaires terroristes du Tribunal de premi\u00e8re instance de Tunis a d\u00e9cid\u00e9, mardi 4 mars, de reporter au 11 avril l\u2019examen du dossier relatif au complot contre la s\u00fbret\u00e9 de l\u2019\u00c9tat.<\/p>\n<p>\t\t\t\t\t\t\t\t\tToutes les demandes de mise en libert\u00e9 pr\u00e9sent\u00e9es par les accus\u00e9s ont \u00e9galement \u00e9t\u00e9 rejet\u00e9es, selon l\u2019Agence Tunis Afrique Presse.<\/p>\n<p>L\u2019audience, qui a suscit\u00e9 un large int\u00e9r\u00eat m\u00e9diatique, s\u2019est d\u00e9roul\u00e9e en pr\u00e9sence de plusieurs figures politiques, avocats et hommes d\u2019affaires poursuivis dans cette affaire. Les accus\u00e9s d\u00e9tenus ont comparu \u00e0 distance, une mesure vivement contest\u00e9e par la d\u00e9fense, tandis que d\u2019autres pr\u00e9venus ont assist\u00e9 au proc\u00e8s en libert\u00e9.<\/p>\n<p>Les avocats des accus\u00e9s ont insist\u00e9 sur la n\u00e9cessit\u00e9 d\u2019une comparution physique de leurs clients, estimant que leur proc\u00e8s \u00e0 distance portait atteinte \u00e0 leurs droits de d\u00e9fense. Malgr\u00e9 ces objections, le tribunal a maintenu son choix proc\u00e9dural et refus\u00e9 toute remise en libert\u00e9, prolongeant ainsi la d\u00e9tention des concern\u00e9s jusqu\u2019\u00e0 la prochaine audience.<\/p>\n<p>L\u2019affaire implique pr\u00e8s de 40 accus\u00e9s, dont plusieurs personnalit\u00e9s politiques et \u00e9conomiques. Parmi eux figurent l&rsquo;ex-secr\u00e9taire g\u00e9n\u00e9ral du Courant D\u00e9mocratique, Ghazi Chaouachi, les dirigeants de la coalition Al-Khalas, Jawhar Ben Mbarek, Rida Belhaj et Issam Chebbi, ainsi que l&rsquo;ancien dirigeant du mouvement Ennahdha, Abdelhamid Jelassi. Sont \u00e9galement concern\u00e9s l\u2019ex-ministre de la Justice et dirigeant d\u2019Ennahdha, Noureddine Bhiri, ainsi que les hommes d\u2019affaires Kamel Latif et Khyam Turki.<\/p>\n","protected":false},"excerpt":{"rendered":"<p>Affaire du complot contre la s\u00fbret\u00e9 de l\u2019\u00c9tat : le Tribunal de Tunis reporte le proc\u00e8s au 11 avril et rejette les demandes de mise en libert\u00e9.<\/p>\n","protected":false},"author":3166,"featured_media":241872,"comment_status":"open","ping_status":"open","sticky":false,"template":"","format":"standard","meta":{"footnotes":""},"categories":[44],"tags":[3068,2619,3261,2608],"class_list":["post-220302","post","type-post","status-publish","format-standard","has-post-thumbnail","hentry","category-national","tag-complot-contre-letat","tag-justice","tag-proces","tag-tunisie"],"yoast_head":"<!-- This site is optimized with the Yoast SEO Premium plugin v27.4 (Yoast SEO v27.5) - https:\/\/yoast.com\/product\/yoast-seo-premium-wordpress\/ -->\n<title>Tunisie - Complot conte l&#039;Etat : le proc\u00e8s report\u00e9 au 11 avril, les accus\u00e9s restent en d\u00e9tention<\/title>\n<meta name=\"description\" content=\"Affaire du complot contre la s\u00fbret\u00e9 de l\u2019\u00c9tat : le Tribunal de Tunis reporte le proc\u00e8s au 11 avril et rejette les demandes de mise en libert\u00e9.\" \/>\n<link rel=\"canonical\" href=\"https:\/\/www.webdo.tn\/fr\/actualite\/national\/tunisie-complot-conte-l-etat-le-proces-reporte-au-11-avril-les-accuses-restent-en-detention\/220302\/\" \/>\n<meta property=\"og:locale\" content=\"fr_FR\" \/>\n<meta property=\"og:type\" content=\"article\" \/>\n<meta property=\"og:title\" content=\"Tunisie - Complot conte l&#039;Etat : le proc\u00e8s report\u00e9 au 11 avril, les accus\u00e9s restent en d\u00e9tention\" \/>\n<meta property=\"og:description\" content=\"Affaire du complot contre la s\u00fbret\u00e9 de l\u2019\u00c9tat : le Tribunal de Tunis reporte le proc\u00e8s au 11 avril et rejette les demandes de mise en libert\u00e9.\" \/>\n<meta property=\"og:url\" content=\"https:\/\/www.webdo.tn\/fr\/actualite\/national\/tunisie-complot-conte-l-etat-le-proces-reporte-au-11-avril-les-accuses-restent-en-detention\/220302\/\" \/>\n<meta property=\"og:site_name\" content=\"webdo\" \/>\n<meta property=\"article:publisher\" content=\"https:\/\/www.facebook.com\/webdotn\" \/>\n<meta property=\"article:published_time\" content=\"2025-03-04T19:53:00+00:00\" \/>\n<meta property=\"article:modified_time\" content=\"2025-05-21T08:59:15+00:00\" \/>\n<meta property=\"og:image\" content=\"https:\/\/www.webdo.tn\/fr\/wp-content\/uploads\/2025\/05\/d07f2a57c6fa14f5a893b7f743767451-3.webp\" \/>\n\t<meta property=\"og:image:width\" content=\"750\" \/>\n\t<meta property=\"og:image:height\" content=\"400\" \/>\n\t<meta property=\"og:image:type\" content=\"image\/webp\" \/>\n<meta name=\"author\" content=\"AZ\" \/>\n<meta name=\"twitter:card\" content=\"summary_large_image\" \/>\n<meta name=\"twitter:creator\" content=\"@webdo_tn\" \/>\n<meta name=\"twitter:site\" content=\"@webdo_tn\" \/>\n<meta name=\"twitter:label1\" content=\"\u00c9crit par\" \/>\n\t<meta name=\"twitter:data1\" content=\"AZ\" \/>\n\t<meta name=\"twitter:label2\" content=\"Dur\u00e9e de lecture estim\u00e9e\" \/>\n\t<meta name=\"twitter:data2\" content=\"1 minute\" \/>\n<script type=\"application\/ld+json\" class=\"yoast-schema-graph\">{\"@context\":\"https:\\\/\\\/schema.org\",\"@graph\":[{\"@type\":\"NewsArticle\",\"@id\":\"https:\\\/\\\/www.webdo.tn\\\/fr\\\/actualite\\\/national\\\/tunisie-complot-conte-l-etat-le-proces-reporte-au-11-avril-les-accuses-restent-en-detention\\\/220302\\\/#article\",\"isPartOf\":{\"@id\":\"https:\\\/\\\/www.webdo.tn\\\/fr\\\/actualite\\\/national\\\/tunisie-complot-conte-l-etat-le-proces-reporte-au-11-avril-les-accuses-restent-en-detention\\\/220302\\\/\"},\"author\":{\"name\":\"AZ\",\"@id\":\"https:\\\/\\\/www.webdo.tn\\\/fr\\\/#\\\/schema\\\/person\\\/b8a41c04d93287d375510db360906b34\"},\"headline\":\"Tunisie &#8211; Complot conte l&rsquo;Etat : le proc\u00e8s report\u00e9 au 11 avril, les accus\u00e9s restent en d\u00e9tention\",\"datePublished\":\"2025-03-04T19:53:00+00:00\",\"dateModified\":\"2025-05-21T08:59:15+00:00\",\"mainEntityOfPage\":{\"@id\":\"https:\\\/\\\/www.webdo.tn\\\/fr\\\/actualite\\\/national\\\/tunisie-complot-conte-l-etat-le-proces-reporte-au-11-avril-les-accuses-restent-en-detention\\\/220302\\\/\"},\"wordCount\":288,\"commentCount\":0,\"publisher\":{\"@id\":\"https:\\\/\\\/www.webdo.tn\\\/fr\\\/#organization\"},\"image\":{\"@id\":\"https:\\\/\\\/www.webdo.tn\\\/fr\\\/actualite\\\/national\\\/tunisie-complot-conte-l-etat-le-proces-reporte-au-11-avril-les-accuses-restent-en-detention\\\/220302\\\/#primaryimage\"},\"thumbnailUrl\":\"https:\\\/\\\/www.webdo.tn\\\/fr\\\/wp-content\\\/uploads\\\/2025\\\/05\\\/d07f2a57c6fa14f5a893b7f743767451-3.webp\",\"keywords\":[\"Complot contre l'Etat\",\"justice\",\"proc\u00e8s\",\"Tunisie\"],\"articleSection\":[\"National\"],\"inLanguage\":\"fr-FR\"},{\"@type\":\"WebPage\",\"@id\":\"https:\\\/\\\/www.webdo.tn\\\/fr\\\/actualite\\\/national\\\/tunisie-complot-conte-l-etat-le-proces-reporte-au-11-avril-les-accuses-restent-en-detention\\\/220302\\\/\",\"url\":\"https:\\\/\\\/www.webdo.tn\\\/fr\\\/actualite\\\/national\\\/tunisie-complot-conte-l-etat-le-proces-reporte-au-11-avril-les-accuses-restent-en-detention\\\/220302\\\/\",\"name\":\"Tunisie - Complot conte l'Etat : le proc\u00e8s report\u00e9 au 11 avril, les accus\u00e9s restent en d\u00e9tention\",\"isPartOf\":{\"@id\":\"https:\\\/\\\/www.webdo.tn\\\/fr\\\/#website\"},\"primaryImageOfPage\":{\"@id\":\"https:\\\/\\\/www.webdo.tn\\\/fr\\\/actualite\\\/national\\\/tunisie-complot-conte-l-etat-le-proces-reporte-au-11-avril-les-accuses-restent-en-detention\\\/220302\\\/#primaryimage\"},\"image\":{\"@id\":\"https:\\\/\\\/www.webdo.tn\\\/fr\\\/actualite\\\/national\\\/tunisie-complot-conte-l-etat-le-proces-reporte-au-11-avril-les-accuses-restent-en-detention\\\/220302\\\/#primaryimage\"},\"thumbnailUrl\":\"https:\\\/\\\/www.webdo.tn\\\/fr\\\/wp-content\\\/uploads\\\/2025\\\/05\\\/d07f2a57c6fa14f5a893b7f743767451-3.webp\",\"datePublished\":\"2025-03-04T19:53:00+00:00\",\"dateModified\":\"2025-05-21T08:59:15+00:00\",\"description\":\"Affaire du complot contre la s\u00fbret\u00e9 de l\u2019\u00c9tat : le Tribunal de Tunis reporte le proc\u00e8s au 11 avril et rejette les demandes de mise en libert\u00e9.\",\"breadcrumb\":{\"@id\":\"https:\\\/\\\/www.webdo.tn\\\/fr\\\/actualite\\\/national\\\/tunisie-complot-conte-l-etat-le-proces-reporte-au-11-avril-les-accuses-restent-en-detention\\\/220302\\\/#breadcrumb\"},\"inLanguage\":\"fr-FR\",\"potentialAction\":[{\"@type\":\"ReadAction\",\"target\":[\"https:\\\/\\\/www.webdo.tn\\\/fr\\\/actualite\\\/national\\\/tunisie-complot-conte-l-etat-le-proces-reporte-au-11-avril-les-accuses-restent-en-detention\\\/220302\\\/\"]}]},{\"@type\":\"ImageObject\",\"inLanguage\":\"fr-FR\",\"@id\":\"https:\\\/\\\/www.webdo.tn\\\/fr\\\/actualite\\\/national\\\/tunisie-complot-conte-l-etat-le-proces-reporte-au-11-avril-les-accuses-restent-en-detention\\\/220302\\\/#primaryimage\",\"url\":\"https:\\\/\\\/www.webdo.tn\\\/fr\\\/wp-content\\\/uploads\\\/2025\\\/05\\\/d07f2a57c6fa14f5a893b7f743767451-3.webp\",\"contentUrl\":\"https:\\\/\\\/www.webdo.tn\\\/fr\\\/wp-content\\\/uploads\\\/2025\\\/05\\\/d07f2a57c6fa14f5a893b7f743767451-3.webp\",\"width\":750,\"height\":400},{\"@type\":\"BreadcrumbList\",\"@id\":\"https:\\\/\\\/www.webdo.tn\\\/fr\\\/actualite\\\/national\\\/tunisie-complot-conte-l-etat-le-proces-reporte-au-11-avril-les-accuses-restent-en-detention\\\/220302\\\/#breadcrumb\",\"itemListElement\":[{\"@type\":\"ListItem\",\"position\":1,\"name\":\"Accueil\",\"item\":\"https:\\\/\\\/www.webdo.tn\\\/fr\\\/\"},{\"@type\":\"ListItem\",\"position\":2,\"name\":\"Tunisie &#8211; Complot conte l&#8217;Etat : le proc\u00e8s report\u00e9 au 11 avril, les accus\u00e9s restent en d\u00e9tention\"}]},{\"@type\":\"WebSite\",\"@id\":\"https:\\\/\\\/www.webdo.tn\\\/fr\\\/#website\",\"url\":\"https:\\\/\\\/www.webdo.tn\\\/fr\\\/\",\"name\":\"webdo\",\"description\":\"Tunisie - News en Tunisie et \u00e0 l&#039;international sur Webdo.tn\",\"publisher\":{\"@id\":\"https:\\\/\\\/www.webdo.tn\\\/fr\\\/#organization\"},\"potentialAction\":[{\"@type\":\"SearchAction\",\"target\":{\"@type\":\"EntryPoint\",\"urlTemplate\":\"https:\\\/\\\/www.webdo.tn\\\/fr\\\/?s={search_term_string}\"},\"query-input\":{\"@type\":\"PropertyValueSpecification\",\"valueRequired\":true,\"valueName\":\"search_term_string\"}}],\"inLanguage\":\"fr-FR\"},{\"@type\":\"Organization\",\"@id\":\"https:\\\/\\\/www.webdo.tn\\\/fr\\\/#organization\",\"name\":\"Webdo\",\"alternateName\":\"Webdo.tn\",\"url\":\"https:\\\/\\\/www.webdo.tn\\\/fr\\\/\",\"logo\":{\"@type\":\"ImageObject\",\"inLanguage\":\"fr-FR\",\"@id\":\"https:\\\/\\\/www.webdo.tn\\\/fr\\\/#\\\/schema\\\/logo\\\/image\\\/\",\"url\":\"https:\\\/\\\/www.webdo.tn\\\/fr\\\/wp-content\\\/uploads\\\/2025\\\/06\\\/Webdo-Tunisie_168377.jpg\",\"contentUrl\":\"https:\\\/\\\/www.webdo.tn\\\/fr\\\/wp-content\\\/uploads\\\/2025\\\/06\\\/Webdo-Tunisie_168377.jpg\",\"width\":301,\"height\":301,\"caption\":\"Webdo\"},\"image\":{\"@id\":\"https:\\\/\\\/www.webdo.tn\\\/fr\\\/#\\\/schema\\\/logo\\\/image\\\/\"},\"sameAs\":[\"https:\\\/\\\/www.facebook.com\\\/webdotn\",\"https:\\\/\\\/x.com\\\/webdo_tn\"],\"description\":\"Webdo est un m\u00e9dia num\u00e9rique tunisien fond\u00e9 en 2010, sp\u00e9cialis\u00e9 dans l\u2019actualit\u00e9 nationale et internationale, l\u2019\u00e9conomie, la soci\u00e9t\u00e9 et les analyses politiques. Le site s\u2019adresse \u00e0 un large public francophone et couvre l\u2019information tunisienne en temps r\u00e9el.\",\"email\":\"redac@webdo.tn\",\"legalName\":\"YNJ SARL\",\"foundingDate\":\"2010-09-06\",\"numberOfEmployees\":{\"@type\":\"QuantitativeValue\",\"minValue\":\"11\",\"maxValue\":\"50\"}},{\"@type\":\"Person\",\"@id\":\"https:\\\/\\\/www.webdo.tn\\\/fr\\\/#\\\/schema\\\/person\\\/b8a41c04d93287d375510db360906b34\",\"name\":\"AZ\",\"image\":{\"@type\":\"ImageObject\",\"inLanguage\":\"fr-FR\",\"@id\":\"https:\\\/\\\/secure.gravatar.com\\\/avatar\\\/492b80bada79439de4201dce15cd41eece6c277cfdf1b53382073c79105c1f89?s=96&d=mm&r=g\",\"url\":\"https:\\\/\\\/secure.gravatar.com\\\/avatar\\\/492b80bada79439de4201dce15cd41eece6c277cfdf1b53382073c79105c1f89?s=96&d=mm&r=g\",\"contentUrl\":\"https:\\\/\\\/secure.gravatar.com\\\/avatar\\\/492b80bada79439de4201dce15cd41eece6c277cfdf1b53382073c79105c1f89?s=96&d=mm&r=g\",\"caption\":\"AZ\"},\"url\":\"https:\\\/\\\/www.webdo.tn\\\/fr\\\/actualite\\\/author\\\/az\\\/\"}]}<\/script>\n<!-- \/ Yoast SEO Premium plugin. -->","yoast_head_json":{"title":"Tunisie - Complot conte l'Etat : le proc\u00e8s report\u00e9 au 11 avril, les accus\u00e9s restent en d\u00e9tention","description":"Affaire du complot contre la s\u00fbret\u00e9 de l\u2019\u00c9tat : le Tribunal de Tunis reporte le proc\u00e8s au 11 avril et rejette les demandes de mise en libert\u00e9.","canonical":"https:\/\/www.webdo.tn\/fr\/actualite\/national\/tunisie-complot-conte-l-etat-le-proces-reporte-au-11-avril-les-accuses-restent-en-detention\/220302\/","og_locale":"fr_FR","og_type":"article","og_title":"Tunisie - Complot conte l'Etat : le proc\u00e8s report\u00e9 au 11 avril, les accus\u00e9s restent en d\u00e9tention","og_description":"Affaire du complot contre la s\u00fbret\u00e9 de l\u2019\u00c9tat : le Tribunal de Tunis reporte le proc\u00e8s au 11 avril et rejette les demandes de mise en libert\u00e9.","og_url":"https:\/\/www.webdo.tn\/fr\/actualite\/national\/tunisie-complot-conte-l-etat-le-proces-reporte-au-11-avril-les-accuses-restent-en-detention\/220302\/","og_site_name":"webdo","article_publisher":"https:\/\/www.facebook.com\/webdotn","article_published_time":"2025-03-04T19:53:00+00:00","article_modified_time":"2025-05-21T08:59:15+00:00","og_image":[{"width":750,"height":400,"url":"https:\/\/www.webdo.tn\/fr\/wp-content\/uploads\/2025\/05\/d07f2a57c6fa14f5a893b7f743767451-3.webp","type":"image\/webp"}],"author":"AZ","twitter_card":"summary_large_image","twitter_creator":"@webdo_tn","twitter_site":"@webdo_tn","twitter_misc":{"\u00c9crit par":"AZ","Dur\u00e9e de lecture estim\u00e9e":"1 minute"},"schema":{"@context":"https:\/\/schema.org","@graph":[{"@type":"NewsArticle","@id":"https:\/\/www.webdo.tn\/fr\/actualite\/national\/tunisie-complot-conte-l-etat-le-proces-reporte-au-11-avril-les-accuses-restent-en-detention\/220302\/#article","isPartOf":{"@id":"https:\/\/www.webdo.tn\/fr\/actualite\/national\/tunisie-complot-conte-l-etat-le-proces-reporte-au-11-avril-les-accuses-restent-en-detention\/220302\/"},"author":{"name":"AZ","@id":"https:\/\/www.webdo.tn\/fr\/#\/schema\/person\/b8a41c04d93287d375510db360906b34"},"headline":"Tunisie &#8211; Complot conte l&rsquo;Etat : le proc\u00e8s report\u00e9 au 11 avril, les accus\u00e9s restent en d\u00e9tention","datePublished":"2025-03-04T19:53:00+00:00","dateModified":"2025-05-21T08:59:15+00:00","mainEntityOfPage":{"@id":"https:\/\/www.webdo.tn\/fr\/actualite\/national\/tunisie-complot-conte-l-etat-le-proces-reporte-au-11-avril-les-accuses-restent-en-detention\/220302\/"},"wordCount":288,"commentCount":0,"publisher":{"@id":"https:\/\/www.webdo.tn\/fr\/#organization"},"image":{"@id":"https:\/\/www.webdo.tn\/fr\/actualite\/national\/tunisie-complot-conte-l-etat-le-proces-reporte-au-11-avril-les-accuses-restent-en-detention\/220302\/#primaryimage"},"thumbnailUrl":"https:\/\/www.webdo.tn\/fr\/wp-content\/uploads\/2025\/05\/d07f2a57c6fa14f5a893b7f743767451-3.webp","keywords":["Complot contre l'Etat","justice","proc\u00e8s","Tunisie"],"articleSection":["National"],"inLanguage":"fr-FR"},{"@type":"WebPage","@id":"https:\/\/www.webdo.tn\/fr\/actualite\/national\/tunisie-complot-conte-l-etat-le-proces-reporte-au-11-avril-les-accuses-restent-en-detention\/220302\/","url":"https:\/\/www.webdo.tn\/fr\/actualite\/national\/tunisie-complot-conte-l-etat-le-proces-reporte-au-11-avril-les-accuses-restent-en-detention\/220302\/","name":"Tunisie - Complot conte l'Etat : le proc\u00e8s report\u00e9 au 11 avril, les accus\u00e9s restent en d\u00e9tention","isPartOf":{"@id":"https:\/\/www.webdo.tn\/fr\/#website"},"primaryImageOfPage":{"@id":"https:\/\/www.webdo.tn\/fr\/actualite\/national\/tunisie-complot-conte-l-etat-le-proces-reporte-au-11-avril-les-accuses-restent-en-detention\/220302\/#primaryimage"},"image":{"@id":"https:\/\/www.webdo.tn\/fr\/actualite\/national\/tunisie-complot-conte-l-etat-le-proces-reporte-au-11-avril-les-accuses-restent-en-detention\/220302\/#primaryimage"},"thumbnailUrl":"https:\/\/www.webdo.tn\/fr\/wp-content\/uploads\/2025\/05\/d07f2a57c6fa14f5a893b7f743767451-3.webp","datePublished":"2025-03-04T19:53:00+00:00","dateModified":"2025-05-21T08:59:15+00:00","description":"Affaire du complot contre la s\u00fbret\u00e9 de l\u2019\u00c9tat : le Tribunal de Tunis reporte le proc\u00e8s au 11 avril et rejette les demandes de mise en libert\u00e9.","breadcrumb":{"@id":"https:\/\/www.webdo.tn\/fr\/actualite\/national\/tunisie-complot-conte-l-etat-le-proces-reporte-au-11-avril-les-accuses-restent-en-detention\/220302\/#breadcrumb"},"inLanguage":"fr-FR","potentialAction":[{"@type":"ReadAction","target":["https:\/\/www.webdo.tn\/fr\/actualite\/national\/tunisie-complot-conte-l-etat-le-proces-reporte-au-11-avril-les-accuses-restent-en-detention\/220302\/"]}]},{"@type":"ImageObject","inLanguage":"fr-FR","@id":"https:\/\/www.webdo.tn\/fr\/actualite\/national\/tunisie-complot-conte-l-etat-le-proces-reporte-au-11-avril-les-accuses-restent-en-detention\/220302\/#primaryimage","url":"https:\/\/www.webdo.tn\/fr\/wp-content\/uploads\/2025\/05\/d07f2a57c6fa14f5a893b7f743767451-3.webp","contentUrl":"https:\/\/www.webdo.tn\/fr\/wp-content\/uploads\/2025\/05\/d07f2a57c6fa14f5a893b7f743767451-3.webp","width":750,"height":400},{"@type":"BreadcrumbList","@id":"https:\/\/www.webdo.tn\/fr\/actualite\/national\/tunisie-complot-conte-l-etat-le-proces-reporte-au-11-avril-les-accuses-restent-en-detention\/220302\/#breadcrumb","itemListElement":[{"@type":"ListItem","position":1,"name":"Accueil","item":"https:\/\/www.webdo.tn\/fr\/"},{"@type":"ListItem","position":2,"name":"Tunisie &#8211; Complot conte l&#8217;Etat : le proc\u00e8s report\u00e9 au 11 avril, les accus\u00e9s restent en d\u00e9tention"}]},{"@type":"WebSite","@id":"https:\/\/www.webdo.tn\/fr\/#website","url":"https:\/\/www.webdo.tn\/fr\/","name":"webdo","description":"Tunisie - News en Tunisie et \u00e0 l&#039;international sur Webdo.tn","publisher":{"@id":"https:\/\/www.webdo.tn\/fr\/#organization"},"potentialAction":[{"@type":"SearchAction","target":{"@type":"EntryPoint","urlTemplate":"https:\/\/www.webdo.tn\/fr\/?s={search_term_string}"},"query-input":{"@type":"PropertyValueSpecification","valueRequired":true,"valueName":"search_term_string"}}],"inLanguage":"fr-FR"},{"@type":"Organization","@id":"https:\/\/www.webdo.tn\/fr\/#organization","name":"Webdo","alternateName":"Webdo.tn","url":"https:\/\/www.webdo.tn\/fr\/","logo":{"@type":"ImageObject","inLanguage":"fr-FR","@id":"https:\/\/www.webdo.tn\/fr\/#\/schema\/logo\/image\/","url":"https:\/\/www.webdo.tn\/fr\/wp-content\/uploads\/2025\/06\/Webdo-Tunisie_168377.jpg","contentUrl":"https:\/\/www.webdo.tn\/fr\/wp-content\/uploads\/2025\/06\/Webdo-Tunisie_168377.jpg","width":301,"height":301,"caption":"Webdo"},"image":{"@id":"https:\/\/www.webdo.tn\/fr\/#\/schema\/logo\/image\/"},"sameAs":["https:\/\/www.facebook.com\/webdotn","https:\/\/x.com\/webdo_tn"],"description":"Webdo est un m\u00e9dia num\u00e9rique tunisien fond\u00e9 en 2010, sp\u00e9cialis\u00e9 dans l\u2019actualit\u00e9 nationale et internationale, l\u2019\u00e9conomie, la soci\u00e9t\u00e9 et les analyses politiques. Le site s\u2019adresse \u00e0 un large public francophone et couvre l\u2019information tunisienne en temps r\u00e9el.","email":"redac@webdo.tn","legalName":"YNJ SARL","foundingDate":"2010-09-06","numberOfEmployees":{"@type":"QuantitativeValue","minValue":"11","maxValue":"50"}},{"@type":"Person","@id":"https:\/\/www.webdo.tn\/fr\/#\/schema\/person\/b8a41c04d93287d375510db360906b34","name":"AZ","image":{"@type":"ImageObject","inLanguage":"fr-FR","@id":"https:\/\/secure.gravatar.com\/avatar\/492b80bada79439de4201dce15cd41eece6c277cfdf1b53382073c79105c1f89?s=96&d=mm&r=g","url":"https:\/\/secure.gravatar.com\/avatar\/492b80bada79439de4201dce15cd41eece6c277cfdf1b53382073c79105c1f89?s=96&d=mm&r=g","contentUrl":"https:\/\/secure.gravatar.com\/avatar\/492b80bada79439de4201dce15cd41eece6c277cfdf1b53382073c79105c1f89?s=96&d=mm&r=g","caption":"AZ"},"url":"https:\/\/www.webdo.tn\/fr\/actualite\/author\/az\/"}]}},"_links":{"self":[{"href":"https:\/\/www.webdo.tn\/fr\/wp-json\/wp\/v2\/posts\/220302","targetHints":{"allow":["GET"]}}],"collection":[{"href":"https:\/\/www.webdo.tn\/fr\/wp-json\/wp\/v2\/posts"}],"about":[{"href":"https:\/\/www.webdo.tn\/fr\/wp-json\/wp\/v2\/types\/post"}],"author":[{"embeddable":true,"href":"https:\/\/www.webdo.tn\/fr\/wp-json\/wp\/v2\/users\/3166"}],"replies":[{"embeddable":true,"href":"https:\/\/www.webdo.tn\/fr\/wp-json\/wp\/v2\/comments?post=220302"}],"version-history":[{"count":0,"href":"https:\/\/www.webdo.tn\/fr\/wp-json\/wp\/v2\/posts\/220302\/revisions"}],"wp:featuredmedia":[{"embeddable":true,"href":"https:\/\/www.webdo.tn\/fr\/wp-json\/wp\/v2\/media\/241872"}],"wp:attachment":[{"href":"https:\/\/www.webdo.tn\/fr\/wp-json\/wp\/v2\/media?parent=220302"}],"wp:term":[{"taxonomy":"category","embeddable":true,"href":"https:\/\/www.webdo.tn\/fr\/wp-json\/wp\/v2\/categories?post=220302"},{"taxonomy":"post_tag","embeddable":true,"href":"https:\/\/www.webdo.tn\/fr\/wp-json\/wp\/v2\/tags?post=220302"}],"curies":[{"name":"wp","href":"https:\/\/api.w.org\/{rel}","templated":true}]}}