{"id":220284,"date":"2025-03-04T10:25:00","date_gmt":"2025-03-04T10:25:00","guid":{"rendered":"https:\/\/www.webdo.tn\/fr\/blog\/tunisie-complot-contre-l-etat-le-proces-est-ouvert\/220284\/"},"modified":"2025-05-20T22:22:54","modified_gmt":"2025-05-20T22:22:54","slug":"tunisie-complot-contre-l-etat-le-proces-est-ouvert","status":"publish","type":"post","link":"https:\/\/www.webdo.tn\/fr\/actualite\/national\/tunisie-complot-contre-l-etat-le-proces-est-ouvert\/220284\/","title":{"rendered":"Tunisie &#8211; Complot contre l&rsquo;Etat  : Le proc\u00e8s est ouvert"},"content":{"rendered":"<p>La chambre criminelle comp\u00e9tente pour les affaires de terrorisme au tribunal de premi\u00e8re instance de Tunis examine, aujourd&rsquo;hui, mardi 4 mars 2025, l\u2019affaire de complot contre la s\u00e9curit\u00e9 de l&rsquo;\u00c9tat, impliquant pr\u00e8s de 40 accus\u00e9s.\u00a0<\/p>\n<p>\t\t\t\t\t\t\t\t\tIl est notamment question de l&rsquo;ex-secr\u00e9taire g\u00e9n\u00e9ral du parti du Courant D\u00e9mocratique, Ghazi Chaouachi, les dirigeants de la coalition Al-Khalas, Jawhar Ben Mbarek, Rida Belhaj et Issam Chebbi, l&rsquo;ex-dirigeant du mouvement Ennahdha Abdelhamid Jelassi, le dirigeant d&rsquo;Ennahdha et ancien ministre de la Justice, Noureddine Bhiri, ainsi que les hommes d&rsquo;affaires Kamel Latif et Khyam Turki.<\/p>\n<p>Il est \u00e0 noter que la premi\u00e8re audience de cette affaire se tiendra \u00e0 distance, sans la pr\u00e9sence des personnes en d\u00e9tention, tandis qu&rsquo;un certain nombre d&rsquo;accus\u00e9s en libert\u00e9 seront pr\u00e9sents.<\/p>\n<p>Notons \u00e9galement que les journalistes ont \u00e9t\u00e9 autoris\u00e9s \u00e0 acc\u00e9der au tribunal.\u00a0<\/p>\n<p>Rappelons \u00e9galement que le programme Rendez Vous 9 diffus\u00e9 r\u00e9cemment sur la cha\u00eene Attessia TV a abord\u00e9 l&rsquo;affaire m\u00e9diatique connue sous le nom de \u00ab\u00a0complot contre la s\u00e9curit\u00e9 de l&rsquo;\u00c9tat\u00a0\u00bb.<\/p>\n<p>Le chroniqueur Riadh Jrad a \u00e9galement pr\u00e9sent\u00e9 une publication saisie, r\u00e9dig\u00e9e \u00e0 la main, d\u00e9taillant un plan visant \u00e0 renverser le pr\u00e9sident Ka\u00efs Sa\u00efed, que la cha\u00eene a qualifi\u00e9 de contenu exclusif. Le chroniqueur a estim\u00e9 que le plan visait \u00e0 rallier des acteurs diplomatiques et l&rsquo;arm\u00e9e nationale pour ex\u00e9cuter le coup d&rsquo;\u00c9tat, une information confirm\u00e9e par des tests techniques, selon lui.Il a ajout\u00e9 que ce plan, qui incluait le coup d&rsquo;\u00c9tat et ses suites, avait \u00e9t\u00e9 saisi aupr\u00e8s de ce qu\u2019il a qualifi\u00e9 de leader du mouvement de r\u00e9conciliation, Khayam Turki.<\/p>\n","protected":false},"excerpt":{"rendered":"<p>Il est notamment question de l&rsquo;ex-secr\u00e9taire g\u00e9n\u00e9ral du parti du Courant D\u00e9mocratique, Ghazi Chaouachi, les dirigeants de la coalition Al-Khalas, Jawhar Ben Mba&#8230;<\/p>\n","protected":false},"author":3163,"featured_media":292006,"comment_status":"open","ping_status":"closed","sticky":false,"template":"","format":"standard","meta":{"footnotes":""},"categories":[44],"tags":[3784,2619,3261,2608],"class_list":["post-220284","post","type-post","status-publish","format-standard","has-post-thumbnail","hentry","category-national","tag-complot","tag-justice","tag-proces","tag-tunisie"],"yoast_head":"<!-- This site is optimized with the Yoast SEO Premium plugin v27.5 (Yoast SEO v27.5) - https:\/\/yoast.com\/product\/yoast-seo-premium-wordpress\/ -->\n<title>Tunisie - Complot contre l&#039;Etat : Le proc\u00e8s est ouvert<\/title>\n<meta name=\"description\" content=\"Il est notamment question de l&#039;ex-secr\u00e9taire g\u00e9n\u00e9ral du parti du Courant D\u00e9mocratique, Ghazi Chaouachi, les dirigeants de la coalition Al-Khalas, Jawhar Ben Mba...\" \/>\n<link rel=\"canonical\" href=\"https:\/\/www.webdo.tn\/fr\/actualite\/national\/tunisie-complot-contre-l-etat-le-proces-est-ouvert\/220284\/\" \/>\n<meta property=\"og:locale\" content=\"fr_FR\" \/>\n<meta property=\"og:type\" content=\"article\" \/>\n<meta property=\"og:title\" content=\"Tunisie - Complot contre l&#039;Etat : Le proc\u00e8s est ouvert\" \/>\n<meta property=\"og:description\" content=\"Il est notamment question de l&#039;ex-secr\u00e9taire g\u00e9n\u00e9ral du parti du Courant D\u00e9mocratique, Ghazi Chaouachi, les dirigeants de la coalition Al-Khalas, Jawhar Ben Mba...\" \/>\n<meta property=\"og:url\" content=\"https:\/\/www.webdo.tn\/fr\/actualite\/national\/tunisie-complot-contre-l-etat-le-proces-est-ouvert\/220284\/\" \/>\n<meta property=\"og:site_name\" content=\"webdo\" \/>\n<meta property=\"article:publisher\" content=\"https:\/\/www.facebook.com\/webdotn\" \/>\n<meta property=\"article:published_time\" content=\"2025-03-04T10:25:00+00:00\" \/>\n<meta property=\"article:modified_time\" content=\"2025-05-20T22:22:54+00:00\" \/>\n<meta property=\"og:image\" content=\"https:\/\/www.webdo.tn\/fr\/wp-content\/uploads\/2025\/03\/64fcb9a6cf01cf0521a03d2c9bdfc179.webp\" \/>\n\t<meta property=\"og:image:width\" content=\"750\" \/>\n\t<meta property=\"og:image:height\" content=\"400\" \/>\n\t<meta property=\"og:image:type\" content=\"image\/webp\" \/>\n<meta name=\"author\" content=\"KJ\" \/>\n<meta name=\"twitter:card\" content=\"summary_large_image\" \/>\n<meta name=\"twitter:creator\" content=\"@webdo_tn\" \/>\n<meta name=\"twitter:site\" content=\"@webdo_tn\" \/>\n<meta name=\"twitter:label1\" content=\"\u00c9crit par\" \/>\n\t<meta name=\"twitter:data1\" content=\"KJ\" \/>\n\t<meta name=\"twitter:label2\" content=\"Dur\u00e9e de lecture estim\u00e9e\" \/>\n\t<meta name=\"twitter:data2\" content=\"1 minute\" \/>\n<script type=\"application\/ld+json\" class=\"yoast-schema-graph\">{\"@context\":\"https:\\\/\\\/schema.org\",\"@graph\":[{\"@type\":\"NewsArticle\",\"@id\":\"https:\\\/\\\/www.webdo.tn\\\/fr\\\/actualite\\\/national\\\/tunisie-complot-contre-l-etat-le-proces-est-ouvert\\\/220284\\\/#article\",\"isPartOf\":{\"@id\":\"https:\\\/\\\/www.webdo.tn\\\/fr\\\/actualite\\\/national\\\/tunisie-complot-contre-l-etat-le-proces-est-ouvert\\\/220284\\\/\"},\"author\":{\"name\":\"KJ\",\"@id\":\"https:\\\/\\\/www.webdo.tn\\\/fr\\\/#\\\/schema\\\/person\\\/82ca085b22037d285e1a3c4b65ba5f71\"},\"headline\":\"Tunisie &#8211; Complot contre l&rsquo;Etat : Le proc\u00e8s est ouvert\",\"datePublished\":\"2025-03-04T10:25:00+00:00\",\"dateModified\":\"2025-05-20T22:22:54+00:00\",\"mainEntityOfPage\":{\"@id\":\"https:\\\/\\\/www.webdo.tn\\\/fr\\\/actualite\\\/national\\\/tunisie-complot-contre-l-etat-le-proces-est-ouvert\\\/220284\\\/\"},\"wordCount\":305,\"commentCount\":0,\"publisher\":{\"@id\":\"https:\\\/\\\/www.webdo.tn\\\/fr\\\/#organization\"},\"image\":{\"@id\":\"https:\\\/\\\/www.webdo.tn\\\/fr\\\/actualite\\\/national\\\/tunisie-complot-contre-l-etat-le-proces-est-ouvert\\\/220284\\\/#primaryimage\"},\"thumbnailUrl\":\"https:\\\/\\\/www.webdo.tn\\\/fr\\\/wp-content\\\/uploads\\\/2025\\\/03\\\/64fcb9a6cf01cf0521a03d2c9bdfc179.webp\",\"keywords\":[\"complot\",\"justice\",\"proc\u00e8s\",\"Tunisie\"],\"articleSection\":[\"National\"],\"inLanguage\":\"fr-FR\"},{\"@type\":\"WebPage\",\"@id\":\"https:\\\/\\\/www.webdo.tn\\\/fr\\\/actualite\\\/national\\\/tunisie-complot-contre-l-etat-le-proces-est-ouvert\\\/220284\\\/\",\"url\":\"https:\\\/\\\/www.webdo.tn\\\/fr\\\/actualite\\\/national\\\/tunisie-complot-contre-l-etat-le-proces-est-ouvert\\\/220284\\\/\",\"name\":\"Tunisie - Complot contre l'Etat : Le proc\u00e8s est ouvert\",\"isPartOf\":{\"@id\":\"https:\\\/\\\/www.webdo.tn\\\/fr\\\/#website\"},\"primaryImageOfPage\":{\"@id\":\"https:\\\/\\\/www.webdo.tn\\\/fr\\\/actualite\\\/national\\\/tunisie-complot-contre-l-etat-le-proces-est-ouvert\\\/220284\\\/#primaryimage\"},\"image\":{\"@id\":\"https:\\\/\\\/www.webdo.tn\\\/fr\\\/actualite\\\/national\\\/tunisie-complot-contre-l-etat-le-proces-est-ouvert\\\/220284\\\/#primaryimage\"},\"thumbnailUrl\":\"https:\\\/\\\/www.webdo.tn\\\/fr\\\/wp-content\\\/uploads\\\/2025\\\/03\\\/64fcb9a6cf01cf0521a03d2c9bdfc179.webp\",\"datePublished\":\"2025-03-04T10:25:00+00:00\",\"dateModified\":\"2025-05-20T22:22:54+00:00\",\"description\":\"Il est notamment question de l'ex-secr\u00e9taire g\u00e9n\u00e9ral du parti du Courant D\u00e9mocratique, Ghazi Chaouachi, les dirigeants de la coalition Al-Khalas, Jawhar Ben Mba...\",\"breadcrumb\":{\"@id\":\"https:\\\/\\\/www.webdo.tn\\\/fr\\\/actualite\\\/national\\\/tunisie-complot-contre-l-etat-le-proces-est-ouvert\\\/220284\\\/#breadcrumb\"},\"inLanguage\":\"fr-FR\",\"potentialAction\":[{\"@type\":\"ReadAction\",\"target\":[\"https:\\\/\\\/www.webdo.tn\\\/fr\\\/actualite\\\/national\\\/tunisie-complot-contre-l-etat-le-proces-est-ouvert\\\/220284\\\/\"]}]},{\"@type\":\"ImageObject\",\"inLanguage\":\"fr-FR\",\"@id\":\"https:\\\/\\\/www.webdo.tn\\\/fr\\\/actualite\\\/national\\\/tunisie-complot-contre-l-etat-le-proces-est-ouvert\\\/220284\\\/#primaryimage\",\"url\":\"https:\\\/\\\/www.webdo.tn\\\/fr\\\/wp-content\\\/uploads\\\/2025\\\/03\\\/64fcb9a6cf01cf0521a03d2c9bdfc179.webp\",\"contentUrl\":\"https:\\\/\\\/www.webdo.tn\\\/fr\\\/wp-content\\\/uploads\\\/2025\\\/03\\\/64fcb9a6cf01cf0521a03d2c9bdfc179.webp\",\"width\":750,\"height\":400,\"caption\":\"Tunisie - Complot contre l'Etat : Le proc\u00e8s est ouvert\"},{\"@type\":\"BreadcrumbList\",\"@id\":\"https:\\\/\\\/www.webdo.tn\\\/fr\\\/actualite\\\/national\\\/tunisie-complot-contre-l-etat-le-proces-est-ouvert\\\/220284\\\/#breadcrumb\",\"itemListElement\":[{\"@type\":\"ListItem\",\"position\":1,\"name\":\"Accueil\",\"item\":\"https:\\\/\\\/www.webdo.tn\\\/fr\\\/\"},{\"@type\":\"ListItem\",\"position\":2,\"name\":\"Tunisie &#8211; Complot contre l&rsquo;Etat : Le proc\u00e8s est ouvert\"}]},{\"@type\":\"WebSite\",\"@id\":\"https:\\\/\\\/www.webdo.tn\\\/fr\\\/#website\",\"url\":\"https:\\\/\\\/www.webdo.tn\\\/fr\\\/\",\"name\":\"webdo\",\"description\":\"Tunisie - News en Tunisie et \u00e0 l&#039;international sur Webdo.tn\",\"publisher\":{\"@id\":\"https:\\\/\\\/www.webdo.tn\\\/fr\\\/#organization\"},\"potentialAction\":[{\"@type\":\"SearchAction\",\"target\":{\"@type\":\"EntryPoint\",\"urlTemplate\":\"https:\\\/\\\/www.webdo.tn\\\/fr\\\/?s={search_term_string}\"},\"query-input\":{\"@type\":\"PropertyValueSpecification\",\"valueRequired\":true,\"valueName\":\"search_term_string\"}}],\"inLanguage\":\"fr-FR\"},{\"@type\":\"Organization\",\"@id\":\"https:\\\/\\\/www.webdo.tn\\\/fr\\\/#organization\",\"name\":\"Webdo\",\"alternateName\":\"Webdo.tn\",\"url\":\"https:\\\/\\\/www.webdo.tn\\\/fr\\\/\",\"logo\":{\"@type\":\"ImageObject\",\"inLanguage\":\"fr-FR\",\"@id\":\"https:\\\/\\\/www.webdo.tn\\\/fr\\\/#\\\/schema\\\/logo\\\/image\\\/\",\"url\":\"https:\\\/\\\/www.webdo.tn\\\/fr\\\/wp-content\\\/uploads\\\/2025\\\/06\\\/Webdo-Tunisie_168377.jpg\",\"contentUrl\":\"https:\\\/\\\/www.webdo.tn\\\/fr\\\/wp-content\\\/uploads\\\/2025\\\/06\\\/Webdo-Tunisie_168377.jpg\",\"width\":301,\"height\":301,\"caption\":\"Webdo\"},\"image\":{\"@id\":\"https:\\\/\\\/www.webdo.tn\\\/fr\\\/#\\\/schema\\\/logo\\\/image\\\/\"},\"sameAs\":[\"https:\\\/\\\/www.facebook.com\\\/webdotn\",\"https:\\\/\\\/x.com\\\/webdo_tn\"],\"description\":\"Webdo est un m\u00e9dia num\u00e9rique tunisien fond\u00e9 en 2010, sp\u00e9cialis\u00e9 dans l\u2019actualit\u00e9 nationale et internationale, l\u2019\u00e9conomie, la soci\u00e9t\u00e9 et les analyses politiques. Le site s\u2019adresse \u00e0 un large public francophone et couvre l\u2019information tunisienne en temps r\u00e9el.\",\"email\":\"redac@webdo.tn\",\"legalName\":\"YNJ SARL\",\"foundingDate\":\"2010-09-06\",\"numberOfEmployees\":{\"@type\":\"QuantitativeValue\",\"minValue\":\"11\",\"maxValue\":\"50\"}},{\"@type\":\"Person\",\"@id\":\"https:\\\/\\\/www.webdo.tn\\\/fr\\\/#\\\/schema\\\/person\\\/82ca085b22037d285e1a3c4b65ba5f71\",\"name\":\"KJ\",\"image\":{\"@type\":\"ImageObject\",\"inLanguage\":\"fr-FR\",\"@id\":\"https:\\\/\\\/secure.gravatar.com\\\/avatar\\\/1a1320de1c1971c893f00068f760b4113d69504aa21273da17ee95650c5944fd?s=96&d=mm&r=g\",\"url\":\"https:\\\/\\\/secure.gravatar.com\\\/avatar\\\/1a1320de1c1971c893f00068f760b4113d69504aa21273da17ee95650c5944fd?s=96&d=mm&r=g\",\"contentUrl\":\"https:\\\/\\\/secure.gravatar.com\\\/avatar\\\/1a1320de1c1971c893f00068f760b4113d69504aa21273da17ee95650c5944fd?s=96&d=mm&r=g\",\"caption\":\"KJ\"},\"url\":\"https:\\\/\\\/www.webdo.tn\\\/fr\\\/actualite\\\/author\\\/kj\\\/\"}]}<\/script>\n<!-- \/ Yoast SEO Premium plugin. -->","yoast_head_json":{"title":"Tunisie - Complot contre l'Etat : Le proc\u00e8s est ouvert","description":"Il est notamment question de l'ex-secr\u00e9taire g\u00e9n\u00e9ral du parti du Courant D\u00e9mocratique, Ghazi Chaouachi, les dirigeants de la coalition Al-Khalas, Jawhar Ben Mba...","canonical":"https:\/\/www.webdo.tn\/fr\/actualite\/national\/tunisie-complot-contre-l-etat-le-proces-est-ouvert\/220284\/","og_locale":"fr_FR","og_type":"article","og_title":"Tunisie - Complot contre l'Etat : Le proc\u00e8s est ouvert","og_description":"Il est notamment question de l'ex-secr\u00e9taire g\u00e9n\u00e9ral du parti du Courant D\u00e9mocratique, Ghazi Chaouachi, les dirigeants de la coalition Al-Khalas, Jawhar Ben Mba...","og_url":"https:\/\/www.webdo.tn\/fr\/actualite\/national\/tunisie-complot-contre-l-etat-le-proces-est-ouvert\/220284\/","og_site_name":"webdo","article_publisher":"https:\/\/www.facebook.com\/webdotn","article_published_time":"2025-03-04T10:25:00+00:00","article_modified_time":"2025-05-20T22:22:54+00:00","og_image":[{"width":750,"height":400,"url":"https:\/\/www.webdo.tn\/fr\/wp-content\/uploads\/2025\/03\/64fcb9a6cf01cf0521a03d2c9bdfc179.webp","type":"image\/webp"}],"author":"KJ","twitter_card":"summary_large_image","twitter_creator":"@webdo_tn","twitter_site":"@webdo_tn","twitter_misc":{"\u00c9crit par":"KJ","Dur\u00e9e de lecture estim\u00e9e":"1 minute"},"schema":{"@context":"https:\/\/schema.org","@graph":[{"@type":"NewsArticle","@id":"https:\/\/www.webdo.tn\/fr\/actualite\/national\/tunisie-complot-contre-l-etat-le-proces-est-ouvert\/220284\/#article","isPartOf":{"@id":"https:\/\/www.webdo.tn\/fr\/actualite\/national\/tunisie-complot-contre-l-etat-le-proces-est-ouvert\/220284\/"},"author":{"name":"KJ","@id":"https:\/\/www.webdo.tn\/fr\/#\/schema\/person\/82ca085b22037d285e1a3c4b65ba5f71"},"headline":"Tunisie &#8211; Complot contre l&rsquo;Etat : Le proc\u00e8s est ouvert","datePublished":"2025-03-04T10:25:00+00:00","dateModified":"2025-05-20T22:22:54+00:00","mainEntityOfPage":{"@id":"https:\/\/www.webdo.tn\/fr\/actualite\/national\/tunisie-complot-contre-l-etat-le-proces-est-ouvert\/220284\/"},"wordCount":305,"commentCount":0,"publisher":{"@id":"https:\/\/www.webdo.tn\/fr\/#organization"},"image":{"@id":"https:\/\/www.webdo.tn\/fr\/actualite\/national\/tunisie-complot-contre-l-etat-le-proces-est-ouvert\/220284\/#primaryimage"},"thumbnailUrl":"https:\/\/www.webdo.tn\/fr\/wp-content\/uploads\/2025\/03\/64fcb9a6cf01cf0521a03d2c9bdfc179.webp","keywords":["complot","justice","proc\u00e8s","Tunisie"],"articleSection":["National"],"inLanguage":"fr-FR"},{"@type":"WebPage","@id":"https:\/\/www.webdo.tn\/fr\/actualite\/national\/tunisie-complot-contre-l-etat-le-proces-est-ouvert\/220284\/","url":"https:\/\/www.webdo.tn\/fr\/actualite\/national\/tunisie-complot-contre-l-etat-le-proces-est-ouvert\/220284\/","name":"Tunisie - Complot contre l'Etat : Le proc\u00e8s est ouvert","isPartOf":{"@id":"https:\/\/www.webdo.tn\/fr\/#website"},"primaryImageOfPage":{"@id":"https:\/\/www.webdo.tn\/fr\/actualite\/national\/tunisie-complot-contre-l-etat-le-proces-est-ouvert\/220284\/#primaryimage"},"image":{"@id":"https:\/\/www.webdo.tn\/fr\/actualite\/national\/tunisie-complot-contre-l-etat-le-proces-est-ouvert\/220284\/#primaryimage"},"thumbnailUrl":"https:\/\/www.webdo.tn\/fr\/wp-content\/uploads\/2025\/03\/64fcb9a6cf01cf0521a03d2c9bdfc179.webp","datePublished":"2025-03-04T10:25:00+00:00","dateModified":"2025-05-20T22:22:54+00:00","description":"Il est notamment question de l'ex-secr\u00e9taire g\u00e9n\u00e9ral du parti du Courant D\u00e9mocratique, Ghazi Chaouachi, les dirigeants de la coalition Al-Khalas, Jawhar Ben Mba...","breadcrumb":{"@id":"https:\/\/www.webdo.tn\/fr\/actualite\/national\/tunisie-complot-contre-l-etat-le-proces-est-ouvert\/220284\/#breadcrumb"},"inLanguage":"fr-FR","potentialAction":[{"@type":"ReadAction","target":["https:\/\/www.webdo.tn\/fr\/actualite\/national\/tunisie-complot-contre-l-etat-le-proces-est-ouvert\/220284\/"]}]},{"@type":"ImageObject","inLanguage":"fr-FR","@id":"https:\/\/www.webdo.tn\/fr\/actualite\/national\/tunisie-complot-contre-l-etat-le-proces-est-ouvert\/220284\/#primaryimage","url":"https:\/\/www.webdo.tn\/fr\/wp-content\/uploads\/2025\/03\/64fcb9a6cf01cf0521a03d2c9bdfc179.webp","contentUrl":"https:\/\/www.webdo.tn\/fr\/wp-content\/uploads\/2025\/03\/64fcb9a6cf01cf0521a03d2c9bdfc179.webp","width":750,"height":400,"caption":"Tunisie - Complot contre l'Etat : Le proc\u00e8s est ouvert"},{"@type":"BreadcrumbList","@id":"https:\/\/www.webdo.tn\/fr\/actualite\/national\/tunisie-complot-contre-l-etat-le-proces-est-ouvert\/220284\/#breadcrumb","itemListElement":[{"@type":"ListItem","position":1,"name":"Accueil","item":"https:\/\/www.webdo.tn\/fr\/"},{"@type":"ListItem","position":2,"name":"Tunisie &#8211; Complot contre l&rsquo;Etat : Le proc\u00e8s est ouvert"}]},{"@type":"WebSite","@id":"https:\/\/www.webdo.tn\/fr\/#website","url":"https:\/\/www.webdo.tn\/fr\/","name":"webdo","description":"Tunisie - News en Tunisie et \u00e0 l&#039;international sur Webdo.tn","publisher":{"@id":"https:\/\/www.webdo.tn\/fr\/#organization"},"potentialAction":[{"@type":"SearchAction","target":{"@type":"EntryPoint","urlTemplate":"https:\/\/www.webdo.tn\/fr\/?s={search_term_string}"},"query-input":{"@type":"PropertyValueSpecification","valueRequired":true,"valueName":"search_term_string"}}],"inLanguage":"fr-FR"},{"@type":"Organization","@id":"https:\/\/www.webdo.tn\/fr\/#organization","name":"Webdo","alternateName":"Webdo.tn","url":"https:\/\/www.webdo.tn\/fr\/","logo":{"@type":"ImageObject","inLanguage":"fr-FR","@id":"https:\/\/www.webdo.tn\/fr\/#\/schema\/logo\/image\/","url":"https:\/\/www.webdo.tn\/fr\/wp-content\/uploads\/2025\/06\/Webdo-Tunisie_168377.jpg","contentUrl":"https:\/\/www.webdo.tn\/fr\/wp-content\/uploads\/2025\/06\/Webdo-Tunisie_168377.jpg","width":301,"height":301,"caption":"Webdo"},"image":{"@id":"https:\/\/www.webdo.tn\/fr\/#\/schema\/logo\/image\/"},"sameAs":["https:\/\/www.facebook.com\/webdotn","https:\/\/x.com\/webdo_tn"],"description":"Webdo est un m\u00e9dia num\u00e9rique tunisien fond\u00e9 en 2010, sp\u00e9cialis\u00e9 dans l\u2019actualit\u00e9 nationale et internationale, l\u2019\u00e9conomie, la soci\u00e9t\u00e9 et les analyses politiques. Le site s\u2019adresse \u00e0 un large public francophone et couvre l\u2019information tunisienne en temps r\u00e9el.","email":"redac@webdo.tn","legalName":"YNJ SARL","foundingDate":"2010-09-06","numberOfEmployees":{"@type":"QuantitativeValue","minValue":"11","maxValue":"50"}},{"@type":"Person","@id":"https:\/\/www.webdo.tn\/fr\/#\/schema\/person\/82ca085b22037d285e1a3c4b65ba5f71","name":"KJ","image":{"@type":"ImageObject","inLanguage":"fr-FR","@id":"https:\/\/secure.gravatar.com\/avatar\/1a1320de1c1971c893f00068f760b4113d69504aa21273da17ee95650c5944fd?s=96&d=mm&r=g","url":"https:\/\/secure.gravatar.com\/avatar\/1a1320de1c1971c893f00068f760b4113d69504aa21273da17ee95650c5944fd?s=96&d=mm&r=g","contentUrl":"https:\/\/secure.gravatar.com\/avatar\/1a1320de1c1971c893f00068f760b4113d69504aa21273da17ee95650c5944fd?s=96&d=mm&r=g","caption":"KJ"},"url":"https:\/\/www.webdo.tn\/fr\/actualite\/author\/kj\/"}]}},"_links":{"self":[{"href":"https:\/\/www.webdo.tn\/fr\/wp-json\/wp\/v2\/posts\/220284","targetHints":{"allow":["GET"]}}],"collection":[{"href":"https:\/\/www.webdo.tn\/fr\/wp-json\/wp\/v2\/posts"}],"about":[{"href":"https:\/\/www.webdo.tn\/fr\/wp-json\/wp\/v2\/types\/post"}],"author":[{"embeddable":true,"href":"https:\/\/www.webdo.tn\/fr\/wp-json\/wp\/v2\/users\/3163"}],"replies":[{"embeddable":true,"href":"https:\/\/www.webdo.tn\/fr\/wp-json\/wp\/v2\/comments?post=220284"}],"version-history":[{"count":0,"href":"https:\/\/www.webdo.tn\/fr\/wp-json\/wp\/v2\/posts\/220284\/revisions"}],"wp:featuredmedia":[{"embeddable":true,"href":"https:\/\/www.webdo.tn\/fr\/wp-json\/wp\/v2\/media\/292006"}],"wp:attachment":[{"href":"https:\/\/www.webdo.tn\/fr\/wp-json\/wp\/v2\/media?parent=220284"}],"wp:term":[{"taxonomy":"category","embeddable":true,"href":"https:\/\/www.webdo.tn\/fr\/wp-json\/wp\/v2\/categories?post=220284"},{"taxonomy":"post_tag","embeddable":true,"href":"https:\/\/www.webdo.tn\/fr\/wp-json\/wp\/v2\/tags?post=220284"}],"curies":[{"name":"wp","href":"https:\/\/api.w.org\/{rel}","templated":true}]}}