{"id":220273,"date":"2025-03-04T07:53:00","date_gmt":"2025-03-04T07:53:00","guid":{"rendered":"https:\/\/www.webdo.tn\/fr\/blog\/tunisie-batterie-de-mesures-pour-reduire-et-valoriser-les-dechets\/220273\/"},"modified":"2025-05-20T22:22:51","modified_gmt":"2025-05-20T22:22:51","slug":"tunisie-batterie-de-mesures-pour-reduire-et-valoriser-les-dechets","status":"publish","type":"post","link":"https:\/\/www.webdo.tn\/fr\/actualite\/national\/tunisie-batterie-de-mesures-pour-reduire-et-valoriser-les-dechets\/220273\/","title":{"rendered":"Tunisie : Batterie de mesures pour r\u00e9duire et valoriser les d\u00e9chets"},"content":{"rendered":"<p>Le chef du gouvernement, Kamel Maddouri, a pr\u00e9sid\u00e9 hier, lundi 3 mars 2025, un conseil minist\u00e9riel restreint consacr\u00e9 \u00e0 l\u2019examen de la strat\u00e9gie nationale de r\u00e9duction et de valorisation des d\u00e9chets.<\/p>\n<p>\t\t\t\t\t\t\t\t\t\u00c0 l\u2019issue des discussions, plusieurs d\u00e9cisions ont \u00e9t\u00e9 prises, parmi lesquelles :<\/p>\n<p>\u2022\u00a0\u00a0 \u00a0La r\u00e9alisation des grands projets structurants suivants dans le cadre du plan de d\u00e9veloppement 2026-2030, en collaboration avec le minist\u00e8re de l\u2019Int\u00e9rieur, les autorit\u00e9s r\u00e9gionales et locales, ainsi que le secteur priv\u00e9 :<br \/>\no\u00a0\u00a0 \u00a0Mise en place d\u2019unit\u00e9s de traitement et de valorisation des d\u00e9chets m\u00e9nagers \u00e0 Sfax, Djerba, Siliana, Mahdia et Gafsa.<br \/>\no\u00a0\u00a0 \u00a0Cr\u00e9ation de centres verts pour la r\u00e9ception et le tri des d\u00e9chets au sein des municipalit\u00e9s.<br \/>\no\u00a0\u00a0 \u00a0Valorisation des d\u00e9chets pour la production de biogaz via la mise en place d\u2019unit\u00e9s de m\u00e9thanisation ana\u00e9robie.<br \/>\no\u00a0\u00a0 \u00a0Mise en place d\u2019unit\u00e9s de compostage des d\u00e9chets organiques.<br \/>\no\u00a0\u00a0 \u00a0R\u00e9alisation de cinq projets de collecte et de valorisation du biogaz \u00e0 partir de d\u00e9charges contr\u00f4l\u00e9es, \u00e0 l\u2019image de celui r\u00e9alis\u00e9 \u00e0 Sousse, avec une priorit\u00e9 accord\u00e9e \u00e0 l\u2019injection du biogaz produit dans le r\u00e9seau public de gaz afin d\u2019en optimiser le rendement.<br \/>\no\u00a0\u00a0 \u00a0Mise en place de cinq unit\u00e9s de traitement et de valorisation des d\u00e9chets de d\u00e9molition et de construction, parall\u00e8lement \u00e0 l\u2019adoption d\u2019un texte r\u00e9glementaire imposant l\u2019utilisation d\u2019un pourcentage de mat\u00e9riaux recycl\u00e9s dans les projets routiers, de construction, de pistes agricoles et de production de mat\u00e9riaux de construction.<br \/>\n\u2022\u00a0\u00a0 \u00a0Renforcement du partenariat et de la coop\u00e9ration internationale afin de tirer parti des m\u00e9canismes et programmes disponibles en mati\u00e8re d\u2019environnement et de changement climatique, notamment les fonds onusiens d\u00e9di\u00e9s \u00e0 la production propre, aux villes vertes, \u00e0 la r\u00e9duction des \u00e9missions de gaz \u00e0 effet de serre et \u00e0 l\u2019adaptation aux changements climatiques.<br \/>\n\u2022\u00a0\u00a0 \u00a0\u00c9laboration d\u2019un guide de l\u2019investisseur dans le domaine de la gestion des d\u00e9chets, par les entreprises priv\u00e9es, en collaboration avec l\u2019Autorit\u00e9 g\u00e9n\u00e9rale du partenariat public-priv\u00e9 et le minist\u00e8re de l\u2019Int\u00e9rieur.<br \/>\n\u2022\u00a0\u00a0 \u00a0Mise \u00e0 jour de la l\u00e9gislation pour encourager davantage l\u2019\u00e9conomie circulaire, notamment via des incitations fiscales aux entreprises engag\u00e9es dans le recyclage et l\u2019utilisation de mat\u00e9riaux durables, ainsi que l\u2019adoption d\u2019une d\u00e9cision relative \u00e0 la valorisation des d\u00e9chets et leur transformation en \u00e9nergie.<br \/>\n\u2022\u00a0\u00a0 \u00a0Acc\u00e9l\u00e9ration de la publication du d\u00e9cret amend\u00e9 du d\u00e9cret gouvernemental n\u00b0 32 de 2020, du 16 janvier 2020, portant sur la d\u00e9finition des types de sacs plastiques dont la production, l\u2019importation, la distribution et la d\u00e9tention sur le march\u00e9 int\u00e9rieur sont interdites.<br \/>\n\u2022\u00a0\u00a0 \u00a0Acc\u00e9l\u00e9ration de l\u2019\u00e9quipement des h\u00f4pitaux et \u00e9tablissements de sant\u00e9 en mat\u00e9riel n\u00e9cessaire \u00e0 la st\u00e9rilisation des d\u00e9chets m\u00e9dicaux avant leur traitement et leur valorisation d\u00e9finitive, afin d\u2019assurer efficacit\u00e9, rapidit\u00e9 et ma\u00eetrise des co\u00fbts.<br \/>\n\u2022\u00a0\u00a0 \u00a0Renforcement du r\u00f4le du Centre international de Tunis pour la technologie environnementale dans le d\u00e9veloppement des connaissances scientifiques et techniques en mati\u00e8re de gestion et de valorisation des d\u00e9chets, ainsi que le transfert des technologies les plus r\u00e9centes dans ce domaine.<br \/>\n\u2022\u00a0\u00a0 \u00a0Lancement d\u2019applications num\u00e9riques interactives destin\u00e9es \u00e0 sensibiliser les citoyens sur les sites de tri et les points verts disponibles.<br \/>\n\u2022\u00a0\u00a0 \u00a0D\u00e9veloppement des m\u00e9tiers li\u00e9s \u00e0 la gestion et \u00e0 la valorisation des d\u00e9chets, en soutenant les connaissances et technologies environnementales, en particulier dans le cadre de l\u2019\u00e9conomie solidaire.<br \/>\n\u2022\u00a0\u00a0 \u00a0G\u00e9n\u00e9ralisation du programme d\u2019empreinte \u00e9cologique dans toutes les \u00e9coles et mobilisation des financements n\u00e9cessaires pour renforcer l\u2019\u00e9ducation et la culture environnementales, tout en invitant l\u2019ensemble des minist\u00e8res \u00e0 s\u2019engager dans une d\u00e9marche de r\u00e9duction de la pollution et de valorisation des diff\u00e9rents types de d\u00e9chets.<\/p>\n","protected":false},"excerpt":{"rendered":"<p>\u00c0 l\u2019issue des discussions, plusieurs d\u00e9cisions ont \u00e9t\u00e9 prises, parmi lesquelles :<\/p>\n","protected":false},"author":3163,"featured_media":291996,"comment_status":"open","ping_status":"closed","sticky":false,"template":"","format":"standard","meta":{"footnotes":""},"categories":[44],"tags":[3282,3442,2608],"class_list":["post-220273","post","type-post","status-publish","format-standard","has-post-thumbnail","hentry","category-national","tag-dechets","tag-strategie","tag-tunisie"],"yoast_head":"<!-- This site is optimized with the Yoast SEO Premium plugin v27.4 (Yoast SEO v27.5) - https:\/\/yoast.com\/product\/yoast-seo-premium-wordpress\/ -->\n<title>Tunisie : Batterie de mesures pour r\u00e9duire et valoriser les d\u00e9chets<\/title>\n<meta name=\"description\" content=\"\u00c0 l\u2019issue des discussions, plusieurs d\u00e9cisions ont \u00e9t\u00e9 prises, parmi lesquelles :\" \/>\n<link rel=\"canonical\" href=\"https:\/\/www.webdo.tn\/fr\/actualite\/national\/tunisie-batterie-de-mesures-pour-reduire-et-valoriser-les-dechets\/220273\/\" \/>\n<meta property=\"og:locale\" content=\"fr_FR\" \/>\n<meta property=\"og:type\" content=\"article\" \/>\n<meta property=\"og:title\" content=\"Tunisie : Batterie de mesures pour r\u00e9duire et valoriser les d\u00e9chets\" \/>\n<meta property=\"og:description\" content=\"\u00c0 l\u2019issue des discussions, plusieurs d\u00e9cisions ont \u00e9t\u00e9 prises, parmi lesquelles :\" \/>\n<meta property=\"og:url\" content=\"https:\/\/www.webdo.tn\/fr\/actualite\/national\/tunisie-batterie-de-mesures-pour-reduire-et-valoriser-les-dechets\/220273\/\" \/>\n<meta property=\"og:site_name\" content=\"webdo\" \/>\n<meta property=\"article:publisher\" content=\"https:\/\/www.facebook.com\/webdotn\" \/>\n<meta property=\"article:published_time\" content=\"2025-03-04T07:53:00+00:00\" \/>\n<meta property=\"article:modified_time\" content=\"2025-05-20T22:22:51+00:00\" \/>\n<meta property=\"og:image\" content=\"https:\/\/www.webdo.tn\/fr\/wp-content\/uploads\/2025\/03\/b11ca49bfaf517157ed7d126cb8d9ad0.webp\" \/>\n\t<meta property=\"og:image:width\" content=\"750\" \/>\n\t<meta property=\"og:image:height\" content=\"400\" \/>\n\t<meta property=\"og:image:type\" content=\"image\/webp\" \/>\n<meta name=\"author\" content=\"KJ\" \/>\n<meta name=\"twitter:card\" content=\"summary_large_image\" \/>\n<meta name=\"twitter:creator\" content=\"@webdo_tn\" \/>\n<meta name=\"twitter:site\" content=\"@webdo_tn\" \/>\n<meta name=\"twitter:label1\" content=\"\u00c9crit par\" \/>\n\t<meta name=\"twitter:data1\" content=\"KJ\" \/>\n\t<meta name=\"twitter:label2\" content=\"Dur\u00e9e de lecture estim\u00e9e\" \/>\n\t<meta name=\"twitter:data2\" content=\"3 minutes\" \/>\n<script type=\"application\/ld+json\" class=\"yoast-schema-graph\">{\"@context\":\"https:\\\/\\\/schema.org\",\"@graph\":[{\"@type\":\"NewsArticle\",\"@id\":\"https:\\\/\\\/www.webdo.tn\\\/fr\\\/actualite\\\/national\\\/tunisie-batterie-de-mesures-pour-reduire-et-valoriser-les-dechets\\\/220273\\\/#article\",\"isPartOf\":{\"@id\":\"https:\\\/\\\/www.webdo.tn\\\/fr\\\/actualite\\\/national\\\/tunisie-batterie-de-mesures-pour-reduire-et-valoriser-les-dechets\\\/220273\\\/\"},\"author\":{\"name\":\"KJ\",\"@id\":\"https:\\\/\\\/www.webdo.tn\\\/fr\\\/#\\\/schema\\\/person\\\/82ca085b22037d285e1a3c4b65ba5f71\"},\"headline\":\"Tunisie : Batterie de mesures pour r\u00e9duire et valoriser les d\u00e9chets\",\"datePublished\":\"2025-03-04T07:53:00+00:00\",\"dateModified\":\"2025-05-20T22:22:51+00:00\",\"mainEntityOfPage\":{\"@id\":\"https:\\\/\\\/www.webdo.tn\\\/fr\\\/actualite\\\/national\\\/tunisie-batterie-de-mesures-pour-reduire-et-valoriser-les-dechets\\\/220273\\\/\"},\"wordCount\":678,\"commentCount\":0,\"publisher\":{\"@id\":\"https:\\\/\\\/www.webdo.tn\\\/fr\\\/#organization\"},\"image\":{\"@id\":\"https:\\\/\\\/www.webdo.tn\\\/fr\\\/actualite\\\/national\\\/tunisie-batterie-de-mesures-pour-reduire-et-valoriser-les-dechets\\\/220273\\\/#primaryimage\"},\"thumbnailUrl\":\"https:\\\/\\\/www.webdo.tn\\\/fr\\\/wp-content\\\/uploads\\\/2025\\\/03\\\/b11ca49bfaf517157ed7d126cb8d9ad0.webp\",\"keywords\":[\"d\u00e9chets\",\"strat\u00e9gie\",\"Tunisie\"],\"articleSection\":[\"National\"],\"inLanguage\":\"fr-FR\"},{\"@type\":\"WebPage\",\"@id\":\"https:\\\/\\\/www.webdo.tn\\\/fr\\\/actualite\\\/national\\\/tunisie-batterie-de-mesures-pour-reduire-et-valoriser-les-dechets\\\/220273\\\/\",\"url\":\"https:\\\/\\\/www.webdo.tn\\\/fr\\\/actualite\\\/national\\\/tunisie-batterie-de-mesures-pour-reduire-et-valoriser-les-dechets\\\/220273\\\/\",\"name\":\"Tunisie : Batterie de mesures pour r\u00e9duire et valoriser les d\u00e9chets\",\"isPartOf\":{\"@id\":\"https:\\\/\\\/www.webdo.tn\\\/fr\\\/#website\"},\"primaryImageOfPage\":{\"@id\":\"https:\\\/\\\/www.webdo.tn\\\/fr\\\/actualite\\\/national\\\/tunisie-batterie-de-mesures-pour-reduire-et-valoriser-les-dechets\\\/220273\\\/#primaryimage\"},\"image\":{\"@id\":\"https:\\\/\\\/www.webdo.tn\\\/fr\\\/actualite\\\/national\\\/tunisie-batterie-de-mesures-pour-reduire-et-valoriser-les-dechets\\\/220273\\\/#primaryimage\"},\"thumbnailUrl\":\"https:\\\/\\\/www.webdo.tn\\\/fr\\\/wp-content\\\/uploads\\\/2025\\\/03\\\/b11ca49bfaf517157ed7d126cb8d9ad0.webp\",\"datePublished\":\"2025-03-04T07:53:00+00:00\",\"dateModified\":\"2025-05-20T22:22:51+00:00\",\"description\":\"\u00c0 l\u2019issue des discussions, plusieurs d\u00e9cisions ont \u00e9t\u00e9 prises, parmi lesquelles :\",\"breadcrumb\":{\"@id\":\"https:\\\/\\\/www.webdo.tn\\\/fr\\\/actualite\\\/national\\\/tunisie-batterie-de-mesures-pour-reduire-et-valoriser-les-dechets\\\/220273\\\/#breadcrumb\"},\"inLanguage\":\"fr-FR\",\"potentialAction\":[{\"@type\":\"ReadAction\",\"target\":[\"https:\\\/\\\/www.webdo.tn\\\/fr\\\/actualite\\\/national\\\/tunisie-batterie-de-mesures-pour-reduire-et-valoriser-les-dechets\\\/220273\\\/\"]}]},{\"@type\":\"ImageObject\",\"inLanguage\":\"fr-FR\",\"@id\":\"https:\\\/\\\/www.webdo.tn\\\/fr\\\/actualite\\\/national\\\/tunisie-batterie-de-mesures-pour-reduire-et-valoriser-les-dechets\\\/220273\\\/#primaryimage\",\"url\":\"https:\\\/\\\/www.webdo.tn\\\/fr\\\/wp-content\\\/uploads\\\/2025\\\/03\\\/b11ca49bfaf517157ed7d126cb8d9ad0.webp\",\"contentUrl\":\"https:\\\/\\\/www.webdo.tn\\\/fr\\\/wp-content\\\/uploads\\\/2025\\\/03\\\/b11ca49bfaf517157ed7d126cb8d9ad0.webp\",\"width\":750,\"height\":400,\"caption\":\"Tunisie : Batterie de mesures pour r\u00e9duire et valoriser les d\u00e9chets\"},{\"@type\":\"BreadcrumbList\",\"@id\":\"https:\\\/\\\/www.webdo.tn\\\/fr\\\/actualite\\\/national\\\/tunisie-batterie-de-mesures-pour-reduire-et-valoriser-les-dechets\\\/220273\\\/#breadcrumb\",\"itemListElement\":[{\"@type\":\"ListItem\",\"position\":1,\"name\":\"Accueil\",\"item\":\"https:\\\/\\\/www.webdo.tn\\\/fr\\\/\"},{\"@type\":\"ListItem\",\"position\":2,\"name\":\"Tunisie : Batterie de mesures pour r\u00e9duire et valoriser les d\u00e9chets\"}]},{\"@type\":\"WebSite\",\"@id\":\"https:\\\/\\\/www.webdo.tn\\\/fr\\\/#website\",\"url\":\"https:\\\/\\\/www.webdo.tn\\\/fr\\\/\",\"name\":\"webdo\",\"description\":\"Tunisie - News en Tunisie et \u00e0 l&#039;international sur Webdo.tn\",\"publisher\":{\"@id\":\"https:\\\/\\\/www.webdo.tn\\\/fr\\\/#organization\"},\"potentialAction\":[{\"@type\":\"SearchAction\",\"target\":{\"@type\":\"EntryPoint\",\"urlTemplate\":\"https:\\\/\\\/www.webdo.tn\\\/fr\\\/?s={search_term_string}\"},\"query-input\":{\"@type\":\"PropertyValueSpecification\",\"valueRequired\":true,\"valueName\":\"search_term_string\"}}],\"inLanguage\":\"fr-FR\"},{\"@type\":\"Organization\",\"@id\":\"https:\\\/\\\/www.webdo.tn\\\/fr\\\/#organization\",\"name\":\"Webdo\",\"alternateName\":\"Webdo.tn\",\"url\":\"https:\\\/\\\/www.webdo.tn\\\/fr\\\/\",\"logo\":{\"@type\":\"ImageObject\",\"inLanguage\":\"fr-FR\",\"@id\":\"https:\\\/\\\/www.webdo.tn\\\/fr\\\/#\\\/schema\\\/logo\\\/image\\\/\",\"url\":\"https:\\\/\\\/www.webdo.tn\\\/fr\\\/wp-content\\\/uploads\\\/2025\\\/06\\\/Webdo-Tunisie_168377.jpg\",\"contentUrl\":\"https:\\\/\\\/www.webdo.tn\\\/fr\\\/wp-content\\\/uploads\\\/2025\\\/06\\\/Webdo-Tunisie_168377.jpg\",\"width\":301,\"height\":301,\"caption\":\"Webdo\"},\"image\":{\"@id\":\"https:\\\/\\\/www.webdo.tn\\\/fr\\\/#\\\/schema\\\/logo\\\/image\\\/\"},\"sameAs\":[\"https:\\\/\\\/www.facebook.com\\\/webdotn\",\"https:\\\/\\\/x.com\\\/webdo_tn\"],\"description\":\"Webdo est un m\u00e9dia num\u00e9rique tunisien fond\u00e9 en 2010, sp\u00e9cialis\u00e9 dans l\u2019actualit\u00e9 nationale et internationale, l\u2019\u00e9conomie, la soci\u00e9t\u00e9 et les analyses politiques. Le site s\u2019adresse \u00e0 un large public francophone et couvre l\u2019information tunisienne en temps r\u00e9el.\",\"email\":\"redac@webdo.tn\",\"legalName\":\"YNJ SARL\",\"foundingDate\":\"2010-09-06\",\"numberOfEmployees\":{\"@type\":\"QuantitativeValue\",\"minValue\":\"11\",\"maxValue\":\"50\"}},{\"@type\":\"Person\",\"@id\":\"https:\\\/\\\/www.webdo.tn\\\/fr\\\/#\\\/schema\\\/person\\\/82ca085b22037d285e1a3c4b65ba5f71\",\"name\":\"KJ\",\"image\":{\"@type\":\"ImageObject\",\"inLanguage\":\"fr-FR\",\"@id\":\"https:\\\/\\\/secure.gravatar.com\\\/avatar\\\/1a1320de1c1971c893f00068f760b4113d69504aa21273da17ee95650c5944fd?s=96&d=mm&r=g\",\"url\":\"https:\\\/\\\/secure.gravatar.com\\\/avatar\\\/1a1320de1c1971c893f00068f760b4113d69504aa21273da17ee95650c5944fd?s=96&d=mm&r=g\",\"contentUrl\":\"https:\\\/\\\/secure.gravatar.com\\\/avatar\\\/1a1320de1c1971c893f00068f760b4113d69504aa21273da17ee95650c5944fd?s=96&d=mm&r=g\",\"caption\":\"KJ\"},\"url\":\"https:\\\/\\\/www.webdo.tn\\\/fr\\\/actualite\\\/author\\\/kj\\\/\"}]}<\/script>\n<!-- \/ Yoast SEO Premium plugin. -->","yoast_head_json":{"title":"Tunisie : Batterie de mesures pour r\u00e9duire et valoriser les d\u00e9chets","description":"\u00c0 l\u2019issue des discussions, plusieurs d\u00e9cisions ont \u00e9t\u00e9 prises, parmi lesquelles :","canonical":"https:\/\/www.webdo.tn\/fr\/actualite\/national\/tunisie-batterie-de-mesures-pour-reduire-et-valoriser-les-dechets\/220273\/","og_locale":"fr_FR","og_type":"article","og_title":"Tunisie : Batterie de mesures pour r\u00e9duire et valoriser les d\u00e9chets","og_description":"\u00c0 l\u2019issue des discussions, plusieurs d\u00e9cisions ont \u00e9t\u00e9 prises, parmi lesquelles :","og_url":"https:\/\/www.webdo.tn\/fr\/actualite\/national\/tunisie-batterie-de-mesures-pour-reduire-et-valoriser-les-dechets\/220273\/","og_site_name":"webdo","article_publisher":"https:\/\/www.facebook.com\/webdotn","article_published_time":"2025-03-04T07:53:00+00:00","article_modified_time":"2025-05-20T22:22:51+00:00","og_image":[{"width":750,"height":400,"url":"https:\/\/www.webdo.tn\/fr\/wp-content\/uploads\/2025\/03\/b11ca49bfaf517157ed7d126cb8d9ad0.webp","type":"image\/webp"}],"author":"KJ","twitter_card":"summary_large_image","twitter_creator":"@webdo_tn","twitter_site":"@webdo_tn","twitter_misc":{"\u00c9crit par":"KJ","Dur\u00e9e de lecture estim\u00e9e":"3 minutes"},"schema":{"@context":"https:\/\/schema.org","@graph":[{"@type":"NewsArticle","@id":"https:\/\/www.webdo.tn\/fr\/actualite\/national\/tunisie-batterie-de-mesures-pour-reduire-et-valoriser-les-dechets\/220273\/#article","isPartOf":{"@id":"https:\/\/www.webdo.tn\/fr\/actualite\/national\/tunisie-batterie-de-mesures-pour-reduire-et-valoriser-les-dechets\/220273\/"},"author":{"name":"KJ","@id":"https:\/\/www.webdo.tn\/fr\/#\/schema\/person\/82ca085b22037d285e1a3c4b65ba5f71"},"headline":"Tunisie : Batterie de mesures pour r\u00e9duire et valoriser les d\u00e9chets","datePublished":"2025-03-04T07:53:00+00:00","dateModified":"2025-05-20T22:22:51+00:00","mainEntityOfPage":{"@id":"https:\/\/www.webdo.tn\/fr\/actualite\/national\/tunisie-batterie-de-mesures-pour-reduire-et-valoriser-les-dechets\/220273\/"},"wordCount":678,"commentCount":0,"publisher":{"@id":"https:\/\/www.webdo.tn\/fr\/#organization"},"image":{"@id":"https:\/\/www.webdo.tn\/fr\/actualite\/national\/tunisie-batterie-de-mesures-pour-reduire-et-valoriser-les-dechets\/220273\/#primaryimage"},"thumbnailUrl":"https:\/\/www.webdo.tn\/fr\/wp-content\/uploads\/2025\/03\/b11ca49bfaf517157ed7d126cb8d9ad0.webp","keywords":["d\u00e9chets","strat\u00e9gie","Tunisie"],"articleSection":["National"],"inLanguage":"fr-FR"},{"@type":"WebPage","@id":"https:\/\/www.webdo.tn\/fr\/actualite\/national\/tunisie-batterie-de-mesures-pour-reduire-et-valoriser-les-dechets\/220273\/","url":"https:\/\/www.webdo.tn\/fr\/actualite\/national\/tunisie-batterie-de-mesures-pour-reduire-et-valoriser-les-dechets\/220273\/","name":"Tunisie : Batterie de mesures pour r\u00e9duire et valoriser les d\u00e9chets","isPartOf":{"@id":"https:\/\/www.webdo.tn\/fr\/#website"},"primaryImageOfPage":{"@id":"https:\/\/www.webdo.tn\/fr\/actualite\/national\/tunisie-batterie-de-mesures-pour-reduire-et-valoriser-les-dechets\/220273\/#primaryimage"},"image":{"@id":"https:\/\/www.webdo.tn\/fr\/actualite\/national\/tunisie-batterie-de-mesures-pour-reduire-et-valoriser-les-dechets\/220273\/#primaryimage"},"thumbnailUrl":"https:\/\/www.webdo.tn\/fr\/wp-content\/uploads\/2025\/03\/b11ca49bfaf517157ed7d126cb8d9ad0.webp","datePublished":"2025-03-04T07:53:00+00:00","dateModified":"2025-05-20T22:22:51+00:00","description":"\u00c0 l\u2019issue des discussions, plusieurs d\u00e9cisions ont \u00e9t\u00e9 prises, parmi lesquelles :","breadcrumb":{"@id":"https:\/\/www.webdo.tn\/fr\/actualite\/national\/tunisie-batterie-de-mesures-pour-reduire-et-valoriser-les-dechets\/220273\/#breadcrumb"},"inLanguage":"fr-FR","potentialAction":[{"@type":"ReadAction","target":["https:\/\/www.webdo.tn\/fr\/actualite\/national\/tunisie-batterie-de-mesures-pour-reduire-et-valoriser-les-dechets\/220273\/"]}]},{"@type":"ImageObject","inLanguage":"fr-FR","@id":"https:\/\/www.webdo.tn\/fr\/actualite\/national\/tunisie-batterie-de-mesures-pour-reduire-et-valoriser-les-dechets\/220273\/#primaryimage","url":"https:\/\/www.webdo.tn\/fr\/wp-content\/uploads\/2025\/03\/b11ca49bfaf517157ed7d126cb8d9ad0.webp","contentUrl":"https:\/\/www.webdo.tn\/fr\/wp-content\/uploads\/2025\/03\/b11ca49bfaf517157ed7d126cb8d9ad0.webp","width":750,"height":400,"caption":"Tunisie : Batterie de mesures pour r\u00e9duire et valoriser les d\u00e9chets"},{"@type":"BreadcrumbList","@id":"https:\/\/www.webdo.tn\/fr\/actualite\/national\/tunisie-batterie-de-mesures-pour-reduire-et-valoriser-les-dechets\/220273\/#breadcrumb","itemListElement":[{"@type":"ListItem","position":1,"name":"Accueil","item":"https:\/\/www.webdo.tn\/fr\/"},{"@type":"ListItem","position":2,"name":"Tunisie : Batterie de mesures pour r\u00e9duire et valoriser les d\u00e9chets"}]},{"@type":"WebSite","@id":"https:\/\/www.webdo.tn\/fr\/#website","url":"https:\/\/www.webdo.tn\/fr\/","name":"webdo","description":"Tunisie - News en Tunisie et \u00e0 l&#039;international sur Webdo.tn","publisher":{"@id":"https:\/\/www.webdo.tn\/fr\/#organization"},"potentialAction":[{"@type":"SearchAction","target":{"@type":"EntryPoint","urlTemplate":"https:\/\/www.webdo.tn\/fr\/?s={search_term_string}"},"query-input":{"@type":"PropertyValueSpecification","valueRequired":true,"valueName":"search_term_string"}}],"inLanguage":"fr-FR"},{"@type":"Organization","@id":"https:\/\/www.webdo.tn\/fr\/#organization","name":"Webdo","alternateName":"Webdo.tn","url":"https:\/\/www.webdo.tn\/fr\/","logo":{"@type":"ImageObject","inLanguage":"fr-FR","@id":"https:\/\/www.webdo.tn\/fr\/#\/schema\/logo\/image\/","url":"https:\/\/www.webdo.tn\/fr\/wp-content\/uploads\/2025\/06\/Webdo-Tunisie_168377.jpg","contentUrl":"https:\/\/www.webdo.tn\/fr\/wp-content\/uploads\/2025\/06\/Webdo-Tunisie_168377.jpg","width":301,"height":301,"caption":"Webdo"},"image":{"@id":"https:\/\/www.webdo.tn\/fr\/#\/schema\/logo\/image\/"},"sameAs":["https:\/\/www.facebook.com\/webdotn","https:\/\/x.com\/webdo_tn"],"description":"Webdo est un m\u00e9dia num\u00e9rique tunisien fond\u00e9 en 2010, sp\u00e9cialis\u00e9 dans l\u2019actualit\u00e9 nationale et internationale, l\u2019\u00e9conomie, la soci\u00e9t\u00e9 et les analyses politiques. Le site s\u2019adresse \u00e0 un large public francophone et couvre l\u2019information tunisienne en temps r\u00e9el.","email":"redac@webdo.tn","legalName":"YNJ SARL","foundingDate":"2010-09-06","numberOfEmployees":{"@type":"QuantitativeValue","minValue":"11","maxValue":"50"}},{"@type":"Person","@id":"https:\/\/www.webdo.tn\/fr\/#\/schema\/person\/82ca085b22037d285e1a3c4b65ba5f71","name":"KJ","image":{"@type":"ImageObject","inLanguage":"fr-FR","@id":"https:\/\/secure.gravatar.com\/avatar\/1a1320de1c1971c893f00068f760b4113d69504aa21273da17ee95650c5944fd?s=96&d=mm&r=g","url":"https:\/\/secure.gravatar.com\/avatar\/1a1320de1c1971c893f00068f760b4113d69504aa21273da17ee95650c5944fd?s=96&d=mm&r=g","contentUrl":"https:\/\/secure.gravatar.com\/avatar\/1a1320de1c1971c893f00068f760b4113d69504aa21273da17ee95650c5944fd?s=96&d=mm&r=g","caption":"KJ"},"url":"https:\/\/www.webdo.tn\/fr\/actualite\/author\/kj\/"}]}},"_links":{"self":[{"href":"https:\/\/www.webdo.tn\/fr\/wp-json\/wp\/v2\/posts\/220273","targetHints":{"allow":["GET"]}}],"collection":[{"href":"https:\/\/www.webdo.tn\/fr\/wp-json\/wp\/v2\/posts"}],"about":[{"href":"https:\/\/www.webdo.tn\/fr\/wp-json\/wp\/v2\/types\/post"}],"author":[{"embeddable":true,"href":"https:\/\/www.webdo.tn\/fr\/wp-json\/wp\/v2\/users\/3163"}],"replies":[{"embeddable":true,"href":"https:\/\/www.webdo.tn\/fr\/wp-json\/wp\/v2\/comments?post=220273"}],"version-history":[{"count":0,"href":"https:\/\/www.webdo.tn\/fr\/wp-json\/wp\/v2\/posts\/220273\/revisions"}],"wp:featuredmedia":[{"embeddable":true,"href":"https:\/\/www.webdo.tn\/fr\/wp-json\/wp\/v2\/media\/291996"}],"wp:attachment":[{"href":"https:\/\/www.webdo.tn\/fr\/wp-json\/wp\/v2\/media?parent=220273"}],"wp:term":[{"taxonomy":"category","embeddable":true,"href":"https:\/\/www.webdo.tn\/fr\/wp-json\/wp\/v2\/categories?post=220273"},{"taxonomy":"post_tag","embeddable":true,"href":"https:\/\/www.webdo.tn\/fr\/wp-json\/wp\/v2\/tags?post=220273"}],"curies":[{"name":"wp","href":"https:\/\/api.w.org\/{rel}","templated":true}]}}