{"id":220269,"date":"2025-03-03T21:02:00","date_gmt":"2025-03-03T21:02:00","guid":{"rendered":"https:\/\/www.webdo.tn\/fr\/blog\/2025\/03\/03\/tunisie-greve-prevue-dans-toutes-les-municipalites\/"},"modified":"2025-05-20T22:19:34","modified_gmt":"2025-05-20T22:19:34","slug":"tunisie-greve-prevue-dans-toutes-les-municipalites","status":"publish","type":"post","link":"https:\/\/www.webdo.tn\/fr\/actualite\/national\/tunisie-greve-prevue-dans-toutes-les-municipalites\/220269\/","title":{"rendered":"Tunisie : Gr\u00e8ve pr\u00e9vue dans toutes les municipalit\u00e9s"},"content":{"rendered":"<p>L\u2019Union g\u00e9n\u00e9rale tunisienne du travail (UGTT) a annonc\u00e9, ce lundi 3 mars 2025, la d\u00e9cision de la commission administrative de la F\u00e9d\u00e9ration g\u00e9n\u00e9rale des municipalit\u00e9s de mener une gr\u00e8ve nationale sectorielle dans toutes les municipalit\u00e9s et les \u00e9tablissements qui en d\u00e9pendent, le jeudi 13 mars 2025, selon le journal \u00e9lectronique de l&rsquo;Union, *Ech\u00e2ab News*. \u00a0<\/p>\n<p>\t\t\t\t\t\t\t\t\tCette d\u00e9cision fait suite \u00e0 la r\u00e9union tenue le 18 f\u00e9vrier 2025 par la commission administrative de la F\u00e9d\u00e9ration g\u00e9n\u00e9rale des municipalit\u00e9s, sous la pr\u00e9sidence de Mohsen Yousfi, secr\u00e9taire g\u00e9n\u00e9ral adjoint charg\u00e9 des biens de l&rsquo;Union et de l&rsquo;\u00e9conomie sociale et solidaire. Lors de cette r\u00e9union, la d\u00e9t\u00e9rioration des conditions dans le secteur et l&rsquo;absence de dialogue efficace avec les autorit\u00e9s de tutelle ont \u00e9t\u00e9 abord\u00e9es. \u00a0<\/p>\n<p>L&rsquo;UGTT a soulign\u00e9 que cette gr\u00e8ve intervient en raison de la fermeture des n\u00e9gociations sur les revendications en suspens et persistantes, ainsi que de l&rsquo;absence de d\u00e9cisions courageuses et urgentes pour am\u00e9liorer les conditions professionnelles au sein des municipalit\u00e9s.<\/p>\n","protected":false},"excerpt":{"rendered":"<p>Cette d\u00e9cision fait suite \u00e0 la r\u00e9union tenue le 18 f\u00e9vrier 2025 par la commission administrative de la F\u00e9d\u00e9ration g\u00e9n\u00e9rale des municipalit\u00e9s, sous la pr\u00e9sidence&#8230;<\/p>\n","protected":false},"author":3163,"featured_media":241898,"comment_status":"open","ping_status":"open","sticky":false,"template":"","format":"standard","meta":{"footnotes":""},"categories":[44],"tags":[2782,3717,2608],"class_list":["post-220269","post","type-post","status-publish","format-standard","has-post-thumbnail","hentry","category-national","tag-greve-generale","tag-municipalites","tag-tunisie"],"yoast_head":"<!-- This site is optimized with the Yoast SEO Premium plugin v27.5 (Yoast SEO v27.5) - https:\/\/yoast.com\/product\/yoast-seo-premium-wordpress\/ -->\n<title>Tunisie : Gr\u00e8ve pr\u00e9vue dans toutes les municipalit\u00e9s<\/title>\n<meta name=\"description\" content=\"Cette d\u00e9cision fait suite \u00e0 la r\u00e9union tenue le 18 f\u00e9vrier 2025 par la commission administrative de la F\u00e9d\u00e9ration g\u00e9n\u00e9rale des municipalit\u00e9s, sous la pr\u00e9sidence...\" \/>\n<link rel=\"canonical\" href=\"https:\/\/www.webdo.tn\/fr\/actualite\/national\/tunisie-greve-prevue-dans-toutes-les-municipalites\/220269\/\" \/>\n<meta property=\"og:locale\" content=\"fr_FR\" \/>\n<meta property=\"og:type\" content=\"article\" \/>\n<meta property=\"og:title\" content=\"Tunisie : Gr\u00e8ve pr\u00e9vue dans toutes les municipalit\u00e9s\" \/>\n<meta property=\"og:description\" content=\"Cette d\u00e9cision fait suite \u00e0 la r\u00e9union tenue le 18 f\u00e9vrier 2025 par la commission administrative de la F\u00e9d\u00e9ration g\u00e9n\u00e9rale des municipalit\u00e9s, sous la pr\u00e9sidence...\" \/>\n<meta property=\"og:url\" content=\"https:\/\/www.webdo.tn\/fr\/actualite\/national\/tunisie-greve-prevue-dans-toutes-les-municipalites\/220269\/\" \/>\n<meta property=\"og:site_name\" content=\"webdo\" \/>\n<meta property=\"article:publisher\" content=\"https:\/\/www.facebook.com\/webdotn\" \/>\n<meta property=\"article:published_time\" content=\"2025-03-03T21:02:00+00:00\" \/>\n<meta property=\"article:modified_time\" content=\"2025-05-20T22:19:34+00:00\" \/>\n<meta property=\"og:image\" content=\"https:\/\/www.webdo.tn\/fr\/wp-content\/uploads\/2025\/05\/78efbeb453698ca607aa87788f9cf705-3.webp\" \/>\n\t<meta property=\"og:image:width\" content=\"750\" \/>\n\t<meta property=\"og:image:height\" content=\"400\" \/>\n\t<meta property=\"og:image:type\" content=\"image\/webp\" \/>\n<meta name=\"author\" content=\"KJ\" \/>\n<meta name=\"twitter:card\" content=\"summary_large_image\" \/>\n<meta name=\"twitter:creator\" content=\"@webdo_tn\" \/>\n<meta name=\"twitter:site\" content=\"@webdo_tn\" \/>\n<meta name=\"twitter:label1\" content=\"\u00c9crit par\" \/>\n\t<meta name=\"twitter:data1\" content=\"KJ\" \/>\n\t<meta name=\"twitter:label2\" content=\"Dur\u00e9e de lecture estim\u00e9e\" \/>\n\t<meta name=\"twitter:data2\" content=\"1 minute\" \/>\n<script type=\"application\/ld+json\" class=\"yoast-schema-graph\">{\"@context\":\"https:\\\/\\\/schema.org\",\"@graph\":[{\"@type\":\"NewsArticle\",\"@id\":\"https:\\\/\\\/www.webdo.tn\\\/fr\\\/actualite\\\/national\\\/tunisie-greve-prevue-dans-toutes-les-municipalites\\\/220269\\\/#article\",\"isPartOf\":{\"@id\":\"https:\\\/\\\/www.webdo.tn\\\/fr\\\/actualite\\\/national\\\/tunisie-greve-prevue-dans-toutes-les-municipalites\\\/220269\\\/\"},\"author\":{\"name\":\"KJ\",\"@id\":\"https:\\\/\\\/www.webdo.tn\\\/fr\\\/#\\\/schema\\\/person\\\/82ca085b22037d285e1a3c4b65ba5f71\"},\"headline\":\"Tunisie : Gr\u00e8ve pr\u00e9vue dans toutes les municipalit\u00e9s\",\"datePublished\":\"2025-03-03T21:02:00+00:00\",\"dateModified\":\"2025-05-20T22:19:34+00:00\",\"mainEntityOfPage\":{\"@id\":\"https:\\\/\\\/www.webdo.tn\\\/fr\\\/actualite\\\/national\\\/tunisie-greve-prevue-dans-toutes-les-municipalites\\\/220269\\\/\"},\"wordCount\":203,\"commentCount\":0,\"publisher\":{\"@id\":\"https:\\\/\\\/www.webdo.tn\\\/fr\\\/#organization\"},\"image\":{\"@id\":\"https:\\\/\\\/www.webdo.tn\\\/fr\\\/actualite\\\/national\\\/tunisie-greve-prevue-dans-toutes-les-municipalites\\\/220269\\\/#primaryimage\"},\"thumbnailUrl\":\"https:\\\/\\\/www.webdo.tn\\\/fr\\\/wp-content\\\/uploads\\\/2025\\\/05\\\/78efbeb453698ca607aa87788f9cf705-3.webp\",\"keywords\":[\"Gr\u00e8ve g\u00e9n\u00e9rale\",\"Municipalit\u00e9s\",\"Tunisie\"],\"articleSection\":[\"National\"],\"inLanguage\":\"fr-FR\"},{\"@type\":\"WebPage\",\"@id\":\"https:\\\/\\\/www.webdo.tn\\\/fr\\\/actualite\\\/national\\\/tunisie-greve-prevue-dans-toutes-les-municipalites\\\/220269\\\/\",\"url\":\"https:\\\/\\\/www.webdo.tn\\\/fr\\\/actualite\\\/national\\\/tunisie-greve-prevue-dans-toutes-les-municipalites\\\/220269\\\/\",\"name\":\"Tunisie : Gr\u00e8ve pr\u00e9vue dans toutes les municipalit\u00e9s\",\"isPartOf\":{\"@id\":\"https:\\\/\\\/www.webdo.tn\\\/fr\\\/#website\"},\"primaryImageOfPage\":{\"@id\":\"https:\\\/\\\/www.webdo.tn\\\/fr\\\/actualite\\\/national\\\/tunisie-greve-prevue-dans-toutes-les-municipalites\\\/220269\\\/#primaryimage\"},\"image\":{\"@id\":\"https:\\\/\\\/www.webdo.tn\\\/fr\\\/actualite\\\/national\\\/tunisie-greve-prevue-dans-toutes-les-municipalites\\\/220269\\\/#primaryimage\"},\"thumbnailUrl\":\"https:\\\/\\\/www.webdo.tn\\\/fr\\\/wp-content\\\/uploads\\\/2025\\\/05\\\/78efbeb453698ca607aa87788f9cf705-3.webp\",\"datePublished\":\"2025-03-03T21:02:00+00:00\",\"dateModified\":\"2025-05-20T22:19:34+00:00\",\"description\":\"Cette d\u00e9cision fait suite \u00e0 la r\u00e9union tenue le 18 f\u00e9vrier 2025 par la commission administrative de la F\u00e9d\u00e9ration g\u00e9n\u00e9rale des municipalit\u00e9s, sous la pr\u00e9sidence...\",\"breadcrumb\":{\"@id\":\"https:\\\/\\\/www.webdo.tn\\\/fr\\\/actualite\\\/national\\\/tunisie-greve-prevue-dans-toutes-les-municipalites\\\/220269\\\/#breadcrumb\"},\"inLanguage\":\"fr-FR\",\"potentialAction\":[{\"@type\":\"ReadAction\",\"target\":[\"https:\\\/\\\/www.webdo.tn\\\/fr\\\/actualite\\\/national\\\/tunisie-greve-prevue-dans-toutes-les-municipalites\\\/220269\\\/\"]}]},{\"@type\":\"ImageObject\",\"inLanguage\":\"fr-FR\",\"@id\":\"https:\\\/\\\/www.webdo.tn\\\/fr\\\/actualite\\\/national\\\/tunisie-greve-prevue-dans-toutes-les-municipalites\\\/220269\\\/#primaryimage\",\"url\":\"https:\\\/\\\/www.webdo.tn\\\/fr\\\/wp-content\\\/uploads\\\/2025\\\/05\\\/78efbeb453698ca607aa87788f9cf705-3.webp\",\"contentUrl\":\"https:\\\/\\\/www.webdo.tn\\\/fr\\\/wp-content\\\/uploads\\\/2025\\\/05\\\/78efbeb453698ca607aa87788f9cf705-3.webp\",\"width\":750,\"height\":400},{\"@type\":\"BreadcrumbList\",\"@id\":\"https:\\\/\\\/www.webdo.tn\\\/fr\\\/actualite\\\/national\\\/tunisie-greve-prevue-dans-toutes-les-municipalites\\\/220269\\\/#breadcrumb\",\"itemListElement\":[{\"@type\":\"ListItem\",\"position\":1,\"name\":\"Accueil\",\"item\":\"https:\\\/\\\/www.webdo.tn\\\/fr\\\/\"},{\"@type\":\"ListItem\",\"position\":2,\"name\":\"Tunisie : Gr\u00e8ve pr\u00e9vue dans toutes les municipalit\u00e9s\"}]},{\"@type\":\"WebSite\",\"@id\":\"https:\\\/\\\/www.webdo.tn\\\/fr\\\/#website\",\"url\":\"https:\\\/\\\/www.webdo.tn\\\/fr\\\/\",\"name\":\"webdo\",\"description\":\"Tunisie - News en Tunisie et \u00e0 l&#039;international sur Webdo.tn\",\"publisher\":{\"@id\":\"https:\\\/\\\/www.webdo.tn\\\/fr\\\/#organization\"},\"potentialAction\":[{\"@type\":\"SearchAction\",\"target\":{\"@type\":\"EntryPoint\",\"urlTemplate\":\"https:\\\/\\\/www.webdo.tn\\\/fr\\\/?s={search_term_string}\"},\"query-input\":{\"@type\":\"PropertyValueSpecification\",\"valueRequired\":true,\"valueName\":\"search_term_string\"}}],\"inLanguage\":\"fr-FR\"},{\"@type\":\"Organization\",\"@id\":\"https:\\\/\\\/www.webdo.tn\\\/fr\\\/#organization\",\"name\":\"Webdo\",\"alternateName\":\"Webdo.tn\",\"url\":\"https:\\\/\\\/www.webdo.tn\\\/fr\\\/\",\"logo\":{\"@type\":\"ImageObject\",\"inLanguage\":\"fr-FR\",\"@id\":\"https:\\\/\\\/www.webdo.tn\\\/fr\\\/#\\\/schema\\\/logo\\\/image\\\/\",\"url\":\"https:\\\/\\\/www.webdo.tn\\\/fr\\\/wp-content\\\/uploads\\\/2025\\\/06\\\/Webdo-Tunisie_168377.jpg\",\"contentUrl\":\"https:\\\/\\\/www.webdo.tn\\\/fr\\\/wp-content\\\/uploads\\\/2025\\\/06\\\/Webdo-Tunisie_168377.jpg\",\"width\":301,\"height\":301,\"caption\":\"Webdo\"},\"image\":{\"@id\":\"https:\\\/\\\/www.webdo.tn\\\/fr\\\/#\\\/schema\\\/logo\\\/image\\\/\"},\"sameAs\":[\"https:\\\/\\\/www.facebook.com\\\/webdotn\",\"https:\\\/\\\/x.com\\\/webdo_tn\"],\"description\":\"Webdo est un m\u00e9dia num\u00e9rique tunisien fond\u00e9 en 2010, sp\u00e9cialis\u00e9 dans l\u2019actualit\u00e9 nationale et internationale, l\u2019\u00e9conomie, la soci\u00e9t\u00e9 et les analyses politiques. Le site s\u2019adresse \u00e0 un large public francophone et couvre l\u2019information tunisienne en temps r\u00e9el.\",\"email\":\"redac@webdo.tn\",\"legalName\":\"YNJ SARL\",\"foundingDate\":\"2010-09-06\",\"numberOfEmployees\":{\"@type\":\"QuantitativeValue\",\"minValue\":\"11\",\"maxValue\":\"50\"}},{\"@type\":\"Person\",\"@id\":\"https:\\\/\\\/www.webdo.tn\\\/fr\\\/#\\\/schema\\\/person\\\/82ca085b22037d285e1a3c4b65ba5f71\",\"name\":\"KJ\",\"image\":{\"@type\":\"ImageObject\",\"inLanguage\":\"fr-FR\",\"@id\":\"https:\\\/\\\/secure.gravatar.com\\\/avatar\\\/1a1320de1c1971c893f00068f760b4113d69504aa21273da17ee95650c5944fd?s=96&d=mm&r=g\",\"url\":\"https:\\\/\\\/secure.gravatar.com\\\/avatar\\\/1a1320de1c1971c893f00068f760b4113d69504aa21273da17ee95650c5944fd?s=96&d=mm&r=g\",\"contentUrl\":\"https:\\\/\\\/secure.gravatar.com\\\/avatar\\\/1a1320de1c1971c893f00068f760b4113d69504aa21273da17ee95650c5944fd?s=96&d=mm&r=g\",\"caption\":\"KJ\"},\"url\":\"https:\\\/\\\/www.webdo.tn\\\/fr\\\/actualite\\\/author\\\/kj\\\/\"}]}<\/script>\n<!-- \/ Yoast SEO Premium plugin. -->","yoast_head_json":{"title":"Tunisie : Gr\u00e8ve pr\u00e9vue dans toutes les municipalit\u00e9s","description":"Cette d\u00e9cision fait suite \u00e0 la r\u00e9union tenue le 18 f\u00e9vrier 2025 par la commission administrative de la F\u00e9d\u00e9ration g\u00e9n\u00e9rale des municipalit\u00e9s, sous la pr\u00e9sidence...","canonical":"https:\/\/www.webdo.tn\/fr\/actualite\/national\/tunisie-greve-prevue-dans-toutes-les-municipalites\/220269\/","og_locale":"fr_FR","og_type":"article","og_title":"Tunisie : Gr\u00e8ve pr\u00e9vue dans toutes les municipalit\u00e9s","og_description":"Cette d\u00e9cision fait suite \u00e0 la r\u00e9union tenue le 18 f\u00e9vrier 2025 par la commission administrative de la F\u00e9d\u00e9ration g\u00e9n\u00e9rale des municipalit\u00e9s, sous la pr\u00e9sidence...","og_url":"https:\/\/www.webdo.tn\/fr\/actualite\/national\/tunisie-greve-prevue-dans-toutes-les-municipalites\/220269\/","og_site_name":"webdo","article_publisher":"https:\/\/www.facebook.com\/webdotn","article_published_time":"2025-03-03T21:02:00+00:00","article_modified_time":"2025-05-20T22:19:34+00:00","og_image":[{"width":750,"height":400,"url":"https:\/\/www.webdo.tn\/fr\/wp-content\/uploads\/2025\/05\/78efbeb453698ca607aa87788f9cf705-3.webp","type":"image\/webp"}],"author":"KJ","twitter_card":"summary_large_image","twitter_creator":"@webdo_tn","twitter_site":"@webdo_tn","twitter_misc":{"\u00c9crit par":"KJ","Dur\u00e9e de lecture estim\u00e9e":"1 minute"},"schema":{"@context":"https:\/\/schema.org","@graph":[{"@type":"NewsArticle","@id":"https:\/\/www.webdo.tn\/fr\/actualite\/national\/tunisie-greve-prevue-dans-toutes-les-municipalites\/220269\/#article","isPartOf":{"@id":"https:\/\/www.webdo.tn\/fr\/actualite\/national\/tunisie-greve-prevue-dans-toutes-les-municipalites\/220269\/"},"author":{"name":"KJ","@id":"https:\/\/www.webdo.tn\/fr\/#\/schema\/person\/82ca085b22037d285e1a3c4b65ba5f71"},"headline":"Tunisie : Gr\u00e8ve pr\u00e9vue dans toutes les municipalit\u00e9s","datePublished":"2025-03-03T21:02:00+00:00","dateModified":"2025-05-20T22:19:34+00:00","mainEntityOfPage":{"@id":"https:\/\/www.webdo.tn\/fr\/actualite\/national\/tunisie-greve-prevue-dans-toutes-les-municipalites\/220269\/"},"wordCount":203,"commentCount":0,"publisher":{"@id":"https:\/\/www.webdo.tn\/fr\/#organization"},"image":{"@id":"https:\/\/www.webdo.tn\/fr\/actualite\/national\/tunisie-greve-prevue-dans-toutes-les-municipalites\/220269\/#primaryimage"},"thumbnailUrl":"https:\/\/www.webdo.tn\/fr\/wp-content\/uploads\/2025\/05\/78efbeb453698ca607aa87788f9cf705-3.webp","keywords":["Gr\u00e8ve g\u00e9n\u00e9rale","Municipalit\u00e9s","Tunisie"],"articleSection":["National"],"inLanguage":"fr-FR"},{"@type":"WebPage","@id":"https:\/\/www.webdo.tn\/fr\/actualite\/national\/tunisie-greve-prevue-dans-toutes-les-municipalites\/220269\/","url":"https:\/\/www.webdo.tn\/fr\/actualite\/national\/tunisie-greve-prevue-dans-toutes-les-municipalites\/220269\/","name":"Tunisie : Gr\u00e8ve pr\u00e9vue dans toutes les municipalit\u00e9s","isPartOf":{"@id":"https:\/\/www.webdo.tn\/fr\/#website"},"primaryImageOfPage":{"@id":"https:\/\/www.webdo.tn\/fr\/actualite\/national\/tunisie-greve-prevue-dans-toutes-les-municipalites\/220269\/#primaryimage"},"image":{"@id":"https:\/\/www.webdo.tn\/fr\/actualite\/national\/tunisie-greve-prevue-dans-toutes-les-municipalites\/220269\/#primaryimage"},"thumbnailUrl":"https:\/\/www.webdo.tn\/fr\/wp-content\/uploads\/2025\/05\/78efbeb453698ca607aa87788f9cf705-3.webp","datePublished":"2025-03-03T21:02:00+00:00","dateModified":"2025-05-20T22:19:34+00:00","description":"Cette d\u00e9cision fait suite \u00e0 la r\u00e9union tenue le 18 f\u00e9vrier 2025 par la commission administrative de la F\u00e9d\u00e9ration g\u00e9n\u00e9rale des municipalit\u00e9s, sous la pr\u00e9sidence...","breadcrumb":{"@id":"https:\/\/www.webdo.tn\/fr\/actualite\/national\/tunisie-greve-prevue-dans-toutes-les-municipalites\/220269\/#breadcrumb"},"inLanguage":"fr-FR","potentialAction":[{"@type":"ReadAction","target":["https:\/\/www.webdo.tn\/fr\/actualite\/national\/tunisie-greve-prevue-dans-toutes-les-municipalites\/220269\/"]}]},{"@type":"ImageObject","inLanguage":"fr-FR","@id":"https:\/\/www.webdo.tn\/fr\/actualite\/national\/tunisie-greve-prevue-dans-toutes-les-municipalites\/220269\/#primaryimage","url":"https:\/\/www.webdo.tn\/fr\/wp-content\/uploads\/2025\/05\/78efbeb453698ca607aa87788f9cf705-3.webp","contentUrl":"https:\/\/www.webdo.tn\/fr\/wp-content\/uploads\/2025\/05\/78efbeb453698ca607aa87788f9cf705-3.webp","width":750,"height":400},{"@type":"BreadcrumbList","@id":"https:\/\/www.webdo.tn\/fr\/actualite\/national\/tunisie-greve-prevue-dans-toutes-les-municipalites\/220269\/#breadcrumb","itemListElement":[{"@type":"ListItem","position":1,"name":"Accueil","item":"https:\/\/www.webdo.tn\/fr\/"},{"@type":"ListItem","position":2,"name":"Tunisie : Gr\u00e8ve pr\u00e9vue dans toutes les municipalit\u00e9s"}]},{"@type":"WebSite","@id":"https:\/\/www.webdo.tn\/fr\/#website","url":"https:\/\/www.webdo.tn\/fr\/","name":"webdo","description":"Tunisie - News en Tunisie et \u00e0 l&#039;international sur Webdo.tn","publisher":{"@id":"https:\/\/www.webdo.tn\/fr\/#organization"},"potentialAction":[{"@type":"SearchAction","target":{"@type":"EntryPoint","urlTemplate":"https:\/\/www.webdo.tn\/fr\/?s={search_term_string}"},"query-input":{"@type":"PropertyValueSpecification","valueRequired":true,"valueName":"search_term_string"}}],"inLanguage":"fr-FR"},{"@type":"Organization","@id":"https:\/\/www.webdo.tn\/fr\/#organization","name":"Webdo","alternateName":"Webdo.tn","url":"https:\/\/www.webdo.tn\/fr\/","logo":{"@type":"ImageObject","inLanguage":"fr-FR","@id":"https:\/\/www.webdo.tn\/fr\/#\/schema\/logo\/image\/","url":"https:\/\/www.webdo.tn\/fr\/wp-content\/uploads\/2025\/06\/Webdo-Tunisie_168377.jpg","contentUrl":"https:\/\/www.webdo.tn\/fr\/wp-content\/uploads\/2025\/06\/Webdo-Tunisie_168377.jpg","width":301,"height":301,"caption":"Webdo"},"image":{"@id":"https:\/\/www.webdo.tn\/fr\/#\/schema\/logo\/image\/"},"sameAs":["https:\/\/www.facebook.com\/webdotn","https:\/\/x.com\/webdo_tn"],"description":"Webdo est un m\u00e9dia num\u00e9rique tunisien fond\u00e9 en 2010, sp\u00e9cialis\u00e9 dans l\u2019actualit\u00e9 nationale et internationale, l\u2019\u00e9conomie, la soci\u00e9t\u00e9 et les analyses politiques. Le site s\u2019adresse \u00e0 un large public francophone et couvre l\u2019information tunisienne en temps r\u00e9el.","email":"redac@webdo.tn","legalName":"YNJ SARL","foundingDate":"2010-09-06","numberOfEmployees":{"@type":"QuantitativeValue","minValue":"11","maxValue":"50"}},{"@type":"Person","@id":"https:\/\/www.webdo.tn\/fr\/#\/schema\/person\/82ca085b22037d285e1a3c4b65ba5f71","name":"KJ","image":{"@type":"ImageObject","inLanguage":"fr-FR","@id":"https:\/\/secure.gravatar.com\/avatar\/1a1320de1c1971c893f00068f760b4113d69504aa21273da17ee95650c5944fd?s=96&d=mm&r=g","url":"https:\/\/secure.gravatar.com\/avatar\/1a1320de1c1971c893f00068f760b4113d69504aa21273da17ee95650c5944fd?s=96&d=mm&r=g","contentUrl":"https:\/\/secure.gravatar.com\/avatar\/1a1320de1c1971c893f00068f760b4113d69504aa21273da17ee95650c5944fd?s=96&d=mm&r=g","caption":"KJ"},"url":"https:\/\/www.webdo.tn\/fr\/actualite\/author\/kj\/"}]}},"_links":{"self":[{"href":"https:\/\/www.webdo.tn\/fr\/wp-json\/wp\/v2\/posts\/220269","targetHints":{"allow":["GET"]}}],"collection":[{"href":"https:\/\/www.webdo.tn\/fr\/wp-json\/wp\/v2\/posts"}],"about":[{"href":"https:\/\/www.webdo.tn\/fr\/wp-json\/wp\/v2\/types\/post"}],"author":[{"embeddable":true,"href":"https:\/\/www.webdo.tn\/fr\/wp-json\/wp\/v2\/users\/3163"}],"replies":[{"embeddable":true,"href":"https:\/\/www.webdo.tn\/fr\/wp-json\/wp\/v2\/comments?post=220269"}],"version-history":[{"count":0,"href":"https:\/\/www.webdo.tn\/fr\/wp-json\/wp\/v2\/posts\/220269\/revisions"}],"wp:featuredmedia":[{"embeddable":true,"href":"https:\/\/www.webdo.tn\/fr\/wp-json\/wp\/v2\/media\/241898"}],"wp:attachment":[{"href":"https:\/\/www.webdo.tn\/fr\/wp-json\/wp\/v2\/media?parent=220269"}],"wp:term":[{"taxonomy":"category","embeddable":true,"href":"https:\/\/www.webdo.tn\/fr\/wp-json\/wp\/v2\/categories?post=220269"},{"taxonomy":"post_tag","embeddable":true,"href":"https:\/\/www.webdo.tn\/fr\/wp-json\/wp\/v2\/tags?post=220269"}],"curies":[{"name":"wp","href":"https:\/\/api.w.org\/{rel}","templated":true}]}}