{"id":220257,"date":"2025-03-03T13:13:00","date_gmt":"2025-03-03T13:13:00","guid":{"rendered":"https:\/\/www.webdo.tn\/fr\/blog\/2025\/03\/03\/tunisie-scandale-250-ouvriers-licencies-brutalement-a-menzel-bourguiba\/"},"modified":"2025-05-20T21:42:19","modified_gmt":"2025-05-20T21:42:19","slug":"tunisie-scandale-250-ouvriers-licencies-brutalement-a-menzel-bourguiba","status":"publish","type":"post","link":"https:\/\/www.webdo.tn\/fr\/actualite\/regions\/tunisie-scandale-250-ouvriers-licencies-brutalement-a-menzel-bourguiba\/220257\/","title":{"rendered":"Tunisie &#8211; Scandale : 250 ouvriers licenci\u00e9s brutalement \u00e0 Menzel Bourguiba"},"content":{"rendered":"<p>Une vague d\u2019indignation secoue Menzel Bourguiba apr\u00e8s le licenciement soudain de 250 ouvriers et ouvri\u00e8res d\u2019une usine de cuir. Ces travailleurs, pris de court par cette d\u00e9cision, d\u00e9noncent une mise au ch\u00f4mage brutale et appellent les autorit\u00e9s \u00e0 intervenir pour d\u00e9fendre leurs droits.<\/p>\n<p>\t\t\t\t\t\t\t\t\tLes employ\u00e9s ont d\u00e9couvert leur sort d\u2019une mani\u00e8re des plus surprenantes : leurs photos ont \u00e9t\u00e9 placard\u00e9es sur les murs de l\u2019usine pour signaler leur renvoi. Une m\u00e9thode qualifi\u00e9e de d\u00e9gradante par la d\u00e9put\u00e9e Majda Ouerghi, a-t-elle rapport\u00e9 sur sa page Facebook. \u00a0<\/p>\n<p>\u00ab\u00a0C\u2019est une atteinte \u00e0 la dignit\u00e9 des travailleurs. On les a trait\u00e9s comme des criminels recherch\u00e9s\u00a0\u00bb, s\u2019indigne-t-elle. \u00a0<\/p>\n<p>Alert\u00e9e, l\u2019\u00e9lue a imm\u00e9diatement saisi le ministre des Affaires sociales, le ministre de l\u2019Emploi et le gouverneur de Bizerte, demandant une intervention urgente pour prot\u00e9ger les droits des travailleurs licenci\u00e9s. \u00a0<\/p>\n<p>Les employ\u00e9s concern\u00e9s affirment que l\u2019usine en question emploie pr\u00e8s de 4000 personnes, mais que la grande majorit\u00e9 est soumise \u00e0 des contrats pr\u00e9caires d\u2019un mois renouvelable, les laissant constamment dans une situation d\u2019ins\u00e9curit\u00e9. \u00a0<\/p>\n<p>Ce licenciement massif met en lumi\u00e8re la fragilit\u00e9 du statut des ouvriers dans certaines industries en Tunisie et pose la question de la protection des droits des travailleurs face \u00e0 des pratiques abusives. \u00a0<\/p>\n<p>Face \u00e0 cette crise sociale, les ouvriers licenci\u00e9s attendent une r\u00e9action rapide des autorit\u00e9s. L\u2019affaire suscite une vive \u00e9motion et pourrait bien relancer le d\u00e9bat sur la r\u00e9glementation du travail et la protection des employ\u00e9s en Tunisie.<\/p>\n","protected":false},"excerpt":{"rendered":"<p>Une vague d\u2019indignation secoue Menzel Bourguiba apr\u00e8s le licenciement soudain de 250 ouvriers et ouvri\u00e8res d\u2019une usine de cuir. Ces travailleurs, pris de court&#8230;<\/p>\n","protected":false},"author":3162,"featured_media":241890,"comment_status":"open","ping_status":"open","sticky":false,"template":"","format":"standard","meta":{"footnotes":""},"categories":[2595],"tags":[3805,3807,3806,3808,2608],"class_list":["post-220257","post","type-post","status-publish","format-standard","has-post-thumbnail","hentry","category-regions","tag-licenciement","tag-menzel-bourguiba","tag-ouvrieres","tag-ouvriers","tag-tunisie"],"yoast_head":"<!-- This site is optimized with the Yoast SEO Premium plugin v27.5 (Yoast SEO v27.5) - https:\/\/yoast.com\/product\/yoast-seo-premium-wordpress\/ -->\n<title>Tunisie - Scandale : 250 ouvriers licenci\u00e9s brutalement \u00e0 Menzel Bourguiba<\/title>\n<meta name=\"description\" content=\"Une vague d\u2019indignation secoue Menzel Bourguiba apr\u00e8s le licenciement soudain de 250 ouvriers et ouvri\u00e8res d\u2019une usine de cuir. Ces travailleurs, pris de court...\" \/>\n<link rel=\"canonical\" href=\"https:\/\/www.webdo.tn\/fr\/actualite\/regions\/tunisie-scandale-250-ouvriers-licencies-brutalement-a-menzel-bourguiba\/220257\/\" \/>\n<meta property=\"og:locale\" content=\"fr_FR\" \/>\n<meta property=\"og:type\" content=\"article\" \/>\n<meta property=\"og:title\" content=\"Tunisie - Scandale : 250 ouvriers licenci\u00e9s brutalement \u00e0 Menzel Bourguiba\" \/>\n<meta property=\"og:description\" content=\"Une vague d\u2019indignation secoue Menzel Bourguiba apr\u00e8s le licenciement soudain de 250 ouvriers et ouvri\u00e8res d\u2019une usine de cuir. Ces travailleurs, pris de court...\" \/>\n<meta property=\"og:url\" content=\"https:\/\/www.webdo.tn\/fr\/actualite\/regions\/tunisie-scandale-250-ouvriers-licencies-brutalement-a-menzel-bourguiba\/220257\/\" \/>\n<meta property=\"og:site_name\" content=\"webdo\" \/>\n<meta property=\"article:publisher\" content=\"https:\/\/www.facebook.com\/webdotn\" \/>\n<meta property=\"article:published_time\" content=\"2025-03-03T13:13:00+00:00\" \/>\n<meta property=\"article:modified_time\" content=\"2025-05-20T21:42:19+00:00\" \/>\n<meta property=\"og:image\" content=\"https:\/\/www.webdo.tn\/fr\/wp-content\/uploads\/2025\/05\/3153a0a53235ed6ac44a27b504d95afa-3.webp\" \/>\n\t<meta property=\"og:image:width\" content=\"703\" \/>\n\t<meta property=\"og:image:height\" content=\"375\" \/>\n\t<meta property=\"og:image:type\" content=\"image\/webp\" \/>\n<meta name=\"author\" content=\"MC\" \/>\n<meta name=\"twitter:card\" content=\"summary_large_image\" \/>\n<meta name=\"twitter:creator\" content=\"@webdo_tn\" \/>\n<meta name=\"twitter:site\" content=\"@webdo_tn\" \/>\n<meta name=\"twitter:label1\" content=\"\u00c9crit par\" \/>\n\t<meta name=\"twitter:data1\" content=\"MC\" \/>\n\t<meta name=\"twitter:label2\" content=\"Dur\u00e9e de lecture estim\u00e9e\" \/>\n\t<meta name=\"twitter:data2\" content=\"1 minute\" \/>\n<script type=\"application\/ld+json\" class=\"yoast-schema-graph\">{\"@context\":\"https:\\\/\\\/schema.org\",\"@graph\":[{\"@type\":\"NewsArticle\",\"@id\":\"https:\\\/\\\/www.webdo.tn\\\/fr\\\/actualite\\\/regions\\\/tunisie-scandale-250-ouvriers-licencies-brutalement-a-menzel-bourguiba\\\/220257\\\/#article\",\"isPartOf\":{\"@id\":\"https:\\\/\\\/www.webdo.tn\\\/fr\\\/actualite\\\/regions\\\/tunisie-scandale-250-ouvriers-licencies-brutalement-a-menzel-bourguiba\\\/220257\\\/\"},\"author\":{\"name\":\"MC\",\"@id\":\"https:\\\/\\\/www.webdo.tn\\\/fr\\\/#\\\/schema\\\/person\\\/2c4929cbf5a809e3bd38617c6ce150f6\"},\"headline\":\"Tunisie &#8211; Scandale : 250 ouvriers licenci\u00e9s brutalement \u00e0 Menzel Bourguiba\",\"datePublished\":\"2025-03-03T13:13:00+00:00\",\"dateModified\":\"2025-05-20T21:42:19+00:00\",\"mainEntityOfPage\":{\"@id\":\"https:\\\/\\\/www.webdo.tn\\\/fr\\\/actualite\\\/regions\\\/tunisie-scandale-250-ouvriers-licencies-brutalement-a-menzel-bourguiba\\\/220257\\\/\"},\"wordCount\":283,\"commentCount\":0,\"publisher\":{\"@id\":\"https:\\\/\\\/www.webdo.tn\\\/fr\\\/#organization\"},\"image\":{\"@id\":\"https:\\\/\\\/www.webdo.tn\\\/fr\\\/actualite\\\/regions\\\/tunisie-scandale-250-ouvriers-licencies-brutalement-a-menzel-bourguiba\\\/220257\\\/#primaryimage\"},\"thumbnailUrl\":\"https:\\\/\\\/www.webdo.tn\\\/fr\\\/wp-content\\\/uploads\\\/2025\\\/05\\\/3153a0a53235ed6ac44a27b504d95afa-3.webp\",\"keywords\":[\"Licenciement\",\"menzel bourguiba\",\"ouvri\u00e8res\",\"ouvriers\",\"Tunisie\"],\"articleSection\":[\"regions\"],\"inLanguage\":\"fr-FR\"},{\"@type\":\"WebPage\",\"@id\":\"https:\\\/\\\/www.webdo.tn\\\/fr\\\/actualite\\\/regions\\\/tunisie-scandale-250-ouvriers-licencies-brutalement-a-menzel-bourguiba\\\/220257\\\/\",\"url\":\"https:\\\/\\\/www.webdo.tn\\\/fr\\\/actualite\\\/regions\\\/tunisie-scandale-250-ouvriers-licencies-brutalement-a-menzel-bourguiba\\\/220257\\\/\",\"name\":\"Tunisie - Scandale : 250 ouvriers licenci\u00e9s brutalement \u00e0 Menzel Bourguiba\",\"isPartOf\":{\"@id\":\"https:\\\/\\\/www.webdo.tn\\\/fr\\\/#website\"},\"primaryImageOfPage\":{\"@id\":\"https:\\\/\\\/www.webdo.tn\\\/fr\\\/actualite\\\/regions\\\/tunisie-scandale-250-ouvriers-licencies-brutalement-a-menzel-bourguiba\\\/220257\\\/#primaryimage\"},\"image\":{\"@id\":\"https:\\\/\\\/www.webdo.tn\\\/fr\\\/actualite\\\/regions\\\/tunisie-scandale-250-ouvriers-licencies-brutalement-a-menzel-bourguiba\\\/220257\\\/#primaryimage\"},\"thumbnailUrl\":\"https:\\\/\\\/www.webdo.tn\\\/fr\\\/wp-content\\\/uploads\\\/2025\\\/05\\\/3153a0a53235ed6ac44a27b504d95afa-3.webp\",\"datePublished\":\"2025-03-03T13:13:00+00:00\",\"dateModified\":\"2025-05-20T21:42:19+00:00\",\"description\":\"Une vague d\u2019indignation secoue Menzel Bourguiba apr\u00e8s le licenciement soudain de 250 ouvriers et ouvri\u00e8res d\u2019une usine de cuir. Ces travailleurs, pris de court...\",\"breadcrumb\":{\"@id\":\"https:\\\/\\\/www.webdo.tn\\\/fr\\\/actualite\\\/regions\\\/tunisie-scandale-250-ouvriers-licencies-brutalement-a-menzel-bourguiba\\\/220257\\\/#breadcrumb\"},\"inLanguage\":\"fr-FR\",\"potentialAction\":[{\"@type\":\"ReadAction\",\"target\":[\"https:\\\/\\\/www.webdo.tn\\\/fr\\\/actualite\\\/regions\\\/tunisie-scandale-250-ouvriers-licencies-brutalement-a-menzel-bourguiba\\\/220257\\\/\"]}]},{\"@type\":\"ImageObject\",\"inLanguage\":\"fr-FR\",\"@id\":\"https:\\\/\\\/www.webdo.tn\\\/fr\\\/actualite\\\/regions\\\/tunisie-scandale-250-ouvriers-licencies-brutalement-a-menzel-bourguiba\\\/220257\\\/#primaryimage\",\"url\":\"https:\\\/\\\/www.webdo.tn\\\/fr\\\/wp-content\\\/uploads\\\/2025\\\/05\\\/3153a0a53235ed6ac44a27b504d95afa-3.webp\",\"contentUrl\":\"https:\\\/\\\/www.webdo.tn\\\/fr\\\/wp-content\\\/uploads\\\/2025\\\/05\\\/3153a0a53235ed6ac44a27b504d95afa-3.webp\",\"width\":703,\"height\":375},{\"@type\":\"BreadcrumbList\",\"@id\":\"https:\\\/\\\/www.webdo.tn\\\/fr\\\/actualite\\\/regions\\\/tunisie-scandale-250-ouvriers-licencies-brutalement-a-menzel-bourguiba\\\/220257\\\/#breadcrumb\",\"itemListElement\":[{\"@type\":\"ListItem\",\"position\":1,\"name\":\"Accueil\",\"item\":\"https:\\\/\\\/www.webdo.tn\\\/fr\\\/\"},{\"@type\":\"ListItem\",\"position\":2,\"name\":\"Tunisie &#8211; Scandale : 250 ouvriers licenci\u00e9s brutalement \u00e0 Menzel Bourguiba\"}]},{\"@type\":\"WebSite\",\"@id\":\"https:\\\/\\\/www.webdo.tn\\\/fr\\\/#website\",\"url\":\"https:\\\/\\\/www.webdo.tn\\\/fr\\\/\",\"name\":\"webdo\",\"description\":\"Tunisie - News en Tunisie et \u00e0 l&#039;international sur Webdo.tn\",\"publisher\":{\"@id\":\"https:\\\/\\\/www.webdo.tn\\\/fr\\\/#organization\"},\"potentialAction\":[{\"@type\":\"SearchAction\",\"target\":{\"@type\":\"EntryPoint\",\"urlTemplate\":\"https:\\\/\\\/www.webdo.tn\\\/fr\\\/?s={search_term_string}\"},\"query-input\":{\"@type\":\"PropertyValueSpecification\",\"valueRequired\":true,\"valueName\":\"search_term_string\"}}],\"inLanguage\":\"fr-FR\"},{\"@type\":\"Organization\",\"@id\":\"https:\\\/\\\/www.webdo.tn\\\/fr\\\/#organization\",\"name\":\"Webdo\",\"alternateName\":\"Webdo.tn\",\"url\":\"https:\\\/\\\/www.webdo.tn\\\/fr\\\/\",\"logo\":{\"@type\":\"ImageObject\",\"inLanguage\":\"fr-FR\",\"@id\":\"https:\\\/\\\/www.webdo.tn\\\/fr\\\/#\\\/schema\\\/logo\\\/image\\\/\",\"url\":\"https:\\\/\\\/www.webdo.tn\\\/fr\\\/wp-content\\\/uploads\\\/2025\\\/06\\\/Webdo-Tunisie_168377.jpg\",\"contentUrl\":\"https:\\\/\\\/www.webdo.tn\\\/fr\\\/wp-content\\\/uploads\\\/2025\\\/06\\\/Webdo-Tunisie_168377.jpg\",\"width\":301,\"height\":301,\"caption\":\"Webdo\"},\"image\":{\"@id\":\"https:\\\/\\\/www.webdo.tn\\\/fr\\\/#\\\/schema\\\/logo\\\/image\\\/\"},\"sameAs\":[\"https:\\\/\\\/www.facebook.com\\\/webdotn\",\"https:\\\/\\\/x.com\\\/webdo_tn\"],\"description\":\"Webdo est un m\u00e9dia num\u00e9rique tunisien fond\u00e9 en 2010, sp\u00e9cialis\u00e9 dans l\u2019actualit\u00e9 nationale et internationale, l\u2019\u00e9conomie, la soci\u00e9t\u00e9 et les analyses politiques. Le site s\u2019adresse \u00e0 un large public francophone et couvre l\u2019information tunisienne en temps r\u00e9el.\",\"email\":\"redac@webdo.tn\",\"legalName\":\"YNJ SARL\",\"foundingDate\":\"2010-09-06\",\"numberOfEmployees\":{\"@type\":\"QuantitativeValue\",\"minValue\":\"11\",\"maxValue\":\"50\"}},{\"@type\":\"Person\",\"@id\":\"https:\\\/\\\/www.webdo.tn\\\/fr\\\/#\\\/schema\\\/person\\\/2c4929cbf5a809e3bd38617c6ce150f6\",\"name\":\"MC\",\"image\":{\"@type\":\"ImageObject\",\"inLanguage\":\"fr-FR\",\"@id\":\"https:\\\/\\\/secure.gravatar.com\\\/avatar\\\/a545bbb6f84efdd5553dbbc2895e3ca8f1d12c5215e00a041c9670b54aa9b18a?s=96&d=mm&r=g\",\"url\":\"https:\\\/\\\/secure.gravatar.com\\\/avatar\\\/a545bbb6f84efdd5553dbbc2895e3ca8f1d12c5215e00a041c9670b54aa9b18a?s=96&d=mm&r=g\",\"contentUrl\":\"https:\\\/\\\/secure.gravatar.com\\\/avatar\\\/a545bbb6f84efdd5553dbbc2895e3ca8f1d12c5215e00a041c9670b54aa9b18a?s=96&d=mm&r=g\",\"caption\":\"MC\"},\"url\":\"https:\\\/\\\/www.webdo.tn\\\/fr\\\/actualite\\\/author\\\/mc\\\/\"}]}<\/script>\n<!-- \/ Yoast SEO Premium plugin. -->","yoast_head_json":{"title":"Tunisie - Scandale : 250 ouvriers licenci\u00e9s brutalement \u00e0 Menzel Bourguiba","description":"Une vague d\u2019indignation secoue Menzel Bourguiba apr\u00e8s le licenciement soudain de 250 ouvriers et ouvri\u00e8res d\u2019une usine de cuir. Ces travailleurs, pris de court...","canonical":"https:\/\/www.webdo.tn\/fr\/actualite\/regions\/tunisie-scandale-250-ouvriers-licencies-brutalement-a-menzel-bourguiba\/220257\/","og_locale":"fr_FR","og_type":"article","og_title":"Tunisie - Scandale : 250 ouvriers licenci\u00e9s brutalement \u00e0 Menzel Bourguiba","og_description":"Une vague d\u2019indignation secoue Menzel Bourguiba apr\u00e8s le licenciement soudain de 250 ouvriers et ouvri\u00e8res d\u2019une usine de cuir. Ces travailleurs, pris de court...","og_url":"https:\/\/www.webdo.tn\/fr\/actualite\/regions\/tunisie-scandale-250-ouvriers-licencies-brutalement-a-menzel-bourguiba\/220257\/","og_site_name":"webdo","article_publisher":"https:\/\/www.facebook.com\/webdotn","article_published_time":"2025-03-03T13:13:00+00:00","article_modified_time":"2025-05-20T21:42:19+00:00","og_image":[{"width":703,"height":375,"url":"https:\/\/www.webdo.tn\/fr\/wp-content\/uploads\/2025\/05\/3153a0a53235ed6ac44a27b504d95afa-3.webp","type":"image\/webp"}],"author":"MC","twitter_card":"summary_large_image","twitter_creator":"@webdo_tn","twitter_site":"@webdo_tn","twitter_misc":{"\u00c9crit par":"MC","Dur\u00e9e de lecture estim\u00e9e":"1 minute"},"schema":{"@context":"https:\/\/schema.org","@graph":[{"@type":"NewsArticle","@id":"https:\/\/www.webdo.tn\/fr\/actualite\/regions\/tunisie-scandale-250-ouvriers-licencies-brutalement-a-menzel-bourguiba\/220257\/#article","isPartOf":{"@id":"https:\/\/www.webdo.tn\/fr\/actualite\/regions\/tunisie-scandale-250-ouvriers-licencies-brutalement-a-menzel-bourguiba\/220257\/"},"author":{"name":"MC","@id":"https:\/\/www.webdo.tn\/fr\/#\/schema\/person\/2c4929cbf5a809e3bd38617c6ce150f6"},"headline":"Tunisie &#8211; Scandale : 250 ouvriers licenci\u00e9s brutalement \u00e0 Menzel Bourguiba","datePublished":"2025-03-03T13:13:00+00:00","dateModified":"2025-05-20T21:42:19+00:00","mainEntityOfPage":{"@id":"https:\/\/www.webdo.tn\/fr\/actualite\/regions\/tunisie-scandale-250-ouvriers-licencies-brutalement-a-menzel-bourguiba\/220257\/"},"wordCount":283,"commentCount":0,"publisher":{"@id":"https:\/\/www.webdo.tn\/fr\/#organization"},"image":{"@id":"https:\/\/www.webdo.tn\/fr\/actualite\/regions\/tunisie-scandale-250-ouvriers-licencies-brutalement-a-menzel-bourguiba\/220257\/#primaryimage"},"thumbnailUrl":"https:\/\/www.webdo.tn\/fr\/wp-content\/uploads\/2025\/05\/3153a0a53235ed6ac44a27b504d95afa-3.webp","keywords":["Licenciement","menzel bourguiba","ouvri\u00e8res","ouvriers","Tunisie"],"articleSection":["regions"],"inLanguage":"fr-FR"},{"@type":"WebPage","@id":"https:\/\/www.webdo.tn\/fr\/actualite\/regions\/tunisie-scandale-250-ouvriers-licencies-brutalement-a-menzel-bourguiba\/220257\/","url":"https:\/\/www.webdo.tn\/fr\/actualite\/regions\/tunisie-scandale-250-ouvriers-licencies-brutalement-a-menzel-bourguiba\/220257\/","name":"Tunisie - Scandale : 250 ouvriers licenci\u00e9s brutalement \u00e0 Menzel Bourguiba","isPartOf":{"@id":"https:\/\/www.webdo.tn\/fr\/#website"},"primaryImageOfPage":{"@id":"https:\/\/www.webdo.tn\/fr\/actualite\/regions\/tunisie-scandale-250-ouvriers-licencies-brutalement-a-menzel-bourguiba\/220257\/#primaryimage"},"image":{"@id":"https:\/\/www.webdo.tn\/fr\/actualite\/regions\/tunisie-scandale-250-ouvriers-licencies-brutalement-a-menzel-bourguiba\/220257\/#primaryimage"},"thumbnailUrl":"https:\/\/www.webdo.tn\/fr\/wp-content\/uploads\/2025\/05\/3153a0a53235ed6ac44a27b504d95afa-3.webp","datePublished":"2025-03-03T13:13:00+00:00","dateModified":"2025-05-20T21:42:19+00:00","description":"Une vague d\u2019indignation secoue Menzel Bourguiba apr\u00e8s le licenciement soudain de 250 ouvriers et ouvri\u00e8res d\u2019une usine de cuir. Ces travailleurs, pris de court...","breadcrumb":{"@id":"https:\/\/www.webdo.tn\/fr\/actualite\/regions\/tunisie-scandale-250-ouvriers-licencies-brutalement-a-menzel-bourguiba\/220257\/#breadcrumb"},"inLanguage":"fr-FR","potentialAction":[{"@type":"ReadAction","target":["https:\/\/www.webdo.tn\/fr\/actualite\/regions\/tunisie-scandale-250-ouvriers-licencies-brutalement-a-menzel-bourguiba\/220257\/"]}]},{"@type":"ImageObject","inLanguage":"fr-FR","@id":"https:\/\/www.webdo.tn\/fr\/actualite\/regions\/tunisie-scandale-250-ouvriers-licencies-brutalement-a-menzel-bourguiba\/220257\/#primaryimage","url":"https:\/\/www.webdo.tn\/fr\/wp-content\/uploads\/2025\/05\/3153a0a53235ed6ac44a27b504d95afa-3.webp","contentUrl":"https:\/\/www.webdo.tn\/fr\/wp-content\/uploads\/2025\/05\/3153a0a53235ed6ac44a27b504d95afa-3.webp","width":703,"height":375},{"@type":"BreadcrumbList","@id":"https:\/\/www.webdo.tn\/fr\/actualite\/regions\/tunisie-scandale-250-ouvriers-licencies-brutalement-a-menzel-bourguiba\/220257\/#breadcrumb","itemListElement":[{"@type":"ListItem","position":1,"name":"Accueil","item":"https:\/\/www.webdo.tn\/fr\/"},{"@type":"ListItem","position":2,"name":"Tunisie &#8211; Scandale : 250 ouvriers licenci\u00e9s brutalement \u00e0 Menzel Bourguiba"}]},{"@type":"WebSite","@id":"https:\/\/www.webdo.tn\/fr\/#website","url":"https:\/\/www.webdo.tn\/fr\/","name":"webdo","description":"Tunisie - News en Tunisie et \u00e0 l&#039;international sur Webdo.tn","publisher":{"@id":"https:\/\/www.webdo.tn\/fr\/#organization"},"potentialAction":[{"@type":"SearchAction","target":{"@type":"EntryPoint","urlTemplate":"https:\/\/www.webdo.tn\/fr\/?s={search_term_string}"},"query-input":{"@type":"PropertyValueSpecification","valueRequired":true,"valueName":"search_term_string"}}],"inLanguage":"fr-FR"},{"@type":"Organization","@id":"https:\/\/www.webdo.tn\/fr\/#organization","name":"Webdo","alternateName":"Webdo.tn","url":"https:\/\/www.webdo.tn\/fr\/","logo":{"@type":"ImageObject","inLanguage":"fr-FR","@id":"https:\/\/www.webdo.tn\/fr\/#\/schema\/logo\/image\/","url":"https:\/\/www.webdo.tn\/fr\/wp-content\/uploads\/2025\/06\/Webdo-Tunisie_168377.jpg","contentUrl":"https:\/\/www.webdo.tn\/fr\/wp-content\/uploads\/2025\/06\/Webdo-Tunisie_168377.jpg","width":301,"height":301,"caption":"Webdo"},"image":{"@id":"https:\/\/www.webdo.tn\/fr\/#\/schema\/logo\/image\/"},"sameAs":["https:\/\/www.facebook.com\/webdotn","https:\/\/x.com\/webdo_tn"],"description":"Webdo est un m\u00e9dia num\u00e9rique tunisien fond\u00e9 en 2010, sp\u00e9cialis\u00e9 dans l\u2019actualit\u00e9 nationale et internationale, l\u2019\u00e9conomie, la soci\u00e9t\u00e9 et les analyses politiques. Le site s\u2019adresse \u00e0 un large public francophone et couvre l\u2019information tunisienne en temps r\u00e9el.","email":"redac@webdo.tn","legalName":"YNJ SARL","foundingDate":"2010-09-06","numberOfEmployees":{"@type":"QuantitativeValue","minValue":"11","maxValue":"50"}},{"@type":"Person","@id":"https:\/\/www.webdo.tn\/fr\/#\/schema\/person\/2c4929cbf5a809e3bd38617c6ce150f6","name":"MC","image":{"@type":"ImageObject","inLanguage":"fr-FR","@id":"https:\/\/secure.gravatar.com\/avatar\/a545bbb6f84efdd5553dbbc2895e3ca8f1d12c5215e00a041c9670b54aa9b18a?s=96&d=mm&r=g","url":"https:\/\/secure.gravatar.com\/avatar\/a545bbb6f84efdd5553dbbc2895e3ca8f1d12c5215e00a041c9670b54aa9b18a?s=96&d=mm&r=g","contentUrl":"https:\/\/secure.gravatar.com\/avatar\/a545bbb6f84efdd5553dbbc2895e3ca8f1d12c5215e00a041c9670b54aa9b18a?s=96&d=mm&r=g","caption":"MC"},"url":"https:\/\/www.webdo.tn\/fr\/actualite\/author\/mc\/"}]}},"_links":{"self":[{"href":"https:\/\/www.webdo.tn\/fr\/wp-json\/wp\/v2\/posts\/220257","targetHints":{"allow":["GET"]}}],"collection":[{"href":"https:\/\/www.webdo.tn\/fr\/wp-json\/wp\/v2\/posts"}],"about":[{"href":"https:\/\/www.webdo.tn\/fr\/wp-json\/wp\/v2\/types\/post"}],"author":[{"embeddable":true,"href":"https:\/\/www.webdo.tn\/fr\/wp-json\/wp\/v2\/users\/3162"}],"replies":[{"embeddable":true,"href":"https:\/\/www.webdo.tn\/fr\/wp-json\/wp\/v2\/comments?post=220257"}],"version-history":[{"count":0,"href":"https:\/\/www.webdo.tn\/fr\/wp-json\/wp\/v2\/posts\/220257\/revisions"}],"wp:featuredmedia":[{"embeddable":true,"href":"https:\/\/www.webdo.tn\/fr\/wp-json\/wp\/v2\/media\/241890"}],"wp:attachment":[{"href":"https:\/\/www.webdo.tn\/fr\/wp-json\/wp\/v2\/media?parent=220257"}],"wp:term":[{"taxonomy":"category","embeddable":true,"href":"https:\/\/www.webdo.tn\/fr\/wp-json\/wp\/v2\/categories?post=220257"},{"taxonomy":"post_tag","embeddable":true,"href":"https:\/\/www.webdo.tn\/fr\/wp-json\/wp\/v2\/tags?post=220257"}],"curies":[{"name":"wp","href":"https:\/\/api.w.org\/{rel}","templated":true}]}}