{"id":220253,"date":"2025-03-03T12:34:00","date_gmt":"2025-03-03T12:34:00","guid":{"rendered":"https:\/\/www.webdo.tn\/fr\/blog\/blanc-et-bleu-de-sidi-bou-said-les-habitants-rappeles-a-l-ordre\/220253\/"},"modified":"2025-05-20T22:22:51","modified_gmt":"2025-05-20T22:22:51","slug":"blanc-et-bleu-de-sidi-bou-said-les-habitants-rappeles-a-l-ordre","status":"publish","type":"post","link":"https:\/\/www.webdo.tn\/fr\/actualite\/regions\/blanc-et-bleu-de-sidi-bou-said-les-habitants-rappeles-a-l-ordre\/220253\/","title":{"rendered":"Blanc et bleu de Sidi Bou Said : Les habitants rappel\u00e9s \u00e0 l\u2019ordre"},"content":{"rendered":"<p>La municipalit\u00e9 de Sidi Bou Sa\u00efd, charmant village c\u00f4tier aux ruelles pittoresques et \u00e0 l&rsquo;architecture m\u00e9diterran\u00e9enne caract\u00e9ristique, a r\u00e9cemment adress\u00e9 un message \u00e0 ses habitants concernant l&rsquo;entretien de leurs propri\u00e9t\u00e9s. L&rsquo;objectif est clair : pr\u00e9server la beaut\u00e9 du village et maintenir son image unique, tant pour les r\u00e9sidents que pour les milliers de visiteurs qui s&rsquo;y rendent chaque ann\u00e9e.<\/p>\n<p>\t\t\t\t\t\t\t\t\tDans une initiative visant \u00e0 renforcer la qualit\u00e9 esth\u00e9tique du cadre de vie, la municipalit\u00e9 a rappel\u00e9 \u00e0 l&rsquo;ordre ses concitoyens pour la n\u00e9cessit\u00e9 de blanchir r\u00e9guli\u00e8rement les murs ext\u00e9rieurs et d\u2019entretenir les fa\u00e7ades des b\u00e2timents.\u00a0<\/p>\n<p>Ce geste, qui pourrait sembler anodin, rev\u00eat une importance capitale dans un endroit comme Sidi Bou Sa\u00efd, o\u00f9 chaque d\u00e9tail architectural contribue \u00e0 l&rsquo;harmonie du paysage.<\/p>\n<p>L&rsquo;appel \u00e0 l\u2019action s\u2019inscrit dans une d\u00e9marche de pr\u00e9servation du patrimoine culturel et visuel du village. Le blanc \u00e9clatant des murs des maisons traditionnelles de Sidi Bou Sa\u00efd, ainsi que les portes et fen\u00eatres peintes en bleu, sont un v\u00e9ritable embl\u00e8me du village.<\/p>\n<p>Cette esth\u00e9tique est un atout pr\u00e9cieux pour la r\u00e9gion, car elle contribue au tourisme, secteur cl\u00e9 de l\u2019\u00e9conomie locale, et \u00e0 la r\u00e9putation de Sidi Bou Sa\u00efd, une destination pris\u00e9e des voyageurs en qu\u00eate de charme et de tranquillit\u00e9.<\/p>\n<p>La municipalit\u00e9 a donc demand\u00e9 \u00e0 ses habitants de veiller \u00e0 ce que leurs fa\u00e7ades soient r\u00e9guli\u00e8rement entretenues et que le blanchiment des murs soit effectu\u00e9 dans le respect des normes qui pr\u00e9servent l&rsquo;authenticit\u00e9 du lieu.\u00a0<\/p>\n<p>Cette mesure vise \u00e9galement \u00e0 lutter contre la d\u00e9gradation des b\u00e2timents, qui peut affecter l&rsquo;attractivit\u00e9 du village, particuli\u00e8rement en p\u00e9riode de forte affluence touristique.<\/p>\n","protected":false},"excerpt":{"rendered":"<p>Dans une initiative visant \u00e0 renforcer la qualit\u00e9 esth\u00e9tique du cadre de vie, la municipalit\u00e9 a rappel\u00e9 \u00e0 l&rsquo;ordre ses concitoyens pour la n\u00e9cessit\u00e9 de blanchir&#8230;<\/p>\n","protected":false},"author":3163,"featured_media":291995,"comment_status":"open","ping_status":"closed","sticky":false,"template":"","format":"standard","meta":{"footnotes":""},"categories":[2595],"tags":[4833,3283,4832,2608],"class_list":["post-220253","post","type-post","status-publish","format-standard","has-post-thumbnail","hentry","category-regions","tag-bleu","tag-municipalite","tag-sidi-bou-said","tag-tunisie"],"yoast_head":"<!-- This site is optimized with the Yoast SEO Premium plugin v27.5 (Yoast SEO v27.5) - https:\/\/yoast.com\/product\/yoast-seo-premium-wordpress\/ -->\n<title>Blanc et bleu de Sidi Bou Said : Les habitants rappel\u00e9s \u00e0 l\u2019ordre<\/title>\n<meta name=\"description\" content=\"Dans une initiative visant \u00e0 renforcer la qualit\u00e9 esth\u00e9tique du cadre de vie, la municipalit\u00e9 a rappel\u00e9 \u00e0 l&#039;ordre ses concitoyens pour la n\u00e9cessit\u00e9 de blanchir...\" \/>\n<link rel=\"canonical\" href=\"https:\/\/www.webdo.tn\/fr\/actualite\/regions\/blanc-et-bleu-de-sidi-bou-said-les-habitants-rappeles-a-l-ordre\/220253\/\" \/>\n<meta property=\"og:locale\" content=\"fr_FR\" \/>\n<meta property=\"og:type\" content=\"article\" \/>\n<meta property=\"og:title\" content=\"Blanc et bleu de Sidi Bou Said : Les habitants rappel\u00e9s \u00e0 l\u2019ordre\" \/>\n<meta property=\"og:description\" content=\"Dans une initiative visant \u00e0 renforcer la qualit\u00e9 esth\u00e9tique du cadre de vie, la municipalit\u00e9 a rappel\u00e9 \u00e0 l&#039;ordre ses concitoyens pour la n\u00e9cessit\u00e9 de blanchir...\" \/>\n<meta property=\"og:url\" content=\"https:\/\/www.webdo.tn\/fr\/actualite\/regions\/blanc-et-bleu-de-sidi-bou-said-les-habitants-rappeles-a-l-ordre\/220253\/\" \/>\n<meta property=\"og:site_name\" content=\"webdo\" \/>\n<meta property=\"article:publisher\" content=\"https:\/\/www.facebook.com\/webdotn\" \/>\n<meta property=\"article:published_time\" content=\"2025-03-03T12:34:00+00:00\" \/>\n<meta property=\"article:modified_time\" content=\"2025-05-20T22:22:51+00:00\" \/>\n<meta property=\"og:image\" content=\"https:\/\/www.webdo.tn\/fr\/wp-content\/uploads\/2025\/03\/a71a7ca8c017aca5517eb0386d6e2645.webp\" \/>\n\t<meta property=\"og:image:width\" content=\"669\" \/>\n\t<meta property=\"og:image:height\" content=\"357\" \/>\n\t<meta property=\"og:image:type\" content=\"image\/webp\" \/>\n<meta name=\"author\" content=\"KJ\" \/>\n<meta name=\"twitter:card\" content=\"summary_large_image\" \/>\n<meta name=\"twitter:creator\" content=\"@webdo_tn\" \/>\n<meta name=\"twitter:site\" content=\"@webdo_tn\" \/>\n<meta name=\"twitter:label1\" content=\"\u00c9crit par\" \/>\n\t<meta name=\"twitter:data1\" content=\"KJ\" \/>\n\t<meta name=\"twitter:label2\" content=\"Dur\u00e9e de lecture estim\u00e9e\" \/>\n\t<meta name=\"twitter:data2\" content=\"1 minute\" \/>\n<script type=\"application\/ld+json\" class=\"yoast-schema-graph\">{\"@context\":\"https:\\\/\\\/schema.org\",\"@graph\":[{\"@type\":\"NewsArticle\",\"@id\":\"https:\\\/\\\/www.webdo.tn\\\/fr\\\/actualite\\\/regions\\\/blanc-et-bleu-de-sidi-bou-said-les-habitants-rappeles-a-l-ordre\\\/220253\\\/#article\",\"isPartOf\":{\"@id\":\"https:\\\/\\\/www.webdo.tn\\\/fr\\\/actualite\\\/regions\\\/blanc-et-bleu-de-sidi-bou-said-les-habitants-rappeles-a-l-ordre\\\/220253\\\/\"},\"author\":{\"name\":\"KJ\",\"@id\":\"https:\\\/\\\/www.webdo.tn\\\/fr\\\/#\\\/schema\\\/person\\\/82ca085b22037d285e1a3c4b65ba5f71\"},\"headline\":\"Blanc et bleu de Sidi Bou Said : Les habitants rappel\u00e9s \u00e0 l\u2019ordre\",\"datePublished\":\"2025-03-03T12:34:00+00:00\",\"dateModified\":\"2025-05-20T22:22:51+00:00\",\"mainEntityOfPage\":{\"@id\":\"https:\\\/\\\/www.webdo.tn\\\/fr\\\/actualite\\\/regions\\\/blanc-et-bleu-de-sidi-bou-said-les-habitants-rappeles-a-l-ordre\\\/220253\\\/\"},\"wordCount\":320,\"commentCount\":0,\"publisher\":{\"@id\":\"https:\\\/\\\/www.webdo.tn\\\/fr\\\/#organization\"},\"image\":{\"@id\":\"https:\\\/\\\/www.webdo.tn\\\/fr\\\/actualite\\\/regions\\\/blanc-et-bleu-de-sidi-bou-said-les-habitants-rappeles-a-l-ordre\\\/220253\\\/#primaryimage\"},\"thumbnailUrl\":\"https:\\\/\\\/www.webdo.tn\\\/fr\\\/wp-content\\\/uploads\\\/2025\\\/03\\\/a71a7ca8c017aca5517eb0386d6e2645.webp\",\"keywords\":[\"bleu\",\"municipalit\u00e9\",\"sidi bou said\",\"Tunisie\"],\"articleSection\":[\"regions\"],\"inLanguage\":\"fr-FR\"},{\"@type\":\"WebPage\",\"@id\":\"https:\\\/\\\/www.webdo.tn\\\/fr\\\/actualite\\\/regions\\\/blanc-et-bleu-de-sidi-bou-said-les-habitants-rappeles-a-l-ordre\\\/220253\\\/\",\"url\":\"https:\\\/\\\/www.webdo.tn\\\/fr\\\/actualite\\\/regions\\\/blanc-et-bleu-de-sidi-bou-said-les-habitants-rappeles-a-l-ordre\\\/220253\\\/\",\"name\":\"Blanc et bleu de Sidi Bou Said : Les habitants rappel\u00e9s \u00e0 l\u2019ordre\",\"isPartOf\":{\"@id\":\"https:\\\/\\\/www.webdo.tn\\\/fr\\\/#website\"},\"primaryImageOfPage\":{\"@id\":\"https:\\\/\\\/www.webdo.tn\\\/fr\\\/actualite\\\/regions\\\/blanc-et-bleu-de-sidi-bou-said-les-habitants-rappeles-a-l-ordre\\\/220253\\\/#primaryimage\"},\"image\":{\"@id\":\"https:\\\/\\\/www.webdo.tn\\\/fr\\\/actualite\\\/regions\\\/blanc-et-bleu-de-sidi-bou-said-les-habitants-rappeles-a-l-ordre\\\/220253\\\/#primaryimage\"},\"thumbnailUrl\":\"https:\\\/\\\/www.webdo.tn\\\/fr\\\/wp-content\\\/uploads\\\/2025\\\/03\\\/a71a7ca8c017aca5517eb0386d6e2645.webp\",\"datePublished\":\"2025-03-03T12:34:00+00:00\",\"dateModified\":\"2025-05-20T22:22:51+00:00\",\"description\":\"Dans une initiative visant \u00e0 renforcer la qualit\u00e9 esth\u00e9tique du cadre de vie, la municipalit\u00e9 a rappel\u00e9 \u00e0 l'ordre ses concitoyens pour la n\u00e9cessit\u00e9 de blanchir...\",\"breadcrumb\":{\"@id\":\"https:\\\/\\\/www.webdo.tn\\\/fr\\\/actualite\\\/regions\\\/blanc-et-bleu-de-sidi-bou-said-les-habitants-rappeles-a-l-ordre\\\/220253\\\/#breadcrumb\"},\"inLanguage\":\"fr-FR\",\"potentialAction\":[{\"@type\":\"ReadAction\",\"target\":[\"https:\\\/\\\/www.webdo.tn\\\/fr\\\/actualite\\\/regions\\\/blanc-et-bleu-de-sidi-bou-said-les-habitants-rappeles-a-l-ordre\\\/220253\\\/\"]}]},{\"@type\":\"ImageObject\",\"inLanguage\":\"fr-FR\",\"@id\":\"https:\\\/\\\/www.webdo.tn\\\/fr\\\/actualite\\\/regions\\\/blanc-et-bleu-de-sidi-bou-said-les-habitants-rappeles-a-l-ordre\\\/220253\\\/#primaryimage\",\"url\":\"https:\\\/\\\/www.webdo.tn\\\/fr\\\/wp-content\\\/uploads\\\/2025\\\/03\\\/a71a7ca8c017aca5517eb0386d6e2645.webp\",\"contentUrl\":\"https:\\\/\\\/www.webdo.tn\\\/fr\\\/wp-content\\\/uploads\\\/2025\\\/03\\\/a71a7ca8c017aca5517eb0386d6e2645.webp\",\"width\":669,\"height\":357,\"caption\":\"Blanc et bleu de Sidi Bou Said : Les habitants rappel\u00e9s \u00e0 l\u2019ordre\"},{\"@type\":\"BreadcrumbList\",\"@id\":\"https:\\\/\\\/www.webdo.tn\\\/fr\\\/actualite\\\/regions\\\/blanc-et-bleu-de-sidi-bou-said-les-habitants-rappeles-a-l-ordre\\\/220253\\\/#breadcrumb\",\"itemListElement\":[{\"@type\":\"ListItem\",\"position\":1,\"name\":\"Accueil\",\"item\":\"https:\\\/\\\/www.webdo.tn\\\/fr\\\/\"},{\"@type\":\"ListItem\",\"position\":2,\"name\":\"Blanc et bleu de Sidi Bou Said : Les habitants rappel\u00e9s \u00e0 l\u2019ordre\"}]},{\"@type\":\"WebSite\",\"@id\":\"https:\\\/\\\/www.webdo.tn\\\/fr\\\/#website\",\"url\":\"https:\\\/\\\/www.webdo.tn\\\/fr\\\/\",\"name\":\"webdo\",\"description\":\"Tunisie - News en Tunisie et \u00e0 l&#039;international sur Webdo.tn\",\"publisher\":{\"@id\":\"https:\\\/\\\/www.webdo.tn\\\/fr\\\/#organization\"},\"potentialAction\":[{\"@type\":\"SearchAction\",\"target\":{\"@type\":\"EntryPoint\",\"urlTemplate\":\"https:\\\/\\\/www.webdo.tn\\\/fr\\\/?s={search_term_string}\"},\"query-input\":{\"@type\":\"PropertyValueSpecification\",\"valueRequired\":true,\"valueName\":\"search_term_string\"}}],\"inLanguage\":\"fr-FR\"},{\"@type\":\"Organization\",\"@id\":\"https:\\\/\\\/www.webdo.tn\\\/fr\\\/#organization\",\"name\":\"Webdo\",\"alternateName\":\"Webdo.tn\",\"url\":\"https:\\\/\\\/www.webdo.tn\\\/fr\\\/\",\"logo\":{\"@type\":\"ImageObject\",\"inLanguage\":\"fr-FR\",\"@id\":\"https:\\\/\\\/www.webdo.tn\\\/fr\\\/#\\\/schema\\\/logo\\\/image\\\/\",\"url\":\"https:\\\/\\\/www.webdo.tn\\\/fr\\\/wp-content\\\/uploads\\\/2025\\\/06\\\/Webdo-Tunisie_168377.jpg\",\"contentUrl\":\"https:\\\/\\\/www.webdo.tn\\\/fr\\\/wp-content\\\/uploads\\\/2025\\\/06\\\/Webdo-Tunisie_168377.jpg\",\"width\":301,\"height\":301,\"caption\":\"Webdo\"},\"image\":{\"@id\":\"https:\\\/\\\/www.webdo.tn\\\/fr\\\/#\\\/schema\\\/logo\\\/image\\\/\"},\"sameAs\":[\"https:\\\/\\\/www.facebook.com\\\/webdotn\",\"https:\\\/\\\/x.com\\\/webdo_tn\"],\"description\":\"Webdo est un m\u00e9dia num\u00e9rique tunisien fond\u00e9 en 2010, sp\u00e9cialis\u00e9 dans l\u2019actualit\u00e9 nationale et internationale, l\u2019\u00e9conomie, la soci\u00e9t\u00e9 et les analyses politiques. Le site s\u2019adresse \u00e0 un large public francophone et couvre l\u2019information tunisienne en temps r\u00e9el.\",\"email\":\"redac@webdo.tn\",\"legalName\":\"YNJ SARL\",\"foundingDate\":\"2010-09-06\",\"numberOfEmployees\":{\"@type\":\"QuantitativeValue\",\"minValue\":\"11\",\"maxValue\":\"50\"}},{\"@type\":\"Person\",\"@id\":\"https:\\\/\\\/www.webdo.tn\\\/fr\\\/#\\\/schema\\\/person\\\/82ca085b22037d285e1a3c4b65ba5f71\",\"name\":\"KJ\",\"image\":{\"@type\":\"ImageObject\",\"inLanguage\":\"fr-FR\",\"@id\":\"https:\\\/\\\/secure.gravatar.com\\\/avatar\\\/1a1320de1c1971c893f00068f760b4113d69504aa21273da17ee95650c5944fd?s=96&d=mm&r=g\",\"url\":\"https:\\\/\\\/secure.gravatar.com\\\/avatar\\\/1a1320de1c1971c893f00068f760b4113d69504aa21273da17ee95650c5944fd?s=96&d=mm&r=g\",\"contentUrl\":\"https:\\\/\\\/secure.gravatar.com\\\/avatar\\\/1a1320de1c1971c893f00068f760b4113d69504aa21273da17ee95650c5944fd?s=96&d=mm&r=g\",\"caption\":\"KJ\"},\"url\":\"https:\\\/\\\/www.webdo.tn\\\/fr\\\/actualite\\\/author\\\/kj\\\/\"}]}<\/script>\n<!-- \/ Yoast SEO Premium plugin. -->","yoast_head_json":{"title":"Blanc et bleu de Sidi Bou Said : Les habitants rappel\u00e9s \u00e0 l\u2019ordre","description":"Dans une initiative visant \u00e0 renforcer la qualit\u00e9 esth\u00e9tique du cadre de vie, la municipalit\u00e9 a rappel\u00e9 \u00e0 l'ordre ses concitoyens pour la n\u00e9cessit\u00e9 de blanchir...","canonical":"https:\/\/www.webdo.tn\/fr\/actualite\/regions\/blanc-et-bleu-de-sidi-bou-said-les-habitants-rappeles-a-l-ordre\/220253\/","og_locale":"fr_FR","og_type":"article","og_title":"Blanc et bleu de Sidi Bou Said : Les habitants rappel\u00e9s \u00e0 l\u2019ordre","og_description":"Dans une initiative visant \u00e0 renforcer la qualit\u00e9 esth\u00e9tique du cadre de vie, la municipalit\u00e9 a rappel\u00e9 \u00e0 l'ordre ses concitoyens pour la n\u00e9cessit\u00e9 de blanchir...","og_url":"https:\/\/www.webdo.tn\/fr\/actualite\/regions\/blanc-et-bleu-de-sidi-bou-said-les-habitants-rappeles-a-l-ordre\/220253\/","og_site_name":"webdo","article_publisher":"https:\/\/www.facebook.com\/webdotn","article_published_time":"2025-03-03T12:34:00+00:00","article_modified_time":"2025-05-20T22:22:51+00:00","og_image":[{"width":669,"height":357,"url":"https:\/\/www.webdo.tn\/fr\/wp-content\/uploads\/2025\/03\/a71a7ca8c017aca5517eb0386d6e2645.webp","type":"image\/webp"}],"author":"KJ","twitter_card":"summary_large_image","twitter_creator":"@webdo_tn","twitter_site":"@webdo_tn","twitter_misc":{"\u00c9crit par":"KJ","Dur\u00e9e de lecture estim\u00e9e":"1 minute"},"schema":{"@context":"https:\/\/schema.org","@graph":[{"@type":"NewsArticle","@id":"https:\/\/www.webdo.tn\/fr\/actualite\/regions\/blanc-et-bleu-de-sidi-bou-said-les-habitants-rappeles-a-l-ordre\/220253\/#article","isPartOf":{"@id":"https:\/\/www.webdo.tn\/fr\/actualite\/regions\/blanc-et-bleu-de-sidi-bou-said-les-habitants-rappeles-a-l-ordre\/220253\/"},"author":{"name":"KJ","@id":"https:\/\/www.webdo.tn\/fr\/#\/schema\/person\/82ca085b22037d285e1a3c4b65ba5f71"},"headline":"Blanc et bleu de Sidi Bou Said : Les habitants rappel\u00e9s \u00e0 l\u2019ordre","datePublished":"2025-03-03T12:34:00+00:00","dateModified":"2025-05-20T22:22:51+00:00","mainEntityOfPage":{"@id":"https:\/\/www.webdo.tn\/fr\/actualite\/regions\/blanc-et-bleu-de-sidi-bou-said-les-habitants-rappeles-a-l-ordre\/220253\/"},"wordCount":320,"commentCount":0,"publisher":{"@id":"https:\/\/www.webdo.tn\/fr\/#organization"},"image":{"@id":"https:\/\/www.webdo.tn\/fr\/actualite\/regions\/blanc-et-bleu-de-sidi-bou-said-les-habitants-rappeles-a-l-ordre\/220253\/#primaryimage"},"thumbnailUrl":"https:\/\/www.webdo.tn\/fr\/wp-content\/uploads\/2025\/03\/a71a7ca8c017aca5517eb0386d6e2645.webp","keywords":["bleu","municipalit\u00e9","sidi bou said","Tunisie"],"articleSection":["regions"],"inLanguage":"fr-FR"},{"@type":"WebPage","@id":"https:\/\/www.webdo.tn\/fr\/actualite\/regions\/blanc-et-bleu-de-sidi-bou-said-les-habitants-rappeles-a-l-ordre\/220253\/","url":"https:\/\/www.webdo.tn\/fr\/actualite\/regions\/blanc-et-bleu-de-sidi-bou-said-les-habitants-rappeles-a-l-ordre\/220253\/","name":"Blanc et bleu de Sidi Bou Said : Les habitants rappel\u00e9s \u00e0 l\u2019ordre","isPartOf":{"@id":"https:\/\/www.webdo.tn\/fr\/#website"},"primaryImageOfPage":{"@id":"https:\/\/www.webdo.tn\/fr\/actualite\/regions\/blanc-et-bleu-de-sidi-bou-said-les-habitants-rappeles-a-l-ordre\/220253\/#primaryimage"},"image":{"@id":"https:\/\/www.webdo.tn\/fr\/actualite\/regions\/blanc-et-bleu-de-sidi-bou-said-les-habitants-rappeles-a-l-ordre\/220253\/#primaryimage"},"thumbnailUrl":"https:\/\/www.webdo.tn\/fr\/wp-content\/uploads\/2025\/03\/a71a7ca8c017aca5517eb0386d6e2645.webp","datePublished":"2025-03-03T12:34:00+00:00","dateModified":"2025-05-20T22:22:51+00:00","description":"Dans une initiative visant \u00e0 renforcer la qualit\u00e9 esth\u00e9tique du cadre de vie, la municipalit\u00e9 a rappel\u00e9 \u00e0 l'ordre ses concitoyens pour la n\u00e9cessit\u00e9 de blanchir...","breadcrumb":{"@id":"https:\/\/www.webdo.tn\/fr\/actualite\/regions\/blanc-et-bleu-de-sidi-bou-said-les-habitants-rappeles-a-l-ordre\/220253\/#breadcrumb"},"inLanguage":"fr-FR","potentialAction":[{"@type":"ReadAction","target":["https:\/\/www.webdo.tn\/fr\/actualite\/regions\/blanc-et-bleu-de-sidi-bou-said-les-habitants-rappeles-a-l-ordre\/220253\/"]}]},{"@type":"ImageObject","inLanguage":"fr-FR","@id":"https:\/\/www.webdo.tn\/fr\/actualite\/regions\/blanc-et-bleu-de-sidi-bou-said-les-habitants-rappeles-a-l-ordre\/220253\/#primaryimage","url":"https:\/\/www.webdo.tn\/fr\/wp-content\/uploads\/2025\/03\/a71a7ca8c017aca5517eb0386d6e2645.webp","contentUrl":"https:\/\/www.webdo.tn\/fr\/wp-content\/uploads\/2025\/03\/a71a7ca8c017aca5517eb0386d6e2645.webp","width":669,"height":357,"caption":"Blanc et bleu de Sidi Bou Said : Les habitants rappel\u00e9s \u00e0 l\u2019ordre"},{"@type":"BreadcrumbList","@id":"https:\/\/www.webdo.tn\/fr\/actualite\/regions\/blanc-et-bleu-de-sidi-bou-said-les-habitants-rappeles-a-l-ordre\/220253\/#breadcrumb","itemListElement":[{"@type":"ListItem","position":1,"name":"Accueil","item":"https:\/\/www.webdo.tn\/fr\/"},{"@type":"ListItem","position":2,"name":"Blanc et bleu de Sidi Bou Said : Les habitants rappel\u00e9s \u00e0 l\u2019ordre"}]},{"@type":"WebSite","@id":"https:\/\/www.webdo.tn\/fr\/#website","url":"https:\/\/www.webdo.tn\/fr\/","name":"webdo","description":"Tunisie - News en Tunisie et \u00e0 l&#039;international sur Webdo.tn","publisher":{"@id":"https:\/\/www.webdo.tn\/fr\/#organization"},"potentialAction":[{"@type":"SearchAction","target":{"@type":"EntryPoint","urlTemplate":"https:\/\/www.webdo.tn\/fr\/?s={search_term_string}"},"query-input":{"@type":"PropertyValueSpecification","valueRequired":true,"valueName":"search_term_string"}}],"inLanguage":"fr-FR"},{"@type":"Organization","@id":"https:\/\/www.webdo.tn\/fr\/#organization","name":"Webdo","alternateName":"Webdo.tn","url":"https:\/\/www.webdo.tn\/fr\/","logo":{"@type":"ImageObject","inLanguage":"fr-FR","@id":"https:\/\/www.webdo.tn\/fr\/#\/schema\/logo\/image\/","url":"https:\/\/www.webdo.tn\/fr\/wp-content\/uploads\/2025\/06\/Webdo-Tunisie_168377.jpg","contentUrl":"https:\/\/www.webdo.tn\/fr\/wp-content\/uploads\/2025\/06\/Webdo-Tunisie_168377.jpg","width":301,"height":301,"caption":"Webdo"},"image":{"@id":"https:\/\/www.webdo.tn\/fr\/#\/schema\/logo\/image\/"},"sameAs":["https:\/\/www.facebook.com\/webdotn","https:\/\/x.com\/webdo_tn"],"description":"Webdo est un m\u00e9dia num\u00e9rique tunisien fond\u00e9 en 2010, sp\u00e9cialis\u00e9 dans l\u2019actualit\u00e9 nationale et internationale, l\u2019\u00e9conomie, la soci\u00e9t\u00e9 et les analyses politiques. Le site s\u2019adresse \u00e0 un large public francophone et couvre l\u2019information tunisienne en temps r\u00e9el.","email":"redac@webdo.tn","legalName":"YNJ SARL","foundingDate":"2010-09-06","numberOfEmployees":{"@type":"QuantitativeValue","minValue":"11","maxValue":"50"}},{"@type":"Person","@id":"https:\/\/www.webdo.tn\/fr\/#\/schema\/person\/82ca085b22037d285e1a3c4b65ba5f71","name":"KJ","image":{"@type":"ImageObject","inLanguage":"fr-FR","@id":"https:\/\/secure.gravatar.com\/avatar\/1a1320de1c1971c893f00068f760b4113d69504aa21273da17ee95650c5944fd?s=96&d=mm&r=g","url":"https:\/\/secure.gravatar.com\/avatar\/1a1320de1c1971c893f00068f760b4113d69504aa21273da17ee95650c5944fd?s=96&d=mm&r=g","contentUrl":"https:\/\/secure.gravatar.com\/avatar\/1a1320de1c1971c893f00068f760b4113d69504aa21273da17ee95650c5944fd?s=96&d=mm&r=g","caption":"KJ"},"url":"https:\/\/www.webdo.tn\/fr\/actualite\/author\/kj\/"}]}},"_links":{"self":[{"href":"https:\/\/www.webdo.tn\/fr\/wp-json\/wp\/v2\/posts\/220253","targetHints":{"allow":["GET"]}}],"collection":[{"href":"https:\/\/www.webdo.tn\/fr\/wp-json\/wp\/v2\/posts"}],"about":[{"href":"https:\/\/www.webdo.tn\/fr\/wp-json\/wp\/v2\/types\/post"}],"author":[{"embeddable":true,"href":"https:\/\/www.webdo.tn\/fr\/wp-json\/wp\/v2\/users\/3163"}],"replies":[{"embeddable":true,"href":"https:\/\/www.webdo.tn\/fr\/wp-json\/wp\/v2\/comments?post=220253"}],"version-history":[{"count":0,"href":"https:\/\/www.webdo.tn\/fr\/wp-json\/wp\/v2\/posts\/220253\/revisions"}],"wp:featuredmedia":[{"embeddable":true,"href":"https:\/\/www.webdo.tn\/fr\/wp-json\/wp\/v2\/media\/291995"}],"wp:attachment":[{"href":"https:\/\/www.webdo.tn\/fr\/wp-json\/wp\/v2\/media?parent=220253"}],"wp:term":[{"taxonomy":"category","embeddable":true,"href":"https:\/\/www.webdo.tn\/fr\/wp-json\/wp\/v2\/categories?post=220253"},{"taxonomy":"post_tag","embeddable":true,"href":"https:\/\/www.webdo.tn\/fr\/wp-json\/wp\/v2\/tags?post=220253"}],"curies":[{"name":"wp","href":"https:\/\/api.w.org\/{rel}","templated":true}]}}