{"id":220234,"date":"2025-03-02T10:50:00","date_gmt":"2025-03-02T10:50:00","guid":{"rendered":"https:\/\/www.webdo.tn\/fr\/blog\/2025\/03\/02\/tunisie-la-piscine-municipale-de-bizerte-rouvre-ses-portes\/"},"modified":"2025-05-20T22:19:37","modified_gmt":"2025-05-20T22:19:37","slug":"tunisie-la-piscine-municipale-de-bizerte-rouvre-ses-portes","status":"publish","type":"post","link":"https:\/\/www.webdo.tn\/fr\/actualite\/sport\/tunisie-la-piscine-municipale-de-bizerte-rouvre-ses-portes\/220234\/","title":{"rendered":"Tunisie : La piscine municipale de Bizerte rouvre ses portes"},"content":{"rendered":"<p>La municipalit\u00e9 de Bizerte a organis\u00e9 une c\u00e9r\u00e9monie sportive et jeunesse \u00e0 l&rsquo;occasion de l&rsquo;inauguration de la piscine municipale de Bizerte-ville.<\/p>\n<p>\u00c0 cette occasion, le gouverneur de Bizerte, Salem Ben Yaacoub, qui a pr\u00e9sid\u00e9 la c\u00e9r\u00e9monie d\u2019ouverture, a salu\u00e9 les efforts de l\u2019ensemble des structures et services centraux, en premier lieu le minist\u00e8re de la Jeunesse et des Sports, ainsi que des instances r\u00e9gionales et locales, qu&rsquo;elles soient administratives, techniques ou municipales. Il a soulign\u00e9 leur engagement pour la r\u00e9habilitation de cette infrastructure sportive et jeunesse d\u2019importance, qui retrouve aujourd\u2019hui pleinement sa fonctionnalit\u00e9 apr\u00e8s avoir \u00e9t\u00e9 hors service et inutilis\u00e9e pendant plus d\u2019une d\u00e9cennie.<\/p>\n<p>De son c\u00f4t\u00e9, la secr\u00e9taire g\u00e9n\u00e9rale charg\u00e9e de la gestion de la municipalit\u00e9 de Bizerte, Im\u00e8ne Zouwawi, a affirm\u00e9 que gr\u00e2ce au soutien important des autorit\u00e9s r\u00e9gionales, sous la supervision du gouverneur, la municipalit\u00e9 de Bizerte a travaill\u00e9 avec s\u00e9rieux et engagement, conform\u00e9ment \u00e0 l\u2019ensemble des programmes d\u2019investissement de proximit\u00e9, afin d\u2019honorer tous les engagements annonc\u00e9s et de finaliser les travaux techniques n\u00e9cessaires pour permettre la r\u00e9ouverture de la piscine aux activit\u00e9s sportives et jeunesse d\u00e8s aujourd\u2019hui.<\/p>\n<p>Elle a \u00e9galement pr\u00e9cis\u00e9 qu\u2019en coordination avec les clubs et f\u00e9d\u00e9rations sportives, les demandes des associations souhaitant s&rsquo;entra\u00eener dans l\u2019infrastructure ont \u00e9t\u00e9 \u00e9tudi\u00e9es, afin de leur attribuer des cr\u00e9neaux dans la mesure du possible, garantissant ainsi une bonne gestion et exploitation de la piscine.<\/p>\n","protected":false},"excerpt":{"rendered":"<p>\u00c0 cette occasion, le gouverneur de Bizerte, Salem Ben Yaacoub, qui a pr\u00e9sid\u00e9 la c\u00e9r\u00e9monie d\u2019ouverture, a salu\u00e9 les efforts de l\u2019ensemble des structures et servi&#8230;<\/p>\n","protected":false},"author":3163,"featured_media":241918,"comment_status":"open","ping_status":"open","sticky":false,"template":"","format":"standard","meta":{"footnotes":""},"categories":[2593],"tags":[2707,3829,2608],"class_list":["post-220234","post","type-post","status-publish","format-standard","has-post-thumbnail","hentry","category-sport","tag-bizerte","tag-piscine","tag-tunisie"],"yoast_head":"<!-- This site is optimized with the Yoast SEO Premium plugin v27.5 (Yoast SEO v27.5) - https:\/\/yoast.com\/product\/yoast-seo-premium-wordpress\/ -->\n<title>Tunisie : La piscine municipale de Bizerte rouvre ses portes<\/title>\n<meta name=\"description\" content=\"\u00c0 cette occasion, le gouverneur de Bizerte, Salem Ben Yaacoub, qui a pr\u00e9sid\u00e9 la c\u00e9r\u00e9monie d\u2019ouverture, a salu\u00e9 les efforts de l\u2019ensemble des structures et servi...\" \/>\n<link rel=\"canonical\" href=\"https:\/\/www.webdo.tn\/fr\/actualite\/sport\/tunisie-la-piscine-municipale-de-bizerte-rouvre-ses-portes\/220234\/\" \/>\n<meta property=\"og:locale\" content=\"fr_FR\" \/>\n<meta property=\"og:type\" content=\"article\" \/>\n<meta property=\"og:title\" content=\"Tunisie : La piscine municipale de Bizerte rouvre ses portes\" \/>\n<meta property=\"og:description\" content=\"\u00c0 cette occasion, le gouverneur de Bizerte, Salem Ben Yaacoub, qui a pr\u00e9sid\u00e9 la c\u00e9r\u00e9monie d\u2019ouverture, a salu\u00e9 les efforts de l\u2019ensemble des structures et servi...\" \/>\n<meta property=\"og:url\" content=\"https:\/\/www.webdo.tn\/fr\/actualite\/sport\/tunisie-la-piscine-municipale-de-bizerte-rouvre-ses-portes\/220234\/\" \/>\n<meta property=\"og:site_name\" content=\"webdo\" \/>\n<meta property=\"article:publisher\" content=\"https:\/\/www.facebook.com\/webdotn\" \/>\n<meta property=\"article:published_time\" content=\"2025-03-02T10:50:00+00:00\" \/>\n<meta property=\"article:modified_time\" content=\"2025-05-20T22:19:37+00:00\" \/>\n<meta property=\"og:image\" content=\"https:\/\/www.webdo.tn\/fr\/wp-content\/uploads\/2025\/05\/fc1d3069237f59c39b310561a62c5233-2.webp\" \/>\n\t<meta property=\"og:image:width\" content=\"630\" \/>\n\t<meta property=\"og:image:height\" content=\"336\" \/>\n\t<meta property=\"og:image:type\" content=\"image\/webp\" \/>\n<meta name=\"author\" content=\"KJ\" \/>\n<meta name=\"twitter:card\" content=\"summary_large_image\" \/>\n<meta name=\"twitter:creator\" content=\"@webdo_tn\" \/>\n<meta name=\"twitter:site\" content=\"@webdo_tn\" \/>\n<meta name=\"twitter:label1\" content=\"\u00c9crit par\" \/>\n\t<meta name=\"twitter:data1\" content=\"KJ\" \/>\n\t<meta name=\"twitter:label2\" content=\"Dur\u00e9e de lecture estim\u00e9e\" \/>\n\t<meta name=\"twitter:data2\" content=\"1 minute\" \/>\n<script type=\"application\/ld+json\" class=\"yoast-schema-graph\">{\"@context\":\"https:\\\/\\\/schema.org\",\"@graph\":[{\"@type\":\"NewsArticle\",\"@id\":\"https:\\\/\\\/www.webdo.tn\\\/fr\\\/actualite\\\/sport\\\/tunisie-la-piscine-municipale-de-bizerte-rouvre-ses-portes\\\/220234\\\/#article\",\"isPartOf\":{\"@id\":\"https:\\\/\\\/www.webdo.tn\\\/fr\\\/actualite\\\/sport\\\/tunisie-la-piscine-municipale-de-bizerte-rouvre-ses-portes\\\/220234\\\/\"},\"author\":{\"name\":\"KJ\",\"@id\":\"https:\\\/\\\/www.webdo.tn\\\/fr\\\/#\\\/schema\\\/person\\\/82ca085b22037d285e1a3c4b65ba5f71\"},\"headline\":\"Tunisie : La piscine municipale de Bizerte rouvre ses portes\",\"datePublished\":\"2025-03-02T10:50:00+00:00\",\"dateModified\":\"2025-05-20T22:19:37+00:00\",\"mainEntityOfPage\":{\"@id\":\"https:\\\/\\\/www.webdo.tn\\\/fr\\\/actualite\\\/sport\\\/tunisie-la-piscine-municipale-de-bizerte-rouvre-ses-portes\\\/220234\\\/\"},\"wordCount\":279,\"commentCount\":0,\"publisher\":{\"@id\":\"https:\\\/\\\/www.webdo.tn\\\/fr\\\/#organization\"},\"image\":{\"@id\":\"https:\\\/\\\/www.webdo.tn\\\/fr\\\/actualite\\\/sport\\\/tunisie-la-piscine-municipale-de-bizerte-rouvre-ses-portes\\\/220234\\\/#primaryimage\"},\"thumbnailUrl\":\"https:\\\/\\\/www.webdo.tn\\\/fr\\\/wp-content\\\/uploads\\\/2025\\\/05\\\/fc1d3069237f59c39b310561a62c5233-2.webp\",\"keywords\":[\"Bizerte\",\"piscine\",\"Tunisie\"],\"articleSection\":[\"Sport\"],\"inLanguage\":\"fr-FR\"},{\"@type\":\"WebPage\",\"@id\":\"https:\\\/\\\/www.webdo.tn\\\/fr\\\/actualite\\\/sport\\\/tunisie-la-piscine-municipale-de-bizerte-rouvre-ses-portes\\\/220234\\\/\",\"url\":\"https:\\\/\\\/www.webdo.tn\\\/fr\\\/actualite\\\/sport\\\/tunisie-la-piscine-municipale-de-bizerte-rouvre-ses-portes\\\/220234\\\/\",\"name\":\"Tunisie : La piscine municipale de Bizerte rouvre ses portes\",\"isPartOf\":{\"@id\":\"https:\\\/\\\/www.webdo.tn\\\/fr\\\/#website\"},\"primaryImageOfPage\":{\"@id\":\"https:\\\/\\\/www.webdo.tn\\\/fr\\\/actualite\\\/sport\\\/tunisie-la-piscine-municipale-de-bizerte-rouvre-ses-portes\\\/220234\\\/#primaryimage\"},\"image\":{\"@id\":\"https:\\\/\\\/www.webdo.tn\\\/fr\\\/actualite\\\/sport\\\/tunisie-la-piscine-municipale-de-bizerte-rouvre-ses-portes\\\/220234\\\/#primaryimage\"},\"thumbnailUrl\":\"https:\\\/\\\/www.webdo.tn\\\/fr\\\/wp-content\\\/uploads\\\/2025\\\/05\\\/fc1d3069237f59c39b310561a62c5233-2.webp\",\"datePublished\":\"2025-03-02T10:50:00+00:00\",\"dateModified\":\"2025-05-20T22:19:37+00:00\",\"description\":\"\u00c0 cette occasion, le gouverneur de Bizerte, Salem Ben Yaacoub, qui a pr\u00e9sid\u00e9 la c\u00e9r\u00e9monie d\u2019ouverture, a salu\u00e9 les efforts de l\u2019ensemble des structures et servi...\",\"breadcrumb\":{\"@id\":\"https:\\\/\\\/www.webdo.tn\\\/fr\\\/actualite\\\/sport\\\/tunisie-la-piscine-municipale-de-bizerte-rouvre-ses-portes\\\/220234\\\/#breadcrumb\"},\"inLanguage\":\"fr-FR\",\"potentialAction\":[{\"@type\":\"ReadAction\",\"target\":[\"https:\\\/\\\/www.webdo.tn\\\/fr\\\/actualite\\\/sport\\\/tunisie-la-piscine-municipale-de-bizerte-rouvre-ses-portes\\\/220234\\\/\"]}]},{\"@type\":\"ImageObject\",\"inLanguage\":\"fr-FR\",\"@id\":\"https:\\\/\\\/www.webdo.tn\\\/fr\\\/actualite\\\/sport\\\/tunisie-la-piscine-municipale-de-bizerte-rouvre-ses-portes\\\/220234\\\/#primaryimage\",\"url\":\"https:\\\/\\\/www.webdo.tn\\\/fr\\\/wp-content\\\/uploads\\\/2025\\\/05\\\/fc1d3069237f59c39b310561a62c5233-2.webp\",\"contentUrl\":\"https:\\\/\\\/www.webdo.tn\\\/fr\\\/wp-content\\\/uploads\\\/2025\\\/05\\\/fc1d3069237f59c39b310561a62c5233-2.webp\",\"width\":630,\"height\":336},{\"@type\":\"BreadcrumbList\",\"@id\":\"https:\\\/\\\/www.webdo.tn\\\/fr\\\/actualite\\\/sport\\\/tunisie-la-piscine-municipale-de-bizerte-rouvre-ses-portes\\\/220234\\\/#breadcrumb\",\"itemListElement\":[{\"@type\":\"ListItem\",\"position\":1,\"name\":\"Accueil\",\"item\":\"https:\\\/\\\/www.webdo.tn\\\/fr\\\/\"},{\"@type\":\"ListItem\",\"position\":2,\"name\":\"Tunisie : La piscine municipale de Bizerte rouvre ses portes\"}]},{\"@type\":\"WebSite\",\"@id\":\"https:\\\/\\\/www.webdo.tn\\\/fr\\\/#website\",\"url\":\"https:\\\/\\\/www.webdo.tn\\\/fr\\\/\",\"name\":\"webdo\",\"description\":\"Tunisie - News en Tunisie et \u00e0 l&#039;international sur Webdo.tn\",\"publisher\":{\"@id\":\"https:\\\/\\\/www.webdo.tn\\\/fr\\\/#organization\"},\"potentialAction\":[{\"@type\":\"SearchAction\",\"target\":{\"@type\":\"EntryPoint\",\"urlTemplate\":\"https:\\\/\\\/www.webdo.tn\\\/fr\\\/?s={search_term_string}\"},\"query-input\":{\"@type\":\"PropertyValueSpecification\",\"valueRequired\":true,\"valueName\":\"search_term_string\"}}],\"inLanguage\":\"fr-FR\"},{\"@type\":\"Organization\",\"@id\":\"https:\\\/\\\/www.webdo.tn\\\/fr\\\/#organization\",\"name\":\"Webdo\",\"alternateName\":\"Webdo.tn\",\"url\":\"https:\\\/\\\/www.webdo.tn\\\/fr\\\/\",\"logo\":{\"@type\":\"ImageObject\",\"inLanguage\":\"fr-FR\",\"@id\":\"https:\\\/\\\/www.webdo.tn\\\/fr\\\/#\\\/schema\\\/logo\\\/image\\\/\",\"url\":\"https:\\\/\\\/www.webdo.tn\\\/fr\\\/wp-content\\\/uploads\\\/2025\\\/06\\\/Webdo-Tunisie_168377.jpg\",\"contentUrl\":\"https:\\\/\\\/www.webdo.tn\\\/fr\\\/wp-content\\\/uploads\\\/2025\\\/06\\\/Webdo-Tunisie_168377.jpg\",\"width\":301,\"height\":301,\"caption\":\"Webdo\"},\"image\":{\"@id\":\"https:\\\/\\\/www.webdo.tn\\\/fr\\\/#\\\/schema\\\/logo\\\/image\\\/\"},\"sameAs\":[\"https:\\\/\\\/www.facebook.com\\\/webdotn\",\"https:\\\/\\\/x.com\\\/webdo_tn\"],\"description\":\"Webdo est un m\u00e9dia num\u00e9rique tunisien fond\u00e9 en 2010, sp\u00e9cialis\u00e9 dans l\u2019actualit\u00e9 nationale et internationale, l\u2019\u00e9conomie, la soci\u00e9t\u00e9 et les analyses politiques. Le site s\u2019adresse \u00e0 un large public francophone et couvre l\u2019information tunisienne en temps r\u00e9el.\",\"email\":\"redac@webdo.tn\",\"legalName\":\"YNJ SARL\",\"foundingDate\":\"2010-09-06\",\"numberOfEmployees\":{\"@type\":\"QuantitativeValue\",\"minValue\":\"11\",\"maxValue\":\"50\"}},{\"@type\":\"Person\",\"@id\":\"https:\\\/\\\/www.webdo.tn\\\/fr\\\/#\\\/schema\\\/person\\\/82ca085b22037d285e1a3c4b65ba5f71\",\"name\":\"KJ\",\"image\":{\"@type\":\"ImageObject\",\"inLanguage\":\"fr-FR\",\"@id\":\"https:\\\/\\\/secure.gravatar.com\\\/avatar\\\/1a1320de1c1971c893f00068f760b4113d69504aa21273da17ee95650c5944fd?s=96&d=mm&r=g\",\"url\":\"https:\\\/\\\/secure.gravatar.com\\\/avatar\\\/1a1320de1c1971c893f00068f760b4113d69504aa21273da17ee95650c5944fd?s=96&d=mm&r=g\",\"contentUrl\":\"https:\\\/\\\/secure.gravatar.com\\\/avatar\\\/1a1320de1c1971c893f00068f760b4113d69504aa21273da17ee95650c5944fd?s=96&d=mm&r=g\",\"caption\":\"KJ\"},\"url\":\"https:\\\/\\\/www.webdo.tn\\\/fr\\\/actualite\\\/author\\\/kj\\\/\"}]}<\/script>\n<!-- \/ Yoast SEO Premium plugin. -->","yoast_head_json":{"title":"Tunisie : La piscine municipale de Bizerte rouvre ses portes","description":"\u00c0 cette occasion, le gouverneur de Bizerte, Salem Ben Yaacoub, qui a pr\u00e9sid\u00e9 la c\u00e9r\u00e9monie d\u2019ouverture, a salu\u00e9 les efforts de l\u2019ensemble des structures et servi...","canonical":"https:\/\/www.webdo.tn\/fr\/actualite\/sport\/tunisie-la-piscine-municipale-de-bizerte-rouvre-ses-portes\/220234\/","og_locale":"fr_FR","og_type":"article","og_title":"Tunisie : La piscine municipale de Bizerte rouvre ses portes","og_description":"\u00c0 cette occasion, le gouverneur de Bizerte, Salem Ben Yaacoub, qui a pr\u00e9sid\u00e9 la c\u00e9r\u00e9monie d\u2019ouverture, a salu\u00e9 les efforts de l\u2019ensemble des structures et servi...","og_url":"https:\/\/www.webdo.tn\/fr\/actualite\/sport\/tunisie-la-piscine-municipale-de-bizerte-rouvre-ses-portes\/220234\/","og_site_name":"webdo","article_publisher":"https:\/\/www.facebook.com\/webdotn","article_published_time":"2025-03-02T10:50:00+00:00","article_modified_time":"2025-05-20T22:19:37+00:00","og_image":[{"width":630,"height":336,"url":"https:\/\/www.webdo.tn\/fr\/wp-content\/uploads\/2025\/05\/fc1d3069237f59c39b310561a62c5233-2.webp","type":"image\/webp"}],"author":"KJ","twitter_card":"summary_large_image","twitter_creator":"@webdo_tn","twitter_site":"@webdo_tn","twitter_misc":{"\u00c9crit par":"KJ","Dur\u00e9e de lecture estim\u00e9e":"1 minute"},"schema":{"@context":"https:\/\/schema.org","@graph":[{"@type":"NewsArticle","@id":"https:\/\/www.webdo.tn\/fr\/actualite\/sport\/tunisie-la-piscine-municipale-de-bizerte-rouvre-ses-portes\/220234\/#article","isPartOf":{"@id":"https:\/\/www.webdo.tn\/fr\/actualite\/sport\/tunisie-la-piscine-municipale-de-bizerte-rouvre-ses-portes\/220234\/"},"author":{"name":"KJ","@id":"https:\/\/www.webdo.tn\/fr\/#\/schema\/person\/82ca085b22037d285e1a3c4b65ba5f71"},"headline":"Tunisie : La piscine municipale de Bizerte rouvre ses portes","datePublished":"2025-03-02T10:50:00+00:00","dateModified":"2025-05-20T22:19:37+00:00","mainEntityOfPage":{"@id":"https:\/\/www.webdo.tn\/fr\/actualite\/sport\/tunisie-la-piscine-municipale-de-bizerte-rouvre-ses-portes\/220234\/"},"wordCount":279,"commentCount":0,"publisher":{"@id":"https:\/\/www.webdo.tn\/fr\/#organization"},"image":{"@id":"https:\/\/www.webdo.tn\/fr\/actualite\/sport\/tunisie-la-piscine-municipale-de-bizerte-rouvre-ses-portes\/220234\/#primaryimage"},"thumbnailUrl":"https:\/\/www.webdo.tn\/fr\/wp-content\/uploads\/2025\/05\/fc1d3069237f59c39b310561a62c5233-2.webp","keywords":["Bizerte","piscine","Tunisie"],"articleSection":["Sport"],"inLanguage":"fr-FR"},{"@type":"WebPage","@id":"https:\/\/www.webdo.tn\/fr\/actualite\/sport\/tunisie-la-piscine-municipale-de-bizerte-rouvre-ses-portes\/220234\/","url":"https:\/\/www.webdo.tn\/fr\/actualite\/sport\/tunisie-la-piscine-municipale-de-bizerte-rouvre-ses-portes\/220234\/","name":"Tunisie : La piscine municipale de Bizerte rouvre ses portes","isPartOf":{"@id":"https:\/\/www.webdo.tn\/fr\/#website"},"primaryImageOfPage":{"@id":"https:\/\/www.webdo.tn\/fr\/actualite\/sport\/tunisie-la-piscine-municipale-de-bizerte-rouvre-ses-portes\/220234\/#primaryimage"},"image":{"@id":"https:\/\/www.webdo.tn\/fr\/actualite\/sport\/tunisie-la-piscine-municipale-de-bizerte-rouvre-ses-portes\/220234\/#primaryimage"},"thumbnailUrl":"https:\/\/www.webdo.tn\/fr\/wp-content\/uploads\/2025\/05\/fc1d3069237f59c39b310561a62c5233-2.webp","datePublished":"2025-03-02T10:50:00+00:00","dateModified":"2025-05-20T22:19:37+00:00","description":"\u00c0 cette occasion, le gouverneur de Bizerte, Salem Ben Yaacoub, qui a pr\u00e9sid\u00e9 la c\u00e9r\u00e9monie d\u2019ouverture, a salu\u00e9 les efforts de l\u2019ensemble des structures et servi...","breadcrumb":{"@id":"https:\/\/www.webdo.tn\/fr\/actualite\/sport\/tunisie-la-piscine-municipale-de-bizerte-rouvre-ses-portes\/220234\/#breadcrumb"},"inLanguage":"fr-FR","potentialAction":[{"@type":"ReadAction","target":["https:\/\/www.webdo.tn\/fr\/actualite\/sport\/tunisie-la-piscine-municipale-de-bizerte-rouvre-ses-portes\/220234\/"]}]},{"@type":"ImageObject","inLanguage":"fr-FR","@id":"https:\/\/www.webdo.tn\/fr\/actualite\/sport\/tunisie-la-piscine-municipale-de-bizerte-rouvre-ses-portes\/220234\/#primaryimage","url":"https:\/\/www.webdo.tn\/fr\/wp-content\/uploads\/2025\/05\/fc1d3069237f59c39b310561a62c5233-2.webp","contentUrl":"https:\/\/www.webdo.tn\/fr\/wp-content\/uploads\/2025\/05\/fc1d3069237f59c39b310561a62c5233-2.webp","width":630,"height":336},{"@type":"BreadcrumbList","@id":"https:\/\/www.webdo.tn\/fr\/actualite\/sport\/tunisie-la-piscine-municipale-de-bizerte-rouvre-ses-portes\/220234\/#breadcrumb","itemListElement":[{"@type":"ListItem","position":1,"name":"Accueil","item":"https:\/\/www.webdo.tn\/fr\/"},{"@type":"ListItem","position":2,"name":"Tunisie : La piscine municipale de Bizerte rouvre ses portes"}]},{"@type":"WebSite","@id":"https:\/\/www.webdo.tn\/fr\/#website","url":"https:\/\/www.webdo.tn\/fr\/","name":"webdo","description":"Tunisie - News en Tunisie et \u00e0 l&#039;international sur Webdo.tn","publisher":{"@id":"https:\/\/www.webdo.tn\/fr\/#organization"},"potentialAction":[{"@type":"SearchAction","target":{"@type":"EntryPoint","urlTemplate":"https:\/\/www.webdo.tn\/fr\/?s={search_term_string}"},"query-input":{"@type":"PropertyValueSpecification","valueRequired":true,"valueName":"search_term_string"}}],"inLanguage":"fr-FR"},{"@type":"Organization","@id":"https:\/\/www.webdo.tn\/fr\/#organization","name":"Webdo","alternateName":"Webdo.tn","url":"https:\/\/www.webdo.tn\/fr\/","logo":{"@type":"ImageObject","inLanguage":"fr-FR","@id":"https:\/\/www.webdo.tn\/fr\/#\/schema\/logo\/image\/","url":"https:\/\/www.webdo.tn\/fr\/wp-content\/uploads\/2025\/06\/Webdo-Tunisie_168377.jpg","contentUrl":"https:\/\/www.webdo.tn\/fr\/wp-content\/uploads\/2025\/06\/Webdo-Tunisie_168377.jpg","width":301,"height":301,"caption":"Webdo"},"image":{"@id":"https:\/\/www.webdo.tn\/fr\/#\/schema\/logo\/image\/"},"sameAs":["https:\/\/www.facebook.com\/webdotn","https:\/\/x.com\/webdo_tn"],"description":"Webdo est un m\u00e9dia num\u00e9rique tunisien fond\u00e9 en 2010, sp\u00e9cialis\u00e9 dans l\u2019actualit\u00e9 nationale et internationale, l\u2019\u00e9conomie, la soci\u00e9t\u00e9 et les analyses politiques. Le site s\u2019adresse \u00e0 un large public francophone et couvre l\u2019information tunisienne en temps r\u00e9el.","email":"redac@webdo.tn","legalName":"YNJ SARL","foundingDate":"2010-09-06","numberOfEmployees":{"@type":"QuantitativeValue","minValue":"11","maxValue":"50"}},{"@type":"Person","@id":"https:\/\/www.webdo.tn\/fr\/#\/schema\/person\/82ca085b22037d285e1a3c4b65ba5f71","name":"KJ","image":{"@type":"ImageObject","inLanguage":"fr-FR","@id":"https:\/\/secure.gravatar.com\/avatar\/1a1320de1c1971c893f00068f760b4113d69504aa21273da17ee95650c5944fd?s=96&d=mm&r=g","url":"https:\/\/secure.gravatar.com\/avatar\/1a1320de1c1971c893f00068f760b4113d69504aa21273da17ee95650c5944fd?s=96&d=mm&r=g","contentUrl":"https:\/\/secure.gravatar.com\/avatar\/1a1320de1c1971c893f00068f760b4113d69504aa21273da17ee95650c5944fd?s=96&d=mm&r=g","caption":"KJ"},"url":"https:\/\/www.webdo.tn\/fr\/actualite\/author\/kj\/"}]}},"_links":{"self":[{"href":"https:\/\/www.webdo.tn\/fr\/wp-json\/wp\/v2\/posts\/220234","targetHints":{"allow":["GET"]}}],"collection":[{"href":"https:\/\/www.webdo.tn\/fr\/wp-json\/wp\/v2\/posts"}],"about":[{"href":"https:\/\/www.webdo.tn\/fr\/wp-json\/wp\/v2\/types\/post"}],"author":[{"embeddable":true,"href":"https:\/\/www.webdo.tn\/fr\/wp-json\/wp\/v2\/users\/3163"}],"replies":[{"embeddable":true,"href":"https:\/\/www.webdo.tn\/fr\/wp-json\/wp\/v2\/comments?post=220234"}],"version-history":[{"count":0,"href":"https:\/\/www.webdo.tn\/fr\/wp-json\/wp\/v2\/posts\/220234\/revisions"}],"wp:featuredmedia":[{"embeddable":true,"href":"https:\/\/www.webdo.tn\/fr\/wp-json\/wp\/v2\/media\/241918"}],"wp:attachment":[{"href":"https:\/\/www.webdo.tn\/fr\/wp-json\/wp\/v2\/media?parent=220234"}],"wp:term":[{"taxonomy":"category","embeddable":true,"href":"https:\/\/www.webdo.tn\/fr\/wp-json\/wp\/v2\/categories?post=220234"},{"taxonomy":"post_tag","embeddable":true,"href":"https:\/\/www.webdo.tn\/fr\/wp-json\/wp\/v2\/tags?post=220234"}],"curies":[{"name":"wp","href":"https:\/\/api.w.org\/{rel}","templated":true}]}}