{"id":220232,"date":"2025-03-02T09:42:00","date_gmt":"2025-03-02T09:42:00","guid":{"rendered":"https:\/\/www.webdo.tn\/fr\/blog\/2025\/03\/02\/tunisie-le-ministere-de-la-sante-reagit-a-une-video-virale\/"},"modified":"2025-05-20T22:19:35","modified_gmt":"2025-05-20T22:19:35","slug":"tunisie-le-ministere-de-la-sante-reagit-a-une-video-virale","status":"publish","type":"post","link":"https:\/\/www.webdo.tn\/fr\/actualite\/national\/tunisie-le-ministere-de-la-sante-reagit-a-une-video-virale\/220232\/","title":{"rendered":"Tunisie : Le minist\u00e8re de la Sant\u00e9 r\u00e9agit \u00e0 une vid\u00e9o virale"},"content":{"rendered":"<p>Le minist\u00e8re de la Sant\u00e9 a publi\u00e9 un communiqu\u00e9 concernant la vid\u00e9o r\u00e9cemment diffus\u00e9e sur les plateformes de r\u00e9seaux sociaux, dans laquelle un enfant appara\u00eet en train de crier dans le couloir du service des urgences de l&rsquo;h\u00f4pital r\u00e9gional de Sidi Bouzid.<\/p>\n<p>\t\t\t\t\t\t\t\t\tLe minist\u00e8re a pr\u00e9cis\u00e9 que l&rsquo;enregistrement de la vid\u00e9o remonte \u00e0 la nuit du 27 au 28 f\u00e9vrier 2025. Une citoyenne de 35 ans, m\u00e8re de l&rsquo;enfant visible dans la vid\u00e9o, s&rsquo;est pr\u00e9sent\u00e9e au service des urgences pour recevoir des soins.\u00a0<\/p>\n<p>Apr\u00e8s examen, il a \u00e9t\u00e9 constat\u00e9 qu\u2019elle souffrait de sympt\u00f4mes l\u00e9gers et non urgents (un l\u00e9ger \u00e9tat grippal). Elle a alors \u00e9t\u00e9 inform\u00e9e de la n\u00e9cessit\u00e9 d\u2019attendre en raison de l&rsquo;afflux de cas critiques n\u00e9cessitant une intervention imm\u00e9diate.\u00a0<\/p>\n<p>Par ailleurs, il lui a \u00e9t\u00e9 demand\u00e9 de s&rsquo;enregistrer pour obtenir une prescription m\u00e9dicale, mais elle a refus\u00e9 et a d\u00e9lib\u00e9r\u00e9ment exploit\u00e9 son enfant mineur pour semer le d\u00e9sordre et provoquer du tumulte au sein du service.<\/p>\n<p>Le minist\u00e8re de la Sant\u00e9 a exprim\u00e9 sa vive r\u00e9probation face \u00e0 de tels comportements, affirmant que la diffusion de cette vid\u00e9o vise \u00e0 ternir l\u2019image du secteur public de la sant\u00e9 et constitue une tentative d\u00e9sesp\u00e9r\u00e9e de perturber les efforts de r\u00e9forme et de d\u00e9veloppement, en particulier dans les r\u00e9gions int\u00e9rieures.\u00a0<\/p>\n<p>Le minist\u00e8re a \u00e9galement affirm\u00e9 qu\u2019il se r\u00e9serve le droit d\u2019engager des poursuites judiciaires contre toute personne impliqu\u00e9e dans la d\u00e9sinformation de l\u2019opinion publique et dans la propagation du chaos au sein des \u00e9tablissements de sant\u00e9.<\/p>\n<p>Le minist\u00e8re de la Sant\u00e9 appelle, dans ce sens, l\u2019ensemble des citoyens \u00e0 ne pas se laisser entra\u00eener par les rumeurs et les informations erron\u00e9es qui nuisent au service public.<\/p>\n<p>Il r\u00e9affirme son engagement en faveur du d\u00e9veloppement du syst\u00e8me de sant\u00e9 et de l\u2019am\u00e9lioration de la qualit\u00e9 des services, conform\u00e9ment \u00e0 la vision du pr\u00e9sident de la R\u00e9publique, Ka\u00efs Sa\u00efed. Il compte \u00e9galement sur le sens des responsabilit\u00e9s et la conscience nationale de chacun pour prot\u00e9ger les institutions de sant\u00e9 contre toute tentative de porter atteinte \u00e0 l\u2019int\u00e9r\u00eat g\u00e9n\u00e9ral.<\/p>\n","protected":false},"excerpt":{"rendered":"<p>Le minist\u00e8re a pr\u00e9cis\u00e9 que l&rsquo;enregistrement de la vid\u00e9o remonte \u00e0 la nuit du 27 au 28 f\u00e9vrier 2025. Une citoyenne de 35 ans, m\u00e8re de l&rsquo;enfant visible dans la vi&#8230;<\/p>\n","protected":false},"author":3163,"featured_media":241910,"comment_status":"open","ping_status":"open","sticky":false,"template":"","format":"standard","meta":{"footnotes":""},"categories":[44],"tags":[3826,2731,2608,3825,3827],"class_list":["post-220232","post","type-post","status-publish","format-standard","has-post-thumbnail","hentry","category-national","tag-ministere","tag-sante","tag-tunisie","tag-video","tag-virale"],"yoast_head":"<!-- This site is optimized with the Yoast SEO Premium plugin v27.5 (Yoast SEO v27.5) - https:\/\/yoast.com\/product\/yoast-seo-premium-wordpress\/ -->\n<title>Tunisie : Le minist\u00e8re de la Sant\u00e9 r\u00e9agit \u00e0 une vid\u00e9o virale<\/title>\n<meta name=\"description\" content=\"Le minist\u00e8re a pr\u00e9cis\u00e9 que l&#039;enregistrement de la vid\u00e9o remonte \u00e0 la nuit du 27 au 28 f\u00e9vrier 2025. Une citoyenne de 35 ans, m\u00e8re de l&#039;enfant visible dans la vi...\" \/>\n<link rel=\"canonical\" href=\"https:\/\/www.webdo.tn\/fr\/actualite\/national\/tunisie-le-ministere-de-la-sante-reagit-a-une-video-virale\/220232\/\" \/>\n<meta property=\"og:locale\" content=\"fr_FR\" \/>\n<meta property=\"og:type\" content=\"article\" \/>\n<meta property=\"og:title\" content=\"Tunisie : Le minist\u00e8re de la Sant\u00e9 r\u00e9agit \u00e0 une vid\u00e9o virale\" \/>\n<meta property=\"og:description\" content=\"Le minist\u00e8re a pr\u00e9cis\u00e9 que l&#039;enregistrement de la vid\u00e9o remonte \u00e0 la nuit du 27 au 28 f\u00e9vrier 2025. Une citoyenne de 35 ans, m\u00e8re de l&#039;enfant visible dans la vi...\" \/>\n<meta property=\"og:url\" content=\"https:\/\/www.webdo.tn\/fr\/actualite\/national\/tunisie-le-ministere-de-la-sante-reagit-a-une-video-virale\/220232\/\" \/>\n<meta property=\"og:site_name\" content=\"webdo\" \/>\n<meta property=\"article:publisher\" content=\"https:\/\/www.facebook.com\/webdotn\" \/>\n<meta property=\"article:published_time\" content=\"2025-03-02T09:42:00+00:00\" \/>\n<meta property=\"article:modified_time\" content=\"2025-05-20T22:19:35+00:00\" \/>\n<meta property=\"og:image\" content=\"https:\/\/www.webdo.tn\/fr\/wp-content\/uploads\/2025\/05\/a0200f13f6932fac0edb8b1561ab6a8c-3.webp\" \/>\n\t<meta property=\"og:image:width\" content=\"630\" \/>\n\t<meta property=\"og:image:height\" content=\"336\" \/>\n\t<meta property=\"og:image:type\" content=\"image\/webp\" \/>\n<meta name=\"author\" content=\"KJ\" \/>\n<meta name=\"twitter:card\" content=\"summary_large_image\" \/>\n<meta name=\"twitter:creator\" content=\"@webdo_tn\" \/>\n<meta name=\"twitter:site\" content=\"@webdo_tn\" \/>\n<meta name=\"twitter:label1\" content=\"\u00c9crit par\" \/>\n\t<meta name=\"twitter:data1\" content=\"KJ\" \/>\n\t<meta name=\"twitter:label2\" content=\"Dur\u00e9e de lecture estim\u00e9e\" \/>\n\t<meta name=\"twitter:data2\" content=\"2 minutes\" \/>\n<script type=\"application\/ld+json\" class=\"yoast-schema-graph\">{\"@context\":\"https:\\\/\\\/schema.org\",\"@graph\":[{\"@type\":\"NewsArticle\",\"@id\":\"https:\\\/\\\/www.webdo.tn\\\/fr\\\/actualite\\\/national\\\/tunisie-le-ministere-de-la-sante-reagit-a-une-video-virale\\\/220232\\\/#article\",\"isPartOf\":{\"@id\":\"https:\\\/\\\/www.webdo.tn\\\/fr\\\/actualite\\\/national\\\/tunisie-le-ministere-de-la-sante-reagit-a-une-video-virale\\\/220232\\\/\"},\"author\":{\"name\":\"KJ\",\"@id\":\"https:\\\/\\\/www.webdo.tn\\\/fr\\\/#\\\/schema\\\/person\\\/82ca085b22037d285e1a3c4b65ba5f71\"},\"headline\":\"Tunisie : Le minist\u00e8re de la Sant\u00e9 r\u00e9agit \u00e0 une vid\u00e9o virale\",\"datePublished\":\"2025-03-02T09:42:00+00:00\",\"dateModified\":\"2025-05-20T22:19:35+00:00\",\"mainEntityOfPage\":{\"@id\":\"https:\\\/\\\/www.webdo.tn\\\/fr\\\/actualite\\\/national\\\/tunisie-le-ministere-de-la-sante-reagit-a-une-video-virale\\\/220232\\\/\"},\"wordCount\":415,\"commentCount\":0,\"publisher\":{\"@id\":\"https:\\\/\\\/www.webdo.tn\\\/fr\\\/#organization\"},\"image\":{\"@id\":\"https:\\\/\\\/www.webdo.tn\\\/fr\\\/actualite\\\/national\\\/tunisie-le-ministere-de-la-sante-reagit-a-une-video-virale\\\/220232\\\/#primaryimage\"},\"thumbnailUrl\":\"https:\\\/\\\/www.webdo.tn\\\/fr\\\/wp-content\\\/uploads\\\/2025\\\/05\\\/a0200f13f6932fac0edb8b1561ab6a8c-3.webp\",\"keywords\":[\"minist\u00e8re\",\"Sant\u00e9\",\"Tunisie\",\"Vid\u00e9o\",\"virale\"],\"articleSection\":[\"National\"],\"inLanguage\":\"fr-FR\"},{\"@type\":\"WebPage\",\"@id\":\"https:\\\/\\\/www.webdo.tn\\\/fr\\\/actualite\\\/national\\\/tunisie-le-ministere-de-la-sante-reagit-a-une-video-virale\\\/220232\\\/\",\"url\":\"https:\\\/\\\/www.webdo.tn\\\/fr\\\/actualite\\\/national\\\/tunisie-le-ministere-de-la-sante-reagit-a-une-video-virale\\\/220232\\\/\",\"name\":\"Tunisie : Le minist\u00e8re de la Sant\u00e9 r\u00e9agit \u00e0 une vid\u00e9o virale\",\"isPartOf\":{\"@id\":\"https:\\\/\\\/www.webdo.tn\\\/fr\\\/#website\"},\"primaryImageOfPage\":{\"@id\":\"https:\\\/\\\/www.webdo.tn\\\/fr\\\/actualite\\\/national\\\/tunisie-le-ministere-de-la-sante-reagit-a-une-video-virale\\\/220232\\\/#primaryimage\"},\"image\":{\"@id\":\"https:\\\/\\\/www.webdo.tn\\\/fr\\\/actualite\\\/national\\\/tunisie-le-ministere-de-la-sante-reagit-a-une-video-virale\\\/220232\\\/#primaryimage\"},\"thumbnailUrl\":\"https:\\\/\\\/www.webdo.tn\\\/fr\\\/wp-content\\\/uploads\\\/2025\\\/05\\\/a0200f13f6932fac0edb8b1561ab6a8c-3.webp\",\"datePublished\":\"2025-03-02T09:42:00+00:00\",\"dateModified\":\"2025-05-20T22:19:35+00:00\",\"description\":\"Le minist\u00e8re a pr\u00e9cis\u00e9 que l'enregistrement de la vid\u00e9o remonte \u00e0 la nuit du 27 au 28 f\u00e9vrier 2025. Une citoyenne de 35 ans, m\u00e8re de l'enfant visible dans la vi...\",\"breadcrumb\":{\"@id\":\"https:\\\/\\\/www.webdo.tn\\\/fr\\\/actualite\\\/national\\\/tunisie-le-ministere-de-la-sante-reagit-a-une-video-virale\\\/220232\\\/#breadcrumb\"},\"inLanguage\":\"fr-FR\",\"potentialAction\":[{\"@type\":\"ReadAction\",\"target\":[\"https:\\\/\\\/www.webdo.tn\\\/fr\\\/actualite\\\/national\\\/tunisie-le-ministere-de-la-sante-reagit-a-une-video-virale\\\/220232\\\/\"]}]},{\"@type\":\"ImageObject\",\"inLanguage\":\"fr-FR\",\"@id\":\"https:\\\/\\\/www.webdo.tn\\\/fr\\\/actualite\\\/national\\\/tunisie-le-ministere-de-la-sante-reagit-a-une-video-virale\\\/220232\\\/#primaryimage\",\"url\":\"https:\\\/\\\/www.webdo.tn\\\/fr\\\/wp-content\\\/uploads\\\/2025\\\/05\\\/a0200f13f6932fac0edb8b1561ab6a8c-3.webp\",\"contentUrl\":\"https:\\\/\\\/www.webdo.tn\\\/fr\\\/wp-content\\\/uploads\\\/2025\\\/05\\\/a0200f13f6932fac0edb8b1561ab6a8c-3.webp\",\"width\":630,\"height\":336},{\"@type\":\"BreadcrumbList\",\"@id\":\"https:\\\/\\\/www.webdo.tn\\\/fr\\\/actualite\\\/national\\\/tunisie-le-ministere-de-la-sante-reagit-a-une-video-virale\\\/220232\\\/#breadcrumb\",\"itemListElement\":[{\"@type\":\"ListItem\",\"position\":1,\"name\":\"Accueil\",\"item\":\"https:\\\/\\\/www.webdo.tn\\\/fr\\\/\"},{\"@type\":\"ListItem\",\"position\":2,\"name\":\"Tunisie : Le minist\u00e8re de la Sant\u00e9 r\u00e9agit \u00e0 une vid\u00e9o virale\"}]},{\"@type\":\"WebSite\",\"@id\":\"https:\\\/\\\/www.webdo.tn\\\/fr\\\/#website\",\"url\":\"https:\\\/\\\/www.webdo.tn\\\/fr\\\/\",\"name\":\"webdo\",\"description\":\"Tunisie - News en Tunisie et \u00e0 l&#039;international sur Webdo.tn\",\"publisher\":{\"@id\":\"https:\\\/\\\/www.webdo.tn\\\/fr\\\/#organization\"},\"potentialAction\":[{\"@type\":\"SearchAction\",\"target\":{\"@type\":\"EntryPoint\",\"urlTemplate\":\"https:\\\/\\\/www.webdo.tn\\\/fr\\\/?s={search_term_string}\"},\"query-input\":{\"@type\":\"PropertyValueSpecification\",\"valueRequired\":true,\"valueName\":\"search_term_string\"}}],\"inLanguage\":\"fr-FR\"},{\"@type\":\"Organization\",\"@id\":\"https:\\\/\\\/www.webdo.tn\\\/fr\\\/#organization\",\"name\":\"Webdo\",\"alternateName\":\"Webdo.tn\",\"url\":\"https:\\\/\\\/www.webdo.tn\\\/fr\\\/\",\"logo\":{\"@type\":\"ImageObject\",\"inLanguage\":\"fr-FR\",\"@id\":\"https:\\\/\\\/www.webdo.tn\\\/fr\\\/#\\\/schema\\\/logo\\\/image\\\/\",\"url\":\"https:\\\/\\\/www.webdo.tn\\\/fr\\\/wp-content\\\/uploads\\\/2025\\\/06\\\/Webdo-Tunisie_168377.jpg\",\"contentUrl\":\"https:\\\/\\\/www.webdo.tn\\\/fr\\\/wp-content\\\/uploads\\\/2025\\\/06\\\/Webdo-Tunisie_168377.jpg\",\"width\":301,\"height\":301,\"caption\":\"Webdo\"},\"image\":{\"@id\":\"https:\\\/\\\/www.webdo.tn\\\/fr\\\/#\\\/schema\\\/logo\\\/image\\\/\"},\"sameAs\":[\"https:\\\/\\\/www.facebook.com\\\/webdotn\",\"https:\\\/\\\/x.com\\\/webdo_tn\"],\"description\":\"Webdo est un m\u00e9dia num\u00e9rique tunisien fond\u00e9 en 2010, sp\u00e9cialis\u00e9 dans l\u2019actualit\u00e9 nationale et internationale, l\u2019\u00e9conomie, la soci\u00e9t\u00e9 et les analyses politiques. Le site s\u2019adresse \u00e0 un large public francophone et couvre l\u2019information tunisienne en temps r\u00e9el.\",\"email\":\"redac@webdo.tn\",\"legalName\":\"YNJ SARL\",\"foundingDate\":\"2010-09-06\",\"numberOfEmployees\":{\"@type\":\"QuantitativeValue\",\"minValue\":\"11\",\"maxValue\":\"50\"}},{\"@type\":\"Person\",\"@id\":\"https:\\\/\\\/www.webdo.tn\\\/fr\\\/#\\\/schema\\\/person\\\/82ca085b22037d285e1a3c4b65ba5f71\",\"name\":\"KJ\",\"image\":{\"@type\":\"ImageObject\",\"inLanguage\":\"fr-FR\",\"@id\":\"https:\\\/\\\/secure.gravatar.com\\\/avatar\\\/1a1320de1c1971c893f00068f760b4113d69504aa21273da17ee95650c5944fd?s=96&d=mm&r=g\",\"url\":\"https:\\\/\\\/secure.gravatar.com\\\/avatar\\\/1a1320de1c1971c893f00068f760b4113d69504aa21273da17ee95650c5944fd?s=96&d=mm&r=g\",\"contentUrl\":\"https:\\\/\\\/secure.gravatar.com\\\/avatar\\\/1a1320de1c1971c893f00068f760b4113d69504aa21273da17ee95650c5944fd?s=96&d=mm&r=g\",\"caption\":\"KJ\"},\"url\":\"https:\\\/\\\/www.webdo.tn\\\/fr\\\/actualite\\\/author\\\/kj\\\/\"}]}<\/script>\n<!-- \/ Yoast SEO Premium plugin. -->","yoast_head_json":{"title":"Tunisie : Le minist\u00e8re de la Sant\u00e9 r\u00e9agit \u00e0 une vid\u00e9o virale","description":"Le minist\u00e8re a pr\u00e9cis\u00e9 que l'enregistrement de la vid\u00e9o remonte \u00e0 la nuit du 27 au 28 f\u00e9vrier 2025. Une citoyenne de 35 ans, m\u00e8re de l'enfant visible dans la vi...","canonical":"https:\/\/www.webdo.tn\/fr\/actualite\/national\/tunisie-le-ministere-de-la-sante-reagit-a-une-video-virale\/220232\/","og_locale":"fr_FR","og_type":"article","og_title":"Tunisie : Le minist\u00e8re de la Sant\u00e9 r\u00e9agit \u00e0 une vid\u00e9o virale","og_description":"Le minist\u00e8re a pr\u00e9cis\u00e9 que l'enregistrement de la vid\u00e9o remonte \u00e0 la nuit du 27 au 28 f\u00e9vrier 2025. Une citoyenne de 35 ans, m\u00e8re de l'enfant visible dans la vi...","og_url":"https:\/\/www.webdo.tn\/fr\/actualite\/national\/tunisie-le-ministere-de-la-sante-reagit-a-une-video-virale\/220232\/","og_site_name":"webdo","article_publisher":"https:\/\/www.facebook.com\/webdotn","article_published_time":"2025-03-02T09:42:00+00:00","article_modified_time":"2025-05-20T22:19:35+00:00","og_image":[{"width":630,"height":336,"url":"https:\/\/www.webdo.tn\/fr\/wp-content\/uploads\/2025\/05\/a0200f13f6932fac0edb8b1561ab6a8c-3.webp","type":"image\/webp"}],"author":"KJ","twitter_card":"summary_large_image","twitter_creator":"@webdo_tn","twitter_site":"@webdo_tn","twitter_misc":{"\u00c9crit par":"KJ","Dur\u00e9e de lecture estim\u00e9e":"2 minutes"},"schema":{"@context":"https:\/\/schema.org","@graph":[{"@type":"NewsArticle","@id":"https:\/\/www.webdo.tn\/fr\/actualite\/national\/tunisie-le-ministere-de-la-sante-reagit-a-une-video-virale\/220232\/#article","isPartOf":{"@id":"https:\/\/www.webdo.tn\/fr\/actualite\/national\/tunisie-le-ministere-de-la-sante-reagit-a-une-video-virale\/220232\/"},"author":{"name":"KJ","@id":"https:\/\/www.webdo.tn\/fr\/#\/schema\/person\/82ca085b22037d285e1a3c4b65ba5f71"},"headline":"Tunisie : Le minist\u00e8re de la Sant\u00e9 r\u00e9agit \u00e0 une vid\u00e9o virale","datePublished":"2025-03-02T09:42:00+00:00","dateModified":"2025-05-20T22:19:35+00:00","mainEntityOfPage":{"@id":"https:\/\/www.webdo.tn\/fr\/actualite\/national\/tunisie-le-ministere-de-la-sante-reagit-a-une-video-virale\/220232\/"},"wordCount":415,"commentCount":0,"publisher":{"@id":"https:\/\/www.webdo.tn\/fr\/#organization"},"image":{"@id":"https:\/\/www.webdo.tn\/fr\/actualite\/national\/tunisie-le-ministere-de-la-sante-reagit-a-une-video-virale\/220232\/#primaryimage"},"thumbnailUrl":"https:\/\/www.webdo.tn\/fr\/wp-content\/uploads\/2025\/05\/a0200f13f6932fac0edb8b1561ab6a8c-3.webp","keywords":["minist\u00e8re","Sant\u00e9","Tunisie","Vid\u00e9o","virale"],"articleSection":["National"],"inLanguage":"fr-FR"},{"@type":"WebPage","@id":"https:\/\/www.webdo.tn\/fr\/actualite\/national\/tunisie-le-ministere-de-la-sante-reagit-a-une-video-virale\/220232\/","url":"https:\/\/www.webdo.tn\/fr\/actualite\/national\/tunisie-le-ministere-de-la-sante-reagit-a-une-video-virale\/220232\/","name":"Tunisie : Le minist\u00e8re de la Sant\u00e9 r\u00e9agit \u00e0 une vid\u00e9o virale","isPartOf":{"@id":"https:\/\/www.webdo.tn\/fr\/#website"},"primaryImageOfPage":{"@id":"https:\/\/www.webdo.tn\/fr\/actualite\/national\/tunisie-le-ministere-de-la-sante-reagit-a-une-video-virale\/220232\/#primaryimage"},"image":{"@id":"https:\/\/www.webdo.tn\/fr\/actualite\/national\/tunisie-le-ministere-de-la-sante-reagit-a-une-video-virale\/220232\/#primaryimage"},"thumbnailUrl":"https:\/\/www.webdo.tn\/fr\/wp-content\/uploads\/2025\/05\/a0200f13f6932fac0edb8b1561ab6a8c-3.webp","datePublished":"2025-03-02T09:42:00+00:00","dateModified":"2025-05-20T22:19:35+00:00","description":"Le minist\u00e8re a pr\u00e9cis\u00e9 que l'enregistrement de la vid\u00e9o remonte \u00e0 la nuit du 27 au 28 f\u00e9vrier 2025. Une citoyenne de 35 ans, m\u00e8re de l'enfant visible dans la vi...","breadcrumb":{"@id":"https:\/\/www.webdo.tn\/fr\/actualite\/national\/tunisie-le-ministere-de-la-sante-reagit-a-une-video-virale\/220232\/#breadcrumb"},"inLanguage":"fr-FR","potentialAction":[{"@type":"ReadAction","target":["https:\/\/www.webdo.tn\/fr\/actualite\/national\/tunisie-le-ministere-de-la-sante-reagit-a-une-video-virale\/220232\/"]}]},{"@type":"ImageObject","inLanguage":"fr-FR","@id":"https:\/\/www.webdo.tn\/fr\/actualite\/national\/tunisie-le-ministere-de-la-sante-reagit-a-une-video-virale\/220232\/#primaryimage","url":"https:\/\/www.webdo.tn\/fr\/wp-content\/uploads\/2025\/05\/a0200f13f6932fac0edb8b1561ab6a8c-3.webp","contentUrl":"https:\/\/www.webdo.tn\/fr\/wp-content\/uploads\/2025\/05\/a0200f13f6932fac0edb8b1561ab6a8c-3.webp","width":630,"height":336},{"@type":"BreadcrumbList","@id":"https:\/\/www.webdo.tn\/fr\/actualite\/national\/tunisie-le-ministere-de-la-sante-reagit-a-une-video-virale\/220232\/#breadcrumb","itemListElement":[{"@type":"ListItem","position":1,"name":"Accueil","item":"https:\/\/www.webdo.tn\/fr\/"},{"@type":"ListItem","position":2,"name":"Tunisie : Le minist\u00e8re de la Sant\u00e9 r\u00e9agit \u00e0 une vid\u00e9o virale"}]},{"@type":"WebSite","@id":"https:\/\/www.webdo.tn\/fr\/#website","url":"https:\/\/www.webdo.tn\/fr\/","name":"webdo","description":"Tunisie - News en Tunisie et \u00e0 l&#039;international sur Webdo.tn","publisher":{"@id":"https:\/\/www.webdo.tn\/fr\/#organization"},"potentialAction":[{"@type":"SearchAction","target":{"@type":"EntryPoint","urlTemplate":"https:\/\/www.webdo.tn\/fr\/?s={search_term_string}"},"query-input":{"@type":"PropertyValueSpecification","valueRequired":true,"valueName":"search_term_string"}}],"inLanguage":"fr-FR"},{"@type":"Organization","@id":"https:\/\/www.webdo.tn\/fr\/#organization","name":"Webdo","alternateName":"Webdo.tn","url":"https:\/\/www.webdo.tn\/fr\/","logo":{"@type":"ImageObject","inLanguage":"fr-FR","@id":"https:\/\/www.webdo.tn\/fr\/#\/schema\/logo\/image\/","url":"https:\/\/www.webdo.tn\/fr\/wp-content\/uploads\/2025\/06\/Webdo-Tunisie_168377.jpg","contentUrl":"https:\/\/www.webdo.tn\/fr\/wp-content\/uploads\/2025\/06\/Webdo-Tunisie_168377.jpg","width":301,"height":301,"caption":"Webdo"},"image":{"@id":"https:\/\/www.webdo.tn\/fr\/#\/schema\/logo\/image\/"},"sameAs":["https:\/\/www.facebook.com\/webdotn","https:\/\/x.com\/webdo_tn"],"description":"Webdo est un m\u00e9dia num\u00e9rique tunisien fond\u00e9 en 2010, sp\u00e9cialis\u00e9 dans l\u2019actualit\u00e9 nationale et internationale, l\u2019\u00e9conomie, la soci\u00e9t\u00e9 et les analyses politiques. Le site s\u2019adresse \u00e0 un large public francophone et couvre l\u2019information tunisienne en temps r\u00e9el.","email":"redac@webdo.tn","legalName":"YNJ SARL","foundingDate":"2010-09-06","numberOfEmployees":{"@type":"QuantitativeValue","minValue":"11","maxValue":"50"}},{"@type":"Person","@id":"https:\/\/www.webdo.tn\/fr\/#\/schema\/person\/82ca085b22037d285e1a3c4b65ba5f71","name":"KJ","image":{"@type":"ImageObject","inLanguage":"fr-FR","@id":"https:\/\/secure.gravatar.com\/avatar\/1a1320de1c1971c893f00068f760b4113d69504aa21273da17ee95650c5944fd?s=96&d=mm&r=g","url":"https:\/\/secure.gravatar.com\/avatar\/1a1320de1c1971c893f00068f760b4113d69504aa21273da17ee95650c5944fd?s=96&d=mm&r=g","contentUrl":"https:\/\/secure.gravatar.com\/avatar\/1a1320de1c1971c893f00068f760b4113d69504aa21273da17ee95650c5944fd?s=96&d=mm&r=g","caption":"KJ"},"url":"https:\/\/www.webdo.tn\/fr\/actualite\/author\/kj\/"}]}},"_links":{"self":[{"href":"https:\/\/www.webdo.tn\/fr\/wp-json\/wp\/v2\/posts\/220232","targetHints":{"allow":["GET"]}}],"collection":[{"href":"https:\/\/www.webdo.tn\/fr\/wp-json\/wp\/v2\/posts"}],"about":[{"href":"https:\/\/www.webdo.tn\/fr\/wp-json\/wp\/v2\/types\/post"}],"author":[{"embeddable":true,"href":"https:\/\/www.webdo.tn\/fr\/wp-json\/wp\/v2\/users\/3163"}],"replies":[{"embeddable":true,"href":"https:\/\/www.webdo.tn\/fr\/wp-json\/wp\/v2\/comments?post=220232"}],"version-history":[{"count":0,"href":"https:\/\/www.webdo.tn\/fr\/wp-json\/wp\/v2\/posts\/220232\/revisions"}],"wp:featuredmedia":[{"embeddable":true,"href":"https:\/\/www.webdo.tn\/fr\/wp-json\/wp\/v2\/media\/241910"}],"wp:attachment":[{"href":"https:\/\/www.webdo.tn\/fr\/wp-json\/wp\/v2\/media?parent=220232"}],"wp:term":[{"taxonomy":"category","embeddable":true,"href":"https:\/\/www.webdo.tn\/fr\/wp-json\/wp\/v2\/categories?post=220232"},{"taxonomy":"post_tag","embeddable":true,"href":"https:\/\/www.webdo.tn\/fr\/wp-json\/wp\/v2\/tags?post=220232"}],"curies":[{"name":"wp","href":"https:\/\/api.w.org\/{rel}","templated":true}]}}