{"id":220229,"date":"2025-03-01T16:36:00","date_gmt":"2025-03-01T16:36:00","guid":{"rendered":"https:\/\/www.webdo.tn\/fr\/blog\/2025\/03\/01\/stefano-sannino-a-tunis-54m-eur-sur-la-table-pour-booster-le-partenariat-tunisie-ue\/"},"modified":"2025-05-17T20:10:12","modified_gmt":"2025-05-17T20:10:12","slug":"stefano-sannino-a-tunis-54m-eur-sur-la-table-pour-booster-le-partenariat-tunisie-ue","status":"publish","type":"post","link":"https:\/\/www.webdo.tn\/fr\/actualite\/national\/stefano-sannino-a-tunis-54m-eur-sur-la-table-pour-booster-le-partenariat-tunisie-ue\/220229\/","title":{"rendered":"Stefano Sannino \u00e0 Tunis : 54M EUR sur la table pour booster le partenariat Tunisie-UE"},"content":{"rendered":"<p>Tout juste nomm\u00e9 \u00e0 la t\u00eate de la Direction g\u00e9n\u00e9rale du Moyen-Orient, de l\u2019Afrique du Nord et du Golfe (DG MENA), Stefano Sannino a pos\u00e9 ses valises \u00e0 Tunis du 26 au 28 f\u00e9vrier 2025, avec un objectif clair : donner un coup d\u2019acc\u00e9l\u00e9rateur au partenariat Tunisie-UE. Au programme, des rencontres avec les principaux ministres tunisiens, discussions strat\u00e9giques et, surtout, l\u2019annonce de fonds europ\u00e9ens.<\/p>\n<p>\t\t\t\t\t\t\t\t\tL\u2019Union europ\u00e9enne, qui souhaite renforcer son engagement, a mis sur la table 54 millions d\u2019euros. Un coup de pouce financier destin\u00e9 \u00e0 la transition \u00e9cologique et \u00e0 la gouvernance \u00e9conomique, deux chantiers majeurs pour la Tunisie. Un geste qui traduit la volont\u00e9 europ\u00e9enne d\u2019accompagner les r\u00e9formes du pays.<\/p>\n<p>Par ailleurs, la visite de Sannino a marqu\u00e9 le lancement des consultations sur le Pacte pour la M\u00e9diterran\u00e9e, que Bruxelles esp\u00e8re finaliser d\u2019ici fin 2025. Un cadre cens\u00e9 r\u00e9pondre aux d\u00e9fis communs de la r\u00e9gion et ouvrir la porte \u00e0 de nouvelles opportunit\u00e9s \u00e9conomiques.<\/p>\n<p>Autre sujet d\u2019importance : la pr\u00e9paration du Conseil d\u2019Association UE-Tunisie, qui devrait se tenir dans les prochains mois. Un rendez-vous symbolique, puisqu\u2019il co\u00efncide avec les 30 ans de l\u2019Accord d\u2019Association entre les deux partenaires.<\/p>\n<p>En somme, cette visite s\u2019inscrit dans une dynamique de consolidation des relations tuniso-europ\u00e9ennes. Entre soutien financier et discussions strat\u00e9giques, l\u2019UE et la Tunisie affichent une volont\u00e9 commune d\u2019aller de l\u2019avant, dans un esprit de coop\u00e9ration et de respect mutuel.<\/p>\n","protected":false},"excerpt":{"rendered":"<p>Stefano Sannino, Directeur g\u00e9n\u00e9ral du DG MENA, en visite \u00e0 Tunis pour renforcer le partenariat Tunisie-UE. Un soutien financier de 54M EUR annonc\u00e9 pour la trans&#8230;<\/p>\n","protected":false},"author":3203,"featured_media":241912,"comment_status":"open","ping_status":"open","sticky":false,"template":"","format":"standard","meta":{"footnotes":""},"categories":[44],"tags":[2732,2608,3828],"class_list":["post-220229","post","type-post","status-publish","format-standard","has-post-thumbnail","hentry","category-national","tag-cooperation","tag-tunisie","tag-unioneuropeenne"],"yoast_head":"<!-- This site is optimized with the Yoast SEO Premium plugin v27.5 (Yoast SEO v27.5) - https:\/\/yoast.com\/product\/yoast-seo-premium-wordpress\/ -->\n<title>Stefano Sannino \u00e0 Tunis : 54M EUR sur la table pour booster le partenariat Tunisie-UE<\/title>\n<meta name=\"description\" content=\"Stefano Sannino, Directeur g\u00e9n\u00e9ral du DG MENA, en visite \u00e0 Tunis pour renforcer le partenariat Tunisie-UE. Un soutien financier de 54M EUR annonc\u00e9 pour la trans...\" \/>\n<link rel=\"canonical\" href=\"https:\/\/www.webdo.tn\/fr\/actualite\/national\/stefano-sannino-a-tunis-54m-eur-sur-la-table-pour-booster-le-partenariat-tunisie-ue\/220229\/\" \/>\n<meta property=\"og:locale\" content=\"fr_FR\" \/>\n<meta property=\"og:type\" content=\"article\" \/>\n<meta property=\"og:title\" content=\"Stefano Sannino \u00e0 Tunis : 54M EUR sur la table pour booster le partenariat Tunisie-UE\" \/>\n<meta property=\"og:description\" content=\"Stefano Sannino, Directeur g\u00e9n\u00e9ral du DG MENA, en visite \u00e0 Tunis pour renforcer le partenariat Tunisie-UE. Un soutien financier de 54M EUR annonc\u00e9 pour la trans...\" \/>\n<meta property=\"og:url\" content=\"https:\/\/www.webdo.tn\/fr\/actualite\/national\/stefano-sannino-a-tunis-54m-eur-sur-la-table-pour-booster-le-partenariat-tunisie-ue\/220229\/\" \/>\n<meta property=\"og:site_name\" content=\"webdo\" \/>\n<meta property=\"article:publisher\" content=\"https:\/\/www.facebook.com\/webdotn\" \/>\n<meta property=\"article:published_time\" content=\"2025-03-01T16:36:00+00:00\" \/>\n<meta property=\"article:modified_time\" content=\"2025-05-17T20:10:12+00:00\" \/>\n<meta property=\"og:image\" content=\"https:\/\/www.webdo.tn\/fr\/wp-content\/uploads\/2025\/05\/ca52103c5cc8a71758dad93aaf968a4c-3.webp\" \/>\n\t<meta property=\"og:image:width\" content=\"750\" \/>\n\t<meta property=\"og:image:height\" content=\"400\" \/>\n\t<meta property=\"og:image:type\" content=\"image\/webp\" \/>\n<meta name=\"author\" content=\"Ramzi Haddad\" \/>\n<meta name=\"twitter:card\" content=\"summary_large_image\" \/>\n<meta name=\"twitter:creator\" content=\"@webdo_tn\" \/>\n<meta name=\"twitter:site\" content=\"@webdo_tn\" \/>\n<meta name=\"twitter:label1\" content=\"\u00c9crit par\" \/>\n\t<meta name=\"twitter:data1\" content=\"Ramzi Haddad\" \/>\n\t<meta name=\"twitter:label2\" content=\"Dur\u00e9e de lecture estim\u00e9e\" \/>\n\t<meta name=\"twitter:data2\" content=\"1 minute\" \/>\n<script type=\"application\/ld+json\" class=\"yoast-schema-graph\">{\"@context\":\"https:\\\/\\\/schema.org\",\"@graph\":[{\"@type\":\"NewsArticle\",\"@id\":\"https:\\\/\\\/www.webdo.tn\\\/fr\\\/actualite\\\/national\\\/stefano-sannino-a-tunis-54m-eur-sur-la-table-pour-booster-le-partenariat-tunisie-ue\\\/220229\\\/#article\",\"isPartOf\":{\"@id\":\"https:\\\/\\\/www.webdo.tn\\\/fr\\\/actualite\\\/national\\\/stefano-sannino-a-tunis-54m-eur-sur-la-table-pour-booster-le-partenariat-tunisie-ue\\\/220229\\\/\"},\"author\":{\"name\":\"Ramzi Haddad\",\"@id\":\"https:\\\/\\\/www.webdo.tn\\\/fr\\\/#\\\/schema\\\/person\\\/5663044c25eb36d8f88ba5b653f12f8c\"},\"headline\":\"Stefano Sannino \u00e0 Tunis : 54M EUR sur la table pour booster le partenariat Tunisie-UE\",\"datePublished\":\"2025-03-01T16:36:00+00:00\",\"dateModified\":\"2025-05-17T20:10:12+00:00\",\"mainEntityOfPage\":{\"@id\":\"https:\\\/\\\/www.webdo.tn\\\/fr\\\/actualite\\\/national\\\/stefano-sannino-a-tunis-54m-eur-sur-la-table-pour-booster-le-partenariat-tunisie-ue\\\/220229\\\/\"},\"wordCount\":268,\"commentCount\":0,\"publisher\":{\"@id\":\"https:\\\/\\\/www.webdo.tn\\\/fr\\\/#organization\"},\"image\":{\"@id\":\"https:\\\/\\\/www.webdo.tn\\\/fr\\\/actualite\\\/national\\\/stefano-sannino-a-tunis-54m-eur-sur-la-table-pour-booster-le-partenariat-tunisie-ue\\\/220229\\\/#primaryimage\"},\"thumbnailUrl\":\"https:\\\/\\\/www.webdo.tn\\\/fr\\\/wp-content\\\/uploads\\\/2025\\\/05\\\/ca52103c5cc8a71758dad93aaf968a4c-3.webp\",\"keywords\":[\"coop\u00e9ration\",\"Tunisie\",\"UnionEurop\u00e9enne\"],\"articleSection\":[\"National\"],\"inLanguage\":\"fr-FR\"},{\"@type\":\"WebPage\",\"@id\":\"https:\\\/\\\/www.webdo.tn\\\/fr\\\/actualite\\\/national\\\/stefano-sannino-a-tunis-54m-eur-sur-la-table-pour-booster-le-partenariat-tunisie-ue\\\/220229\\\/\",\"url\":\"https:\\\/\\\/www.webdo.tn\\\/fr\\\/actualite\\\/national\\\/stefano-sannino-a-tunis-54m-eur-sur-la-table-pour-booster-le-partenariat-tunisie-ue\\\/220229\\\/\",\"name\":\"Stefano Sannino \u00e0 Tunis : 54M EUR sur la table pour booster le partenariat Tunisie-UE\",\"isPartOf\":{\"@id\":\"https:\\\/\\\/www.webdo.tn\\\/fr\\\/#website\"},\"primaryImageOfPage\":{\"@id\":\"https:\\\/\\\/www.webdo.tn\\\/fr\\\/actualite\\\/national\\\/stefano-sannino-a-tunis-54m-eur-sur-la-table-pour-booster-le-partenariat-tunisie-ue\\\/220229\\\/#primaryimage\"},\"image\":{\"@id\":\"https:\\\/\\\/www.webdo.tn\\\/fr\\\/actualite\\\/national\\\/stefano-sannino-a-tunis-54m-eur-sur-la-table-pour-booster-le-partenariat-tunisie-ue\\\/220229\\\/#primaryimage\"},\"thumbnailUrl\":\"https:\\\/\\\/www.webdo.tn\\\/fr\\\/wp-content\\\/uploads\\\/2025\\\/05\\\/ca52103c5cc8a71758dad93aaf968a4c-3.webp\",\"datePublished\":\"2025-03-01T16:36:00+00:00\",\"dateModified\":\"2025-05-17T20:10:12+00:00\",\"description\":\"Stefano Sannino, Directeur g\u00e9n\u00e9ral du DG MENA, en visite \u00e0 Tunis pour renforcer le partenariat Tunisie-UE. Un soutien financier de 54M EUR annonc\u00e9 pour la trans...\",\"breadcrumb\":{\"@id\":\"https:\\\/\\\/www.webdo.tn\\\/fr\\\/actualite\\\/national\\\/stefano-sannino-a-tunis-54m-eur-sur-la-table-pour-booster-le-partenariat-tunisie-ue\\\/220229\\\/#breadcrumb\"},\"inLanguage\":\"fr-FR\",\"potentialAction\":[{\"@type\":\"ReadAction\",\"target\":[\"https:\\\/\\\/www.webdo.tn\\\/fr\\\/actualite\\\/national\\\/stefano-sannino-a-tunis-54m-eur-sur-la-table-pour-booster-le-partenariat-tunisie-ue\\\/220229\\\/\"]}]},{\"@type\":\"ImageObject\",\"inLanguage\":\"fr-FR\",\"@id\":\"https:\\\/\\\/www.webdo.tn\\\/fr\\\/actualite\\\/national\\\/stefano-sannino-a-tunis-54m-eur-sur-la-table-pour-booster-le-partenariat-tunisie-ue\\\/220229\\\/#primaryimage\",\"url\":\"https:\\\/\\\/www.webdo.tn\\\/fr\\\/wp-content\\\/uploads\\\/2025\\\/05\\\/ca52103c5cc8a71758dad93aaf968a4c-3.webp\",\"contentUrl\":\"https:\\\/\\\/www.webdo.tn\\\/fr\\\/wp-content\\\/uploads\\\/2025\\\/05\\\/ca52103c5cc8a71758dad93aaf968a4c-3.webp\",\"width\":750,\"height\":400},{\"@type\":\"BreadcrumbList\",\"@id\":\"https:\\\/\\\/www.webdo.tn\\\/fr\\\/actualite\\\/national\\\/stefano-sannino-a-tunis-54m-eur-sur-la-table-pour-booster-le-partenariat-tunisie-ue\\\/220229\\\/#breadcrumb\",\"itemListElement\":[{\"@type\":\"ListItem\",\"position\":1,\"name\":\"Accueil\",\"item\":\"https:\\\/\\\/www.webdo.tn\\\/fr\\\/\"},{\"@type\":\"ListItem\",\"position\":2,\"name\":\"Stefano Sannino \u00e0 Tunis : 54M EUR sur la table pour booster le partenariat Tunisie-UE\"}]},{\"@type\":\"WebSite\",\"@id\":\"https:\\\/\\\/www.webdo.tn\\\/fr\\\/#website\",\"url\":\"https:\\\/\\\/www.webdo.tn\\\/fr\\\/\",\"name\":\"webdo\",\"description\":\"Tunisie - News en Tunisie et \u00e0 l&#039;international sur Webdo.tn\",\"publisher\":{\"@id\":\"https:\\\/\\\/www.webdo.tn\\\/fr\\\/#organization\"},\"potentialAction\":[{\"@type\":\"SearchAction\",\"target\":{\"@type\":\"EntryPoint\",\"urlTemplate\":\"https:\\\/\\\/www.webdo.tn\\\/fr\\\/?s={search_term_string}\"},\"query-input\":{\"@type\":\"PropertyValueSpecification\",\"valueRequired\":true,\"valueName\":\"search_term_string\"}}],\"inLanguage\":\"fr-FR\"},{\"@type\":\"Organization\",\"@id\":\"https:\\\/\\\/www.webdo.tn\\\/fr\\\/#organization\",\"name\":\"Webdo\",\"alternateName\":\"Webdo.tn\",\"url\":\"https:\\\/\\\/www.webdo.tn\\\/fr\\\/\",\"logo\":{\"@type\":\"ImageObject\",\"inLanguage\":\"fr-FR\",\"@id\":\"https:\\\/\\\/www.webdo.tn\\\/fr\\\/#\\\/schema\\\/logo\\\/image\\\/\",\"url\":\"https:\\\/\\\/www.webdo.tn\\\/fr\\\/wp-content\\\/uploads\\\/2025\\\/06\\\/Webdo-Tunisie_168377.jpg\",\"contentUrl\":\"https:\\\/\\\/www.webdo.tn\\\/fr\\\/wp-content\\\/uploads\\\/2025\\\/06\\\/Webdo-Tunisie_168377.jpg\",\"width\":301,\"height\":301,\"caption\":\"Webdo\"},\"image\":{\"@id\":\"https:\\\/\\\/www.webdo.tn\\\/fr\\\/#\\\/schema\\\/logo\\\/image\\\/\"},\"sameAs\":[\"https:\\\/\\\/www.facebook.com\\\/webdotn\",\"https:\\\/\\\/x.com\\\/webdo_tn\"],\"description\":\"Webdo est un m\u00e9dia num\u00e9rique tunisien fond\u00e9 en 2010, sp\u00e9cialis\u00e9 dans l\u2019actualit\u00e9 nationale et internationale, l\u2019\u00e9conomie, la soci\u00e9t\u00e9 et les analyses politiques. Le site s\u2019adresse \u00e0 un large public francophone et couvre l\u2019information tunisienne en temps r\u00e9el.\",\"email\":\"redac@webdo.tn\",\"legalName\":\"YNJ SARL\",\"foundingDate\":\"2010-09-06\",\"numberOfEmployees\":{\"@type\":\"QuantitativeValue\",\"minValue\":\"11\",\"maxValue\":\"50\"}},{\"@type\":\"Person\",\"@id\":\"https:\\\/\\\/www.webdo.tn\\\/fr\\\/#\\\/schema\\\/person\\\/5663044c25eb36d8f88ba5b653f12f8c\",\"name\":\"Ramzi Haddad\",\"image\":{\"@type\":\"ImageObject\",\"inLanguage\":\"fr-FR\",\"@id\":\"https:\\\/\\\/www.webdo.tn\\\/fr\\\/wp-content\\\/uploads\\\/2026\\\/04\\\/ramzi-haddad_avatar-96x96.jpg\",\"url\":\"https:\\\/\\\/www.webdo.tn\\\/fr\\\/wp-content\\\/uploads\\\/2026\\\/04\\\/ramzi-haddad_avatar-96x96.jpg\",\"contentUrl\":\"https:\\\/\\\/www.webdo.tn\\\/fr\\\/wp-content\\\/uploads\\\/2026\\\/04\\\/ramzi-haddad_avatar-96x96.jpg\",\"caption\":\"Ramzi Haddad\"},\"description\":\"Signature \u00e9ditoriale de Walid Ben Youssef Ramzi Haddad est le pseudonyme \u00e9ditorial de Walid Ben Youssef, fondateur et g\u00e9rant de Webdo.tn. Cette signature est d\u00e9di\u00e9e \u00e0 la couverture de l'actualit\u00e9 nationale et internationale, ainsi qu'aux analyses des dynamiques num\u00e9riques. Ce profil b\u00e9n\u00e9ficie de l'expertise de Walid Ben Youssef, pionnier du web en Tunisie depuis 2000 et dipl\u00f4m\u00e9 en Math\u00e9matiques pures de l'Universit\u00e9 d'Oregon. \u00c0 travers cette signature, la r\u00e9daction de Webdo garantit une information structur\u00e9e et v\u00e9rifi\u00e9e, fid\u00e8le aux standards journalistiques du m\u00e9dia.\",\"url\":\"https:\\\/\\\/www.webdo.tn\\\/fr\\\/actualite\\\/author\\\/ramzi-haddad\\\/\"}]}<\/script>\n<!-- \/ Yoast SEO Premium plugin. -->","yoast_head_json":{"title":"Stefano Sannino \u00e0 Tunis : 54M EUR sur la table pour booster le partenariat Tunisie-UE","description":"Stefano Sannino, Directeur g\u00e9n\u00e9ral du DG MENA, en visite \u00e0 Tunis pour renforcer le partenariat Tunisie-UE. Un soutien financier de 54M EUR annonc\u00e9 pour la trans...","canonical":"https:\/\/www.webdo.tn\/fr\/actualite\/national\/stefano-sannino-a-tunis-54m-eur-sur-la-table-pour-booster-le-partenariat-tunisie-ue\/220229\/","og_locale":"fr_FR","og_type":"article","og_title":"Stefano Sannino \u00e0 Tunis : 54M EUR sur la table pour booster le partenariat Tunisie-UE","og_description":"Stefano Sannino, Directeur g\u00e9n\u00e9ral du DG MENA, en visite \u00e0 Tunis pour renforcer le partenariat Tunisie-UE. Un soutien financier de 54M EUR annonc\u00e9 pour la trans...","og_url":"https:\/\/www.webdo.tn\/fr\/actualite\/national\/stefano-sannino-a-tunis-54m-eur-sur-la-table-pour-booster-le-partenariat-tunisie-ue\/220229\/","og_site_name":"webdo","article_publisher":"https:\/\/www.facebook.com\/webdotn","article_published_time":"2025-03-01T16:36:00+00:00","article_modified_time":"2025-05-17T20:10:12+00:00","og_image":[{"width":750,"height":400,"url":"https:\/\/www.webdo.tn\/fr\/wp-content\/uploads\/2025\/05\/ca52103c5cc8a71758dad93aaf968a4c-3.webp","type":"image\/webp"}],"author":"Ramzi Haddad","twitter_card":"summary_large_image","twitter_creator":"@webdo_tn","twitter_site":"@webdo_tn","twitter_misc":{"\u00c9crit par":"Ramzi Haddad","Dur\u00e9e de lecture estim\u00e9e":"1 minute"},"schema":{"@context":"https:\/\/schema.org","@graph":[{"@type":"NewsArticle","@id":"https:\/\/www.webdo.tn\/fr\/actualite\/national\/stefano-sannino-a-tunis-54m-eur-sur-la-table-pour-booster-le-partenariat-tunisie-ue\/220229\/#article","isPartOf":{"@id":"https:\/\/www.webdo.tn\/fr\/actualite\/national\/stefano-sannino-a-tunis-54m-eur-sur-la-table-pour-booster-le-partenariat-tunisie-ue\/220229\/"},"author":{"name":"Ramzi Haddad","@id":"https:\/\/www.webdo.tn\/fr\/#\/schema\/person\/5663044c25eb36d8f88ba5b653f12f8c"},"headline":"Stefano Sannino \u00e0 Tunis : 54M EUR sur la table pour booster le partenariat Tunisie-UE","datePublished":"2025-03-01T16:36:00+00:00","dateModified":"2025-05-17T20:10:12+00:00","mainEntityOfPage":{"@id":"https:\/\/www.webdo.tn\/fr\/actualite\/national\/stefano-sannino-a-tunis-54m-eur-sur-la-table-pour-booster-le-partenariat-tunisie-ue\/220229\/"},"wordCount":268,"commentCount":0,"publisher":{"@id":"https:\/\/www.webdo.tn\/fr\/#organization"},"image":{"@id":"https:\/\/www.webdo.tn\/fr\/actualite\/national\/stefano-sannino-a-tunis-54m-eur-sur-la-table-pour-booster-le-partenariat-tunisie-ue\/220229\/#primaryimage"},"thumbnailUrl":"https:\/\/www.webdo.tn\/fr\/wp-content\/uploads\/2025\/05\/ca52103c5cc8a71758dad93aaf968a4c-3.webp","keywords":["coop\u00e9ration","Tunisie","UnionEurop\u00e9enne"],"articleSection":["National"],"inLanguage":"fr-FR"},{"@type":"WebPage","@id":"https:\/\/www.webdo.tn\/fr\/actualite\/national\/stefano-sannino-a-tunis-54m-eur-sur-la-table-pour-booster-le-partenariat-tunisie-ue\/220229\/","url":"https:\/\/www.webdo.tn\/fr\/actualite\/national\/stefano-sannino-a-tunis-54m-eur-sur-la-table-pour-booster-le-partenariat-tunisie-ue\/220229\/","name":"Stefano Sannino \u00e0 Tunis : 54M EUR sur la table pour booster le partenariat Tunisie-UE","isPartOf":{"@id":"https:\/\/www.webdo.tn\/fr\/#website"},"primaryImageOfPage":{"@id":"https:\/\/www.webdo.tn\/fr\/actualite\/national\/stefano-sannino-a-tunis-54m-eur-sur-la-table-pour-booster-le-partenariat-tunisie-ue\/220229\/#primaryimage"},"image":{"@id":"https:\/\/www.webdo.tn\/fr\/actualite\/national\/stefano-sannino-a-tunis-54m-eur-sur-la-table-pour-booster-le-partenariat-tunisie-ue\/220229\/#primaryimage"},"thumbnailUrl":"https:\/\/www.webdo.tn\/fr\/wp-content\/uploads\/2025\/05\/ca52103c5cc8a71758dad93aaf968a4c-3.webp","datePublished":"2025-03-01T16:36:00+00:00","dateModified":"2025-05-17T20:10:12+00:00","description":"Stefano Sannino, Directeur g\u00e9n\u00e9ral du DG MENA, en visite \u00e0 Tunis pour renforcer le partenariat Tunisie-UE. Un soutien financier de 54M EUR annonc\u00e9 pour la trans...","breadcrumb":{"@id":"https:\/\/www.webdo.tn\/fr\/actualite\/national\/stefano-sannino-a-tunis-54m-eur-sur-la-table-pour-booster-le-partenariat-tunisie-ue\/220229\/#breadcrumb"},"inLanguage":"fr-FR","potentialAction":[{"@type":"ReadAction","target":["https:\/\/www.webdo.tn\/fr\/actualite\/national\/stefano-sannino-a-tunis-54m-eur-sur-la-table-pour-booster-le-partenariat-tunisie-ue\/220229\/"]}]},{"@type":"ImageObject","inLanguage":"fr-FR","@id":"https:\/\/www.webdo.tn\/fr\/actualite\/national\/stefano-sannino-a-tunis-54m-eur-sur-la-table-pour-booster-le-partenariat-tunisie-ue\/220229\/#primaryimage","url":"https:\/\/www.webdo.tn\/fr\/wp-content\/uploads\/2025\/05\/ca52103c5cc8a71758dad93aaf968a4c-3.webp","contentUrl":"https:\/\/www.webdo.tn\/fr\/wp-content\/uploads\/2025\/05\/ca52103c5cc8a71758dad93aaf968a4c-3.webp","width":750,"height":400},{"@type":"BreadcrumbList","@id":"https:\/\/www.webdo.tn\/fr\/actualite\/national\/stefano-sannino-a-tunis-54m-eur-sur-la-table-pour-booster-le-partenariat-tunisie-ue\/220229\/#breadcrumb","itemListElement":[{"@type":"ListItem","position":1,"name":"Accueil","item":"https:\/\/www.webdo.tn\/fr\/"},{"@type":"ListItem","position":2,"name":"Stefano Sannino \u00e0 Tunis : 54M EUR sur la table pour booster le partenariat Tunisie-UE"}]},{"@type":"WebSite","@id":"https:\/\/www.webdo.tn\/fr\/#website","url":"https:\/\/www.webdo.tn\/fr\/","name":"webdo","description":"Tunisie - News en Tunisie et \u00e0 l&#039;international sur Webdo.tn","publisher":{"@id":"https:\/\/www.webdo.tn\/fr\/#organization"},"potentialAction":[{"@type":"SearchAction","target":{"@type":"EntryPoint","urlTemplate":"https:\/\/www.webdo.tn\/fr\/?s={search_term_string}"},"query-input":{"@type":"PropertyValueSpecification","valueRequired":true,"valueName":"search_term_string"}}],"inLanguage":"fr-FR"},{"@type":"Organization","@id":"https:\/\/www.webdo.tn\/fr\/#organization","name":"Webdo","alternateName":"Webdo.tn","url":"https:\/\/www.webdo.tn\/fr\/","logo":{"@type":"ImageObject","inLanguage":"fr-FR","@id":"https:\/\/www.webdo.tn\/fr\/#\/schema\/logo\/image\/","url":"https:\/\/www.webdo.tn\/fr\/wp-content\/uploads\/2025\/06\/Webdo-Tunisie_168377.jpg","contentUrl":"https:\/\/www.webdo.tn\/fr\/wp-content\/uploads\/2025\/06\/Webdo-Tunisie_168377.jpg","width":301,"height":301,"caption":"Webdo"},"image":{"@id":"https:\/\/www.webdo.tn\/fr\/#\/schema\/logo\/image\/"},"sameAs":["https:\/\/www.facebook.com\/webdotn","https:\/\/x.com\/webdo_tn"],"description":"Webdo est un m\u00e9dia num\u00e9rique tunisien fond\u00e9 en 2010, sp\u00e9cialis\u00e9 dans l\u2019actualit\u00e9 nationale et internationale, l\u2019\u00e9conomie, la soci\u00e9t\u00e9 et les analyses politiques. Le site s\u2019adresse \u00e0 un large public francophone et couvre l\u2019information tunisienne en temps r\u00e9el.","email":"redac@webdo.tn","legalName":"YNJ SARL","foundingDate":"2010-09-06","numberOfEmployees":{"@type":"QuantitativeValue","minValue":"11","maxValue":"50"}},{"@type":"Person","@id":"https:\/\/www.webdo.tn\/fr\/#\/schema\/person\/5663044c25eb36d8f88ba5b653f12f8c","name":"Ramzi Haddad","image":{"@type":"ImageObject","inLanguage":"fr-FR","@id":"https:\/\/www.webdo.tn\/fr\/wp-content\/uploads\/2026\/04\/ramzi-haddad_avatar-96x96.jpg","url":"https:\/\/www.webdo.tn\/fr\/wp-content\/uploads\/2026\/04\/ramzi-haddad_avatar-96x96.jpg","contentUrl":"https:\/\/www.webdo.tn\/fr\/wp-content\/uploads\/2026\/04\/ramzi-haddad_avatar-96x96.jpg","caption":"Ramzi Haddad"},"description":"Signature \u00e9ditoriale de Walid Ben Youssef Ramzi Haddad est le pseudonyme \u00e9ditorial de Walid Ben Youssef, fondateur et g\u00e9rant de Webdo.tn. Cette signature est d\u00e9di\u00e9e \u00e0 la couverture de l'actualit\u00e9 nationale et internationale, ainsi qu'aux analyses des dynamiques num\u00e9riques. Ce profil b\u00e9n\u00e9ficie de l'expertise de Walid Ben Youssef, pionnier du web en Tunisie depuis 2000 et dipl\u00f4m\u00e9 en Math\u00e9matiques pures de l'Universit\u00e9 d'Oregon. \u00c0 travers cette signature, la r\u00e9daction de Webdo garantit une information structur\u00e9e et v\u00e9rifi\u00e9e, fid\u00e8le aux standards journalistiques du m\u00e9dia.","url":"https:\/\/www.webdo.tn\/fr\/actualite\/author\/ramzi-haddad\/"}]}},"_links":{"self":[{"href":"https:\/\/www.webdo.tn\/fr\/wp-json\/wp\/v2\/posts\/220229","targetHints":{"allow":["GET"]}}],"collection":[{"href":"https:\/\/www.webdo.tn\/fr\/wp-json\/wp\/v2\/posts"}],"about":[{"href":"https:\/\/www.webdo.tn\/fr\/wp-json\/wp\/v2\/types\/post"}],"author":[{"embeddable":true,"href":"https:\/\/www.webdo.tn\/fr\/wp-json\/wp\/v2\/users\/3203"}],"replies":[{"embeddable":true,"href":"https:\/\/www.webdo.tn\/fr\/wp-json\/wp\/v2\/comments?post=220229"}],"version-history":[{"count":0,"href":"https:\/\/www.webdo.tn\/fr\/wp-json\/wp\/v2\/posts\/220229\/revisions"}],"wp:featuredmedia":[{"embeddable":true,"href":"https:\/\/www.webdo.tn\/fr\/wp-json\/wp\/v2\/media\/241912"}],"wp:attachment":[{"href":"https:\/\/www.webdo.tn\/fr\/wp-json\/wp\/v2\/media?parent=220229"}],"wp:term":[{"taxonomy":"category","embeddable":true,"href":"https:\/\/www.webdo.tn\/fr\/wp-json\/wp\/v2\/categories?post=220229"},{"taxonomy":"post_tag","embeddable":true,"href":"https:\/\/www.webdo.tn\/fr\/wp-json\/wp\/v2\/tags?post=220229"}],"curies":[{"name":"wp","href":"https:\/\/api.w.org\/{rel}","templated":true}]}}