{"id":220202,"date":"2025-02-28T17:58:00","date_gmt":"2025-02-28T17:58:00","guid":{"rendered":"https:\/\/www.webdo.tn\/fr\/blog\/2025\/02\/28\/tunisair-annonce-des-reductions-pour-les-tunisiens-de-l-etranger-durant-l-ete-2025\/"},"modified":"2025-05-21T08:59:19","modified_gmt":"2025-05-21T08:59:19","slug":"tunisair-annonce-des-reductions-pour-les-tunisiens-de-l-etranger-durant-l-ete-2025","status":"publish","type":"post","link":"https:\/\/www.webdo.tn\/fr\/actualite\/national\/tunisair-annonce-des-reductions-pour-les-tunisiens-de-l-etranger-durant-l-ete-2025\/220202\/","title":{"rendered":"Tunisair annonce des r\u00e9ductions pour les Tunisiens de l\u2019\u00e9tranger durant l\u2019\u00e9t\u00e9 2025"},"content":{"rendered":"<p>Dans le cadre de sa politique visant \u00e0 faciliter le retour des Tunisiens r\u00e9sidant \u00e0 l\u2019\u00e9tranger, Tunisair a annonc\u00e9 une s\u00e9rie de r\u00e9ductions sur les prix des billets pour la saison estivale 2025.<\/p>\n<p>\t\t\t\t\t\t\t\t\tDans un communiqu\u00e9 publi\u00e9 ce vendredi 28 f\u00e9vrier, Tunisair annonce qu&rsquo;un tarif promotionnel sera propos\u00e9 du 19 f\u00e9vrier au 20 mars 2025, avec possibilit\u00e9 de prolongation. Ce programme inclut les vols aller-retour depuis la France, l\u2019Italie, l\u2019Allemagne, la Suisse, le Royaume-Uni, la Belgique, l\u2019Autriche, l\u2019Espagne, le Canada et, pour la premi\u00e8re fois, le Portugal.<\/p>\n<p>Outre ces tarifs r\u00e9duits, Tunisair pr\u00e9voit des avantages sp\u00e9cifiques pour les familles de trois personnes et plus, avec des r\u00e9ductions allant de 30 \u00e0 40 euros par passager, ainsi qu\u2019une remise de 50 % sur les frais de service pour les billets achet\u00e9s dans les agences de la compagnie.<\/p>\n<p>Afin d\u2019aider les familles \u00e0 revenus modestes, un rabais de 40 % sera accord\u00e9 \u00e0 5 000 b\u00e9n\u00e9ficiaires s\u00e9lectionn\u00e9s par l\u2019Office des Tunisiens \u00e0 l\u2019\u00e9tranger.<\/p>\n<p>D\u2019autres mesures ont \u00e9galement \u00e9t\u00e9 mises en place pour la saison estivale 2025 :<\/p>\n<p>\tLa p\u00e9riode de retour est prolong\u00e9e jusqu\u2019au 7 septembre 2025, au lieu du 20 ao\u00fbt.<br \/>\n\tLes passagers au d\u00e9part d\u2019Europe pourront enregistrer un bagage de 32 kg au lieu de 23 kg et emporter un bagage cabine de 10 kg au lieu de 8 kg. Une r\u00e9duction allant jusqu\u2019\u00e0 30 % sera appliqu\u00e9e sur l\u2019achat d\u2019un bagage suppl\u00e9mentaire.<br \/>\n\tLes frais de modification des r\u00e9servations seront supprim\u00e9s et les passagers pourront annuler leur vol avant la date pr\u00e9vue.<\/p>\n<p>Pour rendre ces offres plus accessibles, Tunisair a mis en place un portail d\u00e9di\u00e9 sur son site web et propose l\u2019achat des billets \u00e0 tarif r\u00e9duit via son standard t\u00e9l\u00e9phonique. Il est \u00e9galement possible d\u2019y modifier les r\u00e9servations et d\u2019ajouter divers services li\u00e9s au voyage.<\/p>\n<p>Ces mesures visent \u00e0 offrir aux Tunisiens r\u00e9sidant \u00e0 l\u2019\u00e9tranger de meilleures conditions de voyage durant l\u2019\u00e9t\u00e9 2025.<\/p>\n","protected":false},"excerpt":{"rendered":"<p>Tunisair propose des r\u00e9ductions sur les billets pour les Tunisiens de l\u2019\u00e9tranger durant l\u2019\u00e9t\u00e9 2025, avec des offres sp\u00e9ciales pour les familles et une franchise&#8230;<\/p>\n","protected":false},"author":3166,"featured_media":241942,"comment_status":"open","ping_status":"open","sticky":false,"template":"","format":"standard","meta":{"footnotes":""},"categories":[44],"tags":[2645,3451,2608],"class_list":["post-220202","post","type-post","status-publish","format-standard","has-post-thumbnail","hentry","category-national","tag-tre","tag-tunisair","tag-tunisie"],"yoast_head":"<!-- This site is optimized with the Yoast SEO Premium plugin v27.5 (Yoast SEO v27.5) - https:\/\/yoast.com\/product\/yoast-seo-premium-wordpress\/ -->\n<title>Tunisair annonce des r\u00e9ductions pour les Tunisiens de l\u2019\u00e9tranger durant l\u2019\u00e9t\u00e9 2025<\/title>\n<meta name=\"description\" content=\"Tunisair propose des r\u00e9ductions sur les billets pour les Tunisiens de l\u2019\u00e9tranger durant l\u2019\u00e9t\u00e9 2025, avec des offres sp\u00e9ciales pour les familles et une franchise...\" \/>\n<link rel=\"canonical\" href=\"https:\/\/www.webdo.tn\/fr\/actualite\/national\/tunisair-annonce-des-reductions-pour-les-tunisiens-de-l-etranger-durant-l-ete-2025\/220202\/\" \/>\n<meta property=\"og:locale\" content=\"fr_FR\" \/>\n<meta property=\"og:type\" content=\"article\" \/>\n<meta property=\"og:title\" content=\"Tunisair annonce des r\u00e9ductions pour les Tunisiens de l\u2019\u00e9tranger durant l\u2019\u00e9t\u00e9 2025\" \/>\n<meta property=\"og:description\" content=\"Tunisair propose des r\u00e9ductions sur les billets pour les Tunisiens de l\u2019\u00e9tranger durant l\u2019\u00e9t\u00e9 2025, avec des offres sp\u00e9ciales pour les familles et une franchise...\" \/>\n<meta property=\"og:url\" content=\"https:\/\/www.webdo.tn\/fr\/actualite\/national\/tunisair-annonce-des-reductions-pour-les-tunisiens-de-l-etranger-durant-l-ete-2025\/220202\/\" \/>\n<meta property=\"og:site_name\" content=\"webdo\" \/>\n<meta property=\"article:publisher\" content=\"https:\/\/www.facebook.com\/webdotn\" \/>\n<meta property=\"article:published_time\" content=\"2025-02-28T17:58:00+00:00\" \/>\n<meta property=\"article:modified_time\" content=\"2025-05-21T08:59:19+00:00\" \/>\n<meta property=\"og:image\" content=\"https:\/\/www.webdo.tn\/fr\/wp-content\/uploads\/2025\/05\/898bce3e380d7593aded50428ec71261-2.webp\" \/>\n\t<meta property=\"og:image:width\" content=\"750\" \/>\n\t<meta property=\"og:image:height\" content=\"400\" \/>\n\t<meta property=\"og:image:type\" content=\"image\/webp\" \/>\n<meta name=\"author\" content=\"AZ\" \/>\n<meta name=\"twitter:card\" content=\"summary_large_image\" \/>\n<meta name=\"twitter:creator\" content=\"@webdo_tn\" \/>\n<meta name=\"twitter:site\" content=\"@webdo_tn\" \/>\n<meta name=\"twitter:label1\" content=\"\u00c9crit par\" \/>\n\t<meta name=\"twitter:data1\" content=\"AZ\" \/>\n\t<meta name=\"twitter:label2\" content=\"Dur\u00e9e de lecture estim\u00e9e\" \/>\n\t<meta name=\"twitter:data2\" content=\"2 minutes\" \/>\n<script type=\"application\/ld+json\" class=\"yoast-schema-graph\">{\"@context\":\"https:\\\/\\\/schema.org\",\"@graph\":[{\"@type\":\"NewsArticle\",\"@id\":\"https:\\\/\\\/www.webdo.tn\\\/fr\\\/actualite\\\/national\\\/tunisair-annonce-des-reductions-pour-les-tunisiens-de-l-etranger-durant-l-ete-2025\\\/220202\\\/#article\",\"isPartOf\":{\"@id\":\"https:\\\/\\\/www.webdo.tn\\\/fr\\\/actualite\\\/national\\\/tunisair-annonce-des-reductions-pour-les-tunisiens-de-l-etranger-durant-l-ete-2025\\\/220202\\\/\"},\"author\":{\"name\":\"AZ\",\"@id\":\"https:\\\/\\\/www.webdo.tn\\\/fr\\\/#\\\/schema\\\/person\\\/b8a41c04d93287d375510db360906b34\"},\"headline\":\"Tunisair annonce des r\u00e9ductions pour les Tunisiens de l\u2019\u00e9tranger durant l\u2019\u00e9t\u00e9 2025\",\"datePublished\":\"2025-02-28T17:58:00+00:00\",\"dateModified\":\"2025-05-21T08:59:19+00:00\",\"mainEntityOfPage\":{\"@id\":\"https:\\\/\\\/www.webdo.tn\\\/fr\\\/actualite\\\/national\\\/tunisair-annonce-des-reductions-pour-les-tunisiens-de-l-etranger-durant-l-ete-2025\\\/220202\\\/\"},\"wordCount\":347,\"commentCount\":0,\"publisher\":{\"@id\":\"https:\\\/\\\/www.webdo.tn\\\/fr\\\/#organization\"},\"image\":{\"@id\":\"https:\\\/\\\/www.webdo.tn\\\/fr\\\/actualite\\\/national\\\/tunisair-annonce-des-reductions-pour-les-tunisiens-de-l-etranger-durant-l-ete-2025\\\/220202\\\/#primaryimage\"},\"thumbnailUrl\":\"https:\\\/\\\/www.webdo.tn\\\/fr\\\/wp-content\\\/uploads\\\/2025\\\/05\\\/898bce3e380d7593aded50428ec71261-2.webp\",\"keywords\":[\"TRE\",\"Tunisair\",\"Tunisie\"],\"articleSection\":[\"National\"],\"inLanguage\":\"fr-FR\"},{\"@type\":\"WebPage\",\"@id\":\"https:\\\/\\\/www.webdo.tn\\\/fr\\\/actualite\\\/national\\\/tunisair-annonce-des-reductions-pour-les-tunisiens-de-l-etranger-durant-l-ete-2025\\\/220202\\\/\",\"url\":\"https:\\\/\\\/www.webdo.tn\\\/fr\\\/actualite\\\/national\\\/tunisair-annonce-des-reductions-pour-les-tunisiens-de-l-etranger-durant-l-ete-2025\\\/220202\\\/\",\"name\":\"Tunisair annonce des r\u00e9ductions pour les Tunisiens de l\u2019\u00e9tranger durant l\u2019\u00e9t\u00e9 2025\",\"isPartOf\":{\"@id\":\"https:\\\/\\\/www.webdo.tn\\\/fr\\\/#website\"},\"primaryImageOfPage\":{\"@id\":\"https:\\\/\\\/www.webdo.tn\\\/fr\\\/actualite\\\/national\\\/tunisair-annonce-des-reductions-pour-les-tunisiens-de-l-etranger-durant-l-ete-2025\\\/220202\\\/#primaryimage\"},\"image\":{\"@id\":\"https:\\\/\\\/www.webdo.tn\\\/fr\\\/actualite\\\/national\\\/tunisair-annonce-des-reductions-pour-les-tunisiens-de-l-etranger-durant-l-ete-2025\\\/220202\\\/#primaryimage\"},\"thumbnailUrl\":\"https:\\\/\\\/www.webdo.tn\\\/fr\\\/wp-content\\\/uploads\\\/2025\\\/05\\\/898bce3e380d7593aded50428ec71261-2.webp\",\"datePublished\":\"2025-02-28T17:58:00+00:00\",\"dateModified\":\"2025-05-21T08:59:19+00:00\",\"description\":\"Tunisair propose des r\u00e9ductions sur les billets pour les Tunisiens de l\u2019\u00e9tranger durant l\u2019\u00e9t\u00e9 2025, avec des offres sp\u00e9ciales pour les familles et une franchise...\",\"breadcrumb\":{\"@id\":\"https:\\\/\\\/www.webdo.tn\\\/fr\\\/actualite\\\/national\\\/tunisair-annonce-des-reductions-pour-les-tunisiens-de-l-etranger-durant-l-ete-2025\\\/220202\\\/#breadcrumb\"},\"inLanguage\":\"fr-FR\",\"potentialAction\":[{\"@type\":\"ReadAction\",\"target\":[\"https:\\\/\\\/www.webdo.tn\\\/fr\\\/actualite\\\/national\\\/tunisair-annonce-des-reductions-pour-les-tunisiens-de-l-etranger-durant-l-ete-2025\\\/220202\\\/\"]}]},{\"@type\":\"ImageObject\",\"inLanguage\":\"fr-FR\",\"@id\":\"https:\\\/\\\/www.webdo.tn\\\/fr\\\/actualite\\\/national\\\/tunisair-annonce-des-reductions-pour-les-tunisiens-de-l-etranger-durant-l-ete-2025\\\/220202\\\/#primaryimage\",\"url\":\"https:\\\/\\\/www.webdo.tn\\\/fr\\\/wp-content\\\/uploads\\\/2025\\\/05\\\/898bce3e380d7593aded50428ec71261-2.webp\",\"contentUrl\":\"https:\\\/\\\/www.webdo.tn\\\/fr\\\/wp-content\\\/uploads\\\/2025\\\/05\\\/898bce3e380d7593aded50428ec71261-2.webp\",\"width\":750,\"height\":400},{\"@type\":\"BreadcrumbList\",\"@id\":\"https:\\\/\\\/www.webdo.tn\\\/fr\\\/actualite\\\/national\\\/tunisair-annonce-des-reductions-pour-les-tunisiens-de-l-etranger-durant-l-ete-2025\\\/220202\\\/#breadcrumb\",\"itemListElement\":[{\"@type\":\"ListItem\",\"position\":1,\"name\":\"Accueil\",\"item\":\"https:\\\/\\\/www.webdo.tn\\\/fr\\\/\"},{\"@type\":\"ListItem\",\"position\":2,\"name\":\"Tunisair annonce des r\u00e9ductions pour les Tunisiens de l\u2019\u00e9tranger durant l\u2019\u00e9t\u00e9 2025\"}]},{\"@type\":\"WebSite\",\"@id\":\"https:\\\/\\\/www.webdo.tn\\\/fr\\\/#website\",\"url\":\"https:\\\/\\\/www.webdo.tn\\\/fr\\\/\",\"name\":\"webdo\",\"description\":\"Tunisie - News en Tunisie et \u00e0 l&#039;international sur Webdo.tn\",\"publisher\":{\"@id\":\"https:\\\/\\\/www.webdo.tn\\\/fr\\\/#organization\"},\"potentialAction\":[{\"@type\":\"SearchAction\",\"target\":{\"@type\":\"EntryPoint\",\"urlTemplate\":\"https:\\\/\\\/www.webdo.tn\\\/fr\\\/?s={search_term_string}\"},\"query-input\":{\"@type\":\"PropertyValueSpecification\",\"valueRequired\":true,\"valueName\":\"search_term_string\"}}],\"inLanguage\":\"fr-FR\"},{\"@type\":\"Organization\",\"@id\":\"https:\\\/\\\/www.webdo.tn\\\/fr\\\/#organization\",\"name\":\"Webdo\",\"alternateName\":\"Webdo.tn\",\"url\":\"https:\\\/\\\/www.webdo.tn\\\/fr\\\/\",\"logo\":{\"@type\":\"ImageObject\",\"inLanguage\":\"fr-FR\",\"@id\":\"https:\\\/\\\/www.webdo.tn\\\/fr\\\/#\\\/schema\\\/logo\\\/image\\\/\",\"url\":\"https:\\\/\\\/www.webdo.tn\\\/fr\\\/wp-content\\\/uploads\\\/2025\\\/06\\\/Webdo-Tunisie_168377.jpg\",\"contentUrl\":\"https:\\\/\\\/www.webdo.tn\\\/fr\\\/wp-content\\\/uploads\\\/2025\\\/06\\\/Webdo-Tunisie_168377.jpg\",\"width\":301,\"height\":301,\"caption\":\"Webdo\"},\"image\":{\"@id\":\"https:\\\/\\\/www.webdo.tn\\\/fr\\\/#\\\/schema\\\/logo\\\/image\\\/\"},\"sameAs\":[\"https:\\\/\\\/www.facebook.com\\\/webdotn\",\"https:\\\/\\\/x.com\\\/webdo_tn\"],\"description\":\"Webdo est un m\u00e9dia num\u00e9rique tunisien fond\u00e9 en 2010, sp\u00e9cialis\u00e9 dans l\u2019actualit\u00e9 nationale et internationale, l\u2019\u00e9conomie, la soci\u00e9t\u00e9 et les analyses politiques. Le site s\u2019adresse \u00e0 un large public francophone et couvre l\u2019information tunisienne en temps r\u00e9el.\",\"email\":\"redac@webdo.tn\",\"legalName\":\"YNJ SARL\",\"foundingDate\":\"2010-09-06\",\"numberOfEmployees\":{\"@type\":\"QuantitativeValue\",\"minValue\":\"11\",\"maxValue\":\"50\"}},{\"@type\":\"Person\",\"@id\":\"https:\\\/\\\/www.webdo.tn\\\/fr\\\/#\\\/schema\\\/person\\\/b8a41c04d93287d375510db360906b34\",\"name\":\"AZ\",\"image\":{\"@type\":\"ImageObject\",\"inLanguage\":\"fr-FR\",\"@id\":\"https:\\\/\\\/secure.gravatar.com\\\/avatar\\\/492b80bada79439de4201dce15cd41eece6c277cfdf1b53382073c79105c1f89?s=96&d=mm&r=g\",\"url\":\"https:\\\/\\\/secure.gravatar.com\\\/avatar\\\/492b80bada79439de4201dce15cd41eece6c277cfdf1b53382073c79105c1f89?s=96&d=mm&r=g\",\"contentUrl\":\"https:\\\/\\\/secure.gravatar.com\\\/avatar\\\/492b80bada79439de4201dce15cd41eece6c277cfdf1b53382073c79105c1f89?s=96&d=mm&r=g\",\"caption\":\"AZ\"},\"url\":\"https:\\\/\\\/www.webdo.tn\\\/fr\\\/actualite\\\/author\\\/az\\\/\"}]}<\/script>\n<!-- \/ Yoast SEO Premium plugin. -->","yoast_head_json":{"title":"Tunisair annonce des r\u00e9ductions pour les Tunisiens de l\u2019\u00e9tranger durant l\u2019\u00e9t\u00e9 2025","description":"Tunisair propose des r\u00e9ductions sur les billets pour les Tunisiens de l\u2019\u00e9tranger durant l\u2019\u00e9t\u00e9 2025, avec des offres sp\u00e9ciales pour les familles et une franchise...","canonical":"https:\/\/www.webdo.tn\/fr\/actualite\/national\/tunisair-annonce-des-reductions-pour-les-tunisiens-de-l-etranger-durant-l-ete-2025\/220202\/","og_locale":"fr_FR","og_type":"article","og_title":"Tunisair annonce des r\u00e9ductions pour les Tunisiens de l\u2019\u00e9tranger durant l\u2019\u00e9t\u00e9 2025","og_description":"Tunisair propose des r\u00e9ductions sur les billets pour les Tunisiens de l\u2019\u00e9tranger durant l\u2019\u00e9t\u00e9 2025, avec des offres sp\u00e9ciales pour les familles et une franchise...","og_url":"https:\/\/www.webdo.tn\/fr\/actualite\/national\/tunisair-annonce-des-reductions-pour-les-tunisiens-de-l-etranger-durant-l-ete-2025\/220202\/","og_site_name":"webdo","article_publisher":"https:\/\/www.facebook.com\/webdotn","article_published_time":"2025-02-28T17:58:00+00:00","article_modified_time":"2025-05-21T08:59:19+00:00","og_image":[{"width":750,"height":400,"url":"https:\/\/www.webdo.tn\/fr\/wp-content\/uploads\/2025\/05\/898bce3e380d7593aded50428ec71261-2.webp","type":"image\/webp"}],"author":"AZ","twitter_card":"summary_large_image","twitter_creator":"@webdo_tn","twitter_site":"@webdo_tn","twitter_misc":{"\u00c9crit par":"AZ","Dur\u00e9e de lecture estim\u00e9e":"2 minutes"},"schema":{"@context":"https:\/\/schema.org","@graph":[{"@type":"NewsArticle","@id":"https:\/\/www.webdo.tn\/fr\/actualite\/national\/tunisair-annonce-des-reductions-pour-les-tunisiens-de-l-etranger-durant-l-ete-2025\/220202\/#article","isPartOf":{"@id":"https:\/\/www.webdo.tn\/fr\/actualite\/national\/tunisair-annonce-des-reductions-pour-les-tunisiens-de-l-etranger-durant-l-ete-2025\/220202\/"},"author":{"name":"AZ","@id":"https:\/\/www.webdo.tn\/fr\/#\/schema\/person\/b8a41c04d93287d375510db360906b34"},"headline":"Tunisair annonce des r\u00e9ductions pour les Tunisiens de l\u2019\u00e9tranger durant l\u2019\u00e9t\u00e9 2025","datePublished":"2025-02-28T17:58:00+00:00","dateModified":"2025-05-21T08:59:19+00:00","mainEntityOfPage":{"@id":"https:\/\/www.webdo.tn\/fr\/actualite\/national\/tunisair-annonce-des-reductions-pour-les-tunisiens-de-l-etranger-durant-l-ete-2025\/220202\/"},"wordCount":347,"commentCount":0,"publisher":{"@id":"https:\/\/www.webdo.tn\/fr\/#organization"},"image":{"@id":"https:\/\/www.webdo.tn\/fr\/actualite\/national\/tunisair-annonce-des-reductions-pour-les-tunisiens-de-l-etranger-durant-l-ete-2025\/220202\/#primaryimage"},"thumbnailUrl":"https:\/\/www.webdo.tn\/fr\/wp-content\/uploads\/2025\/05\/898bce3e380d7593aded50428ec71261-2.webp","keywords":["TRE","Tunisair","Tunisie"],"articleSection":["National"],"inLanguage":"fr-FR"},{"@type":"WebPage","@id":"https:\/\/www.webdo.tn\/fr\/actualite\/national\/tunisair-annonce-des-reductions-pour-les-tunisiens-de-l-etranger-durant-l-ete-2025\/220202\/","url":"https:\/\/www.webdo.tn\/fr\/actualite\/national\/tunisair-annonce-des-reductions-pour-les-tunisiens-de-l-etranger-durant-l-ete-2025\/220202\/","name":"Tunisair annonce des r\u00e9ductions pour les Tunisiens de l\u2019\u00e9tranger durant l\u2019\u00e9t\u00e9 2025","isPartOf":{"@id":"https:\/\/www.webdo.tn\/fr\/#website"},"primaryImageOfPage":{"@id":"https:\/\/www.webdo.tn\/fr\/actualite\/national\/tunisair-annonce-des-reductions-pour-les-tunisiens-de-l-etranger-durant-l-ete-2025\/220202\/#primaryimage"},"image":{"@id":"https:\/\/www.webdo.tn\/fr\/actualite\/national\/tunisair-annonce-des-reductions-pour-les-tunisiens-de-l-etranger-durant-l-ete-2025\/220202\/#primaryimage"},"thumbnailUrl":"https:\/\/www.webdo.tn\/fr\/wp-content\/uploads\/2025\/05\/898bce3e380d7593aded50428ec71261-2.webp","datePublished":"2025-02-28T17:58:00+00:00","dateModified":"2025-05-21T08:59:19+00:00","description":"Tunisair propose des r\u00e9ductions sur les billets pour les Tunisiens de l\u2019\u00e9tranger durant l\u2019\u00e9t\u00e9 2025, avec des offres sp\u00e9ciales pour les familles et une franchise...","breadcrumb":{"@id":"https:\/\/www.webdo.tn\/fr\/actualite\/national\/tunisair-annonce-des-reductions-pour-les-tunisiens-de-l-etranger-durant-l-ete-2025\/220202\/#breadcrumb"},"inLanguage":"fr-FR","potentialAction":[{"@type":"ReadAction","target":["https:\/\/www.webdo.tn\/fr\/actualite\/national\/tunisair-annonce-des-reductions-pour-les-tunisiens-de-l-etranger-durant-l-ete-2025\/220202\/"]}]},{"@type":"ImageObject","inLanguage":"fr-FR","@id":"https:\/\/www.webdo.tn\/fr\/actualite\/national\/tunisair-annonce-des-reductions-pour-les-tunisiens-de-l-etranger-durant-l-ete-2025\/220202\/#primaryimage","url":"https:\/\/www.webdo.tn\/fr\/wp-content\/uploads\/2025\/05\/898bce3e380d7593aded50428ec71261-2.webp","contentUrl":"https:\/\/www.webdo.tn\/fr\/wp-content\/uploads\/2025\/05\/898bce3e380d7593aded50428ec71261-2.webp","width":750,"height":400},{"@type":"BreadcrumbList","@id":"https:\/\/www.webdo.tn\/fr\/actualite\/national\/tunisair-annonce-des-reductions-pour-les-tunisiens-de-l-etranger-durant-l-ete-2025\/220202\/#breadcrumb","itemListElement":[{"@type":"ListItem","position":1,"name":"Accueil","item":"https:\/\/www.webdo.tn\/fr\/"},{"@type":"ListItem","position":2,"name":"Tunisair annonce des r\u00e9ductions pour les Tunisiens de l\u2019\u00e9tranger durant l\u2019\u00e9t\u00e9 2025"}]},{"@type":"WebSite","@id":"https:\/\/www.webdo.tn\/fr\/#website","url":"https:\/\/www.webdo.tn\/fr\/","name":"webdo","description":"Tunisie - News en Tunisie et \u00e0 l&#039;international sur Webdo.tn","publisher":{"@id":"https:\/\/www.webdo.tn\/fr\/#organization"},"potentialAction":[{"@type":"SearchAction","target":{"@type":"EntryPoint","urlTemplate":"https:\/\/www.webdo.tn\/fr\/?s={search_term_string}"},"query-input":{"@type":"PropertyValueSpecification","valueRequired":true,"valueName":"search_term_string"}}],"inLanguage":"fr-FR"},{"@type":"Organization","@id":"https:\/\/www.webdo.tn\/fr\/#organization","name":"Webdo","alternateName":"Webdo.tn","url":"https:\/\/www.webdo.tn\/fr\/","logo":{"@type":"ImageObject","inLanguage":"fr-FR","@id":"https:\/\/www.webdo.tn\/fr\/#\/schema\/logo\/image\/","url":"https:\/\/www.webdo.tn\/fr\/wp-content\/uploads\/2025\/06\/Webdo-Tunisie_168377.jpg","contentUrl":"https:\/\/www.webdo.tn\/fr\/wp-content\/uploads\/2025\/06\/Webdo-Tunisie_168377.jpg","width":301,"height":301,"caption":"Webdo"},"image":{"@id":"https:\/\/www.webdo.tn\/fr\/#\/schema\/logo\/image\/"},"sameAs":["https:\/\/www.facebook.com\/webdotn","https:\/\/x.com\/webdo_tn"],"description":"Webdo est un m\u00e9dia num\u00e9rique tunisien fond\u00e9 en 2010, sp\u00e9cialis\u00e9 dans l\u2019actualit\u00e9 nationale et internationale, l\u2019\u00e9conomie, la soci\u00e9t\u00e9 et les analyses politiques. Le site s\u2019adresse \u00e0 un large public francophone et couvre l\u2019information tunisienne en temps r\u00e9el.","email":"redac@webdo.tn","legalName":"YNJ SARL","foundingDate":"2010-09-06","numberOfEmployees":{"@type":"QuantitativeValue","minValue":"11","maxValue":"50"}},{"@type":"Person","@id":"https:\/\/www.webdo.tn\/fr\/#\/schema\/person\/b8a41c04d93287d375510db360906b34","name":"AZ","image":{"@type":"ImageObject","inLanguage":"fr-FR","@id":"https:\/\/secure.gravatar.com\/avatar\/492b80bada79439de4201dce15cd41eece6c277cfdf1b53382073c79105c1f89?s=96&d=mm&r=g","url":"https:\/\/secure.gravatar.com\/avatar\/492b80bada79439de4201dce15cd41eece6c277cfdf1b53382073c79105c1f89?s=96&d=mm&r=g","contentUrl":"https:\/\/secure.gravatar.com\/avatar\/492b80bada79439de4201dce15cd41eece6c277cfdf1b53382073c79105c1f89?s=96&d=mm&r=g","caption":"AZ"},"url":"https:\/\/www.webdo.tn\/fr\/actualite\/author\/az\/"}]}},"_links":{"self":[{"href":"https:\/\/www.webdo.tn\/fr\/wp-json\/wp\/v2\/posts\/220202","targetHints":{"allow":["GET"]}}],"collection":[{"href":"https:\/\/www.webdo.tn\/fr\/wp-json\/wp\/v2\/posts"}],"about":[{"href":"https:\/\/www.webdo.tn\/fr\/wp-json\/wp\/v2\/types\/post"}],"author":[{"embeddable":true,"href":"https:\/\/www.webdo.tn\/fr\/wp-json\/wp\/v2\/users\/3166"}],"replies":[{"embeddable":true,"href":"https:\/\/www.webdo.tn\/fr\/wp-json\/wp\/v2\/comments?post=220202"}],"version-history":[{"count":0,"href":"https:\/\/www.webdo.tn\/fr\/wp-json\/wp\/v2\/posts\/220202\/revisions"}],"wp:featuredmedia":[{"embeddable":true,"href":"https:\/\/www.webdo.tn\/fr\/wp-json\/wp\/v2\/media\/241942"}],"wp:attachment":[{"href":"https:\/\/www.webdo.tn\/fr\/wp-json\/wp\/v2\/media?parent=220202"}],"wp:term":[{"taxonomy":"category","embeddable":true,"href":"https:\/\/www.webdo.tn\/fr\/wp-json\/wp\/v2\/categories?post=220202"},{"taxonomy":"post_tag","embeddable":true,"href":"https:\/\/www.webdo.tn\/fr\/wp-json\/wp\/v2\/tags?post=220202"}],"curies":[{"name":"wp","href":"https:\/\/api.w.org\/{rel}","templated":true}]}}