{"id":220177,"date":"2025-02-27T19:58:00","date_gmt":"2025-02-27T19:58:00","guid":{"rendered":"https:\/\/www.webdo.tn\/fr\/blog\/2025\/02\/27\/tunisie-l-arp-adopte-la-loi-sur-les-conseils-locaux-et-regionaux\/"},"modified":"2025-05-20T22:19:41","modified_gmt":"2025-05-20T22:19:41","slug":"tunisie-l-arp-adopte-la-loi-sur-les-conseils-locaux-et-regionaux","status":"publish","type":"post","link":"https:\/\/www.webdo.tn\/fr\/actualite\/national\/tunisie-l-arp-adopte-la-loi-sur-les-conseils-locaux-et-regionaux\/220177\/","title":{"rendered":"Tunisie : L\u2019ARP adopte la loi sur les conseils locaux et r\u00e9gionaux"},"content":{"rendered":"<p>Le Parlement a adopt\u00e9, ce jeudi soir, en cl\u00f4ture de sa s\u00e9ance pl\u00e9ni\u00e8re, le projet de loi organique relatif aux conseils locaux, aux conseils r\u00e9gionaux et aux conseils des districts, dans sa version amend\u00e9e.\u00a0<\/p>\n<p>La loi a \u00e9t\u00e9 approuv\u00e9e par 109 d\u00e9put\u00e9s, tandis que 2 ont vot\u00e9 contre et 4 se sont abstenus.<\/p>\n<p>Les parlementaires ont valid\u00e9 le titre du projet de loi ainsi que 9 des 10 articles qui le composent, avec un soutien majoritaire oscillant entre 99 et 111 voix.<\/p>\n<p>Cependant, l\u2019Assembl\u00e9e a accept\u00e9 une modification de l\u2019article 6, propos\u00e9e par le minist\u00e8re de l\u2019Int\u00e9rieur, initiateur du texte. Cet amendement a \u00e9t\u00e9 adopt\u00e9 avec 90 voix pour, 6 contre et 12 abstentions.<\/p>\n","protected":false},"excerpt":{"rendered":"<p>La loi a \u00e9t\u00e9 approuv\u00e9e par 109 d\u00e9put\u00e9s, tandis que 2 ont vot\u00e9 contre et 4 se sont abstenus.<\/p>\n","protected":false},"author":3163,"featured_media":241972,"comment_status":"open","ping_status":"open","sticky":false,"template":"","format":"standard","meta":{"footnotes":""},"categories":[44],"tags":[2813,3861,3033,2608],"class_list":["post-220177","post","type-post","status-publish","format-standard","has-post-thumbnail","hentry","category-national","tag-arp","tag-conseils","tag-loi","tag-tunisie"],"yoast_head":"<!-- This site is optimized with the Yoast SEO Premium plugin v27.5 (Yoast SEO v27.5) - https:\/\/yoast.com\/product\/yoast-seo-premium-wordpress\/ -->\n<title>Tunisie : L\u2019ARP adopte la loi sur les conseils locaux et r\u00e9gionaux<\/title>\n<meta name=\"description\" content=\"La loi a \u00e9t\u00e9 approuv\u00e9e par 109 d\u00e9put\u00e9s, tandis que 2 ont vot\u00e9 contre et 4 se sont abstenus.\" \/>\n<link rel=\"canonical\" href=\"https:\/\/www.webdo.tn\/fr\/actualite\/national\/tunisie-l-arp-adopte-la-loi-sur-les-conseils-locaux-et-regionaux\/220177\/\" \/>\n<meta property=\"og:locale\" content=\"fr_FR\" \/>\n<meta property=\"og:type\" content=\"article\" \/>\n<meta property=\"og:title\" content=\"Tunisie : L\u2019ARP adopte la loi sur les conseils locaux et r\u00e9gionaux\" \/>\n<meta property=\"og:description\" content=\"La loi a \u00e9t\u00e9 approuv\u00e9e par 109 d\u00e9put\u00e9s, tandis que 2 ont vot\u00e9 contre et 4 se sont abstenus.\" \/>\n<meta property=\"og:url\" content=\"https:\/\/www.webdo.tn\/fr\/actualite\/national\/tunisie-l-arp-adopte-la-loi-sur-les-conseils-locaux-et-regionaux\/220177\/\" \/>\n<meta property=\"og:site_name\" content=\"webdo\" \/>\n<meta property=\"article:publisher\" content=\"https:\/\/www.facebook.com\/webdotn\" \/>\n<meta property=\"article:published_time\" content=\"2025-02-27T19:58:00+00:00\" \/>\n<meta property=\"article:modified_time\" content=\"2025-05-20T22:19:41+00:00\" \/>\n<meta property=\"og:image\" content=\"https:\/\/www.webdo.tn\/fr\/wp-content\/uploads\/2025\/05\/50c0959394a1c1fedb0557893b71a63d-2.webp\" \/>\n\t<meta property=\"og:image:width\" content=\"574\" \/>\n\t<meta property=\"og:image:height\" content=\"306\" \/>\n\t<meta property=\"og:image:type\" content=\"image\/webp\" \/>\n<meta name=\"author\" content=\"KJ\" \/>\n<meta name=\"twitter:card\" content=\"summary_large_image\" \/>\n<meta name=\"twitter:creator\" content=\"@webdo_tn\" \/>\n<meta name=\"twitter:site\" content=\"@webdo_tn\" \/>\n<meta name=\"twitter:label1\" content=\"\u00c9crit par\" \/>\n\t<meta name=\"twitter:data1\" content=\"KJ\" \/>\n\t<meta name=\"twitter:label2\" content=\"Dur\u00e9e de lecture estim\u00e9e\" \/>\n\t<meta name=\"twitter:data2\" content=\"1 minute\" \/>\n<script type=\"application\/ld+json\" class=\"yoast-schema-graph\">{\"@context\":\"https:\\\/\\\/schema.org\",\"@graph\":[{\"@type\":\"NewsArticle\",\"@id\":\"https:\\\/\\\/www.webdo.tn\\\/fr\\\/actualite\\\/national\\\/tunisie-l-arp-adopte-la-loi-sur-les-conseils-locaux-et-regionaux\\\/220177\\\/#article\",\"isPartOf\":{\"@id\":\"https:\\\/\\\/www.webdo.tn\\\/fr\\\/actualite\\\/national\\\/tunisie-l-arp-adopte-la-loi-sur-les-conseils-locaux-et-regionaux\\\/220177\\\/\"},\"author\":{\"name\":\"KJ\",\"@id\":\"https:\\\/\\\/www.webdo.tn\\\/fr\\\/#\\\/schema\\\/person\\\/82ca085b22037d285e1a3c4b65ba5f71\"},\"headline\":\"Tunisie : L\u2019ARP adopte la loi sur les conseils locaux et r\u00e9gionaux\",\"datePublished\":\"2025-02-27T19:58:00+00:00\",\"dateModified\":\"2025-05-20T22:19:41+00:00\",\"mainEntityOfPage\":{\"@id\":\"https:\\\/\\\/www.webdo.tn\\\/fr\\\/actualite\\\/national\\\/tunisie-l-arp-adopte-la-loi-sur-les-conseils-locaux-et-regionaux\\\/220177\\\/\"},\"wordCount\":132,\"commentCount\":0,\"publisher\":{\"@id\":\"https:\\\/\\\/www.webdo.tn\\\/fr\\\/#organization\"},\"image\":{\"@id\":\"https:\\\/\\\/www.webdo.tn\\\/fr\\\/actualite\\\/national\\\/tunisie-l-arp-adopte-la-loi-sur-les-conseils-locaux-et-regionaux\\\/220177\\\/#primaryimage\"},\"thumbnailUrl\":\"https:\\\/\\\/www.webdo.tn\\\/fr\\\/wp-content\\\/uploads\\\/2025\\\/05\\\/50c0959394a1c1fedb0557893b71a63d-2.webp\",\"keywords\":[\"ARP\",\"conseils\",\"loi\",\"Tunisie\"],\"articleSection\":[\"National\"],\"inLanguage\":\"fr-FR\"},{\"@type\":\"WebPage\",\"@id\":\"https:\\\/\\\/www.webdo.tn\\\/fr\\\/actualite\\\/national\\\/tunisie-l-arp-adopte-la-loi-sur-les-conseils-locaux-et-regionaux\\\/220177\\\/\",\"url\":\"https:\\\/\\\/www.webdo.tn\\\/fr\\\/actualite\\\/national\\\/tunisie-l-arp-adopte-la-loi-sur-les-conseils-locaux-et-regionaux\\\/220177\\\/\",\"name\":\"Tunisie : L\u2019ARP adopte la loi sur les conseils locaux et r\u00e9gionaux\",\"isPartOf\":{\"@id\":\"https:\\\/\\\/www.webdo.tn\\\/fr\\\/#website\"},\"primaryImageOfPage\":{\"@id\":\"https:\\\/\\\/www.webdo.tn\\\/fr\\\/actualite\\\/national\\\/tunisie-l-arp-adopte-la-loi-sur-les-conseils-locaux-et-regionaux\\\/220177\\\/#primaryimage\"},\"image\":{\"@id\":\"https:\\\/\\\/www.webdo.tn\\\/fr\\\/actualite\\\/national\\\/tunisie-l-arp-adopte-la-loi-sur-les-conseils-locaux-et-regionaux\\\/220177\\\/#primaryimage\"},\"thumbnailUrl\":\"https:\\\/\\\/www.webdo.tn\\\/fr\\\/wp-content\\\/uploads\\\/2025\\\/05\\\/50c0959394a1c1fedb0557893b71a63d-2.webp\",\"datePublished\":\"2025-02-27T19:58:00+00:00\",\"dateModified\":\"2025-05-20T22:19:41+00:00\",\"description\":\"La loi a \u00e9t\u00e9 approuv\u00e9e par 109 d\u00e9put\u00e9s, tandis que 2 ont vot\u00e9 contre et 4 se sont abstenus.\",\"breadcrumb\":{\"@id\":\"https:\\\/\\\/www.webdo.tn\\\/fr\\\/actualite\\\/national\\\/tunisie-l-arp-adopte-la-loi-sur-les-conseils-locaux-et-regionaux\\\/220177\\\/#breadcrumb\"},\"inLanguage\":\"fr-FR\",\"potentialAction\":[{\"@type\":\"ReadAction\",\"target\":[\"https:\\\/\\\/www.webdo.tn\\\/fr\\\/actualite\\\/national\\\/tunisie-l-arp-adopte-la-loi-sur-les-conseils-locaux-et-regionaux\\\/220177\\\/\"]}]},{\"@type\":\"ImageObject\",\"inLanguage\":\"fr-FR\",\"@id\":\"https:\\\/\\\/www.webdo.tn\\\/fr\\\/actualite\\\/national\\\/tunisie-l-arp-adopte-la-loi-sur-les-conseils-locaux-et-regionaux\\\/220177\\\/#primaryimage\",\"url\":\"https:\\\/\\\/www.webdo.tn\\\/fr\\\/wp-content\\\/uploads\\\/2025\\\/05\\\/50c0959394a1c1fedb0557893b71a63d-2.webp\",\"contentUrl\":\"https:\\\/\\\/www.webdo.tn\\\/fr\\\/wp-content\\\/uploads\\\/2025\\\/05\\\/50c0959394a1c1fedb0557893b71a63d-2.webp\",\"width\":574,\"height\":306},{\"@type\":\"BreadcrumbList\",\"@id\":\"https:\\\/\\\/www.webdo.tn\\\/fr\\\/actualite\\\/national\\\/tunisie-l-arp-adopte-la-loi-sur-les-conseils-locaux-et-regionaux\\\/220177\\\/#breadcrumb\",\"itemListElement\":[{\"@type\":\"ListItem\",\"position\":1,\"name\":\"Accueil\",\"item\":\"https:\\\/\\\/www.webdo.tn\\\/fr\\\/\"},{\"@type\":\"ListItem\",\"position\":2,\"name\":\"Tunisie : L\u2019ARP adopte la loi sur les conseils locaux et r\u00e9gionaux\"}]},{\"@type\":\"WebSite\",\"@id\":\"https:\\\/\\\/www.webdo.tn\\\/fr\\\/#website\",\"url\":\"https:\\\/\\\/www.webdo.tn\\\/fr\\\/\",\"name\":\"webdo\",\"description\":\"Tunisie - News en Tunisie et \u00e0 l&#039;international sur Webdo.tn\",\"publisher\":{\"@id\":\"https:\\\/\\\/www.webdo.tn\\\/fr\\\/#organization\"},\"potentialAction\":[{\"@type\":\"SearchAction\",\"target\":{\"@type\":\"EntryPoint\",\"urlTemplate\":\"https:\\\/\\\/www.webdo.tn\\\/fr\\\/?s={search_term_string}\"},\"query-input\":{\"@type\":\"PropertyValueSpecification\",\"valueRequired\":true,\"valueName\":\"search_term_string\"}}],\"inLanguage\":\"fr-FR\"},{\"@type\":\"Organization\",\"@id\":\"https:\\\/\\\/www.webdo.tn\\\/fr\\\/#organization\",\"name\":\"Webdo\",\"alternateName\":\"Webdo.tn\",\"url\":\"https:\\\/\\\/www.webdo.tn\\\/fr\\\/\",\"logo\":{\"@type\":\"ImageObject\",\"inLanguage\":\"fr-FR\",\"@id\":\"https:\\\/\\\/www.webdo.tn\\\/fr\\\/#\\\/schema\\\/logo\\\/image\\\/\",\"url\":\"https:\\\/\\\/www.webdo.tn\\\/fr\\\/wp-content\\\/uploads\\\/2025\\\/06\\\/Webdo-Tunisie_168377.jpg\",\"contentUrl\":\"https:\\\/\\\/www.webdo.tn\\\/fr\\\/wp-content\\\/uploads\\\/2025\\\/06\\\/Webdo-Tunisie_168377.jpg\",\"width\":301,\"height\":301,\"caption\":\"Webdo\"},\"image\":{\"@id\":\"https:\\\/\\\/www.webdo.tn\\\/fr\\\/#\\\/schema\\\/logo\\\/image\\\/\"},\"sameAs\":[\"https:\\\/\\\/www.facebook.com\\\/webdotn\",\"https:\\\/\\\/x.com\\\/webdo_tn\"],\"description\":\"Webdo est un m\u00e9dia num\u00e9rique tunisien fond\u00e9 en 2010, sp\u00e9cialis\u00e9 dans l\u2019actualit\u00e9 nationale et internationale, l\u2019\u00e9conomie, la soci\u00e9t\u00e9 et les analyses politiques. Le site s\u2019adresse \u00e0 un large public francophone et couvre l\u2019information tunisienne en temps r\u00e9el.\",\"email\":\"redac@webdo.tn\",\"legalName\":\"YNJ SARL\",\"foundingDate\":\"2010-09-06\",\"numberOfEmployees\":{\"@type\":\"QuantitativeValue\",\"minValue\":\"11\",\"maxValue\":\"50\"}},{\"@type\":\"Person\",\"@id\":\"https:\\\/\\\/www.webdo.tn\\\/fr\\\/#\\\/schema\\\/person\\\/82ca085b22037d285e1a3c4b65ba5f71\",\"name\":\"KJ\",\"image\":{\"@type\":\"ImageObject\",\"inLanguage\":\"fr-FR\",\"@id\":\"https:\\\/\\\/secure.gravatar.com\\\/avatar\\\/1a1320de1c1971c893f00068f760b4113d69504aa21273da17ee95650c5944fd?s=96&d=mm&r=g\",\"url\":\"https:\\\/\\\/secure.gravatar.com\\\/avatar\\\/1a1320de1c1971c893f00068f760b4113d69504aa21273da17ee95650c5944fd?s=96&d=mm&r=g\",\"contentUrl\":\"https:\\\/\\\/secure.gravatar.com\\\/avatar\\\/1a1320de1c1971c893f00068f760b4113d69504aa21273da17ee95650c5944fd?s=96&d=mm&r=g\",\"caption\":\"KJ\"},\"url\":\"https:\\\/\\\/www.webdo.tn\\\/fr\\\/actualite\\\/author\\\/kj\\\/\"}]}<\/script>\n<!-- \/ Yoast SEO Premium plugin. -->","yoast_head_json":{"title":"Tunisie : L\u2019ARP adopte la loi sur les conseils locaux et r\u00e9gionaux","description":"La loi a \u00e9t\u00e9 approuv\u00e9e par 109 d\u00e9put\u00e9s, tandis que 2 ont vot\u00e9 contre et 4 se sont abstenus.","canonical":"https:\/\/www.webdo.tn\/fr\/actualite\/national\/tunisie-l-arp-adopte-la-loi-sur-les-conseils-locaux-et-regionaux\/220177\/","og_locale":"fr_FR","og_type":"article","og_title":"Tunisie : L\u2019ARP adopte la loi sur les conseils locaux et r\u00e9gionaux","og_description":"La loi a \u00e9t\u00e9 approuv\u00e9e par 109 d\u00e9put\u00e9s, tandis que 2 ont vot\u00e9 contre et 4 se sont abstenus.","og_url":"https:\/\/www.webdo.tn\/fr\/actualite\/national\/tunisie-l-arp-adopte-la-loi-sur-les-conseils-locaux-et-regionaux\/220177\/","og_site_name":"webdo","article_publisher":"https:\/\/www.facebook.com\/webdotn","article_published_time":"2025-02-27T19:58:00+00:00","article_modified_time":"2025-05-20T22:19:41+00:00","og_image":[{"width":574,"height":306,"url":"https:\/\/www.webdo.tn\/fr\/wp-content\/uploads\/2025\/05\/50c0959394a1c1fedb0557893b71a63d-2.webp","type":"image\/webp"}],"author":"KJ","twitter_card":"summary_large_image","twitter_creator":"@webdo_tn","twitter_site":"@webdo_tn","twitter_misc":{"\u00c9crit par":"KJ","Dur\u00e9e de lecture estim\u00e9e":"1 minute"},"schema":{"@context":"https:\/\/schema.org","@graph":[{"@type":"NewsArticle","@id":"https:\/\/www.webdo.tn\/fr\/actualite\/national\/tunisie-l-arp-adopte-la-loi-sur-les-conseils-locaux-et-regionaux\/220177\/#article","isPartOf":{"@id":"https:\/\/www.webdo.tn\/fr\/actualite\/national\/tunisie-l-arp-adopte-la-loi-sur-les-conseils-locaux-et-regionaux\/220177\/"},"author":{"name":"KJ","@id":"https:\/\/www.webdo.tn\/fr\/#\/schema\/person\/82ca085b22037d285e1a3c4b65ba5f71"},"headline":"Tunisie : L\u2019ARP adopte la loi sur les conseils locaux et r\u00e9gionaux","datePublished":"2025-02-27T19:58:00+00:00","dateModified":"2025-05-20T22:19:41+00:00","mainEntityOfPage":{"@id":"https:\/\/www.webdo.tn\/fr\/actualite\/national\/tunisie-l-arp-adopte-la-loi-sur-les-conseils-locaux-et-regionaux\/220177\/"},"wordCount":132,"commentCount":0,"publisher":{"@id":"https:\/\/www.webdo.tn\/fr\/#organization"},"image":{"@id":"https:\/\/www.webdo.tn\/fr\/actualite\/national\/tunisie-l-arp-adopte-la-loi-sur-les-conseils-locaux-et-regionaux\/220177\/#primaryimage"},"thumbnailUrl":"https:\/\/www.webdo.tn\/fr\/wp-content\/uploads\/2025\/05\/50c0959394a1c1fedb0557893b71a63d-2.webp","keywords":["ARP","conseils","loi","Tunisie"],"articleSection":["National"],"inLanguage":"fr-FR"},{"@type":"WebPage","@id":"https:\/\/www.webdo.tn\/fr\/actualite\/national\/tunisie-l-arp-adopte-la-loi-sur-les-conseils-locaux-et-regionaux\/220177\/","url":"https:\/\/www.webdo.tn\/fr\/actualite\/national\/tunisie-l-arp-adopte-la-loi-sur-les-conseils-locaux-et-regionaux\/220177\/","name":"Tunisie : L\u2019ARP adopte la loi sur les conseils locaux et r\u00e9gionaux","isPartOf":{"@id":"https:\/\/www.webdo.tn\/fr\/#website"},"primaryImageOfPage":{"@id":"https:\/\/www.webdo.tn\/fr\/actualite\/national\/tunisie-l-arp-adopte-la-loi-sur-les-conseils-locaux-et-regionaux\/220177\/#primaryimage"},"image":{"@id":"https:\/\/www.webdo.tn\/fr\/actualite\/national\/tunisie-l-arp-adopte-la-loi-sur-les-conseils-locaux-et-regionaux\/220177\/#primaryimage"},"thumbnailUrl":"https:\/\/www.webdo.tn\/fr\/wp-content\/uploads\/2025\/05\/50c0959394a1c1fedb0557893b71a63d-2.webp","datePublished":"2025-02-27T19:58:00+00:00","dateModified":"2025-05-20T22:19:41+00:00","description":"La loi a \u00e9t\u00e9 approuv\u00e9e par 109 d\u00e9put\u00e9s, tandis que 2 ont vot\u00e9 contre et 4 se sont abstenus.","breadcrumb":{"@id":"https:\/\/www.webdo.tn\/fr\/actualite\/national\/tunisie-l-arp-adopte-la-loi-sur-les-conseils-locaux-et-regionaux\/220177\/#breadcrumb"},"inLanguage":"fr-FR","potentialAction":[{"@type":"ReadAction","target":["https:\/\/www.webdo.tn\/fr\/actualite\/national\/tunisie-l-arp-adopte-la-loi-sur-les-conseils-locaux-et-regionaux\/220177\/"]}]},{"@type":"ImageObject","inLanguage":"fr-FR","@id":"https:\/\/www.webdo.tn\/fr\/actualite\/national\/tunisie-l-arp-adopte-la-loi-sur-les-conseils-locaux-et-regionaux\/220177\/#primaryimage","url":"https:\/\/www.webdo.tn\/fr\/wp-content\/uploads\/2025\/05\/50c0959394a1c1fedb0557893b71a63d-2.webp","contentUrl":"https:\/\/www.webdo.tn\/fr\/wp-content\/uploads\/2025\/05\/50c0959394a1c1fedb0557893b71a63d-2.webp","width":574,"height":306},{"@type":"BreadcrumbList","@id":"https:\/\/www.webdo.tn\/fr\/actualite\/national\/tunisie-l-arp-adopte-la-loi-sur-les-conseils-locaux-et-regionaux\/220177\/#breadcrumb","itemListElement":[{"@type":"ListItem","position":1,"name":"Accueil","item":"https:\/\/www.webdo.tn\/fr\/"},{"@type":"ListItem","position":2,"name":"Tunisie : L\u2019ARP adopte la loi sur les conseils locaux et r\u00e9gionaux"}]},{"@type":"WebSite","@id":"https:\/\/www.webdo.tn\/fr\/#website","url":"https:\/\/www.webdo.tn\/fr\/","name":"webdo","description":"Tunisie - News en Tunisie et \u00e0 l&#039;international sur Webdo.tn","publisher":{"@id":"https:\/\/www.webdo.tn\/fr\/#organization"},"potentialAction":[{"@type":"SearchAction","target":{"@type":"EntryPoint","urlTemplate":"https:\/\/www.webdo.tn\/fr\/?s={search_term_string}"},"query-input":{"@type":"PropertyValueSpecification","valueRequired":true,"valueName":"search_term_string"}}],"inLanguage":"fr-FR"},{"@type":"Organization","@id":"https:\/\/www.webdo.tn\/fr\/#organization","name":"Webdo","alternateName":"Webdo.tn","url":"https:\/\/www.webdo.tn\/fr\/","logo":{"@type":"ImageObject","inLanguage":"fr-FR","@id":"https:\/\/www.webdo.tn\/fr\/#\/schema\/logo\/image\/","url":"https:\/\/www.webdo.tn\/fr\/wp-content\/uploads\/2025\/06\/Webdo-Tunisie_168377.jpg","contentUrl":"https:\/\/www.webdo.tn\/fr\/wp-content\/uploads\/2025\/06\/Webdo-Tunisie_168377.jpg","width":301,"height":301,"caption":"Webdo"},"image":{"@id":"https:\/\/www.webdo.tn\/fr\/#\/schema\/logo\/image\/"},"sameAs":["https:\/\/www.facebook.com\/webdotn","https:\/\/x.com\/webdo_tn"],"description":"Webdo est un m\u00e9dia num\u00e9rique tunisien fond\u00e9 en 2010, sp\u00e9cialis\u00e9 dans l\u2019actualit\u00e9 nationale et internationale, l\u2019\u00e9conomie, la soci\u00e9t\u00e9 et les analyses politiques. Le site s\u2019adresse \u00e0 un large public francophone et couvre l\u2019information tunisienne en temps r\u00e9el.","email":"redac@webdo.tn","legalName":"YNJ SARL","foundingDate":"2010-09-06","numberOfEmployees":{"@type":"QuantitativeValue","minValue":"11","maxValue":"50"}},{"@type":"Person","@id":"https:\/\/www.webdo.tn\/fr\/#\/schema\/person\/82ca085b22037d285e1a3c4b65ba5f71","name":"KJ","image":{"@type":"ImageObject","inLanguage":"fr-FR","@id":"https:\/\/secure.gravatar.com\/avatar\/1a1320de1c1971c893f00068f760b4113d69504aa21273da17ee95650c5944fd?s=96&d=mm&r=g","url":"https:\/\/secure.gravatar.com\/avatar\/1a1320de1c1971c893f00068f760b4113d69504aa21273da17ee95650c5944fd?s=96&d=mm&r=g","contentUrl":"https:\/\/secure.gravatar.com\/avatar\/1a1320de1c1971c893f00068f760b4113d69504aa21273da17ee95650c5944fd?s=96&d=mm&r=g","caption":"KJ"},"url":"https:\/\/www.webdo.tn\/fr\/actualite\/author\/kj\/"}]}},"_links":{"self":[{"href":"https:\/\/www.webdo.tn\/fr\/wp-json\/wp\/v2\/posts\/220177","targetHints":{"allow":["GET"]}}],"collection":[{"href":"https:\/\/www.webdo.tn\/fr\/wp-json\/wp\/v2\/posts"}],"about":[{"href":"https:\/\/www.webdo.tn\/fr\/wp-json\/wp\/v2\/types\/post"}],"author":[{"embeddable":true,"href":"https:\/\/www.webdo.tn\/fr\/wp-json\/wp\/v2\/users\/3163"}],"replies":[{"embeddable":true,"href":"https:\/\/www.webdo.tn\/fr\/wp-json\/wp\/v2\/comments?post=220177"}],"version-history":[{"count":0,"href":"https:\/\/www.webdo.tn\/fr\/wp-json\/wp\/v2\/posts\/220177\/revisions"}],"wp:featuredmedia":[{"embeddable":true,"href":"https:\/\/www.webdo.tn\/fr\/wp-json\/wp\/v2\/media\/241972"}],"wp:attachment":[{"href":"https:\/\/www.webdo.tn\/fr\/wp-json\/wp\/v2\/media?parent=220177"}],"wp:term":[{"taxonomy":"category","embeddable":true,"href":"https:\/\/www.webdo.tn\/fr\/wp-json\/wp\/v2\/categories?post=220177"},{"taxonomy":"post_tag","embeddable":true,"href":"https:\/\/www.webdo.tn\/fr\/wp-json\/wp\/v2\/tags?post=220177"}],"curies":[{"name":"wp","href":"https:\/\/api.w.org\/{rel}","templated":true}]}}