{"id":220169,"date":"2025-02-27T16:17:00","date_gmt":"2025-02-27T16:17:00","guid":{"rendered":"https:\/\/www.webdo.tn\/fr\/blog\/2025\/02\/27\/tunisie-ligue-1-22eme-j-l-usmo-s-empare-de-la-deuxieme-place\/"},"modified":"2025-05-20T21:42:24","modified_gmt":"2025-05-20T21:42:24","slug":"tunisie-ligue-1-22eme-j-l-usmo-s-empare-de-la-deuxieme-place","status":"publish","type":"post","link":"https:\/\/www.webdo.tn\/fr\/actualite\/sport\/tunisie-ligue-1-22eme-j-l-usmo-s-empare-de-la-deuxieme-place\/220169\/","title":{"rendered":"Tunisie &#8211; Ligue 1 (22\u00e8me J.) : L\u2019USMo s\u2019empare de la deuxi\u00e8me place"},"content":{"rendered":"<p>Le rideau est tomb\u00e9 sur la 22\u00e8me journ\u00e9e de Ligue 1. Le choc qui a eu lieu \u00e0 Monastir entre l\u2019US Monastirienne et le Club Africain a tourn\u00e9 en faveur des Us\u00e9mistes. Ces derniers se sont impos\u00e9s sur le score de 1-0 gr\u00e2ce \u00e0 un but d\u2019Aymen Harzi \u00e0 la 42\u2019.<\/p>\n<p>De son c\u00f4t\u00e9 le Stade Tunisien a mis fin \u00e0 sa mauvaise s\u00e9rie en s\u2019imposant face \u00e0 l\u2019US Ben Guerdane sur la plus petite marge (1-0), alors que EGS Gafsa est all\u00e9 battre l\u2019US Tataouine dans le match des mal class\u00e9s. Enfin, le CS Sfaxien a battu l\u2019O B\u00e9ja.<\/p>\n<p>RESULTATS<\/p>\n<p>\tES Tunis &#8211; ES Sahel 3-0<br \/>\n\tAS Soliman &#8211; JS Omrane 1-0<br \/>\n\tCA Bizertin &#8211; ES Zarzis 4-1<br \/>\n\tES M\u00e9tlaoui &#8211; AS Gabes 2-1<br \/>\n\tUS Monastirienne &#8211; Club Africain 1-0<br \/>\n\tO. B\u00e9ja &#8211; CS Sfaxien 1-2<br \/>\n\tStade Tunisien &#8211; US Ben Guerdane 1-0<br \/>\n\tUS Tataouine &#8211; EGS Gafsa 0-1<\/p>\n<p>CLASSEMENT<\/p>\n","protected":false},"excerpt":{"rendered":"<p>Le rideau est tomb\u00e9 sur la 22\u00e8me journ\u00e9e de Ligue 1. Le choc qui a eu lieu \u00e0 Monastir entre l\u2019US Monastirienne et le Club Africain a tourn\u00e9 en faveur des Us\u00e9mis&#8230;<\/p>\n","protected":false},"author":3162,"featured_media":241960,"comment_status":"open","ping_status":"open","sticky":false,"template":"","format":"standard","meta":{"footnotes":""},"categories":[2593],"tags":[2778,2622,2777,2608],"class_list":["post-220169","post","type-post","status-publish","format-standard","has-post-thumbnail","hentry","category-sport","tag-championnat","tag-football","tag-ligue-1","tag-tunisie"],"yoast_head":"<!-- This site is optimized with the Yoast SEO Premium plugin v27.4 (Yoast SEO v27.5) - https:\/\/yoast.com\/product\/yoast-seo-premium-wordpress\/ -->\n<title>Tunisie - Ligue 1 (22\u00e8me J.) : L\u2019USMo s\u2019empare de la deuxi\u00e8me place<\/title>\n<meta name=\"description\" content=\"Le rideau est tomb\u00e9 sur la 22\u00e8me journ\u00e9e de Ligue 1. Le choc qui a eu lieu \u00e0 Monastir entre l\u2019US Monastirienne et le Club Africain a tourn\u00e9 en faveur des Us\u00e9mis...\" \/>\n<link rel=\"canonical\" href=\"https:\/\/www.webdo.tn\/fr\/actualite\/sport\/tunisie-ligue-1-22eme-j-l-usmo-s-empare-de-la-deuxieme-place\/220169\/\" \/>\n<meta property=\"og:locale\" content=\"fr_FR\" \/>\n<meta property=\"og:type\" content=\"article\" \/>\n<meta property=\"og:title\" content=\"Tunisie - Ligue 1 (22\u00e8me J.) : L\u2019USMo s\u2019empare de la deuxi\u00e8me place\" \/>\n<meta property=\"og:description\" content=\"Le rideau est tomb\u00e9 sur la 22\u00e8me journ\u00e9e de Ligue 1. Le choc qui a eu lieu \u00e0 Monastir entre l\u2019US Monastirienne et le Club Africain a tourn\u00e9 en faveur des Us\u00e9mis...\" \/>\n<meta property=\"og:url\" content=\"https:\/\/www.webdo.tn\/fr\/actualite\/sport\/tunisie-ligue-1-22eme-j-l-usmo-s-empare-de-la-deuxieme-place\/220169\/\" \/>\n<meta property=\"og:site_name\" content=\"webdo\" \/>\n<meta property=\"article:publisher\" content=\"https:\/\/www.facebook.com\/webdotn\" \/>\n<meta property=\"article:published_time\" content=\"2025-02-27T16:17:00+00:00\" \/>\n<meta property=\"article:modified_time\" content=\"2025-05-20T21:42:24+00:00\" \/>\n<meta property=\"og:image\" content=\"https:\/\/www.webdo.tn\/fr\/wp-content\/uploads\/2025\/05\/6e23829ed53996afbdd2f459d32fe233-2.webp\" \/>\n\t<meta property=\"og:image:width\" content=\"750\" \/>\n\t<meta property=\"og:image:height\" content=\"400\" \/>\n\t<meta property=\"og:image:type\" content=\"image\/webp\" \/>\n<meta name=\"author\" content=\"MC\" \/>\n<meta name=\"twitter:card\" content=\"summary_large_image\" \/>\n<meta name=\"twitter:creator\" content=\"@webdo_tn\" \/>\n<meta name=\"twitter:site\" content=\"@webdo_tn\" \/>\n<meta name=\"twitter:label1\" content=\"\u00c9crit par\" \/>\n\t<meta name=\"twitter:data1\" content=\"MC\" \/>\n\t<meta name=\"twitter:label2\" content=\"Dur\u00e9e de lecture estim\u00e9e\" \/>\n\t<meta name=\"twitter:data2\" content=\"1 minute\" \/>\n<script type=\"application\/ld+json\" class=\"yoast-schema-graph\">{\"@context\":\"https:\\\/\\\/schema.org\",\"@graph\":[{\"@type\":\"NewsArticle\",\"@id\":\"https:\\\/\\\/www.webdo.tn\\\/fr\\\/actualite\\\/sport\\\/tunisie-ligue-1-22eme-j-l-usmo-s-empare-de-la-deuxieme-place\\\/220169\\\/#article\",\"isPartOf\":{\"@id\":\"https:\\\/\\\/www.webdo.tn\\\/fr\\\/actualite\\\/sport\\\/tunisie-ligue-1-22eme-j-l-usmo-s-empare-de-la-deuxieme-place\\\/220169\\\/\"},\"author\":{\"name\":\"MC\",\"@id\":\"https:\\\/\\\/www.webdo.tn\\\/fr\\\/#\\\/schema\\\/person\\\/2c4929cbf5a809e3bd38617c6ce150f6\"},\"headline\":\"Tunisie &#8211; Ligue 1 (22\u00e8me J.) : L\u2019USMo s\u2019empare de la deuxi\u00e8me place\",\"datePublished\":\"2025-02-27T16:17:00+00:00\",\"dateModified\":\"2025-05-20T21:42:24+00:00\",\"mainEntityOfPage\":{\"@id\":\"https:\\\/\\\/www.webdo.tn\\\/fr\\\/actualite\\\/sport\\\/tunisie-ligue-1-22eme-j-l-usmo-s-empare-de-la-deuxieme-place\\\/220169\\\/\"},\"wordCount\":174,\"commentCount\":0,\"publisher\":{\"@id\":\"https:\\\/\\\/www.webdo.tn\\\/fr\\\/#organization\"},\"image\":{\"@id\":\"https:\\\/\\\/www.webdo.tn\\\/fr\\\/actualite\\\/sport\\\/tunisie-ligue-1-22eme-j-l-usmo-s-empare-de-la-deuxieme-place\\\/220169\\\/#primaryimage\"},\"thumbnailUrl\":\"https:\\\/\\\/www.webdo.tn\\\/fr\\\/wp-content\\\/uploads\\\/2025\\\/05\\\/6e23829ed53996afbdd2f459d32fe233-2.webp\",\"keywords\":[\"championnat\",\"football\",\"Ligue 1\",\"Tunisie\"],\"articleSection\":[\"Sport\"],\"inLanguage\":\"fr-FR\"},{\"@type\":\"WebPage\",\"@id\":\"https:\\\/\\\/www.webdo.tn\\\/fr\\\/actualite\\\/sport\\\/tunisie-ligue-1-22eme-j-l-usmo-s-empare-de-la-deuxieme-place\\\/220169\\\/\",\"url\":\"https:\\\/\\\/www.webdo.tn\\\/fr\\\/actualite\\\/sport\\\/tunisie-ligue-1-22eme-j-l-usmo-s-empare-de-la-deuxieme-place\\\/220169\\\/\",\"name\":\"Tunisie - Ligue 1 (22\u00e8me J.) : L\u2019USMo s\u2019empare de la deuxi\u00e8me place\",\"isPartOf\":{\"@id\":\"https:\\\/\\\/www.webdo.tn\\\/fr\\\/#website\"},\"primaryImageOfPage\":{\"@id\":\"https:\\\/\\\/www.webdo.tn\\\/fr\\\/actualite\\\/sport\\\/tunisie-ligue-1-22eme-j-l-usmo-s-empare-de-la-deuxieme-place\\\/220169\\\/#primaryimage\"},\"image\":{\"@id\":\"https:\\\/\\\/www.webdo.tn\\\/fr\\\/actualite\\\/sport\\\/tunisie-ligue-1-22eme-j-l-usmo-s-empare-de-la-deuxieme-place\\\/220169\\\/#primaryimage\"},\"thumbnailUrl\":\"https:\\\/\\\/www.webdo.tn\\\/fr\\\/wp-content\\\/uploads\\\/2025\\\/05\\\/6e23829ed53996afbdd2f459d32fe233-2.webp\",\"datePublished\":\"2025-02-27T16:17:00+00:00\",\"dateModified\":\"2025-05-20T21:42:24+00:00\",\"description\":\"Le rideau est tomb\u00e9 sur la 22\u00e8me journ\u00e9e de Ligue 1. Le choc qui a eu lieu \u00e0 Monastir entre l\u2019US Monastirienne et le Club Africain a tourn\u00e9 en faveur des Us\u00e9mis...\",\"breadcrumb\":{\"@id\":\"https:\\\/\\\/www.webdo.tn\\\/fr\\\/actualite\\\/sport\\\/tunisie-ligue-1-22eme-j-l-usmo-s-empare-de-la-deuxieme-place\\\/220169\\\/#breadcrumb\"},\"inLanguage\":\"fr-FR\",\"potentialAction\":[{\"@type\":\"ReadAction\",\"target\":[\"https:\\\/\\\/www.webdo.tn\\\/fr\\\/actualite\\\/sport\\\/tunisie-ligue-1-22eme-j-l-usmo-s-empare-de-la-deuxieme-place\\\/220169\\\/\"]}]},{\"@type\":\"ImageObject\",\"inLanguage\":\"fr-FR\",\"@id\":\"https:\\\/\\\/www.webdo.tn\\\/fr\\\/actualite\\\/sport\\\/tunisie-ligue-1-22eme-j-l-usmo-s-empare-de-la-deuxieme-place\\\/220169\\\/#primaryimage\",\"url\":\"https:\\\/\\\/www.webdo.tn\\\/fr\\\/wp-content\\\/uploads\\\/2025\\\/05\\\/6e23829ed53996afbdd2f459d32fe233-2.webp\",\"contentUrl\":\"https:\\\/\\\/www.webdo.tn\\\/fr\\\/wp-content\\\/uploads\\\/2025\\\/05\\\/6e23829ed53996afbdd2f459d32fe233-2.webp\",\"width\":750,\"height\":400},{\"@type\":\"BreadcrumbList\",\"@id\":\"https:\\\/\\\/www.webdo.tn\\\/fr\\\/actualite\\\/sport\\\/tunisie-ligue-1-22eme-j-l-usmo-s-empare-de-la-deuxieme-place\\\/220169\\\/#breadcrumb\",\"itemListElement\":[{\"@type\":\"ListItem\",\"position\":1,\"name\":\"Accueil\",\"item\":\"https:\\\/\\\/www.webdo.tn\\\/fr\\\/\"},{\"@type\":\"ListItem\",\"position\":2,\"name\":\"Tunisie &#8211; Ligue 1 (22\u00e8me J.) : L\u2019USMo s\u2019empare de la deuxi\u00e8me place\"}]},{\"@type\":\"WebSite\",\"@id\":\"https:\\\/\\\/www.webdo.tn\\\/fr\\\/#website\",\"url\":\"https:\\\/\\\/www.webdo.tn\\\/fr\\\/\",\"name\":\"webdo\",\"description\":\"Tunisie - News en Tunisie et \u00e0 l&#039;international sur Webdo.tn\",\"publisher\":{\"@id\":\"https:\\\/\\\/www.webdo.tn\\\/fr\\\/#organization\"},\"potentialAction\":[{\"@type\":\"SearchAction\",\"target\":{\"@type\":\"EntryPoint\",\"urlTemplate\":\"https:\\\/\\\/www.webdo.tn\\\/fr\\\/?s={search_term_string}\"},\"query-input\":{\"@type\":\"PropertyValueSpecification\",\"valueRequired\":true,\"valueName\":\"search_term_string\"}}],\"inLanguage\":\"fr-FR\"},{\"@type\":\"Organization\",\"@id\":\"https:\\\/\\\/www.webdo.tn\\\/fr\\\/#organization\",\"name\":\"Webdo\",\"alternateName\":\"Webdo.tn\",\"url\":\"https:\\\/\\\/www.webdo.tn\\\/fr\\\/\",\"logo\":{\"@type\":\"ImageObject\",\"inLanguage\":\"fr-FR\",\"@id\":\"https:\\\/\\\/www.webdo.tn\\\/fr\\\/#\\\/schema\\\/logo\\\/image\\\/\",\"url\":\"https:\\\/\\\/www.webdo.tn\\\/fr\\\/wp-content\\\/uploads\\\/2025\\\/06\\\/Webdo-Tunisie_168377.jpg\",\"contentUrl\":\"https:\\\/\\\/www.webdo.tn\\\/fr\\\/wp-content\\\/uploads\\\/2025\\\/06\\\/Webdo-Tunisie_168377.jpg\",\"width\":301,\"height\":301,\"caption\":\"Webdo\"},\"image\":{\"@id\":\"https:\\\/\\\/www.webdo.tn\\\/fr\\\/#\\\/schema\\\/logo\\\/image\\\/\"},\"sameAs\":[\"https:\\\/\\\/www.facebook.com\\\/webdotn\",\"https:\\\/\\\/x.com\\\/webdo_tn\"],\"description\":\"Webdo est un m\u00e9dia num\u00e9rique tunisien fond\u00e9 en 2010, sp\u00e9cialis\u00e9 dans l\u2019actualit\u00e9 nationale et internationale, l\u2019\u00e9conomie, la soci\u00e9t\u00e9 et les analyses politiques. Le site s\u2019adresse \u00e0 un large public francophone et couvre l\u2019information tunisienne en temps r\u00e9el.\",\"email\":\"redac@webdo.tn\",\"legalName\":\"YNJ SARL\",\"foundingDate\":\"2010-09-06\",\"numberOfEmployees\":{\"@type\":\"QuantitativeValue\",\"minValue\":\"11\",\"maxValue\":\"50\"}},{\"@type\":\"Person\",\"@id\":\"https:\\\/\\\/www.webdo.tn\\\/fr\\\/#\\\/schema\\\/person\\\/2c4929cbf5a809e3bd38617c6ce150f6\",\"name\":\"MC\",\"image\":{\"@type\":\"ImageObject\",\"inLanguage\":\"fr-FR\",\"@id\":\"https:\\\/\\\/secure.gravatar.com\\\/avatar\\\/a545bbb6f84efdd5553dbbc2895e3ca8f1d12c5215e00a041c9670b54aa9b18a?s=96&d=mm&r=g\",\"url\":\"https:\\\/\\\/secure.gravatar.com\\\/avatar\\\/a545bbb6f84efdd5553dbbc2895e3ca8f1d12c5215e00a041c9670b54aa9b18a?s=96&d=mm&r=g\",\"contentUrl\":\"https:\\\/\\\/secure.gravatar.com\\\/avatar\\\/a545bbb6f84efdd5553dbbc2895e3ca8f1d12c5215e00a041c9670b54aa9b18a?s=96&d=mm&r=g\",\"caption\":\"MC\"},\"url\":\"https:\\\/\\\/www.webdo.tn\\\/fr\\\/actualite\\\/author\\\/mc\\\/\"}]}<\/script>\n<!-- \/ Yoast SEO Premium plugin. -->","yoast_head_json":{"title":"Tunisie - Ligue 1 (22\u00e8me J.) : L\u2019USMo s\u2019empare de la deuxi\u00e8me place","description":"Le rideau est tomb\u00e9 sur la 22\u00e8me journ\u00e9e de Ligue 1. Le choc qui a eu lieu \u00e0 Monastir entre l\u2019US Monastirienne et le Club Africain a tourn\u00e9 en faveur des Us\u00e9mis...","canonical":"https:\/\/www.webdo.tn\/fr\/actualite\/sport\/tunisie-ligue-1-22eme-j-l-usmo-s-empare-de-la-deuxieme-place\/220169\/","og_locale":"fr_FR","og_type":"article","og_title":"Tunisie - Ligue 1 (22\u00e8me J.) : L\u2019USMo s\u2019empare de la deuxi\u00e8me place","og_description":"Le rideau est tomb\u00e9 sur la 22\u00e8me journ\u00e9e de Ligue 1. Le choc qui a eu lieu \u00e0 Monastir entre l\u2019US Monastirienne et le Club Africain a tourn\u00e9 en faveur des Us\u00e9mis...","og_url":"https:\/\/www.webdo.tn\/fr\/actualite\/sport\/tunisie-ligue-1-22eme-j-l-usmo-s-empare-de-la-deuxieme-place\/220169\/","og_site_name":"webdo","article_publisher":"https:\/\/www.facebook.com\/webdotn","article_published_time":"2025-02-27T16:17:00+00:00","article_modified_time":"2025-05-20T21:42:24+00:00","og_image":[{"width":750,"height":400,"url":"https:\/\/www.webdo.tn\/fr\/wp-content\/uploads\/2025\/05\/6e23829ed53996afbdd2f459d32fe233-2.webp","type":"image\/webp"}],"author":"MC","twitter_card":"summary_large_image","twitter_creator":"@webdo_tn","twitter_site":"@webdo_tn","twitter_misc":{"\u00c9crit par":"MC","Dur\u00e9e de lecture estim\u00e9e":"1 minute"},"schema":{"@context":"https:\/\/schema.org","@graph":[{"@type":"NewsArticle","@id":"https:\/\/www.webdo.tn\/fr\/actualite\/sport\/tunisie-ligue-1-22eme-j-l-usmo-s-empare-de-la-deuxieme-place\/220169\/#article","isPartOf":{"@id":"https:\/\/www.webdo.tn\/fr\/actualite\/sport\/tunisie-ligue-1-22eme-j-l-usmo-s-empare-de-la-deuxieme-place\/220169\/"},"author":{"name":"MC","@id":"https:\/\/www.webdo.tn\/fr\/#\/schema\/person\/2c4929cbf5a809e3bd38617c6ce150f6"},"headline":"Tunisie &#8211; Ligue 1 (22\u00e8me J.) : L\u2019USMo s\u2019empare de la deuxi\u00e8me place","datePublished":"2025-02-27T16:17:00+00:00","dateModified":"2025-05-20T21:42:24+00:00","mainEntityOfPage":{"@id":"https:\/\/www.webdo.tn\/fr\/actualite\/sport\/tunisie-ligue-1-22eme-j-l-usmo-s-empare-de-la-deuxieme-place\/220169\/"},"wordCount":174,"commentCount":0,"publisher":{"@id":"https:\/\/www.webdo.tn\/fr\/#organization"},"image":{"@id":"https:\/\/www.webdo.tn\/fr\/actualite\/sport\/tunisie-ligue-1-22eme-j-l-usmo-s-empare-de-la-deuxieme-place\/220169\/#primaryimage"},"thumbnailUrl":"https:\/\/www.webdo.tn\/fr\/wp-content\/uploads\/2025\/05\/6e23829ed53996afbdd2f459d32fe233-2.webp","keywords":["championnat","football","Ligue 1","Tunisie"],"articleSection":["Sport"],"inLanguage":"fr-FR"},{"@type":"WebPage","@id":"https:\/\/www.webdo.tn\/fr\/actualite\/sport\/tunisie-ligue-1-22eme-j-l-usmo-s-empare-de-la-deuxieme-place\/220169\/","url":"https:\/\/www.webdo.tn\/fr\/actualite\/sport\/tunisie-ligue-1-22eme-j-l-usmo-s-empare-de-la-deuxieme-place\/220169\/","name":"Tunisie - Ligue 1 (22\u00e8me J.) : L\u2019USMo s\u2019empare de la deuxi\u00e8me place","isPartOf":{"@id":"https:\/\/www.webdo.tn\/fr\/#website"},"primaryImageOfPage":{"@id":"https:\/\/www.webdo.tn\/fr\/actualite\/sport\/tunisie-ligue-1-22eme-j-l-usmo-s-empare-de-la-deuxieme-place\/220169\/#primaryimage"},"image":{"@id":"https:\/\/www.webdo.tn\/fr\/actualite\/sport\/tunisie-ligue-1-22eme-j-l-usmo-s-empare-de-la-deuxieme-place\/220169\/#primaryimage"},"thumbnailUrl":"https:\/\/www.webdo.tn\/fr\/wp-content\/uploads\/2025\/05\/6e23829ed53996afbdd2f459d32fe233-2.webp","datePublished":"2025-02-27T16:17:00+00:00","dateModified":"2025-05-20T21:42:24+00:00","description":"Le rideau est tomb\u00e9 sur la 22\u00e8me journ\u00e9e de Ligue 1. Le choc qui a eu lieu \u00e0 Monastir entre l\u2019US Monastirienne et le Club Africain a tourn\u00e9 en faveur des Us\u00e9mis...","breadcrumb":{"@id":"https:\/\/www.webdo.tn\/fr\/actualite\/sport\/tunisie-ligue-1-22eme-j-l-usmo-s-empare-de-la-deuxieme-place\/220169\/#breadcrumb"},"inLanguage":"fr-FR","potentialAction":[{"@type":"ReadAction","target":["https:\/\/www.webdo.tn\/fr\/actualite\/sport\/tunisie-ligue-1-22eme-j-l-usmo-s-empare-de-la-deuxieme-place\/220169\/"]}]},{"@type":"ImageObject","inLanguage":"fr-FR","@id":"https:\/\/www.webdo.tn\/fr\/actualite\/sport\/tunisie-ligue-1-22eme-j-l-usmo-s-empare-de-la-deuxieme-place\/220169\/#primaryimage","url":"https:\/\/www.webdo.tn\/fr\/wp-content\/uploads\/2025\/05\/6e23829ed53996afbdd2f459d32fe233-2.webp","contentUrl":"https:\/\/www.webdo.tn\/fr\/wp-content\/uploads\/2025\/05\/6e23829ed53996afbdd2f459d32fe233-2.webp","width":750,"height":400},{"@type":"BreadcrumbList","@id":"https:\/\/www.webdo.tn\/fr\/actualite\/sport\/tunisie-ligue-1-22eme-j-l-usmo-s-empare-de-la-deuxieme-place\/220169\/#breadcrumb","itemListElement":[{"@type":"ListItem","position":1,"name":"Accueil","item":"https:\/\/www.webdo.tn\/fr\/"},{"@type":"ListItem","position":2,"name":"Tunisie &#8211; Ligue 1 (22\u00e8me J.) : L\u2019USMo s\u2019empare de la deuxi\u00e8me place"}]},{"@type":"WebSite","@id":"https:\/\/www.webdo.tn\/fr\/#website","url":"https:\/\/www.webdo.tn\/fr\/","name":"webdo","description":"Tunisie - News en Tunisie et \u00e0 l&#039;international sur Webdo.tn","publisher":{"@id":"https:\/\/www.webdo.tn\/fr\/#organization"},"potentialAction":[{"@type":"SearchAction","target":{"@type":"EntryPoint","urlTemplate":"https:\/\/www.webdo.tn\/fr\/?s={search_term_string}"},"query-input":{"@type":"PropertyValueSpecification","valueRequired":true,"valueName":"search_term_string"}}],"inLanguage":"fr-FR"},{"@type":"Organization","@id":"https:\/\/www.webdo.tn\/fr\/#organization","name":"Webdo","alternateName":"Webdo.tn","url":"https:\/\/www.webdo.tn\/fr\/","logo":{"@type":"ImageObject","inLanguage":"fr-FR","@id":"https:\/\/www.webdo.tn\/fr\/#\/schema\/logo\/image\/","url":"https:\/\/www.webdo.tn\/fr\/wp-content\/uploads\/2025\/06\/Webdo-Tunisie_168377.jpg","contentUrl":"https:\/\/www.webdo.tn\/fr\/wp-content\/uploads\/2025\/06\/Webdo-Tunisie_168377.jpg","width":301,"height":301,"caption":"Webdo"},"image":{"@id":"https:\/\/www.webdo.tn\/fr\/#\/schema\/logo\/image\/"},"sameAs":["https:\/\/www.facebook.com\/webdotn","https:\/\/x.com\/webdo_tn"],"description":"Webdo est un m\u00e9dia num\u00e9rique tunisien fond\u00e9 en 2010, sp\u00e9cialis\u00e9 dans l\u2019actualit\u00e9 nationale et internationale, l\u2019\u00e9conomie, la soci\u00e9t\u00e9 et les analyses politiques. Le site s\u2019adresse \u00e0 un large public francophone et couvre l\u2019information tunisienne en temps r\u00e9el.","email":"redac@webdo.tn","legalName":"YNJ SARL","foundingDate":"2010-09-06","numberOfEmployees":{"@type":"QuantitativeValue","minValue":"11","maxValue":"50"}},{"@type":"Person","@id":"https:\/\/www.webdo.tn\/fr\/#\/schema\/person\/2c4929cbf5a809e3bd38617c6ce150f6","name":"MC","image":{"@type":"ImageObject","inLanguage":"fr-FR","@id":"https:\/\/secure.gravatar.com\/avatar\/a545bbb6f84efdd5553dbbc2895e3ca8f1d12c5215e00a041c9670b54aa9b18a?s=96&d=mm&r=g","url":"https:\/\/secure.gravatar.com\/avatar\/a545bbb6f84efdd5553dbbc2895e3ca8f1d12c5215e00a041c9670b54aa9b18a?s=96&d=mm&r=g","contentUrl":"https:\/\/secure.gravatar.com\/avatar\/a545bbb6f84efdd5553dbbc2895e3ca8f1d12c5215e00a041c9670b54aa9b18a?s=96&d=mm&r=g","caption":"MC"},"url":"https:\/\/www.webdo.tn\/fr\/actualite\/author\/mc\/"}]}},"_links":{"self":[{"href":"https:\/\/www.webdo.tn\/fr\/wp-json\/wp\/v2\/posts\/220169","targetHints":{"allow":["GET"]}}],"collection":[{"href":"https:\/\/www.webdo.tn\/fr\/wp-json\/wp\/v2\/posts"}],"about":[{"href":"https:\/\/www.webdo.tn\/fr\/wp-json\/wp\/v2\/types\/post"}],"author":[{"embeddable":true,"href":"https:\/\/www.webdo.tn\/fr\/wp-json\/wp\/v2\/users\/3162"}],"replies":[{"embeddable":true,"href":"https:\/\/www.webdo.tn\/fr\/wp-json\/wp\/v2\/comments?post=220169"}],"version-history":[{"count":0,"href":"https:\/\/www.webdo.tn\/fr\/wp-json\/wp\/v2\/posts\/220169\/revisions"}],"wp:featuredmedia":[{"embeddable":true,"href":"https:\/\/www.webdo.tn\/fr\/wp-json\/wp\/v2\/media\/241960"}],"wp:attachment":[{"href":"https:\/\/www.webdo.tn\/fr\/wp-json\/wp\/v2\/media?parent=220169"}],"wp:term":[{"taxonomy":"category","embeddable":true,"href":"https:\/\/www.webdo.tn\/fr\/wp-json\/wp\/v2\/categories?post=220169"},{"taxonomy":"post_tag","embeddable":true,"href":"https:\/\/www.webdo.tn\/fr\/wp-json\/wp\/v2\/tags?post=220169"}],"curies":[{"name":"wp","href":"https:\/\/api.w.org\/{rel}","templated":true}]}}