{"id":220154,"date":"2025-02-27T09:27:00","date_gmt":"2025-02-27T09:27:00","guid":{"rendered":"https:\/\/www.webdo.tn\/fr\/blog\/tunisie-zied-el-heni-vise-par-une-enquete-dans-une-affaire-immobiliere-a-carthage\/220154\/"},"modified":"2025-05-20T22:16:58","modified_gmt":"2025-05-20T22:16:58","slug":"tunisie-zied-el-heni-vise-par-une-enquete-dans-une-affaire-immobiliere-a-carthage","status":"publish","type":"post","link":"https:\/\/www.webdo.tn\/fr\/actualite\/national\/tunisie-zied-el-heni-vise-par-une-enquete-dans-une-affaire-immobiliere-a-carthage\/220154\/","title":{"rendered":"Tunisie : Zied El Heni vis\u00e9 par une enqu\u00eate dans une affaire immobili\u00e8re \u00e0 Carthage"},"content":{"rendered":"<p>Le mercredi 26 f\u00e9vrier 2025, une source judiciaire a indiqu\u00e9 que Zied El Heni a comparu devant le juge d&rsquo;instruction du tribunal de premi\u00e8re instance de Tunis. Cette comparution s&rsquo;inscrit dans le cadre d&rsquo;une enqu\u00eate ouverte \u00e0 son encontre, ainsi qu&rsquo;\u00e0 l&rsquo;encontre d&rsquo;autres parties et de toute personne susceptible d&rsquo;\u00eatre identifi\u00e9e au cours des investigations.<\/p>\n<p>\t\t\t\t\t\t\t\t\tLes accusations portent sur l&rsquo;exploitation de la fonction publique \u00e0 des fins d&rsquo;enrichissement personnel ou au profit d&rsquo;autrui, au d\u00e9triment de l&rsquo;administration. Elles incluent \u00e9galement des infractions li\u00e9es \u00e0 la falsification et \u00e0 l&rsquo;usage de faux, ainsi que la violation des r\u00e8glements en vigueur pour favoriser certaines op\u00e9rations immobili\u00e8res.<\/p>\n<p>L&rsquo;enqu\u00eate fait suite \u00e0 une plainte d\u00e9pos\u00e9e en d\u00e9cembre 2022 par une association d\u00e9di\u00e9e \u00e0 la protection du patrimoine arch\u00e9ologique et culturel de Carthage. Cette association a soulev\u00e9 des soup\u00e7ons de corruption et de manipulation concernant l&rsquo;attribution d&rsquo;un terrain de 700 m\u00b2 dans cette zone historique. \u00a0<\/p>\n<p>La plainte avait \u00e9t\u00e9 d\u00e9pos\u00e9e contre Zied El Heni en sa qualit\u00e9 de membre du conseil municipal de Carthage.<\/p>\n<p>Selon les all\u00e9gations, le terrain aurait \u00e9t\u00e9 c\u00e9d\u00e9 \u00e0 un particulier pour moins de 50 000 dinars, malgr\u00e9 sa valeur arch\u00e9ologique interdisant toute construction. L&rsquo;op\u00e9ration est jug\u00e9e suspecte en raison du prix anormalement bas et des constructions qui y ont \u00e9t\u00e9 r\u00e9alis\u00e9es.<\/p>\n<p>\u00c0 l&rsquo;issue de son audition, le juge d&rsquo;instruction a d\u00e9cid\u00e9 de maintenir Zied El Hani en libert\u00e9 sous caution, en attendant la poursuite de l&rsquo;enqu\u00eate.<\/p>\n<p>Il est important de noter que Zied El Hani a d\u00e9j\u00e0 \u00e9t\u00e9 confront\u00e9 \u00e0 la justice \u00e0 plusieurs reprises. En d\u00e9cembre 2023, il avait \u00e9t\u00e9 convoqu\u00e9 par la cinqui\u00e8me brigade centrale de lutte contre les d\u00e9linquances informatiques et de communication de la Garde nationale de l&rsquo;Aouina en tant que suspect.<\/p>\n<p>En janvier 2024, il avait \u00e9galement \u00e9t\u00e9 convoqu\u00e9 devant le p\u00f4le judiciaire de lutte contre le terrorisme, en relation avec le traitement m\u00e9diatique du dossier de l&rsquo;ancien chef par int\u00e9rim d&rsquo;Ennahdha, Mondher Lounissi.<\/p>\n","protected":false},"excerpt":{"rendered":"<p>Le mercredi 26 f\u00e9vrier 2025, une source judiciaire a indiqu\u00e9 que Zied El Heni a comparu devant le juge d&rsquo;instruction du tribunal de premi\u00e8re instance de Tunis&#8230;.<\/p>\n","protected":false},"author":3162,"featured_media":291968,"comment_status":"open","ping_status":"closed","sticky":false,"template":"","format":"standard","meta":{"footnotes":""},"categories":[44],"tags":[3223,5040,2619,4755,2608,3913],"class_list":["post-220154","post","type-post","status-publish","format-standard","has-post-thumbnail","hentry","category-national","tag-carthage","tag-immobilier","tag-justice","tag-plainte","tag-tunisie","tag-zied-el-heni"],"yoast_head":"<!-- This site is optimized with the Yoast SEO Premium plugin v27.5 (Yoast SEO v27.5) - https:\/\/yoast.com\/product\/yoast-seo-premium-wordpress\/ -->\n<title>Tunisie : Zied El Heni vis\u00e9 par une enqu\u00eate dans une affaire immobili\u00e8re \u00e0 Carthage<\/title>\n<meta name=\"description\" content=\"Le mercredi 26 f\u00e9vrier 2025, une source judiciaire a indiqu\u00e9 que Zied El Heni a comparu devant le juge d&#039;instruction du tribunal de premi\u00e8re instance de Tunis....\" \/>\n<link rel=\"canonical\" href=\"https:\/\/www.webdo.tn\/fr\/actualite\/national\/tunisie-zied-el-heni-vise-par-une-enquete-dans-une-affaire-immobiliere-a-carthage\/220154\/\" \/>\n<meta property=\"og:locale\" content=\"fr_FR\" \/>\n<meta property=\"og:type\" content=\"article\" \/>\n<meta property=\"og:title\" content=\"Tunisie : Zied El Heni vis\u00e9 par une enqu\u00eate dans une affaire immobili\u00e8re \u00e0 Carthage\" \/>\n<meta property=\"og:description\" content=\"Le mercredi 26 f\u00e9vrier 2025, une source judiciaire a indiqu\u00e9 que Zied El Heni a comparu devant le juge d&#039;instruction du tribunal de premi\u00e8re instance de Tunis....\" \/>\n<meta property=\"og:url\" content=\"https:\/\/www.webdo.tn\/fr\/actualite\/national\/tunisie-zied-el-heni-vise-par-une-enquete-dans-une-affaire-immobiliere-a-carthage\/220154\/\" \/>\n<meta property=\"og:site_name\" content=\"webdo\" \/>\n<meta property=\"article:publisher\" content=\"https:\/\/www.facebook.com\/webdotn\" \/>\n<meta property=\"article:published_time\" content=\"2025-02-27T09:27:00+00:00\" \/>\n<meta property=\"article:modified_time\" content=\"2025-05-20T22:16:58+00:00\" \/>\n<meta property=\"og:image\" content=\"https:\/\/www.webdo.tn\/fr\/wp-content\/uploads\/2025\/02\/64c9ff46fff9edd5834e39a58c7b59f3.webp\" \/>\n\t<meta property=\"og:image:width\" content=\"710\" \/>\n\t<meta property=\"og:image:height\" content=\"379\" \/>\n\t<meta property=\"og:image:type\" content=\"image\/webp\" \/>\n<meta name=\"author\" content=\"MC\" \/>\n<meta name=\"twitter:card\" content=\"summary_large_image\" \/>\n<meta name=\"twitter:creator\" content=\"@webdo_tn\" \/>\n<meta name=\"twitter:site\" content=\"@webdo_tn\" \/>\n<meta name=\"twitter:label1\" content=\"\u00c9crit par\" \/>\n\t<meta name=\"twitter:data1\" content=\"MC\" \/>\n\t<meta name=\"twitter:label2\" content=\"Dur\u00e9e de lecture estim\u00e9e\" \/>\n\t<meta name=\"twitter:data2\" content=\"2 minutes\" \/>\n<script type=\"application\/ld+json\" class=\"yoast-schema-graph\">{\"@context\":\"https:\\\/\\\/schema.org\",\"@graph\":[{\"@type\":\"NewsArticle\",\"@id\":\"https:\\\/\\\/www.webdo.tn\\\/fr\\\/actualite\\\/national\\\/tunisie-zied-el-heni-vise-par-une-enquete-dans-une-affaire-immobiliere-a-carthage\\\/220154\\\/#article\",\"isPartOf\":{\"@id\":\"https:\\\/\\\/www.webdo.tn\\\/fr\\\/actualite\\\/national\\\/tunisie-zied-el-heni-vise-par-une-enquete-dans-une-affaire-immobiliere-a-carthage\\\/220154\\\/\"},\"author\":{\"name\":\"MC\",\"@id\":\"https:\\\/\\\/www.webdo.tn\\\/fr\\\/#\\\/schema\\\/person\\\/2c4929cbf5a809e3bd38617c6ce150f6\"},\"headline\":\"Tunisie : Zied El Heni vis\u00e9 par une enqu\u00eate dans une affaire immobili\u00e8re \u00e0 Carthage\",\"datePublished\":\"2025-02-27T09:27:00+00:00\",\"dateModified\":\"2025-05-20T22:16:58+00:00\",\"mainEntityOfPage\":{\"@id\":\"https:\\\/\\\/www.webdo.tn\\\/fr\\\/actualite\\\/national\\\/tunisie-zied-el-heni-vise-par-une-enquete-dans-une-affaire-immobiliere-a-carthage\\\/220154\\\/\"},\"wordCount\":372,\"commentCount\":0,\"publisher\":{\"@id\":\"https:\\\/\\\/www.webdo.tn\\\/fr\\\/#organization\"},\"image\":{\"@id\":\"https:\\\/\\\/www.webdo.tn\\\/fr\\\/actualite\\\/national\\\/tunisie-zied-el-heni-vise-par-une-enquete-dans-une-affaire-immobiliere-a-carthage\\\/220154\\\/#primaryimage\"},\"thumbnailUrl\":\"https:\\\/\\\/www.webdo.tn\\\/fr\\\/wp-content\\\/uploads\\\/2025\\\/02\\\/64c9ff46fff9edd5834e39a58c7b59f3.webp\",\"keywords\":[\"Carthage\",\"immobilier\",\"justice\",\"plainte\",\"Tunisie\",\"Zied El-Heni\"],\"articleSection\":[\"National\"],\"inLanguage\":\"fr-FR\"},{\"@type\":\"WebPage\",\"@id\":\"https:\\\/\\\/www.webdo.tn\\\/fr\\\/actualite\\\/national\\\/tunisie-zied-el-heni-vise-par-une-enquete-dans-une-affaire-immobiliere-a-carthage\\\/220154\\\/\",\"url\":\"https:\\\/\\\/www.webdo.tn\\\/fr\\\/actualite\\\/national\\\/tunisie-zied-el-heni-vise-par-une-enquete-dans-une-affaire-immobiliere-a-carthage\\\/220154\\\/\",\"name\":\"Tunisie : Zied El Heni vis\u00e9 par une enqu\u00eate dans une affaire immobili\u00e8re \u00e0 Carthage\",\"isPartOf\":{\"@id\":\"https:\\\/\\\/www.webdo.tn\\\/fr\\\/#website\"},\"primaryImageOfPage\":{\"@id\":\"https:\\\/\\\/www.webdo.tn\\\/fr\\\/actualite\\\/national\\\/tunisie-zied-el-heni-vise-par-une-enquete-dans-une-affaire-immobiliere-a-carthage\\\/220154\\\/#primaryimage\"},\"image\":{\"@id\":\"https:\\\/\\\/www.webdo.tn\\\/fr\\\/actualite\\\/national\\\/tunisie-zied-el-heni-vise-par-une-enquete-dans-une-affaire-immobiliere-a-carthage\\\/220154\\\/#primaryimage\"},\"thumbnailUrl\":\"https:\\\/\\\/www.webdo.tn\\\/fr\\\/wp-content\\\/uploads\\\/2025\\\/02\\\/64c9ff46fff9edd5834e39a58c7b59f3.webp\",\"datePublished\":\"2025-02-27T09:27:00+00:00\",\"dateModified\":\"2025-05-20T22:16:58+00:00\",\"description\":\"Le mercredi 26 f\u00e9vrier 2025, une source judiciaire a indiqu\u00e9 que Zied El Heni a comparu devant le juge d'instruction du tribunal de premi\u00e8re instance de Tunis....\",\"breadcrumb\":{\"@id\":\"https:\\\/\\\/www.webdo.tn\\\/fr\\\/actualite\\\/national\\\/tunisie-zied-el-heni-vise-par-une-enquete-dans-une-affaire-immobiliere-a-carthage\\\/220154\\\/#breadcrumb\"},\"inLanguage\":\"fr-FR\",\"potentialAction\":[{\"@type\":\"ReadAction\",\"target\":[\"https:\\\/\\\/www.webdo.tn\\\/fr\\\/actualite\\\/national\\\/tunisie-zied-el-heni-vise-par-une-enquete-dans-une-affaire-immobiliere-a-carthage\\\/220154\\\/\"]}]},{\"@type\":\"ImageObject\",\"inLanguage\":\"fr-FR\",\"@id\":\"https:\\\/\\\/www.webdo.tn\\\/fr\\\/actualite\\\/national\\\/tunisie-zied-el-heni-vise-par-une-enquete-dans-une-affaire-immobiliere-a-carthage\\\/220154\\\/#primaryimage\",\"url\":\"https:\\\/\\\/www.webdo.tn\\\/fr\\\/wp-content\\\/uploads\\\/2025\\\/02\\\/64c9ff46fff9edd5834e39a58c7b59f3.webp\",\"contentUrl\":\"https:\\\/\\\/www.webdo.tn\\\/fr\\\/wp-content\\\/uploads\\\/2025\\\/02\\\/64c9ff46fff9edd5834e39a58c7b59f3.webp\",\"width\":710,\"height\":379,\"caption\":\"Tunisie : Zied El Heni vis\u00e9 par une enqu\u00eate dans une affaire immobili\u00e8re \u00e0 Carthage\"},{\"@type\":\"BreadcrumbList\",\"@id\":\"https:\\\/\\\/www.webdo.tn\\\/fr\\\/actualite\\\/national\\\/tunisie-zied-el-heni-vise-par-une-enquete-dans-une-affaire-immobiliere-a-carthage\\\/220154\\\/#breadcrumb\",\"itemListElement\":[{\"@type\":\"ListItem\",\"position\":1,\"name\":\"Accueil\",\"item\":\"https:\\\/\\\/www.webdo.tn\\\/fr\\\/\"},{\"@type\":\"ListItem\",\"position\":2,\"name\":\"Tunisie : Zied El Heni vis\u00e9 par une enqu\u00eate dans une affaire immobili\u00e8re \u00e0 Carthage\"}]},{\"@type\":\"WebSite\",\"@id\":\"https:\\\/\\\/www.webdo.tn\\\/fr\\\/#website\",\"url\":\"https:\\\/\\\/www.webdo.tn\\\/fr\\\/\",\"name\":\"webdo\",\"description\":\"Tunisie - News en Tunisie et \u00e0 l&#039;international sur Webdo.tn\",\"publisher\":{\"@id\":\"https:\\\/\\\/www.webdo.tn\\\/fr\\\/#organization\"},\"potentialAction\":[{\"@type\":\"SearchAction\",\"target\":{\"@type\":\"EntryPoint\",\"urlTemplate\":\"https:\\\/\\\/www.webdo.tn\\\/fr\\\/?s={search_term_string}\"},\"query-input\":{\"@type\":\"PropertyValueSpecification\",\"valueRequired\":true,\"valueName\":\"search_term_string\"}}],\"inLanguage\":\"fr-FR\"},{\"@type\":\"Organization\",\"@id\":\"https:\\\/\\\/www.webdo.tn\\\/fr\\\/#organization\",\"name\":\"Webdo\",\"alternateName\":\"Webdo.tn\",\"url\":\"https:\\\/\\\/www.webdo.tn\\\/fr\\\/\",\"logo\":{\"@type\":\"ImageObject\",\"inLanguage\":\"fr-FR\",\"@id\":\"https:\\\/\\\/www.webdo.tn\\\/fr\\\/#\\\/schema\\\/logo\\\/image\\\/\",\"url\":\"https:\\\/\\\/www.webdo.tn\\\/fr\\\/wp-content\\\/uploads\\\/2025\\\/06\\\/Webdo-Tunisie_168377.jpg\",\"contentUrl\":\"https:\\\/\\\/www.webdo.tn\\\/fr\\\/wp-content\\\/uploads\\\/2025\\\/06\\\/Webdo-Tunisie_168377.jpg\",\"width\":301,\"height\":301,\"caption\":\"Webdo\"},\"image\":{\"@id\":\"https:\\\/\\\/www.webdo.tn\\\/fr\\\/#\\\/schema\\\/logo\\\/image\\\/\"},\"sameAs\":[\"https:\\\/\\\/www.facebook.com\\\/webdotn\",\"https:\\\/\\\/x.com\\\/webdo_tn\"],\"description\":\"Webdo est un m\u00e9dia num\u00e9rique tunisien fond\u00e9 en 2010, sp\u00e9cialis\u00e9 dans l\u2019actualit\u00e9 nationale et internationale, l\u2019\u00e9conomie, la soci\u00e9t\u00e9 et les analyses politiques. Le site s\u2019adresse \u00e0 un large public francophone et couvre l\u2019information tunisienne en temps r\u00e9el.\",\"email\":\"redac@webdo.tn\",\"legalName\":\"YNJ SARL\",\"foundingDate\":\"2010-09-06\",\"numberOfEmployees\":{\"@type\":\"QuantitativeValue\",\"minValue\":\"11\",\"maxValue\":\"50\"}},{\"@type\":\"Person\",\"@id\":\"https:\\\/\\\/www.webdo.tn\\\/fr\\\/#\\\/schema\\\/person\\\/2c4929cbf5a809e3bd38617c6ce150f6\",\"name\":\"MC\",\"image\":{\"@type\":\"ImageObject\",\"inLanguage\":\"fr-FR\",\"@id\":\"https:\\\/\\\/secure.gravatar.com\\\/avatar\\\/a545bbb6f84efdd5553dbbc2895e3ca8f1d12c5215e00a041c9670b54aa9b18a?s=96&d=mm&r=g\",\"url\":\"https:\\\/\\\/secure.gravatar.com\\\/avatar\\\/a545bbb6f84efdd5553dbbc2895e3ca8f1d12c5215e00a041c9670b54aa9b18a?s=96&d=mm&r=g\",\"contentUrl\":\"https:\\\/\\\/secure.gravatar.com\\\/avatar\\\/a545bbb6f84efdd5553dbbc2895e3ca8f1d12c5215e00a041c9670b54aa9b18a?s=96&d=mm&r=g\",\"caption\":\"MC\"},\"url\":\"https:\\\/\\\/www.webdo.tn\\\/fr\\\/actualite\\\/author\\\/mc\\\/\"}]}<\/script>\n<!-- \/ Yoast SEO Premium plugin. -->","yoast_head_json":{"title":"Tunisie : Zied El Heni vis\u00e9 par une enqu\u00eate dans une affaire immobili\u00e8re \u00e0 Carthage","description":"Le mercredi 26 f\u00e9vrier 2025, une source judiciaire a indiqu\u00e9 que Zied El Heni a comparu devant le juge d'instruction du tribunal de premi\u00e8re instance de Tunis....","canonical":"https:\/\/www.webdo.tn\/fr\/actualite\/national\/tunisie-zied-el-heni-vise-par-une-enquete-dans-une-affaire-immobiliere-a-carthage\/220154\/","og_locale":"fr_FR","og_type":"article","og_title":"Tunisie : Zied El Heni vis\u00e9 par une enqu\u00eate dans une affaire immobili\u00e8re \u00e0 Carthage","og_description":"Le mercredi 26 f\u00e9vrier 2025, une source judiciaire a indiqu\u00e9 que Zied El Heni a comparu devant le juge d'instruction du tribunal de premi\u00e8re instance de Tunis....","og_url":"https:\/\/www.webdo.tn\/fr\/actualite\/national\/tunisie-zied-el-heni-vise-par-une-enquete-dans-une-affaire-immobiliere-a-carthage\/220154\/","og_site_name":"webdo","article_publisher":"https:\/\/www.facebook.com\/webdotn","article_published_time":"2025-02-27T09:27:00+00:00","article_modified_time":"2025-05-20T22:16:58+00:00","og_image":[{"width":710,"height":379,"url":"https:\/\/www.webdo.tn\/fr\/wp-content\/uploads\/2025\/02\/64c9ff46fff9edd5834e39a58c7b59f3.webp","type":"image\/webp"}],"author":"MC","twitter_card":"summary_large_image","twitter_creator":"@webdo_tn","twitter_site":"@webdo_tn","twitter_misc":{"\u00c9crit par":"MC","Dur\u00e9e de lecture estim\u00e9e":"2 minutes"},"schema":{"@context":"https:\/\/schema.org","@graph":[{"@type":"NewsArticle","@id":"https:\/\/www.webdo.tn\/fr\/actualite\/national\/tunisie-zied-el-heni-vise-par-une-enquete-dans-une-affaire-immobiliere-a-carthage\/220154\/#article","isPartOf":{"@id":"https:\/\/www.webdo.tn\/fr\/actualite\/national\/tunisie-zied-el-heni-vise-par-une-enquete-dans-une-affaire-immobiliere-a-carthage\/220154\/"},"author":{"name":"MC","@id":"https:\/\/www.webdo.tn\/fr\/#\/schema\/person\/2c4929cbf5a809e3bd38617c6ce150f6"},"headline":"Tunisie : Zied El Heni vis\u00e9 par une enqu\u00eate dans une affaire immobili\u00e8re \u00e0 Carthage","datePublished":"2025-02-27T09:27:00+00:00","dateModified":"2025-05-20T22:16:58+00:00","mainEntityOfPage":{"@id":"https:\/\/www.webdo.tn\/fr\/actualite\/national\/tunisie-zied-el-heni-vise-par-une-enquete-dans-une-affaire-immobiliere-a-carthage\/220154\/"},"wordCount":372,"commentCount":0,"publisher":{"@id":"https:\/\/www.webdo.tn\/fr\/#organization"},"image":{"@id":"https:\/\/www.webdo.tn\/fr\/actualite\/national\/tunisie-zied-el-heni-vise-par-une-enquete-dans-une-affaire-immobiliere-a-carthage\/220154\/#primaryimage"},"thumbnailUrl":"https:\/\/www.webdo.tn\/fr\/wp-content\/uploads\/2025\/02\/64c9ff46fff9edd5834e39a58c7b59f3.webp","keywords":["Carthage","immobilier","justice","plainte","Tunisie","Zied El-Heni"],"articleSection":["National"],"inLanguage":"fr-FR"},{"@type":"WebPage","@id":"https:\/\/www.webdo.tn\/fr\/actualite\/national\/tunisie-zied-el-heni-vise-par-une-enquete-dans-une-affaire-immobiliere-a-carthage\/220154\/","url":"https:\/\/www.webdo.tn\/fr\/actualite\/national\/tunisie-zied-el-heni-vise-par-une-enquete-dans-une-affaire-immobiliere-a-carthage\/220154\/","name":"Tunisie : Zied El Heni vis\u00e9 par une enqu\u00eate dans une affaire immobili\u00e8re \u00e0 Carthage","isPartOf":{"@id":"https:\/\/www.webdo.tn\/fr\/#website"},"primaryImageOfPage":{"@id":"https:\/\/www.webdo.tn\/fr\/actualite\/national\/tunisie-zied-el-heni-vise-par-une-enquete-dans-une-affaire-immobiliere-a-carthage\/220154\/#primaryimage"},"image":{"@id":"https:\/\/www.webdo.tn\/fr\/actualite\/national\/tunisie-zied-el-heni-vise-par-une-enquete-dans-une-affaire-immobiliere-a-carthage\/220154\/#primaryimage"},"thumbnailUrl":"https:\/\/www.webdo.tn\/fr\/wp-content\/uploads\/2025\/02\/64c9ff46fff9edd5834e39a58c7b59f3.webp","datePublished":"2025-02-27T09:27:00+00:00","dateModified":"2025-05-20T22:16:58+00:00","description":"Le mercredi 26 f\u00e9vrier 2025, une source judiciaire a indiqu\u00e9 que Zied El Heni a comparu devant le juge d'instruction du tribunal de premi\u00e8re instance de Tunis....","breadcrumb":{"@id":"https:\/\/www.webdo.tn\/fr\/actualite\/national\/tunisie-zied-el-heni-vise-par-une-enquete-dans-une-affaire-immobiliere-a-carthage\/220154\/#breadcrumb"},"inLanguage":"fr-FR","potentialAction":[{"@type":"ReadAction","target":["https:\/\/www.webdo.tn\/fr\/actualite\/national\/tunisie-zied-el-heni-vise-par-une-enquete-dans-une-affaire-immobiliere-a-carthage\/220154\/"]}]},{"@type":"ImageObject","inLanguage":"fr-FR","@id":"https:\/\/www.webdo.tn\/fr\/actualite\/national\/tunisie-zied-el-heni-vise-par-une-enquete-dans-une-affaire-immobiliere-a-carthage\/220154\/#primaryimage","url":"https:\/\/www.webdo.tn\/fr\/wp-content\/uploads\/2025\/02\/64c9ff46fff9edd5834e39a58c7b59f3.webp","contentUrl":"https:\/\/www.webdo.tn\/fr\/wp-content\/uploads\/2025\/02\/64c9ff46fff9edd5834e39a58c7b59f3.webp","width":710,"height":379,"caption":"Tunisie : Zied El Heni vis\u00e9 par une enqu\u00eate dans une affaire immobili\u00e8re \u00e0 Carthage"},{"@type":"BreadcrumbList","@id":"https:\/\/www.webdo.tn\/fr\/actualite\/national\/tunisie-zied-el-heni-vise-par-une-enquete-dans-une-affaire-immobiliere-a-carthage\/220154\/#breadcrumb","itemListElement":[{"@type":"ListItem","position":1,"name":"Accueil","item":"https:\/\/www.webdo.tn\/fr\/"},{"@type":"ListItem","position":2,"name":"Tunisie : Zied El Heni vis\u00e9 par une enqu\u00eate dans une affaire immobili\u00e8re \u00e0 Carthage"}]},{"@type":"WebSite","@id":"https:\/\/www.webdo.tn\/fr\/#website","url":"https:\/\/www.webdo.tn\/fr\/","name":"webdo","description":"Tunisie - News en Tunisie et \u00e0 l&#039;international sur Webdo.tn","publisher":{"@id":"https:\/\/www.webdo.tn\/fr\/#organization"},"potentialAction":[{"@type":"SearchAction","target":{"@type":"EntryPoint","urlTemplate":"https:\/\/www.webdo.tn\/fr\/?s={search_term_string}"},"query-input":{"@type":"PropertyValueSpecification","valueRequired":true,"valueName":"search_term_string"}}],"inLanguage":"fr-FR"},{"@type":"Organization","@id":"https:\/\/www.webdo.tn\/fr\/#organization","name":"Webdo","alternateName":"Webdo.tn","url":"https:\/\/www.webdo.tn\/fr\/","logo":{"@type":"ImageObject","inLanguage":"fr-FR","@id":"https:\/\/www.webdo.tn\/fr\/#\/schema\/logo\/image\/","url":"https:\/\/www.webdo.tn\/fr\/wp-content\/uploads\/2025\/06\/Webdo-Tunisie_168377.jpg","contentUrl":"https:\/\/www.webdo.tn\/fr\/wp-content\/uploads\/2025\/06\/Webdo-Tunisie_168377.jpg","width":301,"height":301,"caption":"Webdo"},"image":{"@id":"https:\/\/www.webdo.tn\/fr\/#\/schema\/logo\/image\/"},"sameAs":["https:\/\/www.facebook.com\/webdotn","https:\/\/x.com\/webdo_tn"],"description":"Webdo est un m\u00e9dia num\u00e9rique tunisien fond\u00e9 en 2010, sp\u00e9cialis\u00e9 dans l\u2019actualit\u00e9 nationale et internationale, l\u2019\u00e9conomie, la soci\u00e9t\u00e9 et les analyses politiques. Le site s\u2019adresse \u00e0 un large public francophone et couvre l\u2019information tunisienne en temps r\u00e9el.","email":"redac@webdo.tn","legalName":"YNJ SARL","foundingDate":"2010-09-06","numberOfEmployees":{"@type":"QuantitativeValue","minValue":"11","maxValue":"50"}},{"@type":"Person","@id":"https:\/\/www.webdo.tn\/fr\/#\/schema\/person\/2c4929cbf5a809e3bd38617c6ce150f6","name":"MC","image":{"@type":"ImageObject","inLanguage":"fr-FR","@id":"https:\/\/secure.gravatar.com\/avatar\/a545bbb6f84efdd5553dbbc2895e3ca8f1d12c5215e00a041c9670b54aa9b18a?s=96&d=mm&r=g","url":"https:\/\/secure.gravatar.com\/avatar\/a545bbb6f84efdd5553dbbc2895e3ca8f1d12c5215e00a041c9670b54aa9b18a?s=96&d=mm&r=g","contentUrl":"https:\/\/secure.gravatar.com\/avatar\/a545bbb6f84efdd5553dbbc2895e3ca8f1d12c5215e00a041c9670b54aa9b18a?s=96&d=mm&r=g","caption":"MC"},"url":"https:\/\/www.webdo.tn\/fr\/actualite\/author\/mc\/"}]}},"_links":{"self":[{"href":"https:\/\/www.webdo.tn\/fr\/wp-json\/wp\/v2\/posts\/220154","targetHints":{"allow":["GET"]}}],"collection":[{"href":"https:\/\/www.webdo.tn\/fr\/wp-json\/wp\/v2\/posts"}],"about":[{"href":"https:\/\/www.webdo.tn\/fr\/wp-json\/wp\/v2\/types\/post"}],"author":[{"embeddable":true,"href":"https:\/\/www.webdo.tn\/fr\/wp-json\/wp\/v2\/users\/3162"}],"replies":[{"embeddable":true,"href":"https:\/\/www.webdo.tn\/fr\/wp-json\/wp\/v2\/comments?post=220154"}],"version-history":[{"count":0,"href":"https:\/\/www.webdo.tn\/fr\/wp-json\/wp\/v2\/posts\/220154\/revisions"}],"wp:featuredmedia":[{"embeddable":true,"href":"https:\/\/www.webdo.tn\/fr\/wp-json\/wp\/v2\/media\/291968"}],"wp:attachment":[{"href":"https:\/\/www.webdo.tn\/fr\/wp-json\/wp\/v2\/media?parent=220154"}],"wp:term":[{"taxonomy":"category","embeddable":true,"href":"https:\/\/www.webdo.tn\/fr\/wp-json\/wp\/v2\/categories?post=220154"},{"taxonomy":"post_tag","embeddable":true,"href":"https:\/\/www.webdo.tn\/fr\/wp-json\/wp\/v2\/tags?post=220154"}],"curies":[{"name":"wp","href":"https:\/\/api.w.org\/{rel}","templated":true}]}}