{"id":220148,"date":"2025-02-26T20:45:00","date_gmt":"2025-02-26T20:45:00","guid":{"rendered":"https:\/\/www.webdo.tn\/fr\/blog\/2025\/02\/26\/l-algerie-reagit-vivement-aux-menaces-de-revision-des-accords-avec-la-france\/"},"modified":"2025-05-21T08:59:25","modified_gmt":"2025-05-21T08:59:25","slug":"l-algerie-reagit-vivement-aux-menaces-de-revision-des-accords-avec-la-france","status":"publish","type":"post","link":"https:\/\/www.webdo.tn\/fr\/actualite\/international\/l-algerie-reagit-vivement-aux-menaces-de-revision-des-accords-avec-la-france\/220148\/","title":{"rendered":"L\u2019Alg\u00e9rie r\u00e9agit vivement aux menaces fran\u00e7aises de r\u00e9vision des accords bilat\u00e9raux"},"content":{"rendered":"<p>Ce mercredi 26 f\u00e9vrier 2025, la r\u00e9action de l\u2019Alg\u00e9rie suite aux menaces fran\u00e7aises de r\u00e9examiner la totalit\u00e9 des accords bilat\u00e9raux a \u00e9t\u00e9 vive.<\/p>\n<p>\t\t\t\t\t\t\t\t\tLe gouvernement alg\u00e9rien a exprim\u00e9 son \u00ab\u00a0\u00e9tonnement\u00a0\u00bb et sa profonde d\u00e9sapprobation apr\u00e8s les d\u00e9clarations du Premier ministre fran\u00e7ais, Fran\u00e7ois Bayrou, concernant le non-respect des accords de 1968 et le refus r\u00e9current d\u2019accepter des ressortissants alg\u00e9riens sous OQTF.<\/p>\n<p>Le minist\u00e8re des Affaires \u00e9trang\u00e8res alg\u00e9rien a rapidement r\u00e9agi, qualifiant de \u00ab\u00a0provocation\u00a0\u00bb les mesures fran\u00e7aises sur les visas pour certains dignitaires alg\u00e9riens, impos\u00e9es sans consultation pr\u00e9alable. Alger a \u00e9galement mis en garde la France contre les \u00ab\u00a0cons\u00e9quences incalculables\u00a0\u00bb de cette d\u00e9cision, soulignant que de telles actions risquaient de nuire gravement aux relations bilat\u00e9rales entre les deux pays. L\u2019Alg\u00e9rie a affirm\u00e9 que ce genre de comportement, en particulier en mati\u00e8re de r\u00e9admission de ressortissants, ne devrait pas \u00eatre une source de tensions diplomatiques.<\/p>\n<p>En parall\u00e8le, le gouvernement alg\u00e9rien a d\u00e9nonc\u00e9 cette situation comme \u00e9tant une \u00ab\u00a0querelle politique interne\u00a0\u00bb en France, aliment\u00e9e par des forces de l\u2019extr\u00eame droite. Alger a critiqu\u00e9 la France pour avoir pris ces mesures dans un contexte qui semble davantage li\u00e9 \u00e0 des rivalit\u00e9s internes fran\u00e7aises qu\u2019\u00e0 une r\u00e9elle question de gestion migratoire. Cette escalade a pris une dimension plus politique qu\u2019humaine, selon les autorit\u00e9s alg\u00e9riennes, qui ont insist\u00e9 sur la n\u00e9cessit\u00e9 de maintenir des relations bas\u00e9es sur le respect mutuel et la coop\u00e9ration.<\/p>\n<p>Du c\u00f4t\u00e9 fran\u00e7ais, le gouvernement a justifi\u00e9 ses d\u00e9cisions par la n\u00e9cessit\u00e9 de mieux g\u00e9rer les flux migratoires et de renforcer la s\u00e9curit\u00e9 nationale, notamment en raison du nombre \u00e9lev\u00e9 de ressortissants alg\u00e9riens en situation irr\u00e9guli\u00e8re. L\u2019ex\u00e9cutif fran\u00e7ais a \u00e9galement insist\u00e9 sur l&rsquo;importance d&rsquo;une coop\u00e9ration bilat\u00e9rale solide, mais a soulign\u00e9 que les accords de 1968 ne r\u00e9pondaient plus aux d\u00e9fis actuels, notamment en mati\u00e8re de r\u00e9admission et de contr\u00f4le migratoire. Cependant, cette position a \u00e9t\u00e9 per\u00e7ue par Alger comme une pression politique injustifi\u00e9e.<\/p>\n<p>L\u2019Alg\u00e9rie a \u00e9galement rappel\u00e9 que les accords bilat\u00e9raux, bien que pr\u00e9sentant des d\u00e9fis, ne devaient pas \u00eatre instrumentalis\u00e9s dans un contexte de politique int\u00e9rieure fran\u00e7aise. Le pays a demand\u00e9 \u00e0 la France de revenir sur ses d\u00e9cisions et de privil\u00e9gier le dialogue afin de trouver des solutions constructives \u00e0 la question des migrations et des r\u00e9admissions, sans recourir \u00e0 des menaces diplomatiques.<\/p>\n","protected":false},"excerpt":{"rendered":"<p>L\u2019Alg\u00e9rie r\u00e9agit fermement aux menaces fran\u00e7aises de r\u00e9vision des accords bilat\u00e9raux. Tensions croissantes sur la gestion des visas et des questions migratoires&#8230;<\/p>\n","protected":false},"author":3166,"featured_media":241994,"comment_status":"open","ping_status":"open","sticky":false,"template":"","format":"standard","meta":{"footnotes":""},"categories":[2598],"tags":[3877,2907,2998,2992,3860],"class_list":["post-220148","post","type-post","status-publish","format-standard","has-post-thumbnail","hentry","category-international","tag-accords-bilateraux","tag-algerie","tag-france","tag-relations-diplomatiques","tag-tension"],"yoast_head":"<!-- This site is optimized with the Yoast SEO Premium plugin v27.5 (Yoast SEO v27.5) - https:\/\/yoast.com\/product\/yoast-seo-premium-wordpress\/ -->\n<title>L\u2019Alg\u00e9rie r\u00e9agit vivement aux menaces fran\u00e7aises de r\u00e9vision des accords bilat\u00e9raux<\/title>\n<meta name=\"description\" content=\"L\u2019Alg\u00e9rie r\u00e9agit fermement aux menaces fran\u00e7aises de r\u00e9vision des accords bilat\u00e9raux. Tensions croissantes sur la gestion des visas et des questions migratoires...\" \/>\n<link rel=\"canonical\" href=\"https:\/\/www.webdo.tn\/fr\/actualite\/international\/l-algerie-reagit-vivement-aux-menaces-de-revision-des-accords-avec-la-france\/220148\/\" \/>\n<meta property=\"og:locale\" content=\"fr_FR\" \/>\n<meta property=\"og:type\" content=\"article\" \/>\n<meta property=\"og:title\" content=\"L\u2019Alg\u00e9rie r\u00e9agit vivement aux menaces fran\u00e7aises de r\u00e9vision des accords bilat\u00e9raux\" \/>\n<meta property=\"og:description\" content=\"L\u2019Alg\u00e9rie r\u00e9agit fermement aux menaces fran\u00e7aises de r\u00e9vision des accords bilat\u00e9raux. Tensions croissantes sur la gestion des visas et des questions migratoires...\" \/>\n<meta property=\"og:url\" content=\"https:\/\/www.webdo.tn\/fr\/actualite\/international\/l-algerie-reagit-vivement-aux-menaces-de-revision-des-accords-avec-la-france\/220148\/\" \/>\n<meta property=\"og:site_name\" content=\"webdo\" \/>\n<meta property=\"article:publisher\" content=\"https:\/\/www.facebook.com\/webdotn\" \/>\n<meta property=\"article:published_time\" content=\"2025-02-26T20:45:00+00:00\" \/>\n<meta property=\"article:modified_time\" content=\"2025-05-21T08:59:25+00:00\" \/>\n<meta property=\"og:image\" content=\"https:\/\/www.webdo.tn\/fr\/wp-content\/uploads\/2025\/05\/3014d4fc2493f0d2f21471f8bfc356ca-2.webp\" \/>\n\t<meta property=\"og:image:width\" content=\"750\" \/>\n\t<meta property=\"og:image:height\" content=\"400\" \/>\n\t<meta property=\"og:image:type\" content=\"image\/webp\" \/>\n<meta name=\"author\" content=\"AZ\" \/>\n<meta name=\"twitter:card\" content=\"summary_large_image\" \/>\n<meta name=\"twitter:creator\" content=\"@webdo_tn\" \/>\n<meta name=\"twitter:site\" content=\"@webdo_tn\" \/>\n<meta name=\"twitter:label1\" content=\"\u00c9crit par\" \/>\n\t<meta name=\"twitter:data1\" content=\"AZ\" \/>\n\t<meta name=\"twitter:label2\" content=\"Dur\u00e9e de lecture estim\u00e9e\" \/>\n\t<meta name=\"twitter:data2\" content=\"2 minutes\" \/>\n<script type=\"application\/ld+json\" class=\"yoast-schema-graph\">{\"@context\":\"https:\\\/\\\/schema.org\",\"@graph\":[{\"@type\":\"NewsArticle\",\"@id\":\"https:\\\/\\\/www.webdo.tn\\\/fr\\\/actualite\\\/international\\\/l-algerie-reagit-vivement-aux-menaces-de-revision-des-accords-avec-la-france\\\/220148\\\/#article\",\"isPartOf\":{\"@id\":\"https:\\\/\\\/www.webdo.tn\\\/fr\\\/actualite\\\/international\\\/l-algerie-reagit-vivement-aux-menaces-de-revision-des-accords-avec-la-france\\\/220148\\\/\"},\"author\":{\"name\":\"AZ\",\"@id\":\"https:\\\/\\\/www.webdo.tn\\\/fr\\\/#\\\/schema\\\/person\\\/b8a41c04d93287d375510db360906b34\"},\"headline\":\"L\u2019Alg\u00e9rie r\u00e9agit vivement aux menaces fran\u00e7aises de r\u00e9vision des accords bilat\u00e9raux\",\"datePublished\":\"2025-02-26T20:45:00+00:00\",\"dateModified\":\"2025-05-21T08:59:25+00:00\",\"mainEntityOfPage\":{\"@id\":\"https:\\\/\\\/www.webdo.tn\\\/fr\\\/actualite\\\/international\\\/l-algerie-reagit-vivement-aux-menaces-de-revision-des-accords-avec-la-france\\\/220148\\\/\"},\"wordCount\":460,\"commentCount\":0,\"publisher\":{\"@id\":\"https:\\\/\\\/www.webdo.tn\\\/fr\\\/#organization\"},\"image\":{\"@id\":\"https:\\\/\\\/www.webdo.tn\\\/fr\\\/actualite\\\/international\\\/l-algerie-reagit-vivement-aux-menaces-de-revision-des-accords-avec-la-france\\\/220148\\\/#primaryimage\"},\"thumbnailUrl\":\"https:\\\/\\\/www.webdo.tn\\\/fr\\\/wp-content\\\/uploads\\\/2025\\\/05\\\/3014d4fc2493f0d2f21471f8bfc356ca-2.webp\",\"keywords\":[\"Accords bilat\u00e9raux\",\"Alg\u00e9rie\",\"france\",\"Relations diplomatiques\",\"tension\"],\"articleSection\":[\"International\"],\"inLanguage\":\"fr-FR\"},{\"@type\":\"WebPage\",\"@id\":\"https:\\\/\\\/www.webdo.tn\\\/fr\\\/actualite\\\/international\\\/l-algerie-reagit-vivement-aux-menaces-de-revision-des-accords-avec-la-france\\\/220148\\\/\",\"url\":\"https:\\\/\\\/www.webdo.tn\\\/fr\\\/actualite\\\/international\\\/l-algerie-reagit-vivement-aux-menaces-de-revision-des-accords-avec-la-france\\\/220148\\\/\",\"name\":\"L\u2019Alg\u00e9rie r\u00e9agit vivement aux menaces fran\u00e7aises de r\u00e9vision des accords bilat\u00e9raux\",\"isPartOf\":{\"@id\":\"https:\\\/\\\/www.webdo.tn\\\/fr\\\/#website\"},\"primaryImageOfPage\":{\"@id\":\"https:\\\/\\\/www.webdo.tn\\\/fr\\\/actualite\\\/international\\\/l-algerie-reagit-vivement-aux-menaces-de-revision-des-accords-avec-la-france\\\/220148\\\/#primaryimage\"},\"image\":{\"@id\":\"https:\\\/\\\/www.webdo.tn\\\/fr\\\/actualite\\\/international\\\/l-algerie-reagit-vivement-aux-menaces-de-revision-des-accords-avec-la-france\\\/220148\\\/#primaryimage\"},\"thumbnailUrl\":\"https:\\\/\\\/www.webdo.tn\\\/fr\\\/wp-content\\\/uploads\\\/2025\\\/05\\\/3014d4fc2493f0d2f21471f8bfc356ca-2.webp\",\"datePublished\":\"2025-02-26T20:45:00+00:00\",\"dateModified\":\"2025-05-21T08:59:25+00:00\",\"description\":\"L\u2019Alg\u00e9rie r\u00e9agit fermement aux menaces fran\u00e7aises de r\u00e9vision des accords bilat\u00e9raux. Tensions croissantes sur la gestion des visas et des questions migratoires...\",\"breadcrumb\":{\"@id\":\"https:\\\/\\\/www.webdo.tn\\\/fr\\\/actualite\\\/international\\\/l-algerie-reagit-vivement-aux-menaces-de-revision-des-accords-avec-la-france\\\/220148\\\/#breadcrumb\"},\"inLanguage\":\"fr-FR\",\"potentialAction\":[{\"@type\":\"ReadAction\",\"target\":[\"https:\\\/\\\/www.webdo.tn\\\/fr\\\/actualite\\\/international\\\/l-algerie-reagit-vivement-aux-menaces-de-revision-des-accords-avec-la-france\\\/220148\\\/\"]}]},{\"@type\":\"ImageObject\",\"inLanguage\":\"fr-FR\",\"@id\":\"https:\\\/\\\/www.webdo.tn\\\/fr\\\/actualite\\\/international\\\/l-algerie-reagit-vivement-aux-menaces-de-revision-des-accords-avec-la-france\\\/220148\\\/#primaryimage\",\"url\":\"https:\\\/\\\/www.webdo.tn\\\/fr\\\/wp-content\\\/uploads\\\/2025\\\/05\\\/3014d4fc2493f0d2f21471f8bfc356ca-2.webp\",\"contentUrl\":\"https:\\\/\\\/www.webdo.tn\\\/fr\\\/wp-content\\\/uploads\\\/2025\\\/05\\\/3014d4fc2493f0d2f21471f8bfc356ca-2.webp\",\"width\":750,\"height\":400},{\"@type\":\"BreadcrumbList\",\"@id\":\"https:\\\/\\\/www.webdo.tn\\\/fr\\\/actualite\\\/international\\\/l-algerie-reagit-vivement-aux-menaces-de-revision-des-accords-avec-la-france\\\/220148\\\/#breadcrumb\",\"itemListElement\":[{\"@type\":\"ListItem\",\"position\":1,\"name\":\"Accueil\",\"item\":\"https:\\\/\\\/www.webdo.tn\\\/fr\\\/\"},{\"@type\":\"ListItem\",\"position\":2,\"name\":\"L\u2019Alg\u00e9rie r\u00e9agit vivement aux menaces fran\u00e7aises de r\u00e9vision des accords bilat\u00e9raux\"}]},{\"@type\":\"WebSite\",\"@id\":\"https:\\\/\\\/www.webdo.tn\\\/fr\\\/#website\",\"url\":\"https:\\\/\\\/www.webdo.tn\\\/fr\\\/\",\"name\":\"webdo\",\"description\":\"Tunisie - News en Tunisie et \u00e0 l&#039;international sur Webdo.tn\",\"publisher\":{\"@id\":\"https:\\\/\\\/www.webdo.tn\\\/fr\\\/#organization\"},\"potentialAction\":[{\"@type\":\"SearchAction\",\"target\":{\"@type\":\"EntryPoint\",\"urlTemplate\":\"https:\\\/\\\/www.webdo.tn\\\/fr\\\/?s={search_term_string}\"},\"query-input\":{\"@type\":\"PropertyValueSpecification\",\"valueRequired\":true,\"valueName\":\"search_term_string\"}}],\"inLanguage\":\"fr-FR\"},{\"@type\":\"Organization\",\"@id\":\"https:\\\/\\\/www.webdo.tn\\\/fr\\\/#organization\",\"name\":\"Webdo\",\"alternateName\":\"Webdo.tn\",\"url\":\"https:\\\/\\\/www.webdo.tn\\\/fr\\\/\",\"logo\":{\"@type\":\"ImageObject\",\"inLanguage\":\"fr-FR\",\"@id\":\"https:\\\/\\\/www.webdo.tn\\\/fr\\\/#\\\/schema\\\/logo\\\/image\\\/\",\"url\":\"https:\\\/\\\/www.webdo.tn\\\/fr\\\/wp-content\\\/uploads\\\/2025\\\/06\\\/Webdo-Tunisie_168377.jpg\",\"contentUrl\":\"https:\\\/\\\/www.webdo.tn\\\/fr\\\/wp-content\\\/uploads\\\/2025\\\/06\\\/Webdo-Tunisie_168377.jpg\",\"width\":301,\"height\":301,\"caption\":\"Webdo\"},\"image\":{\"@id\":\"https:\\\/\\\/www.webdo.tn\\\/fr\\\/#\\\/schema\\\/logo\\\/image\\\/\"},\"sameAs\":[\"https:\\\/\\\/www.facebook.com\\\/webdotn\",\"https:\\\/\\\/x.com\\\/webdo_tn\"],\"description\":\"Webdo est un m\u00e9dia num\u00e9rique tunisien fond\u00e9 en 2010, sp\u00e9cialis\u00e9 dans l\u2019actualit\u00e9 nationale et internationale, l\u2019\u00e9conomie, la soci\u00e9t\u00e9 et les analyses politiques. Le site s\u2019adresse \u00e0 un large public francophone et couvre l\u2019information tunisienne en temps r\u00e9el.\",\"email\":\"redac@webdo.tn\",\"legalName\":\"YNJ SARL\",\"foundingDate\":\"2010-09-06\",\"numberOfEmployees\":{\"@type\":\"QuantitativeValue\",\"minValue\":\"11\",\"maxValue\":\"50\"}},{\"@type\":\"Person\",\"@id\":\"https:\\\/\\\/www.webdo.tn\\\/fr\\\/#\\\/schema\\\/person\\\/b8a41c04d93287d375510db360906b34\",\"name\":\"AZ\",\"image\":{\"@type\":\"ImageObject\",\"inLanguage\":\"fr-FR\",\"@id\":\"https:\\\/\\\/secure.gravatar.com\\\/avatar\\\/492b80bada79439de4201dce15cd41eece6c277cfdf1b53382073c79105c1f89?s=96&d=mm&r=g\",\"url\":\"https:\\\/\\\/secure.gravatar.com\\\/avatar\\\/492b80bada79439de4201dce15cd41eece6c277cfdf1b53382073c79105c1f89?s=96&d=mm&r=g\",\"contentUrl\":\"https:\\\/\\\/secure.gravatar.com\\\/avatar\\\/492b80bada79439de4201dce15cd41eece6c277cfdf1b53382073c79105c1f89?s=96&d=mm&r=g\",\"caption\":\"AZ\"},\"url\":\"https:\\\/\\\/www.webdo.tn\\\/fr\\\/actualite\\\/author\\\/az\\\/\"}]}<\/script>\n<!-- \/ Yoast SEO Premium plugin. -->","yoast_head_json":{"title":"L\u2019Alg\u00e9rie r\u00e9agit vivement aux menaces fran\u00e7aises de r\u00e9vision des accords bilat\u00e9raux","description":"L\u2019Alg\u00e9rie r\u00e9agit fermement aux menaces fran\u00e7aises de r\u00e9vision des accords bilat\u00e9raux. Tensions croissantes sur la gestion des visas et des questions migratoires...","canonical":"https:\/\/www.webdo.tn\/fr\/actualite\/international\/l-algerie-reagit-vivement-aux-menaces-de-revision-des-accords-avec-la-france\/220148\/","og_locale":"fr_FR","og_type":"article","og_title":"L\u2019Alg\u00e9rie r\u00e9agit vivement aux menaces fran\u00e7aises de r\u00e9vision des accords bilat\u00e9raux","og_description":"L\u2019Alg\u00e9rie r\u00e9agit fermement aux menaces fran\u00e7aises de r\u00e9vision des accords bilat\u00e9raux. Tensions croissantes sur la gestion des visas et des questions migratoires...","og_url":"https:\/\/www.webdo.tn\/fr\/actualite\/international\/l-algerie-reagit-vivement-aux-menaces-de-revision-des-accords-avec-la-france\/220148\/","og_site_name":"webdo","article_publisher":"https:\/\/www.facebook.com\/webdotn","article_published_time":"2025-02-26T20:45:00+00:00","article_modified_time":"2025-05-21T08:59:25+00:00","og_image":[{"width":750,"height":400,"url":"https:\/\/www.webdo.tn\/fr\/wp-content\/uploads\/2025\/05\/3014d4fc2493f0d2f21471f8bfc356ca-2.webp","type":"image\/webp"}],"author":"AZ","twitter_card":"summary_large_image","twitter_creator":"@webdo_tn","twitter_site":"@webdo_tn","twitter_misc":{"\u00c9crit par":"AZ","Dur\u00e9e de lecture estim\u00e9e":"2 minutes"},"schema":{"@context":"https:\/\/schema.org","@graph":[{"@type":"NewsArticle","@id":"https:\/\/www.webdo.tn\/fr\/actualite\/international\/l-algerie-reagit-vivement-aux-menaces-de-revision-des-accords-avec-la-france\/220148\/#article","isPartOf":{"@id":"https:\/\/www.webdo.tn\/fr\/actualite\/international\/l-algerie-reagit-vivement-aux-menaces-de-revision-des-accords-avec-la-france\/220148\/"},"author":{"name":"AZ","@id":"https:\/\/www.webdo.tn\/fr\/#\/schema\/person\/b8a41c04d93287d375510db360906b34"},"headline":"L\u2019Alg\u00e9rie r\u00e9agit vivement aux menaces fran\u00e7aises de r\u00e9vision des accords bilat\u00e9raux","datePublished":"2025-02-26T20:45:00+00:00","dateModified":"2025-05-21T08:59:25+00:00","mainEntityOfPage":{"@id":"https:\/\/www.webdo.tn\/fr\/actualite\/international\/l-algerie-reagit-vivement-aux-menaces-de-revision-des-accords-avec-la-france\/220148\/"},"wordCount":460,"commentCount":0,"publisher":{"@id":"https:\/\/www.webdo.tn\/fr\/#organization"},"image":{"@id":"https:\/\/www.webdo.tn\/fr\/actualite\/international\/l-algerie-reagit-vivement-aux-menaces-de-revision-des-accords-avec-la-france\/220148\/#primaryimage"},"thumbnailUrl":"https:\/\/www.webdo.tn\/fr\/wp-content\/uploads\/2025\/05\/3014d4fc2493f0d2f21471f8bfc356ca-2.webp","keywords":["Accords bilat\u00e9raux","Alg\u00e9rie","france","Relations diplomatiques","tension"],"articleSection":["International"],"inLanguage":"fr-FR"},{"@type":"WebPage","@id":"https:\/\/www.webdo.tn\/fr\/actualite\/international\/l-algerie-reagit-vivement-aux-menaces-de-revision-des-accords-avec-la-france\/220148\/","url":"https:\/\/www.webdo.tn\/fr\/actualite\/international\/l-algerie-reagit-vivement-aux-menaces-de-revision-des-accords-avec-la-france\/220148\/","name":"L\u2019Alg\u00e9rie r\u00e9agit vivement aux menaces fran\u00e7aises de r\u00e9vision des accords bilat\u00e9raux","isPartOf":{"@id":"https:\/\/www.webdo.tn\/fr\/#website"},"primaryImageOfPage":{"@id":"https:\/\/www.webdo.tn\/fr\/actualite\/international\/l-algerie-reagit-vivement-aux-menaces-de-revision-des-accords-avec-la-france\/220148\/#primaryimage"},"image":{"@id":"https:\/\/www.webdo.tn\/fr\/actualite\/international\/l-algerie-reagit-vivement-aux-menaces-de-revision-des-accords-avec-la-france\/220148\/#primaryimage"},"thumbnailUrl":"https:\/\/www.webdo.tn\/fr\/wp-content\/uploads\/2025\/05\/3014d4fc2493f0d2f21471f8bfc356ca-2.webp","datePublished":"2025-02-26T20:45:00+00:00","dateModified":"2025-05-21T08:59:25+00:00","description":"L\u2019Alg\u00e9rie r\u00e9agit fermement aux menaces fran\u00e7aises de r\u00e9vision des accords bilat\u00e9raux. Tensions croissantes sur la gestion des visas et des questions migratoires...","breadcrumb":{"@id":"https:\/\/www.webdo.tn\/fr\/actualite\/international\/l-algerie-reagit-vivement-aux-menaces-de-revision-des-accords-avec-la-france\/220148\/#breadcrumb"},"inLanguage":"fr-FR","potentialAction":[{"@type":"ReadAction","target":["https:\/\/www.webdo.tn\/fr\/actualite\/international\/l-algerie-reagit-vivement-aux-menaces-de-revision-des-accords-avec-la-france\/220148\/"]}]},{"@type":"ImageObject","inLanguage":"fr-FR","@id":"https:\/\/www.webdo.tn\/fr\/actualite\/international\/l-algerie-reagit-vivement-aux-menaces-de-revision-des-accords-avec-la-france\/220148\/#primaryimage","url":"https:\/\/www.webdo.tn\/fr\/wp-content\/uploads\/2025\/05\/3014d4fc2493f0d2f21471f8bfc356ca-2.webp","contentUrl":"https:\/\/www.webdo.tn\/fr\/wp-content\/uploads\/2025\/05\/3014d4fc2493f0d2f21471f8bfc356ca-2.webp","width":750,"height":400},{"@type":"BreadcrumbList","@id":"https:\/\/www.webdo.tn\/fr\/actualite\/international\/l-algerie-reagit-vivement-aux-menaces-de-revision-des-accords-avec-la-france\/220148\/#breadcrumb","itemListElement":[{"@type":"ListItem","position":1,"name":"Accueil","item":"https:\/\/www.webdo.tn\/fr\/"},{"@type":"ListItem","position":2,"name":"L\u2019Alg\u00e9rie r\u00e9agit vivement aux menaces fran\u00e7aises de r\u00e9vision des accords bilat\u00e9raux"}]},{"@type":"WebSite","@id":"https:\/\/www.webdo.tn\/fr\/#website","url":"https:\/\/www.webdo.tn\/fr\/","name":"webdo","description":"Tunisie - News en Tunisie et \u00e0 l&#039;international sur Webdo.tn","publisher":{"@id":"https:\/\/www.webdo.tn\/fr\/#organization"},"potentialAction":[{"@type":"SearchAction","target":{"@type":"EntryPoint","urlTemplate":"https:\/\/www.webdo.tn\/fr\/?s={search_term_string}"},"query-input":{"@type":"PropertyValueSpecification","valueRequired":true,"valueName":"search_term_string"}}],"inLanguage":"fr-FR"},{"@type":"Organization","@id":"https:\/\/www.webdo.tn\/fr\/#organization","name":"Webdo","alternateName":"Webdo.tn","url":"https:\/\/www.webdo.tn\/fr\/","logo":{"@type":"ImageObject","inLanguage":"fr-FR","@id":"https:\/\/www.webdo.tn\/fr\/#\/schema\/logo\/image\/","url":"https:\/\/www.webdo.tn\/fr\/wp-content\/uploads\/2025\/06\/Webdo-Tunisie_168377.jpg","contentUrl":"https:\/\/www.webdo.tn\/fr\/wp-content\/uploads\/2025\/06\/Webdo-Tunisie_168377.jpg","width":301,"height":301,"caption":"Webdo"},"image":{"@id":"https:\/\/www.webdo.tn\/fr\/#\/schema\/logo\/image\/"},"sameAs":["https:\/\/www.facebook.com\/webdotn","https:\/\/x.com\/webdo_tn"],"description":"Webdo est un m\u00e9dia num\u00e9rique tunisien fond\u00e9 en 2010, sp\u00e9cialis\u00e9 dans l\u2019actualit\u00e9 nationale et internationale, l\u2019\u00e9conomie, la soci\u00e9t\u00e9 et les analyses politiques. Le site s\u2019adresse \u00e0 un large public francophone et couvre l\u2019information tunisienne en temps r\u00e9el.","email":"redac@webdo.tn","legalName":"YNJ SARL","foundingDate":"2010-09-06","numberOfEmployees":{"@type":"QuantitativeValue","minValue":"11","maxValue":"50"}},{"@type":"Person","@id":"https:\/\/www.webdo.tn\/fr\/#\/schema\/person\/b8a41c04d93287d375510db360906b34","name":"AZ","image":{"@type":"ImageObject","inLanguage":"fr-FR","@id":"https:\/\/secure.gravatar.com\/avatar\/492b80bada79439de4201dce15cd41eece6c277cfdf1b53382073c79105c1f89?s=96&d=mm&r=g","url":"https:\/\/secure.gravatar.com\/avatar\/492b80bada79439de4201dce15cd41eece6c277cfdf1b53382073c79105c1f89?s=96&d=mm&r=g","contentUrl":"https:\/\/secure.gravatar.com\/avatar\/492b80bada79439de4201dce15cd41eece6c277cfdf1b53382073c79105c1f89?s=96&d=mm&r=g","caption":"AZ"},"url":"https:\/\/www.webdo.tn\/fr\/actualite\/author\/az\/"}]}},"_links":{"self":[{"href":"https:\/\/www.webdo.tn\/fr\/wp-json\/wp\/v2\/posts\/220148","targetHints":{"allow":["GET"]}}],"collection":[{"href":"https:\/\/www.webdo.tn\/fr\/wp-json\/wp\/v2\/posts"}],"about":[{"href":"https:\/\/www.webdo.tn\/fr\/wp-json\/wp\/v2\/types\/post"}],"author":[{"embeddable":true,"href":"https:\/\/www.webdo.tn\/fr\/wp-json\/wp\/v2\/users\/3166"}],"replies":[{"embeddable":true,"href":"https:\/\/www.webdo.tn\/fr\/wp-json\/wp\/v2\/comments?post=220148"}],"version-history":[{"count":0,"href":"https:\/\/www.webdo.tn\/fr\/wp-json\/wp\/v2\/posts\/220148\/revisions"}],"wp:featuredmedia":[{"embeddable":true,"href":"https:\/\/www.webdo.tn\/fr\/wp-json\/wp\/v2\/media\/241994"}],"wp:attachment":[{"href":"https:\/\/www.webdo.tn\/fr\/wp-json\/wp\/v2\/media?parent=220148"}],"wp:term":[{"taxonomy":"category","embeddable":true,"href":"https:\/\/www.webdo.tn\/fr\/wp-json\/wp\/v2\/categories?post=220148"},{"taxonomy":"post_tag","embeddable":true,"href":"https:\/\/www.webdo.tn\/fr\/wp-json\/wp\/v2\/tags?post=220148"}],"curies":[{"name":"wp","href":"https:\/\/api.w.org\/{rel}","templated":true}]}}