{"id":220139,"date":"2025-02-26T15:17:00","date_gmt":"2025-02-26T15:17:00","guid":{"rendered":"https:\/\/www.webdo.tn\/fr\/blog\/2025\/02\/26\/tunisie-greve-dans-six-etablissements-publics-du-secteur-des-technologies-de-l-information\/"},"modified":"2025-05-20T21:42:29","modified_gmt":"2025-05-20T21:42:29","slug":"tunisie-greve-dans-six-etablissements-publics-du-secteur-des-technologies-de-l-information","status":"publish","type":"post","link":"https:\/\/www.webdo.tn\/fr\/actualite\/national\/tunisie-greve-dans-six-etablissements-publics-du-secteur-des-technologies-de-l-information\/220139\/","title":{"rendered":"Tunisie : Gr\u00e8ve dans six \u00e9tablissements publics du secteur des technologies de l\u2019information"},"content":{"rendered":"<p>La F\u00e9d\u00e9ration g\u00e9n\u00e9rale des technologies de l\u2019information et des services, affili\u00e9e \u00e0 l\u2019UGTT, a annonc\u00e9 l\u2019\u00e9chec de la s\u00e9ance de conciliation tenue avec des repr\u00e9sentants du minist\u00e8re des Technologies de la communication au si\u00e8ge du minist\u00e8re des Affaires sociales.<\/p>\n<p>En cons\u00e9quence, la f\u00e9d\u00e9ration confirme la tenue d\u2019une gr\u00e8ve en pr\u00e9sentiel dans six \u00e9tablissements publics le jeudi 27 f\u00e9vrier 2025. \u00a0<\/p>\n<p>Ali Ouerak, secr\u00e9taire g\u00e9n\u00e9ral de la f\u00e9d\u00e9ration, a r\u00e9affirm\u00e9 la fermet\u00e9 de la position syndicale apr\u00e8s l\u2019\u00e9chec des n\u00e9gociations du mardi 25 f\u00e9vrier, supervis\u00e9es par le ministre des Affaires sociales. Selon lui, l\u2019autorit\u00e9 de tutelle a rejet\u00e9 toutes les revendications formul\u00e9es par les syndicats. \u00a0<\/p>\n<p>Toutefois, la f\u00e9d\u00e9ration se dit ouverte au dialogue afin d\u2019\u00e9viter la gr\u00e8ve, qui concernera plusieurs institutions, dont le D\u00e9partement national de la transmission radiophonique et t\u00e9l\u00e9visuelle, l\u2019Agence nationale des fr\u00e9quences, l\u2019Agence nationale de cybers\u00e9curit\u00e9 et Tunisie P\u00f4les Technologiques**. \u00a0<\/p>\n<p>Le syndicat exige principalement l\u2019application de l\u2019accord de d\u00e9cembre 2020 concernant le D\u00e9partement national de la transmission radiophonique et t\u00e9l\u00e9visuelle, ainsi que la g\u00e9n\u00e9ralisation de la prime de couverture aux employ\u00e9s des \u00e9tablissements concern\u00e9s.<\/p>\n","protected":false},"excerpt":{"rendered":"<p>La F\u00e9d\u00e9ration g\u00e9n\u00e9rale des technologies de l\u2019information et des services, affili\u00e9e \u00e0 l\u2019UGTT, a annonc\u00e9 l\u2019\u00e9chec de la s\u00e9ance de conciliation tenue avec des repr\u00e9&#8230;<\/p>\n","protected":false},"author":3162,"featured_media":241988,"comment_status":"open","ping_status":"open","sticky":false,"template":"","format":"standard","meta":{"footnotes":""},"categories":[44],"tags":[2647,3876,2608],"class_list":["post-220139","post","type-post","status-publish","format-standard","has-post-thumbnail","hentry","category-national","tag-greve","tag-technologies-de-linformation","tag-tunisie"],"yoast_head":"<!-- This site is optimized with the Yoast SEO Premium plugin v27.5 (Yoast SEO v27.5) - https:\/\/yoast.com\/product\/yoast-seo-premium-wordpress\/ -->\n<title>Tunisie : Gr\u00e8ve dans six \u00e9tablissements publics du secteur des technologies de l\u2019information<\/title>\n<meta name=\"description\" content=\"La F\u00e9d\u00e9ration g\u00e9n\u00e9rale des technologies de l\u2019information et des services, affili\u00e9e \u00e0 l\u2019UGTT, a annonc\u00e9 l\u2019\u00e9chec de la s\u00e9ance de conciliation tenue avec des repr\u00e9...\" \/>\n<link rel=\"canonical\" href=\"https:\/\/www.webdo.tn\/fr\/actualite\/national\/tunisie-greve-dans-six-etablissements-publics-du-secteur-des-technologies-de-l-information\/220139\/\" \/>\n<meta property=\"og:locale\" content=\"fr_FR\" \/>\n<meta property=\"og:type\" content=\"article\" \/>\n<meta property=\"og:title\" content=\"Tunisie : Gr\u00e8ve dans six \u00e9tablissements publics du secteur des technologies de l\u2019information\" \/>\n<meta property=\"og:description\" content=\"La F\u00e9d\u00e9ration g\u00e9n\u00e9rale des technologies de l\u2019information et des services, affili\u00e9e \u00e0 l\u2019UGTT, a annonc\u00e9 l\u2019\u00e9chec de la s\u00e9ance de conciliation tenue avec des repr\u00e9...\" \/>\n<meta property=\"og:url\" content=\"https:\/\/www.webdo.tn\/fr\/actualite\/national\/tunisie-greve-dans-six-etablissements-publics-du-secteur-des-technologies-de-l-information\/220139\/\" \/>\n<meta property=\"og:site_name\" content=\"webdo\" \/>\n<meta property=\"article:publisher\" content=\"https:\/\/www.facebook.com\/webdotn\" \/>\n<meta property=\"article:published_time\" content=\"2025-02-26T15:17:00+00:00\" \/>\n<meta property=\"article:modified_time\" content=\"2025-05-20T21:42:29+00:00\" \/>\n<meta property=\"og:image\" content=\"https:\/\/www.webdo.tn\/fr\/wp-content\/uploads\/2025\/05\/e3e60bac191c6546d0a0b0ffc177e9d7-2.webp\" \/>\n\t<meta property=\"og:image:width\" content=\"750\" \/>\n\t<meta property=\"og:image:height\" content=\"400\" \/>\n\t<meta property=\"og:image:type\" content=\"image\/webp\" \/>\n<meta name=\"author\" content=\"MC\" \/>\n<meta name=\"twitter:card\" content=\"summary_large_image\" \/>\n<meta name=\"twitter:creator\" content=\"@webdo_tn\" \/>\n<meta name=\"twitter:site\" content=\"@webdo_tn\" \/>\n<meta name=\"twitter:label1\" content=\"\u00c9crit par\" \/>\n\t<meta name=\"twitter:data1\" content=\"MC\" \/>\n\t<meta name=\"twitter:label2\" content=\"Dur\u00e9e de lecture estim\u00e9e\" \/>\n\t<meta name=\"twitter:data2\" content=\"1 minute\" \/>\n<script type=\"application\/ld+json\" class=\"yoast-schema-graph\">{\"@context\":\"https:\\\/\\\/schema.org\",\"@graph\":[{\"@type\":\"NewsArticle\",\"@id\":\"https:\\\/\\\/www.webdo.tn\\\/fr\\\/actualite\\\/national\\\/tunisie-greve-dans-six-etablissements-publics-du-secteur-des-technologies-de-l-information\\\/220139\\\/#article\",\"isPartOf\":{\"@id\":\"https:\\\/\\\/www.webdo.tn\\\/fr\\\/actualite\\\/national\\\/tunisie-greve-dans-six-etablissements-publics-du-secteur-des-technologies-de-l-information\\\/220139\\\/\"},\"author\":{\"name\":\"MC\",\"@id\":\"https:\\\/\\\/www.webdo.tn\\\/fr\\\/#\\\/schema\\\/person\\\/2c4929cbf5a809e3bd38617c6ce150f6\"},\"headline\":\"Tunisie : Gr\u00e8ve dans six \u00e9tablissements publics du secteur des technologies de l\u2019information\",\"datePublished\":\"2025-02-26T15:17:00+00:00\",\"dateModified\":\"2025-05-20T21:42:29+00:00\",\"mainEntityOfPage\":{\"@id\":\"https:\\\/\\\/www.webdo.tn\\\/fr\\\/actualite\\\/national\\\/tunisie-greve-dans-six-etablissements-publics-du-secteur-des-technologies-de-l-information\\\/220139\\\/\"},\"wordCount\":239,\"commentCount\":0,\"publisher\":{\"@id\":\"https:\\\/\\\/www.webdo.tn\\\/fr\\\/#organization\"},\"image\":{\"@id\":\"https:\\\/\\\/www.webdo.tn\\\/fr\\\/actualite\\\/national\\\/tunisie-greve-dans-six-etablissements-publics-du-secteur-des-technologies-de-l-information\\\/220139\\\/#primaryimage\"},\"thumbnailUrl\":\"https:\\\/\\\/www.webdo.tn\\\/fr\\\/wp-content\\\/uploads\\\/2025\\\/05\\\/e3e60bac191c6546d0a0b0ffc177e9d7-2.webp\",\"keywords\":[\"Gr\u00e8ve\",\"technologies de l\u2019information\",\"Tunisie\"],\"articleSection\":[\"National\"],\"inLanguage\":\"fr-FR\"},{\"@type\":\"WebPage\",\"@id\":\"https:\\\/\\\/www.webdo.tn\\\/fr\\\/actualite\\\/national\\\/tunisie-greve-dans-six-etablissements-publics-du-secteur-des-technologies-de-l-information\\\/220139\\\/\",\"url\":\"https:\\\/\\\/www.webdo.tn\\\/fr\\\/actualite\\\/national\\\/tunisie-greve-dans-six-etablissements-publics-du-secteur-des-technologies-de-l-information\\\/220139\\\/\",\"name\":\"Tunisie : Gr\u00e8ve dans six \u00e9tablissements publics du secteur des technologies de l\u2019information\",\"isPartOf\":{\"@id\":\"https:\\\/\\\/www.webdo.tn\\\/fr\\\/#website\"},\"primaryImageOfPage\":{\"@id\":\"https:\\\/\\\/www.webdo.tn\\\/fr\\\/actualite\\\/national\\\/tunisie-greve-dans-six-etablissements-publics-du-secteur-des-technologies-de-l-information\\\/220139\\\/#primaryimage\"},\"image\":{\"@id\":\"https:\\\/\\\/www.webdo.tn\\\/fr\\\/actualite\\\/national\\\/tunisie-greve-dans-six-etablissements-publics-du-secteur-des-technologies-de-l-information\\\/220139\\\/#primaryimage\"},\"thumbnailUrl\":\"https:\\\/\\\/www.webdo.tn\\\/fr\\\/wp-content\\\/uploads\\\/2025\\\/05\\\/e3e60bac191c6546d0a0b0ffc177e9d7-2.webp\",\"datePublished\":\"2025-02-26T15:17:00+00:00\",\"dateModified\":\"2025-05-20T21:42:29+00:00\",\"description\":\"La F\u00e9d\u00e9ration g\u00e9n\u00e9rale des technologies de l\u2019information et des services, affili\u00e9e \u00e0 l\u2019UGTT, a annonc\u00e9 l\u2019\u00e9chec de la s\u00e9ance de conciliation tenue avec des repr\u00e9...\",\"breadcrumb\":{\"@id\":\"https:\\\/\\\/www.webdo.tn\\\/fr\\\/actualite\\\/national\\\/tunisie-greve-dans-six-etablissements-publics-du-secteur-des-technologies-de-l-information\\\/220139\\\/#breadcrumb\"},\"inLanguage\":\"fr-FR\",\"potentialAction\":[{\"@type\":\"ReadAction\",\"target\":[\"https:\\\/\\\/www.webdo.tn\\\/fr\\\/actualite\\\/national\\\/tunisie-greve-dans-six-etablissements-publics-du-secteur-des-technologies-de-l-information\\\/220139\\\/\"]}]},{\"@type\":\"ImageObject\",\"inLanguage\":\"fr-FR\",\"@id\":\"https:\\\/\\\/www.webdo.tn\\\/fr\\\/actualite\\\/national\\\/tunisie-greve-dans-six-etablissements-publics-du-secteur-des-technologies-de-l-information\\\/220139\\\/#primaryimage\",\"url\":\"https:\\\/\\\/www.webdo.tn\\\/fr\\\/wp-content\\\/uploads\\\/2025\\\/05\\\/e3e60bac191c6546d0a0b0ffc177e9d7-2.webp\",\"contentUrl\":\"https:\\\/\\\/www.webdo.tn\\\/fr\\\/wp-content\\\/uploads\\\/2025\\\/05\\\/e3e60bac191c6546d0a0b0ffc177e9d7-2.webp\",\"width\":750,\"height\":400},{\"@type\":\"BreadcrumbList\",\"@id\":\"https:\\\/\\\/www.webdo.tn\\\/fr\\\/actualite\\\/national\\\/tunisie-greve-dans-six-etablissements-publics-du-secteur-des-technologies-de-l-information\\\/220139\\\/#breadcrumb\",\"itemListElement\":[{\"@type\":\"ListItem\",\"position\":1,\"name\":\"Accueil\",\"item\":\"https:\\\/\\\/www.webdo.tn\\\/fr\\\/\"},{\"@type\":\"ListItem\",\"position\":2,\"name\":\"Tunisie : Gr\u00e8ve dans six \u00e9tablissements publics du secteur des technologies de l\u2019information\"}]},{\"@type\":\"WebSite\",\"@id\":\"https:\\\/\\\/www.webdo.tn\\\/fr\\\/#website\",\"url\":\"https:\\\/\\\/www.webdo.tn\\\/fr\\\/\",\"name\":\"webdo\",\"description\":\"Tunisie - News en Tunisie et \u00e0 l&#039;international sur Webdo.tn\",\"publisher\":{\"@id\":\"https:\\\/\\\/www.webdo.tn\\\/fr\\\/#organization\"},\"potentialAction\":[{\"@type\":\"SearchAction\",\"target\":{\"@type\":\"EntryPoint\",\"urlTemplate\":\"https:\\\/\\\/www.webdo.tn\\\/fr\\\/?s={search_term_string}\"},\"query-input\":{\"@type\":\"PropertyValueSpecification\",\"valueRequired\":true,\"valueName\":\"search_term_string\"}}],\"inLanguage\":\"fr-FR\"},{\"@type\":\"Organization\",\"@id\":\"https:\\\/\\\/www.webdo.tn\\\/fr\\\/#organization\",\"name\":\"Webdo\",\"alternateName\":\"Webdo.tn\",\"url\":\"https:\\\/\\\/www.webdo.tn\\\/fr\\\/\",\"logo\":{\"@type\":\"ImageObject\",\"inLanguage\":\"fr-FR\",\"@id\":\"https:\\\/\\\/www.webdo.tn\\\/fr\\\/#\\\/schema\\\/logo\\\/image\\\/\",\"url\":\"https:\\\/\\\/www.webdo.tn\\\/fr\\\/wp-content\\\/uploads\\\/2025\\\/06\\\/Webdo-Tunisie_168377.jpg\",\"contentUrl\":\"https:\\\/\\\/www.webdo.tn\\\/fr\\\/wp-content\\\/uploads\\\/2025\\\/06\\\/Webdo-Tunisie_168377.jpg\",\"width\":301,\"height\":301,\"caption\":\"Webdo\"},\"image\":{\"@id\":\"https:\\\/\\\/www.webdo.tn\\\/fr\\\/#\\\/schema\\\/logo\\\/image\\\/\"},\"sameAs\":[\"https:\\\/\\\/www.facebook.com\\\/webdotn\",\"https:\\\/\\\/x.com\\\/webdo_tn\"],\"description\":\"Webdo est un m\u00e9dia num\u00e9rique tunisien fond\u00e9 en 2010, sp\u00e9cialis\u00e9 dans l\u2019actualit\u00e9 nationale et internationale, l\u2019\u00e9conomie, la soci\u00e9t\u00e9 et les analyses politiques. Le site s\u2019adresse \u00e0 un large public francophone et couvre l\u2019information tunisienne en temps r\u00e9el.\",\"email\":\"redac@webdo.tn\",\"legalName\":\"YNJ SARL\",\"foundingDate\":\"2010-09-06\",\"numberOfEmployees\":{\"@type\":\"QuantitativeValue\",\"minValue\":\"11\",\"maxValue\":\"50\"}},{\"@type\":\"Person\",\"@id\":\"https:\\\/\\\/www.webdo.tn\\\/fr\\\/#\\\/schema\\\/person\\\/2c4929cbf5a809e3bd38617c6ce150f6\",\"name\":\"MC\",\"image\":{\"@type\":\"ImageObject\",\"inLanguage\":\"fr-FR\",\"@id\":\"https:\\\/\\\/secure.gravatar.com\\\/avatar\\\/a545bbb6f84efdd5553dbbc2895e3ca8f1d12c5215e00a041c9670b54aa9b18a?s=96&d=mm&r=g\",\"url\":\"https:\\\/\\\/secure.gravatar.com\\\/avatar\\\/a545bbb6f84efdd5553dbbc2895e3ca8f1d12c5215e00a041c9670b54aa9b18a?s=96&d=mm&r=g\",\"contentUrl\":\"https:\\\/\\\/secure.gravatar.com\\\/avatar\\\/a545bbb6f84efdd5553dbbc2895e3ca8f1d12c5215e00a041c9670b54aa9b18a?s=96&d=mm&r=g\",\"caption\":\"MC\"},\"url\":\"https:\\\/\\\/www.webdo.tn\\\/fr\\\/actualite\\\/author\\\/mc\\\/\"}]}<\/script>\n<!-- \/ Yoast SEO Premium plugin. -->","yoast_head_json":{"title":"Tunisie : Gr\u00e8ve dans six \u00e9tablissements publics du secteur des technologies de l\u2019information","description":"La F\u00e9d\u00e9ration g\u00e9n\u00e9rale des technologies de l\u2019information et des services, affili\u00e9e \u00e0 l\u2019UGTT, a annonc\u00e9 l\u2019\u00e9chec de la s\u00e9ance de conciliation tenue avec des repr\u00e9...","canonical":"https:\/\/www.webdo.tn\/fr\/actualite\/national\/tunisie-greve-dans-six-etablissements-publics-du-secteur-des-technologies-de-l-information\/220139\/","og_locale":"fr_FR","og_type":"article","og_title":"Tunisie : Gr\u00e8ve dans six \u00e9tablissements publics du secteur des technologies de l\u2019information","og_description":"La F\u00e9d\u00e9ration g\u00e9n\u00e9rale des technologies de l\u2019information et des services, affili\u00e9e \u00e0 l\u2019UGTT, a annonc\u00e9 l\u2019\u00e9chec de la s\u00e9ance de conciliation tenue avec des repr\u00e9...","og_url":"https:\/\/www.webdo.tn\/fr\/actualite\/national\/tunisie-greve-dans-six-etablissements-publics-du-secteur-des-technologies-de-l-information\/220139\/","og_site_name":"webdo","article_publisher":"https:\/\/www.facebook.com\/webdotn","article_published_time":"2025-02-26T15:17:00+00:00","article_modified_time":"2025-05-20T21:42:29+00:00","og_image":[{"width":750,"height":400,"url":"https:\/\/www.webdo.tn\/fr\/wp-content\/uploads\/2025\/05\/e3e60bac191c6546d0a0b0ffc177e9d7-2.webp","type":"image\/webp"}],"author":"MC","twitter_card":"summary_large_image","twitter_creator":"@webdo_tn","twitter_site":"@webdo_tn","twitter_misc":{"\u00c9crit par":"MC","Dur\u00e9e de lecture estim\u00e9e":"1 minute"},"schema":{"@context":"https:\/\/schema.org","@graph":[{"@type":"NewsArticle","@id":"https:\/\/www.webdo.tn\/fr\/actualite\/national\/tunisie-greve-dans-six-etablissements-publics-du-secteur-des-technologies-de-l-information\/220139\/#article","isPartOf":{"@id":"https:\/\/www.webdo.tn\/fr\/actualite\/national\/tunisie-greve-dans-six-etablissements-publics-du-secteur-des-technologies-de-l-information\/220139\/"},"author":{"name":"MC","@id":"https:\/\/www.webdo.tn\/fr\/#\/schema\/person\/2c4929cbf5a809e3bd38617c6ce150f6"},"headline":"Tunisie : Gr\u00e8ve dans six \u00e9tablissements publics du secteur des technologies de l\u2019information","datePublished":"2025-02-26T15:17:00+00:00","dateModified":"2025-05-20T21:42:29+00:00","mainEntityOfPage":{"@id":"https:\/\/www.webdo.tn\/fr\/actualite\/national\/tunisie-greve-dans-six-etablissements-publics-du-secteur-des-technologies-de-l-information\/220139\/"},"wordCount":239,"commentCount":0,"publisher":{"@id":"https:\/\/www.webdo.tn\/fr\/#organization"},"image":{"@id":"https:\/\/www.webdo.tn\/fr\/actualite\/national\/tunisie-greve-dans-six-etablissements-publics-du-secteur-des-technologies-de-l-information\/220139\/#primaryimage"},"thumbnailUrl":"https:\/\/www.webdo.tn\/fr\/wp-content\/uploads\/2025\/05\/e3e60bac191c6546d0a0b0ffc177e9d7-2.webp","keywords":["Gr\u00e8ve","technologies de l\u2019information","Tunisie"],"articleSection":["National"],"inLanguage":"fr-FR"},{"@type":"WebPage","@id":"https:\/\/www.webdo.tn\/fr\/actualite\/national\/tunisie-greve-dans-six-etablissements-publics-du-secteur-des-technologies-de-l-information\/220139\/","url":"https:\/\/www.webdo.tn\/fr\/actualite\/national\/tunisie-greve-dans-six-etablissements-publics-du-secteur-des-technologies-de-l-information\/220139\/","name":"Tunisie : Gr\u00e8ve dans six \u00e9tablissements publics du secteur des technologies de l\u2019information","isPartOf":{"@id":"https:\/\/www.webdo.tn\/fr\/#website"},"primaryImageOfPage":{"@id":"https:\/\/www.webdo.tn\/fr\/actualite\/national\/tunisie-greve-dans-six-etablissements-publics-du-secteur-des-technologies-de-l-information\/220139\/#primaryimage"},"image":{"@id":"https:\/\/www.webdo.tn\/fr\/actualite\/national\/tunisie-greve-dans-six-etablissements-publics-du-secteur-des-technologies-de-l-information\/220139\/#primaryimage"},"thumbnailUrl":"https:\/\/www.webdo.tn\/fr\/wp-content\/uploads\/2025\/05\/e3e60bac191c6546d0a0b0ffc177e9d7-2.webp","datePublished":"2025-02-26T15:17:00+00:00","dateModified":"2025-05-20T21:42:29+00:00","description":"La F\u00e9d\u00e9ration g\u00e9n\u00e9rale des technologies de l\u2019information et des services, affili\u00e9e \u00e0 l\u2019UGTT, a annonc\u00e9 l\u2019\u00e9chec de la s\u00e9ance de conciliation tenue avec des repr\u00e9...","breadcrumb":{"@id":"https:\/\/www.webdo.tn\/fr\/actualite\/national\/tunisie-greve-dans-six-etablissements-publics-du-secteur-des-technologies-de-l-information\/220139\/#breadcrumb"},"inLanguage":"fr-FR","potentialAction":[{"@type":"ReadAction","target":["https:\/\/www.webdo.tn\/fr\/actualite\/national\/tunisie-greve-dans-six-etablissements-publics-du-secteur-des-technologies-de-l-information\/220139\/"]}]},{"@type":"ImageObject","inLanguage":"fr-FR","@id":"https:\/\/www.webdo.tn\/fr\/actualite\/national\/tunisie-greve-dans-six-etablissements-publics-du-secteur-des-technologies-de-l-information\/220139\/#primaryimage","url":"https:\/\/www.webdo.tn\/fr\/wp-content\/uploads\/2025\/05\/e3e60bac191c6546d0a0b0ffc177e9d7-2.webp","contentUrl":"https:\/\/www.webdo.tn\/fr\/wp-content\/uploads\/2025\/05\/e3e60bac191c6546d0a0b0ffc177e9d7-2.webp","width":750,"height":400},{"@type":"BreadcrumbList","@id":"https:\/\/www.webdo.tn\/fr\/actualite\/national\/tunisie-greve-dans-six-etablissements-publics-du-secteur-des-technologies-de-l-information\/220139\/#breadcrumb","itemListElement":[{"@type":"ListItem","position":1,"name":"Accueil","item":"https:\/\/www.webdo.tn\/fr\/"},{"@type":"ListItem","position":2,"name":"Tunisie : Gr\u00e8ve dans six \u00e9tablissements publics du secteur des technologies de l\u2019information"}]},{"@type":"WebSite","@id":"https:\/\/www.webdo.tn\/fr\/#website","url":"https:\/\/www.webdo.tn\/fr\/","name":"webdo","description":"Tunisie - News en Tunisie et \u00e0 l&#039;international sur Webdo.tn","publisher":{"@id":"https:\/\/www.webdo.tn\/fr\/#organization"},"potentialAction":[{"@type":"SearchAction","target":{"@type":"EntryPoint","urlTemplate":"https:\/\/www.webdo.tn\/fr\/?s={search_term_string}"},"query-input":{"@type":"PropertyValueSpecification","valueRequired":true,"valueName":"search_term_string"}}],"inLanguage":"fr-FR"},{"@type":"Organization","@id":"https:\/\/www.webdo.tn\/fr\/#organization","name":"Webdo","alternateName":"Webdo.tn","url":"https:\/\/www.webdo.tn\/fr\/","logo":{"@type":"ImageObject","inLanguage":"fr-FR","@id":"https:\/\/www.webdo.tn\/fr\/#\/schema\/logo\/image\/","url":"https:\/\/www.webdo.tn\/fr\/wp-content\/uploads\/2025\/06\/Webdo-Tunisie_168377.jpg","contentUrl":"https:\/\/www.webdo.tn\/fr\/wp-content\/uploads\/2025\/06\/Webdo-Tunisie_168377.jpg","width":301,"height":301,"caption":"Webdo"},"image":{"@id":"https:\/\/www.webdo.tn\/fr\/#\/schema\/logo\/image\/"},"sameAs":["https:\/\/www.facebook.com\/webdotn","https:\/\/x.com\/webdo_tn"],"description":"Webdo est un m\u00e9dia num\u00e9rique tunisien fond\u00e9 en 2010, sp\u00e9cialis\u00e9 dans l\u2019actualit\u00e9 nationale et internationale, l\u2019\u00e9conomie, la soci\u00e9t\u00e9 et les analyses politiques. Le site s\u2019adresse \u00e0 un large public francophone et couvre l\u2019information tunisienne en temps r\u00e9el.","email":"redac@webdo.tn","legalName":"YNJ SARL","foundingDate":"2010-09-06","numberOfEmployees":{"@type":"QuantitativeValue","minValue":"11","maxValue":"50"}},{"@type":"Person","@id":"https:\/\/www.webdo.tn\/fr\/#\/schema\/person\/2c4929cbf5a809e3bd38617c6ce150f6","name":"MC","image":{"@type":"ImageObject","inLanguage":"fr-FR","@id":"https:\/\/secure.gravatar.com\/avatar\/a545bbb6f84efdd5553dbbc2895e3ca8f1d12c5215e00a041c9670b54aa9b18a?s=96&d=mm&r=g","url":"https:\/\/secure.gravatar.com\/avatar\/a545bbb6f84efdd5553dbbc2895e3ca8f1d12c5215e00a041c9670b54aa9b18a?s=96&d=mm&r=g","contentUrl":"https:\/\/secure.gravatar.com\/avatar\/a545bbb6f84efdd5553dbbc2895e3ca8f1d12c5215e00a041c9670b54aa9b18a?s=96&d=mm&r=g","caption":"MC"},"url":"https:\/\/www.webdo.tn\/fr\/actualite\/author\/mc\/"}]}},"_links":{"self":[{"href":"https:\/\/www.webdo.tn\/fr\/wp-json\/wp\/v2\/posts\/220139","targetHints":{"allow":["GET"]}}],"collection":[{"href":"https:\/\/www.webdo.tn\/fr\/wp-json\/wp\/v2\/posts"}],"about":[{"href":"https:\/\/www.webdo.tn\/fr\/wp-json\/wp\/v2\/types\/post"}],"author":[{"embeddable":true,"href":"https:\/\/www.webdo.tn\/fr\/wp-json\/wp\/v2\/users\/3162"}],"replies":[{"embeddable":true,"href":"https:\/\/www.webdo.tn\/fr\/wp-json\/wp\/v2\/comments?post=220139"}],"version-history":[{"count":0,"href":"https:\/\/www.webdo.tn\/fr\/wp-json\/wp\/v2\/posts\/220139\/revisions"}],"wp:featuredmedia":[{"embeddable":true,"href":"https:\/\/www.webdo.tn\/fr\/wp-json\/wp\/v2\/media\/241988"}],"wp:attachment":[{"href":"https:\/\/www.webdo.tn\/fr\/wp-json\/wp\/v2\/media?parent=220139"}],"wp:term":[{"taxonomy":"category","embeddable":true,"href":"https:\/\/www.webdo.tn\/fr\/wp-json\/wp\/v2\/categories?post=220139"},{"taxonomy":"post_tag","embeddable":true,"href":"https:\/\/www.webdo.tn\/fr\/wp-json\/wp\/v2\/tags?post=220139"}],"curies":[{"name":"wp","href":"https:\/\/api.w.org\/{rel}","templated":true}]}}