{"id":220138,"date":"2025-02-26T15:06:00","date_gmt":"2025-02-26T15:06:00","guid":{"rendered":"https:\/\/www.webdo.tn\/fr\/blog\/2025\/02\/26\/tunisie-bientot-un-plan-pour-lutter-contre-les-comportements-a-risque-chez-les-jeunes\/"},"modified":"2025-05-20T21:42:28","modified_gmt":"2025-05-20T21:42:28","slug":"tunisie-bientot-un-plan-pour-lutter-contre-les-comportements-a-risque-chez-les-jeunes","status":"publish","type":"post","link":"https:\/\/www.webdo.tn\/fr\/actualite\/national\/tunisie-bientot-un-plan-pour-lutter-contre-les-comportements-a-risque-chez-les-jeunes\/220138\/","title":{"rendered":"Tunisie : Bient\u00f4t un plan pour lutter contre les comportements \u00e0 risque chez les jeunes"},"content":{"rendered":"<p>Le directeur adjoint de l&rsquo;Observatoire national de l&rsquo;\u00e9ducation, Tayaa Ayachi, a annonc\u00e9 la mise en place d&rsquo;une strat\u00e9gie nationale, supervis\u00e9e par le pr\u00e9sident de la R\u00e9publique, qui servira de feuille de route pour tous les acteurs impliqu\u00e9s dans la lutte contre la violence et les comportements \u00e0 risque. \u00a0<\/p>\n<p>Lors d\u2019une d\u00e9claration \u00e0 Mosa\u00efque FM, ce mercredi 26 f\u00e9vrier 2025, il a pr\u00e9cis\u00e9 que le minist\u00e8re de l\u2019\u00c9ducation travaille en collaboration avec le minist\u00e8re de la Sant\u00e9 afin d&rsquo;\u00e9laborer un programme de formation destin\u00e9 aux cadres du minist\u00e8re de l&rsquo;\u00c9ducation.<\/p>\n<p>Cette initiative vise en particulier les \u00e9tablissements scolaires o\u00f9 les taux de consommation de drogues sont les plus \u00e9lev\u00e9s, notamment du cannabis, r\u00e9pandu notamment \u00e0 l\u2019Ariana et Ben Arous. \u00a0<\/p>\n<p>Le projet sera mis en \u0153uvre en partenariat avec les minist\u00e8res de la Justice et de l\u2019Int\u00e9rieur, ainsi qu\u2019avec des organisations de la soci\u00e9t\u00e9 civile. \u00a0<\/p>\n<p>Il a \u00e9galement soulign\u00e9 que les activit\u00e9s des clubs scolaires jouent un r\u00f4le essentiel dans la r\u00e9duction du nombre d\u2019\u00e9l\u00e8ves consommateurs de drogues et contribuent \u00e0 sensibiliser les jeunes \u00e0 ce danger.<\/p>\n","protected":false},"excerpt":{"rendered":"<p>Le directeur adjoint de l&rsquo;Observatoire national de l&rsquo;\u00e9ducation, Tayaa Ayachi, a annonc\u00e9 la mise en place d&rsquo;une strat\u00e9gie nationale, supervis\u00e9e par le pr\u00e9sident&#8230;<\/p>\n","protected":false},"author":3162,"featured_media":241986,"comment_status":"open","ping_status":"open","sticky":false,"template":"","format":"standard","meta":{"footnotes":""},"categories":[44],"tags":[3204,2644,3205,2608,2827],"class_list":["post-220138","post","type-post","status-publish","format-standard","has-post-thumbnail","hentry","category-national","tag-colleges","tag-drogue","tag-lycees","tag-tunisie","tag-violence"],"yoast_head":"<!-- This site is optimized with the Yoast SEO Premium plugin v27.4 (Yoast SEO v27.5) - https:\/\/yoast.com\/product\/yoast-seo-premium-wordpress\/ -->\n<title>Tunisie : Bient\u00f4t un plan pour lutter contre les comportements \u00e0 risque chez les jeunes<\/title>\n<meta name=\"description\" content=\"Le directeur adjoint de l&#039;Observatoire national de l&#039;\u00e9ducation, Tayaa Ayachi, a annonc\u00e9 la mise en place d&#039;une strat\u00e9gie nationale, supervis\u00e9e par le pr\u00e9sident...\" \/>\n<link rel=\"canonical\" href=\"https:\/\/www.webdo.tn\/fr\/actualite\/national\/tunisie-bientot-un-plan-pour-lutter-contre-les-comportements-a-risque-chez-les-jeunes\/220138\/\" \/>\n<meta property=\"og:locale\" content=\"fr_FR\" \/>\n<meta property=\"og:type\" content=\"article\" \/>\n<meta property=\"og:title\" content=\"Tunisie : Bient\u00f4t un plan pour lutter contre les comportements \u00e0 risque chez les jeunes\" \/>\n<meta property=\"og:description\" content=\"Le directeur adjoint de l&#039;Observatoire national de l&#039;\u00e9ducation, Tayaa Ayachi, a annonc\u00e9 la mise en place d&#039;une strat\u00e9gie nationale, supervis\u00e9e par le pr\u00e9sident...\" \/>\n<meta property=\"og:url\" content=\"https:\/\/www.webdo.tn\/fr\/actualite\/national\/tunisie-bientot-un-plan-pour-lutter-contre-les-comportements-a-risque-chez-les-jeunes\/220138\/\" \/>\n<meta property=\"og:site_name\" content=\"webdo\" \/>\n<meta property=\"article:publisher\" content=\"https:\/\/www.facebook.com\/webdotn\" \/>\n<meta property=\"article:published_time\" content=\"2025-02-26T15:06:00+00:00\" \/>\n<meta property=\"article:modified_time\" content=\"2025-05-20T21:42:28+00:00\" \/>\n<meta property=\"og:image\" content=\"https:\/\/www.webdo.tn\/fr\/wp-content\/uploads\/2025\/05\/aec3157ae425056c7d8079c8fddb27cf-2.webp\" \/>\n\t<meta property=\"og:image:width\" content=\"750\" \/>\n\t<meta property=\"og:image:height\" content=\"400\" \/>\n\t<meta property=\"og:image:type\" content=\"image\/webp\" \/>\n<meta name=\"author\" content=\"MC\" \/>\n<meta name=\"twitter:card\" content=\"summary_large_image\" \/>\n<meta name=\"twitter:creator\" content=\"@webdo_tn\" \/>\n<meta name=\"twitter:site\" content=\"@webdo_tn\" \/>\n<meta name=\"twitter:label1\" content=\"\u00c9crit par\" \/>\n\t<meta name=\"twitter:data1\" content=\"MC\" \/>\n\t<meta name=\"twitter:label2\" content=\"Dur\u00e9e de lecture estim\u00e9e\" \/>\n\t<meta name=\"twitter:data2\" content=\"1 minute\" \/>\n<script type=\"application\/ld+json\" class=\"yoast-schema-graph\">{\"@context\":\"https:\\\/\\\/schema.org\",\"@graph\":[{\"@type\":\"NewsArticle\",\"@id\":\"https:\\\/\\\/www.webdo.tn\\\/fr\\\/actualite\\\/national\\\/tunisie-bientot-un-plan-pour-lutter-contre-les-comportements-a-risque-chez-les-jeunes\\\/220138\\\/#article\",\"isPartOf\":{\"@id\":\"https:\\\/\\\/www.webdo.tn\\\/fr\\\/actualite\\\/national\\\/tunisie-bientot-un-plan-pour-lutter-contre-les-comportements-a-risque-chez-les-jeunes\\\/220138\\\/\"},\"author\":{\"name\":\"MC\",\"@id\":\"https:\\\/\\\/www.webdo.tn\\\/fr\\\/#\\\/schema\\\/person\\\/2c4929cbf5a809e3bd38617c6ce150f6\"},\"headline\":\"Tunisie : Bient\u00f4t un plan pour lutter contre les comportements \u00e0 risque chez les jeunes\",\"datePublished\":\"2025-02-26T15:06:00+00:00\",\"dateModified\":\"2025-05-20T21:42:28+00:00\",\"mainEntityOfPage\":{\"@id\":\"https:\\\/\\\/www.webdo.tn\\\/fr\\\/actualite\\\/national\\\/tunisie-bientot-un-plan-pour-lutter-contre-les-comportements-a-risque-chez-les-jeunes\\\/220138\\\/\"},\"wordCount\":214,\"commentCount\":0,\"publisher\":{\"@id\":\"https:\\\/\\\/www.webdo.tn\\\/fr\\\/#organization\"},\"image\":{\"@id\":\"https:\\\/\\\/www.webdo.tn\\\/fr\\\/actualite\\\/national\\\/tunisie-bientot-un-plan-pour-lutter-contre-les-comportements-a-risque-chez-les-jeunes\\\/220138\\\/#primaryimage\"},\"thumbnailUrl\":\"https:\\\/\\\/www.webdo.tn\\\/fr\\\/wp-content\\\/uploads\\\/2025\\\/05\\\/aec3157ae425056c7d8079c8fddb27cf-2.webp\",\"keywords\":[\"Coll\u00e8ges\",\"drogue\",\"lyc\u00e9es\",\"Tunisie\",\"violence\"],\"articleSection\":[\"National\"],\"inLanguage\":\"fr-FR\"},{\"@type\":\"WebPage\",\"@id\":\"https:\\\/\\\/www.webdo.tn\\\/fr\\\/actualite\\\/national\\\/tunisie-bientot-un-plan-pour-lutter-contre-les-comportements-a-risque-chez-les-jeunes\\\/220138\\\/\",\"url\":\"https:\\\/\\\/www.webdo.tn\\\/fr\\\/actualite\\\/national\\\/tunisie-bientot-un-plan-pour-lutter-contre-les-comportements-a-risque-chez-les-jeunes\\\/220138\\\/\",\"name\":\"Tunisie : Bient\u00f4t un plan pour lutter contre les comportements \u00e0 risque chez les jeunes\",\"isPartOf\":{\"@id\":\"https:\\\/\\\/www.webdo.tn\\\/fr\\\/#website\"},\"primaryImageOfPage\":{\"@id\":\"https:\\\/\\\/www.webdo.tn\\\/fr\\\/actualite\\\/national\\\/tunisie-bientot-un-plan-pour-lutter-contre-les-comportements-a-risque-chez-les-jeunes\\\/220138\\\/#primaryimage\"},\"image\":{\"@id\":\"https:\\\/\\\/www.webdo.tn\\\/fr\\\/actualite\\\/national\\\/tunisie-bientot-un-plan-pour-lutter-contre-les-comportements-a-risque-chez-les-jeunes\\\/220138\\\/#primaryimage\"},\"thumbnailUrl\":\"https:\\\/\\\/www.webdo.tn\\\/fr\\\/wp-content\\\/uploads\\\/2025\\\/05\\\/aec3157ae425056c7d8079c8fddb27cf-2.webp\",\"datePublished\":\"2025-02-26T15:06:00+00:00\",\"dateModified\":\"2025-05-20T21:42:28+00:00\",\"description\":\"Le directeur adjoint de l'Observatoire national de l'\u00e9ducation, Tayaa Ayachi, a annonc\u00e9 la mise en place d'une strat\u00e9gie nationale, supervis\u00e9e par le pr\u00e9sident...\",\"breadcrumb\":{\"@id\":\"https:\\\/\\\/www.webdo.tn\\\/fr\\\/actualite\\\/national\\\/tunisie-bientot-un-plan-pour-lutter-contre-les-comportements-a-risque-chez-les-jeunes\\\/220138\\\/#breadcrumb\"},\"inLanguage\":\"fr-FR\",\"potentialAction\":[{\"@type\":\"ReadAction\",\"target\":[\"https:\\\/\\\/www.webdo.tn\\\/fr\\\/actualite\\\/national\\\/tunisie-bientot-un-plan-pour-lutter-contre-les-comportements-a-risque-chez-les-jeunes\\\/220138\\\/\"]}]},{\"@type\":\"ImageObject\",\"inLanguage\":\"fr-FR\",\"@id\":\"https:\\\/\\\/www.webdo.tn\\\/fr\\\/actualite\\\/national\\\/tunisie-bientot-un-plan-pour-lutter-contre-les-comportements-a-risque-chez-les-jeunes\\\/220138\\\/#primaryimage\",\"url\":\"https:\\\/\\\/www.webdo.tn\\\/fr\\\/wp-content\\\/uploads\\\/2025\\\/05\\\/aec3157ae425056c7d8079c8fddb27cf-2.webp\",\"contentUrl\":\"https:\\\/\\\/www.webdo.tn\\\/fr\\\/wp-content\\\/uploads\\\/2025\\\/05\\\/aec3157ae425056c7d8079c8fddb27cf-2.webp\",\"width\":750,\"height\":400},{\"@type\":\"BreadcrumbList\",\"@id\":\"https:\\\/\\\/www.webdo.tn\\\/fr\\\/actualite\\\/national\\\/tunisie-bientot-un-plan-pour-lutter-contre-les-comportements-a-risque-chez-les-jeunes\\\/220138\\\/#breadcrumb\",\"itemListElement\":[{\"@type\":\"ListItem\",\"position\":1,\"name\":\"Accueil\",\"item\":\"https:\\\/\\\/www.webdo.tn\\\/fr\\\/\"},{\"@type\":\"ListItem\",\"position\":2,\"name\":\"Tunisie : Bient\u00f4t un plan pour lutter contre les comportements \u00e0 risque chez les jeunes\"}]},{\"@type\":\"WebSite\",\"@id\":\"https:\\\/\\\/www.webdo.tn\\\/fr\\\/#website\",\"url\":\"https:\\\/\\\/www.webdo.tn\\\/fr\\\/\",\"name\":\"webdo\",\"description\":\"Tunisie - News en Tunisie et \u00e0 l&#039;international sur Webdo.tn\",\"publisher\":{\"@id\":\"https:\\\/\\\/www.webdo.tn\\\/fr\\\/#organization\"},\"potentialAction\":[{\"@type\":\"SearchAction\",\"target\":{\"@type\":\"EntryPoint\",\"urlTemplate\":\"https:\\\/\\\/www.webdo.tn\\\/fr\\\/?s={search_term_string}\"},\"query-input\":{\"@type\":\"PropertyValueSpecification\",\"valueRequired\":true,\"valueName\":\"search_term_string\"}}],\"inLanguage\":\"fr-FR\"},{\"@type\":\"Organization\",\"@id\":\"https:\\\/\\\/www.webdo.tn\\\/fr\\\/#organization\",\"name\":\"Webdo\",\"alternateName\":\"Webdo.tn\",\"url\":\"https:\\\/\\\/www.webdo.tn\\\/fr\\\/\",\"logo\":{\"@type\":\"ImageObject\",\"inLanguage\":\"fr-FR\",\"@id\":\"https:\\\/\\\/www.webdo.tn\\\/fr\\\/#\\\/schema\\\/logo\\\/image\\\/\",\"url\":\"https:\\\/\\\/www.webdo.tn\\\/fr\\\/wp-content\\\/uploads\\\/2025\\\/06\\\/Webdo-Tunisie_168377.jpg\",\"contentUrl\":\"https:\\\/\\\/www.webdo.tn\\\/fr\\\/wp-content\\\/uploads\\\/2025\\\/06\\\/Webdo-Tunisie_168377.jpg\",\"width\":301,\"height\":301,\"caption\":\"Webdo\"},\"image\":{\"@id\":\"https:\\\/\\\/www.webdo.tn\\\/fr\\\/#\\\/schema\\\/logo\\\/image\\\/\"},\"sameAs\":[\"https:\\\/\\\/www.facebook.com\\\/webdotn\",\"https:\\\/\\\/x.com\\\/webdo_tn\"],\"description\":\"Webdo est un m\u00e9dia num\u00e9rique tunisien fond\u00e9 en 2010, sp\u00e9cialis\u00e9 dans l\u2019actualit\u00e9 nationale et internationale, l\u2019\u00e9conomie, la soci\u00e9t\u00e9 et les analyses politiques. Le site s\u2019adresse \u00e0 un large public francophone et couvre l\u2019information tunisienne en temps r\u00e9el.\",\"email\":\"redac@webdo.tn\",\"legalName\":\"YNJ SARL\",\"foundingDate\":\"2010-09-06\",\"numberOfEmployees\":{\"@type\":\"QuantitativeValue\",\"minValue\":\"11\",\"maxValue\":\"50\"}},{\"@type\":\"Person\",\"@id\":\"https:\\\/\\\/www.webdo.tn\\\/fr\\\/#\\\/schema\\\/person\\\/2c4929cbf5a809e3bd38617c6ce150f6\",\"name\":\"MC\",\"image\":{\"@type\":\"ImageObject\",\"inLanguage\":\"fr-FR\",\"@id\":\"https:\\\/\\\/secure.gravatar.com\\\/avatar\\\/a545bbb6f84efdd5553dbbc2895e3ca8f1d12c5215e00a041c9670b54aa9b18a?s=96&d=mm&r=g\",\"url\":\"https:\\\/\\\/secure.gravatar.com\\\/avatar\\\/a545bbb6f84efdd5553dbbc2895e3ca8f1d12c5215e00a041c9670b54aa9b18a?s=96&d=mm&r=g\",\"contentUrl\":\"https:\\\/\\\/secure.gravatar.com\\\/avatar\\\/a545bbb6f84efdd5553dbbc2895e3ca8f1d12c5215e00a041c9670b54aa9b18a?s=96&d=mm&r=g\",\"caption\":\"MC\"},\"url\":\"https:\\\/\\\/www.webdo.tn\\\/fr\\\/actualite\\\/author\\\/mc\\\/\"}]}<\/script>\n<!-- \/ Yoast SEO Premium plugin. -->","yoast_head_json":{"title":"Tunisie : Bient\u00f4t un plan pour lutter contre les comportements \u00e0 risque chez les jeunes","description":"Le directeur adjoint de l'Observatoire national de l'\u00e9ducation, Tayaa Ayachi, a annonc\u00e9 la mise en place d'une strat\u00e9gie nationale, supervis\u00e9e par le pr\u00e9sident...","canonical":"https:\/\/www.webdo.tn\/fr\/actualite\/national\/tunisie-bientot-un-plan-pour-lutter-contre-les-comportements-a-risque-chez-les-jeunes\/220138\/","og_locale":"fr_FR","og_type":"article","og_title":"Tunisie : Bient\u00f4t un plan pour lutter contre les comportements \u00e0 risque chez les jeunes","og_description":"Le directeur adjoint de l'Observatoire national de l'\u00e9ducation, Tayaa Ayachi, a annonc\u00e9 la mise en place d'une strat\u00e9gie nationale, supervis\u00e9e par le pr\u00e9sident...","og_url":"https:\/\/www.webdo.tn\/fr\/actualite\/national\/tunisie-bientot-un-plan-pour-lutter-contre-les-comportements-a-risque-chez-les-jeunes\/220138\/","og_site_name":"webdo","article_publisher":"https:\/\/www.facebook.com\/webdotn","article_published_time":"2025-02-26T15:06:00+00:00","article_modified_time":"2025-05-20T21:42:28+00:00","og_image":[{"width":750,"height":400,"url":"https:\/\/www.webdo.tn\/fr\/wp-content\/uploads\/2025\/05\/aec3157ae425056c7d8079c8fddb27cf-2.webp","type":"image\/webp"}],"author":"MC","twitter_card":"summary_large_image","twitter_creator":"@webdo_tn","twitter_site":"@webdo_tn","twitter_misc":{"\u00c9crit par":"MC","Dur\u00e9e de lecture estim\u00e9e":"1 minute"},"schema":{"@context":"https:\/\/schema.org","@graph":[{"@type":"NewsArticle","@id":"https:\/\/www.webdo.tn\/fr\/actualite\/national\/tunisie-bientot-un-plan-pour-lutter-contre-les-comportements-a-risque-chez-les-jeunes\/220138\/#article","isPartOf":{"@id":"https:\/\/www.webdo.tn\/fr\/actualite\/national\/tunisie-bientot-un-plan-pour-lutter-contre-les-comportements-a-risque-chez-les-jeunes\/220138\/"},"author":{"name":"MC","@id":"https:\/\/www.webdo.tn\/fr\/#\/schema\/person\/2c4929cbf5a809e3bd38617c6ce150f6"},"headline":"Tunisie : Bient\u00f4t un plan pour lutter contre les comportements \u00e0 risque chez les jeunes","datePublished":"2025-02-26T15:06:00+00:00","dateModified":"2025-05-20T21:42:28+00:00","mainEntityOfPage":{"@id":"https:\/\/www.webdo.tn\/fr\/actualite\/national\/tunisie-bientot-un-plan-pour-lutter-contre-les-comportements-a-risque-chez-les-jeunes\/220138\/"},"wordCount":214,"commentCount":0,"publisher":{"@id":"https:\/\/www.webdo.tn\/fr\/#organization"},"image":{"@id":"https:\/\/www.webdo.tn\/fr\/actualite\/national\/tunisie-bientot-un-plan-pour-lutter-contre-les-comportements-a-risque-chez-les-jeunes\/220138\/#primaryimage"},"thumbnailUrl":"https:\/\/www.webdo.tn\/fr\/wp-content\/uploads\/2025\/05\/aec3157ae425056c7d8079c8fddb27cf-2.webp","keywords":["Coll\u00e8ges","drogue","lyc\u00e9es","Tunisie","violence"],"articleSection":["National"],"inLanguage":"fr-FR"},{"@type":"WebPage","@id":"https:\/\/www.webdo.tn\/fr\/actualite\/national\/tunisie-bientot-un-plan-pour-lutter-contre-les-comportements-a-risque-chez-les-jeunes\/220138\/","url":"https:\/\/www.webdo.tn\/fr\/actualite\/national\/tunisie-bientot-un-plan-pour-lutter-contre-les-comportements-a-risque-chez-les-jeunes\/220138\/","name":"Tunisie : Bient\u00f4t un plan pour lutter contre les comportements \u00e0 risque chez les jeunes","isPartOf":{"@id":"https:\/\/www.webdo.tn\/fr\/#website"},"primaryImageOfPage":{"@id":"https:\/\/www.webdo.tn\/fr\/actualite\/national\/tunisie-bientot-un-plan-pour-lutter-contre-les-comportements-a-risque-chez-les-jeunes\/220138\/#primaryimage"},"image":{"@id":"https:\/\/www.webdo.tn\/fr\/actualite\/national\/tunisie-bientot-un-plan-pour-lutter-contre-les-comportements-a-risque-chez-les-jeunes\/220138\/#primaryimage"},"thumbnailUrl":"https:\/\/www.webdo.tn\/fr\/wp-content\/uploads\/2025\/05\/aec3157ae425056c7d8079c8fddb27cf-2.webp","datePublished":"2025-02-26T15:06:00+00:00","dateModified":"2025-05-20T21:42:28+00:00","description":"Le directeur adjoint de l'Observatoire national de l'\u00e9ducation, Tayaa Ayachi, a annonc\u00e9 la mise en place d'une strat\u00e9gie nationale, supervis\u00e9e par le pr\u00e9sident...","breadcrumb":{"@id":"https:\/\/www.webdo.tn\/fr\/actualite\/national\/tunisie-bientot-un-plan-pour-lutter-contre-les-comportements-a-risque-chez-les-jeunes\/220138\/#breadcrumb"},"inLanguage":"fr-FR","potentialAction":[{"@type":"ReadAction","target":["https:\/\/www.webdo.tn\/fr\/actualite\/national\/tunisie-bientot-un-plan-pour-lutter-contre-les-comportements-a-risque-chez-les-jeunes\/220138\/"]}]},{"@type":"ImageObject","inLanguage":"fr-FR","@id":"https:\/\/www.webdo.tn\/fr\/actualite\/national\/tunisie-bientot-un-plan-pour-lutter-contre-les-comportements-a-risque-chez-les-jeunes\/220138\/#primaryimage","url":"https:\/\/www.webdo.tn\/fr\/wp-content\/uploads\/2025\/05\/aec3157ae425056c7d8079c8fddb27cf-2.webp","contentUrl":"https:\/\/www.webdo.tn\/fr\/wp-content\/uploads\/2025\/05\/aec3157ae425056c7d8079c8fddb27cf-2.webp","width":750,"height":400},{"@type":"BreadcrumbList","@id":"https:\/\/www.webdo.tn\/fr\/actualite\/national\/tunisie-bientot-un-plan-pour-lutter-contre-les-comportements-a-risque-chez-les-jeunes\/220138\/#breadcrumb","itemListElement":[{"@type":"ListItem","position":1,"name":"Accueil","item":"https:\/\/www.webdo.tn\/fr\/"},{"@type":"ListItem","position":2,"name":"Tunisie : Bient\u00f4t un plan pour lutter contre les comportements \u00e0 risque chez les jeunes"}]},{"@type":"WebSite","@id":"https:\/\/www.webdo.tn\/fr\/#website","url":"https:\/\/www.webdo.tn\/fr\/","name":"webdo","description":"Tunisie - News en Tunisie et \u00e0 l&#039;international sur Webdo.tn","publisher":{"@id":"https:\/\/www.webdo.tn\/fr\/#organization"},"potentialAction":[{"@type":"SearchAction","target":{"@type":"EntryPoint","urlTemplate":"https:\/\/www.webdo.tn\/fr\/?s={search_term_string}"},"query-input":{"@type":"PropertyValueSpecification","valueRequired":true,"valueName":"search_term_string"}}],"inLanguage":"fr-FR"},{"@type":"Organization","@id":"https:\/\/www.webdo.tn\/fr\/#organization","name":"Webdo","alternateName":"Webdo.tn","url":"https:\/\/www.webdo.tn\/fr\/","logo":{"@type":"ImageObject","inLanguage":"fr-FR","@id":"https:\/\/www.webdo.tn\/fr\/#\/schema\/logo\/image\/","url":"https:\/\/www.webdo.tn\/fr\/wp-content\/uploads\/2025\/06\/Webdo-Tunisie_168377.jpg","contentUrl":"https:\/\/www.webdo.tn\/fr\/wp-content\/uploads\/2025\/06\/Webdo-Tunisie_168377.jpg","width":301,"height":301,"caption":"Webdo"},"image":{"@id":"https:\/\/www.webdo.tn\/fr\/#\/schema\/logo\/image\/"},"sameAs":["https:\/\/www.facebook.com\/webdotn","https:\/\/x.com\/webdo_tn"],"description":"Webdo est un m\u00e9dia num\u00e9rique tunisien fond\u00e9 en 2010, sp\u00e9cialis\u00e9 dans l\u2019actualit\u00e9 nationale et internationale, l\u2019\u00e9conomie, la soci\u00e9t\u00e9 et les analyses politiques. Le site s\u2019adresse \u00e0 un large public francophone et couvre l\u2019information tunisienne en temps r\u00e9el.","email":"redac@webdo.tn","legalName":"YNJ SARL","foundingDate":"2010-09-06","numberOfEmployees":{"@type":"QuantitativeValue","minValue":"11","maxValue":"50"}},{"@type":"Person","@id":"https:\/\/www.webdo.tn\/fr\/#\/schema\/person\/2c4929cbf5a809e3bd38617c6ce150f6","name":"MC","image":{"@type":"ImageObject","inLanguage":"fr-FR","@id":"https:\/\/secure.gravatar.com\/avatar\/a545bbb6f84efdd5553dbbc2895e3ca8f1d12c5215e00a041c9670b54aa9b18a?s=96&d=mm&r=g","url":"https:\/\/secure.gravatar.com\/avatar\/a545bbb6f84efdd5553dbbc2895e3ca8f1d12c5215e00a041c9670b54aa9b18a?s=96&d=mm&r=g","contentUrl":"https:\/\/secure.gravatar.com\/avatar\/a545bbb6f84efdd5553dbbc2895e3ca8f1d12c5215e00a041c9670b54aa9b18a?s=96&d=mm&r=g","caption":"MC"},"url":"https:\/\/www.webdo.tn\/fr\/actualite\/author\/mc\/"}]}},"_links":{"self":[{"href":"https:\/\/www.webdo.tn\/fr\/wp-json\/wp\/v2\/posts\/220138","targetHints":{"allow":["GET"]}}],"collection":[{"href":"https:\/\/www.webdo.tn\/fr\/wp-json\/wp\/v2\/posts"}],"about":[{"href":"https:\/\/www.webdo.tn\/fr\/wp-json\/wp\/v2\/types\/post"}],"author":[{"embeddable":true,"href":"https:\/\/www.webdo.tn\/fr\/wp-json\/wp\/v2\/users\/3162"}],"replies":[{"embeddable":true,"href":"https:\/\/www.webdo.tn\/fr\/wp-json\/wp\/v2\/comments?post=220138"}],"version-history":[{"count":0,"href":"https:\/\/www.webdo.tn\/fr\/wp-json\/wp\/v2\/posts\/220138\/revisions"}],"wp:featuredmedia":[{"embeddable":true,"href":"https:\/\/www.webdo.tn\/fr\/wp-json\/wp\/v2\/media\/241986"}],"wp:attachment":[{"href":"https:\/\/www.webdo.tn\/fr\/wp-json\/wp\/v2\/media?parent=220138"}],"wp:term":[{"taxonomy":"category","embeddable":true,"href":"https:\/\/www.webdo.tn\/fr\/wp-json\/wp\/v2\/categories?post=220138"},{"taxonomy":"post_tag","embeddable":true,"href":"https:\/\/www.webdo.tn\/fr\/wp-json\/wp\/v2\/tags?post=220138"}],"curies":[{"name":"wp","href":"https:\/\/api.w.org\/{rel}","templated":true}]}}