{"id":220136,"date":"2025-02-26T14:48:00","date_gmt":"2025-02-26T14:48:00","guid":{"rendered":"https:\/\/www.webdo.tn\/fr\/blog\/2025\/02\/26\/tunisie-wyoming-un-partenariat-universitaire-a-l-ombre-des-coupes-de-l-usaid\/"},"modified":"2025-05-17T20:10:30","modified_gmt":"2025-05-17T20:10:30","slug":"tunisie-wyoming-un-partenariat-universitaire-a-l-ombre-des-coupes-de-l-usaid","status":"publish","type":"post","link":"https:\/\/www.webdo.tn\/fr\/actualite\/national\/tunisie-wyoming-un-partenariat-universitaire-a-l-ombre-des-coupes-de-l-usaid\/220136\/","title":{"rendered":"Tunisie &#8211; Wyoming : Un partenariat universitaire \u00e0 l&rsquo;ombre des coupes de l&rsquo;USAID"},"content":{"rendered":"<p>Le partenariat entre la Tunisie et l&rsquo;\u00c9tat am\u00e9ricain du Wyoming, qui f\u00eate ses 20 ans cette ann\u00e9e, conna\u00eet un d\u00e9veloppement significatif de sa dimension acad\u00e9mique, au moment m\u00eame o\u00f9 d&rsquo;autres programmes de coop\u00e9ration am\u00e9ricains subissent des coupes drastiques.<\/p>\n<p>\t\t\t\t\t\t\t\t\tCette alliance, longtemps focalis\u00e9e sur le volet militaire, s&rsquo;affirme d\u00e9sormais comme une alternative strat\u00e9gique face au d\u00e9mant\u00e8lement de l&rsquo;Agence des \u00c9tats-Unis pour le d\u00e9veloppement international (USAID).<\/p>\n<p>Dans une r\u00e9cente interview, l&rsquo;ambassadeur des \u00c9tats-Unis en Tunisie, Joey Hood, a soulign\u00e9 l&rsquo;importance d&rsquo;une coop\u00e9ration qui demeure largement m\u00e9connue du grand public tunisien.<\/p>\n<p>Depuis deux d\u00e9cennies, un partenariat substantiel lie la Tunisie \u00e0 l&rsquo;\u00c9tat am\u00e9ricain du Wyoming, dessinant une collaboration aux multiples facettes dont les r\u00e9percussions d\u00e9passent aujourd&rsquo;hui largement le cadre initial.<\/p>\n<p>Les r\u00e9cents accords entre l&rsquo;universit\u00e9 du Wyoming et quatre \u00e9tablissements tunisiens offrent un cadre de coop\u00e9ration qui pourrait partiellement compenser la suspension des programmes USAID.<\/p>\n<p>Cette nouvelle dynamique intervient alors que l&rsquo;administration Trump a ordonn\u00e9 le gel de l&rsquo;aide \u00e9trang\u00e8re am\u00e9ricaine pour 90 jours, entra\u00eenant la fermeture de nombreux programmes de d\u00e9veloppement \u00e0 travers le monde, comme l&rsquo;a confirm\u00e9 le milliardaire Elon Musk concernant le gel des financements de l&rsquo;USAID.<\/p>\n<p>La coop\u00e9ration universitaire avec le Wyoming se concentre sur des domaines strat\u00e9giques pour la Tunisie, notamment la gestion des ressources hydriques et l&rsquo;arch\u00e9ologie. Ces initiatives, moins visibles que les programmes traditionnels de l&rsquo;USAID, pourraient n\u00e9anmoins s&rsquo;av\u00e9rer plus p\u00e9rennes, \u00e9tant ancr\u00e9es dans des int\u00e9r\u00eats acad\u00e9miques mutuels plut\u00f4t que dans des consid\u00e9rations politiques fluctuantes.<\/p>\n<p>Contrairement au programme Thomas Jefferson Scholarship (TJSP), financ\u00e9 par l&rsquo;USAID et qui a r\u00e9cemment vu 11 \u00e9tudiants tunisiens contraints d&rsquo;interrompre leurs \u00e9tudes aux \u00c9tats-Unis, les \u00e9changes avec le Wyoming reposent sur des accords interuniversitaires moins d\u00e9pendants des orientations politiques f\u00e9d\u00e9rales. Cette autonomie relative pourrait constituer un atout majeur dans le contexte actuel.<\/p>\n<p>Pour les universit\u00e9s tunisiennes, ces partenariats repr\u00e9sentent une opportunit\u00e9 de diversifier leurs sources de coop\u00e9ration internationale, r\u00e9duisant ainsi leur vuln\u00e9rabilit\u00e9 face aux al\u00e9as de l&rsquo;aide au d\u00e9veloppement traditionnelle. Les projets de recherche conjoints sur la gestion de l&rsquo;eau ou l&rsquo;agriculture en zone aride r\u00e9pondent \u00e0 des enjeux concrets pour la Tunisie, tout en s&rsquo;inscrivant dans une logique de b\u00e9n\u00e9fices mutuels.<\/p>\n<p>La question demeure toutefois de savoir si ces initiatives, moins m\u00e9diatis\u00e9es et moins financ\u00e9es que les programmes USAID, pourront g\u00e9n\u00e9rer un impact comparable en termes de formation et de mobilit\u00e9 pour les \u00e9tudiants tunisiens. Avec plus de 630 b\u00e9n\u00e9ficiaires depuis 2013 pour le seul programme TJSP, le d\u00e9fi reste de taille pour ces collaborations universitaires alternatives.<\/p>\n<p>Ce partenariat avec le Wyoming illustre ainsi la n\u00e9cessit\u00e9 pour la Tunisie de d\u00e9velopper des strat\u00e9gies de coop\u00e9ration internationale plus r\u00e9silientes, moins d\u00e9pendantes des fluctuations politiques am\u00e9ricaines et davantage ancr\u00e9es dans des int\u00e9r\u00eats partag\u00e9s \u00e0 long terme.<\/p>\n<p>Rappelons que le partenariat entre la Tunisie et le Wyoming, initi\u00e9 en 2004 dans le cadre d&rsquo;un programme du D\u00e9partement am\u00e9ricain de la D\u00e9fense, a commenc\u00e9 par une coop\u00e9ration militaire qui a permis de renforcer les capacit\u00e9s tunisiennes en mati\u00e8re de gestion des crises et de lutte contre le terrorisme.<\/p>\n<p>Cette alliance a notamment am\u00e9lior\u00e9 l&rsquo;utilisation des avions C-130 pour les op\u00e9rations militaires et humanitaires. Sur le plan \u00e9conomique, des projets innovants \u00e9mergent comme l&rsquo;importation de viande du Wyoming pour transformation en Tunisie avant r\u00e9exportation vers l&rsquo;Europe. Le secteur touristique pourrait \u00e9galement b\u00e9n\u00e9ficier de l&rsquo;expertise am\u00e9ricaine pour d\u00e9velopper une offre plus diversifi\u00e9e.<\/p>\n<p>Cependant, les r\u00e9centes d\u00e9cisions de l&rsquo;administration Trump, notamment le gel de l&rsquo;aide \u00e9trang\u00e8re et la fermeture de l&rsquo;USAID, menacent cette coop\u00e9ration de 20 ans. Si le volet militaire pourrait \u00eatre maintenu pour des raisons strat\u00e9giques, les aspects \u00e9conomiques risquent d&rsquo;\u00eatre affect\u00e9s par ces nouvelles orientations politiques.<\/p>\n","protected":false},"excerpt":{"rendered":"<p>Le partenariat entre la Tunisie et l&rsquo;\u00c9tat am\u00e9ricain du Wyoming, qui f\u00eate ses 20 ans cette ann\u00e9e, conna\u00eet un d\u00e9veloppement significatif de sa dimension acad\u00e9miqu&#8230;<\/p>\n","protected":false},"author":4779,"featured_media":241984,"comment_status":"open","ping_status":"open","sticky":false,"template":"","format":"standard","meta":{"footnotes":""},"categories":[44],"tags":[3035,3875,2608,3730,3874],"class_list":["post-220136","post","type-post","status-publish","format-standard","has-post-thumbnail","hentry","category-national","tag-etats-unis","tag-partenariat-universitaire","tag-tunisie","tag-usaid","tag-wyoming"],"yoast_head":"<!-- This site is optimized with the Yoast SEO Premium plugin v27.5 (Yoast SEO v27.5) - https:\/\/yoast.com\/product\/yoast-seo-premium-wordpress\/ -->\n<title>Tunisie - Wyoming : Un partenariat universitaire \u00e0 l&#039;ombre des coupes de l&#039;USAID<\/title>\n<meta name=\"description\" content=\"Le partenariat entre la Tunisie et l&#039;\u00c9tat am\u00e9ricain du Wyoming, qui f\u00eate ses 20 ans cette ann\u00e9e, conna\u00eet un d\u00e9veloppement significatif de sa dimension acad\u00e9miqu...\" \/>\n<link rel=\"canonical\" href=\"https:\/\/www.webdo.tn\/fr\/actualite\/national\/tunisie-wyoming-un-partenariat-universitaire-a-l-ombre-des-coupes-de-l-usaid\/220136\/\" \/>\n<meta property=\"og:locale\" content=\"fr_FR\" \/>\n<meta property=\"og:type\" content=\"article\" \/>\n<meta property=\"og:title\" content=\"Tunisie - Wyoming : Un partenariat universitaire \u00e0 l&#039;ombre des coupes de l&#039;USAID\" \/>\n<meta property=\"og:description\" content=\"Le partenariat entre la Tunisie et l&#039;\u00c9tat am\u00e9ricain du Wyoming, qui f\u00eate ses 20 ans cette ann\u00e9e, conna\u00eet un d\u00e9veloppement significatif de sa dimension acad\u00e9miqu...\" \/>\n<meta property=\"og:url\" content=\"https:\/\/www.webdo.tn\/fr\/actualite\/national\/tunisie-wyoming-un-partenariat-universitaire-a-l-ombre-des-coupes-de-l-usaid\/220136\/\" \/>\n<meta property=\"og:site_name\" content=\"webdo\" \/>\n<meta property=\"article:publisher\" content=\"https:\/\/www.facebook.com\/webdotn\" \/>\n<meta property=\"article:published_time\" content=\"2025-02-26T14:48:00+00:00\" \/>\n<meta property=\"article:modified_time\" content=\"2025-05-17T20:10:30+00:00\" \/>\n<meta property=\"og:image\" content=\"https:\/\/www.webdo.tn\/fr\/wp-content\/uploads\/2025\/05\/1a435c5c0c32ff551470af5849fb2fac-2.webp\" \/>\n\t<meta property=\"og:image:width\" content=\"750\" \/>\n\t<meta property=\"og:image:height\" content=\"400\" \/>\n\t<meta property=\"og:image:type\" content=\"image\/webp\" \/>\n<meta name=\"author\" content=\"Firas Ben Abdeltif\" \/>\n<meta name=\"twitter:card\" content=\"summary_large_image\" \/>\n<meta name=\"twitter:creator\" content=\"@webdo_tn\" \/>\n<meta name=\"twitter:site\" content=\"@webdo_tn\" \/>\n<meta name=\"twitter:label1\" content=\"\u00c9crit par\" \/>\n\t<meta name=\"twitter:data1\" content=\"Firas Ben Abdeltif\" \/>\n\t<meta name=\"twitter:label2\" content=\"Dur\u00e9e de lecture estim\u00e9e\" \/>\n\t<meta name=\"twitter:data2\" content=\"3 minutes\" \/>\n<script type=\"application\/ld+json\" class=\"yoast-schema-graph\">{\"@context\":\"https:\\\/\\\/schema.org\",\"@graph\":[{\"@type\":\"NewsArticle\",\"@id\":\"https:\\\/\\\/www.webdo.tn\\\/fr\\\/actualite\\\/national\\\/tunisie-wyoming-un-partenariat-universitaire-a-l-ombre-des-coupes-de-l-usaid\\\/220136\\\/#article\",\"isPartOf\":{\"@id\":\"https:\\\/\\\/www.webdo.tn\\\/fr\\\/actualite\\\/national\\\/tunisie-wyoming-un-partenariat-universitaire-a-l-ombre-des-coupes-de-l-usaid\\\/220136\\\/\"},\"author\":{\"name\":\"Firas Ben Abdeltif\",\"@id\":\"https:\\\/\\\/www.webdo.tn\\\/fr\\\/#\\\/schema\\\/person\\\/19664196c9bfdcda126f3c27709f7d11\"},\"headline\":\"Tunisie &#8211; Wyoming : Un partenariat universitaire \u00e0 l&rsquo;ombre des coupes de l&rsquo;USAID\",\"datePublished\":\"2025-02-26T14:48:00+00:00\",\"dateModified\":\"2025-05-17T20:10:30+00:00\",\"mainEntityOfPage\":{\"@id\":\"https:\\\/\\\/www.webdo.tn\\\/fr\\\/actualite\\\/national\\\/tunisie-wyoming-un-partenariat-universitaire-a-l-ombre-des-coupes-de-l-usaid\\\/220136\\\/\"},\"wordCount\":719,\"commentCount\":0,\"publisher\":{\"@id\":\"https:\\\/\\\/www.webdo.tn\\\/fr\\\/#organization\"},\"image\":{\"@id\":\"https:\\\/\\\/www.webdo.tn\\\/fr\\\/actualite\\\/national\\\/tunisie-wyoming-un-partenariat-universitaire-a-l-ombre-des-coupes-de-l-usaid\\\/220136\\\/#primaryimage\"},\"thumbnailUrl\":\"https:\\\/\\\/www.webdo.tn\\\/fr\\\/wp-content\\\/uploads\\\/2025\\\/05\\\/1a435c5c0c32ff551470af5849fb2fac-2.webp\",\"keywords\":[\"Etats-Unis\",\"partenariat universitaire\",\"Tunisie\",\"USAID\",\"Wyoming\"],\"articleSection\":[\"National\"],\"inLanguage\":\"fr-FR\"},{\"@type\":\"WebPage\",\"@id\":\"https:\\\/\\\/www.webdo.tn\\\/fr\\\/actualite\\\/national\\\/tunisie-wyoming-un-partenariat-universitaire-a-l-ombre-des-coupes-de-l-usaid\\\/220136\\\/\",\"url\":\"https:\\\/\\\/www.webdo.tn\\\/fr\\\/actualite\\\/national\\\/tunisie-wyoming-un-partenariat-universitaire-a-l-ombre-des-coupes-de-l-usaid\\\/220136\\\/\",\"name\":\"Tunisie - Wyoming : Un partenariat universitaire \u00e0 l'ombre des coupes de l'USAID\",\"isPartOf\":{\"@id\":\"https:\\\/\\\/www.webdo.tn\\\/fr\\\/#website\"},\"primaryImageOfPage\":{\"@id\":\"https:\\\/\\\/www.webdo.tn\\\/fr\\\/actualite\\\/national\\\/tunisie-wyoming-un-partenariat-universitaire-a-l-ombre-des-coupes-de-l-usaid\\\/220136\\\/#primaryimage\"},\"image\":{\"@id\":\"https:\\\/\\\/www.webdo.tn\\\/fr\\\/actualite\\\/national\\\/tunisie-wyoming-un-partenariat-universitaire-a-l-ombre-des-coupes-de-l-usaid\\\/220136\\\/#primaryimage\"},\"thumbnailUrl\":\"https:\\\/\\\/www.webdo.tn\\\/fr\\\/wp-content\\\/uploads\\\/2025\\\/05\\\/1a435c5c0c32ff551470af5849fb2fac-2.webp\",\"datePublished\":\"2025-02-26T14:48:00+00:00\",\"dateModified\":\"2025-05-17T20:10:30+00:00\",\"description\":\"Le partenariat entre la Tunisie et l'\u00c9tat am\u00e9ricain du Wyoming, qui f\u00eate ses 20 ans cette ann\u00e9e, conna\u00eet un d\u00e9veloppement significatif de sa dimension acad\u00e9miqu...\",\"breadcrumb\":{\"@id\":\"https:\\\/\\\/www.webdo.tn\\\/fr\\\/actualite\\\/national\\\/tunisie-wyoming-un-partenariat-universitaire-a-l-ombre-des-coupes-de-l-usaid\\\/220136\\\/#breadcrumb\"},\"inLanguage\":\"fr-FR\",\"potentialAction\":[{\"@type\":\"ReadAction\",\"target\":[\"https:\\\/\\\/www.webdo.tn\\\/fr\\\/actualite\\\/national\\\/tunisie-wyoming-un-partenariat-universitaire-a-l-ombre-des-coupes-de-l-usaid\\\/220136\\\/\"]}]},{\"@type\":\"ImageObject\",\"inLanguage\":\"fr-FR\",\"@id\":\"https:\\\/\\\/www.webdo.tn\\\/fr\\\/actualite\\\/national\\\/tunisie-wyoming-un-partenariat-universitaire-a-l-ombre-des-coupes-de-l-usaid\\\/220136\\\/#primaryimage\",\"url\":\"https:\\\/\\\/www.webdo.tn\\\/fr\\\/wp-content\\\/uploads\\\/2025\\\/05\\\/1a435c5c0c32ff551470af5849fb2fac-2.webp\",\"contentUrl\":\"https:\\\/\\\/www.webdo.tn\\\/fr\\\/wp-content\\\/uploads\\\/2025\\\/05\\\/1a435c5c0c32ff551470af5849fb2fac-2.webp\",\"width\":750,\"height\":400},{\"@type\":\"BreadcrumbList\",\"@id\":\"https:\\\/\\\/www.webdo.tn\\\/fr\\\/actualite\\\/national\\\/tunisie-wyoming-un-partenariat-universitaire-a-l-ombre-des-coupes-de-l-usaid\\\/220136\\\/#breadcrumb\",\"itemListElement\":[{\"@type\":\"ListItem\",\"position\":1,\"name\":\"Accueil\",\"item\":\"https:\\\/\\\/www.webdo.tn\\\/fr\\\/\"},{\"@type\":\"ListItem\",\"position\":2,\"name\":\"Tunisie &#8211; Wyoming : Un partenariat universitaire \u00e0 l&#8217;ombre des coupes de l&#8217;USAID\"}]},{\"@type\":\"WebSite\",\"@id\":\"https:\\\/\\\/www.webdo.tn\\\/fr\\\/#website\",\"url\":\"https:\\\/\\\/www.webdo.tn\\\/fr\\\/\",\"name\":\"webdo\",\"description\":\"Tunisie - News en Tunisie et \u00e0 l&#039;international sur Webdo.tn\",\"publisher\":{\"@id\":\"https:\\\/\\\/www.webdo.tn\\\/fr\\\/#organization\"},\"potentialAction\":[{\"@type\":\"SearchAction\",\"target\":{\"@type\":\"EntryPoint\",\"urlTemplate\":\"https:\\\/\\\/www.webdo.tn\\\/fr\\\/?s={search_term_string}\"},\"query-input\":{\"@type\":\"PropertyValueSpecification\",\"valueRequired\":true,\"valueName\":\"search_term_string\"}}],\"inLanguage\":\"fr-FR\"},{\"@type\":\"Organization\",\"@id\":\"https:\\\/\\\/www.webdo.tn\\\/fr\\\/#organization\",\"name\":\"Webdo\",\"alternateName\":\"Webdo.tn\",\"url\":\"https:\\\/\\\/www.webdo.tn\\\/fr\\\/\",\"logo\":{\"@type\":\"ImageObject\",\"inLanguage\":\"fr-FR\",\"@id\":\"https:\\\/\\\/www.webdo.tn\\\/fr\\\/#\\\/schema\\\/logo\\\/image\\\/\",\"url\":\"https:\\\/\\\/www.webdo.tn\\\/fr\\\/wp-content\\\/uploads\\\/2025\\\/06\\\/Webdo-Tunisie_168377.jpg\",\"contentUrl\":\"https:\\\/\\\/www.webdo.tn\\\/fr\\\/wp-content\\\/uploads\\\/2025\\\/06\\\/Webdo-Tunisie_168377.jpg\",\"width\":301,\"height\":301,\"caption\":\"Webdo\"},\"image\":{\"@id\":\"https:\\\/\\\/www.webdo.tn\\\/fr\\\/#\\\/schema\\\/logo\\\/image\\\/\"},\"sameAs\":[\"https:\\\/\\\/www.facebook.com\\\/webdotn\",\"https:\\\/\\\/x.com\\\/webdo_tn\"],\"description\":\"Webdo est un m\u00e9dia num\u00e9rique tunisien fond\u00e9 en 2010, sp\u00e9cialis\u00e9 dans l\u2019actualit\u00e9 nationale et internationale, l\u2019\u00e9conomie, la soci\u00e9t\u00e9 et les analyses politiques. Le site s\u2019adresse \u00e0 un large public francophone et couvre l\u2019information tunisienne en temps r\u00e9el.\",\"email\":\"redac@webdo.tn\",\"legalName\":\"YNJ SARL\",\"foundingDate\":\"2010-09-06\",\"numberOfEmployees\":{\"@type\":\"QuantitativeValue\",\"minValue\":\"11\",\"maxValue\":\"50\"}},{\"@type\":\"Person\",\"@id\":\"https:\\\/\\\/www.webdo.tn\\\/fr\\\/#\\\/schema\\\/person\\\/19664196c9bfdcda126f3c27709f7d11\",\"name\":\"Firas Ben Abdeltif\",\"image\":{\"@type\":\"ImageObject\",\"inLanguage\":\"fr-FR\",\"@id\":\"https:\\\/\\\/secure.gravatar.com\\\/avatar\\\/161a347d40df098a084778c52ed133dbd85f14df003867067c5948081241ec55?s=96&d=mm&r=g\",\"url\":\"https:\\\/\\\/secure.gravatar.com\\\/avatar\\\/161a347d40df098a084778c52ed133dbd85f14df003867067c5948081241ec55?s=96&d=mm&r=g\",\"contentUrl\":\"https:\\\/\\\/secure.gravatar.com\\\/avatar\\\/161a347d40df098a084778c52ed133dbd85f14df003867067c5948081241ec55?s=96&d=mm&r=g\",\"caption\":\"Firas Ben Abdeltif\"},\"url\":\"https:\\\/\\\/www.webdo.tn\\\/fr\\\/actualite\\\/author\\\/firas-ben-abdeltif\\\/\"}]}<\/script>\n<!-- \/ Yoast SEO Premium plugin. -->","yoast_head_json":{"title":"Tunisie - Wyoming : Un partenariat universitaire \u00e0 l'ombre des coupes de l'USAID","description":"Le partenariat entre la Tunisie et l'\u00c9tat am\u00e9ricain du Wyoming, qui f\u00eate ses 20 ans cette ann\u00e9e, conna\u00eet un d\u00e9veloppement significatif de sa dimension acad\u00e9miqu...","canonical":"https:\/\/www.webdo.tn\/fr\/actualite\/national\/tunisie-wyoming-un-partenariat-universitaire-a-l-ombre-des-coupes-de-l-usaid\/220136\/","og_locale":"fr_FR","og_type":"article","og_title":"Tunisie - Wyoming : Un partenariat universitaire \u00e0 l'ombre des coupes de l'USAID","og_description":"Le partenariat entre la Tunisie et l'\u00c9tat am\u00e9ricain du Wyoming, qui f\u00eate ses 20 ans cette ann\u00e9e, conna\u00eet un d\u00e9veloppement significatif de sa dimension acad\u00e9miqu...","og_url":"https:\/\/www.webdo.tn\/fr\/actualite\/national\/tunisie-wyoming-un-partenariat-universitaire-a-l-ombre-des-coupes-de-l-usaid\/220136\/","og_site_name":"webdo","article_publisher":"https:\/\/www.facebook.com\/webdotn","article_published_time":"2025-02-26T14:48:00+00:00","article_modified_time":"2025-05-17T20:10:30+00:00","og_image":[{"width":750,"height":400,"url":"https:\/\/www.webdo.tn\/fr\/wp-content\/uploads\/2025\/05\/1a435c5c0c32ff551470af5849fb2fac-2.webp","type":"image\/webp"}],"author":"Firas Ben Abdeltif","twitter_card":"summary_large_image","twitter_creator":"@webdo_tn","twitter_site":"@webdo_tn","twitter_misc":{"\u00c9crit par":"Firas Ben Abdeltif","Dur\u00e9e de lecture estim\u00e9e":"3 minutes"},"schema":{"@context":"https:\/\/schema.org","@graph":[{"@type":"NewsArticle","@id":"https:\/\/www.webdo.tn\/fr\/actualite\/national\/tunisie-wyoming-un-partenariat-universitaire-a-l-ombre-des-coupes-de-l-usaid\/220136\/#article","isPartOf":{"@id":"https:\/\/www.webdo.tn\/fr\/actualite\/national\/tunisie-wyoming-un-partenariat-universitaire-a-l-ombre-des-coupes-de-l-usaid\/220136\/"},"author":{"name":"Firas Ben Abdeltif","@id":"https:\/\/www.webdo.tn\/fr\/#\/schema\/person\/19664196c9bfdcda126f3c27709f7d11"},"headline":"Tunisie &#8211; Wyoming : Un partenariat universitaire \u00e0 l&rsquo;ombre des coupes de l&rsquo;USAID","datePublished":"2025-02-26T14:48:00+00:00","dateModified":"2025-05-17T20:10:30+00:00","mainEntityOfPage":{"@id":"https:\/\/www.webdo.tn\/fr\/actualite\/national\/tunisie-wyoming-un-partenariat-universitaire-a-l-ombre-des-coupes-de-l-usaid\/220136\/"},"wordCount":719,"commentCount":0,"publisher":{"@id":"https:\/\/www.webdo.tn\/fr\/#organization"},"image":{"@id":"https:\/\/www.webdo.tn\/fr\/actualite\/national\/tunisie-wyoming-un-partenariat-universitaire-a-l-ombre-des-coupes-de-l-usaid\/220136\/#primaryimage"},"thumbnailUrl":"https:\/\/www.webdo.tn\/fr\/wp-content\/uploads\/2025\/05\/1a435c5c0c32ff551470af5849fb2fac-2.webp","keywords":["Etats-Unis","partenariat universitaire","Tunisie","USAID","Wyoming"],"articleSection":["National"],"inLanguage":"fr-FR"},{"@type":"WebPage","@id":"https:\/\/www.webdo.tn\/fr\/actualite\/national\/tunisie-wyoming-un-partenariat-universitaire-a-l-ombre-des-coupes-de-l-usaid\/220136\/","url":"https:\/\/www.webdo.tn\/fr\/actualite\/national\/tunisie-wyoming-un-partenariat-universitaire-a-l-ombre-des-coupes-de-l-usaid\/220136\/","name":"Tunisie - Wyoming : Un partenariat universitaire \u00e0 l'ombre des coupes de l'USAID","isPartOf":{"@id":"https:\/\/www.webdo.tn\/fr\/#website"},"primaryImageOfPage":{"@id":"https:\/\/www.webdo.tn\/fr\/actualite\/national\/tunisie-wyoming-un-partenariat-universitaire-a-l-ombre-des-coupes-de-l-usaid\/220136\/#primaryimage"},"image":{"@id":"https:\/\/www.webdo.tn\/fr\/actualite\/national\/tunisie-wyoming-un-partenariat-universitaire-a-l-ombre-des-coupes-de-l-usaid\/220136\/#primaryimage"},"thumbnailUrl":"https:\/\/www.webdo.tn\/fr\/wp-content\/uploads\/2025\/05\/1a435c5c0c32ff551470af5849fb2fac-2.webp","datePublished":"2025-02-26T14:48:00+00:00","dateModified":"2025-05-17T20:10:30+00:00","description":"Le partenariat entre la Tunisie et l'\u00c9tat am\u00e9ricain du Wyoming, qui f\u00eate ses 20 ans cette ann\u00e9e, conna\u00eet un d\u00e9veloppement significatif de sa dimension acad\u00e9miqu...","breadcrumb":{"@id":"https:\/\/www.webdo.tn\/fr\/actualite\/national\/tunisie-wyoming-un-partenariat-universitaire-a-l-ombre-des-coupes-de-l-usaid\/220136\/#breadcrumb"},"inLanguage":"fr-FR","potentialAction":[{"@type":"ReadAction","target":["https:\/\/www.webdo.tn\/fr\/actualite\/national\/tunisie-wyoming-un-partenariat-universitaire-a-l-ombre-des-coupes-de-l-usaid\/220136\/"]}]},{"@type":"ImageObject","inLanguage":"fr-FR","@id":"https:\/\/www.webdo.tn\/fr\/actualite\/national\/tunisie-wyoming-un-partenariat-universitaire-a-l-ombre-des-coupes-de-l-usaid\/220136\/#primaryimage","url":"https:\/\/www.webdo.tn\/fr\/wp-content\/uploads\/2025\/05\/1a435c5c0c32ff551470af5849fb2fac-2.webp","contentUrl":"https:\/\/www.webdo.tn\/fr\/wp-content\/uploads\/2025\/05\/1a435c5c0c32ff551470af5849fb2fac-2.webp","width":750,"height":400},{"@type":"BreadcrumbList","@id":"https:\/\/www.webdo.tn\/fr\/actualite\/national\/tunisie-wyoming-un-partenariat-universitaire-a-l-ombre-des-coupes-de-l-usaid\/220136\/#breadcrumb","itemListElement":[{"@type":"ListItem","position":1,"name":"Accueil","item":"https:\/\/www.webdo.tn\/fr\/"},{"@type":"ListItem","position":2,"name":"Tunisie &#8211; Wyoming : Un partenariat universitaire \u00e0 l&#8217;ombre des coupes de l&#8217;USAID"}]},{"@type":"WebSite","@id":"https:\/\/www.webdo.tn\/fr\/#website","url":"https:\/\/www.webdo.tn\/fr\/","name":"webdo","description":"Tunisie - News en Tunisie et \u00e0 l&#039;international sur Webdo.tn","publisher":{"@id":"https:\/\/www.webdo.tn\/fr\/#organization"},"potentialAction":[{"@type":"SearchAction","target":{"@type":"EntryPoint","urlTemplate":"https:\/\/www.webdo.tn\/fr\/?s={search_term_string}"},"query-input":{"@type":"PropertyValueSpecification","valueRequired":true,"valueName":"search_term_string"}}],"inLanguage":"fr-FR"},{"@type":"Organization","@id":"https:\/\/www.webdo.tn\/fr\/#organization","name":"Webdo","alternateName":"Webdo.tn","url":"https:\/\/www.webdo.tn\/fr\/","logo":{"@type":"ImageObject","inLanguage":"fr-FR","@id":"https:\/\/www.webdo.tn\/fr\/#\/schema\/logo\/image\/","url":"https:\/\/www.webdo.tn\/fr\/wp-content\/uploads\/2025\/06\/Webdo-Tunisie_168377.jpg","contentUrl":"https:\/\/www.webdo.tn\/fr\/wp-content\/uploads\/2025\/06\/Webdo-Tunisie_168377.jpg","width":301,"height":301,"caption":"Webdo"},"image":{"@id":"https:\/\/www.webdo.tn\/fr\/#\/schema\/logo\/image\/"},"sameAs":["https:\/\/www.facebook.com\/webdotn","https:\/\/x.com\/webdo_tn"],"description":"Webdo est un m\u00e9dia num\u00e9rique tunisien fond\u00e9 en 2010, sp\u00e9cialis\u00e9 dans l\u2019actualit\u00e9 nationale et internationale, l\u2019\u00e9conomie, la soci\u00e9t\u00e9 et les analyses politiques. Le site s\u2019adresse \u00e0 un large public francophone et couvre l\u2019information tunisienne en temps r\u00e9el.","email":"redac@webdo.tn","legalName":"YNJ SARL","foundingDate":"2010-09-06","numberOfEmployees":{"@type":"QuantitativeValue","minValue":"11","maxValue":"50"}},{"@type":"Person","@id":"https:\/\/www.webdo.tn\/fr\/#\/schema\/person\/19664196c9bfdcda126f3c27709f7d11","name":"Firas Ben Abdeltif","image":{"@type":"ImageObject","inLanguage":"fr-FR","@id":"https:\/\/secure.gravatar.com\/avatar\/161a347d40df098a084778c52ed133dbd85f14df003867067c5948081241ec55?s=96&d=mm&r=g","url":"https:\/\/secure.gravatar.com\/avatar\/161a347d40df098a084778c52ed133dbd85f14df003867067c5948081241ec55?s=96&d=mm&r=g","contentUrl":"https:\/\/secure.gravatar.com\/avatar\/161a347d40df098a084778c52ed133dbd85f14df003867067c5948081241ec55?s=96&d=mm&r=g","caption":"Firas Ben Abdeltif"},"url":"https:\/\/www.webdo.tn\/fr\/actualite\/author\/firas-ben-abdeltif\/"}]}},"_links":{"self":[{"href":"https:\/\/www.webdo.tn\/fr\/wp-json\/wp\/v2\/posts\/220136","targetHints":{"allow":["GET"]}}],"collection":[{"href":"https:\/\/www.webdo.tn\/fr\/wp-json\/wp\/v2\/posts"}],"about":[{"href":"https:\/\/www.webdo.tn\/fr\/wp-json\/wp\/v2\/types\/post"}],"author":[{"embeddable":true,"href":"https:\/\/www.webdo.tn\/fr\/wp-json\/wp\/v2\/users\/4779"}],"replies":[{"embeddable":true,"href":"https:\/\/www.webdo.tn\/fr\/wp-json\/wp\/v2\/comments?post=220136"}],"version-history":[{"count":0,"href":"https:\/\/www.webdo.tn\/fr\/wp-json\/wp\/v2\/posts\/220136\/revisions"}],"wp:featuredmedia":[{"embeddable":true,"href":"https:\/\/www.webdo.tn\/fr\/wp-json\/wp\/v2\/media\/241984"}],"wp:attachment":[{"href":"https:\/\/www.webdo.tn\/fr\/wp-json\/wp\/v2\/media?parent=220136"}],"wp:term":[{"taxonomy":"category","embeddable":true,"href":"https:\/\/www.webdo.tn\/fr\/wp-json\/wp\/v2\/categories?post=220136"},{"taxonomy":"post_tag","embeddable":true,"href":"https:\/\/www.webdo.tn\/fr\/wp-json\/wp\/v2\/tags?post=220136"}],"curies":[{"name":"wp","href":"https:\/\/api.w.org\/{rel}","templated":true}]}}