{"id":220121,"date":"2025-02-26T08:59:00","date_gmt":"2025-02-26T08:59:00","guid":{"rendered":"https:\/\/www.webdo.tn\/fr\/blog\/tunisie-verdict-dans-l-affaire-brahmi-huit-condamnations-a-mort-prononcees\/220121\/"},"modified":"2025-05-20T22:16:56","modified_gmt":"2025-05-20T22:16:56","slug":"tunisie-verdict-dans-l-affaire-brahmi-huit-condamnations-a-mort-prononcees","status":"publish","type":"post","link":"https:\/\/www.webdo.tn\/fr\/actualite\/national\/tunisie-verdict-dans-l-affaire-brahmi-huit-condamnations-a-mort-prononcees\/220121\/","title":{"rendered":"Tunisie &#8211; Verdict dans l\u2019affaire Brahmi : huit condamnations \u00e0 mort prononc\u00e9es"},"content":{"rendered":"<p>La cinqui\u00e8me chambre criminelle sp\u00e9cialis\u00e9e dans les affaires de terrorisme aupr\u00e8s du tribunal de premi\u00e8re instance de Tunis a rendu son verdict dans l\u2019affaire de l\u2019assassinat du martyr Mohamed Brahmi, figure politique et ancien d\u00e9put\u00e9 de l\u2019Assembl\u00e9e nationale constituante.<\/p>\n<p>\t\t\t\t\t\t\t\t\tLors d\u2019une audience tenue ce mardi 25 f\u00e9vrier 2025, huit accus\u00e9s ont \u00e9t\u00e9 condamn\u00e9s \u00e0 la peine de mort, accompagn\u00e9e de diverses peines d\u2019emprisonnement. Par ailleurs, un accus\u00e9 toujours en fuite a \u00e9t\u00e9 condamn\u00e9 \u00e0 cinq ans de prison avec ex\u00e9cution imm\u00e9diate.<\/p>\n<p>Dans une d\u00e9claration \u00e0 l\u2019agence TAP, le premier substitut du procureur de la R\u00e9publique pr\u00e8s du p\u00f4le judiciaire de lutte antiterroriste a soulign\u00e9 que ces jugements constituent \u00ab une premi\u00e8re \u00bb dans cette affaire, marqu\u00e9e par de nombreux reports, dont le plus r\u00e9cent remontait au 18 f\u00e9vrier dernier.<\/p>\n<p>Mohamed Brahmi, fondateur du Courant populaire et fervent opposant aux islamistes d\u2019Ennahdha, a \u00e9t\u00e9 assassin\u00e9 devant son domicile \u00e0 l&rsquo;Ariana, le 25 juillet 2013, jour de la f\u00eate de la R\u00e9publique en Tunisie. Son assassinat avait provoqu\u00e9 une onde de choc dans le pays, quelques mois apr\u00e8s celui de Chokri Bela\u00efd. \u00a0<\/p>\n<p>L&rsquo;enqu\u00eate avait r\u00e9v\u00e9l\u00e9 que l\u2019attaque avait \u00e9t\u00e9 men\u00e9e par des extr\u00e9mistes affili\u00e9s \u00e0 Ansar Al-Charia, un groupe terroriste interdit par les autorit\u00e9s tunisiennes. L&rsquo;affaire a \u00e9t\u00e9 marqu\u00e9e par des accusations de laxisme dans l&rsquo;enqu\u00eate et des soup\u00e7ons de collusion, alimentant des tensions politiques et des mobilisations populaires exigeant la v\u00e9rit\u00e9 et la justice. \u00a0<\/p>\n<p>Avec ce jugement, la justice tunisienne entend tourner une page douloureuse de son histoire, mais le dossier Brahmi reste encore marqu\u00e9 par des zones d\u2019ombre et des interrogations sur les responsabilit\u00e9s au plus haut niveau.<\/p>\n","protected":false},"excerpt":{"rendered":"<p>La cinqui\u00e8me chambre criminelle sp\u00e9cialis\u00e9e dans les affaires de terrorisme aupr\u00e8s du tribunal de premi\u00e8re instance de Tunis a rendu son verdict dans l\u2019affaire&#8230;<\/p>\n","protected":false},"author":3162,"featured_media":291959,"comment_status":"open","ping_status":"closed","sticky":false,"template":"","format":"standard","meta":{"footnotes":""},"categories":[44],"tags":[11001,3260,2619,4050,2608,3114],"class_list":["post-220121","post","type-post","status-publish","format-standard","has-post-thumbnail","hentry","category-national","tag-condamnation-a-mort","tag-assassinat","tag-justice","tag-mohamed-brahmi","tag-tunisie","tag-verdict"],"yoast_head":"<!-- This site is optimized with the Yoast SEO Premium plugin v27.4 (Yoast SEO v27.5) - https:\/\/yoast.com\/product\/yoast-seo-premium-wordpress\/ -->\n<title>Tunisie - Verdict dans l\u2019affaire Brahmi : huit condamnations \u00e0 mort prononc\u00e9es<\/title>\n<meta name=\"description\" content=\"La cinqui\u00e8me chambre criminelle sp\u00e9cialis\u00e9e dans les affaires de terrorisme aupr\u00e8s du tribunal de premi\u00e8re instance de Tunis a rendu son verdict dans l\u2019affaire...\" \/>\n<link rel=\"canonical\" href=\"https:\/\/www.webdo.tn\/fr\/actualite\/national\/tunisie-verdict-dans-l-affaire-brahmi-huit-condamnations-a-mort-prononcees\/220121\/\" \/>\n<meta property=\"og:locale\" content=\"fr_FR\" \/>\n<meta property=\"og:type\" content=\"article\" \/>\n<meta property=\"og:title\" content=\"Tunisie - Verdict dans l\u2019affaire Brahmi : huit condamnations \u00e0 mort prononc\u00e9es\" \/>\n<meta property=\"og:description\" content=\"La cinqui\u00e8me chambre criminelle sp\u00e9cialis\u00e9e dans les affaires de terrorisme aupr\u00e8s du tribunal de premi\u00e8re instance de Tunis a rendu son verdict dans l\u2019affaire...\" \/>\n<meta property=\"og:url\" content=\"https:\/\/www.webdo.tn\/fr\/actualite\/national\/tunisie-verdict-dans-l-affaire-brahmi-huit-condamnations-a-mort-prononcees\/220121\/\" \/>\n<meta property=\"og:site_name\" content=\"webdo\" \/>\n<meta property=\"article:publisher\" content=\"https:\/\/www.facebook.com\/webdotn\" \/>\n<meta property=\"article:published_time\" content=\"2025-02-26T08:59:00+00:00\" \/>\n<meta property=\"article:modified_time\" content=\"2025-05-20T22:16:56+00:00\" \/>\n<meta property=\"og:image\" content=\"https:\/\/www.webdo.tn\/fr\/wp-content\/uploads\/2025\/02\/c7176da6cdf6630a4552193ef62c83f8.webp\" \/>\n\t<meta property=\"og:image:width\" content=\"750\" \/>\n\t<meta property=\"og:image:height\" content=\"400\" \/>\n\t<meta property=\"og:image:type\" content=\"image\/webp\" \/>\n<meta name=\"author\" content=\"MC\" \/>\n<meta name=\"twitter:card\" content=\"summary_large_image\" \/>\n<meta name=\"twitter:creator\" content=\"@webdo_tn\" \/>\n<meta name=\"twitter:site\" content=\"@webdo_tn\" \/>\n<meta name=\"twitter:label1\" content=\"\u00c9crit par\" \/>\n\t<meta name=\"twitter:data1\" content=\"MC\" \/>\n\t<meta name=\"twitter:label2\" content=\"Dur\u00e9e de lecture estim\u00e9e\" \/>\n\t<meta name=\"twitter:data2\" content=\"2 minutes\" \/>\n<script type=\"application\/ld+json\" class=\"yoast-schema-graph\">{\"@context\":\"https:\\\/\\\/schema.org\",\"@graph\":[{\"@type\":\"NewsArticle\",\"@id\":\"https:\\\/\\\/www.webdo.tn\\\/fr\\\/actualite\\\/national\\\/tunisie-verdict-dans-l-affaire-brahmi-huit-condamnations-a-mort-prononcees\\\/220121\\\/#article\",\"isPartOf\":{\"@id\":\"https:\\\/\\\/www.webdo.tn\\\/fr\\\/actualite\\\/national\\\/tunisie-verdict-dans-l-affaire-brahmi-huit-condamnations-a-mort-prononcees\\\/220121\\\/\"},\"author\":{\"name\":\"MC\",\"@id\":\"https:\\\/\\\/www.webdo.tn\\\/fr\\\/#\\\/schema\\\/person\\\/2c4929cbf5a809e3bd38617c6ce150f6\"},\"headline\":\"Tunisie &#8211; Verdict dans l\u2019affaire Brahmi : huit condamnations \u00e0 mort prononc\u00e9es\",\"datePublished\":\"2025-02-26T08:59:00+00:00\",\"dateModified\":\"2025-05-20T22:16:56+00:00\",\"mainEntityOfPage\":{\"@id\":\"https:\\\/\\\/www.webdo.tn\\\/fr\\\/actualite\\\/national\\\/tunisie-verdict-dans-l-affaire-brahmi-huit-condamnations-a-mort-prononcees\\\/220121\\\/\"},\"wordCount\":318,\"commentCount\":0,\"publisher\":{\"@id\":\"https:\\\/\\\/www.webdo.tn\\\/fr\\\/#organization\"},\"image\":{\"@id\":\"https:\\\/\\\/www.webdo.tn\\\/fr\\\/actualite\\\/national\\\/tunisie-verdict-dans-l-affaire-brahmi-huit-condamnations-a-mort-prononcees\\\/220121\\\/#primaryimage\"},\"thumbnailUrl\":\"https:\\\/\\\/www.webdo.tn\\\/fr\\\/wp-content\\\/uploads\\\/2025\\\/02\\\/c7176da6cdf6630a4552193ef62c83f8.webp\",\"keywords\":[\"'condamnation \u00e0 mort']\",\"assassinat\",\"justice\",\"mohamed brahmi\",\"Tunisie\",\"verdict\"],\"articleSection\":[\"National\"],\"inLanguage\":\"fr-FR\"},{\"@type\":\"WebPage\",\"@id\":\"https:\\\/\\\/www.webdo.tn\\\/fr\\\/actualite\\\/national\\\/tunisie-verdict-dans-l-affaire-brahmi-huit-condamnations-a-mort-prononcees\\\/220121\\\/\",\"url\":\"https:\\\/\\\/www.webdo.tn\\\/fr\\\/actualite\\\/national\\\/tunisie-verdict-dans-l-affaire-brahmi-huit-condamnations-a-mort-prononcees\\\/220121\\\/\",\"name\":\"Tunisie - Verdict dans l\u2019affaire Brahmi : huit condamnations \u00e0 mort prononc\u00e9es\",\"isPartOf\":{\"@id\":\"https:\\\/\\\/www.webdo.tn\\\/fr\\\/#website\"},\"primaryImageOfPage\":{\"@id\":\"https:\\\/\\\/www.webdo.tn\\\/fr\\\/actualite\\\/national\\\/tunisie-verdict-dans-l-affaire-brahmi-huit-condamnations-a-mort-prononcees\\\/220121\\\/#primaryimage\"},\"image\":{\"@id\":\"https:\\\/\\\/www.webdo.tn\\\/fr\\\/actualite\\\/national\\\/tunisie-verdict-dans-l-affaire-brahmi-huit-condamnations-a-mort-prononcees\\\/220121\\\/#primaryimage\"},\"thumbnailUrl\":\"https:\\\/\\\/www.webdo.tn\\\/fr\\\/wp-content\\\/uploads\\\/2025\\\/02\\\/c7176da6cdf6630a4552193ef62c83f8.webp\",\"datePublished\":\"2025-02-26T08:59:00+00:00\",\"dateModified\":\"2025-05-20T22:16:56+00:00\",\"description\":\"La cinqui\u00e8me chambre criminelle sp\u00e9cialis\u00e9e dans les affaires de terrorisme aupr\u00e8s du tribunal de premi\u00e8re instance de Tunis a rendu son verdict dans l\u2019affaire...\",\"breadcrumb\":{\"@id\":\"https:\\\/\\\/www.webdo.tn\\\/fr\\\/actualite\\\/national\\\/tunisie-verdict-dans-l-affaire-brahmi-huit-condamnations-a-mort-prononcees\\\/220121\\\/#breadcrumb\"},\"inLanguage\":\"fr-FR\",\"potentialAction\":[{\"@type\":\"ReadAction\",\"target\":[\"https:\\\/\\\/www.webdo.tn\\\/fr\\\/actualite\\\/national\\\/tunisie-verdict-dans-l-affaire-brahmi-huit-condamnations-a-mort-prononcees\\\/220121\\\/\"]}]},{\"@type\":\"ImageObject\",\"inLanguage\":\"fr-FR\",\"@id\":\"https:\\\/\\\/www.webdo.tn\\\/fr\\\/actualite\\\/national\\\/tunisie-verdict-dans-l-affaire-brahmi-huit-condamnations-a-mort-prononcees\\\/220121\\\/#primaryimage\",\"url\":\"https:\\\/\\\/www.webdo.tn\\\/fr\\\/wp-content\\\/uploads\\\/2025\\\/02\\\/c7176da6cdf6630a4552193ef62c83f8.webp\",\"contentUrl\":\"https:\\\/\\\/www.webdo.tn\\\/fr\\\/wp-content\\\/uploads\\\/2025\\\/02\\\/c7176da6cdf6630a4552193ef62c83f8.webp\",\"width\":750,\"height\":400,\"caption\":\"Tunisie - Verdict dans l\u2019affaire Brahmi : huit condamnations \u00e0 mort prononc\u00e9es\"},{\"@type\":\"BreadcrumbList\",\"@id\":\"https:\\\/\\\/www.webdo.tn\\\/fr\\\/actualite\\\/national\\\/tunisie-verdict-dans-l-affaire-brahmi-huit-condamnations-a-mort-prononcees\\\/220121\\\/#breadcrumb\",\"itemListElement\":[{\"@type\":\"ListItem\",\"position\":1,\"name\":\"Accueil\",\"item\":\"https:\\\/\\\/www.webdo.tn\\\/fr\\\/\"},{\"@type\":\"ListItem\",\"position\":2,\"name\":\"Tunisie &#8211; Verdict dans l\u2019affaire Brahmi : huit condamnations \u00e0 mort prononc\u00e9es\"}]},{\"@type\":\"WebSite\",\"@id\":\"https:\\\/\\\/www.webdo.tn\\\/fr\\\/#website\",\"url\":\"https:\\\/\\\/www.webdo.tn\\\/fr\\\/\",\"name\":\"webdo\",\"description\":\"Tunisie - News en Tunisie et \u00e0 l&#039;international sur Webdo.tn\",\"publisher\":{\"@id\":\"https:\\\/\\\/www.webdo.tn\\\/fr\\\/#organization\"},\"potentialAction\":[{\"@type\":\"SearchAction\",\"target\":{\"@type\":\"EntryPoint\",\"urlTemplate\":\"https:\\\/\\\/www.webdo.tn\\\/fr\\\/?s={search_term_string}\"},\"query-input\":{\"@type\":\"PropertyValueSpecification\",\"valueRequired\":true,\"valueName\":\"search_term_string\"}}],\"inLanguage\":\"fr-FR\"},{\"@type\":\"Organization\",\"@id\":\"https:\\\/\\\/www.webdo.tn\\\/fr\\\/#organization\",\"name\":\"Webdo\",\"alternateName\":\"Webdo.tn\",\"url\":\"https:\\\/\\\/www.webdo.tn\\\/fr\\\/\",\"logo\":{\"@type\":\"ImageObject\",\"inLanguage\":\"fr-FR\",\"@id\":\"https:\\\/\\\/www.webdo.tn\\\/fr\\\/#\\\/schema\\\/logo\\\/image\\\/\",\"url\":\"https:\\\/\\\/www.webdo.tn\\\/fr\\\/wp-content\\\/uploads\\\/2025\\\/06\\\/Webdo-Tunisie_168377.jpg\",\"contentUrl\":\"https:\\\/\\\/www.webdo.tn\\\/fr\\\/wp-content\\\/uploads\\\/2025\\\/06\\\/Webdo-Tunisie_168377.jpg\",\"width\":301,\"height\":301,\"caption\":\"Webdo\"},\"image\":{\"@id\":\"https:\\\/\\\/www.webdo.tn\\\/fr\\\/#\\\/schema\\\/logo\\\/image\\\/\"},\"sameAs\":[\"https:\\\/\\\/www.facebook.com\\\/webdotn\",\"https:\\\/\\\/x.com\\\/webdo_tn\"],\"description\":\"Webdo est un m\u00e9dia num\u00e9rique tunisien fond\u00e9 en 2010, sp\u00e9cialis\u00e9 dans l\u2019actualit\u00e9 nationale et internationale, l\u2019\u00e9conomie, la soci\u00e9t\u00e9 et les analyses politiques. Le site s\u2019adresse \u00e0 un large public francophone et couvre l\u2019information tunisienne en temps r\u00e9el.\",\"email\":\"redac@webdo.tn\",\"legalName\":\"YNJ SARL\",\"foundingDate\":\"2010-09-06\",\"numberOfEmployees\":{\"@type\":\"QuantitativeValue\",\"minValue\":\"11\",\"maxValue\":\"50\"}},{\"@type\":\"Person\",\"@id\":\"https:\\\/\\\/www.webdo.tn\\\/fr\\\/#\\\/schema\\\/person\\\/2c4929cbf5a809e3bd38617c6ce150f6\",\"name\":\"MC\",\"image\":{\"@type\":\"ImageObject\",\"inLanguage\":\"fr-FR\",\"@id\":\"https:\\\/\\\/secure.gravatar.com\\\/avatar\\\/a545bbb6f84efdd5553dbbc2895e3ca8f1d12c5215e00a041c9670b54aa9b18a?s=96&d=mm&r=g\",\"url\":\"https:\\\/\\\/secure.gravatar.com\\\/avatar\\\/a545bbb6f84efdd5553dbbc2895e3ca8f1d12c5215e00a041c9670b54aa9b18a?s=96&d=mm&r=g\",\"contentUrl\":\"https:\\\/\\\/secure.gravatar.com\\\/avatar\\\/a545bbb6f84efdd5553dbbc2895e3ca8f1d12c5215e00a041c9670b54aa9b18a?s=96&d=mm&r=g\",\"caption\":\"MC\"},\"url\":\"https:\\\/\\\/www.webdo.tn\\\/fr\\\/actualite\\\/author\\\/mc\\\/\"}]}<\/script>\n<!-- \/ Yoast SEO Premium plugin. -->","yoast_head_json":{"title":"Tunisie - Verdict dans l\u2019affaire Brahmi : huit condamnations \u00e0 mort prononc\u00e9es","description":"La cinqui\u00e8me chambre criminelle sp\u00e9cialis\u00e9e dans les affaires de terrorisme aupr\u00e8s du tribunal de premi\u00e8re instance de Tunis a rendu son verdict dans l\u2019affaire...","canonical":"https:\/\/www.webdo.tn\/fr\/actualite\/national\/tunisie-verdict-dans-l-affaire-brahmi-huit-condamnations-a-mort-prononcees\/220121\/","og_locale":"fr_FR","og_type":"article","og_title":"Tunisie - Verdict dans l\u2019affaire Brahmi : huit condamnations \u00e0 mort prononc\u00e9es","og_description":"La cinqui\u00e8me chambre criminelle sp\u00e9cialis\u00e9e dans les affaires de terrorisme aupr\u00e8s du tribunal de premi\u00e8re instance de Tunis a rendu son verdict dans l\u2019affaire...","og_url":"https:\/\/www.webdo.tn\/fr\/actualite\/national\/tunisie-verdict-dans-l-affaire-brahmi-huit-condamnations-a-mort-prononcees\/220121\/","og_site_name":"webdo","article_publisher":"https:\/\/www.facebook.com\/webdotn","article_published_time":"2025-02-26T08:59:00+00:00","article_modified_time":"2025-05-20T22:16:56+00:00","og_image":[{"width":750,"height":400,"url":"https:\/\/www.webdo.tn\/fr\/wp-content\/uploads\/2025\/02\/c7176da6cdf6630a4552193ef62c83f8.webp","type":"image\/webp"}],"author":"MC","twitter_card":"summary_large_image","twitter_creator":"@webdo_tn","twitter_site":"@webdo_tn","twitter_misc":{"\u00c9crit par":"MC","Dur\u00e9e de lecture estim\u00e9e":"2 minutes"},"schema":{"@context":"https:\/\/schema.org","@graph":[{"@type":"NewsArticle","@id":"https:\/\/www.webdo.tn\/fr\/actualite\/national\/tunisie-verdict-dans-l-affaire-brahmi-huit-condamnations-a-mort-prononcees\/220121\/#article","isPartOf":{"@id":"https:\/\/www.webdo.tn\/fr\/actualite\/national\/tunisie-verdict-dans-l-affaire-brahmi-huit-condamnations-a-mort-prononcees\/220121\/"},"author":{"name":"MC","@id":"https:\/\/www.webdo.tn\/fr\/#\/schema\/person\/2c4929cbf5a809e3bd38617c6ce150f6"},"headline":"Tunisie &#8211; Verdict dans l\u2019affaire Brahmi : huit condamnations \u00e0 mort prononc\u00e9es","datePublished":"2025-02-26T08:59:00+00:00","dateModified":"2025-05-20T22:16:56+00:00","mainEntityOfPage":{"@id":"https:\/\/www.webdo.tn\/fr\/actualite\/national\/tunisie-verdict-dans-l-affaire-brahmi-huit-condamnations-a-mort-prononcees\/220121\/"},"wordCount":318,"commentCount":0,"publisher":{"@id":"https:\/\/www.webdo.tn\/fr\/#organization"},"image":{"@id":"https:\/\/www.webdo.tn\/fr\/actualite\/national\/tunisie-verdict-dans-l-affaire-brahmi-huit-condamnations-a-mort-prononcees\/220121\/#primaryimage"},"thumbnailUrl":"https:\/\/www.webdo.tn\/fr\/wp-content\/uploads\/2025\/02\/c7176da6cdf6630a4552193ef62c83f8.webp","keywords":["'condamnation \u00e0 mort']","assassinat","justice","mohamed brahmi","Tunisie","verdict"],"articleSection":["National"],"inLanguage":"fr-FR"},{"@type":"WebPage","@id":"https:\/\/www.webdo.tn\/fr\/actualite\/national\/tunisie-verdict-dans-l-affaire-brahmi-huit-condamnations-a-mort-prononcees\/220121\/","url":"https:\/\/www.webdo.tn\/fr\/actualite\/national\/tunisie-verdict-dans-l-affaire-brahmi-huit-condamnations-a-mort-prononcees\/220121\/","name":"Tunisie - Verdict dans l\u2019affaire Brahmi : huit condamnations \u00e0 mort prononc\u00e9es","isPartOf":{"@id":"https:\/\/www.webdo.tn\/fr\/#website"},"primaryImageOfPage":{"@id":"https:\/\/www.webdo.tn\/fr\/actualite\/national\/tunisie-verdict-dans-l-affaire-brahmi-huit-condamnations-a-mort-prononcees\/220121\/#primaryimage"},"image":{"@id":"https:\/\/www.webdo.tn\/fr\/actualite\/national\/tunisie-verdict-dans-l-affaire-brahmi-huit-condamnations-a-mort-prononcees\/220121\/#primaryimage"},"thumbnailUrl":"https:\/\/www.webdo.tn\/fr\/wp-content\/uploads\/2025\/02\/c7176da6cdf6630a4552193ef62c83f8.webp","datePublished":"2025-02-26T08:59:00+00:00","dateModified":"2025-05-20T22:16:56+00:00","description":"La cinqui\u00e8me chambre criminelle sp\u00e9cialis\u00e9e dans les affaires de terrorisme aupr\u00e8s du tribunal de premi\u00e8re instance de Tunis a rendu son verdict dans l\u2019affaire...","breadcrumb":{"@id":"https:\/\/www.webdo.tn\/fr\/actualite\/national\/tunisie-verdict-dans-l-affaire-brahmi-huit-condamnations-a-mort-prononcees\/220121\/#breadcrumb"},"inLanguage":"fr-FR","potentialAction":[{"@type":"ReadAction","target":["https:\/\/www.webdo.tn\/fr\/actualite\/national\/tunisie-verdict-dans-l-affaire-brahmi-huit-condamnations-a-mort-prononcees\/220121\/"]}]},{"@type":"ImageObject","inLanguage":"fr-FR","@id":"https:\/\/www.webdo.tn\/fr\/actualite\/national\/tunisie-verdict-dans-l-affaire-brahmi-huit-condamnations-a-mort-prononcees\/220121\/#primaryimage","url":"https:\/\/www.webdo.tn\/fr\/wp-content\/uploads\/2025\/02\/c7176da6cdf6630a4552193ef62c83f8.webp","contentUrl":"https:\/\/www.webdo.tn\/fr\/wp-content\/uploads\/2025\/02\/c7176da6cdf6630a4552193ef62c83f8.webp","width":750,"height":400,"caption":"Tunisie - Verdict dans l\u2019affaire Brahmi : huit condamnations \u00e0 mort prononc\u00e9es"},{"@type":"BreadcrumbList","@id":"https:\/\/www.webdo.tn\/fr\/actualite\/national\/tunisie-verdict-dans-l-affaire-brahmi-huit-condamnations-a-mort-prononcees\/220121\/#breadcrumb","itemListElement":[{"@type":"ListItem","position":1,"name":"Accueil","item":"https:\/\/www.webdo.tn\/fr\/"},{"@type":"ListItem","position":2,"name":"Tunisie &#8211; Verdict dans l\u2019affaire Brahmi : huit condamnations \u00e0 mort prononc\u00e9es"}]},{"@type":"WebSite","@id":"https:\/\/www.webdo.tn\/fr\/#website","url":"https:\/\/www.webdo.tn\/fr\/","name":"webdo","description":"Tunisie - News en Tunisie et \u00e0 l&#039;international sur Webdo.tn","publisher":{"@id":"https:\/\/www.webdo.tn\/fr\/#organization"},"potentialAction":[{"@type":"SearchAction","target":{"@type":"EntryPoint","urlTemplate":"https:\/\/www.webdo.tn\/fr\/?s={search_term_string}"},"query-input":{"@type":"PropertyValueSpecification","valueRequired":true,"valueName":"search_term_string"}}],"inLanguage":"fr-FR"},{"@type":"Organization","@id":"https:\/\/www.webdo.tn\/fr\/#organization","name":"Webdo","alternateName":"Webdo.tn","url":"https:\/\/www.webdo.tn\/fr\/","logo":{"@type":"ImageObject","inLanguage":"fr-FR","@id":"https:\/\/www.webdo.tn\/fr\/#\/schema\/logo\/image\/","url":"https:\/\/www.webdo.tn\/fr\/wp-content\/uploads\/2025\/06\/Webdo-Tunisie_168377.jpg","contentUrl":"https:\/\/www.webdo.tn\/fr\/wp-content\/uploads\/2025\/06\/Webdo-Tunisie_168377.jpg","width":301,"height":301,"caption":"Webdo"},"image":{"@id":"https:\/\/www.webdo.tn\/fr\/#\/schema\/logo\/image\/"},"sameAs":["https:\/\/www.facebook.com\/webdotn","https:\/\/x.com\/webdo_tn"],"description":"Webdo est un m\u00e9dia num\u00e9rique tunisien fond\u00e9 en 2010, sp\u00e9cialis\u00e9 dans l\u2019actualit\u00e9 nationale et internationale, l\u2019\u00e9conomie, la soci\u00e9t\u00e9 et les analyses politiques. Le site s\u2019adresse \u00e0 un large public francophone et couvre l\u2019information tunisienne en temps r\u00e9el.","email":"redac@webdo.tn","legalName":"YNJ SARL","foundingDate":"2010-09-06","numberOfEmployees":{"@type":"QuantitativeValue","minValue":"11","maxValue":"50"}},{"@type":"Person","@id":"https:\/\/www.webdo.tn\/fr\/#\/schema\/person\/2c4929cbf5a809e3bd38617c6ce150f6","name":"MC","image":{"@type":"ImageObject","inLanguage":"fr-FR","@id":"https:\/\/secure.gravatar.com\/avatar\/a545bbb6f84efdd5553dbbc2895e3ca8f1d12c5215e00a041c9670b54aa9b18a?s=96&d=mm&r=g","url":"https:\/\/secure.gravatar.com\/avatar\/a545bbb6f84efdd5553dbbc2895e3ca8f1d12c5215e00a041c9670b54aa9b18a?s=96&d=mm&r=g","contentUrl":"https:\/\/secure.gravatar.com\/avatar\/a545bbb6f84efdd5553dbbc2895e3ca8f1d12c5215e00a041c9670b54aa9b18a?s=96&d=mm&r=g","caption":"MC"},"url":"https:\/\/www.webdo.tn\/fr\/actualite\/author\/mc\/"}]}},"_links":{"self":[{"href":"https:\/\/www.webdo.tn\/fr\/wp-json\/wp\/v2\/posts\/220121","targetHints":{"allow":["GET"]}}],"collection":[{"href":"https:\/\/www.webdo.tn\/fr\/wp-json\/wp\/v2\/posts"}],"about":[{"href":"https:\/\/www.webdo.tn\/fr\/wp-json\/wp\/v2\/types\/post"}],"author":[{"embeddable":true,"href":"https:\/\/www.webdo.tn\/fr\/wp-json\/wp\/v2\/users\/3162"}],"replies":[{"embeddable":true,"href":"https:\/\/www.webdo.tn\/fr\/wp-json\/wp\/v2\/comments?post=220121"}],"version-history":[{"count":0,"href":"https:\/\/www.webdo.tn\/fr\/wp-json\/wp\/v2\/posts\/220121\/revisions"}],"wp:featuredmedia":[{"embeddable":true,"href":"https:\/\/www.webdo.tn\/fr\/wp-json\/wp\/v2\/media\/291959"}],"wp:attachment":[{"href":"https:\/\/www.webdo.tn\/fr\/wp-json\/wp\/v2\/media?parent=220121"}],"wp:term":[{"taxonomy":"category","embeddable":true,"href":"https:\/\/www.webdo.tn\/fr\/wp-json\/wp\/v2\/categories?post=220121"},{"taxonomy":"post_tag","embeddable":true,"href":"https:\/\/www.webdo.tn\/fr\/wp-json\/wp\/v2\/tags?post=220121"}],"curies":[{"name":"wp","href":"https:\/\/api.w.org\/{rel}","templated":true}]}}