{"id":220116,"date":"2025-02-25T20:31:00","date_gmt":"2025-02-25T20:31:00","guid":{"rendered":"https:\/\/www.webdo.tn\/fr\/blog\/expulse-de-tunisie-un-journaliste-libyen-devoile-son-traitement-en-libye\/220116\/"},"modified":"2025-05-21T09:08:47","modified_gmt":"2025-05-21T09:08:47","slug":"expulse-de-tunisie-un-journaliste-libyen-devoile-son-traitement-en-libye","status":"publish","type":"post","link":"https:\/\/www.webdo.tn\/fr\/actualite\/international\/expulse-de-tunisie-un-journaliste-libyen-devoile-son-traitement-en-libye\/220116\/","title":{"rendered":"Expuls\u00e9 de Tunisie, un journaliste libyen d\u00e9voile son traitement en Libye"},"content":{"rendered":"<p>Le journaliste \u00e9conomique libyen Ahmed Snoussi, exil\u00e9 en Hollande, a r\u00e9cemment partag\u00e9 son exp\u00e9rience d&rsquo;expulsion de Tunisie vers la libye en juillet dernier.<\/p>\n<p>Lors de son passage dans l\u2019\u00e9mission \u00ab\u00a0Les Podcast de Khalil\u00a0\u00bb, il a expliqu\u00e9 que cette expulsion avait \u00e9t\u00e9 ordonn\u00e9e par le gouvernement libyen d\u2019unit\u00e9 nationale, dirig\u00e9 par Abdelhamid Dbeibah, en raison de ses r\u00e9v\u00e9lations sur des affaires de corruption au sein du minist\u00e8re libyen de l\u2019\u00c9conomie et du Commerce.<\/p>\n<p>Snoussi a d\u00e9taill\u00e9 les circonstances de son expulsion, pr\u00e9cisant qu\u2019il avait \u00e9t\u00e9 conduit hors de la Tunisie uniquement avec son passeport, sans argent ni t\u00e9l\u00e9phone. Il a soulign\u00e9 le climat d&rsquo;angoisse qu&rsquo;il a v\u00e9cu, expliquant que des autorit\u00e9s tunisiennes lui avaient mentionn\u00e9 une \u00ab\u00a0convention\u00a0\u00bb entre les deux pays, obligeant ainsi sa d\u00e9portation. \u00ab\u00a0Le dernier Tunisien avec qui j\u2019ai \u00e9chang\u00e9 m\u2019a expliqu\u00e9 qu\u2019il savait que j\u2019\u00e9tais journaliste, mais que cet accord avec la Libye ne laissait aucune alternative\u00a0\u00bb, a-t-il ajout\u00e9.<\/p>\n<p>\u00c0 son arriv\u00e9e \u00e0 Tripoli, il a \u00e9t\u00e9 accueilli par les services de renseignement libyens. Ce n\u2019est qu&rsquo;apr\u00e8s l\u2019intervention du procureur g\u00e9n\u00e9ral libyen qu\u2019il a pu quitter le pays et rejoindre les Pays-Bas. Tout au long de sa d\u00e9tention, Snoussi a affirm\u00e9 avoir \u00e9t\u00e9 victime de tortures et de mauvais traitements, notamment de la part des forces de s\u00e9curit\u00e9 int\u00e9rieure libyennes, relevant du minist\u00e8re de l\u2019Int\u00e9rieur, sous la direction d\u2019Emad Trabelsi.<\/p>\n<p>L\u2019affaire a attir\u00e9 l\u2019attention internationale, suscitant une forte solidarit\u00e9, notamment de la part de l\u2019ONU, de l\u2019Union europ\u00e9enne et de diverses organisations de d\u00e9fense des droits humains. Gr\u00e2ce \u00e0 cette mobilisation, Snoussi a \u00e9t\u00e9 lib\u00e9r\u00e9 avant de pouvoir quitter la Libye.<\/p>\n<p>Cet \u00e9pisode a \u00e9galement raviv\u00e9 le d\u00e9bat autour de la question des personnalit\u00e9s libyennes recherch\u00e9es par la justice et ayant trouv\u00e9 refuge en Tunisie. Un r\u00e9cent communiqu\u00e9 du procureur g\u00e9n\u00e9ral libyen a \u00e9voqu\u00e9 la fuite d&rsquo;un suspect impliqu\u00e9 dans l\u2019assassinat du ministre Adil Jomaa.<\/p>\n<p>L\u2019histoire de Snoussi n\u2019est pas un cas isol\u00e9. Elle rappelle d&rsquo;autres situations similaires, comme celle de Baghdadi al-Mahmoudi, dernier Premier ministre de Mouammar Kadhafi, extrad\u00e9 vers la Libye en 2012 sous la pr\u00e9sidence de Moncef Marzouki. Cette affaire avait \u00e9galement provoqu\u00e9 un vif d\u00e9bat sur l\u2019accueil de personnalit\u00e9s libyennes recherch\u00e9es en Tunisie.<\/p>\n","protected":false},"excerpt":{"rendered":"<p>Ahmed Snoussi, journaliste libyen, revient sur son expulsion de Tunisie vers la Libye en juillet dernier.<\/p>\n","protected":false},"author":3166,"featured_media":291955,"comment_status":"open","ping_status":"closed","sticky":false,"template":"","format":"standard","meta":{"footnotes":""},"categories":[2598],"tags":[11000,3219,3279,2608],"class_list":["post-220116","post","type-post","status-publish","format-standard","has-post-thumbnail","hentry","category-international","tag-ahmed-snoussi","tag-expulsion","tag-libye","tag-tunisie"],"yoast_head":"<!-- This site is optimized with the Yoast SEO Premium plugin v27.4 (Yoast SEO v27.5) - https:\/\/yoast.com\/product\/yoast-seo-premium-wordpress\/ -->\n<title>Expuls\u00e9 de Tunisie, un journaliste libyen d\u00e9voile son traitement en Libye<\/title>\n<meta name=\"description\" content=\"Ahmed Snoussi, journaliste libyen, revient sur son expulsion de Tunisie vers la Libye en juillet dernier.\" \/>\n<link rel=\"canonical\" href=\"https:\/\/www.webdo.tn\/fr\/actualite\/international\/expulse-de-tunisie-un-journaliste-libyen-devoile-son-traitement-en-libye\/220116\/\" \/>\n<meta property=\"og:locale\" content=\"fr_FR\" \/>\n<meta property=\"og:type\" content=\"article\" \/>\n<meta property=\"og:title\" content=\"Expuls\u00e9 de Tunisie, un journaliste libyen d\u00e9voile son traitement en Libye\" \/>\n<meta property=\"og:description\" content=\"Ahmed Snoussi, journaliste libyen, revient sur son expulsion de Tunisie vers la Libye en juillet dernier.\" \/>\n<meta property=\"og:url\" content=\"https:\/\/www.webdo.tn\/fr\/actualite\/international\/expulse-de-tunisie-un-journaliste-libyen-devoile-son-traitement-en-libye\/220116\/\" \/>\n<meta property=\"og:site_name\" content=\"webdo\" \/>\n<meta property=\"article:publisher\" content=\"https:\/\/www.facebook.com\/webdotn\" \/>\n<meta property=\"article:published_time\" content=\"2025-02-25T20:31:00+00:00\" \/>\n<meta property=\"article:modified_time\" content=\"2025-05-21T09:08:47+00:00\" \/>\n<meta property=\"og:image\" content=\"https:\/\/www.webdo.tn\/fr\/wp-content\/uploads\/2025\/02\/cb5a7d4a2d3de64318364109b6489eb4.webp\" \/>\n\t<meta property=\"og:image:width\" content=\"750\" \/>\n\t<meta property=\"og:image:height\" content=\"400\" \/>\n\t<meta property=\"og:image:type\" content=\"image\/webp\" \/>\n<meta name=\"author\" content=\"AZ\" \/>\n<meta name=\"twitter:card\" content=\"summary_large_image\" \/>\n<meta name=\"twitter:creator\" content=\"@webdo_tn\" \/>\n<meta name=\"twitter:site\" content=\"@webdo_tn\" \/>\n<meta name=\"twitter:label1\" content=\"\u00c9crit par\" \/>\n\t<meta name=\"twitter:data1\" content=\"AZ\" \/>\n\t<meta name=\"twitter:label2\" content=\"Dur\u00e9e de lecture estim\u00e9e\" \/>\n\t<meta name=\"twitter:data2\" content=\"2 minutes\" \/>\n<script type=\"application\/ld+json\" class=\"yoast-schema-graph\">{\"@context\":\"https:\\\/\\\/schema.org\",\"@graph\":[{\"@type\":\"NewsArticle\",\"@id\":\"https:\\\/\\\/www.webdo.tn\\\/fr\\\/actualite\\\/international\\\/expulse-de-tunisie-un-journaliste-libyen-devoile-son-traitement-en-libye\\\/220116\\\/#article\",\"isPartOf\":{\"@id\":\"https:\\\/\\\/www.webdo.tn\\\/fr\\\/actualite\\\/international\\\/expulse-de-tunisie-un-journaliste-libyen-devoile-son-traitement-en-libye\\\/220116\\\/\"},\"author\":{\"name\":\"AZ\",\"@id\":\"https:\\\/\\\/www.webdo.tn\\\/fr\\\/#\\\/schema\\\/person\\\/b8a41c04d93287d375510db360906b34\"},\"headline\":\"Expuls\u00e9 de Tunisie, un journaliste libyen d\u00e9voile son traitement en Libye\",\"datePublished\":\"2025-02-25T20:31:00+00:00\",\"dateModified\":\"2025-05-21T09:08:47+00:00\",\"mainEntityOfPage\":{\"@id\":\"https:\\\/\\\/www.webdo.tn\\\/fr\\\/actualite\\\/international\\\/expulse-de-tunisie-un-journaliste-libyen-devoile-son-traitement-en-libye\\\/220116\\\/\"},\"wordCount\":430,\"commentCount\":0,\"publisher\":{\"@id\":\"https:\\\/\\\/www.webdo.tn\\\/fr\\\/#organization\"},\"image\":{\"@id\":\"https:\\\/\\\/www.webdo.tn\\\/fr\\\/actualite\\\/international\\\/expulse-de-tunisie-un-journaliste-libyen-devoile-son-traitement-en-libye\\\/220116\\\/#primaryimage\"},\"thumbnailUrl\":\"https:\\\/\\\/www.webdo.tn\\\/fr\\\/wp-content\\\/uploads\\\/2025\\\/02\\\/cb5a7d4a2d3de64318364109b6489eb4.webp\",\"keywords\":[\"'Ahmed Snoussi']\",\"expulsion\",\"Libye\",\"Tunisie\"],\"articleSection\":[\"International\"],\"inLanguage\":\"fr-FR\"},{\"@type\":\"WebPage\",\"@id\":\"https:\\\/\\\/www.webdo.tn\\\/fr\\\/actualite\\\/international\\\/expulse-de-tunisie-un-journaliste-libyen-devoile-son-traitement-en-libye\\\/220116\\\/\",\"url\":\"https:\\\/\\\/www.webdo.tn\\\/fr\\\/actualite\\\/international\\\/expulse-de-tunisie-un-journaliste-libyen-devoile-son-traitement-en-libye\\\/220116\\\/\",\"name\":\"Expuls\u00e9 de Tunisie, un journaliste libyen d\u00e9voile son traitement en Libye\",\"isPartOf\":{\"@id\":\"https:\\\/\\\/www.webdo.tn\\\/fr\\\/#website\"},\"primaryImageOfPage\":{\"@id\":\"https:\\\/\\\/www.webdo.tn\\\/fr\\\/actualite\\\/international\\\/expulse-de-tunisie-un-journaliste-libyen-devoile-son-traitement-en-libye\\\/220116\\\/#primaryimage\"},\"image\":{\"@id\":\"https:\\\/\\\/www.webdo.tn\\\/fr\\\/actualite\\\/international\\\/expulse-de-tunisie-un-journaliste-libyen-devoile-son-traitement-en-libye\\\/220116\\\/#primaryimage\"},\"thumbnailUrl\":\"https:\\\/\\\/www.webdo.tn\\\/fr\\\/wp-content\\\/uploads\\\/2025\\\/02\\\/cb5a7d4a2d3de64318364109b6489eb4.webp\",\"datePublished\":\"2025-02-25T20:31:00+00:00\",\"dateModified\":\"2025-05-21T09:08:47+00:00\",\"description\":\"Ahmed Snoussi, journaliste libyen, revient sur son expulsion de Tunisie vers la Libye en juillet dernier.\",\"breadcrumb\":{\"@id\":\"https:\\\/\\\/www.webdo.tn\\\/fr\\\/actualite\\\/international\\\/expulse-de-tunisie-un-journaliste-libyen-devoile-son-traitement-en-libye\\\/220116\\\/#breadcrumb\"},\"inLanguage\":\"fr-FR\",\"potentialAction\":[{\"@type\":\"ReadAction\",\"target\":[\"https:\\\/\\\/www.webdo.tn\\\/fr\\\/actualite\\\/international\\\/expulse-de-tunisie-un-journaliste-libyen-devoile-son-traitement-en-libye\\\/220116\\\/\"]}]},{\"@type\":\"ImageObject\",\"inLanguage\":\"fr-FR\",\"@id\":\"https:\\\/\\\/www.webdo.tn\\\/fr\\\/actualite\\\/international\\\/expulse-de-tunisie-un-journaliste-libyen-devoile-son-traitement-en-libye\\\/220116\\\/#primaryimage\",\"url\":\"https:\\\/\\\/www.webdo.tn\\\/fr\\\/wp-content\\\/uploads\\\/2025\\\/02\\\/cb5a7d4a2d3de64318364109b6489eb4.webp\",\"contentUrl\":\"https:\\\/\\\/www.webdo.tn\\\/fr\\\/wp-content\\\/uploads\\\/2025\\\/02\\\/cb5a7d4a2d3de64318364109b6489eb4.webp\",\"width\":750,\"height\":400,\"caption\":\"Expuls\u00e9 de Tunisie, un journaliste libyen d\u00e9voile son traitement en Libye\"},{\"@type\":\"BreadcrumbList\",\"@id\":\"https:\\\/\\\/www.webdo.tn\\\/fr\\\/actualite\\\/international\\\/expulse-de-tunisie-un-journaliste-libyen-devoile-son-traitement-en-libye\\\/220116\\\/#breadcrumb\",\"itemListElement\":[{\"@type\":\"ListItem\",\"position\":1,\"name\":\"Accueil\",\"item\":\"https:\\\/\\\/www.webdo.tn\\\/fr\\\/\"},{\"@type\":\"ListItem\",\"position\":2,\"name\":\"Expuls\u00e9 de Tunisie, un journaliste libyen d\u00e9voile son traitement en Libye\"}]},{\"@type\":\"WebSite\",\"@id\":\"https:\\\/\\\/www.webdo.tn\\\/fr\\\/#website\",\"url\":\"https:\\\/\\\/www.webdo.tn\\\/fr\\\/\",\"name\":\"webdo\",\"description\":\"Tunisie - News en Tunisie et \u00e0 l&#039;international sur Webdo.tn\",\"publisher\":{\"@id\":\"https:\\\/\\\/www.webdo.tn\\\/fr\\\/#organization\"},\"potentialAction\":[{\"@type\":\"SearchAction\",\"target\":{\"@type\":\"EntryPoint\",\"urlTemplate\":\"https:\\\/\\\/www.webdo.tn\\\/fr\\\/?s={search_term_string}\"},\"query-input\":{\"@type\":\"PropertyValueSpecification\",\"valueRequired\":true,\"valueName\":\"search_term_string\"}}],\"inLanguage\":\"fr-FR\"},{\"@type\":\"Organization\",\"@id\":\"https:\\\/\\\/www.webdo.tn\\\/fr\\\/#organization\",\"name\":\"Webdo\",\"alternateName\":\"Webdo.tn\",\"url\":\"https:\\\/\\\/www.webdo.tn\\\/fr\\\/\",\"logo\":{\"@type\":\"ImageObject\",\"inLanguage\":\"fr-FR\",\"@id\":\"https:\\\/\\\/www.webdo.tn\\\/fr\\\/#\\\/schema\\\/logo\\\/image\\\/\",\"url\":\"https:\\\/\\\/www.webdo.tn\\\/fr\\\/wp-content\\\/uploads\\\/2025\\\/06\\\/Webdo-Tunisie_168377.jpg\",\"contentUrl\":\"https:\\\/\\\/www.webdo.tn\\\/fr\\\/wp-content\\\/uploads\\\/2025\\\/06\\\/Webdo-Tunisie_168377.jpg\",\"width\":301,\"height\":301,\"caption\":\"Webdo\"},\"image\":{\"@id\":\"https:\\\/\\\/www.webdo.tn\\\/fr\\\/#\\\/schema\\\/logo\\\/image\\\/\"},\"sameAs\":[\"https:\\\/\\\/www.facebook.com\\\/webdotn\",\"https:\\\/\\\/x.com\\\/webdo_tn\"],\"description\":\"Webdo est un m\u00e9dia num\u00e9rique tunisien fond\u00e9 en 2010, sp\u00e9cialis\u00e9 dans l\u2019actualit\u00e9 nationale et internationale, l\u2019\u00e9conomie, la soci\u00e9t\u00e9 et les analyses politiques. Le site s\u2019adresse \u00e0 un large public francophone et couvre l\u2019information tunisienne en temps r\u00e9el.\",\"email\":\"redac@webdo.tn\",\"legalName\":\"YNJ SARL\",\"foundingDate\":\"2010-09-06\",\"numberOfEmployees\":{\"@type\":\"QuantitativeValue\",\"minValue\":\"11\",\"maxValue\":\"50\"}},{\"@type\":\"Person\",\"@id\":\"https:\\\/\\\/www.webdo.tn\\\/fr\\\/#\\\/schema\\\/person\\\/b8a41c04d93287d375510db360906b34\",\"name\":\"AZ\",\"image\":{\"@type\":\"ImageObject\",\"inLanguage\":\"fr-FR\",\"@id\":\"https:\\\/\\\/secure.gravatar.com\\\/avatar\\\/492b80bada79439de4201dce15cd41eece6c277cfdf1b53382073c79105c1f89?s=96&d=mm&r=g\",\"url\":\"https:\\\/\\\/secure.gravatar.com\\\/avatar\\\/492b80bada79439de4201dce15cd41eece6c277cfdf1b53382073c79105c1f89?s=96&d=mm&r=g\",\"contentUrl\":\"https:\\\/\\\/secure.gravatar.com\\\/avatar\\\/492b80bada79439de4201dce15cd41eece6c277cfdf1b53382073c79105c1f89?s=96&d=mm&r=g\",\"caption\":\"AZ\"},\"url\":\"https:\\\/\\\/www.webdo.tn\\\/fr\\\/actualite\\\/author\\\/az\\\/\"}]}<\/script>\n<!-- \/ Yoast SEO Premium plugin. -->","yoast_head_json":{"title":"Expuls\u00e9 de Tunisie, un journaliste libyen d\u00e9voile son traitement en Libye","description":"Ahmed Snoussi, journaliste libyen, revient sur son expulsion de Tunisie vers la Libye en juillet dernier.","canonical":"https:\/\/www.webdo.tn\/fr\/actualite\/international\/expulse-de-tunisie-un-journaliste-libyen-devoile-son-traitement-en-libye\/220116\/","og_locale":"fr_FR","og_type":"article","og_title":"Expuls\u00e9 de Tunisie, un journaliste libyen d\u00e9voile son traitement en Libye","og_description":"Ahmed Snoussi, journaliste libyen, revient sur son expulsion de Tunisie vers la Libye en juillet dernier.","og_url":"https:\/\/www.webdo.tn\/fr\/actualite\/international\/expulse-de-tunisie-un-journaliste-libyen-devoile-son-traitement-en-libye\/220116\/","og_site_name":"webdo","article_publisher":"https:\/\/www.facebook.com\/webdotn","article_published_time":"2025-02-25T20:31:00+00:00","article_modified_time":"2025-05-21T09:08:47+00:00","og_image":[{"width":750,"height":400,"url":"https:\/\/www.webdo.tn\/fr\/wp-content\/uploads\/2025\/02\/cb5a7d4a2d3de64318364109b6489eb4.webp","type":"image\/webp"}],"author":"AZ","twitter_card":"summary_large_image","twitter_creator":"@webdo_tn","twitter_site":"@webdo_tn","twitter_misc":{"\u00c9crit par":"AZ","Dur\u00e9e de lecture estim\u00e9e":"2 minutes"},"schema":{"@context":"https:\/\/schema.org","@graph":[{"@type":"NewsArticle","@id":"https:\/\/www.webdo.tn\/fr\/actualite\/international\/expulse-de-tunisie-un-journaliste-libyen-devoile-son-traitement-en-libye\/220116\/#article","isPartOf":{"@id":"https:\/\/www.webdo.tn\/fr\/actualite\/international\/expulse-de-tunisie-un-journaliste-libyen-devoile-son-traitement-en-libye\/220116\/"},"author":{"name":"AZ","@id":"https:\/\/www.webdo.tn\/fr\/#\/schema\/person\/b8a41c04d93287d375510db360906b34"},"headline":"Expuls\u00e9 de Tunisie, un journaliste libyen d\u00e9voile son traitement en Libye","datePublished":"2025-02-25T20:31:00+00:00","dateModified":"2025-05-21T09:08:47+00:00","mainEntityOfPage":{"@id":"https:\/\/www.webdo.tn\/fr\/actualite\/international\/expulse-de-tunisie-un-journaliste-libyen-devoile-son-traitement-en-libye\/220116\/"},"wordCount":430,"commentCount":0,"publisher":{"@id":"https:\/\/www.webdo.tn\/fr\/#organization"},"image":{"@id":"https:\/\/www.webdo.tn\/fr\/actualite\/international\/expulse-de-tunisie-un-journaliste-libyen-devoile-son-traitement-en-libye\/220116\/#primaryimage"},"thumbnailUrl":"https:\/\/www.webdo.tn\/fr\/wp-content\/uploads\/2025\/02\/cb5a7d4a2d3de64318364109b6489eb4.webp","keywords":["'Ahmed Snoussi']","expulsion","Libye","Tunisie"],"articleSection":["International"],"inLanguage":"fr-FR"},{"@type":"WebPage","@id":"https:\/\/www.webdo.tn\/fr\/actualite\/international\/expulse-de-tunisie-un-journaliste-libyen-devoile-son-traitement-en-libye\/220116\/","url":"https:\/\/www.webdo.tn\/fr\/actualite\/international\/expulse-de-tunisie-un-journaliste-libyen-devoile-son-traitement-en-libye\/220116\/","name":"Expuls\u00e9 de Tunisie, un journaliste libyen d\u00e9voile son traitement en Libye","isPartOf":{"@id":"https:\/\/www.webdo.tn\/fr\/#website"},"primaryImageOfPage":{"@id":"https:\/\/www.webdo.tn\/fr\/actualite\/international\/expulse-de-tunisie-un-journaliste-libyen-devoile-son-traitement-en-libye\/220116\/#primaryimage"},"image":{"@id":"https:\/\/www.webdo.tn\/fr\/actualite\/international\/expulse-de-tunisie-un-journaliste-libyen-devoile-son-traitement-en-libye\/220116\/#primaryimage"},"thumbnailUrl":"https:\/\/www.webdo.tn\/fr\/wp-content\/uploads\/2025\/02\/cb5a7d4a2d3de64318364109b6489eb4.webp","datePublished":"2025-02-25T20:31:00+00:00","dateModified":"2025-05-21T09:08:47+00:00","description":"Ahmed Snoussi, journaliste libyen, revient sur son expulsion de Tunisie vers la Libye en juillet dernier.","breadcrumb":{"@id":"https:\/\/www.webdo.tn\/fr\/actualite\/international\/expulse-de-tunisie-un-journaliste-libyen-devoile-son-traitement-en-libye\/220116\/#breadcrumb"},"inLanguage":"fr-FR","potentialAction":[{"@type":"ReadAction","target":["https:\/\/www.webdo.tn\/fr\/actualite\/international\/expulse-de-tunisie-un-journaliste-libyen-devoile-son-traitement-en-libye\/220116\/"]}]},{"@type":"ImageObject","inLanguage":"fr-FR","@id":"https:\/\/www.webdo.tn\/fr\/actualite\/international\/expulse-de-tunisie-un-journaliste-libyen-devoile-son-traitement-en-libye\/220116\/#primaryimage","url":"https:\/\/www.webdo.tn\/fr\/wp-content\/uploads\/2025\/02\/cb5a7d4a2d3de64318364109b6489eb4.webp","contentUrl":"https:\/\/www.webdo.tn\/fr\/wp-content\/uploads\/2025\/02\/cb5a7d4a2d3de64318364109b6489eb4.webp","width":750,"height":400,"caption":"Expuls\u00e9 de Tunisie, un journaliste libyen d\u00e9voile son traitement en Libye"},{"@type":"BreadcrumbList","@id":"https:\/\/www.webdo.tn\/fr\/actualite\/international\/expulse-de-tunisie-un-journaliste-libyen-devoile-son-traitement-en-libye\/220116\/#breadcrumb","itemListElement":[{"@type":"ListItem","position":1,"name":"Accueil","item":"https:\/\/www.webdo.tn\/fr\/"},{"@type":"ListItem","position":2,"name":"Expuls\u00e9 de Tunisie, un journaliste libyen d\u00e9voile son traitement en Libye"}]},{"@type":"WebSite","@id":"https:\/\/www.webdo.tn\/fr\/#website","url":"https:\/\/www.webdo.tn\/fr\/","name":"webdo","description":"Tunisie - News en Tunisie et \u00e0 l&#039;international sur Webdo.tn","publisher":{"@id":"https:\/\/www.webdo.tn\/fr\/#organization"},"potentialAction":[{"@type":"SearchAction","target":{"@type":"EntryPoint","urlTemplate":"https:\/\/www.webdo.tn\/fr\/?s={search_term_string}"},"query-input":{"@type":"PropertyValueSpecification","valueRequired":true,"valueName":"search_term_string"}}],"inLanguage":"fr-FR"},{"@type":"Organization","@id":"https:\/\/www.webdo.tn\/fr\/#organization","name":"Webdo","alternateName":"Webdo.tn","url":"https:\/\/www.webdo.tn\/fr\/","logo":{"@type":"ImageObject","inLanguage":"fr-FR","@id":"https:\/\/www.webdo.tn\/fr\/#\/schema\/logo\/image\/","url":"https:\/\/www.webdo.tn\/fr\/wp-content\/uploads\/2025\/06\/Webdo-Tunisie_168377.jpg","contentUrl":"https:\/\/www.webdo.tn\/fr\/wp-content\/uploads\/2025\/06\/Webdo-Tunisie_168377.jpg","width":301,"height":301,"caption":"Webdo"},"image":{"@id":"https:\/\/www.webdo.tn\/fr\/#\/schema\/logo\/image\/"},"sameAs":["https:\/\/www.facebook.com\/webdotn","https:\/\/x.com\/webdo_tn"],"description":"Webdo est un m\u00e9dia num\u00e9rique tunisien fond\u00e9 en 2010, sp\u00e9cialis\u00e9 dans l\u2019actualit\u00e9 nationale et internationale, l\u2019\u00e9conomie, la soci\u00e9t\u00e9 et les analyses politiques. Le site s\u2019adresse \u00e0 un large public francophone et couvre l\u2019information tunisienne en temps r\u00e9el.","email":"redac@webdo.tn","legalName":"YNJ SARL","foundingDate":"2010-09-06","numberOfEmployees":{"@type":"QuantitativeValue","minValue":"11","maxValue":"50"}},{"@type":"Person","@id":"https:\/\/www.webdo.tn\/fr\/#\/schema\/person\/b8a41c04d93287d375510db360906b34","name":"AZ","image":{"@type":"ImageObject","inLanguage":"fr-FR","@id":"https:\/\/secure.gravatar.com\/avatar\/492b80bada79439de4201dce15cd41eece6c277cfdf1b53382073c79105c1f89?s=96&d=mm&r=g","url":"https:\/\/secure.gravatar.com\/avatar\/492b80bada79439de4201dce15cd41eece6c277cfdf1b53382073c79105c1f89?s=96&d=mm&r=g","contentUrl":"https:\/\/secure.gravatar.com\/avatar\/492b80bada79439de4201dce15cd41eece6c277cfdf1b53382073c79105c1f89?s=96&d=mm&r=g","caption":"AZ"},"url":"https:\/\/www.webdo.tn\/fr\/actualite\/author\/az\/"}]}},"_links":{"self":[{"href":"https:\/\/www.webdo.tn\/fr\/wp-json\/wp\/v2\/posts\/220116","targetHints":{"allow":["GET"]}}],"collection":[{"href":"https:\/\/www.webdo.tn\/fr\/wp-json\/wp\/v2\/posts"}],"about":[{"href":"https:\/\/www.webdo.tn\/fr\/wp-json\/wp\/v2\/types\/post"}],"author":[{"embeddable":true,"href":"https:\/\/www.webdo.tn\/fr\/wp-json\/wp\/v2\/users\/3166"}],"replies":[{"embeddable":true,"href":"https:\/\/www.webdo.tn\/fr\/wp-json\/wp\/v2\/comments?post=220116"}],"version-history":[{"count":0,"href":"https:\/\/www.webdo.tn\/fr\/wp-json\/wp\/v2\/posts\/220116\/revisions"}],"wp:featuredmedia":[{"embeddable":true,"href":"https:\/\/www.webdo.tn\/fr\/wp-json\/wp\/v2\/media\/291955"}],"wp:attachment":[{"href":"https:\/\/www.webdo.tn\/fr\/wp-json\/wp\/v2\/media?parent=220116"}],"wp:term":[{"taxonomy":"category","embeddable":true,"href":"https:\/\/www.webdo.tn\/fr\/wp-json\/wp\/v2\/categories?post=220116"},{"taxonomy":"post_tag","embeddable":true,"href":"https:\/\/www.webdo.tn\/fr\/wp-json\/wp\/v2\/tags?post=220116"}],"curies":[{"name":"wp","href":"https:\/\/api.w.org\/{rel}","templated":true}]}}