{"id":220106,"date":"2025-02-25T14:27:00","date_gmt":"2025-02-25T14:27:00","guid":{"rendered":"https:\/\/www.webdo.tn\/fr\/blog\/2025\/02\/25\/tunisie-greve-generale-des-surveillants-prevue-ce-jeudi\/"},"modified":"2025-05-20T21:42:31","modified_gmt":"2025-05-20T21:42:31","slug":"tunisie-greve-generale-des-surveillants-prevue-ce-jeudi","status":"publish","type":"post","link":"https:\/\/www.webdo.tn\/fr\/actualite\/national\/tunisie-greve-generale-des-surveillants-prevue-ce-jeudi\/220106\/","title":{"rendered":"Tunisie : Gr\u00e8ve g\u00e9n\u00e9rale des surveillants pr\u00e9vue ce jeudi"},"content":{"rendered":"<p>Les surveillants et surveillants g\u00e9n\u00e9raux, qu&rsquo;ils soient contractuels ou titulaires de postes fonctionnels, observeront une gr\u00e8ve sur site ce jeudi 27 f\u00e9vrier 2025 dans l&rsquo;ensemble des coll\u00e8ges et lyc\u00e9es du pays.<\/p>\n<p>Dans un communiqu\u00e9, leur syndicat appelle \u00e0 la publication imm\u00e9diate d&rsquo;un d\u00e9cret pour la r\u00e9gularisation des contractuels, la r\u00e9vision du statut particulier avec un syst\u00e8me de quotas pour les promotions, ainsi que l&rsquo;actualisation de l&rsquo;indemnisation de base num\u00e9rique et l&rsquo;organisation du concours des surveillants g\u00e9n\u00e9raux selon les crit\u00e8res pr\u00e9alablement d\u00e9finis.<\/p>\n<p>Les revendications portent \u00e9galement sur la revalorisation de l&rsquo;indemnisation des charges p\u00e9dagogiques pour les postes de surveillant principal et surveillant g\u00e9n\u00e9ral principal, avec une augmentation pour les grades sup\u00e9rieurs.<\/p>\n<p>Les gr\u00e9vistes exigent en outre l&rsquo;application des engagements non tenus des accords des 12 f\u00e9vrier 2024, 22 juillet 2024 et 6 f\u00e9vrier 2021, rest\u00e9s sans suite jusqu&rsquo;\u00e0 pr\u00e9sent.<\/p>\n","protected":false},"excerpt":{"rendered":"<p>Les surveillants et surveillants g\u00e9n\u00e9raux, qu&rsquo;ils soient contractuels ou titulaires de postes fonctionnels, observeront une gr\u00e8ve sur site ce jeudi 27 f\u00e9vrier 2&#8230;<\/p>\n","protected":false},"author":3162,"featured_media":242008,"comment_status":"open","ping_status":"open","sticky":false,"template":"","format":"standard","meta":{"footnotes":""},"categories":[44],"tags":[3204,2828,2782,3205,2829,2608],"class_list":["post-220106","post","type-post","status-publish","format-standard","has-post-thumbnail","hentry","category-national","tag-colleges","tag-enseignement","tag-greve-generale","tag-lycees","tag-surveillants","tag-tunisie"],"yoast_head":"<!-- This site is optimized with the Yoast SEO Premium plugin v27.5 (Yoast SEO v27.5) - https:\/\/yoast.com\/product\/yoast-seo-premium-wordpress\/ -->\n<title>Tunisie : Gr\u00e8ve g\u00e9n\u00e9rale des surveillants pr\u00e9vue ce jeudi<\/title>\n<meta name=\"description\" content=\"Les surveillants et surveillants g\u00e9n\u00e9raux, qu&#039;ils soient contractuels ou titulaires de postes fonctionnels, observeront une gr\u00e8ve sur site ce jeudi 27 f\u00e9vrier 2...\" \/>\n<link rel=\"canonical\" href=\"https:\/\/www.webdo.tn\/fr\/actualite\/national\/tunisie-greve-generale-des-surveillants-prevue-ce-jeudi\/220106\/\" \/>\n<meta property=\"og:locale\" content=\"fr_FR\" \/>\n<meta property=\"og:type\" content=\"article\" \/>\n<meta property=\"og:title\" content=\"Tunisie : Gr\u00e8ve g\u00e9n\u00e9rale des surveillants pr\u00e9vue ce jeudi\" \/>\n<meta property=\"og:description\" content=\"Les surveillants et surveillants g\u00e9n\u00e9raux, qu&#039;ils soient contractuels ou titulaires de postes fonctionnels, observeront une gr\u00e8ve sur site ce jeudi 27 f\u00e9vrier 2...\" \/>\n<meta property=\"og:url\" content=\"https:\/\/www.webdo.tn\/fr\/actualite\/national\/tunisie-greve-generale-des-surveillants-prevue-ce-jeudi\/220106\/\" \/>\n<meta property=\"og:site_name\" content=\"webdo\" \/>\n<meta property=\"article:publisher\" content=\"https:\/\/www.facebook.com\/webdotn\" \/>\n<meta property=\"article:published_time\" content=\"2025-02-25T14:27:00+00:00\" \/>\n<meta property=\"article:modified_time\" content=\"2025-05-20T21:42:31+00:00\" \/>\n<meta property=\"og:image\" content=\"https:\/\/www.webdo.tn\/fr\/wp-content\/uploads\/2025\/05\/fe24e1e5dfa4aa3b10b95f53c33106d2-2.webp\" \/>\n\t<meta property=\"og:image:width\" content=\"750\" \/>\n\t<meta property=\"og:image:height\" content=\"400\" \/>\n\t<meta property=\"og:image:type\" content=\"image\/webp\" \/>\n<meta name=\"author\" content=\"MC\" \/>\n<meta name=\"twitter:card\" content=\"summary_large_image\" \/>\n<meta name=\"twitter:creator\" content=\"@webdo_tn\" \/>\n<meta name=\"twitter:site\" content=\"@webdo_tn\" \/>\n<meta name=\"twitter:label1\" content=\"\u00c9crit par\" \/>\n\t<meta name=\"twitter:data1\" content=\"MC\" \/>\n\t<meta name=\"twitter:label2\" content=\"Dur\u00e9e de lecture estim\u00e9e\" \/>\n\t<meta name=\"twitter:data2\" content=\"1 minute\" \/>\n<script type=\"application\/ld+json\" class=\"yoast-schema-graph\">{\"@context\":\"https:\\\/\\\/schema.org\",\"@graph\":[{\"@type\":\"NewsArticle\",\"@id\":\"https:\\\/\\\/www.webdo.tn\\\/fr\\\/actualite\\\/national\\\/tunisie-greve-generale-des-surveillants-prevue-ce-jeudi\\\/220106\\\/#article\",\"isPartOf\":{\"@id\":\"https:\\\/\\\/www.webdo.tn\\\/fr\\\/actualite\\\/national\\\/tunisie-greve-generale-des-surveillants-prevue-ce-jeudi\\\/220106\\\/\"},\"author\":{\"name\":\"MC\",\"@id\":\"https:\\\/\\\/www.webdo.tn\\\/fr\\\/#\\\/schema\\\/person\\\/2c4929cbf5a809e3bd38617c6ce150f6\"},\"headline\":\"Tunisie : Gr\u00e8ve g\u00e9n\u00e9rale des surveillants pr\u00e9vue ce jeudi\",\"datePublished\":\"2025-02-25T14:27:00+00:00\",\"dateModified\":\"2025-05-20T21:42:31+00:00\",\"mainEntityOfPage\":{\"@id\":\"https:\\\/\\\/www.webdo.tn\\\/fr\\\/actualite\\\/national\\\/tunisie-greve-generale-des-surveillants-prevue-ce-jeudi\\\/220106\\\/\"},\"wordCount\":175,\"commentCount\":0,\"publisher\":{\"@id\":\"https:\\\/\\\/www.webdo.tn\\\/fr\\\/#organization\"},\"image\":{\"@id\":\"https:\\\/\\\/www.webdo.tn\\\/fr\\\/actualite\\\/national\\\/tunisie-greve-generale-des-surveillants-prevue-ce-jeudi\\\/220106\\\/#primaryimage\"},\"thumbnailUrl\":\"https:\\\/\\\/www.webdo.tn\\\/fr\\\/wp-content\\\/uploads\\\/2025\\\/05\\\/fe24e1e5dfa4aa3b10b95f53c33106d2-2.webp\",\"keywords\":[\"Coll\u00e8ges\",\"enseignement\",\"Gr\u00e8ve g\u00e9n\u00e9rale\",\"lyc\u00e9es\",\"surveillants\",\"Tunisie\"],\"articleSection\":[\"National\"],\"inLanguage\":\"fr-FR\"},{\"@type\":\"WebPage\",\"@id\":\"https:\\\/\\\/www.webdo.tn\\\/fr\\\/actualite\\\/national\\\/tunisie-greve-generale-des-surveillants-prevue-ce-jeudi\\\/220106\\\/\",\"url\":\"https:\\\/\\\/www.webdo.tn\\\/fr\\\/actualite\\\/national\\\/tunisie-greve-generale-des-surveillants-prevue-ce-jeudi\\\/220106\\\/\",\"name\":\"Tunisie : Gr\u00e8ve g\u00e9n\u00e9rale des surveillants pr\u00e9vue ce jeudi\",\"isPartOf\":{\"@id\":\"https:\\\/\\\/www.webdo.tn\\\/fr\\\/#website\"},\"primaryImageOfPage\":{\"@id\":\"https:\\\/\\\/www.webdo.tn\\\/fr\\\/actualite\\\/national\\\/tunisie-greve-generale-des-surveillants-prevue-ce-jeudi\\\/220106\\\/#primaryimage\"},\"image\":{\"@id\":\"https:\\\/\\\/www.webdo.tn\\\/fr\\\/actualite\\\/national\\\/tunisie-greve-generale-des-surveillants-prevue-ce-jeudi\\\/220106\\\/#primaryimage\"},\"thumbnailUrl\":\"https:\\\/\\\/www.webdo.tn\\\/fr\\\/wp-content\\\/uploads\\\/2025\\\/05\\\/fe24e1e5dfa4aa3b10b95f53c33106d2-2.webp\",\"datePublished\":\"2025-02-25T14:27:00+00:00\",\"dateModified\":\"2025-05-20T21:42:31+00:00\",\"description\":\"Les surveillants et surveillants g\u00e9n\u00e9raux, qu'ils soient contractuels ou titulaires de postes fonctionnels, observeront une gr\u00e8ve sur site ce jeudi 27 f\u00e9vrier 2...\",\"breadcrumb\":{\"@id\":\"https:\\\/\\\/www.webdo.tn\\\/fr\\\/actualite\\\/national\\\/tunisie-greve-generale-des-surveillants-prevue-ce-jeudi\\\/220106\\\/#breadcrumb\"},\"inLanguage\":\"fr-FR\",\"potentialAction\":[{\"@type\":\"ReadAction\",\"target\":[\"https:\\\/\\\/www.webdo.tn\\\/fr\\\/actualite\\\/national\\\/tunisie-greve-generale-des-surveillants-prevue-ce-jeudi\\\/220106\\\/\"]}]},{\"@type\":\"ImageObject\",\"inLanguage\":\"fr-FR\",\"@id\":\"https:\\\/\\\/www.webdo.tn\\\/fr\\\/actualite\\\/national\\\/tunisie-greve-generale-des-surveillants-prevue-ce-jeudi\\\/220106\\\/#primaryimage\",\"url\":\"https:\\\/\\\/www.webdo.tn\\\/fr\\\/wp-content\\\/uploads\\\/2025\\\/05\\\/fe24e1e5dfa4aa3b10b95f53c33106d2-2.webp\",\"contentUrl\":\"https:\\\/\\\/www.webdo.tn\\\/fr\\\/wp-content\\\/uploads\\\/2025\\\/05\\\/fe24e1e5dfa4aa3b10b95f53c33106d2-2.webp\",\"width\":750,\"height\":400},{\"@type\":\"BreadcrumbList\",\"@id\":\"https:\\\/\\\/www.webdo.tn\\\/fr\\\/actualite\\\/national\\\/tunisie-greve-generale-des-surveillants-prevue-ce-jeudi\\\/220106\\\/#breadcrumb\",\"itemListElement\":[{\"@type\":\"ListItem\",\"position\":1,\"name\":\"Accueil\",\"item\":\"https:\\\/\\\/www.webdo.tn\\\/fr\\\/\"},{\"@type\":\"ListItem\",\"position\":2,\"name\":\"Tunisie : Gr\u00e8ve g\u00e9n\u00e9rale des surveillants pr\u00e9vue ce jeudi\"}]},{\"@type\":\"WebSite\",\"@id\":\"https:\\\/\\\/www.webdo.tn\\\/fr\\\/#website\",\"url\":\"https:\\\/\\\/www.webdo.tn\\\/fr\\\/\",\"name\":\"webdo\",\"description\":\"Tunisie - News en Tunisie et \u00e0 l&#039;international sur Webdo.tn\",\"publisher\":{\"@id\":\"https:\\\/\\\/www.webdo.tn\\\/fr\\\/#organization\"},\"potentialAction\":[{\"@type\":\"SearchAction\",\"target\":{\"@type\":\"EntryPoint\",\"urlTemplate\":\"https:\\\/\\\/www.webdo.tn\\\/fr\\\/?s={search_term_string}\"},\"query-input\":{\"@type\":\"PropertyValueSpecification\",\"valueRequired\":true,\"valueName\":\"search_term_string\"}}],\"inLanguage\":\"fr-FR\"},{\"@type\":\"Organization\",\"@id\":\"https:\\\/\\\/www.webdo.tn\\\/fr\\\/#organization\",\"name\":\"Webdo\",\"alternateName\":\"Webdo.tn\",\"url\":\"https:\\\/\\\/www.webdo.tn\\\/fr\\\/\",\"logo\":{\"@type\":\"ImageObject\",\"inLanguage\":\"fr-FR\",\"@id\":\"https:\\\/\\\/www.webdo.tn\\\/fr\\\/#\\\/schema\\\/logo\\\/image\\\/\",\"url\":\"https:\\\/\\\/www.webdo.tn\\\/fr\\\/wp-content\\\/uploads\\\/2025\\\/06\\\/Webdo-Tunisie_168377.jpg\",\"contentUrl\":\"https:\\\/\\\/www.webdo.tn\\\/fr\\\/wp-content\\\/uploads\\\/2025\\\/06\\\/Webdo-Tunisie_168377.jpg\",\"width\":301,\"height\":301,\"caption\":\"Webdo\"},\"image\":{\"@id\":\"https:\\\/\\\/www.webdo.tn\\\/fr\\\/#\\\/schema\\\/logo\\\/image\\\/\"},\"sameAs\":[\"https:\\\/\\\/www.facebook.com\\\/webdotn\",\"https:\\\/\\\/x.com\\\/webdo_tn\"],\"description\":\"Webdo est un m\u00e9dia num\u00e9rique tunisien fond\u00e9 en 2010, sp\u00e9cialis\u00e9 dans l\u2019actualit\u00e9 nationale et internationale, l\u2019\u00e9conomie, la soci\u00e9t\u00e9 et les analyses politiques. Le site s\u2019adresse \u00e0 un large public francophone et couvre l\u2019information tunisienne en temps r\u00e9el.\",\"email\":\"redac@webdo.tn\",\"legalName\":\"YNJ SARL\",\"foundingDate\":\"2010-09-06\",\"numberOfEmployees\":{\"@type\":\"QuantitativeValue\",\"minValue\":\"11\",\"maxValue\":\"50\"}},{\"@type\":\"Person\",\"@id\":\"https:\\\/\\\/www.webdo.tn\\\/fr\\\/#\\\/schema\\\/person\\\/2c4929cbf5a809e3bd38617c6ce150f6\",\"name\":\"MC\",\"image\":{\"@type\":\"ImageObject\",\"inLanguage\":\"fr-FR\",\"@id\":\"https:\\\/\\\/secure.gravatar.com\\\/avatar\\\/a545bbb6f84efdd5553dbbc2895e3ca8f1d12c5215e00a041c9670b54aa9b18a?s=96&d=mm&r=g\",\"url\":\"https:\\\/\\\/secure.gravatar.com\\\/avatar\\\/a545bbb6f84efdd5553dbbc2895e3ca8f1d12c5215e00a041c9670b54aa9b18a?s=96&d=mm&r=g\",\"contentUrl\":\"https:\\\/\\\/secure.gravatar.com\\\/avatar\\\/a545bbb6f84efdd5553dbbc2895e3ca8f1d12c5215e00a041c9670b54aa9b18a?s=96&d=mm&r=g\",\"caption\":\"MC\"},\"url\":\"https:\\\/\\\/www.webdo.tn\\\/fr\\\/actualite\\\/author\\\/mc\\\/\"}]}<\/script>\n<!-- \/ Yoast SEO Premium plugin. -->","yoast_head_json":{"title":"Tunisie : Gr\u00e8ve g\u00e9n\u00e9rale des surveillants pr\u00e9vue ce jeudi","description":"Les surveillants et surveillants g\u00e9n\u00e9raux, qu'ils soient contractuels ou titulaires de postes fonctionnels, observeront une gr\u00e8ve sur site ce jeudi 27 f\u00e9vrier 2...","canonical":"https:\/\/www.webdo.tn\/fr\/actualite\/national\/tunisie-greve-generale-des-surveillants-prevue-ce-jeudi\/220106\/","og_locale":"fr_FR","og_type":"article","og_title":"Tunisie : Gr\u00e8ve g\u00e9n\u00e9rale des surveillants pr\u00e9vue ce jeudi","og_description":"Les surveillants et surveillants g\u00e9n\u00e9raux, qu'ils soient contractuels ou titulaires de postes fonctionnels, observeront une gr\u00e8ve sur site ce jeudi 27 f\u00e9vrier 2...","og_url":"https:\/\/www.webdo.tn\/fr\/actualite\/national\/tunisie-greve-generale-des-surveillants-prevue-ce-jeudi\/220106\/","og_site_name":"webdo","article_publisher":"https:\/\/www.facebook.com\/webdotn","article_published_time":"2025-02-25T14:27:00+00:00","article_modified_time":"2025-05-20T21:42:31+00:00","og_image":[{"width":750,"height":400,"url":"https:\/\/www.webdo.tn\/fr\/wp-content\/uploads\/2025\/05\/fe24e1e5dfa4aa3b10b95f53c33106d2-2.webp","type":"image\/webp"}],"author":"MC","twitter_card":"summary_large_image","twitter_creator":"@webdo_tn","twitter_site":"@webdo_tn","twitter_misc":{"\u00c9crit par":"MC","Dur\u00e9e de lecture estim\u00e9e":"1 minute"},"schema":{"@context":"https:\/\/schema.org","@graph":[{"@type":"NewsArticle","@id":"https:\/\/www.webdo.tn\/fr\/actualite\/national\/tunisie-greve-generale-des-surveillants-prevue-ce-jeudi\/220106\/#article","isPartOf":{"@id":"https:\/\/www.webdo.tn\/fr\/actualite\/national\/tunisie-greve-generale-des-surveillants-prevue-ce-jeudi\/220106\/"},"author":{"name":"MC","@id":"https:\/\/www.webdo.tn\/fr\/#\/schema\/person\/2c4929cbf5a809e3bd38617c6ce150f6"},"headline":"Tunisie : Gr\u00e8ve g\u00e9n\u00e9rale des surveillants pr\u00e9vue ce jeudi","datePublished":"2025-02-25T14:27:00+00:00","dateModified":"2025-05-20T21:42:31+00:00","mainEntityOfPage":{"@id":"https:\/\/www.webdo.tn\/fr\/actualite\/national\/tunisie-greve-generale-des-surveillants-prevue-ce-jeudi\/220106\/"},"wordCount":175,"commentCount":0,"publisher":{"@id":"https:\/\/www.webdo.tn\/fr\/#organization"},"image":{"@id":"https:\/\/www.webdo.tn\/fr\/actualite\/national\/tunisie-greve-generale-des-surveillants-prevue-ce-jeudi\/220106\/#primaryimage"},"thumbnailUrl":"https:\/\/www.webdo.tn\/fr\/wp-content\/uploads\/2025\/05\/fe24e1e5dfa4aa3b10b95f53c33106d2-2.webp","keywords":["Coll\u00e8ges","enseignement","Gr\u00e8ve g\u00e9n\u00e9rale","lyc\u00e9es","surveillants","Tunisie"],"articleSection":["National"],"inLanguage":"fr-FR"},{"@type":"WebPage","@id":"https:\/\/www.webdo.tn\/fr\/actualite\/national\/tunisie-greve-generale-des-surveillants-prevue-ce-jeudi\/220106\/","url":"https:\/\/www.webdo.tn\/fr\/actualite\/national\/tunisie-greve-generale-des-surveillants-prevue-ce-jeudi\/220106\/","name":"Tunisie : Gr\u00e8ve g\u00e9n\u00e9rale des surveillants pr\u00e9vue ce jeudi","isPartOf":{"@id":"https:\/\/www.webdo.tn\/fr\/#website"},"primaryImageOfPage":{"@id":"https:\/\/www.webdo.tn\/fr\/actualite\/national\/tunisie-greve-generale-des-surveillants-prevue-ce-jeudi\/220106\/#primaryimage"},"image":{"@id":"https:\/\/www.webdo.tn\/fr\/actualite\/national\/tunisie-greve-generale-des-surveillants-prevue-ce-jeudi\/220106\/#primaryimage"},"thumbnailUrl":"https:\/\/www.webdo.tn\/fr\/wp-content\/uploads\/2025\/05\/fe24e1e5dfa4aa3b10b95f53c33106d2-2.webp","datePublished":"2025-02-25T14:27:00+00:00","dateModified":"2025-05-20T21:42:31+00:00","description":"Les surveillants et surveillants g\u00e9n\u00e9raux, qu'ils soient contractuels ou titulaires de postes fonctionnels, observeront une gr\u00e8ve sur site ce jeudi 27 f\u00e9vrier 2...","breadcrumb":{"@id":"https:\/\/www.webdo.tn\/fr\/actualite\/national\/tunisie-greve-generale-des-surveillants-prevue-ce-jeudi\/220106\/#breadcrumb"},"inLanguage":"fr-FR","potentialAction":[{"@type":"ReadAction","target":["https:\/\/www.webdo.tn\/fr\/actualite\/national\/tunisie-greve-generale-des-surveillants-prevue-ce-jeudi\/220106\/"]}]},{"@type":"ImageObject","inLanguage":"fr-FR","@id":"https:\/\/www.webdo.tn\/fr\/actualite\/national\/tunisie-greve-generale-des-surveillants-prevue-ce-jeudi\/220106\/#primaryimage","url":"https:\/\/www.webdo.tn\/fr\/wp-content\/uploads\/2025\/05\/fe24e1e5dfa4aa3b10b95f53c33106d2-2.webp","contentUrl":"https:\/\/www.webdo.tn\/fr\/wp-content\/uploads\/2025\/05\/fe24e1e5dfa4aa3b10b95f53c33106d2-2.webp","width":750,"height":400},{"@type":"BreadcrumbList","@id":"https:\/\/www.webdo.tn\/fr\/actualite\/national\/tunisie-greve-generale-des-surveillants-prevue-ce-jeudi\/220106\/#breadcrumb","itemListElement":[{"@type":"ListItem","position":1,"name":"Accueil","item":"https:\/\/www.webdo.tn\/fr\/"},{"@type":"ListItem","position":2,"name":"Tunisie : Gr\u00e8ve g\u00e9n\u00e9rale des surveillants pr\u00e9vue ce jeudi"}]},{"@type":"WebSite","@id":"https:\/\/www.webdo.tn\/fr\/#website","url":"https:\/\/www.webdo.tn\/fr\/","name":"webdo","description":"Tunisie - News en Tunisie et \u00e0 l&#039;international sur Webdo.tn","publisher":{"@id":"https:\/\/www.webdo.tn\/fr\/#organization"},"potentialAction":[{"@type":"SearchAction","target":{"@type":"EntryPoint","urlTemplate":"https:\/\/www.webdo.tn\/fr\/?s={search_term_string}"},"query-input":{"@type":"PropertyValueSpecification","valueRequired":true,"valueName":"search_term_string"}}],"inLanguage":"fr-FR"},{"@type":"Organization","@id":"https:\/\/www.webdo.tn\/fr\/#organization","name":"Webdo","alternateName":"Webdo.tn","url":"https:\/\/www.webdo.tn\/fr\/","logo":{"@type":"ImageObject","inLanguage":"fr-FR","@id":"https:\/\/www.webdo.tn\/fr\/#\/schema\/logo\/image\/","url":"https:\/\/www.webdo.tn\/fr\/wp-content\/uploads\/2025\/06\/Webdo-Tunisie_168377.jpg","contentUrl":"https:\/\/www.webdo.tn\/fr\/wp-content\/uploads\/2025\/06\/Webdo-Tunisie_168377.jpg","width":301,"height":301,"caption":"Webdo"},"image":{"@id":"https:\/\/www.webdo.tn\/fr\/#\/schema\/logo\/image\/"},"sameAs":["https:\/\/www.facebook.com\/webdotn","https:\/\/x.com\/webdo_tn"],"description":"Webdo est un m\u00e9dia num\u00e9rique tunisien fond\u00e9 en 2010, sp\u00e9cialis\u00e9 dans l\u2019actualit\u00e9 nationale et internationale, l\u2019\u00e9conomie, la soci\u00e9t\u00e9 et les analyses politiques. Le site s\u2019adresse \u00e0 un large public francophone et couvre l\u2019information tunisienne en temps r\u00e9el.","email":"redac@webdo.tn","legalName":"YNJ SARL","foundingDate":"2010-09-06","numberOfEmployees":{"@type":"QuantitativeValue","minValue":"11","maxValue":"50"}},{"@type":"Person","@id":"https:\/\/www.webdo.tn\/fr\/#\/schema\/person\/2c4929cbf5a809e3bd38617c6ce150f6","name":"MC","image":{"@type":"ImageObject","inLanguage":"fr-FR","@id":"https:\/\/secure.gravatar.com\/avatar\/a545bbb6f84efdd5553dbbc2895e3ca8f1d12c5215e00a041c9670b54aa9b18a?s=96&d=mm&r=g","url":"https:\/\/secure.gravatar.com\/avatar\/a545bbb6f84efdd5553dbbc2895e3ca8f1d12c5215e00a041c9670b54aa9b18a?s=96&d=mm&r=g","contentUrl":"https:\/\/secure.gravatar.com\/avatar\/a545bbb6f84efdd5553dbbc2895e3ca8f1d12c5215e00a041c9670b54aa9b18a?s=96&d=mm&r=g","caption":"MC"},"url":"https:\/\/www.webdo.tn\/fr\/actualite\/author\/mc\/"}]}},"_links":{"self":[{"href":"https:\/\/www.webdo.tn\/fr\/wp-json\/wp\/v2\/posts\/220106","targetHints":{"allow":["GET"]}}],"collection":[{"href":"https:\/\/www.webdo.tn\/fr\/wp-json\/wp\/v2\/posts"}],"about":[{"href":"https:\/\/www.webdo.tn\/fr\/wp-json\/wp\/v2\/types\/post"}],"author":[{"embeddable":true,"href":"https:\/\/www.webdo.tn\/fr\/wp-json\/wp\/v2\/users\/3162"}],"replies":[{"embeddable":true,"href":"https:\/\/www.webdo.tn\/fr\/wp-json\/wp\/v2\/comments?post=220106"}],"version-history":[{"count":0,"href":"https:\/\/www.webdo.tn\/fr\/wp-json\/wp\/v2\/posts\/220106\/revisions"}],"wp:featuredmedia":[{"embeddable":true,"href":"https:\/\/www.webdo.tn\/fr\/wp-json\/wp\/v2\/media\/242008"}],"wp:attachment":[{"href":"https:\/\/www.webdo.tn\/fr\/wp-json\/wp\/v2\/media?parent=220106"}],"wp:term":[{"taxonomy":"category","embeddable":true,"href":"https:\/\/www.webdo.tn\/fr\/wp-json\/wp\/v2\/categories?post=220106"},{"taxonomy":"post_tag","embeddable":true,"href":"https:\/\/www.webdo.tn\/fr\/wp-json\/wp\/v2\/tags?post=220106"}],"curies":[{"name":"wp","href":"https:\/\/api.w.org\/{rel}","templated":true}]}}