{"id":220102,"date":"2025-02-25T12:59:00","date_gmt":"2025-02-25T12:59:00","guid":{"rendered":"https:\/\/www.webdo.tn\/fr\/blog\/2025\/02\/25\/tentative-d-assassinat-d-un-ministre-l-auteur-fuit-en-tunisie-selon-la-justice-libyenne\/"},"modified":"2025-05-20T22:19:42","modified_gmt":"2025-05-20T22:19:42","slug":"tentative-d-assassinat-d-un-ministre-l-auteur-fuit-en-tunisie-selon-la-justice-libyenne","status":"publish","type":"post","link":"https:\/\/www.webdo.tn\/fr\/actualite\/international\/tentative-d-assassinat-d-un-ministre-l-auteur-fuit-en-tunisie-selon-la-justice-libyenne\/220102\/","title":{"rendered":"Tentative d&rsquo;assassinat d\u2019un ministre : L\u2019auteur a fui en Tunisie, selon la justice libyenne"},"content":{"rendered":"<p>Le bureau du procureur g\u00e9n\u00e9ral en Libye a annonc\u00e9 qu&rsquo;il a pu identifier l&rsquo;auteur de la tentative de meurtre contre le ministre du gouvernement d&rsquo;unit\u00e9 libyen, Adel Jomaa.<\/p>\n<p>\t\t\t\t\t\t\t\t\tDans un communiqu\u00e9 sur sa page officielle, il a pr\u00e9cis\u00e9 que l&rsquo;individu avait quitt\u00e9 le pays pour se rendre en Tunisie apr\u00e8s avoir commis son crime.<\/p>\n<p>Le bureau du procureur g\u00e9n\u00e9ral a indiqu\u00e9 qu&rsquo;il avait \u00ab\u00a0pris des mesures pour le poursuivre en dehors de la juridiction nationale par le biais de m\u00e9canismes de coop\u00e9ration internationale et ordonn\u00e9 la recherche des complices dans l&rsquo;incident et leur arrestation\u00a0\u00bb.<\/p>\n<p>Le ministre d&rsquo;\u00c9tat charg\u00e9 du Conseil des ministres du gouvernement d&rsquo;unit\u00e9 nationale libyen \u00e0 Tripoli, Adel Jomaa, avait \u00e9t\u00e9 victime d&rsquo;une tentative d&rsquo;assassinat apr\u00e8s avoir quitt\u00e9 le village \u00ab\u00a0Palm City\u00a0\u00bb \u2013 qui abrite le si\u00e8ge de la mission des Nations unies \u2013 \u00e0 l&rsquo;ouest de la capitale libyenne.<\/p>\n<p>Selon une source proche du ministre, un groupe arm\u00e9 a ouvert le feu sur Adel Jomaa alors qu&rsquo;il circulait sur l&rsquo;autoroute, ce qui a entra\u00een\u00e9 deux balles dans ses jambes, avant que le groupe ne prenne la fuite, rapportent des m\u00e9dias libyens.<\/p>\n","protected":false},"excerpt":{"rendered":"<p>Dans un communiqu\u00e9 sur sa page officielle, il a pr\u00e9cis\u00e9 que l&rsquo;individu avait quitt\u00e9 le pays pour se rendre en Tunisie apr\u00e8s avoir commis son crime. Le bureau du&#8230;<\/p>\n","protected":false},"author":3163,"featured_media":242004,"comment_status":"open","ping_status":"open","sticky":false,"template":"","format":"standard","meta":{"footnotes":""},"categories":[2598],"tags":[3260,2619,3279,3887,2608],"class_list":["post-220102","post","type-post","status-publish","format-standard","has-post-thumbnail","hentry","category-international","tag-assassinat","tag-justice","tag-libye","tag-ministre","tag-tunisie"],"yoast_head":"<!-- This site is optimized with the Yoast SEO Premium plugin v27.5 (Yoast SEO v27.5) - https:\/\/yoast.com\/product\/yoast-seo-premium-wordpress\/ -->\n<title>Tentative d&#039;assassinat d\u2019un ministre : L\u2019auteur a fui en Tunisie, selon la justice libyenne<\/title>\n<meta name=\"description\" content=\"Dans un communiqu\u00e9 sur sa page officielle, il a pr\u00e9cis\u00e9 que l&#039;individu avait quitt\u00e9 le pays pour se rendre en Tunisie apr\u00e8s avoir commis son crime. Le bureau du...\" \/>\n<link rel=\"canonical\" href=\"https:\/\/www.webdo.tn\/fr\/actualite\/international\/tentative-d-assassinat-d-un-ministre-l-auteur-fuit-en-tunisie-selon-la-justice-libyenne\/220102\/\" \/>\n<meta property=\"og:locale\" content=\"fr_FR\" \/>\n<meta property=\"og:type\" content=\"article\" \/>\n<meta property=\"og:title\" content=\"Tentative d&#039;assassinat d\u2019un ministre : L\u2019auteur a fui en Tunisie, selon la justice libyenne\" \/>\n<meta property=\"og:description\" content=\"Dans un communiqu\u00e9 sur sa page officielle, il a pr\u00e9cis\u00e9 que l&#039;individu avait quitt\u00e9 le pays pour se rendre en Tunisie apr\u00e8s avoir commis son crime. Le bureau du...\" \/>\n<meta property=\"og:url\" content=\"https:\/\/www.webdo.tn\/fr\/actualite\/international\/tentative-d-assassinat-d-un-ministre-l-auteur-fuit-en-tunisie-selon-la-justice-libyenne\/220102\/\" \/>\n<meta property=\"og:site_name\" content=\"webdo\" \/>\n<meta property=\"article:publisher\" content=\"https:\/\/www.facebook.com\/webdotn\" \/>\n<meta property=\"article:published_time\" content=\"2025-02-25T12:59:00+00:00\" \/>\n<meta property=\"article:modified_time\" content=\"2025-05-20T22:19:42+00:00\" \/>\n<meta property=\"og:image\" content=\"https:\/\/www.webdo.tn\/fr\/wp-content\/uploads\/2025\/05\/608ec3cddbcd9096f5fcc6bb3d963d57-2.webp\" \/>\n\t<meta property=\"og:image:width\" content=\"750\" \/>\n\t<meta property=\"og:image:height\" content=\"400\" \/>\n\t<meta property=\"og:image:type\" content=\"image\/webp\" \/>\n<meta name=\"author\" content=\"KJ\" \/>\n<meta name=\"twitter:card\" content=\"summary_large_image\" \/>\n<meta name=\"twitter:creator\" content=\"@webdo_tn\" \/>\n<meta name=\"twitter:site\" content=\"@webdo_tn\" \/>\n<meta name=\"twitter:label1\" content=\"\u00c9crit par\" \/>\n\t<meta name=\"twitter:data1\" content=\"KJ\" \/>\n\t<meta name=\"twitter:label2\" content=\"Dur\u00e9e de lecture estim\u00e9e\" \/>\n\t<meta name=\"twitter:data2\" content=\"1 minute\" \/>\n<script type=\"application\/ld+json\" class=\"yoast-schema-graph\">{\"@context\":\"https:\\\/\\\/schema.org\",\"@graph\":[{\"@type\":\"NewsArticle\",\"@id\":\"https:\\\/\\\/www.webdo.tn\\\/fr\\\/actualite\\\/international\\\/tentative-d-assassinat-d-un-ministre-l-auteur-fuit-en-tunisie-selon-la-justice-libyenne\\\/220102\\\/#article\",\"isPartOf\":{\"@id\":\"https:\\\/\\\/www.webdo.tn\\\/fr\\\/actualite\\\/international\\\/tentative-d-assassinat-d-un-ministre-l-auteur-fuit-en-tunisie-selon-la-justice-libyenne\\\/220102\\\/\"},\"author\":{\"name\":\"KJ\",\"@id\":\"https:\\\/\\\/www.webdo.tn\\\/fr\\\/#\\\/schema\\\/person\\\/82ca085b22037d285e1a3c4b65ba5f71\"},\"headline\":\"Tentative d&rsquo;assassinat d\u2019un ministre : L\u2019auteur a fui en Tunisie, selon la justice libyenne\",\"datePublished\":\"2025-02-25T12:59:00+00:00\",\"dateModified\":\"2025-05-20T22:19:42+00:00\",\"mainEntityOfPage\":{\"@id\":\"https:\\\/\\\/www.webdo.tn\\\/fr\\\/actualite\\\/international\\\/tentative-d-assassinat-d-un-ministre-l-auteur-fuit-en-tunisie-selon-la-justice-libyenne\\\/220102\\\/\"},\"wordCount\":221,\"commentCount\":0,\"publisher\":{\"@id\":\"https:\\\/\\\/www.webdo.tn\\\/fr\\\/#organization\"},\"image\":{\"@id\":\"https:\\\/\\\/www.webdo.tn\\\/fr\\\/actualite\\\/international\\\/tentative-d-assassinat-d-un-ministre-l-auteur-fuit-en-tunisie-selon-la-justice-libyenne\\\/220102\\\/#primaryimage\"},\"thumbnailUrl\":\"https:\\\/\\\/www.webdo.tn\\\/fr\\\/wp-content\\\/uploads\\\/2025\\\/05\\\/608ec3cddbcd9096f5fcc6bb3d963d57-2.webp\",\"keywords\":[\"assassinat\",\"justice\",\"Libye\",\"ministre\",\"Tunisie\"],\"articleSection\":[\"International\"],\"inLanguage\":\"fr-FR\"},{\"@type\":\"WebPage\",\"@id\":\"https:\\\/\\\/www.webdo.tn\\\/fr\\\/actualite\\\/international\\\/tentative-d-assassinat-d-un-ministre-l-auteur-fuit-en-tunisie-selon-la-justice-libyenne\\\/220102\\\/\",\"url\":\"https:\\\/\\\/www.webdo.tn\\\/fr\\\/actualite\\\/international\\\/tentative-d-assassinat-d-un-ministre-l-auteur-fuit-en-tunisie-selon-la-justice-libyenne\\\/220102\\\/\",\"name\":\"Tentative d'assassinat d\u2019un ministre : L\u2019auteur a fui en Tunisie, selon la justice libyenne\",\"isPartOf\":{\"@id\":\"https:\\\/\\\/www.webdo.tn\\\/fr\\\/#website\"},\"primaryImageOfPage\":{\"@id\":\"https:\\\/\\\/www.webdo.tn\\\/fr\\\/actualite\\\/international\\\/tentative-d-assassinat-d-un-ministre-l-auteur-fuit-en-tunisie-selon-la-justice-libyenne\\\/220102\\\/#primaryimage\"},\"image\":{\"@id\":\"https:\\\/\\\/www.webdo.tn\\\/fr\\\/actualite\\\/international\\\/tentative-d-assassinat-d-un-ministre-l-auteur-fuit-en-tunisie-selon-la-justice-libyenne\\\/220102\\\/#primaryimage\"},\"thumbnailUrl\":\"https:\\\/\\\/www.webdo.tn\\\/fr\\\/wp-content\\\/uploads\\\/2025\\\/05\\\/608ec3cddbcd9096f5fcc6bb3d963d57-2.webp\",\"datePublished\":\"2025-02-25T12:59:00+00:00\",\"dateModified\":\"2025-05-20T22:19:42+00:00\",\"description\":\"Dans un communiqu\u00e9 sur sa page officielle, il a pr\u00e9cis\u00e9 que l'individu avait quitt\u00e9 le pays pour se rendre en Tunisie apr\u00e8s avoir commis son crime. Le bureau du...\",\"breadcrumb\":{\"@id\":\"https:\\\/\\\/www.webdo.tn\\\/fr\\\/actualite\\\/international\\\/tentative-d-assassinat-d-un-ministre-l-auteur-fuit-en-tunisie-selon-la-justice-libyenne\\\/220102\\\/#breadcrumb\"},\"inLanguage\":\"fr-FR\",\"potentialAction\":[{\"@type\":\"ReadAction\",\"target\":[\"https:\\\/\\\/www.webdo.tn\\\/fr\\\/actualite\\\/international\\\/tentative-d-assassinat-d-un-ministre-l-auteur-fuit-en-tunisie-selon-la-justice-libyenne\\\/220102\\\/\"]}]},{\"@type\":\"ImageObject\",\"inLanguage\":\"fr-FR\",\"@id\":\"https:\\\/\\\/www.webdo.tn\\\/fr\\\/actualite\\\/international\\\/tentative-d-assassinat-d-un-ministre-l-auteur-fuit-en-tunisie-selon-la-justice-libyenne\\\/220102\\\/#primaryimage\",\"url\":\"https:\\\/\\\/www.webdo.tn\\\/fr\\\/wp-content\\\/uploads\\\/2025\\\/05\\\/608ec3cddbcd9096f5fcc6bb3d963d57-2.webp\",\"contentUrl\":\"https:\\\/\\\/www.webdo.tn\\\/fr\\\/wp-content\\\/uploads\\\/2025\\\/05\\\/608ec3cddbcd9096f5fcc6bb3d963d57-2.webp\",\"width\":750,\"height\":400},{\"@type\":\"BreadcrumbList\",\"@id\":\"https:\\\/\\\/www.webdo.tn\\\/fr\\\/actualite\\\/international\\\/tentative-d-assassinat-d-un-ministre-l-auteur-fuit-en-tunisie-selon-la-justice-libyenne\\\/220102\\\/#breadcrumb\",\"itemListElement\":[{\"@type\":\"ListItem\",\"position\":1,\"name\":\"Accueil\",\"item\":\"https:\\\/\\\/www.webdo.tn\\\/fr\\\/\"},{\"@type\":\"ListItem\",\"position\":2,\"name\":\"Tentative d&rsquo;assassinat d\u2019un ministre : L\u2019auteur a fui en Tunisie, selon la justice libyenne\"}]},{\"@type\":\"WebSite\",\"@id\":\"https:\\\/\\\/www.webdo.tn\\\/fr\\\/#website\",\"url\":\"https:\\\/\\\/www.webdo.tn\\\/fr\\\/\",\"name\":\"webdo\",\"description\":\"Tunisie - News en Tunisie et \u00e0 l&#039;international sur Webdo.tn\",\"publisher\":{\"@id\":\"https:\\\/\\\/www.webdo.tn\\\/fr\\\/#organization\"},\"potentialAction\":[{\"@type\":\"SearchAction\",\"target\":{\"@type\":\"EntryPoint\",\"urlTemplate\":\"https:\\\/\\\/www.webdo.tn\\\/fr\\\/?s={search_term_string}\"},\"query-input\":{\"@type\":\"PropertyValueSpecification\",\"valueRequired\":true,\"valueName\":\"search_term_string\"}}],\"inLanguage\":\"fr-FR\"},{\"@type\":\"Organization\",\"@id\":\"https:\\\/\\\/www.webdo.tn\\\/fr\\\/#organization\",\"name\":\"Webdo\",\"alternateName\":\"Webdo.tn\",\"url\":\"https:\\\/\\\/www.webdo.tn\\\/fr\\\/\",\"logo\":{\"@type\":\"ImageObject\",\"inLanguage\":\"fr-FR\",\"@id\":\"https:\\\/\\\/www.webdo.tn\\\/fr\\\/#\\\/schema\\\/logo\\\/image\\\/\",\"url\":\"https:\\\/\\\/www.webdo.tn\\\/fr\\\/wp-content\\\/uploads\\\/2025\\\/06\\\/Webdo-Tunisie_168377.jpg\",\"contentUrl\":\"https:\\\/\\\/www.webdo.tn\\\/fr\\\/wp-content\\\/uploads\\\/2025\\\/06\\\/Webdo-Tunisie_168377.jpg\",\"width\":301,\"height\":301,\"caption\":\"Webdo\"},\"image\":{\"@id\":\"https:\\\/\\\/www.webdo.tn\\\/fr\\\/#\\\/schema\\\/logo\\\/image\\\/\"},\"sameAs\":[\"https:\\\/\\\/www.facebook.com\\\/webdotn\",\"https:\\\/\\\/x.com\\\/webdo_tn\"],\"description\":\"Webdo est un m\u00e9dia num\u00e9rique tunisien fond\u00e9 en 2010, sp\u00e9cialis\u00e9 dans l\u2019actualit\u00e9 nationale et internationale, l\u2019\u00e9conomie, la soci\u00e9t\u00e9 et les analyses politiques. Le site s\u2019adresse \u00e0 un large public francophone et couvre l\u2019information tunisienne en temps r\u00e9el.\",\"email\":\"redac@webdo.tn\",\"legalName\":\"YNJ SARL\",\"foundingDate\":\"2010-09-06\",\"numberOfEmployees\":{\"@type\":\"QuantitativeValue\",\"minValue\":\"11\",\"maxValue\":\"50\"}},{\"@type\":\"Person\",\"@id\":\"https:\\\/\\\/www.webdo.tn\\\/fr\\\/#\\\/schema\\\/person\\\/82ca085b22037d285e1a3c4b65ba5f71\",\"name\":\"KJ\",\"image\":{\"@type\":\"ImageObject\",\"inLanguage\":\"fr-FR\",\"@id\":\"https:\\\/\\\/secure.gravatar.com\\\/avatar\\\/1a1320de1c1971c893f00068f760b4113d69504aa21273da17ee95650c5944fd?s=96&d=mm&r=g\",\"url\":\"https:\\\/\\\/secure.gravatar.com\\\/avatar\\\/1a1320de1c1971c893f00068f760b4113d69504aa21273da17ee95650c5944fd?s=96&d=mm&r=g\",\"contentUrl\":\"https:\\\/\\\/secure.gravatar.com\\\/avatar\\\/1a1320de1c1971c893f00068f760b4113d69504aa21273da17ee95650c5944fd?s=96&d=mm&r=g\",\"caption\":\"KJ\"},\"url\":\"https:\\\/\\\/www.webdo.tn\\\/fr\\\/actualite\\\/author\\\/kj\\\/\"}]}<\/script>\n<!-- \/ Yoast SEO Premium plugin. -->","yoast_head_json":{"title":"Tentative d'assassinat d\u2019un ministre : L\u2019auteur a fui en Tunisie, selon la justice libyenne","description":"Dans un communiqu\u00e9 sur sa page officielle, il a pr\u00e9cis\u00e9 que l'individu avait quitt\u00e9 le pays pour se rendre en Tunisie apr\u00e8s avoir commis son crime. Le bureau du...","canonical":"https:\/\/www.webdo.tn\/fr\/actualite\/international\/tentative-d-assassinat-d-un-ministre-l-auteur-fuit-en-tunisie-selon-la-justice-libyenne\/220102\/","og_locale":"fr_FR","og_type":"article","og_title":"Tentative d'assassinat d\u2019un ministre : L\u2019auteur a fui en Tunisie, selon la justice libyenne","og_description":"Dans un communiqu\u00e9 sur sa page officielle, il a pr\u00e9cis\u00e9 que l'individu avait quitt\u00e9 le pays pour se rendre en Tunisie apr\u00e8s avoir commis son crime. Le bureau du...","og_url":"https:\/\/www.webdo.tn\/fr\/actualite\/international\/tentative-d-assassinat-d-un-ministre-l-auteur-fuit-en-tunisie-selon-la-justice-libyenne\/220102\/","og_site_name":"webdo","article_publisher":"https:\/\/www.facebook.com\/webdotn","article_published_time":"2025-02-25T12:59:00+00:00","article_modified_time":"2025-05-20T22:19:42+00:00","og_image":[{"width":750,"height":400,"url":"https:\/\/www.webdo.tn\/fr\/wp-content\/uploads\/2025\/05\/608ec3cddbcd9096f5fcc6bb3d963d57-2.webp","type":"image\/webp"}],"author":"KJ","twitter_card":"summary_large_image","twitter_creator":"@webdo_tn","twitter_site":"@webdo_tn","twitter_misc":{"\u00c9crit par":"KJ","Dur\u00e9e de lecture estim\u00e9e":"1 minute"},"schema":{"@context":"https:\/\/schema.org","@graph":[{"@type":"NewsArticle","@id":"https:\/\/www.webdo.tn\/fr\/actualite\/international\/tentative-d-assassinat-d-un-ministre-l-auteur-fuit-en-tunisie-selon-la-justice-libyenne\/220102\/#article","isPartOf":{"@id":"https:\/\/www.webdo.tn\/fr\/actualite\/international\/tentative-d-assassinat-d-un-ministre-l-auteur-fuit-en-tunisie-selon-la-justice-libyenne\/220102\/"},"author":{"name":"KJ","@id":"https:\/\/www.webdo.tn\/fr\/#\/schema\/person\/82ca085b22037d285e1a3c4b65ba5f71"},"headline":"Tentative d&rsquo;assassinat d\u2019un ministre : L\u2019auteur a fui en Tunisie, selon la justice libyenne","datePublished":"2025-02-25T12:59:00+00:00","dateModified":"2025-05-20T22:19:42+00:00","mainEntityOfPage":{"@id":"https:\/\/www.webdo.tn\/fr\/actualite\/international\/tentative-d-assassinat-d-un-ministre-l-auteur-fuit-en-tunisie-selon-la-justice-libyenne\/220102\/"},"wordCount":221,"commentCount":0,"publisher":{"@id":"https:\/\/www.webdo.tn\/fr\/#organization"},"image":{"@id":"https:\/\/www.webdo.tn\/fr\/actualite\/international\/tentative-d-assassinat-d-un-ministre-l-auteur-fuit-en-tunisie-selon-la-justice-libyenne\/220102\/#primaryimage"},"thumbnailUrl":"https:\/\/www.webdo.tn\/fr\/wp-content\/uploads\/2025\/05\/608ec3cddbcd9096f5fcc6bb3d963d57-2.webp","keywords":["assassinat","justice","Libye","ministre","Tunisie"],"articleSection":["International"],"inLanguage":"fr-FR"},{"@type":"WebPage","@id":"https:\/\/www.webdo.tn\/fr\/actualite\/international\/tentative-d-assassinat-d-un-ministre-l-auteur-fuit-en-tunisie-selon-la-justice-libyenne\/220102\/","url":"https:\/\/www.webdo.tn\/fr\/actualite\/international\/tentative-d-assassinat-d-un-ministre-l-auteur-fuit-en-tunisie-selon-la-justice-libyenne\/220102\/","name":"Tentative d'assassinat d\u2019un ministre : L\u2019auteur a fui en Tunisie, selon la justice libyenne","isPartOf":{"@id":"https:\/\/www.webdo.tn\/fr\/#website"},"primaryImageOfPage":{"@id":"https:\/\/www.webdo.tn\/fr\/actualite\/international\/tentative-d-assassinat-d-un-ministre-l-auteur-fuit-en-tunisie-selon-la-justice-libyenne\/220102\/#primaryimage"},"image":{"@id":"https:\/\/www.webdo.tn\/fr\/actualite\/international\/tentative-d-assassinat-d-un-ministre-l-auteur-fuit-en-tunisie-selon-la-justice-libyenne\/220102\/#primaryimage"},"thumbnailUrl":"https:\/\/www.webdo.tn\/fr\/wp-content\/uploads\/2025\/05\/608ec3cddbcd9096f5fcc6bb3d963d57-2.webp","datePublished":"2025-02-25T12:59:00+00:00","dateModified":"2025-05-20T22:19:42+00:00","description":"Dans un communiqu\u00e9 sur sa page officielle, il a pr\u00e9cis\u00e9 que l'individu avait quitt\u00e9 le pays pour se rendre en Tunisie apr\u00e8s avoir commis son crime. Le bureau du...","breadcrumb":{"@id":"https:\/\/www.webdo.tn\/fr\/actualite\/international\/tentative-d-assassinat-d-un-ministre-l-auteur-fuit-en-tunisie-selon-la-justice-libyenne\/220102\/#breadcrumb"},"inLanguage":"fr-FR","potentialAction":[{"@type":"ReadAction","target":["https:\/\/www.webdo.tn\/fr\/actualite\/international\/tentative-d-assassinat-d-un-ministre-l-auteur-fuit-en-tunisie-selon-la-justice-libyenne\/220102\/"]}]},{"@type":"ImageObject","inLanguage":"fr-FR","@id":"https:\/\/www.webdo.tn\/fr\/actualite\/international\/tentative-d-assassinat-d-un-ministre-l-auteur-fuit-en-tunisie-selon-la-justice-libyenne\/220102\/#primaryimage","url":"https:\/\/www.webdo.tn\/fr\/wp-content\/uploads\/2025\/05\/608ec3cddbcd9096f5fcc6bb3d963d57-2.webp","contentUrl":"https:\/\/www.webdo.tn\/fr\/wp-content\/uploads\/2025\/05\/608ec3cddbcd9096f5fcc6bb3d963d57-2.webp","width":750,"height":400},{"@type":"BreadcrumbList","@id":"https:\/\/www.webdo.tn\/fr\/actualite\/international\/tentative-d-assassinat-d-un-ministre-l-auteur-fuit-en-tunisie-selon-la-justice-libyenne\/220102\/#breadcrumb","itemListElement":[{"@type":"ListItem","position":1,"name":"Accueil","item":"https:\/\/www.webdo.tn\/fr\/"},{"@type":"ListItem","position":2,"name":"Tentative d&rsquo;assassinat d\u2019un ministre : L\u2019auteur a fui en Tunisie, selon la justice libyenne"}]},{"@type":"WebSite","@id":"https:\/\/www.webdo.tn\/fr\/#website","url":"https:\/\/www.webdo.tn\/fr\/","name":"webdo","description":"Tunisie - News en Tunisie et \u00e0 l&#039;international sur Webdo.tn","publisher":{"@id":"https:\/\/www.webdo.tn\/fr\/#organization"},"potentialAction":[{"@type":"SearchAction","target":{"@type":"EntryPoint","urlTemplate":"https:\/\/www.webdo.tn\/fr\/?s={search_term_string}"},"query-input":{"@type":"PropertyValueSpecification","valueRequired":true,"valueName":"search_term_string"}}],"inLanguage":"fr-FR"},{"@type":"Organization","@id":"https:\/\/www.webdo.tn\/fr\/#organization","name":"Webdo","alternateName":"Webdo.tn","url":"https:\/\/www.webdo.tn\/fr\/","logo":{"@type":"ImageObject","inLanguage":"fr-FR","@id":"https:\/\/www.webdo.tn\/fr\/#\/schema\/logo\/image\/","url":"https:\/\/www.webdo.tn\/fr\/wp-content\/uploads\/2025\/06\/Webdo-Tunisie_168377.jpg","contentUrl":"https:\/\/www.webdo.tn\/fr\/wp-content\/uploads\/2025\/06\/Webdo-Tunisie_168377.jpg","width":301,"height":301,"caption":"Webdo"},"image":{"@id":"https:\/\/www.webdo.tn\/fr\/#\/schema\/logo\/image\/"},"sameAs":["https:\/\/www.facebook.com\/webdotn","https:\/\/x.com\/webdo_tn"],"description":"Webdo est un m\u00e9dia num\u00e9rique tunisien fond\u00e9 en 2010, sp\u00e9cialis\u00e9 dans l\u2019actualit\u00e9 nationale et internationale, l\u2019\u00e9conomie, la soci\u00e9t\u00e9 et les analyses politiques. Le site s\u2019adresse \u00e0 un large public francophone et couvre l\u2019information tunisienne en temps r\u00e9el.","email":"redac@webdo.tn","legalName":"YNJ SARL","foundingDate":"2010-09-06","numberOfEmployees":{"@type":"QuantitativeValue","minValue":"11","maxValue":"50"}},{"@type":"Person","@id":"https:\/\/www.webdo.tn\/fr\/#\/schema\/person\/82ca085b22037d285e1a3c4b65ba5f71","name":"KJ","image":{"@type":"ImageObject","inLanguage":"fr-FR","@id":"https:\/\/secure.gravatar.com\/avatar\/1a1320de1c1971c893f00068f760b4113d69504aa21273da17ee95650c5944fd?s=96&d=mm&r=g","url":"https:\/\/secure.gravatar.com\/avatar\/1a1320de1c1971c893f00068f760b4113d69504aa21273da17ee95650c5944fd?s=96&d=mm&r=g","contentUrl":"https:\/\/secure.gravatar.com\/avatar\/1a1320de1c1971c893f00068f760b4113d69504aa21273da17ee95650c5944fd?s=96&d=mm&r=g","caption":"KJ"},"url":"https:\/\/www.webdo.tn\/fr\/actualite\/author\/kj\/"}]}},"_links":{"self":[{"href":"https:\/\/www.webdo.tn\/fr\/wp-json\/wp\/v2\/posts\/220102","targetHints":{"allow":["GET"]}}],"collection":[{"href":"https:\/\/www.webdo.tn\/fr\/wp-json\/wp\/v2\/posts"}],"about":[{"href":"https:\/\/www.webdo.tn\/fr\/wp-json\/wp\/v2\/types\/post"}],"author":[{"embeddable":true,"href":"https:\/\/www.webdo.tn\/fr\/wp-json\/wp\/v2\/users\/3163"}],"replies":[{"embeddable":true,"href":"https:\/\/www.webdo.tn\/fr\/wp-json\/wp\/v2\/comments?post=220102"}],"version-history":[{"count":0,"href":"https:\/\/www.webdo.tn\/fr\/wp-json\/wp\/v2\/posts\/220102\/revisions"}],"wp:featuredmedia":[{"embeddable":true,"href":"https:\/\/www.webdo.tn\/fr\/wp-json\/wp\/v2\/media\/242004"}],"wp:attachment":[{"href":"https:\/\/www.webdo.tn\/fr\/wp-json\/wp\/v2\/media?parent=220102"}],"wp:term":[{"taxonomy":"category","embeddable":true,"href":"https:\/\/www.webdo.tn\/fr\/wp-json\/wp\/v2\/categories?post=220102"},{"taxonomy":"post_tag","embeddable":true,"href":"https:\/\/www.webdo.tn\/fr\/wp-json\/wp\/v2\/tags?post=220102"}],"curies":[{"name":"wp","href":"https:\/\/api.w.org\/{rel}","templated":true}]}}