{"id":220090,"date":"2025-02-25T08:09:00","date_gmt":"2025-02-25T08:09:00","guid":{"rendered":"https:\/\/www.webdo.tn\/fr\/blog\/tunisie-autoroute-tunis-jelma-l-etat-met-la-pression-pour-accelerer-les-travaux\/220090\/"},"modified":"2025-05-20T22:22:47","modified_gmt":"2025-05-20T22:22:47","slug":"tunisie-autoroute-tunis-jelma-l-etat-met-la-pression-pour-accelerer-les-travaux","status":"publish","type":"post","link":"https:\/\/www.webdo.tn\/fr\/actualite\/national\/tunisie-autoroute-tunis-jelma-l-etat-met-la-pression-pour-accelerer-les-travaux\/220090\/","title":{"rendered":"Tunisie &#8211; Autoroute Tunis-Jelma : L\u2019\u00c9tat met la pression pour acc\u00e9l\u00e9rer les travaux"},"content":{"rendered":"<p>L\u2019acc\u00e9l\u00e9ration des grands projets d\u2019infrastructure reste une priorit\u00e9 pour les autorit\u00e9s tunisiennes. Parmi eux, l\u2019autoroute Tunis-Jelma, chantier strat\u00e9gique visant \u00e0 d\u00e9senclaver le centre-ouest du pays et \u00e0 dynamiser son d\u00e9veloppement \u00e9conomique.\u00a0<\/p>\n<p>\t\t\t\t\t\t\t\t\tAlors que les travaux avancent sur huit tron\u00e7ons distincts, la ministre de l\u2019\u00c9quipement et de l\u2019Habitat, Sarah Za\u00e2frani Zenzeri, a pr\u00e9sid\u00e9 une r\u00e9union de suivi ce lundi 24 f\u00e9vrier 2025 pour \u00e9valuer l\u2019\u00e9tat d\u2019avancement du projet et fixer les imp\u00e9ratifs \u00e0 respecter. Entre respect des d\u00e9lais, exigences techniques et mobilisation des ressources, l\u2019enjeu est de taille pour mener \u00e0 bien ce corridor vital pour la connectivit\u00e9 nationale.<\/p>\n<p>En effet, le suivi de l\u2019avancement du projet de l\u2019autoroute Tunis-Jelma a \u00e9t\u00e9 au centre d\u2019une r\u00e9union de travail tenue dans la soir\u00e9e du lundi 24 f\u00e9vrier 2025, sous la pr\u00e9sidence de la ministre de l\u2019\u00c9quipement et de l\u2019Habitat, Sarah Za\u00e2frani Zenzeri.<\/p>\n<p>Au cours de cette r\u00e9union, l\u2019\u00e9tat d\u2019avancement des huit tron\u00e7ons du projet a \u00e9t\u00e9 examin\u00e9 :<\/p>\n<p>\u2022\u00a0\u00a0 \u00a0Premier tron\u00e7on : Tunis \u2013 Zaghouan (26 km)<br \/>\n\u2022\u00a0\u00a0 \u00a0Deuxi\u00e8me tron\u00e7on : Zaghouan \u2013 Fahs (7 km d\u2019autoroute + 16 km de doublement de route)<br \/>\n\u2022\u00a0\u00a0 \u00a0Troisi\u00e8me tron\u00e7on : Fahs \u2013 Nadhour (27 km)<br \/>\n\u2022\u00a0\u00a0 \u00a0Quatri\u00e8me tron\u00e7on : Nadhour \u2013 Sbikha (27 km)<br \/>\n\u2022\u00a0\u00a0 \u00a0Cinqui\u00e8me tron\u00e7on : Sbikha \u2013 Kairouan (29 km)<br \/>\n\u2022\u00a0\u00a0 \u00a0Sixi\u00e8me tron\u00e7on : Kairouan \u2013 Hafouz (29,56 km)<br \/>\n\u2022\u00a0\u00a0 \u00a0Septi\u00e8me tron\u00e7on : Hafouz \u2013 Oued Zeroud (21,44 km)<br \/>\n\u2022\u00a0\u00a0 \u00a0Huiti\u00e8me tron\u00e7on : Oued Zeroud \u2013 Jelma (18,59 km)<\/p>\n<p>Lors de la r\u00e9union, la ministre de l\u2019\u00c9quipement a insist\u00e9 sur la n\u00e9cessit\u00e9 d\u2019une interaction positive entre toutes les entreprises et bureaux d\u2019\u00e9tudes en charge de la r\u00e9alisation et du suivi du projet.<\/p>\n<p>La ministre\u00a0a appel\u00e9 \u00e0 redoubler d\u2019efforts sur l\u2019ensemble des tron\u00e7ons, tout en respectant les normes techniques requises et en mobilisant tous les moyens humains et mat\u00e9riels n\u00e9cessaires afin de finaliser les travaux dans les d\u00e9lais impartis, conform\u00e9ment aux calendriers \u00e9tablis que les entreprises se sont engag\u00e9es \u00e0 respecter.<\/p>\n<p>Elle a \u00e9galement recommand\u00e9 aux responsables et cadres du minist\u00e8re d\u2019assurer un suivi quotidien et sur le terrain de l\u2019avancement des travaux, afin d\u2019acc\u00e9l\u00e9rer leur ex\u00e9cution et d\u2019en garantir la qualit\u00e9. Elle a insist\u00e9 sur la n\u00e9cessit\u00e9 de prendre imm\u00e9diatement toutes les mesures requises en cas de non-respect des clauses contractuelles.<\/p>\n","protected":false},"excerpt":{"rendered":"<p>Alors que les travaux avancent sur huit tron\u00e7ons distincts, la ministre de l\u2019\u00c9quipement et de l\u2019Habitat, Sarah Za\u00e2frani Zenzeri, a pr\u00e9sid\u00e9 une r\u00e9union de suivi&#8230;<\/p>\n","protected":false},"author":3163,"featured_media":291947,"comment_status":"open","ping_status":"closed","sticky":false,"template":"","format":"standard","meta":{"footnotes":""},"categories":[44],"tags":[4163,4437,2640,2608],"class_list":["post-220090","post","type-post","status-publish","format-standard","has-post-thumbnail","hentry","category-national","tag-autoroute","tag-jelma","tag-tunis","tag-tunisie"],"yoast_head":"<!-- This site is optimized with the Yoast SEO Premium plugin v27.5 (Yoast SEO v27.5) - https:\/\/yoast.com\/product\/yoast-seo-premium-wordpress\/ -->\n<title>Tunisie - Autoroute Tunis-Jelma : L\u2019\u00c9tat met la pression pour acc\u00e9l\u00e9rer les travaux<\/title>\n<meta name=\"description\" content=\"Alors que les travaux avancent sur huit tron\u00e7ons distincts, la ministre de l\u2019\u00c9quipement et de l\u2019Habitat, Sarah Za\u00e2frani Zenzeri, a pr\u00e9sid\u00e9 une r\u00e9union de suivi...\" \/>\n<link rel=\"canonical\" href=\"https:\/\/www.webdo.tn\/fr\/actualite\/national\/tunisie-autoroute-tunis-jelma-l-etat-met-la-pression-pour-accelerer-les-travaux\/220090\/\" \/>\n<meta property=\"og:locale\" content=\"fr_FR\" \/>\n<meta property=\"og:type\" content=\"article\" \/>\n<meta property=\"og:title\" content=\"Tunisie - Autoroute Tunis-Jelma : L\u2019\u00c9tat met la pression pour acc\u00e9l\u00e9rer les travaux\" \/>\n<meta property=\"og:description\" content=\"Alors que les travaux avancent sur huit tron\u00e7ons distincts, la ministre de l\u2019\u00c9quipement et de l\u2019Habitat, Sarah Za\u00e2frani Zenzeri, a pr\u00e9sid\u00e9 une r\u00e9union de suivi...\" \/>\n<meta property=\"og:url\" content=\"https:\/\/www.webdo.tn\/fr\/actualite\/national\/tunisie-autoroute-tunis-jelma-l-etat-met-la-pression-pour-accelerer-les-travaux\/220090\/\" \/>\n<meta property=\"og:site_name\" content=\"webdo\" \/>\n<meta property=\"article:publisher\" content=\"https:\/\/www.facebook.com\/webdotn\" \/>\n<meta property=\"article:published_time\" content=\"2025-02-25T08:09:00+00:00\" \/>\n<meta property=\"article:modified_time\" content=\"2025-05-20T22:22:47+00:00\" \/>\n<meta property=\"og:image\" content=\"https:\/\/www.webdo.tn\/fr\/wp-content\/uploads\/2025\/02\/7c34fe0443b298bc1788f5666539c1f6.webp\" \/>\n\t<meta property=\"og:image:width\" content=\"750\" \/>\n\t<meta property=\"og:image:height\" content=\"400\" \/>\n\t<meta property=\"og:image:type\" content=\"image\/webp\" \/>\n<meta name=\"author\" content=\"KJ\" \/>\n<meta name=\"twitter:card\" content=\"summary_large_image\" \/>\n<meta name=\"twitter:creator\" content=\"@webdo_tn\" \/>\n<meta name=\"twitter:site\" content=\"@webdo_tn\" \/>\n<meta name=\"twitter:label1\" content=\"\u00c9crit par\" \/>\n\t<meta name=\"twitter:data1\" content=\"KJ\" \/>\n\t<meta name=\"twitter:label2\" content=\"Dur\u00e9e de lecture estim\u00e9e\" \/>\n\t<meta name=\"twitter:data2\" content=\"2 minutes\" \/>\n<script type=\"application\/ld+json\" class=\"yoast-schema-graph\">{\"@context\":\"https:\\\/\\\/schema.org\",\"@graph\":[{\"@type\":\"NewsArticle\",\"@id\":\"https:\\\/\\\/www.webdo.tn\\\/fr\\\/actualite\\\/national\\\/tunisie-autoroute-tunis-jelma-l-etat-met-la-pression-pour-accelerer-les-travaux\\\/220090\\\/#article\",\"isPartOf\":{\"@id\":\"https:\\\/\\\/www.webdo.tn\\\/fr\\\/actualite\\\/national\\\/tunisie-autoroute-tunis-jelma-l-etat-met-la-pression-pour-accelerer-les-travaux\\\/220090\\\/\"},\"author\":{\"name\":\"KJ\",\"@id\":\"https:\\\/\\\/www.webdo.tn\\\/fr\\\/#\\\/schema\\\/person\\\/82ca085b22037d285e1a3c4b65ba5f71\"},\"headline\":\"Tunisie &#8211; Autoroute Tunis-Jelma : L\u2019\u00c9tat met la pression pour acc\u00e9l\u00e9rer les travaux\",\"datePublished\":\"2025-02-25T08:09:00+00:00\",\"dateModified\":\"2025-05-20T22:22:47+00:00\",\"mainEntityOfPage\":{\"@id\":\"https:\\\/\\\/www.webdo.tn\\\/fr\\\/actualite\\\/national\\\/tunisie-autoroute-tunis-jelma-l-etat-met-la-pression-pour-accelerer-les-travaux\\\/220090\\\/\"},\"wordCount\":416,\"commentCount\":0,\"publisher\":{\"@id\":\"https:\\\/\\\/www.webdo.tn\\\/fr\\\/#organization\"},\"image\":{\"@id\":\"https:\\\/\\\/www.webdo.tn\\\/fr\\\/actualite\\\/national\\\/tunisie-autoroute-tunis-jelma-l-etat-met-la-pression-pour-accelerer-les-travaux\\\/220090\\\/#primaryimage\"},\"thumbnailUrl\":\"https:\\\/\\\/www.webdo.tn\\\/fr\\\/wp-content\\\/uploads\\\/2025\\\/02\\\/7c34fe0443b298bc1788f5666539c1f6.webp\",\"keywords\":[\"Autoroute\",\"jelma\",\"Tunis\",\"Tunisie\"],\"articleSection\":[\"National\"],\"inLanguage\":\"fr-FR\"},{\"@type\":\"WebPage\",\"@id\":\"https:\\\/\\\/www.webdo.tn\\\/fr\\\/actualite\\\/national\\\/tunisie-autoroute-tunis-jelma-l-etat-met-la-pression-pour-accelerer-les-travaux\\\/220090\\\/\",\"url\":\"https:\\\/\\\/www.webdo.tn\\\/fr\\\/actualite\\\/national\\\/tunisie-autoroute-tunis-jelma-l-etat-met-la-pression-pour-accelerer-les-travaux\\\/220090\\\/\",\"name\":\"Tunisie - Autoroute Tunis-Jelma : L\u2019\u00c9tat met la pression pour acc\u00e9l\u00e9rer les travaux\",\"isPartOf\":{\"@id\":\"https:\\\/\\\/www.webdo.tn\\\/fr\\\/#website\"},\"primaryImageOfPage\":{\"@id\":\"https:\\\/\\\/www.webdo.tn\\\/fr\\\/actualite\\\/national\\\/tunisie-autoroute-tunis-jelma-l-etat-met-la-pression-pour-accelerer-les-travaux\\\/220090\\\/#primaryimage\"},\"image\":{\"@id\":\"https:\\\/\\\/www.webdo.tn\\\/fr\\\/actualite\\\/national\\\/tunisie-autoroute-tunis-jelma-l-etat-met-la-pression-pour-accelerer-les-travaux\\\/220090\\\/#primaryimage\"},\"thumbnailUrl\":\"https:\\\/\\\/www.webdo.tn\\\/fr\\\/wp-content\\\/uploads\\\/2025\\\/02\\\/7c34fe0443b298bc1788f5666539c1f6.webp\",\"datePublished\":\"2025-02-25T08:09:00+00:00\",\"dateModified\":\"2025-05-20T22:22:47+00:00\",\"description\":\"Alors que les travaux avancent sur huit tron\u00e7ons distincts, la ministre de l\u2019\u00c9quipement et de l\u2019Habitat, Sarah Za\u00e2frani Zenzeri, a pr\u00e9sid\u00e9 une r\u00e9union de suivi...\",\"breadcrumb\":{\"@id\":\"https:\\\/\\\/www.webdo.tn\\\/fr\\\/actualite\\\/national\\\/tunisie-autoroute-tunis-jelma-l-etat-met-la-pression-pour-accelerer-les-travaux\\\/220090\\\/#breadcrumb\"},\"inLanguage\":\"fr-FR\",\"potentialAction\":[{\"@type\":\"ReadAction\",\"target\":[\"https:\\\/\\\/www.webdo.tn\\\/fr\\\/actualite\\\/national\\\/tunisie-autoroute-tunis-jelma-l-etat-met-la-pression-pour-accelerer-les-travaux\\\/220090\\\/\"]}]},{\"@type\":\"ImageObject\",\"inLanguage\":\"fr-FR\",\"@id\":\"https:\\\/\\\/www.webdo.tn\\\/fr\\\/actualite\\\/national\\\/tunisie-autoroute-tunis-jelma-l-etat-met-la-pression-pour-accelerer-les-travaux\\\/220090\\\/#primaryimage\",\"url\":\"https:\\\/\\\/www.webdo.tn\\\/fr\\\/wp-content\\\/uploads\\\/2025\\\/02\\\/7c34fe0443b298bc1788f5666539c1f6.webp\",\"contentUrl\":\"https:\\\/\\\/www.webdo.tn\\\/fr\\\/wp-content\\\/uploads\\\/2025\\\/02\\\/7c34fe0443b298bc1788f5666539c1f6.webp\",\"width\":750,\"height\":400,\"caption\":\"Tunisie - Autoroute Tunis-Jelma : L\u2019\u00c9tat met la pression pour acc\u00e9l\u00e9rer les travaux\"},{\"@type\":\"BreadcrumbList\",\"@id\":\"https:\\\/\\\/www.webdo.tn\\\/fr\\\/actualite\\\/national\\\/tunisie-autoroute-tunis-jelma-l-etat-met-la-pression-pour-accelerer-les-travaux\\\/220090\\\/#breadcrumb\",\"itemListElement\":[{\"@type\":\"ListItem\",\"position\":1,\"name\":\"Accueil\",\"item\":\"https:\\\/\\\/www.webdo.tn\\\/fr\\\/\"},{\"@type\":\"ListItem\",\"position\":2,\"name\":\"Tunisie &#8211; Autoroute Tunis-Jelma : L\u2019\u00c9tat met la pression pour acc\u00e9l\u00e9rer les travaux\"}]},{\"@type\":\"WebSite\",\"@id\":\"https:\\\/\\\/www.webdo.tn\\\/fr\\\/#website\",\"url\":\"https:\\\/\\\/www.webdo.tn\\\/fr\\\/\",\"name\":\"webdo\",\"description\":\"Tunisie - News en Tunisie et \u00e0 l&#039;international sur Webdo.tn\",\"publisher\":{\"@id\":\"https:\\\/\\\/www.webdo.tn\\\/fr\\\/#organization\"},\"potentialAction\":[{\"@type\":\"SearchAction\",\"target\":{\"@type\":\"EntryPoint\",\"urlTemplate\":\"https:\\\/\\\/www.webdo.tn\\\/fr\\\/?s={search_term_string}\"},\"query-input\":{\"@type\":\"PropertyValueSpecification\",\"valueRequired\":true,\"valueName\":\"search_term_string\"}}],\"inLanguage\":\"fr-FR\"},{\"@type\":\"Organization\",\"@id\":\"https:\\\/\\\/www.webdo.tn\\\/fr\\\/#organization\",\"name\":\"Webdo\",\"alternateName\":\"Webdo.tn\",\"url\":\"https:\\\/\\\/www.webdo.tn\\\/fr\\\/\",\"logo\":{\"@type\":\"ImageObject\",\"inLanguage\":\"fr-FR\",\"@id\":\"https:\\\/\\\/www.webdo.tn\\\/fr\\\/#\\\/schema\\\/logo\\\/image\\\/\",\"url\":\"https:\\\/\\\/www.webdo.tn\\\/fr\\\/wp-content\\\/uploads\\\/2025\\\/06\\\/Webdo-Tunisie_168377.jpg\",\"contentUrl\":\"https:\\\/\\\/www.webdo.tn\\\/fr\\\/wp-content\\\/uploads\\\/2025\\\/06\\\/Webdo-Tunisie_168377.jpg\",\"width\":301,\"height\":301,\"caption\":\"Webdo\"},\"image\":{\"@id\":\"https:\\\/\\\/www.webdo.tn\\\/fr\\\/#\\\/schema\\\/logo\\\/image\\\/\"},\"sameAs\":[\"https:\\\/\\\/www.facebook.com\\\/webdotn\",\"https:\\\/\\\/x.com\\\/webdo_tn\"],\"description\":\"Webdo est un m\u00e9dia num\u00e9rique tunisien fond\u00e9 en 2010, sp\u00e9cialis\u00e9 dans l\u2019actualit\u00e9 nationale et internationale, l\u2019\u00e9conomie, la soci\u00e9t\u00e9 et les analyses politiques. Le site s\u2019adresse \u00e0 un large public francophone et couvre l\u2019information tunisienne en temps r\u00e9el.\",\"email\":\"redac@webdo.tn\",\"legalName\":\"YNJ SARL\",\"foundingDate\":\"2010-09-06\",\"numberOfEmployees\":{\"@type\":\"QuantitativeValue\",\"minValue\":\"11\",\"maxValue\":\"50\"}},{\"@type\":\"Person\",\"@id\":\"https:\\\/\\\/www.webdo.tn\\\/fr\\\/#\\\/schema\\\/person\\\/82ca085b22037d285e1a3c4b65ba5f71\",\"name\":\"KJ\",\"image\":{\"@type\":\"ImageObject\",\"inLanguage\":\"fr-FR\",\"@id\":\"https:\\\/\\\/secure.gravatar.com\\\/avatar\\\/1a1320de1c1971c893f00068f760b4113d69504aa21273da17ee95650c5944fd?s=96&d=mm&r=g\",\"url\":\"https:\\\/\\\/secure.gravatar.com\\\/avatar\\\/1a1320de1c1971c893f00068f760b4113d69504aa21273da17ee95650c5944fd?s=96&d=mm&r=g\",\"contentUrl\":\"https:\\\/\\\/secure.gravatar.com\\\/avatar\\\/1a1320de1c1971c893f00068f760b4113d69504aa21273da17ee95650c5944fd?s=96&d=mm&r=g\",\"caption\":\"KJ\"},\"url\":\"https:\\\/\\\/www.webdo.tn\\\/fr\\\/actualite\\\/author\\\/kj\\\/\"}]}<\/script>\n<!-- \/ Yoast SEO Premium plugin. -->","yoast_head_json":{"title":"Tunisie - Autoroute Tunis-Jelma : L\u2019\u00c9tat met la pression pour acc\u00e9l\u00e9rer les travaux","description":"Alors que les travaux avancent sur huit tron\u00e7ons distincts, la ministre de l\u2019\u00c9quipement et de l\u2019Habitat, Sarah Za\u00e2frani Zenzeri, a pr\u00e9sid\u00e9 une r\u00e9union de suivi...","canonical":"https:\/\/www.webdo.tn\/fr\/actualite\/national\/tunisie-autoroute-tunis-jelma-l-etat-met-la-pression-pour-accelerer-les-travaux\/220090\/","og_locale":"fr_FR","og_type":"article","og_title":"Tunisie - Autoroute Tunis-Jelma : L\u2019\u00c9tat met la pression pour acc\u00e9l\u00e9rer les travaux","og_description":"Alors que les travaux avancent sur huit tron\u00e7ons distincts, la ministre de l\u2019\u00c9quipement et de l\u2019Habitat, Sarah Za\u00e2frani Zenzeri, a pr\u00e9sid\u00e9 une r\u00e9union de suivi...","og_url":"https:\/\/www.webdo.tn\/fr\/actualite\/national\/tunisie-autoroute-tunis-jelma-l-etat-met-la-pression-pour-accelerer-les-travaux\/220090\/","og_site_name":"webdo","article_publisher":"https:\/\/www.facebook.com\/webdotn","article_published_time":"2025-02-25T08:09:00+00:00","article_modified_time":"2025-05-20T22:22:47+00:00","og_image":[{"width":750,"height":400,"url":"https:\/\/www.webdo.tn\/fr\/wp-content\/uploads\/2025\/02\/7c34fe0443b298bc1788f5666539c1f6.webp","type":"image\/webp"}],"author":"KJ","twitter_card":"summary_large_image","twitter_creator":"@webdo_tn","twitter_site":"@webdo_tn","twitter_misc":{"\u00c9crit par":"KJ","Dur\u00e9e de lecture estim\u00e9e":"2 minutes"},"schema":{"@context":"https:\/\/schema.org","@graph":[{"@type":"NewsArticle","@id":"https:\/\/www.webdo.tn\/fr\/actualite\/national\/tunisie-autoroute-tunis-jelma-l-etat-met-la-pression-pour-accelerer-les-travaux\/220090\/#article","isPartOf":{"@id":"https:\/\/www.webdo.tn\/fr\/actualite\/national\/tunisie-autoroute-tunis-jelma-l-etat-met-la-pression-pour-accelerer-les-travaux\/220090\/"},"author":{"name":"KJ","@id":"https:\/\/www.webdo.tn\/fr\/#\/schema\/person\/82ca085b22037d285e1a3c4b65ba5f71"},"headline":"Tunisie &#8211; Autoroute Tunis-Jelma : L\u2019\u00c9tat met la pression pour acc\u00e9l\u00e9rer les travaux","datePublished":"2025-02-25T08:09:00+00:00","dateModified":"2025-05-20T22:22:47+00:00","mainEntityOfPage":{"@id":"https:\/\/www.webdo.tn\/fr\/actualite\/national\/tunisie-autoroute-tunis-jelma-l-etat-met-la-pression-pour-accelerer-les-travaux\/220090\/"},"wordCount":416,"commentCount":0,"publisher":{"@id":"https:\/\/www.webdo.tn\/fr\/#organization"},"image":{"@id":"https:\/\/www.webdo.tn\/fr\/actualite\/national\/tunisie-autoroute-tunis-jelma-l-etat-met-la-pression-pour-accelerer-les-travaux\/220090\/#primaryimage"},"thumbnailUrl":"https:\/\/www.webdo.tn\/fr\/wp-content\/uploads\/2025\/02\/7c34fe0443b298bc1788f5666539c1f6.webp","keywords":["Autoroute","jelma","Tunis","Tunisie"],"articleSection":["National"],"inLanguage":"fr-FR"},{"@type":"WebPage","@id":"https:\/\/www.webdo.tn\/fr\/actualite\/national\/tunisie-autoroute-tunis-jelma-l-etat-met-la-pression-pour-accelerer-les-travaux\/220090\/","url":"https:\/\/www.webdo.tn\/fr\/actualite\/national\/tunisie-autoroute-tunis-jelma-l-etat-met-la-pression-pour-accelerer-les-travaux\/220090\/","name":"Tunisie - Autoroute Tunis-Jelma : L\u2019\u00c9tat met la pression pour acc\u00e9l\u00e9rer les travaux","isPartOf":{"@id":"https:\/\/www.webdo.tn\/fr\/#website"},"primaryImageOfPage":{"@id":"https:\/\/www.webdo.tn\/fr\/actualite\/national\/tunisie-autoroute-tunis-jelma-l-etat-met-la-pression-pour-accelerer-les-travaux\/220090\/#primaryimage"},"image":{"@id":"https:\/\/www.webdo.tn\/fr\/actualite\/national\/tunisie-autoroute-tunis-jelma-l-etat-met-la-pression-pour-accelerer-les-travaux\/220090\/#primaryimage"},"thumbnailUrl":"https:\/\/www.webdo.tn\/fr\/wp-content\/uploads\/2025\/02\/7c34fe0443b298bc1788f5666539c1f6.webp","datePublished":"2025-02-25T08:09:00+00:00","dateModified":"2025-05-20T22:22:47+00:00","description":"Alors que les travaux avancent sur huit tron\u00e7ons distincts, la ministre de l\u2019\u00c9quipement et de l\u2019Habitat, Sarah Za\u00e2frani Zenzeri, a pr\u00e9sid\u00e9 une r\u00e9union de suivi...","breadcrumb":{"@id":"https:\/\/www.webdo.tn\/fr\/actualite\/national\/tunisie-autoroute-tunis-jelma-l-etat-met-la-pression-pour-accelerer-les-travaux\/220090\/#breadcrumb"},"inLanguage":"fr-FR","potentialAction":[{"@type":"ReadAction","target":["https:\/\/www.webdo.tn\/fr\/actualite\/national\/tunisie-autoroute-tunis-jelma-l-etat-met-la-pression-pour-accelerer-les-travaux\/220090\/"]}]},{"@type":"ImageObject","inLanguage":"fr-FR","@id":"https:\/\/www.webdo.tn\/fr\/actualite\/national\/tunisie-autoroute-tunis-jelma-l-etat-met-la-pression-pour-accelerer-les-travaux\/220090\/#primaryimage","url":"https:\/\/www.webdo.tn\/fr\/wp-content\/uploads\/2025\/02\/7c34fe0443b298bc1788f5666539c1f6.webp","contentUrl":"https:\/\/www.webdo.tn\/fr\/wp-content\/uploads\/2025\/02\/7c34fe0443b298bc1788f5666539c1f6.webp","width":750,"height":400,"caption":"Tunisie - Autoroute Tunis-Jelma : L\u2019\u00c9tat met la pression pour acc\u00e9l\u00e9rer les travaux"},{"@type":"BreadcrumbList","@id":"https:\/\/www.webdo.tn\/fr\/actualite\/national\/tunisie-autoroute-tunis-jelma-l-etat-met-la-pression-pour-accelerer-les-travaux\/220090\/#breadcrumb","itemListElement":[{"@type":"ListItem","position":1,"name":"Accueil","item":"https:\/\/www.webdo.tn\/fr\/"},{"@type":"ListItem","position":2,"name":"Tunisie &#8211; Autoroute Tunis-Jelma : L\u2019\u00c9tat met la pression pour acc\u00e9l\u00e9rer les travaux"}]},{"@type":"WebSite","@id":"https:\/\/www.webdo.tn\/fr\/#website","url":"https:\/\/www.webdo.tn\/fr\/","name":"webdo","description":"Tunisie - News en Tunisie et \u00e0 l&#039;international sur Webdo.tn","publisher":{"@id":"https:\/\/www.webdo.tn\/fr\/#organization"},"potentialAction":[{"@type":"SearchAction","target":{"@type":"EntryPoint","urlTemplate":"https:\/\/www.webdo.tn\/fr\/?s={search_term_string}"},"query-input":{"@type":"PropertyValueSpecification","valueRequired":true,"valueName":"search_term_string"}}],"inLanguage":"fr-FR"},{"@type":"Organization","@id":"https:\/\/www.webdo.tn\/fr\/#organization","name":"Webdo","alternateName":"Webdo.tn","url":"https:\/\/www.webdo.tn\/fr\/","logo":{"@type":"ImageObject","inLanguage":"fr-FR","@id":"https:\/\/www.webdo.tn\/fr\/#\/schema\/logo\/image\/","url":"https:\/\/www.webdo.tn\/fr\/wp-content\/uploads\/2025\/06\/Webdo-Tunisie_168377.jpg","contentUrl":"https:\/\/www.webdo.tn\/fr\/wp-content\/uploads\/2025\/06\/Webdo-Tunisie_168377.jpg","width":301,"height":301,"caption":"Webdo"},"image":{"@id":"https:\/\/www.webdo.tn\/fr\/#\/schema\/logo\/image\/"},"sameAs":["https:\/\/www.facebook.com\/webdotn","https:\/\/x.com\/webdo_tn"],"description":"Webdo est un m\u00e9dia num\u00e9rique tunisien fond\u00e9 en 2010, sp\u00e9cialis\u00e9 dans l\u2019actualit\u00e9 nationale et internationale, l\u2019\u00e9conomie, la soci\u00e9t\u00e9 et les analyses politiques. Le site s\u2019adresse \u00e0 un large public francophone et couvre l\u2019information tunisienne en temps r\u00e9el.","email":"redac@webdo.tn","legalName":"YNJ SARL","foundingDate":"2010-09-06","numberOfEmployees":{"@type":"QuantitativeValue","minValue":"11","maxValue":"50"}},{"@type":"Person","@id":"https:\/\/www.webdo.tn\/fr\/#\/schema\/person\/82ca085b22037d285e1a3c4b65ba5f71","name":"KJ","image":{"@type":"ImageObject","inLanguage":"fr-FR","@id":"https:\/\/secure.gravatar.com\/avatar\/1a1320de1c1971c893f00068f760b4113d69504aa21273da17ee95650c5944fd?s=96&d=mm&r=g","url":"https:\/\/secure.gravatar.com\/avatar\/1a1320de1c1971c893f00068f760b4113d69504aa21273da17ee95650c5944fd?s=96&d=mm&r=g","contentUrl":"https:\/\/secure.gravatar.com\/avatar\/1a1320de1c1971c893f00068f760b4113d69504aa21273da17ee95650c5944fd?s=96&d=mm&r=g","caption":"KJ"},"url":"https:\/\/www.webdo.tn\/fr\/actualite\/author\/kj\/"}]}},"_links":{"self":[{"href":"https:\/\/www.webdo.tn\/fr\/wp-json\/wp\/v2\/posts\/220090","targetHints":{"allow":["GET"]}}],"collection":[{"href":"https:\/\/www.webdo.tn\/fr\/wp-json\/wp\/v2\/posts"}],"about":[{"href":"https:\/\/www.webdo.tn\/fr\/wp-json\/wp\/v2\/types\/post"}],"author":[{"embeddable":true,"href":"https:\/\/www.webdo.tn\/fr\/wp-json\/wp\/v2\/users\/3163"}],"replies":[{"embeddable":true,"href":"https:\/\/www.webdo.tn\/fr\/wp-json\/wp\/v2\/comments?post=220090"}],"version-history":[{"count":0,"href":"https:\/\/www.webdo.tn\/fr\/wp-json\/wp\/v2\/posts\/220090\/revisions"}],"wp:featuredmedia":[{"embeddable":true,"href":"https:\/\/www.webdo.tn\/fr\/wp-json\/wp\/v2\/media\/291947"}],"wp:attachment":[{"href":"https:\/\/www.webdo.tn\/fr\/wp-json\/wp\/v2\/media?parent=220090"}],"wp:term":[{"taxonomy":"category","embeddable":true,"href":"https:\/\/www.webdo.tn\/fr\/wp-json\/wp\/v2\/categories?post=220090"},{"taxonomy":"post_tag","embeddable":true,"href":"https:\/\/www.webdo.tn\/fr\/wp-json\/wp\/v2\/tags?post=220090"}],"curies":[{"name":"wp","href":"https:\/\/api.w.org\/{rel}","templated":true}]}}