{"id":220082,"date":"2025-02-24T18:29:00","date_gmt":"2025-02-24T18:29:00","guid":{"rendered":"https:\/\/www.webdo.tn\/fr\/blog\/2025\/02\/24\/la-tunisie-et-la-chine-signent-officiellement-l-accord-relatif-a-la-cite-medicale-des-aghlabides\/"},"modified":"2025-05-20T22:19:44","modified_gmt":"2025-05-20T22:19:44","slug":"la-tunisie-et-la-chine-signent-officiellement-l-accord-relatif-a-la-cite-medicale-des-aghlabides","status":"publish","type":"post","link":"https:\/\/www.webdo.tn\/fr\/actualite\/national\/la-tunisie-et-la-chine-signent-officiellement-l-accord-relatif-a-la-cite-medicale-des-aghlabides\/220082\/","title":{"rendered":"La Tunisie et la Chine signent officiellement l\u2019accord relatif \u00e0 la Cit\u00e9 m\u00e9dicale des Aghlabides"},"content":{"rendered":"<p>Le ministre de la Sant\u00e9 Mustapha Ferjania tenu aujourd\u2019hui une s\u00e9ance de travail, dans le cadre de sa visite en R\u00e9publique populaire de Chine, avec M. Lui Sushe, vice-pr\u00e9sident de la Commission nationale du d\u00e9veloppement et de la r\u00e9forme, en pr\u00e9sence de plusieurs cadres de cette institution.\u00a0<\/p>\n<p>\u00c0 l\u2019issue de la r\u00e9union, les deux parties ont proc\u00e9d\u00e9 \u00e0 la signature du protocole d\u2019accord relatif \u00e0 la Cit\u00e9 m\u00e9dicale des Aghlabides \u00e0 Kairouan.\u00a0<\/p>\n<p>Le ministre a exprim\u00e9 l\u2019espoir du c\u00f4t\u00e9 tunisien de passer rapidement aux phases op\u00e9rationnelles de mise en \u0153uvre de ce projet strat\u00e9gique, refl\u00e9tant ainsi la solidit\u00e9 des relations tuniso-chinoises dans divers domaines.<\/p>\n<p>Lors de cette rencontre, il a salu\u00e9 la profondeur des liens d\u2019amiti\u00e9 entre les deux pays et les deux peuples, illustrant ainsi la visite historique du Pr\u00e9sident de la R\u00e9publique en Chine en mai 2024, qui a conduit \u00e0 l\u2019\u00e9l\u00e9vation du niveau de coop\u00e9ration entre les deux pays au rang de partenariat strat\u00e9gique.<\/p>\n<p>Le ministre de la Sant\u00e9 a \u00e9galement exprim\u00e9 son appr\u00e9ciation pour l\u2019int\u00e9r\u00eat accord\u00e9 par la partie chinoise au projet pr\u00e9sidentiel phare de la \u00ab\u00a0Cit\u00e9 m\u00e9dicale des Aghlabides \u00e0 Kairouan\u00a0\u00bb, consid\u00e9r\u00e9 comme un p\u00f4le de d\u00e9veloppement d\u2019envergure nationale et r\u00e9gionale.\u00a0<\/p>\n<p>Ce projet s\u2019inscrit dans une vision strat\u00e9gique \u00e0 long terme visant \u00e0 renforcer le secteur de la sant\u00e9 et le d\u00e9veloppement. Il a insist\u00e9 sur l\u2019importance de mettre en place un comit\u00e9 de suivi pour assurer la mise en \u0153uvre des prochaines \u00e9tapes du projet, compte tenu de son r\u00f4le fondamental dans l\u2019am\u00e9lioration du secteur de la sant\u00e9 en Tunisie, l\u2019attraction des investissements et le rapprochement des services m\u00e9dicaux avanc\u00e9s des citoyens.<\/p>\n<p>Le ministre de la Sant\u00e9 a \u00e9galement soulign\u00e9 que la Cit\u00e9 m\u00e9dicale des Aghlabides, gr\u00e2ce \u00e0 la volont\u00e9 politique, aux comp\u00e9tences m\u00e9dicales et \u00e0 l\u2019\u00e9change d\u2019expertise et de savoir avec la Chine, constituera un p\u00f4le d\u2019exportation des services de sant\u00e9 et d\u2019accueil des patients choisissant la Tunisie comme destination m\u00e9dicale. Elle favorisera \u00e9galement l\u2019attractivit\u00e9 de la Tunisie aupr\u00e8s des \u00e9tudiants \u00e9trangers souhaitant poursuivre leurs \u00e9tudes dans les institutions universitaires qui y sont rattach\u00e9es, renfor\u00e7ant ainsi le rayonnement du pays en tant que p\u00f4le m\u00e9dical et scientifique.<\/p>\n","protected":false},"excerpt":{"rendered":"<p>\u00c0 l\u2019issue de la r\u00e9union, les deux parties ont proc\u00e9d\u00e9 \u00e0 la signature du protocole d\u2019accord relatif \u00e0 la Cit\u00e9 m\u00e9dicale des Aghlabides \u00e0 Kairouan.<\/p>\n","protected":false},"author":3163,"featured_media":242042,"comment_status":"open","ping_status":"open","sticky":false,"template":"","format":"standard","meta":{"footnotes":""},"categories":[44],"tags":[2694,3912,3090,2608],"class_list":["post-220082","post","type-post","status-publish","format-standard","has-post-thumbnail","hentry","category-national","tag-chine","tag-cite-medicale","tag-kairouan","tag-tunisie"],"yoast_head":"<!-- This site is optimized with the Yoast SEO Premium plugin v27.5 (Yoast SEO v27.5) - https:\/\/yoast.com\/product\/yoast-seo-premium-wordpress\/ -->\n<title>La Tunisie et la Chine signent officiellement l\u2019accord relatif \u00e0 la Cit\u00e9 m\u00e9dicale des Aghlabides<\/title>\n<meta name=\"description\" content=\"\u00c0 l\u2019issue de la r\u00e9union, les deux parties ont proc\u00e9d\u00e9 \u00e0 la signature du protocole d\u2019accord relatif \u00e0 la Cit\u00e9 m\u00e9dicale des Aghlabides \u00e0 Kairouan.\" \/>\n<link rel=\"canonical\" href=\"https:\/\/www.webdo.tn\/fr\/actualite\/national\/la-tunisie-et-la-chine-signent-officiellement-l-accord-relatif-a-la-cite-medicale-des-aghlabides\/220082\/\" \/>\n<meta property=\"og:locale\" content=\"fr_FR\" \/>\n<meta property=\"og:type\" content=\"article\" \/>\n<meta property=\"og:title\" content=\"La Tunisie et la Chine signent officiellement l\u2019accord relatif \u00e0 la Cit\u00e9 m\u00e9dicale des Aghlabides\" \/>\n<meta property=\"og:description\" content=\"\u00c0 l\u2019issue de la r\u00e9union, les deux parties ont proc\u00e9d\u00e9 \u00e0 la signature du protocole d\u2019accord relatif \u00e0 la Cit\u00e9 m\u00e9dicale des Aghlabides \u00e0 Kairouan.\" \/>\n<meta property=\"og:url\" content=\"https:\/\/www.webdo.tn\/fr\/actualite\/national\/la-tunisie-et-la-chine-signent-officiellement-l-accord-relatif-a-la-cite-medicale-des-aghlabides\/220082\/\" \/>\n<meta property=\"og:site_name\" content=\"webdo\" \/>\n<meta property=\"article:publisher\" content=\"https:\/\/www.facebook.com\/webdotn\" \/>\n<meta property=\"article:published_time\" content=\"2025-02-24T18:29:00+00:00\" \/>\n<meta property=\"article:modified_time\" content=\"2025-05-20T22:19:44+00:00\" \/>\n<meta property=\"og:image\" content=\"https:\/\/www.webdo.tn\/fr\/wp-content\/uploads\/2025\/05\/d1e4c838e2f081a96d93e9cc8217c32b-2.webp\" \/>\n\t<meta property=\"og:image:width\" content=\"611\" \/>\n\t<meta property=\"og:image:height\" content=\"326\" \/>\n\t<meta property=\"og:image:type\" content=\"image\/webp\" \/>\n<meta name=\"author\" content=\"KJ\" \/>\n<meta name=\"twitter:card\" content=\"summary_large_image\" \/>\n<meta name=\"twitter:creator\" content=\"@webdo_tn\" \/>\n<meta name=\"twitter:site\" content=\"@webdo_tn\" \/>\n<meta name=\"twitter:label1\" content=\"\u00c9crit par\" \/>\n\t<meta name=\"twitter:data1\" content=\"KJ\" \/>\n\t<meta name=\"twitter:label2\" content=\"Dur\u00e9e de lecture estim\u00e9e\" \/>\n\t<meta name=\"twitter:data2\" content=\"2 minutes\" \/>\n<script type=\"application\/ld+json\" class=\"yoast-schema-graph\">{\"@context\":\"https:\\\/\\\/schema.org\",\"@graph\":[{\"@type\":\"NewsArticle\",\"@id\":\"https:\\\/\\\/www.webdo.tn\\\/fr\\\/actualite\\\/national\\\/la-tunisie-et-la-chine-signent-officiellement-l-accord-relatif-a-la-cite-medicale-des-aghlabides\\\/220082\\\/#article\",\"isPartOf\":{\"@id\":\"https:\\\/\\\/www.webdo.tn\\\/fr\\\/actualite\\\/national\\\/la-tunisie-et-la-chine-signent-officiellement-l-accord-relatif-a-la-cite-medicale-des-aghlabides\\\/220082\\\/\"},\"author\":{\"name\":\"KJ\",\"@id\":\"https:\\\/\\\/www.webdo.tn\\\/fr\\\/#\\\/schema\\\/person\\\/82ca085b22037d285e1a3c4b65ba5f71\"},\"headline\":\"La Tunisie et la Chine signent officiellement l\u2019accord relatif \u00e0 la Cit\u00e9 m\u00e9dicale des Aghlabides\",\"datePublished\":\"2025-02-24T18:29:00+00:00\",\"dateModified\":\"2025-05-20T22:19:44+00:00\",\"mainEntityOfPage\":{\"@id\":\"https:\\\/\\\/www.webdo.tn\\\/fr\\\/actualite\\\/national\\\/la-tunisie-et-la-chine-signent-officiellement-l-accord-relatif-a-la-cite-medicale-des-aghlabides\\\/220082\\\/\"},\"wordCount\":420,\"commentCount\":0,\"publisher\":{\"@id\":\"https:\\\/\\\/www.webdo.tn\\\/fr\\\/#organization\"},\"image\":{\"@id\":\"https:\\\/\\\/www.webdo.tn\\\/fr\\\/actualite\\\/national\\\/la-tunisie-et-la-chine-signent-officiellement-l-accord-relatif-a-la-cite-medicale-des-aghlabides\\\/220082\\\/#primaryimage\"},\"thumbnailUrl\":\"https:\\\/\\\/www.webdo.tn\\\/fr\\\/wp-content\\\/uploads\\\/2025\\\/05\\\/d1e4c838e2f081a96d93e9cc8217c32b-2.webp\",\"keywords\":[\"chine\",\"Cit\u00e9 m\u00e9dicale\",\"Kairouan\",\"Tunisie\"],\"articleSection\":[\"National\"],\"inLanguage\":\"fr-FR\"},{\"@type\":\"WebPage\",\"@id\":\"https:\\\/\\\/www.webdo.tn\\\/fr\\\/actualite\\\/national\\\/la-tunisie-et-la-chine-signent-officiellement-l-accord-relatif-a-la-cite-medicale-des-aghlabides\\\/220082\\\/\",\"url\":\"https:\\\/\\\/www.webdo.tn\\\/fr\\\/actualite\\\/national\\\/la-tunisie-et-la-chine-signent-officiellement-l-accord-relatif-a-la-cite-medicale-des-aghlabides\\\/220082\\\/\",\"name\":\"La Tunisie et la Chine signent officiellement l\u2019accord relatif \u00e0 la Cit\u00e9 m\u00e9dicale des Aghlabides\",\"isPartOf\":{\"@id\":\"https:\\\/\\\/www.webdo.tn\\\/fr\\\/#website\"},\"primaryImageOfPage\":{\"@id\":\"https:\\\/\\\/www.webdo.tn\\\/fr\\\/actualite\\\/national\\\/la-tunisie-et-la-chine-signent-officiellement-l-accord-relatif-a-la-cite-medicale-des-aghlabides\\\/220082\\\/#primaryimage\"},\"image\":{\"@id\":\"https:\\\/\\\/www.webdo.tn\\\/fr\\\/actualite\\\/national\\\/la-tunisie-et-la-chine-signent-officiellement-l-accord-relatif-a-la-cite-medicale-des-aghlabides\\\/220082\\\/#primaryimage\"},\"thumbnailUrl\":\"https:\\\/\\\/www.webdo.tn\\\/fr\\\/wp-content\\\/uploads\\\/2025\\\/05\\\/d1e4c838e2f081a96d93e9cc8217c32b-2.webp\",\"datePublished\":\"2025-02-24T18:29:00+00:00\",\"dateModified\":\"2025-05-20T22:19:44+00:00\",\"description\":\"\u00c0 l\u2019issue de la r\u00e9union, les deux parties ont proc\u00e9d\u00e9 \u00e0 la signature du protocole d\u2019accord relatif \u00e0 la Cit\u00e9 m\u00e9dicale des Aghlabides \u00e0 Kairouan.\",\"breadcrumb\":{\"@id\":\"https:\\\/\\\/www.webdo.tn\\\/fr\\\/actualite\\\/national\\\/la-tunisie-et-la-chine-signent-officiellement-l-accord-relatif-a-la-cite-medicale-des-aghlabides\\\/220082\\\/#breadcrumb\"},\"inLanguage\":\"fr-FR\",\"potentialAction\":[{\"@type\":\"ReadAction\",\"target\":[\"https:\\\/\\\/www.webdo.tn\\\/fr\\\/actualite\\\/national\\\/la-tunisie-et-la-chine-signent-officiellement-l-accord-relatif-a-la-cite-medicale-des-aghlabides\\\/220082\\\/\"]}]},{\"@type\":\"ImageObject\",\"inLanguage\":\"fr-FR\",\"@id\":\"https:\\\/\\\/www.webdo.tn\\\/fr\\\/actualite\\\/national\\\/la-tunisie-et-la-chine-signent-officiellement-l-accord-relatif-a-la-cite-medicale-des-aghlabides\\\/220082\\\/#primaryimage\",\"url\":\"https:\\\/\\\/www.webdo.tn\\\/fr\\\/wp-content\\\/uploads\\\/2025\\\/05\\\/d1e4c838e2f081a96d93e9cc8217c32b-2.webp\",\"contentUrl\":\"https:\\\/\\\/www.webdo.tn\\\/fr\\\/wp-content\\\/uploads\\\/2025\\\/05\\\/d1e4c838e2f081a96d93e9cc8217c32b-2.webp\",\"width\":611,\"height\":326},{\"@type\":\"BreadcrumbList\",\"@id\":\"https:\\\/\\\/www.webdo.tn\\\/fr\\\/actualite\\\/national\\\/la-tunisie-et-la-chine-signent-officiellement-l-accord-relatif-a-la-cite-medicale-des-aghlabides\\\/220082\\\/#breadcrumb\",\"itemListElement\":[{\"@type\":\"ListItem\",\"position\":1,\"name\":\"Accueil\",\"item\":\"https:\\\/\\\/www.webdo.tn\\\/fr\\\/\"},{\"@type\":\"ListItem\",\"position\":2,\"name\":\"La Tunisie et la Chine signent officiellement l\u2019accord relatif \u00e0 la Cit\u00e9 m\u00e9dicale des Aghlabides\"}]},{\"@type\":\"WebSite\",\"@id\":\"https:\\\/\\\/www.webdo.tn\\\/fr\\\/#website\",\"url\":\"https:\\\/\\\/www.webdo.tn\\\/fr\\\/\",\"name\":\"webdo\",\"description\":\"Tunisie - News en Tunisie et \u00e0 l&#039;international sur Webdo.tn\",\"publisher\":{\"@id\":\"https:\\\/\\\/www.webdo.tn\\\/fr\\\/#organization\"},\"potentialAction\":[{\"@type\":\"SearchAction\",\"target\":{\"@type\":\"EntryPoint\",\"urlTemplate\":\"https:\\\/\\\/www.webdo.tn\\\/fr\\\/?s={search_term_string}\"},\"query-input\":{\"@type\":\"PropertyValueSpecification\",\"valueRequired\":true,\"valueName\":\"search_term_string\"}}],\"inLanguage\":\"fr-FR\"},{\"@type\":\"Organization\",\"@id\":\"https:\\\/\\\/www.webdo.tn\\\/fr\\\/#organization\",\"name\":\"Webdo\",\"alternateName\":\"Webdo.tn\",\"url\":\"https:\\\/\\\/www.webdo.tn\\\/fr\\\/\",\"logo\":{\"@type\":\"ImageObject\",\"inLanguage\":\"fr-FR\",\"@id\":\"https:\\\/\\\/www.webdo.tn\\\/fr\\\/#\\\/schema\\\/logo\\\/image\\\/\",\"url\":\"https:\\\/\\\/www.webdo.tn\\\/fr\\\/wp-content\\\/uploads\\\/2025\\\/06\\\/Webdo-Tunisie_168377.jpg\",\"contentUrl\":\"https:\\\/\\\/www.webdo.tn\\\/fr\\\/wp-content\\\/uploads\\\/2025\\\/06\\\/Webdo-Tunisie_168377.jpg\",\"width\":301,\"height\":301,\"caption\":\"Webdo\"},\"image\":{\"@id\":\"https:\\\/\\\/www.webdo.tn\\\/fr\\\/#\\\/schema\\\/logo\\\/image\\\/\"},\"sameAs\":[\"https:\\\/\\\/www.facebook.com\\\/webdotn\",\"https:\\\/\\\/x.com\\\/webdo_tn\"],\"description\":\"Webdo est un m\u00e9dia num\u00e9rique tunisien fond\u00e9 en 2010, sp\u00e9cialis\u00e9 dans l\u2019actualit\u00e9 nationale et internationale, l\u2019\u00e9conomie, la soci\u00e9t\u00e9 et les analyses politiques. Le site s\u2019adresse \u00e0 un large public francophone et couvre l\u2019information tunisienne en temps r\u00e9el.\",\"email\":\"redac@webdo.tn\",\"legalName\":\"YNJ SARL\",\"foundingDate\":\"2010-09-06\",\"numberOfEmployees\":{\"@type\":\"QuantitativeValue\",\"minValue\":\"11\",\"maxValue\":\"50\"}},{\"@type\":\"Person\",\"@id\":\"https:\\\/\\\/www.webdo.tn\\\/fr\\\/#\\\/schema\\\/person\\\/82ca085b22037d285e1a3c4b65ba5f71\",\"name\":\"KJ\",\"image\":{\"@type\":\"ImageObject\",\"inLanguage\":\"fr-FR\",\"@id\":\"https:\\\/\\\/secure.gravatar.com\\\/avatar\\\/1a1320de1c1971c893f00068f760b4113d69504aa21273da17ee95650c5944fd?s=96&d=mm&r=g\",\"url\":\"https:\\\/\\\/secure.gravatar.com\\\/avatar\\\/1a1320de1c1971c893f00068f760b4113d69504aa21273da17ee95650c5944fd?s=96&d=mm&r=g\",\"contentUrl\":\"https:\\\/\\\/secure.gravatar.com\\\/avatar\\\/1a1320de1c1971c893f00068f760b4113d69504aa21273da17ee95650c5944fd?s=96&d=mm&r=g\",\"caption\":\"KJ\"},\"url\":\"https:\\\/\\\/www.webdo.tn\\\/fr\\\/actualite\\\/author\\\/kj\\\/\"}]}<\/script>\n<!-- \/ Yoast SEO Premium plugin. -->","yoast_head_json":{"title":"La Tunisie et la Chine signent officiellement l\u2019accord relatif \u00e0 la Cit\u00e9 m\u00e9dicale des Aghlabides","description":"\u00c0 l\u2019issue de la r\u00e9union, les deux parties ont proc\u00e9d\u00e9 \u00e0 la signature du protocole d\u2019accord relatif \u00e0 la Cit\u00e9 m\u00e9dicale des Aghlabides \u00e0 Kairouan.","canonical":"https:\/\/www.webdo.tn\/fr\/actualite\/national\/la-tunisie-et-la-chine-signent-officiellement-l-accord-relatif-a-la-cite-medicale-des-aghlabides\/220082\/","og_locale":"fr_FR","og_type":"article","og_title":"La Tunisie et la Chine signent officiellement l\u2019accord relatif \u00e0 la Cit\u00e9 m\u00e9dicale des Aghlabides","og_description":"\u00c0 l\u2019issue de la r\u00e9union, les deux parties ont proc\u00e9d\u00e9 \u00e0 la signature du protocole d\u2019accord relatif \u00e0 la Cit\u00e9 m\u00e9dicale des Aghlabides \u00e0 Kairouan.","og_url":"https:\/\/www.webdo.tn\/fr\/actualite\/national\/la-tunisie-et-la-chine-signent-officiellement-l-accord-relatif-a-la-cite-medicale-des-aghlabides\/220082\/","og_site_name":"webdo","article_publisher":"https:\/\/www.facebook.com\/webdotn","article_published_time":"2025-02-24T18:29:00+00:00","article_modified_time":"2025-05-20T22:19:44+00:00","og_image":[{"width":611,"height":326,"url":"https:\/\/www.webdo.tn\/fr\/wp-content\/uploads\/2025\/05\/d1e4c838e2f081a96d93e9cc8217c32b-2.webp","type":"image\/webp"}],"author":"KJ","twitter_card":"summary_large_image","twitter_creator":"@webdo_tn","twitter_site":"@webdo_tn","twitter_misc":{"\u00c9crit par":"KJ","Dur\u00e9e de lecture estim\u00e9e":"2 minutes"},"schema":{"@context":"https:\/\/schema.org","@graph":[{"@type":"NewsArticle","@id":"https:\/\/www.webdo.tn\/fr\/actualite\/national\/la-tunisie-et-la-chine-signent-officiellement-l-accord-relatif-a-la-cite-medicale-des-aghlabides\/220082\/#article","isPartOf":{"@id":"https:\/\/www.webdo.tn\/fr\/actualite\/national\/la-tunisie-et-la-chine-signent-officiellement-l-accord-relatif-a-la-cite-medicale-des-aghlabides\/220082\/"},"author":{"name":"KJ","@id":"https:\/\/www.webdo.tn\/fr\/#\/schema\/person\/82ca085b22037d285e1a3c4b65ba5f71"},"headline":"La Tunisie et la Chine signent officiellement l\u2019accord relatif \u00e0 la Cit\u00e9 m\u00e9dicale des Aghlabides","datePublished":"2025-02-24T18:29:00+00:00","dateModified":"2025-05-20T22:19:44+00:00","mainEntityOfPage":{"@id":"https:\/\/www.webdo.tn\/fr\/actualite\/national\/la-tunisie-et-la-chine-signent-officiellement-l-accord-relatif-a-la-cite-medicale-des-aghlabides\/220082\/"},"wordCount":420,"commentCount":0,"publisher":{"@id":"https:\/\/www.webdo.tn\/fr\/#organization"},"image":{"@id":"https:\/\/www.webdo.tn\/fr\/actualite\/national\/la-tunisie-et-la-chine-signent-officiellement-l-accord-relatif-a-la-cite-medicale-des-aghlabides\/220082\/#primaryimage"},"thumbnailUrl":"https:\/\/www.webdo.tn\/fr\/wp-content\/uploads\/2025\/05\/d1e4c838e2f081a96d93e9cc8217c32b-2.webp","keywords":["chine","Cit\u00e9 m\u00e9dicale","Kairouan","Tunisie"],"articleSection":["National"],"inLanguage":"fr-FR"},{"@type":"WebPage","@id":"https:\/\/www.webdo.tn\/fr\/actualite\/national\/la-tunisie-et-la-chine-signent-officiellement-l-accord-relatif-a-la-cite-medicale-des-aghlabides\/220082\/","url":"https:\/\/www.webdo.tn\/fr\/actualite\/national\/la-tunisie-et-la-chine-signent-officiellement-l-accord-relatif-a-la-cite-medicale-des-aghlabides\/220082\/","name":"La Tunisie et la Chine signent officiellement l\u2019accord relatif \u00e0 la Cit\u00e9 m\u00e9dicale des Aghlabides","isPartOf":{"@id":"https:\/\/www.webdo.tn\/fr\/#website"},"primaryImageOfPage":{"@id":"https:\/\/www.webdo.tn\/fr\/actualite\/national\/la-tunisie-et-la-chine-signent-officiellement-l-accord-relatif-a-la-cite-medicale-des-aghlabides\/220082\/#primaryimage"},"image":{"@id":"https:\/\/www.webdo.tn\/fr\/actualite\/national\/la-tunisie-et-la-chine-signent-officiellement-l-accord-relatif-a-la-cite-medicale-des-aghlabides\/220082\/#primaryimage"},"thumbnailUrl":"https:\/\/www.webdo.tn\/fr\/wp-content\/uploads\/2025\/05\/d1e4c838e2f081a96d93e9cc8217c32b-2.webp","datePublished":"2025-02-24T18:29:00+00:00","dateModified":"2025-05-20T22:19:44+00:00","description":"\u00c0 l\u2019issue de la r\u00e9union, les deux parties ont proc\u00e9d\u00e9 \u00e0 la signature du protocole d\u2019accord relatif \u00e0 la Cit\u00e9 m\u00e9dicale des Aghlabides \u00e0 Kairouan.","breadcrumb":{"@id":"https:\/\/www.webdo.tn\/fr\/actualite\/national\/la-tunisie-et-la-chine-signent-officiellement-l-accord-relatif-a-la-cite-medicale-des-aghlabides\/220082\/#breadcrumb"},"inLanguage":"fr-FR","potentialAction":[{"@type":"ReadAction","target":["https:\/\/www.webdo.tn\/fr\/actualite\/national\/la-tunisie-et-la-chine-signent-officiellement-l-accord-relatif-a-la-cite-medicale-des-aghlabides\/220082\/"]}]},{"@type":"ImageObject","inLanguage":"fr-FR","@id":"https:\/\/www.webdo.tn\/fr\/actualite\/national\/la-tunisie-et-la-chine-signent-officiellement-l-accord-relatif-a-la-cite-medicale-des-aghlabides\/220082\/#primaryimage","url":"https:\/\/www.webdo.tn\/fr\/wp-content\/uploads\/2025\/05\/d1e4c838e2f081a96d93e9cc8217c32b-2.webp","contentUrl":"https:\/\/www.webdo.tn\/fr\/wp-content\/uploads\/2025\/05\/d1e4c838e2f081a96d93e9cc8217c32b-2.webp","width":611,"height":326},{"@type":"BreadcrumbList","@id":"https:\/\/www.webdo.tn\/fr\/actualite\/national\/la-tunisie-et-la-chine-signent-officiellement-l-accord-relatif-a-la-cite-medicale-des-aghlabides\/220082\/#breadcrumb","itemListElement":[{"@type":"ListItem","position":1,"name":"Accueil","item":"https:\/\/www.webdo.tn\/fr\/"},{"@type":"ListItem","position":2,"name":"La Tunisie et la Chine signent officiellement l\u2019accord relatif \u00e0 la Cit\u00e9 m\u00e9dicale des Aghlabides"}]},{"@type":"WebSite","@id":"https:\/\/www.webdo.tn\/fr\/#website","url":"https:\/\/www.webdo.tn\/fr\/","name":"webdo","description":"Tunisie - News en Tunisie et \u00e0 l&#039;international sur Webdo.tn","publisher":{"@id":"https:\/\/www.webdo.tn\/fr\/#organization"},"potentialAction":[{"@type":"SearchAction","target":{"@type":"EntryPoint","urlTemplate":"https:\/\/www.webdo.tn\/fr\/?s={search_term_string}"},"query-input":{"@type":"PropertyValueSpecification","valueRequired":true,"valueName":"search_term_string"}}],"inLanguage":"fr-FR"},{"@type":"Organization","@id":"https:\/\/www.webdo.tn\/fr\/#organization","name":"Webdo","alternateName":"Webdo.tn","url":"https:\/\/www.webdo.tn\/fr\/","logo":{"@type":"ImageObject","inLanguage":"fr-FR","@id":"https:\/\/www.webdo.tn\/fr\/#\/schema\/logo\/image\/","url":"https:\/\/www.webdo.tn\/fr\/wp-content\/uploads\/2025\/06\/Webdo-Tunisie_168377.jpg","contentUrl":"https:\/\/www.webdo.tn\/fr\/wp-content\/uploads\/2025\/06\/Webdo-Tunisie_168377.jpg","width":301,"height":301,"caption":"Webdo"},"image":{"@id":"https:\/\/www.webdo.tn\/fr\/#\/schema\/logo\/image\/"},"sameAs":["https:\/\/www.facebook.com\/webdotn","https:\/\/x.com\/webdo_tn"],"description":"Webdo est un m\u00e9dia num\u00e9rique tunisien fond\u00e9 en 2010, sp\u00e9cialis\u00e9 dans l\u2019actualit\u00e9 nationale et internationale, l\u2019\u00e9conomie, la soci\u00e9t\u00e9 et les analyses politiques. Le site s\u2019adresse \u00e0 un large public francophone et couvre l\u2019information tunisienne en temps r\u00e9el.","email":"redac@webdo.tn","legalName":"YNJ SARL","foundingDate":"2010-09-06","numberOfEmployees":{"@type":"QuantitativeValue","minValue":"11","maxValue":"50"}},{"@type":"Person","@id":"https:\/\/www.webdo.tn\/fr\/#\/schema\/person\/82ca085b22037d285e1a3c4b65ba5f71","name":"KJ","image":{"@type":"ImageObject","inLanguage":"fr-FR","@id":"https:\/\/secure.gravatar.com\/avatar\/1a1320de1c1971c893f00068f760b4113d69504aa21273da17ee95650c5944fd?s=96&d=mm&r=g","url":"https:\/\/secure.gravatar.com\/avatar\/1a1320de1c1971c893f00068f760b4113d69504aa21273da17ee95650c5944fd?s=96&d=mm&r=g","contentUrl":"https:\/\/secure.gravatar.com\/avatar\/1a1320de1c1971c893f00068f760b4113d69504aa21273da17ee95650c5944fd?s=96&d=mm&r=g","caption":"KJ"},"url":"https:\/\/www.webdo.tn\/fr\/actualite\/author\/kj\/"}]}},"_links":{"self":[{"href":"https:\/\/www.webdo.tn\/fr\/wp-json\/wp\/v2\/posts\/220082","targetHints":{"allow":["GET"]}}],"collection":[{"href":"https:\/\/www.webdo.tn\/fr\/wp-json\/wp\/v2\/posts"}],"about":[{"href":"https:\/\/www.webdo.tn\/fr\/wp-json\/wp\/v2\/types\/post"}],"author":[{"embeddable":true,"href":"https:\/\/www.webdo.tn\/fr\/wp-json\/wp\/v2\/users\/3163"}],"replies":[{"embeddable":true,"href":"https:\/\/www.webdo.tn\/fr\/wp-json\/wp\/v2\/comments?post=220082"}],"version-history":[{"count":0,"href":"https:\/\/www.webdo.tn\/fr\/wp-json\/wp\/v2\/posts\/220082\/revisions"}],"wp:featuredmedia":[{"embeddable":true,"href":"https:\/\/www.webdo.tn\/fr\/wp-json\/wp\/v2\/media\/242042"}],"wp:attachment":[{"href":"https:\/\/www.webdo.tn\/fr\/wp-json\/wp\/v2\/media?parent=220082"}],"wp:term":[{"taxonomy":"category","embeddable":true,"href":"https:\/\/www.webdo.tn\/fr\/wp-json\/wp\/v2\/categories?post=220082"},{"taxonomy":"post_tag","embeddable":true,"href":"https:\/\/www.webdo.tn\/fr\/wp-json\/wp\/v2\/tags?post=220082"}],"curies":[{"name":"wp","href":"https:\/\/api.w.org\/{rel}","templated":true}]}}