{"id":220076,"date":"2025-02-24T15:36:00","date_gmt":"2025-02-24T15:36:00","guid":{"rendered":"https:\/\/www.webdo.tn\/fr\/blog\/2025\/02\/24\/plus-de-8000-visas-de-travail-accordes-aux-tunisiens-par-l-italie-en-2024\/"},"modified":"2025-05-20T21:42:33","modified_gmt":"2025-05-20T21:42:33","slug":"plus-de-8000-visas-de-travail-accordes-aux-tunisiens-par-l-italie-en-2024","status":"publish","type":"post","link":"https:\/\/www.webdo.tn\/fr\/actualite\/national\/plus-de-8000-visas-de-travail-accordes-aux-tunisiens-par-l-italie-en-2024\/220076\/","title":{"rendered":"Plus de 8000 visas de travail accord\u00e9s aux Tunisiens par l\u2019Italie en 2024"},"content":{"rendered":"<p>L\u2019Italie a d\u00e9livr\u00e9 plus de 8000 visas de travail aux Tunisiens au cours de l\u2019ann\u00e9e \u00e9coul\u00e9e, a r\u00e9v\u00e9l\u00e9 ce lundi 24 f\u00e9vrier 2025 l\u2019ambassadeur d\u2019Italie en Tunisie, Alessandro Prunas.<\/p>\n<p>\t\t\t\t\t\t\t\t\tS\u2019exprimant devant les journalistes en marge de la signature d\u2019un accord-cadre de coop\u00e9ration entre la Tunisie et l\u2019Italie dans le domaine de l\u2019emploi et de la formation des dipl\u00f4m\u00e9s des centres de formation professionnelle, le diplomate a estim\u00e9 que ce nombre pourrait augmenter dans les ann\u00e9es \u00e0 venir. Cette tendance s\u2019explique par la demande croissante des entreprises italiennes en main-d\u2019\u0153uvre tunisienne. \u00a0<\/p>\n<p>Dans ce cadre, l\u2019Agence tunisienne pour l\u2019emploi et le travail ind\u00e9pendant, l\u2019Agence tunisienne de la formation professionnelle et l\u2019organisation italienne Ethos ont sign\u00e9 un nouvel accord-cadre de coop\u00e9ration. Cet accord vise \u00e0 favoriser l\u2019insertion professionnelle des dipl\u00f4m\u00e9s de la formation professionnelle tunisienne dans des secteurs en forte demande sur le march\u00e9 du travail italien, notamment la soudure et la construction m\u00e9tallique. \u00a0<\/p>\n<p>Cette nouvelle convention vient renforcer plusieurs accords bilat\u00e9raux conclus ces derni\u00e8res ann\u00e9es entre la Tunisie et l\u2019Italie. Son objectif est de structurer la migration et d\u2019offrir aux Tunisiens des opportunit\u00e9s d\u2019emploi l\u00e9gales en Italie, en particulier dans les secteurs du b\u00e2timent, de la soudure, de l\u2019agriculture et d\u2019autres m\u00e9tiers en tension.<\/p>\n","protected":false},"excerpt":{"rendered":"<p>L\u2019Italie a d\u00e9livr\u00e9 plus de 8000 visas de travail aux Tunisiens au cours de l\u2019ann\u00e9e \u00e9coul\u00e9e, a r\u00e9v\u00e9l\u00e9 ce lundi 24 f\u00e9vrier 2025 l\u2019ambassadeur d\u2019Italie en Tunisie,&#8230;<\/p>\n","protected":false},"author":3162,"featured_media":242038,"comment_status":"open","ping_status":"open","sticky":false,"template":"","format":"standard","meta":{"footnotes":""},"categories":[44],"tags":[2660,2780,2608,3109],"class_list":["post-220076","post","type-post","status-publish","format-standard","has-post-thumbnail","hentry","category-national","tag-italie","tag-travail","tag-tunisie","tag-visa"],"yoast_head":"<!-- This site is optimized with the Yoast SEO Premium plugin v27.5 (Yoast SEO v27.5) - https:\/\/yoast.com\/product\/yoast-seo-premium-wordpress\/ -->\n<title>Plus de 8000 visas de travail accord\u00e9s aux Tunisiens par l\u2019Italie en 2024<\/title>\n<meta name=\"description\" content=\"L\u2019Italie a d\u00e9livr\u00e9 plus de 8000 visas de travail aux Tunisiens au cours de l\u2019ann\u00e9e \u00e9coul\u00e9e, a r\u00e9v\u00e9l\u00e9 ce lundi 24 f\u00e9vrier 2025 l\u2019ambassadeur d\u2019Italie en Tunisie,...\" \/>\n<link rel=\"canonical\" href=\"https:\/\/www.webdo.tn\/fr\/actualite\/national\/plus-de-8000-visas-de-travail-accordes-aux-tunisiens-par-l-italie-en-2024\/220076\/\" \/>\n<meta property=\"og:locale\" content=\"fr_FR\" \/>\n<meta property=\"og:type\" content=\"article\" \/>\n<meta property=\"og:title\" content=\"Plus de 8000 visas de travail accord\u00e9s aux Tunisiens par l\u2019Italie en 2024\" \/>\n<meta property=\"og:description\" content=\"L\u2019Italie a d\u00e9livr\u00e9 plus de 8000 visas de travail aux Tunisiens au cours de l\u2019ann\u00e9e \u00e9coul\u00e9e, a r\u00e9v\u00e9l\u00e9 ce lundi 24 f\u00e9vrier 2025 l\u2019ambassadeur d\u2019Italie en Tunisie,...\" \/>\n<meta property=\"og:url\" content=\"https:\/\/www.webdo.tn\/fr\/actualite\/national\/plus-de-8000-visas-de-travail-accordes-aux-tunisiens-par-l-italie-en-2024\/220076\/\" \/>\n<meta property=\"og:site_name\" content=\"webdo\" \/>\n<meta property=\"article:publisher\" content=\"https:\/\/www.facebook.com\/webdotn\" \/>\n<meta property=\"article:published_time\" content=\"2025-02-24T15:36:00+00:00\" \/>\n<meta property=\"article:modified_time\" content=\"2025-05-20T21:42:33+00:00\" \/>\n<meta property=\"og:image\" content=\"https:\/\/www.webdo.tn\/fr\/wp-content\/uploads\/2025\/05\/512db8908f81797ab4e55e8658d76bd6-2.webp\" \/>\n\t<meta property=\"og:image:width\" content=\"750\" \/>\n\t<meta property=\"og:image:height\" content=\"400\" \/>\n\t<meta property=\"og:image:type\" content=\"image\/webp\" \/>\n<meta name=\"author\" content=\"MC\" \/>\n<meta name=\"twitter:card\" content=\"summary_large_image\" \/>\n<meta name=\"twitter:creator\" content=\"@webdo_tn\" \/>\n<meta name=\"twitter:site\" content=\"@webdo_tn\" \/>\n<meta name=\"twitter:label1\" content=\"\u00c9crit par\" \/>\n\t<meta name=\"twitter:data1\" content=\"MC\" \/>\n\t<meta name=\"twitter:label2\" content=\"Dur\u00e9e de lecture estim\u00e9e\" \/>\n\t<meta name=\"twitter:data2\" content=\"1 minute\" \/>\n<script type=\"application\/ld+json\" class=\"yoast-schema-graph\">{\"@context\":\"https:\\\/\\\/schema.org\",\"@graph\":[{\"@type\":\"NewsArticle\",\"@id\":\"https:\\\/\\\/www.webdo.tn\\\/fr\\\/actualite\\\/national\\\/plus-de-8000-visas-de-travail-accordes-aux-tunisiens-par-l-italie-en-2024\\\/220076\\\/#article\",\"isPartOf\":{\"@id\":\"https:\\\/\\\/www.webdo.tn\\\/fr\\\/actualite\\\/national\\\/plus-de-8000-visas-de-travail-accordes-aux-tunisiens-par-l-italie-en-2024\\\/220076\\\/\"},\"author\":{\"name\":\"MC\",\"@id\":\"https:\\\/\\\/www.webdo.tn\\\/fr\\\/#\\\/schema\\\/person\\\/2c4929cbf5a809e3bd38617c6ce150f6\"},\"headline\":\"Plus de 8000 visas de travail accord\u00e9s aux Tunisiens par l\u2019Italie en 2024\",\"datePublished\":\"2025-02-24T15:36:00+00:00\",\"dateModified\":\"2025-05-20T21:42:33+00:00\",\"mainEntityOfPage\":{\"@id\":\"https:\\\/\\\/www.webdo.tn\\\/fr\\\/actualite\\\/national\\\/plus-de-8000-visas-de-travail-accordes-aux-tunisiens-par-l-italie-en-2024\\\/220076\\\/\"},\"wordCount\":252,\"commentCount\":0,\"publisher\":{\"@id\":\"https:\\\/\\\/www.webdo.tn\\\/fr\\\/#organization\"},\"image\":{\"@id\":\"https:\\\/\\\/www.webdo.tn\\\/fr\\\/actualite\\\/national\\\/plus-de-8000-visas-de-travail-accordes-aux-tunisiens-par-l-italie-en-2024\\\/220076\\\/#primaryimage\"},\"thumbnailUrl\":\"https:\\\/\\\/www.webdo.tn\\\/fr\\\/wp-content\\\/uploads\\\/2025\\\/05\\\/512db8908f81797ab4e55e8658d76bd6-2.webp\",\"keywords\":[\"Italie\",\"travail\",\"Tunisie\",\"visa\"],\"articleSection\":[\"National\"],\"inLanguage\":\"fr-FR\"},{\"@type\":\"WebPage\",\"@id\":\"https:\\\/\\\/www.webdo.tn\\\/fr\\\/actualite\\\/national\\\/plus-de-8000-visas-de-travail-accordes-aux-tunisiens-par-l-italie-en-2024\\\/220076\\\/\",\"url\":\"https:\\\/\\\/www.webdo.tn\\\/fr\\\/actualite\\\/national\\\/plus-de-8000-visas-de-travail-accordes-aux-tunisiens-par-l-italie-en-2024\\\/220076\\\/\",\"name\":\"Plus de 8000 visas de travail accord\u00e9s aux Tunisiens par l\u2019Italie en 2024\",\"isPartOf\":{\"@id\":\"https:\\\/\\\/www.webdo.tn\\\/fr\\\/#website\"},\"primaryImageOfPage\":{\"@id\":\"https:\\\/\\\/www.webdo.tn\\\/fr\\\/actualite\\\/national\\\/plus-de-8000-visas-de-travail-accordes-aux-tunisiens-par-l-italie-en-2024\\\/220076\\\/#primaryimage\"},\"image\":{\"@id\":\"https:\\\/\\\/www.webdo.tn\\\/fr\\\/actualite\\\/national\\\/plus-de-8000-visas-de-travail-accordes-aux-tunisiens-par-l-italie-en-2024\\\/220076\\\/#primaryimage\"},\"thumbnailUrl\":\"https:\\\/\\\/www.webdo.tn\\\/fr\\\/wp-content\\\/uploads\\\/2025\\\/05\\\/512db8908f81797ab4e55e8658d76bd6-2.webp\",\"datePublished\":\"2025-02-24T15:36:00+00:00\",\"dateModified\":\"2025-05-20T21:42:33+00:00\",\"description\":\"L\u2019Italie a d\u00e9livr\u00e9 plus de 8000 visas de travail aux Tunisiens au cours de l\u2019ann\u00e9e \u00e9coul\u00e9e, a r\u00e9v\u00e9l\u00e9 ce lundi 24 f\u00e9vrier 2025 l\u2019ambassadeur d\u2019Italie en Tunisie,...\",\"breadcrumb\":{\"@id\":\"https:\\\/\\\/www.webdo.tn\\\/fr\\\/actualite\\\/national\\\/plus-de-8000-visas-de-travail-accordes-aux-tunisiens-par-l-italie-en-2024\\\/220076\\\/#breadcrumb\"},\"inLanguage\":\"fr-FR\",\"potentialAction\":[{\"@type\":\"ReadAction\",\"target\":[\"https:\\\/\\\/www.webdo.tn\\\/fr\\\/actualite\\\/national\\\/plus-de-8000-visas-de-travail-accordes-aux-tunisiens-par-l-italie-en-2024\\\/220076\\\/\"]}]},{\"@type\":\"ImageObject\",\"inLanguage\":\"fr-FR\",\"@id\":\"https:\\\/\\\/www.webdo.tn\\\/fr\\\/actualite\\\/national\\\/plus-de-8000-visas-de-travail-accordes-aux-tunisiens-par-l-italie-en-2024\\\/220076\\\/#primaryimage\",\"url\":\"https:\\\/\\\/www.webdo.tn\\\/fr\\\/wp-content\\\/uploads\\\/2025\\\/05\\\/512db8908f81797ab4e55e8658d76bd6-2.webp\",\"contentUrl\":\"https:\\\/\\\/www.webdo.tn\\\/fr\\\/wp-content\\\/uploads\\\/2025\\\/05\\\/512db8908f81797ab4e55e8658d76bd6-2.webp\",\"width\":750,\"height\":400},{\"@type\":\"BreadcrumbList\",\"@id\":\"https:\\\/\\\/www.webdo.tn\\\/fr\\\/actualite\\\/national\\\/plus-de-8000-visas-de-travail-accordes-aux-tunisiens-par-l-italie-en-2024\\\/220076\\\/#breadcrumb\",\"itemListElement\":[{\"@type\":\"ListItem\",\"position\":1,\"name\":\"Accueil\",\"item\":\"https:\\\/\\\/www.webdo.tn\\\/fr\\\/\"},{\"@type\":\"ListItem\",\"position\":2,\"name\":\"Plus de 8000 visas de travail accord\u00e9s aux Tunisiens par l\u2019Italie en 2024\"}]},{\"@type\":\"WebSite\",\"@id\":\"https:\\\/\\\/www.webdo.tn\\\/fr\\\/#website\",\"url\":\"https:\\\/\\\/www.webdo.tn\\\/fr\\\/\",\"name\":\"webdo\",\"description\":\"Tunisie - News en Tunisie et \u00e0 l&#039;international sur Webdo.tn\",\"publisher\":{\"@id\":\"https:\\\/\\\/www.webdo.tn\\\/fr\\\/#organization\"},\"potentialAction\":[{\"@type\":\"SearchAction\",\"target\":{\"@type\":\"EntryPoint\",\"urlTemplate\":\"https:\\\/\\\/www.webdo.tn\\\/fr\\\/?s={search_term_string}\"},\"query-input\":{\"@type\":\"PropertyValueSpecification\",\"valueRequired\":true,\"valueName\":\"search_term_string\"}}],\"inLanguage\":\"fr-FR\"},{\"@type\":\"Organization\",\"@id\":\"https:\\\/\\\/www.webdo.tn\\\/fr\\\/#organization\",\"name\":\"Webdo\",\"alternateName\":\"Webdo.tn\",\"url\":\"https:\\\/\\\/www.webdo.tn\\\/fr\\\/\",\"logo\":{\"@type\":\"ImageObject\",\"inLanguage\":\"fr-FR\",\"@id\":\"https:\\\/\\\/www.webdo.tn\\\/fr\\\/#\\\/schema\\\/logo\\\/image\\\/\",\"url\":\"https:\\\/\\\/www.webdo.tn\\\/fr\\\/wp-content\\\/uploads\\\/2025\\\/06\\\/Webdo-Tunisie_168377.jpg\",\"contentUrl\":\"https:\\\/\\\/www.webdo.tn\\\/fr\\\/wp-content\\\/uploads\\\/2025\\\/06\\\/Webdo-Tunisie_168377.jpg\",\"width\":301,\"height\":301,\"caption\":\"Webdo\"},\"image\":{\"@id\":\"https:\\\/\\\/www.webdo.tn\\\/fr\\\/#\\\/schema\\\/logo\\\/image\\\/\"},\"sameAs\":[\"https:\\\/\\\/www.facebook.com\\\/webdotn\",\"https:\\\/\\\/x.com\\\/webdo_tn\"],\"description\":\"Webdo est un m\u00e9dia num\u00e9rique tunisien fond\u00e9 en 2010, sp\u00e9cialis\u00e9 dans l\u2019actualit\u00e9 nationale et internationale, l\u2019\u00e9conomie, la soci\u00e9t\u00e9 et les analyses politiques. Le site s\u2019adresse \u00e0 un large public francophone et couvre l\u2019information tunisienne en temps r\u00e9el.\",\"email\":\"redac@webdo.tn\",\"legalName\":\"YNJ SARL\",\"foundingDate\":\"2010-09-06\",\"numberOfEmployees\":{\"@type\":\"QuantitativeValue\",\"minValue\":\"11\",\"maxValue\":\"50\"}},{\"@type\":\"Person\",\"@id\":\"https:\\\/\\\/www.webdo.tn\\\/fr\\\/#\\\/schema\\\/person\\\/2c4929cbf5a809e3bd38617c6ce150f6\",\"name\":\"MC\",\"image\":{\"@type\":\"ImageObject\",\"inLanguage\":\"fr-FR\",\"@id\":\"https:\\\/\\\/secure.gravatar.com\\\/avatar\\\/a545bbb6f84efdd5553dbbc2895e3ca8f1d12c5215e00a041c9670b54aa9b18a?s=96&d=mm&r=g\",\"url\":\"https:\\\/\\\/secure.gravatar.com\\\/avatar\\\/a545bbb6f84efdd5553dbbc2895e3ca8f1d12c5215e00a041c9670b54aa9b18a?s=96&d=mm&r=g\",\"contentUrl\":\"https:\\\/\\\/secure.gravatar.com\\\/avatar\\\/a545bbb6f84efdd5553dbbc2895e3ca8f1d12c5215e00a041c9670b54aa9b18a?s=96&d=mm&r=g\",\"caption\":\"MC\"},\"url\":\"https:\\\/\\\/www.webdo.tn\\\/fr\\\/actualite\\\/author\\\/mc\\\/\"}]}<\/script>\n<!-- \/ Yoast SEO Premium plugin. -->","yoast_head_json":{"title":"Plus de 8000 visas de travail accord\u00e9s aux Tunisiens par l\u2019Italie en 2024","description":"L\u2019Italie a d\u00e9livr\u00e9 plus de 8000 visas de travail aux Tunisiens au cours de l\u2019ann\u00e9e \u00e9coul\u00e9e, a r\u00e9v\u00e9l\u00e9 ce lundi 24 f\u00e9vrier 2025 l\u2019ambassadeur d\u2019Italie en Tunisie,...","canonical":"https:\/\/www.webdo.tn\/fr\/actualite\/national\/plus-de-8000-visas-de-travail-accordes-aux-tunisiens-par-l-italie-en-2024\/220076\/","og_locale":"fr_FR","og_type":"article","og_title":"Plus de 8000 visas de travail accord\u00e9s aux Tunisiens par l\u2019Italie en 2024","og_description":"L\u2019Italie a d\u00e9livr\u00e9 plus de 8000 visas de travail aux Tunisiens au cours de l\u2019ann\u00e9e \u00e9coul\u00e9e, a r\u00e9v\u00e9l\u00e9 ce lundi 24 f\u00e9vrier 2025 l\u2019ambassadeur d\u2019Italie en Tunisie,...","og_url":"https:\/\/www.webdo.tn\/fr\/actualite\/national\/plus-de-8000-visas-de-travail-accordes-aux-tunisiens-par-l-italie-en-2024\/220076\/","og_site_name":"webdo","article_publisher":"https:\/\/www.facebook.com\/webdotn","article_published_time":"2025-02-24T15:36:00+00:00","article_modified_time":"2025-05-20T21:42:33+00:00","og_image":[{"width":750,"height":400,"url":"https:\/\/www.webdo.tn\/fr\/wp-content\/uploads\/2025\/05\/512db8908f81797ab4e55e8658d76bd6-2.webp","type":"image\/webp"}],"author":"MC","twitter_card":"summary_large_image","twitter_creator":"@webdo_tn","twitter_site":"@webdo_tn","twitter_misc":{"\u00c9crit par":"MC","Dur\u00e9e de lecture estim\u00e9e":"1 minute"},"schema":{"@context":"https:\/\/schema.org","@graph":[{"@type":"NewsArticle","@id":"https:\/\/www.webdo.tn\/fr\/actualite\/national\/plus-de-8000-visas-de-travail-accordes-aux-tunisiens-par-l-italie-en-2024\/220076\/#article","isPartOf":{"@id":"https:\/\/www.webdo.tn\/fr\/actualite\/national\/plus-de-8000-visas-de-travail-accordes-aux-tunisiens-par-l-italie-en-2024\/220076\/"},"author":{"name":"MC","@id":"https:\/\/www.webdo.tn\/fr\/#\/schema\/person\/2c4929cbf5a809e3bd38617c6ce150f6"},"headline":"Plus de 8000 visas de travail accord\u00e9s aux Tunisiens par l\u2019Italie en 2024","datePublished":"2025-02-24T15:36:00+00:00","dateModified":"2025-05-20T21:42:33+00:00","mainEntityOfPage":{"@id":"https:\/\/www.webdo.tn\/fr\/actualite\/national\/plus-de-8000-visas-de-travail-accordes-aux-tunisiens-par-l-italie-en-2024\/220076\/"},"wordCount":252,"commentCount":0,"publisher":{"@id":"https:\/\/www.webdo.tn\/fr\/#organization"},"image":{"@id":"https:\/\/www.webdo.tn\/fr\/actualite\/national\/plus-de-8000-visas-de-travail-accordes-aux-tunisiens-par-l-italie-en-2024\/220076\/#primaryimage"},"thumbnailUrl":"https:\/\/www.webdo.tn\/fr\/wp-content\/uploads\/2025\/05\/512db8908f81797ab4e55e8658d76bd6-2.webp","keywords":["Italie","travail","Tunisie","visa"],"articleSection":["National"],"inLanguage":"fr-FR"},{"@type":"WebPage","@id":"https:\/\/www.webdo.tn\/fr\/actualite\/national\/plus-de-8000-visas-de-travail-accordes-aux-tunisiens-par-l-italie-en-2024\/220076\/","url":"https:\/\/www.webdo.tn\/fr\/actualite\/national\/plus-de-8000-visas-de-travail-accordes-aux-tunisiens-par-l-italie-en-2024\/220076\/","name":"Plus de 8000 visas de travail accord\u00e9s aux Tunisiens par l\u2019Italie en 2024","isPartOf":{"@id":"https:\/\/www.webdo.tn\/fr\/#website"},"primaryImageOfPage":{"@id":"https:\/\/www.webdo.tn\/fr\/actualite\/national\/plus-de-8000-visas-de-travail-accordes-aux-tunisiens-par-l-italie-en-2024\/220076\/#primaryimage"},"image":{"@id":"https:\/\/www.webdo.tn\/fr\/actualite\/national\/plus-de-8000-visas-de-travail-accordes-aux-tunisiens-par-l-italie-en-2024\/220076\/#primaryimage"},"thumbnailUrl":"https:\/\/www.webdo.tn\/fr\/wp-content\/uploads\/2025\/05\/512db8908f81797ab4e55e8658d76bd6-2.webp","datePublished":"2025-02-24T15:36:00+00:00","dateModified":"2025-05-20T21:42:33+00:00","description":"L\u2019Italie a d\u00e9livr\u00e9 plus de 8000 visas de travail aux Tunisiens au cours de l\u2019ann\u00e9e \u00e9coul\u00e9e, a r\u00e9v\u00e9l\u00e9 ce lundi 24 f\u00e9vrier 2025 l\u2019ambassadeur d\u2019Italie en Tunisie,...","breadcrumb":{"@id":"https:\/\/www.webdo.tn\/fr\/actualite\/national\/plus-de-8000-visas-de-travail-accordes-aux-tunisiens-par-l-italie-en-2024\/220076\/#breadcrumb"},"inLanguage":"fr-FR","potentialAction":[{"@type":"ReadAction","target":["https:\/\/www.webdo.tn\/fr\/actualite\/national\/plus-de-8000-visas-de-travail-accordes-aux-tunisiens-par-l-italie-en-2024\/220076\/"]}]},{"@type":"ImageObject","inLanguage":"fr-FR","@id":"https:\/\/www.webdo.tn\/fr\/actualite\/national\/plus-de-8000-visas-de-travail-accordes-aux-tunisiens-par-l-italie-en-2024\/220076\/#primaryimage","url":"https:\/\/www.webdo.tn\/fr\/wp-content\/uploads\/2025\/05\/512db8908f81797ab4e55e8658d76bd6-2.webp","contentUrl":"https:\/\/www.webdo.tn\/fr\/wp-content\/uploads\/2025\/05\/512db8908f81797ab4e55e8658d76bd6-2.webp","width":750,"height":400},{"@type":"BreadcrumbList","@id":"https:\/\/www.webdo.tn\/fr\/actualite\/national\/plus-de-8000-visas-de-travail-accordes-aux-tunisiens-par-l-italie-en-2024\/220076\/#breadcrumb","itemListElement":[{"@type":"ListItem","position":1,"name":"Accueil","item":"https:\/\/www.webdo.tn\/fr\/"},{"@type":"ListItem","position":2,"name":"Plus de 8000 visas de travail accord\u00e9s aux Tunisiens par l\u2019Italie en 2024"}]},{"@type":"WebSite","@id":"https:\/\/www.webdo.tn\/fr\/#website","url":"https:\/\/www.webdo.tn\/fr\/","name":"webdo","description":"Tunisie - News en Tunisie et \u00e0 l&#039;international sur Webdo.tn","publisher":{"@id":"https:\/\/www.webdo.tn\/fr\/#organization"},"potentialAction":[{"@type":"SearchAction","target":{"@type":"EntryPoint","urlTemplate":"https:\/\/www.webdo.tn\/fr\/?s={search_term_string}"},"query-input":{"@type":"PropertyValueSpecification","valueRequired":true,"valueName":"search_term_string"}}],"inLanguage":"fr-FR"},{"@type":"Organization","@id":"https:\/\/www.webdo.tn\/fr\/#organization","name":"Webdo","alternateName":"Webdo.tn","url":"https:\/\/www.webdo.tn\/fr\/","logo":{"@type":"ImageObject","inLanguage":"fr-FR","@id":"https:\/\/www.webdo.tn\/fr\/#\/schema\/logo\/image\/","url":"https:\/\/www.webdo.tn\/fr\/wp-content\/uploads\/2025\/06\/Webdo-Tunisie_168377.jpg","contentUrl":"https:\/\/www.webdo.tn\/fr\/wp-content\/uploads\/2025\/06\/Webdo-Tunisie_168377.jpg","width":301,"height":301,"caption":"Webdo"},"image":{"@id":"https:\/\/www.webdo.tn\/fr\/#\/schema\/logo\/image\/"},"sameAs":["https:\/\/www.facebook.com\/webdotn","https:\/\/x.com\/webdo_tn"],"description":"Webdo est un m\u00e9dia num\u00e9rique tunisien fond\u00e9 en 2010, sp\u00e9cialis\u00e9 dans l\u2019actualit\u00e9 nationale et internationale, l\u2019\u00e9conomie, la soci\u00e9t\u00e9 et les analyses politiques. Le site s\u2019adresse \u00e0 un large public francophone et couvre l\u2019information tunisienne en temps r\u00e9el.","email":"redac@webdo.tn","legalName":"YNJ SARL","foundingDate":"2010-09-06","numberOfEmployees":{"@type":"QuantitativeValue","minValue":"11","maxValue":"50"}},{"@type":"Person","@id":"https:\/\/www.webdo.tn\/fr\/#\/schema\/person\/2c4929cbf5a809e3bd38617c6ce150f6","name":"MC","image":{"@type":"ImageObject","inLanguage":"fr-FR","@id":"https:\/\/secure.gravatar.com\/avatar\/a545bbb6f84efdd5553dbbc2895e3ca8f1d12c5215e00a041c9670b54aa9b18a?s=96&d=mm&r=g","url":"https:\/\/secure.gravatar.com\/avatar\/a545bbb6f84efdd5553dbbc2895e3ca8f1d12c5215e00a041c9670b54aa9b18a?s=96&d=mm&r=g","contentUrl":"https:\/\/secure.gravatar.com\/avatar\/a545bbb6f84efdd5553dbbc2895e3ca8f1d12c5215e00a041c9670b54aa9b18a?s=96&d=mm&r=g","caption":"MC"},"url":"https:\/\/www.webdo.tn\/fr\/actualite\/author\/mc\/"}]}},"_links":{"self":[{"href":"https:\/\/www.webdo.tn\/fr\/wp-json\/wp\/v2\/posts\/220076","targetHints":{"allow":["GET"]}}],"collection":[{"href":"https:\/\/www.webdo.tn\/fr\/wp-json\/wp\/v2\/posts"}],"about":[{"href":"https:\/\/www.webdo.tn\/fr\/wp-json\/wp\/v2\/types\/post"}],"author":[{"embeddable":true,"href":"https:\/\/www.webdo.tn\/fr\/wp-json\/wp\/v2\/users\/3162"}],"replies":[{"embeddable":true,"href":"https:\/\/www.webdo.tn\/fr\/wp-json\/wp\/v2\/comments?post=220076"}],"version-history":[{"count":0,"href":"https:\/\/www.webdo.tn\/fr\/wp-json\/wp\/v2\/posts\/220076\/revisions"}],"wp:featuredmedia":[{"embeddable":true,"href":"https:\/\/www.webdo.tn\/fr\/wp-json\/wp\/v2\/media\/242038"}],"wp:attachment":[{"href":"https:\/\/www.webdo.tn\/fr\/wp-json\/wp\/v2\/media?parent=220076"}],"wp:term":[{"taxonomy":"category","embeddable":true,"href":"https:\/\/www.webdo.tn\/fr\/wp-json\/wp\/v2\/categories?post=220076"},{"taxonomy":"post_tag","embeddable":true,"href":"https:\/\/www.webdo.tn\/fr\/wp-json\/wp\/v2\/tags?post=220076"}],"curies":[{"name":"wp","href":"https:\/\/api.w.org\/{rel}","templated":true}]}}