{"id":220045,"date":"2025-02-23T11:37:00","date_gmt":"2025-02-23T11:37:00","guid":{"rendered":"https:\/\/www.webdo.tn\/fr\/blog\/2025\/02\/23\/attaque-de-mulhouse-tensions-franco-algeriennes-et-interrogations-sur-la-fermete-de-macron\/"},"modified":"2025-05-17T20:10:49","modified_gmt":"2025-05-17T20:10:49","slug":"attaque-de-mulhouse-tensions-franco-algeriennes-et-interrogations-sur-la-fermete-de-macron","status":"publish","type":"post","link":"https:\/\/www.webdo.tn\/fr\/actualite\/international\/attaque-de-mulhouse-tensions-franco-algeriennes-et-interrogations-sur-la-fermete-de-macron\/220045\/","title":{"rendered":"Attaque de Mulhouse : Tensions franco-alg\u00e9riennes et interrogations sur la fermet\u00e9 de Macron"},"content":{"rendered":"<p>L&rsquo;attaque au couteau survenue samedi \u00e0 Mulhouse, qui a fait un mort et plusieurs bless\u00e9s, est instrumentalis\u00e9e pour raviver les tensions entre la France et l&rsquo;Alg\u00e9rie.\u00a0<\/p>\n<p>Si l&rsquo;assaillant est effectivement un ressortissant alg\u00e9rien fich\u00e9 pour radicalisation et sous le coup d&rsquo;une OQTF, la situation illustre la complexit\u00e9 des proc\u00e9dures d&rsquo;expulsion qui n\u00e9cessitent des v\u00e9rifications rigoureuses de nationalit\u00e9 et le respect des proc\u00e9dures l\u00e9gales internationales.\u00a0<\/p>\n<p>La r\u00e9action fran\u00e7aise Les d\u00e9clarations de Bruno Retailleau, ministre de l&rsquo;Int\u00e9rieur fran\u00e7ais, accusant l&rsquo;Alg\u00e9rie d&rsquo;avoir \u00ab\u00a0refus\u00e9 dix fois de reprendre cet individu\u00a0\u00bb, s&rsquo;inscrivent dans un contexte politique fran\u00e7ais tendu.\u00a0<\/p>\n<p>Ces propos, qui simplifient une situation administrative complexe, interviennent dans un climat d\u00e9j\u00e0 marqu\u00e9 par des d\u00e9saccords sur plusieurs dossiers, notamment la m\u00e9moire coloniale et la gestion des flux migratoires.\u00a0<\/p>\n<p>La position de Macron La prudence d&rsquo;Emmanuel Macron face aux appels au durcissement du ton refl\u00e8te une compr\u00e9hension plus fine des enjeux bilat\u00e9raux. Les relations franco-alg\u00e9riennes reposent sur des int\u00e9r\u00eats communs : partenariats \u00e9conomiques, coop\u00e9ration s\u00e9curitaire en Afrique du Nord et \u00e9changes culturels.\u00a0<\/p>\n<p>Cette approche \u00e9quilibr\u00e9e, critiqu\u00e9e par l&rsquo;opposition fran\u00e7aise comme un signe de faiblesse, t\u00e9moigne plut\u00f4t d&rsquo;une volont\u00e9 de pr\u00e9server un dialogue constructif entre les deux pays.\u00a0<br \/>\nLes enjeux r\u00e9els Si l&rsquo;attaque de Mulhouse soul\u00e8ve des questions l\u00e9gitimes sur les proc\u00e9dures d&rsquo;expulsion, elle ne devrait pas occulter l&rsquo;importance d&rsquo;une coop\u00e9ration bilat\u00e9rale bas\u00e9e sur le respect mutuel.\u00a0<br \/>\nLa r\u00e9ponse politique dans les jours \u00e0 venir devra \u00e9viter l&rsquo;\u00e9cueil d&rsquo;une instrumentalisation excessive, alors que les enjeux communs aux deux pays n\u00e9cessitent plus que jamais un dialogue serein et constructif.<\/p>\n","protected":false},"excerpt":{"rendered":"<p>Si l&rsquo;assaillant est effectivement un ressortissant alg\u00e9rien fich\u00e9 pour radicalisation et sous le coup d&rsquo;une OQTF, la situation illustre la complexit\u00e9 des proc\u00e9d&#8230;<\/p>\n","protected":false},"author":4779,"featured_media":242056,"comment_status":"open","ping_status":"open","sticky":false,"template":"","format":"standard","meta":{"footnotes":""},"categories":[2598],"tags":[3918,2998,3535],"class_list":["post-220045","post","type-post","status-publish","format-standard","has-post-thumbnail","hentry","category-international","tag-attaque","tag-france","tag-macron"],"yoast_head":"<!-- This site is optimized with the Yoast SEO Premium plugin v27.4 (Yoast SEO v27.5) - https:\/\/yoast.com\/product\/yoast-seo-premium-wordpress\/ -->\n<title>Attaque de Mulhouse : Tensions franco-alg\u00e9riennes et interrogations sur la fermet\u00e9 de Macron<\/title>\n<meta name=\"description\" content=\"Si l&#039;assaillant est effectivement un ressortissant alg\u00e9rien fich\u00e9 pour radicalisation et sous le coup d&#039;une OQTF, la situation illustre la complexit\u00e9 des proc\u00e9d...\" \/>\n<link rel=\"canonical\" href=\"https:\/\/www.webdo.tn\/fr\/actualite\/international\/attaque-de-mulhouse-tensions-franco-algeriennes-et-interrogations-sur-la-fermete-de-macron\/220045\/\" \/>\n<meta property=\"og:locale\" content=\"fr_FR\" \/>\n<meta property=\"og:type\" content=\"article\" \/>\n<meta property=\"og:title\" content=\"Attaque de Mulhouse : Tensions franco-alg\u00e9riennes et interrogations sur la fermet\u00e9 de Macron\" \/>\n<meta property=\"og:description\" content=\"Si l&#039;assaillant est effectivement un ressortissant alg\u00e9rien fich\u00e9 pour radicalisation et sous le coup d&#039;une OQTF, la situation illustre la complexit\u00e9 des proc\u00e9d...\" \/>\n<meta property=\"og:url\" content=\"https:\/\/www.webdo.tn\/fr\/actualite\/international\/attaque-de-mulhouse-tensions-franco-algeriennes-et-interrogations-sur-la-fermete-de-macron\/220045\/\" \/>\n<meta property=\"og:site_name\" content=\"webdo\" \/>\n<meta property=\"article:publisher\" content=\"https:\/\/www.facebook.com\/webdotn\" \/>\n<meta property=\"article:published_time\" content=\"2025-02-23T11:37:00+00:00\" \/>\n<meta property=\"article:modified_time\" content=\"2025-05-17T20:10:49+00:00\" \/>\n<meta property=\"og:image\" content=\"https:\/\/www.webdo.tn\/fr\/wp-content\/uploads\/2025\/05\/1e232135a73c8fd288a86eaf960232ac-2.webp\" \/>\n\t<meta property=\"og:image:width\" content=\"432\" \/>\n\t<meta property=\"og:image:height\" content=\"230\" \/>\n\t<meta property=\"og:image:type\" content=\"image\/webp\" \/>\n<meta name=\"author\" content=\"Firas Ben Abdeltif\" \/>\n<meta name=\"twitter:card\" content=\"summary_large_image\" \/>\n<meta name=\"twitter:creator\" content=\"@webdo_tn\" \/>\n<meta name=\"twitter:site\" content=\"@webdo_tn\" \/>\n<meta name=\"twitter:label1\" content=\"\u00c9crit par\" \/>\n\t<meta name=\"twitter:data1\" content=\"Firas Ben Abdeltif\" \/>\n\t<meta name=\"twitter:label2\" content=\"Dur\u00e9e de lecture estim\u00e9e\" \/>\n\t<meta name=\"twitter:data2\" content=\"1 minute\" \/>\n<script type=\"application\/ld+json\" class=\"yoast-schema-graph\">{\"@context\":\"https:\\\/\\\/schema.org\",\"@graph\":[{\"@type\":\"NewsArticle\",\"@id\":\"https:\\\/\\\/www.webdo.tn\\\/fr\\\/actualite\\\/international\\\/attaque-de-mulhouse-tensions-franco-algeriennes-et-interrogations-sur-la-fermete-de-macron\\\/220045\\\/#article\",\"isPartOf\":{\"@id\":\"https:\\\/\\\/www.webdo.tn\\\/fr\\\/actualite\\\/international\\\/attaque-de-mulhouse-tensions-franco-algeriennes-et-interrogations-sur-la-fermete-de-macron\\\/220045\\\/\"},\"author\":{\"name\":\"Firas Ben Abdeltif\",\"@id\":\"https:\\\/\\\/www.webdo.tn\\\/fr\\\/#\\\/schema\\\/person\\\/19664196c9bfdcda126f3c27709f7d11\"},\"headline\":\"Attaque de Mulhouse : Tensions franco-alg\u00e9riennes et interrogations sur la fermet\u00e9 de Macron\",\"datePublished\":\"2025-02-23T11:37:00+00:00\",\"dateModified\":\"2025-05-17T20:10:49+00:00\",\"mainEntityOfPage\":{\"@id\":\"https:\\\/\\\/www.webdo.tn\\\/fr\\\/actualite\\\/international\\\/attaque-de-mulhouse-tensions-franco-algeriennes-et-interrogations-sur-la-fermete-de-macron\\\/220045\\\/\"},\"wordCount\":321,\"commentCount\":0,\"publisher\":{\"@id\":\"https:\\\/\\\/www.webdo.tn\\\/fr\\\/#organization\"},\"image\":{\"@id\":\"https:\\\/\\\/www.webdo.tn\\\/fr\\\/actualite\\\/international\\\/attaque-de-mulhouse-tensions-franco-algeriennes-et-interrogations-sur-la-fermete-de-macron\\\/220045\\\/#primaryimage\"},\"thumbnailUrl\":\"https:\\\/\\\/www.webdo.tn\\\/fr\\\/wp-content\\\/uploads\\\/2025\\\/05\\\/1e232135a73c8fd288a86eaf960232ac-2.webp\",\"keywords\":[\"attaque\",\"france\",\"macron\"],\"articleSection\":[\"International\"],\"inLanguage\":\"fr-FR\"},{\"@type\":\"WebPage\",\"@id\":\"https:\\\/\\\/www.webdo.tn\\\/fr\\\/actualite\\\/international\\\/attaque-de-mulhouse-tensions-franco-algeriennes-et-interrogations-sur-la-fermete-de-macron\\\/220045\\\/\",\"url\":\"https:\\\/\\\/www.webdo.tn\\\/fr\\\/actualite\\\/international\\\/attaque-de-mulhouse-tensions-franco-algeriennes-et-interrogations-sur-la-fermete-de-macron\\\/220045\\\/\",\"name\":\"Attaque de Mulhouse : Tensions franco-alg\u00e9riennes et interrogations sur la fermet\u00e9 de Macron\",\"isPartOf\":{\"@id\":\"https:\\\/\\\/www.webdo.tn\\\/fr\\\/#website\"},\"primaryImageOfPage\":{\"@id\":\"https:\\\/\\\/www.webdo.tn\\\/fr\\\/actualite\\\/international\\\/attaque-de-mulhouse-tensions-franco-algeriennes-et-interrogations-sur-la-fermete-de-macron\\\/220045\\\/#primaryimage\"},\"image\":{\"@id\":\"https:\\\/\\\/www.webdo.tn\\\/fr\\\/actualite\\\/international\\\/attaque-de-mulhouse-tensions-franco-algeriennes-et-interrogations-sur-la-fermete-de-macron\\\/220045\\\/#primaryimage\"},\"thumbnailUrl\":\"https:\\\/\\\/www.webdo.tn\\\/fr\\\/wp-content\\\/uploads\\\/2025\\\/05\\\/1e232135a73c8fd288a86eaf960232ac-2.webp\",\"datePublished\":\"2025-02-23T11:37:00+00:00\",\"dateModified\":\"2025-05-17T20:10:49+00:00\",\"description\":\"Si l'assaillant est effectivement un ressortissant alg\u00e9rien fich\u00e9 pour radicalisation et sous le coup d'une OQTF, la situation illustre la complexit\u00e9 des proc\u00e9d...\",\"breadcrumb\":{\"@id\":\"https:\\\/\\\/www.webdo.tn\\\/fr\\\/actualite\\\/international\\\/attaque-de-mulhouse-tensions-franco-algeriennes-et-interrogations-sur-la-fermete-de-macron\\\/220045\\\/#breadcrumb\"},\"inLanguage\":\"fr-FR\",\"potentialAction\":[{\"@type\":\"ReadAction\",\"target\":[\"https:\\\/\\\/www.webdo.tn\\\/fr\\\/actualite\\\/international\\\/attaque-de-mulhouse-tensions-franco-algeriennes-et-interrogations-sur-la-fermete-de-macron\\\/220045\\\/\"]}]},{\"@type\":\"ImageObject\",\"inLanguage\":\"fr-FR\",\"@id\":\"https:\\\/\\\/www.webdo.tn\\\/fr\\\/actualite\\\/international\\\/attaque-de-mulhouse-tensions-franco-algeriennes-et-interrogations-sur-la-fermete-de-macron\\\/220045\\\/#primaryimage\",\"url\":\"https:\\\/\\\/www.webdo.tn\\\/fr\\\/wp-content\\\/uploads\\\/2025\\\/05\\\/1e232135a73c8fd288a86eaf960232ac-2.webp\",\"contentUrl\":\"https:\\\/\\\/www.webdo.tn\\\/fr\\\/wp-content\\\/uploads\\\/2025\\\/05\\\/1e232135a73c8fd288a86eaf960232ac-2.webp\",\"width\":432,\"height\":230},{\"@type\":\"BreadcrumbList\",\"@id\":\"https:\\\/\\\/www.webdo.tn\\\/fr\\\/actualite\\\/international\\\/attaque-de-mulhouse-tensions-franco-algeriennes-et-interrogations-sur-la-fermete-de-macron\\\/220045\\\/#breadcrumb\",\"itemListElement\":[{\"@type\":\"ListItem\",\"position\":1,\"name\":\"Accueil\",\"item\":\"https:\\\/\\\/www.webdo.tn\\\/fr\\\/\"},{\"@type\":\"ListItem\",\"position\":2,\"name\":\"Attaque de Mulhouse : Tensions franco-alg\u00e9riennes et interrogations sur la fermet\u00e9 de Macron\"}]},{\"@type\":\"WebSite\",\"@id\":\"https:\\\/\\\/www.webdo.tn\\\/fr\\\/#website\",\"url\":\"https:\\\/\\\/www.webdo.tn\\\/fr\\\/\",\"name\":\"webdo\",\"description\":\"Tunisie - News en Tunisie et \u00e0 l&#039;international sur Webdo.tn\",\"publisher\":{\"@id\":\"https:\\\/\\\/www.webdo.tn\\\/fr\\\/#organization\"},\"potentialAction\":[{\"@type\":\"SearchAction\",\"target\":{\"@type\":\"EntryPoint\",\"urlTemplate\":\"https:\\\/\\\/www.webdo.tn\\\/fr\\\/?s={search_term_string}\"},\"query-input\":{\"@type\":\"PropertyValueSpecification\",\"valueRequired\":true,\"valueName\":\"search_term_string\"}}],\"inLanguage\":\"fr-FR\"},{\"@type\":\"Organization\",\"@id\":\"https:\\\/\\\/www.webdo.tn\\\/fr\\\/#organization\",\"name\":\"Webdo\",\"alternateName\":\"Webdo.tn\",\"url\":\"https:\\\/\\\/www.webdo.tn\\\/fr\\\/\",\"logo\":{\"@type\":\"ImageObject\",\"inLanguage\":\"fr-FR\",\"@id\":\"https:\\\/\\\/www.webdo.tn\\\/fr\\\/#\\\/schema\\\/logo\\\/image\\\/\",\"url\":\"https:\\\/\\\/www.webdo.tn\\\/fr\\\/wp-content\\\/uploads\\\/2025\\\/06\\\/Webdo-Tunisie_168377.jpg\",\"contentUrl\":\"https:\\\/\\\/www.webdo.tn\\\/fr\\\/wp-content\\\/uploads\\\/2025\\\/06\\\/Webdo-Tunisie_168377.jpg\",\"width\":301,\"height\":301,\"caption\":\"Webdo\"},\"image\":{\"@id\":\"https:\\\/\\\/www.webdo.tn\\\/fr\\\/#\\\/schema\\\/logo\\\/image\\\/\"},\"sameAs\":[\"https:\\\/\\\/www.facebook.com\\\/webdotn\",\"https:\\\/\\\/x.com\\\/webdo_tn\"],\"description\":\"Webdo est un m\u00e9dia num\u00e9rique tunisien fond\u00e9 en 2010, sp\u00e9cialis\u00e9 dans l\u2019actualit\u00e9 nationale et internationale, l\u2019\u00e9conomie, la soci\u00e9t\u00e9 et les analyses politiques. Le site s\u2019adresse \u00e0 un large public francophone et couvre l\u2019information tunisienne en temps r\u00e9el.\",\"email\":\"redac@webdo.tn\",\"legalName\":\"YNJ SARL\",\"foundingDate\":\"2010-09-06\",\"numberOfEmployees\":{\"@type\":\"QuantitativeValue\",\"minValue\":\"11\",\"maxValue\":\"50\"}},{\"@type\":\"Person\",\"@id\":\"https:\\\/\\\/www.webdo.tn\\\/fr\\\/#\\\/schema\\\/person\\\/19664196c9bfdcda126f3c27709f7d11\",\"name\":\"Firas Ben Abdeltif\",\"image\":{\"@type\":\"ImageObject\",\"inLanguage\":\"fr-FR\",\"@id\":\"https:\\\/\\\/secure.gravatar.com\\\/avatar\\\/161a347d40df098a084778c52ed133dbd85f14df003867067c5948081241ec55?s=96&d=mm&r=g\",\"url\":\"https:\\\/\\\/secure.gravatar.com\\\/avatar\\\/161a347d40df098a084778c52ed133dbd85f14df003867067c5948081241ec55?s=96&d=mm&r=g\",\"contentUrl\":\"https:\\\/\\\/secure.gravatar.com\\\/avatar\\\/161a347d40df098a084778c52ed133dbd85f14df003867067c5948081241ec55?s=96&d=mm&r=g\",\"caption\":\"Firas Ben Abdeltif\"},\"url\":\"https:\\\/\\\/www.webdo.tn\\\/fr\\\/actualite\\\/author\\\/firas-ben-abdeltif\\\/\"}]}<\/script>\n<!-- \/ Yoast SEO Premium plugin. -->","yoast_head_json":{"title":"Attaque de Mulhouse : Tensions franco-alg\u00e9riennes et interrogations sur la fermet\u00e9 de Macron","description":"Si l'assaillant est effectivement un ressortissant alg\u00e9rien fich\u00e9 pour radicalisation et sous le coup d'une OQTF, la situation illustre la complexit\u00e9 des proc\u00e9d...","canonical":"https:\/\/www.webdo.tn\/fr\/actualite\/international\/attaque-de-mulhouse-tensions-franco-algeriennes-et-interrogations-sur-la-fermete-de-macron\/220045\/","og_locale":"fr_FR","og_type":"article","og_title":"Attaque de Mulhouse : Tensions franco-alg\u00e9riennes et interrogations sur la fermet\u00e9 de Macron","og_description":"Si l'assaillant est effectivement un ressortissant alg\u00e9rien fich\u00e9 pour radicalisation et sous le coup d'une OQTF, la situation illustre la complexit\u00e9 des proc\u00e9d...","og_url":"https:\/\/www.webdo.tn\/fr\/actualite\/international\/attaque-de-mulhouse-tensions-franco-algeriennes-et-interrogations-sur-la-fermete-de-macron\/220045\/","og_site_name":"webdo","article_publisher":"https:\/\/www.facebook.com\/webdotn","article_published_time":"2025-02-23T11:37:00+00:00","article_modified_time":"2025-05-17T20:10:49+00:00","og_image":[{"width":432,"height":230,"url":"https:\/\/www.webdo.tn\/fr\/wp-content\/uploads\/2025\/05\/1e232135a73c8fd288a86eaf960232ac-2.webp","type":"image\/webp"}],"author":"Firas Ben Abdeltif","twitter_card":"summary_large_image","twitter_creator":"@webdo_tn","twitter_site":"@webdo_tn","twitter_misc":{"\u00c9crit par":"Firas Ben Abdeltif","Dur\u00e9e de lecture estim\u00e9e":"1 minute"},"schema":{"@context":"https:\/\/schema.org","@graph":[{"@type":"NewsArticle","@id":"https:\/\/www.webdo.tn\/fr\/actualite\/international\/attaque-de-mulhouse-tensions-franco-algeriennes-et-interrogations-sur-la-fermete-de-macron\/220045\/#article","isPartOf":{"@id":"https:\/\/www.webdo.tn\/fr\/actualite\/international\/attaque-de-mulhouse-tensions-franco-algeriennes-et-interrogations-sur-la-fermete-de-macron\/220045\/"},"author":{"name":"Firas Ben Abdeltif","@id":"https:\/\/www.webdo.tn\/fr\/#\/schema\/person\/19664196c9bfdcda126f3c27709f7d11"},"headline":"Attaque de Mulhouse : Tensions franco-alg\u00e9riennes et interrogations sur la fermet\u00e9 de Macron","datePublished":"2025-02-23T11:37:00+00:00","dateModified":"2025-05-17T20:10:49+00:00","mainEntityOfPage":{"@id":"https:\/\/www.webdo.tn\/fr\/actualite\/international\/attaque-de-mulhouse-tensions-franco-algeriennes-et-interrogations-sur-la-fermete-de-macron\/220045\/"},"wordCount":321,"commentCount":0,"publisher":{"@id":"https:\/\/www.webdo.tn\/fr\/#organization"},"image":{"@id":"https:\/\/www.webdo.tn\/fr\/actualite\/international\/attaque-de-mulhouse-tensions-franco-algeriennes-et-interrogations-sur-la-fermete-de-macron\/220045\/#primaryimage"},"thumbnailUrl":"https:\/\/www.webdo.tn\/fr\/wp-content\/uploads\/2025\/05\/1e232135a73c8fd288a86eaf960232ac-2.webp","keywords":["attaque","france","macron"],"articleSection":["International"],"inLanguage":"fr-FR"},{"@type":"WebPage","@id":"https:\/\/www.webdo.tn\/fr\/actualite\/international\/attaque-de-mulhouse-tensions-franco-algeriennes-et-interrogations-sur-la-fermete-de-macron\/220045\/","url":"https:\/\/www.webdo.tn\/fr\/actualite\/international\/attaque-de-mulhouse-tensions-franco-algeriennes-et-interrogations-sur-la-fermete-de-macron\/220045\/","name":"Attaque de Mulhouse : Tensions franco-alg\u00e9riennes et interrogations sur la fermet\u00e9 de Macron","isPartOf":{"@id":"https:\/\/www.webdo.tn\/fr\/#website"},"primaryImageOfPage":{"@id":"https:\/\/www.webdo.tn\/fr\/actualite\/international\/attaque-de-mulhouse-tensions-franco-algeriennes-et-interrogations-sur-la-fermete-de-macron\/220045\/#primaryimage"},"image":{"@id":"https:\/\/www.webdo.tn\/fr\/actualite\/international\/attaque-de-mulhouse-tensions-franco-algeriennes-et-interrogations-sur-la-fermete-de-macron\/220045\/#primaryimage"},"thumbnailUrl":"https:\/\/www.webdo.tn\/fr\/wp-content\/uploads\/2025\/05\/1e232135a73c8fd288a86eaf960232ac-2.webp","datePublished":"2025-02-23T11:37:00+00:00","dateModified":"2025-05-17T20:10:49+00:00","description":"Si l'assaillant est effectivement un ressortissant alg\u00e9rien fich\u00e9 pour radicalisation et sous le coup d'une OQTF, la situation illustre la complexit\u00e9 des proc\u00e9d...","breadcrumb":{"@id":"https:\/\/www.webdo.tn\/fr\/actualite\/international\/attaque-de-mulhouse-tensions-franco-algeriennes-et-interrogations-sur-la-fermete-de-macron\/220045\/#breadcrumb"},"inLanguage":"fr-FR","potentialAction":[{"@type":"ReadAction","target":["https:\/\/www.webdo.tn\/fr\/actualite\/international\/attaque-de-mulhouse-tensions-franco-algeriennes-et-interrogations-sur-la-fermete-de-macron\/220045\/"]}]},{"@type":"ImageObject","inLanguage":"fr-FR","@id":"https:\/\/www.webdo.tn\/fr\/actualite\/international\/attaque-de-mulhouse-tensions-franco-algeriennes-et-interrogations-sur-la-fermete-de-macron\/220045\/#primaryimage","url":"https:\/\/www.webdo.tn\/fr\/wp-content\/uploads\/2025\/05\/1e232135a73c8fd288a86eaf960232ac-2.webp","contentUrl":"https:\/\/www.webdo.tn\/fr\/wp-content\/uploads\/2025\/05\/1e232135a73c8fd288a86eaf960232ac-2.webp","width":432,"height":230},{"@type":"BreadcrumbList","@id":"https:\/\/www.webdo.tn\/fr\/actualite\/international\/attaque-de-mulhouse-tensions-franco-algeriennes-et-interrogations-sur-la-fermete-de-macron\/220045\/#breadcrumb","itemListElement":[{"@type":"ListItem","position":1,"name":"Accueil","item":"https:\/\/www.webdo.tn\/fr\/"},{"@type":"ListItem","position":2,"name":"Attaque de Mulhouse : Tensions franco-alg\u00e9riennes et interrogations sur la fermet\u00e9 de Macron"}]},{"@type":"WebSite","@id":"https:\/\/www.webdo.tn\/fr\/#website","url":"https:\/\/www.webdo.tn\/fr\/","name":"webdo","description":"Tunisie - News en Tunisie et \u00e0 l&#039;international sur Webdo.tn","publisher":{"@id":"https:\/\/www.webdo.tn\/fr\/#organization"},"potentialAction":[{"@type":"SearchAction","target":{"@type":"EntryPoint","urlTemplate":"https:\/\/www.webdo.tn\/fr\/?s={search_term_string}"},"query-input":{"@type":"PropertyValueSpecification","valueRequired":true,"valueName":"search_term_string"}}],"inLanguage":"fr-FR"},{"@type":"Organization","@id":"https:\/\/www.webdo.tn\/fr\/#organization","name":"Webdo","alternateName":"Webdo.tn","url":"https:\/\/www.webdo.tn\/fr\/","logo":{"@type":"ImageObject","inLanguage":"fr-FR","@id":"https:\/\/www.webdo.tn\/fr\/#\/schema\/logo\/image\/","url":"https:\/\/www.webdo.tn\/fr\/wp-content\/uploads\/2025\/06\/Webdo-Tunisie_168377.jpg","contentUrl":"https:\/\/www.webdo.tn\/fr\/wp-content\/uploads\/2025\/06\/Webdo-Tunisie_168377.jpg","width":301,"height":301,"caption":"Webdo"},"image":{"@id":"https:\/\/www.webdo.tn\/fr\/#\/schema\/logo\/image\/"},"sameAs":["https:\/\/www.facebook.com\/webdotn","https:\/\/x.com\/webdo_tn"],"description":"Webdo est un m\u00e9dia num\u00e9rique tunisien fond\u00e9 en 2010, sp\u00e9cialis\u00e9 dans l\u2019actualit\u00e9 nationale et internationale, l\u2019\u00e9conomie, la soci\u00e9t\u00e9 et les analyses politiques. Le site s\u2019adresse \u00e0 un large public francophone et couvre l\u2019information tunisienne en temps r\u00e9el.","email":"redac@webdo.tn","legalName":"YNJ SARL","foundingDate":"2010-09-06","numberOfEmployees":{"@type":"QuantitativeValue","minValue":"11","maxValue":"50"}},{"@type":"Person","@id":"https:\/\/www.webdo.tn\/fr\/#\/schema\/person\/19664196c9bfdcda126f3c27709f7d11","name":"Firas Ben Abdeltif","image":{"@type":"ImageObject","inLanguage":"fr-FR","@id":"https:\/\/secure.gravatar.com\/avatar\/161a347d40df098a084778c52ed133dbd85f14df003867067c5948081241ec55?s=96&d=mm&r=g","url":"https:\/\/secure.gravatar.com\/avatar\/161a347d40df098a084778c52ed133dbd85f14df003867067c5948081241ec55?s=96&d=mm&r=g","contentUrl":"https:\/\/secure.gravatar.com\/avatar\/161a347d40df098a084778c52ed133dbd85f14df003867067c5948081241ec55?s=96&d=mm&r=g","caption":"Firas Ben Abdeltif"},"url":"https:\/\/www.webdo.tn\/fr\/actualite\/author\/firas-ben-abdeltif\/"}]}},"_links":{"self":[{"href":"https:\/\/www.webdo.tn\/fr\/wp-json\/wp\/v2\/posts\/220045","targetHints":{"allow":["GET"]}}],"collection":[{"href":"https:\/\/www.webdo.tn\/fr\/wp-json\/wp\/v2\/posts"}],"about":[{"href":"https:\/\/www.webdo.tn\/fr\/wp-json\/wp\/v2\/types\/post"}],"author":[{"embeddable":true,"href":"https:\/\/www.webdo.tn\/fr\/wp-json\/wp\/v2\/users\/4779"}],"replies":[{"embeddable":true,"href":"https:\/\/www.webdo.tn\/fr\/wp-json\/wp\/v2\/comments?post=220045"}],"version-history":[{"count":0,"href":"https:\/\/www.webdo.tn\/fr\/wp-json\/wp\/v2\/posts\/220045\/revisions"}],"wp:featuredmedia":[{"embeddable":true,"href":"https:\/\/www.webdo.tn\/fr\/wp-json\/wp\/v2\/media\/242056"}],"wp:attachment":[{"href":"https:\/\/www.webdo.tn\/fr\/wp-json\/wp\/v2\/media?parent=220045"}],"wp:term":[{"taxonomy":"category","embeddable":true,"href":"https:\/\/www.webdo.tn\/fr\/wp-json\/wp\/v2\/categories?post=220045"},{"taxonomy":"post_tag","embeddable":true,"href":"https:\/\/www.webdo.tn\/fr\/wp-json\/wp\/v2\/tags?post=220045"}],"curies":[{"name":"wp","href":"https:\/\/api.w.org\/{rel}","templated":true}]}}