{"id":220019,"date":"2025-02-21T18:45:00","date_gmt":"2025-02-21T18:45:00","guid":{"rendered":"https:\/\/www.webdo.tn\/fr\/blog\/2025\/02\/21\/transport-a-pekin-rachid-amri-s-initie-a-l-experience-chinoise-pour-moderniser-le-secteur\/"},"modified":"2025-05-20T22:19:53","modified_gmt":"2025-05-20T22:19:53","slug":"transport-a-pekin-rachid-amri-s-initie-a-l-experience-chinoise-pour-moderniser-le-secteur","status":"publish","type":"post","link":"https:\/\/www.webdo.tn\/fr\/actualite\/national\/transport-a-pekin-rachid-amri-s-initie-a-l-experience-chinoise-pour-moderniser-le-secteur\/220019\/","title":{"rendered":"Transport : A P\u00e9kin, Rachid Amri s\u2019initie \u00e0 l\u2019exp\u00e9rience chinoise pour moderniser le secteur"},"content":{"rendered":"<p>Le ministre du Transport, Rachid Amari, effectue une visite de travail \u00e0 P\u00e9kin afin d&rsquo;explorer les avanc\u00e9es chinoises en mati\u00e8re de transport et d\u2019\u00e9tudier les possibilit\u00e9s d\u2019investissement dans ce secteur cl\u00e9 en Tunisie.<\/p>\n<p>Cette mission, men\u00e9e avec l\u2019appui du Pr\u00e9sident de la R\u00e9publique, Ka\u00efs Sa\u00efed, s\u2019inscrit dans une dynamique de modernisation des infrastructures tunisiennes, notamment le renouvellement du parc de bus, de trains et de rames de m\u00e9tro.\u00a0<\/p>\n<p>Accompagn\u00e9 de l\u2019ambassadeur tunisien en Chine, Amari a tenu plusieurs r\u00e9unions avec des repr\u00e9sentants d\u2019institutions gouvernementales et de grandes entreprises chinoises sp\u00e9cialis\u00e9es dans le transport et les infrastructures.<\/p>\n<p>Les \u00e9changes ont port\u00e9 sur le d\u00e9veloppement de partenariats strat\u00e9giques pour int\u00e9grer les nouvelles technologies dans la gestion des a\u00e9roports, la fabrication de mat\u00e9riels ferroviaires et la modernisation du transport public en Tunisie. Une attention particuli\u00e8re a \u00e9t\u00e9 accord\u00e9e \u00e0 l&rsquo;exp\u00e9rience chinoise en mati\u00e8re de gestion automatis\u00e9e des r\u00e9seaux de transport et \u00e0 l&rsquo;utilisation d\u2019outils de contr\u00f4le \u00e0 distance pour optimiser la mobilit\u00e9 urbaine.<\/p>\n<p>\u00c0 travers cette initiative, la Tunisie cherche \u00e0 tirer parti de l\u2019expertise chinoise pour renforcer ses infrastructures et attirer de nouveaux investissements, dans l\u2019objectif de r\u00e9pondre aux d\u00e9fis de la mobilit\u00e9 et du d\u00e9veloppement durable.<\/p>\n","protected":false},"excerpt":{"rendered":"<p>Cette mission, men\u00e9e avec l\u2019appui du Pr\u00e9sident de la R\u00e9publique, Ka\u00efs Sa\u00efed, s\u2019inscrit dans une dynamique de modernisation des infrastructures tunisiennes, nota&#8230;<\/p>\n","protected":false},"author":3163,"featured_media":242092,"comment_status":"open","ping_status":"open","sticky":false,"template":"","format":"standard","meta":{"footnotes":""},"categories":[44],"tags":[2694,2818,2608],"class_list":["post-220019","post","type-post","status-publish","format-standard","has-post-thumbnail","hentry","category-national","tag-chine","tag-transport","tag-tunisie"],"yoast_head":"<!-- This site is optimized with the Yoast SEO Premium plugin v27.4 (Yoast SEO v27.5) - https:\/\/yoast.com\/product\/yoast-seo-premium-wordpress\/ -->\n<title>Transport : A P\u00e9kin, Rachid Amri s\u2019initie \u00e0 l\u2019exp\u00e9rience chinoise pour moderniser le secteur<\/title>\n<meta name=\"description\" content=\"Cette mission, men\u00e9e avec l\u2019appui du Pr\u00e9sident de la R\u00e9publique, Ka\u00efs Sa\u00efed, s\u2019inscrit dans une dynamique de modernisation des infrastructures tunisiennes, nota...\" \/>\n<link rel=\"canonical\" href=\"https:\/\/www.webdo.tn\/fr\/actualite\/national\/transport-a-pekin-rachid-amri-s-initie-a-l-experience-chinoise-pour-moderniser-le-secteur\/220019\/\" \/>\n<meta property=\"og:locale\" content=\"fr_FR\" \/>\n<meta property=\"og:type\" content=\"article\" \/>\n<meta property=\"og:title\" content=\"Transport : A P\u00e9kin, Rachid Amri s\u2019initie \u00e0 l\u2019exp\u00e9rience chinoise pour moderniser le secteur\" \/>\n<meta property=\"og:description\" content=\"Cette mission, men\u00e9e avec l\u2019appui du Pr\u00e9sident de la R\u00e9publique, Ka\u00efs Sa\u00efed, s\u2019inscrit dans une dynamique de modernisation des infrastructures tunisiennes, nota...\" \/>\n<meta property=\"og:url\" content=\"https:\/\/www.webdo.tn\/fr\/actualite\/national\/transport-a-pekin-rachid-amri-s-initie-a-l-experience-chinoise-pour-moderniser-le-secteur\/220019\/\" \/>\n<meta property=\"og:site_name\" content=\"webdo\" \/>\n<meta property=\"article:publisher\" content=\"https:\/\/www.facebook.com\/webdotn\" \/>\n<meta property=\"article:published_time\" content=\"2025-02-21T18:45:00+00:00\" \/>\n<meta property=\"article:modified_time\" content=\"2025-05-20T22:19:53+00:00\" \/>\n<meta property=\"og:image\" content=\"https:\/\/www.webdo.tn\/fr\/wp-content\/uploads\/2025\/05\/97ec8a1d02af94a612f90ebb8c95298f-2.webp\" \/>\n\t<meta property=\"og:image:width\" content=\"750\" \/>\n\t<meta property=\"og:image:height\" content=\"400\" \/>\n\t<meta property=\"og:image:type\" content=\"image\/webp\" \/>\n<meta name=\"author\" content=\"KJ\" \/>\n<meta name=\"twitter:card\" content=\"summary_large_image\" \/>\n<meta name=\"twitter:creator\" content=\"@webdo_tn\" \/>\n<meta name=\"twitter:site\" content=\"@webdo_tn\" \/>\n<meta name=\"twitter:label1\" content=\"\u00c9crit par\" \/>\n\t<meta name=\"twitter:data1\" content=\"KJ\" \/>\n\t<meta name=\"twitter:label2\" content=\"Dur\u00e9e de lecture estim\u00e9e\" \/>\n\t<meta name=\"twitter:data2\" content=\"1 minute\" \/>\n<script type=\"application\/ld+json\" class=\"yoast-schema-graph\">{\"@context\":\"https:\\\/\\\/schema.org\",\"@graph\":[{\"@type\":\"NewsArticle\",\"@id\":\"https:\\\/\\\/www.webdo.tn\\\/fr\\\/actualite\\\/national\\\/transport-a-pekin-rachid-amri-s-initie-a-l-experience-chinoise-pour-moderniser-le-secteur\\\/220019\\\/#article\",\"isPartOf\":{\"@id\":\"https:\\\/\\\/www.webdo.tn\\\/fr\\\/actualite\\\/national\\\/transport-a-pekin-rachid-amri-s-initie-a-l-experience-chinoise-pour-moderniser-le-secteur\\\/220019\\\/\"},\"author\":{\"name\":\"KJ\",\"@id\":\"https:\\\/\\\/www.webdo.tn\\\/fr\\\/#\\\/schema\\\/person\\\/82ca085b22037d285e1a3c4b65ba5f71\"},\"headline\":\"Transport : A P\u00e9kin, Rachid Amri s\u2019initie \u00e0 l\u2019exp\u00e9rience chinoise pour moderniser le secteur\",\"datePublished\":\"2025-02-21T18:45:00+00:00\",\"dateModified\":\"2025-05-20T22:19:53+00:00\",\"mainEntityOfPage\":{\"@id\":\"https:\\\/\\\/www.webdo.tn\\\/fr\\\/actualite\\\/national\\\/transport-a-pekin-rachid-amri-s-initie-a-l-experience-chinoise-pour-moderniser-le-secteur\\\/220019\\\/\"},\"wordCount\":246,\"commentCount\":0,\"publisher\":{\"@id\":\"https:\\\/\\\/www.webdo.tn\\\/fr\\\/#organization\"},\"image\":{\"@id\":\"https:\\\/\\\/www.webdo.tn\\\/fr\\\/actualite\\\/national\\\/transport-a-pekin-rachid-amri-s-initie-a-l-experience-chinoise-pour-moderniser-le-secteur\\\/220019\\\/#primaryimage\"},\"thumbnailUrl\":\"https:\\\/\\\/www.webdo.tn\\\/fr\\\/wp-content\\\/uploads\\\/2025\\\/05\\\/97ec8a1d02af94a612f90ebb8c95298f-2.webp\",\"keywords\":[\"chine\",\"Transport\",\"Tunisie\"],\"articleSection\":[\"National\"],\"inLanguage\":\"fr-FR\"},{\"@type\":\"WebPage\",\"@id\":\"https:\\\/\\\/www.webdo.tn\\\/fr\\\/actualite\\\/national\\\/transport-a-pekin-rachid-amri-s-initie-a-l-experience-chinoise-pour-moderniser-le-secteur\\\/220019\\\/\",\"url\":\"https:\\\/\\\/www.webdo.tn\\\/fr\\\/actualite\\\/national\\\/transport-a-pekin-rachid-amri-s-initie-a-l-experience-chinoise-pour-moderniser-le-secteur\\\/220019\\\/\",\"name\":\"Transport : A P\u00e9kin, Rachid Amri s\u2019initie \u00e0 l\u2019exp\u00e9rience chinoise pour moderniser le secteur\",\"isPartOf\":{\"@id\":\"https:\\\/\\\/www.webdo.tn\\\/fr\\\/#website\"},\"primaryImageOfPage\":{\"@id\":\"https:\\\/\\\/www.webdo.tn\\\/fr\\\/actualite\\\/national\\\/transport-a-pekin-rachid-amri-s-initie-a-l-experience-chinoise-pour-moderniser-le-secteur\\\/220019\\\/#primaryimage\"},\"image\":{\"@id\":\"https:\\\/\\\/www.webdo.tn\\\/fr\\\/actualite\\\/national\\\/transport-a-pekin-rachid-amri-s-initie-a-l-experience-chinoise-pour-moderniser-le-secteur\\\/220019\\\/#primaryimage\"},\"thumbnailUrl\":\"https:\\\/\\\/www.webdo.tn\\\/fr\\\/wp-content\\\/uploads\\\/2025\\\/05\\\/97ec8a1d02af94a612f90ebb8c95298f-2.webp\",\"datePublished\":\"2025-02-21T18:45:00+00:00\",\"dateModified\":\"2025-05-20T22:19:53+00:00\",\"description\":\"Cette mission, men\u00e9e avec l\u2019appui du Pr\u00e9sident de la R\u00e9publique, Ka\u00efs Sa\u00efed, s\u2019inscrit dans une dynamique de modernisation des infrastructures tunisiennes, nota...\",\"breadcrumb\":{\"@id\":\"https:\\\/\\\/www.webdo.tn\\\/fr\\\/actualite\\\/national\\\/transport-a-pekin-rachid-amri-s-initie-a-l-experience-chinoise-pour-moderniser-le-secteur\\\/220019\\\/#breadcrumb\"},\"inLanguage\":\"fr-FR\",\"potentialAction\":[{\"@type\":\"ReadAction\",\"target\":[\"https:\\\/\\\/www.webdo.tn\\\/fr\\\/actualite\\\/national\\\/transport-a-pekin-rachid-amri-s-initie-a-l-experience-chinoise-pour-moderniser-le-secteur\\\/220019\\\/\"]}]},{\"@type\":\"ImageObject\",\"inLanguage\":\"fr-FR\",\"@id\":\"https:\\\/\\\/www.webdo.tn\\\/fr\\\/actualite\\\/national\\\/transport-a-pekin-rachid-amri-s-initie-a-l-experience-chinoise-pour-moderniser-le-secteur\\\/220019\\\/#primaryimage\",\"url\":\"https:\\\/\\\/www.webdo.tn\\\/fr\\\/wp-content\\\/uploads\\\/2025\\\/05\\\/97ec8a1d02af94a612f90ebb8c95298f-2.webp\",\"contentUrl\":\"https:\\\/\\\/www.webdo.tn\\\/fr\\\/wp-content\\\/uploads\\\/2025\\\/05\\\/97ec8a1d02af94a612f90ebb8c95298f-2.webp\",\"width\":750,\"height\":400},{\"@type\":\"BreadcrumbList\",\"@id\":\"https:\\\/\\\/www.webdo.tn\\\/fr\\\/actualite\\\/national\\\/transport-a-pekin-rachid-amri-s-initie-a-l-experience-chinoise-pour-moderniser-le-secteur\\\/220019\\\/#breadcrumb\",\"itemListElement\":[{\"@type\":\"ListItem\",\"position\":1,\"name\":\"Accueil\",\"item\":\"https:\\\/\\\/www.webdo.tn\\\/fr\\\/\"},{\"@type\":\"ListItem\",\"position\":2,\"name\":\"Transport : A P\u00e9kin, Rachid Amri s\u2019initie \u00e0 l\u2019exp\u00e9rience chinoise pour moderniser le secteur\"}]},{\"@type\":\"WebSite\",\"@id\":\"https:\\\/\\\/www.webdo.tn\\\/fr\\\/#website\",\"url\":\"https:\\\/\\\/www.webdo.tn\\\/fr\\\/\",\"name\":\"webdo\",\"description\":\"Tunisie - News en Tunisie et \u00e0 l&#039;international sur Webdo.tn\",\"publisher\":{\"@id\":\"https:\\\/\\\/www.webdo.tn\\\/fr\\\/#organization\"},\"potentialAction\":[{\"@type\":\"SearchAction\",\"target\":{\"@type\":\"EntryPoint\",\"urlTemplate\":\"https:\\\/\\\/www.webdo.tn\\\/fr\\\/?s={search_term_string}\"},\"query-input\":{\"@type\":\"PropertyValueSpecification\",\"valueRequired\":true,\"valueName\":\"search_term_string\"}}],\"inLanguage\":\"fr-FR\"},{\"@type\":\"Organization\",\"@id\":\"https:\\\/\\\/www.webdo.tn\\\/fr\\\/#organization\",\"name\":\"Webdo\",\"alternateName\":\"Webdo.tn\",\"url\":\"https:\\\/\\\/www.webdo.tn\\\/fr\\\/\",\"logo\":{\"@type\":\"ImageObject\",\"inLanguage\":\"fr-FR\",\"@id\":\"https:\\\/\\\/www.webdo.tn\\\/fr\\\/#\\\/schema\\\/logo\\\/image\\\/\",\"url\":\"https:\\\/\\\/www.webdo.tn\\\/fr\\\/wp-content\\\/uploads\\\/2025\\\/06\\\/Webdo-Tunisie_168377.jpg\",\"contentUrl\":\"https:\\\/\\\/www.webdo.tn\\\/fr\\\/wp-content\\\/uploads\\\/2025\\\/06\\\/Webdo-Tunisie_168377.jpg\",\"width\":301,\"height\":301,\"caption\":\"Webdo\"},\"image\":{\"@id\":\"https:\\\/\\\/www.webdo.tn\\\/fr\\\/#\\\/schema\\\/logo\\\/image\\\/\"},\"sameAs\":[\"https:\\\/\\\/www.facebook.com\\\/webdotn\",\"https:\\\/\\\/x.com\\\/webdo_tn\"],\"description\":\"Webdo est un m\u00e9dia num\u00e9rique tunisien fond\u00e9 en 2010, sp\u00e9cialis\u00e9 dans l\u2019actualit\u00e9 nationale et internationale, l\u2019\u00e9conomie, la soci\u00e9t\u00e9 et les analyses politiques. Le site s\u2019adresse \u00e0 un large public francophone et couvre l\u2019information tunisienne en temps r\u00e9el.\",\"email\":\"redac@webdo.tn\",\"legalName\":\"YNJ SARL\",\"foundingDate\":\"2010-09-06\",\"numberOfEmployees\":{\"@type\":\"QuantitativeValue\",\"minValue\":\"11\",\"maxValue\":\"50\"}},{\"@type\":\"Person\",\"@id\":\"https:\\\/\\\/www.webdo.tn\\\/fr\\\/#\\\/schema\\\/person\\\/82ca085b22037d285e1a3c4b65ba5f71\",\"name\":\"KJ\",\"image\":{\"@type\":\"ImageObject\",\"inLanguage\":\"fr-FR\",\"@id\":\"https:\\\/\\\/secure.gravatar.com\\\/avatar\\\/1a1320de1c1971c893f00068f760b4113d69504aa21273da17ee95650c5944fd?s=96&d=mm&r=g\",\"url\":\"https:\\\/\\\/secure.gravatar.com\\\/avatar\\\/1a1320de1c1971c893f00068f760b4113d69504aa21273da17ee95650c5944fd?s=96&d=mm&r=g\",\"contentUrl\":\"https:\\\/\\\/secure.gravatar.com\\\/avatar\\\/1a1320de1c1971c893f00068f760b4113d69504aa21273da17ee95650c5944fd?s=96&d=mm&r=g\",\"caption\":\"KJ\"},\"url\":\"https:\\\/\\\/www.webdo.tn\\\/fr\\\/actualite\\\/author\\\/kj\\\/\"}]}<\/script>\n<!-- \/ Yoast SEO Premium plugin. -->","yoast_head_json":{"title":"Transport : A P\u00e9kin, Rachid Amri s\u2019initie \u00e0 l\u2019exp\u00e9rience chinoise pour moderniser le secteur","description":"Cette mission, men\u00e9e avec l\u2019appui du Pr\u00e9sident de la R\u00e9publique, Ka\u00efs Sa\u00efed, s\u2019inscrit dans une dynamique de modernisation des infrastructures tunisiennes, nota...","canonical":"https:\/\/www.webdo.tn\/fr\/actualite\/national\/transport-a-pekin-rachid-amri-s-initie-a-l-experience-chinoise-pour-moderniser-le-secteur\/220019\/","og_locale":"fr_FR","og_type":"article","og_title":"Transport : A P\u00e9kin, Rachid Amri s\u2019initie \u00e0 l\u2019exp\u00e9rience chinoise pour moderniser le secteur","og_description":"Cette mission, men\u00e9e avec l\u2019appui du Pr\u00e9sident de la R\u00e9publique, Ka\u00efs Sa\u00efed, s\u2019inscrit dans une dynamique de modernisation des infrastructures tunisiennes, nota...","og_url":"https:\/\/www.webdo.tn\/fr\/actualite\/national\/transport-a-pekin-rachid-amri-s-initie-a-l-experience-chinoise-pour-moderniser-le-secteur\/220019\/","og_site_name":"webdo","article_publisher":"https:\/\/www.facebook.com\/webdotn","article_published_time":"2025-02-21T18:45:00+00:00","article_modified_time":"2025-05-20T22:19:53+00:00","og_image":[{"width":750,"height":400,"url":"https:\/\/www.webdo.tn\/fr\/wp-content\/uploads\/2025\/05\/97ec8a1d02af94a612f90ebb8c95298f-2.webp","type":"image\/webp"}],"author":"KJ","twitter_card":"summary_large_image","twitter_creator":"@webdo_tn","twitter_site":"@webdo_tn","twitter_misc":{"\u00c9crit par":"KJ","Dur\u00e9e de lecture estim\u00e9e":"1 minute"},"schema":{"@context":"https:\/\/schema.org","@graph":[{"@type":"NewsArticle","@id":"https:\/\/www.webdo.tn\/fr\/actualite\/national\/transport-a-pekin-rachid-amri-s-initie-a-l-experience-chinoise-pour-moderniser-le-secteur\/220019\/#article","isPartOf":{"@id":"https:\/\/www.webdo.tn\/fr\/actualite\/national\/transport-a-pekin-rachid-amri-s-initie-a-l-experience-chinoise-pour-moderniser-le-secteur\/220019\/"},"author":{"name":"KJ","@id":"https:\/\/www.webdo.tn\/fr\/#\/schema\/person\/82ca085b22037d285e1a3c4b65ba5f71"},"headline":"Transport : A P\u00e9kin, Rachid Amri s\u2019initie \u00e0 l\u2019exp\u00e9rience chinoise pour moderniser le secteur","datePublished":"2025-02-21T18:45:00+00:00","dateModified":"2025-05-20T22:19:53+00:00","mainEntityOfPage":{"@id":"https:\/\/www.webdo.tn\/fr\/actualite\/national\/transport-a-pekin-rachid-amri-s-initie-a-l-experience-chinoise-pour-moderniser-le-secteur\/220019\/"},"wordCount":246,"commentCount":0,"publisher":{"@id":"https:\/\/www.webdo.tn\/fr\/#organization"},"image":{"@id":"https:\/\/www.webdo.tn\/fr\/actualite\/national\/transport-a-pekin-rachid-amri-s-initie-a-l-experience-chinoise-pour-moderniser-le-secteur\/220019\/#primaryimage"},"thumbnailUrl":"https:\/\/www.webdo.tn\/fr\/wp-content\/uploads\/2025\/05\/97ec8a1d02af94a612f90ebb8c95298f-2.webp","keywords":["chine","Transport","Tunisie"],"articleSection":["National"],"inLanguage":"fr-FR"},{"@type":"WebPage","@id":"https:\/\/www.webdo.tn\/fr\/actualite\/national\/transport-a-pekin-rachid-amri-s-initie-a-l-experience-chinoise-pour-moderniser-le-secteur\/220019\/","url":"https:\/\/www.webdo.tn\/fr\/actualite\/national\/transport-a-pekin-rachid-amri-s-initie-a-l-experience-chinoise-pour-moderniser-le-secteur\/220019\/","name":"Transport : A P\u00e9kin, Rachid Amri s\u2019initie \u00e0 l\u2019exp\u00e9rience chinoise pour moderniser le secteur","isPartOf":{"@id":"https:\/\/www.webdo.tn\/fr\/#website"},"primaryImageOfPage":{"@id":"https:\/\/www.webdo.tn\/fr\/actualite\/national\/transport-a-pekin-rachid-amri-s-initie-a-l-experience-chinoise-pour-moderniser-le-secteur\/220019\/#primaryimage"},"image":{"@id":"https:\/\/www.webdo.tn\/fr\/actualite\/national\/transport-a-pekin-rachid-amri-s-initie-a-l-experience-chinoise-pour-moderniser-le-secteur\/220019\/#primaryimage"},"thumbnailUrl":"https:\/\/www.webdo.tn\/fr\/wp-content\/uploads\/2025\/05\/97ec8a1d02af94a612f90ebb8c95298f-2.webp","datePublished":"2025-02-21T18:45:00+00:00","dateModified":"2025-05-20T22:19:53+00:00","description":"Cette mission, men\u00e9e avec l\u2019appui du Pr\u00e9sident de la R\u00e9publique, Ka\u00efs Sa\u00efed, s\u2019inscrit dans une dynamique de modernisation des infrastructures tunisiennes, nota...","breadcrumb":{"@id":"https:\/\/www.webdo.tn\/fr\/actualite\/national\/transport-a-pekin-rachid-amri-s-initie-a-l-experience-chinoise-pour-moderniser-le-secteur\/220019\/#breadcrumb"},"inLanguage":"fr-FR","potentialAction":[{"@type":"ReadAction","target":["https:\/\/www.webdo.tn\/fr\/actualite\/national\/transport-a-pekin-rachid-amri-s-initie-a-l-experience-chinoise-pour-moderniser-le-secteur\/220019\/"]}]},{"@type":"ImageObject","inLanguage":"fr-FR","@id":"https:\/\/www.webdo.tn\/fr\/actualite\/national\/transport-a-pekin-rachid-amri-s-initie-a-l-experience-chinoise-pour-moderniser-le-secteur\/220019\/#primaryimage","url":"https:\/\/www.webdo.tn\/fr\/wp-content\/uploads\/2025\/05\/97ec8a1d02af94a612f90ebb8c95298f-2.webp","contentUrl":"https:\/\/www.webdo.tn\/fr\/wp-content\/uploads\/2025\/05\/97ec8a1d02af94a612f90ebb8c95298f-2.webp","width":750,"height":400},{"@type":"BreadcrumbList","@id":"https:\/\/www.webdo.tn\/fr\/actualite\/national\/transport-a-pekin-rachid-amri-s-initie-a-l-experience-chinoise-pour-moderniser-le-secteur\/220019\/#breadcrumb","itemListElement":[{"@type":"ListItem","position":1,"name":"Accueil","item":"https:\/\/www.webdo.tn\/fr\/"},{"@type":"ListItem","position":2,"name":"Transport : A P\u00e9kin, Rachid Amri s\u2019initie \u00e0 l\u2019exp\u00e9rience chinoise pour moderniser le secteur"}]},{"@type":"WebSite","@id":"https:\/\/www.webdo.tn\/fr\/#website","url":"https:\/\/www.webdo.tn\/fr\/","name":"webdo","description":"Tunisie - News en Tunisie et \u00e0 l&#039;international sur Webdo.tn","publisher":{"@id":"https:\/\/www.webdo.tn\/fr\/#organization"},"potentialAction":[{"@type":"SearchAction","target":{"@type":"EntryPoint","urlTemplate":"https:\/\/www.webdo.tn\/fr\/?s={search_term_string}"},"query-input":{"@type":"PropertyValueSpecification","valueRequired":true,"valueName":"search_term_string"}}],"inLanguage":"fr-FR"},{"@type":"Organization","@id":"https:\/\/www.webdo.tn\/fr\/#organization","name":"Webdo","alternateName":"Webdo.tn","url":"https:\/\/www.webdo.tn\/fr\/","logo":{"@type":"ImageObject","inLanguage":"fr-FR","@id":"https:\/\/www.webdo.tn\/fr\/#\/schema\/logo\/image\/","url":"https:\/\/www.webdo.tn\/fr\/wp-content\/uploads\/2025\/06\/Webdo-Tunisie_168377.jpg","contentUrl":"https:\/\/www.webdo.tn\/fr\/wp-content\/uploads\/2025\/06\/Webdo-Tunisie_168377.jpg","width":301,"height":301,"caption":"Webdo"},"image":{"@id":"https:\/\/www.webdo.tn\/fr\/#\/schema\/logo\/image\/"},"sameAs":["https:\/\/www.facebook.com\/webdotn","https:\/\/x.com\/webdo_tn"],"description":"Webdo est un m\u00e9dia num\u00e9rique tunisien fond\u00e9 en 2010, sp\u00e9cialis\u00e9 dans l\u2019actualit\u00e9 nationale et internationale, l\u2019\u00e9conomie, la soci\u00e9t\u00e9 et les analyses politiques. Le site s\u2019adresse \u00e0 un large public francophone et couvre l\u2019information tunisienne en temps r\u00e9el.","email":"redac@webdo.tn","legalName":"YNJ SARL","foundingDate":"2010-09-06","numberOfEmployees":{"@type":"QuantitativeValue","minValue":"11","maxValue":"50"}},{"@type":"Person","@id":"https:\/\/www.webdo.tn\/fr\/#\/schema\/person\/82ca085b22037d285e1a3c4b65ba5f71","name":"KJ","image":{"@type":"ImageObject","inLanguage":"fr-FR","@id":"https:\/\/secure.gravatar.com\/avatar\/1a1320de1c1971c893f00068f760b4113d69504aa21273da17ee95650c5944fd?s=96&d=mm&r=g","url":"https:\/\/secure.gravatar.com\/avatar\/1a1320de1c1971c893f00068f760b4113d69504aa21273da17ee95650c5944fd?s=96&d=mm&r=g","contentUrl":"https:\/\/secure.gravatar.com\/avatar\/1a1320de1c1971c893f00068f760b4113d69504aa21273da17ee95650c5944fd?s=96&d=mm&r=g","caption":"KJ"},"url":"https:\/\/www.webdo.tn\/fr\/actualite\/author\/kj\/"}]}},"_links":{"self":[{"href":"https:\/\/www.webdo.tn\/fr\/wp-json\/wp\/v2\/posts\/220019","targetHints":{"allow":["GET"]}}],"collection":[{"href":"https:\/\/www.webdo.tn\/fr\/wp-json\/wp\/v2\/posts"}],"about":[{"href":"https:\/\/www.webdo.tn\/fr\/wp-json\/wp\/v2\/types\/post"}],"author":[{"embeddable":true,"href":"https:\/\/www.webdo.tn\/fr\/wp-json\/wp\/v2\/users\/3163"}],"replies":[{"embeddable":true,"href":"https:\/\/www.webdo.tn\/fr\/wp-json\/wp\/v2\/comments?post=220019"}],"version-history":[{"count":0,"href":"https:\/\/www.webdo.tn\/fr\/wp-json\/wp\/v2\/posts\/220019\/revisions"}],"wp:featuredmedia":[{"embeddable":true,"href":"https:\/\/www.webdo.tn\/fr\/wp-json\/wp\/v2\/media\/242092"}],"wp:attachment":[{"href":"https:\/\/www.webdo.tn\/fr\/wp-json\/wp\/v2\/media?parent=220019"}],"wp:term":[{"taxonomy":"category","embeddable":true,"href":"https:\/\/www.webdo.tn\/fr\/wp-json\/wp\/v2\/categories?post=220019"},{"taxonomy":"post_tag","embeddable":true,"href":"https:\/\/www.webdo.tn\/fr\/wp-json\/wp\/v2\/tags?post=220019"}],"curies":[{"name":"wp","href":"https:\/\/api.w.org\/{rel}","templated":true}]}}