{"id":220014,"date":"2025-02-21T15:29:00","date_gmt":"2025-02-21T15:29:00","guid":{"rendered":"https:\/\/www.webdo.tn\/fr\/blog\/2025\/02\/21\/tunisie-avancement-des-projets-de-l-afd-lors-d-une-reunion-au-ministere-de-l-economie\/"},"modified":"2025-05-20T21:42:35","modified_gmt":"2025-05-20T21:42:35","slug":"tunisie-avancement-des-projets-de-l-afd-lors-d-une-reunion-au-ministere-de-l-economie","status":"publish","type":"post","link":"https:\/\/www.webdo.tn\/fr\/actualite\/national\/tunisie-avancement-des-projets-de-l-afd-lors-d-une-reunion-au-ministere-de-l-economie\/220014\/","title":{"rendered":"Tunisie : Avancement des projets de l\u2019AFD lors d\u2019une r\u00e9union au minist\u00e8re de l\u2019\u00c9conomie"},"content":{"rendered":"<p>Le ministre de l\u2019\u00c9conomie et de la Planification, Samir Abdelhafidh, s\u2019est entretenu avec C\u00e9cile Couprie, directrice r\u00e9gionale pour l\u2019Afrique du Nord de l\u2019Agence fran\u00e7aise de d\u00e9veloppement (AFD), au sujet de l\u2019avancement de plusieurs projets financ\u00e9s par l\u2019agence dans divers secteurs, tels que l\u2019assainissement, l\u2019eau et les transports, ainsi que des programmes de coop\u00e9ration financi\u00e8re pour 2025. \u00a0<\/p>\n<p>Lors de cette rencontre, les deux parties ont soulign\u00e9 l&rsquo;importance d\u2019achever les aspects techniques et administratifs de certains projets de coop\u00e9ration financi\u00e8re et technique, afin de permettre leur signature dans le cadre du Conseil sup\u00e9rieur de coop\u00e9ration tuniso-fran\u00e7ais, pr\u00e9vu pour cette ann\u00e9e. \u00a0<\/p>\n<p>De son c\u00f4t\u00e9, C\u00e9cile Couprie a exprim\u00e9 sa satisfaction quant aux efforts d\u00e9ploy\u00e9s r\u00e9cemment pour acc\u00e9l\u00e9rer la r\u00e9alisation des projets, r\u00e9affirmant l\u2019engagement de l\u2019AFD \u00e0 soutenir la Tunisie dans la mise en \u0153uvre de ses r\u00e9formes et \u00e0 lui permettre d\u2019acc\u00e9der aux diff\u00e9rents m\u00e9canismes de financement et d\u2019appui technique disponibles aupr\u00e8s de l\u2019agence.<\/p>\n","protected":false},"excerpt":{"rendered":"<p>Le ministre de l\u2019\u00c9conomie et de la Planification, Samir Abdelhafidh, s\u2019est entretenu avec C\u00e9cile Couprie, directrice r\u00e9gionale pour l\u2019Afrique du Nord de l\u2019Agenc&#8230;<\/p>\n","protected":false},"author":3162,"featured_media":242086,"comment_status":"open","ping_status":"open","sticky":false,"template":"","format":"standard","meta":{"footnotes":""},"categories":[44],"tags":[3934,2884,2998,2819,2608],"class_list":["post-220014","post","type-post","status-publish","format-standard","has-post-thumbnail","hentry","category-national","tag-afd","tag-financement","tag-france","tag-projets","tag-tunisie"],"yoast_head":"<!-- This site is optimized with the Yoast SEO Premium plugin v27.4 (Yoast SEO v27.5) - https:\/\/yoast.com\/product\/yoast-seo-premium-wordpress\/ -->\n<title>Tunisie : Avancement des projets de l\u2019AFD lors d\u2019une r\u00e9union au minist\u00e8re de l\u2019\u00c9conomie<\/title>\n<meta name=\"description\" content=\"Le ministre de l\u2019\u00c9conomie et de la Planification, Samir Abdelhafidh, s\u2019est entretenu avec C\u00e9cile Couprie, directrice r\u00e9gionale pour l\u2019Afrique du Nord de l\u2019Agenc...\" \/>\n<link rel=\"canonical\" href=\"https:\/\/www.webdo.tn\/fr\/actualite\/national\/tunisie-avancement-des-projets-de-l-afd-lors-d-une-reunion-au-ministere-de-l-economie\/220014\/\" \/>\n<meta property=\"og:locale\" content=\"fr_FR\" \/>\n<meta property=\"og:type\" content=\"article\" \/>\n<meta property=\"og:title\" content=\"Tunisie : Avancement des projets de l\u2019AFD lors d\u2019une r\u00e9union au minist\u00e8re de l\u2019\u00c9conomie\" \/>\n<meta property=\"og:description\" content=\"Le ministre de l\u2019\u00c9conomie et de la Planification, Samir Abdelhafidh, s\u2019est entretenu avec C\u00e9cile Couprie, directrice r\u00e9gionale pour l\u2019Afrique du Nord de l\u2019Agenc...\" \/>\n<meta property=\"og:url\" content=\"https:\/\/www.webdo.tn\/fr\/actualite\/national\/tunisie-avancement-des-projets-de-l-afd-lors-d-une-reunion-au-ministere-de-l-economie\/220014\/\" \/>\n<meta property=\"og:site_name\" content=\"webdo\" \/>\n<meta property=\"article:publisher\" content=\"https:\/\/www.facebook.com\/webdotn\" \/>\n<meta property=\"article:published_time\" content=\"2025-02-21T15:29:00+00:00\" \/>\n<meta property=\"article:modified_time\" content=\"2025-05-20T21:42:35+00:00\" \/>\n<meta property=\"og:image\" content=\"https:\/\/www.webdo.tn\/fr\/wp-content\/uploads\/2025\/05\/c3281afdcd455540ab57d0223ea97c3b-2.webp\" \/>\n\t<meta property=\"og:image:width\" content=\"750\" \/>\n\t<meta property=\"og:image:height\" content=\"400\" \/>\n\t<meta property=\"og:image:type\" content=\"image\/webp\" \/>\n<meta name=\"author\" content=\"MC\" \/>\n<meta name=\"twitter:card\" content=\"summary_large_image\" \/>\n<meta name=\"twitter:creator\" content=\"@webdo_tn\" \/>\n<meta name=\"twitter:site\" content=\"@webdo_tn\" \/>\n<meta name=\"twitter:label1\" content=\"\u00c9crit par\" \/>\n\t<meta name=\"twitter:data1\" content=\"MC\" \/>\n\t<meta name=\"twitter:label2\" content=\"Dur\u00e9e de lecture estim\u00e9e\" \/>\n\t<meta name=\"twitter:data2\" content=\"1 minute\" \/>\n<script type=\"application\/ld+json\" class=\"yoast-schema-graph\">{\"@context\":\"https:\\\/\\\/schema.org\",\"@graph\":[{\"@type\":\"NewsArticle\",\"@id\":\"https:\\\/\\\/www.webdo.tn\\\/fr\\\/actualite\\\/national\\\/tunisie-avancement-des-projets-de-l-afd-lors-d-une-reunion-au-ministere-de-l-economie\\\/220014\\\/#article\",\"isPartOf\":{\"@id\":\"https:\\\/\\\/www.webdo.tn\\\/fr\\\/actualite\\\/national\\\/tunisie-avancement-des-projets-de-l-afd-lors-d-une-reunion-au-ministere-de-l-economie\\\/220014\\\/\"},\"author\":{\"name\":\"MC\",\"@id\":\"https:\\\/\\\/www.webdo.tn\\\/fr\\\/#\\\/schema\\\/person\\\/2c4929cbf5a809e3bd38617c6ce150f6\"},\"headline\":\"Tunisie : Avancement des projets de l\u2019AFD lors d\u2019une r\u00e9union au minist\u00e8re de l\u2019\u00c9conomie\",\"datePublished\":\"2025-02-21T15:29:00+00:00\",\"dateModified\":\"2025-05-20T21:42:35+00:00\",\"mainEntityOfPage\":{\"@id\":\"https:\\\/\\\/www.webdo.tn\\\/fr\\\/actualite\\\/national\\\/tunisie-avancement-des-projets-de-l-afd-lors-d-une-reunion-au-ministere-de-l-economie\\\/220014\\\/\"},\"wordCount\":209,\"commentCount\":0,\"publisher\":{\"@id\":\"https:\\\/\\\/www.webdo.tn\\\/fr\\\/#organization\"},\"image\":{\"@id\":\"https:\\\/\\\/www.webdo.tn\\\/fr\\\/actualite\\\/national\\\/tunisie-avancement-des-projets-de-l-afd-lors-d-une-reunion-au-ministere-de-l-economie\\\/220014\\\/#primaryimage\"},\"thumbnailUrl\":\"https:\\\/\\\/www.webdo.tn\\\/fr\\\/wp-content\\\/uploads\\\/2025\\\/05\\\/c3281afdcd455540ab57d0223ea97c3b-2.webp\",\"keywords\":[\"AFD\",\"financement\",\"france\",\"projets\",\"Tunisie\"],\"articleSection\":[\"National\"],\"inLanguage\":\"fr-FR\"},{\"@type\":\"WebPage\",\"@id\":\"https:\\\/\\\/www.webdo.tn\\\/fr\\\/actualite\\\/national\\\/tunisie-avancement-des-projets-de-l-afd-lors-d-une-reunion-au-ministere-de-l-economie\\\/220014\\\/\",\"url\":\"https:\\\/\\\/www.webdo.tn\\\/fr\\\/actualite\\\/national\\\/tunisie-avancement-des-projets-de-l-afd-lors-d-une-reunion-au-ministere-de-l-economie\\\/220014\\\/\",\"name\":\"Tunisie : Avancement des projets de l\u2019AFD lors d\u2019une r\u00e9union au minist\u00e8re de l\u2019\u00c9conomie\",\"isPartOf\":{\"@id\":\"https:\\\/\\\/www.webdo.tn\\\/fr\\\/#website\"},\"primaryImageOfPage\":{\"@id\":\"https:\\\/\\\/www.webdo.tn\\\/fr\\\/actualite\\\/national\\\/tunisie-avancement-des-projets-de-l-afd-lors-d-une-reunion-au-ministere-de-l-economie\\\/220014\\\/#primaryimage\"},\"image\":{\"@id\":\"https:\\\/\\\/www.webdo.tn\\\/fr\\\/actualite\\\/national\\\/tunisie-avancement-des-projets-de-l-afd-lors-d-une-reunion-au-ministere-de-l-economie\\\/220014\\\/#primaryimage\"},\"thumbnailUrl\":\"https:\\\/\\\/www.webdo.tn\\\/fr\\\/wp-content\\\/uploads\\\/2025\\\/05\\\/c3281afdcd455540ab57d0223ea97c3b-2.webp\",\"datePublished\":\"2025-02-21T15:29:00+00:00\",\"dateModified\":\"2025-05-20T21:42:35+00:00\",\"description\":\"Le ministre de l\u2019\u00c9conomie et de la Planification, Samir Abdelhafidh, s\u2019est entretenu avec C\u00e9cile Couprie, directrice r\u00e9gionale pour l\u2019Afrique du Nord de l\u2019Agenc...\",\"breadcrumb\":{\"@id\":\"https:\\\/\\\/www.webdo.tn\\\/fr\\\/actualite\\\/national\\\/tunisie-avancement-des-projets-de-l-afd-lors-d-une-reunion-au-ministere-de-l-economie\\\/220014\\\/#breadcrumb\"},\"inLanguage\":\"fr-FR\",\"potentialAction\":[{\"@type\":\"ReadAction\",\"target\":[\"https:\\\/\\\/www.webdo.tn\\\/fr\\\/actualite\\\/national\\\/tunisie-avancement-des-projets-de-l-afd-lors-d-une-reunion-au-ministere-de-l-economie\\\/220014\\\/\"]}]},{\"@type\":\"ImageObject\",\"inLanguage\":\"fr-FR\",\"@id\":\"https:\\\/\\\/www.webdo.tn\\\/fr\\\/actualite\\\/national\\\/tunisie-avancement-des-projets-de-l-afd-lors-d-une-reunion-au-ministere-de-l-economie\\\/220014\\\/#primaryimage\",\"url\":\"https:\\\/\\\/www.webdo.tn\\\/fr\\\/wp-content\\\/uploads\\\/2025\\\/05\\\/c3281afdcd455540ab57d0223ea97c3b-2.webp\",\"contentUrl\":\"https:\\\/\\\/www.webdo.tn\\\/fr\\\/wp-content\\\/uploads\\\/2025\\\/05\\\/c3281afdcd455540ab57d0223ea97c3b-2.webp\",\"width\":750,\"height\":400},{\"@type\":\"BreadcrumbList\",\"@id\":\"https:\\\/\\\/www.webdo.tn\\\/fr\\\/actualite\\\/national\\\/tunisie-avancement-des-projets-de-l-afd-lors-d-une-reunion-au-ministere-de-l-economie\\\/220014\\\/#breadcrumb\",\"itemListElement\":[{\"@type\":\"ListItem\",\"position\":1,\"name\":\"Accueil\",\"item\":\"https:\\\/\\\/www.webdo.tn\\\/fr\\\/\"},{\"@type\":\"ListItem\",\"position\":2,\"name\":\"Tunisie : Avancement des projets de l\u2019AFD lors d\u2019une r\u00e9union au minist\u00e8re de l\u2019\u00c9conomie\"}]},{\"@type\":\"WebSite\",\"@id\":\"https:\\\/\\\/www.webdo.tn\\\/fr\\\/#website\",\"url\":\"https:\\\/\\\/www.webdo.tn\\\/fr\\\/\",\"name\":\"webdo\",\"description\":\"Tunisie - News en Tunisie et \u00e0 l&#039;international sur Webdo.tn\",\"publisher\":{\"@id\":\"https:\\\/\\\/www.webdo.tn\\\/fr\\\/#organization\"},\"potentialAction\":[{\"@type\":\"SearchAction\",\"target\":{\"@type\":\"EntryPoint\",\"urlTemplate\":\"https:\\\/\\\/www.webdo.tn\\\/fr\\\/?s={search_term_string}\"},\"query-input\":{\"@type\":\"PropertyValueSpecification\",\"valueRequired\":true,\"valueName\":\"search_term_string\"}}],\"inLanguage\":\"fr-FR\"},{\"@type\":\"Organization\",\"@id\":\"https:\\\/\\\/www.webdo.tn\\\/fr\\\/#organization\",\"name\":\"Webdo\",\"alternateName\":\"Webdo.tn\",\"url\":\"https:\\\/\\\/www.webdo.tn\\\/fr\\\/\",\"logo\":{\"@type\":\"ImageObject\",\"inLanguage\":\"fr-FR\",\"@id\":\"https:\\\/\\\/www.webdo.tn\\\/fr\\\/#\\\/schema\\\/logo\\\/image\\\/\",\"url\":\"https:\\\/\\\/www.webdo.tn\\\/fr\\\/wp-content\\\/uploads\\\/2025\\\/06\\\/Webdo-Tunisie_168377.jpg\",\"contentUrl\":\"https:\\\/\\\/www.webdo.tn\\\/fr\\\/wp-content\\\/uploads\\\/2025\\\/06\\\/Webdo-Tunisie_168377.jpg\",\"width\":301,\"height\":301,\"caption\":\"Webdo\"},\"image\":{\"@id\":\"https:\\\/\\\/www.webdo.tn\\\/fr\\\/#\\\/schema\\\/logo\\\/image\\\/\"},\"sameAs\":[\"https:\\\/\\\/www.facebook.com\\\/webdotn\",\"https:\\\/\\\/x.com\\\/webdo_tn\"],\"description\":\"Webdo est un m\u00e9dia num\u00e9rique tunisien fond\u00e9 en 2010, sp\u00e9cialis\u00e9 dans l\u2019actualit\u00e9 nationale et internationale, l\u2019\u00e9conomie, la soci\u00e9t\u00e9 et les analyses politiques. Le site s\u2019adresse \u00e0 un large public francophone et couvre l\u2019information tunisienne en temps r\u00e9el.\",\"email\":\"redac@webdo.tn\",\"legalName\":\"YNJ SARL\",\"foundingDate\":\"2010-09-06\",\"numberOfEmployees\":{\"@type\":\"QuantitativeValue\",\"minValue\":\"11\",\"maxValue\":\"50\"}},{\"@type\":\"Person\",\"@id\":\"https:\\\/\\\/www.webdo.tn\\\/fr\\\/#\\\/schema\\\/person\\\/2c4929cbf5a809e3bd38617c6ce150f6\",\"name\":\"MC\",\"image\":{\"@type\":\"ImageObject\",\"inLanguage\":\"fr-FR\",\"@id\":\"https:\\\/\\\/secure.gravatar.com\\\/avatar\\\/a545bbb6f84efdd5553dbbc2895e3ca8f1d12c5215e00a041c9670b54aa9b18a?s=96&d=mm&r=g\",\"url\":\"https:\\\/\\\/secure.gravatar.com\\\/avatar\\\/a545bbb6f84efdd5553dbbc2895e3ca8f1d12c5215e00a041c9670b54aa9b18a?s=96&d=mm&r=g\",\"contentUrl\":\"https:\\\/\\\/secure.gravatar.com\\\/avatar\\\/a545bbb6f84efdd5553dbbc2895e3ca8f1d12c5215e00a041c9670b54aa9b18a?s=96&d=mm&r=g\",\"caption\":\"MC\"},\"url\":\"https:\\\/\\\/www.webdo.tn\\\/fr\\\/actualite\\\/author\\\/mc\\\/\"}]}<\/script>\n<!-- \/ Yoast SEO Premium plugin. -->","yoast_head_json":{"title":"Tunisie : Avancement des projets de l\u2019AFD lors d\u2019une r\u00e9union au minist\u00e8re de l\u2019\u00c9conomie","description":"Le ministre de l\u2019\u00c9conomie et de la Planification, Samir Abdelhafidh, s\u2019est entretenu avec C\u00e9cile Couprie, directrice r\u00e9gionale pour l\u2019Afrique du Nord de l\u2019Agenc...","canonical":"https:\/\/www.webdo.tn\/fr\/actualite\/national\/tunisie-avancement-des-projets-de-l-afd-lors-d-une-reunion-au-ministere-de-l-economie\/220014\/","og_locale":"fr_FR","og_type":"article","og_title":"Tunisie : Avancement des projets de l\u2019AFD lors d\u2019une r\u00e9union au minist\u00e8re de l\u2019\u00c9conomie","og_description":"Le ministre de l\u2019\u00c9conomie et de la Planification, Samir Abdelhafidh, s\u2019est entretenu avec C\u00e9cile Couprie, directrice r\u00e9gionale pour l\u2019Afrique du Nord de l\u2019Agenc...","og_url":"https:\/\/www.webdo.tn\/fr\/actualite\/national\/tunisie-avancement-des-projets-de-l-afd-lors-d-une-reunion-au-ministere-de-l-economie\/220014\/","og_site_name":"webdo","article_publisher":"https:\/\/www.facebook.com\/webdotn","article_published_time":"2025-02-21T15:29:00+00:00","article_modified_time":"2025-05-20T21:42:35+00:00","og_image":[{"width":750,"height":400,"url":"https:\/\/www.webdo.tn\/fr\/wp-content\/uploads\/2025\/05\/c3281afdcd455540ab57d0223ea97c3b-2.webp","type":"image\/webp"}],"author":"MC","twitter_card":"summary_large_image","twitter_creator":"@webdo_tn","twitter_site":"@webdo_tn","twitter_misc":{"\u00c9crit par":"MC","Dur\u00e9e de lecture estim\u00e9e":"1 minute"},"schema":{"@context":"https:\/\/schema.org","@graph":[{"@type":"NewsArticle","@id":"https:\/\/www.webdo.tn\/fr\/actualite\/national\/tunisie-avancement-des-projets-de-l-afd-lors-d-une-reunion-au-ministere-de-l-economie\/220014\/#article","isPartOf":{"@id":"https:\/\/www.webdo.tn\/fr\/actualite\/national\/tunisie-avancement-des-projets-de-l-afd-lors-d-une-reunion-au-ministere-de-l-economie\/220014\/"},"author":{"name":"MC","@id":"https:\/\/www.webdo.tn\/fr\/#\/schema\/person\/2c4929cbf5a809e3bd38617c6ce150f6"},"headline":"Tunisie : Avancement des projets de l\u2019AFD lors d\u2019une r\u00e9union au minist\u00e8re de l\u2019\u00c9conomie","datePublished":"2025-02-21T15:29:00+00:00","dateModified":"2025-05-20T21:42:35+00:00","mainEntityOfPage":{"@id":"https:\/\/www.webdo.tn\/fr\/actualite\/national\/tunisie-avancement-des-projets-de-l-afd-lors-d-une-reunion-au-ministere-de-l-economie\/220014\/"},"wordCount":209,"commentCount":0,"publisher":{"@id":"https:\/\/www.webdo.tn\/fr\/#organization"},"image":{"@id":"https:\/\/www.webdo.tn\/fr\/actualite\/national\/tunisie-avancement-des-projets-de-l-afd-lors-d-une-reunion-au-ministere-de-l-economie\/220014\/#primaryimage"},"thumbnailUrl":"https:\/\/www.webdo.tn\/fr\/wp-content\/uploads\/2025\/05\/c3281afdcd455540ab57d0223ea97c3b-2.webp","keywords":["AFD","financement","france","projets","Tunisie"],"articleSection":["National"],"inLanguage":"fr-FR"},{"@type":"WebPage","@id":"https:\/\/www.webdo.tn\/fr\/actualite\/national\/tunisie-avancement-des-projets-de-l-afd-lors-d-une-reunion-au-ministere-de-l-economie\/220014\/","url":"https:\/\/www.webdo.tn\/fr\/actualite\/national\/tunisie-avancement-des-projets-de-l-afd-lors-d-une-reunion-au-ministere-de-l-economie\/220014\/","name":"Tunisie : Avancement des projets de l\u2019AFD lors d\u2019une r\u00e9union au minist\u00e8re de l\u2019\u00c9conomie","isPartOf":{"@id":"https:\/\/www.webdo.tn\/fr\/#website"},"primaryImageOfPage":{"@id":"https:\/\/www.webdo.tn\/fr\/actualite\/national\/tunisie-avancement-des-projets-de-l-afd-lors-d-une-reunion-au-ministere-de-l-economie\/220014\/#primaryimage"},"image":{"@id":"https:\/\/www.webdo.tn\/fr\/actualite\/national\/tunisie-avancement-des-projets-de-l-afd-lors-d-une-reunion-au-ministere-de-l-economie\/220014\/#primaryimage"},"thumbnailUrl":"https:\/\/www.webdo.tn\/fr\/wp-content\/uploads\/2025\/05\/c3281afdcd455540ab57d0223ea97c3b-2.webp","datePublished":"2025-02-21T15:29:00+00:00","dateModified":"2025-05-20T21:42:35+00:00","description":"Le ministre de l\u2019\u00c9conomie et de la Planification, Samir Abdelhafidh, s\u2019est entretenu avec C\u00e9cile Couprie, directrice r\u00e9gionale pour l\u2019Afrique du Nord de l\u2019Agenc...","breadcrumb":{"@id":"https:\/\/www.webdo.tn\/fr\/actualite\/national\/tunisie-avancement-des-projets-de-l-afd-lors-d-une-reunion-au-ministere-de-l-economie\/220014\/#breadcrumb"},"inLanguage":"fr-FR","potentialAction":[{"@type":"ReadAction","target":["https:\/\/www.webdo.tn\/fr\/actualite\/national\/tunisie-avancement-des-projets-de-l-afd-lors-d-une-reunion-au-ministere-de-l-economie\/220014\/"]}]},{"@type":"ImageObject","inLanguage":"fr-FR","@id":"https:\/\/www.webdo.tn\/fr\/actualite\/national\/tunisie-avancement-des-projets-de-l-afd-lors-d-une-reunion-au-ministere-de-l-economie\/220014\/#primaryimage","url":"https:\/\/www.webdo.tn\/fr\/wp-content\/uploads\/2025\/05\/c3281afdcd455540ab57d0223ea97c3b-2.webp","contentUrl":"https:\/\/www.webdo.tn\/fr\/wp-content\/uploads\/2025\/05\/c3281afdcd455540ab57d0223ea97c3b-2.webp","width":750,"height":400},{"@type":"BreadcrumbList","@id":"https:\/\/www.webdo.tn\/fr\/actualite\/national\/tunisie-avancement-des-projets-de-l-afd-lors-d-une-reunion-au-ministere-de-l-economie\/220014\/#breadcrumb","itemListElement":[{"@type":"ListItem","position":1,"name":"Accueil","item":"https:\/\/www.webdo.tn\/fr\/"},{"@type":"ListItem","position":2,"name":"Tunisie : Avancement des projets de l\u2019AFD lors d\u2019une r\u00e9union au minist\u00e8re de l\u2019\u00c9conomie"}]},{"@type":"WebSite","@id":"https:\/\/www.webdo.tn\/fr\/#website","url":"https:\/\/www.webdo.tn\/fr\/","name":"webdo","description":"Tunisie - News en Tunisie et \u00e0 l&#039;international sur Webdo.tn","publisher":{"@id":"https:\/\/www.webdo.tn\/fr\/#organization"},"potentialAction":[{"@type":"SearchAction","target":{"@type":"EntryPoint","urlTemplate":"https:\/\/www.webdo.tn\/fr\/?s={search_term_string}"},"query-input":{"@type":"PropertyValueSpecification","valueRequired":true,"valueName":"search_term_string"}}],"inLanguage":"fr-FR"},{"@type":"Organization","@id":"https:\/\/www.webdo.tn\/fr\/#organization","name":"Webdo","alternateName":"Webdo.tn","url":"https:\/\/www.webdo.tn\/fr\/","logo":{"@type":"ImageObject","inLanguage":"fr-FR","@id":"https:\/\/www.webdo.tn\/fr\/#\/schema\/logo\/image\/","url":"https:\/\/www.webdo.tn\/fr\/wp-content\/uploads\/2025\/06\/Webdo-Tunisie_168377.jpg","contentUrl":"https:\/\/www.webdo.tn\/fr\/wp-content\/uploads\/2025\/06\/Webdo-Tunisie_168377.jpg","width":301,"height":301,"caption":"Webdo"},"image":{"@id":"https:\/\/www.webdo.tn\/fr\/#\/schema\/logo\/image\/"},"sameAs":["https:\/\/www.facebook.com\/webdotn","https:\/\/x.com\/webdo_tn"],"description":"Webdo est un m\u00e9dia num\u00e9rique tunisien fond\u00e9 en 2010, sp\u00e9cialis\u00e9 dans l\u2019actualit\u00e9 nationale et internationale, l\u2019\u00e9conomie, la soci\u00e9t\u00e9 et les analyses politiques. Le site s\u2019adresse \u00e0 un large public francophone et couvre l\u2019information tunisienne en temps r\u00e9el.","email":"redac@webdo.tn","legalName":"YNJ SARL","foundingDate":"2010-09-06","numberOfEmployees":{"@type":"QuantitativeValue","minValue":"11","maxValue":"50"}},{"@type":"Person","@id":"https:\/\/www.webdo.tn\/fr\/#\/schema\/person\/2c4929cbf5a809e3bd38617c6ce150f6","name":"MC","image":{"@type":"ImageObject","inLanguage":"fr-FR","@id":"https:\/\/secure.gravatar.com\/avatar\/a545bbb6f84efdd5553dbbc2895e3ca8f1d12c5215e00a041c9670b54aa9b18a?s=96&d=mm&r=g","url":"https:\/\/secure.gravatar.com\/avatar\/a545bbb6f84efdd5553dbbc2895e3ca8f1d12c5215e00a041c9670b54aa9b18a?s=96&d=mm&r=g","contentUrl":"https:\/\/secure.gravatar.com\/avatar\/a545bbb6f84efdd5553dbbc2895e3ca8f1d12c5215e00a041c9670b54aa9b18a?s=96&d=mm&r=g","caption":"MC"},"url":"https:\/\/www.webdo.tn\/fr\/actualite\/author\/mc\/"}]}},"_links":{"self":[{"href":"https:\/\/www.webdo.tn\/fr\/wp-json\/wp\/v2\/posts\/220014","targetHints":{"allow":["GET"]}}],"collection":[{"href":"https:\/\/www.webdo.tn\/fr\/wp-json\/wp\/v2\/posts"}],"about":[{"href":"https:\/\/www.webdo.tn\/fr\/wp-json\/wp\/v2\/types\/post"}],"author":[{"embeddable":true,"href":"https:\/\/www.webdo.tn\/fr\/wp-json\/wp\/v2\/users\/3162"}],"replies":[{"embeddable":true,"href":"https:\/\/www.webdo.tn\/fr\/wp-json\/wp\/v2\/comments?post=220014"}],"version-history":[{"count":0,"href":"https:\/\/www.webdo.tn\/fr\/wp-json\/wp\/v2\/posts\/220014\/revisions"}],"wp:featuredmedia":[{"embeddable":true,"href":"https:\/\/www.webdo.tn\/fr\/wp-json\/wp\/v2\/media\/242086"}],"wp:attachment":[{"href":"https:\/\/www.webdo.tn\/fr\/wp-json\/wp\/v2\/media?parent=220014"}],"wp:term":[{"taxonomy":"category","embeddable":true,"href":"https:\/\/www.webdo.tn\/fr\/wp-json\/wp\/v2\/categories?post=220014"},{"taxonomy":"post_tag","embeddable":true,"href":"https:\/\/www.webdo.tn\/fr\/wp-json\/wp\/v2\/tags?post=220014"}],"curies":[{"name":"wp","href":"https:\/\/api.w.org\/{rel}","templated":true}]}}