{"id":220002,"date":"2025-02-21T10:05:00","date_gmt":"2025-02-21T10:05:00","guid":{"rendered":"https:\/\/www.webdo.tn\/fr\/blog\/mon-dilemme-comment-ne-pas-decevoir-les-tunisiennes\/220002\/"},"modified":"2025-02-21T10:05:00","modified_gmt":"2025-02-21T10:05:00","slug":"mon-dilemme-comment-ne-pas-decevoir-les-tunisiennes","status":"publish","type":"post","link":"https:\/\/www.webdo.tn\/fr\/actualite\/chroniques\/mon-dilemme-comment-ne-pas-decevoir-les-tunisiennes\/220002\/","title":{"rendered":"Mon dilemme : Comment ne pas d\u00e9cevoir les Tunisiennes ?"},"content":{"rendered":"<p>Elles sont aujourd&rsquo;hui le moteur de la croissance et souvent les garantes de notre \u00e9thique et de nos ancrages. Et si les Tunisiennes sont exemplaires, ne sommes-nous pas en train de les d\u00e9cevoir ?<\/p>\n<p>\t\t\t\t\t\t\t\t\tCela fait une dizaine de jours que j&rsquo;attends d&rsquo;\u00e9crire ce billet pour dire d&rsquo;abord mon admiration aux Tunisiennes, toutes les Tunisiennes. Et si je le fais aujourd&rsquo;hui, c&rsquo;est parce que j&rsquo;ai eu la joie de mod\u00e9rer un d\u00e9bat intitul\u00e9 \u00ab\u00a0Les Tunisiennes et les disciplines scientifiques\u00a0\u00bb, un d\u00e9bat anim\u00e9 par trois battantes.<\/p>\n<p>Cette rencontre s&rsquo;inscrivait dans le cadre des Tertulia de l&rsquo;Institut Cervant\u00e8s, un cycle de rencontres conviviales pour d\u00e9battre de sujets d&rsquo;actualit\u00e9. Les invit\u00e9es \u00e9taient la biologiste Erije Messadi et les math\u00e9maticiennes Sa\u00efma Khenissi et Yomna Reba\u00ef. Dans la salle, elles \u00e9taient \u00e9galement des dizaines de femmes scientifiques issues des d\u00e9partements universitaires ou des laboratoires de recherche. Elles \u00e9taient toutes venues \u00e0 l&rsquo;invitation de l&rsquo;ambassade d&rsquo;Espagne c\u00e9l\u00e9brer la journ\u00e9e mondiale de la femme scientifique.<\/p>\n<p>Pour ma part, j&rsquo;\u00e9tais bouche b\u00e9e devant le profil de ces dames, surtout l&rsquo;une d&rsquo;entre elles qui m&rsquo;a litt\u00e9ralement conquis. Imaginez cette scientifique tunisienne s&rsquo;en allant passer une ann\u00e9e universitaire au Japon, seulement accompagn\u00e9e de son fils en bas \u00e2ge. Et bien s\u00fbr, elle s&rsquo;en est sortie avec les honneurs et t\u00e9moignait de cette exp\u00e9rience.<\/p>\n<p>Chacune avait \u00e9norm\u00e9ment \u00e0 dire et apporter \u00e0 l&rsquo;auditoire. La plupart ont rendu hommage \u00e0 leurs p\u00e8res qui les ont aiguill\u00e9es vers les disciplines scientifiques. Certaines portent la m\u00e9moire de leurs d\u00e9partements et laboratoires respectifs. D&rsquo;autres ont des activit\u00e9s \u00e0 la pointe de la recherche ou des sciences appliqu\u00e9es. Toutes portent une irr\u00e9pressible \u00e9tincelle de la modernit\u00e9 tunisienne.<\/p>\n<p>En les \u00e9coutant, je ressentais une inqui\u00e9tude : comment \u00eatre digne de ces Tunisiennes ? Comment ne pas les d\u00e9cevoir ? Comment faire en sorte que les avanc\u00e9es qu&rsquo;elles op\u00e9rent rejaillissent sur tout le pays ?<\/p>\n<p>C&rsquo;est vrai : certains \u00e9garements et autres d\u00e9rives ont enlis\u00e9 la Tunisie dans des joutes d&rsquo;arri\u00e8re-garde o\u00f9 les coqs r\u00e9actionnaires fusaient de partout, tirant notre pays vers le bas et le pillant dans le sillage des pr\u00e9dateurs d&rsquo;hier.<\/p>\n<p>Heureusement que les femmes n&rsquo;ont jamais cess\u00e9 d&rsquo;\u00e9tudier, militer, travailler. M\u00eame si j&rsquo;ai l&rsquo;impression d&rsquo;exclure les hommes, certains hommes, des dynamiques positives, je n&rsquo;en suis pas moins que ce sont les femmes qui sont l&rsquo;avenir de la Tunisie et plus pr\u00e9cis\u00e9ment l&rsquo;avenir de ce que nous avons toujours per\u00e7u comme une exception tunisienne dans le monde arabe et musulman.<\/p>\n<p>Comment \u00eatre digne de ces Tunisiennes qui portent le flambeau de la modernit\u00e9 ? Comment ne pas les d\u00e9cevoir par notre pass\u00e9isme et nos vieux r\u00e9flexes \u00e0 l&rsquo;aune du patriarcat et des int\u00e9grismes ?<\/p>\n<p>Trop souvent, le nivellement par le bas que nous avons subi depuis une d\u00e9cennie, a \u00e9cras\u00e9 les hommes sous le carcan des discours identitaires, de la haine et des ressentiments. Dans notre soci\u00e9t\u00e9 actuelle, trop d&rsquo;hommes sont des victimes d&rsquo;une \u00e9poque qui est entr\u00e9e dans le nouveau si\u00e8cle \u00e0 reculons.<\/p>\n<p>Comment faire pour aller d\u00e9sormais de l&rsquo;avant ? Cette Tertulia ( le mot arabe \u00ab\u00a0dardacha\u00a0\u00bb rend bien l&rsquo;esprit de ces rencontres) m&rsquo;a ouvert les yeux sur la grande ambition des Tunisiennes (pour elles et leurs enfants) et \u00e0 rebours, sur la d\u00e9bandade masculine, cette d\u00e9route qui cherche toujours midi \u00e0 quatorze heures.<\/p>\n<p>En \u00e9crivant ces lignes, je ne fais que poser quelques questions. Et je suis taraud\u00e9 par une question : Sommes- nous, collectivement, dignes des Tunisiennes ? J&rsquo;ai bien peur que non et cette Tertulia m&rsquo;a amplement convaincu que le chemin \u00e9tait long pour que les hommes puissent rattraper le progr\u00e8s que les femmes construisent au jour le jour.<\/p>\n","protected":false},"excerpt":{"rendered":"<p>Elles sont aujourd&rsquo;hui le moteur de la croissance et souvent les garantes de notre \u00e9thique et de nos ancrages. Et si les Tunisiennes sont exemplaires, ne sommes&#8230;<\/p>\n","protected":false},"author":3229,"featured_media":291923,"comment_status":"open","ping_status":"closed","sticky":false,"template":"","format":"standard","meta":{"footnotes":""},"categories":[2596],"tags":[10978,3700,2608],"class_list":["post-220002","post","type-post","status-publish","format-standard","has-post-thumbnail","hentry","category-chroniques","tag-tunisiennes","tag-femmes","tag-tunisie"],"yoast_head":"<!-- This site is optimized with the Yoast SEO Premium plugin v27.5 (Yoast SEO v27.5) - https:\/\/yoast.com\/product\/yoast-seo-premium-wordpress\/ -->\n<title>Mon dilemme : Comment ne pas d\u00e9cevoir les Tunisiennes ?<\/title>\n<meta name=\"description\" content=\"Elles sont aujourd&#039;hui le moteur de la croissance et souvent les garantes de notre \u00e9thique et de nos ancrages. Et si les Tunisiennes sont exemplaires, ne sommes...\" \/>\n<link rel=\"canonical\" href=\"https:\/\/www.webdo.tn\/fr\/actualite\/chroniques\/mon-dilemme-comment-ne-pas-decevoir-les-tunisiennes\/220002\/\" \/>\n<meta property=\"og:locale\" content=\"fr_FR\" \/>\n<meta property=\"og:type\" content=\"article\" \/>\n<meta property=\"og:title\" content=\"Mon dilemme : Comment ne pas d\u00e9cevoir les Tunisiennes ?\" \/>\n<meta property=\"og:description\" content=\"Elles sont aujourd&#039;hui le moteur de la croissance et souvent les garantes de notre \u00e9thique et de nos ancrages. Et si les Tunisiennes sont exemplaires, ne sommes...\" \/>\n<meta property=\"og:url\" content=\"https:\/\/www.webdo.tn\/fr\/actualite\/chroniques\/mon-dilemme-comment-ne-pas-decevoir-les-tunisiennes\/220002\/\" \/>\n<meta property=\"og:site_name\" content=\"webdo\" \/>\n<meta property=\"article:publisher\" content=\"https:\/\/www.facebook.com\/webdotn\" \/>\n<meta property=\"article:author\" content=\"https:\/\/www.facebook.com\/hatem.bourial.2025\" \/>\n<meta property=\"article:published_time\" content=\"2025-02-21T10:05:00+00:00\" \/>\n<meta property=\"og:image\" content=\"https:\/\/www.webdo.tn\/fr\/wp-content\/uploads\/2025\/02\/f83e954007b45575d7adf9ab655126e3.webp\" \/>\n\t<meta property=\"og:image:width\" content=\"750\" \/>\n\t<meta property=\"og:image:height\" content=\"400\" \/>\n\t<meta property=\"og:image:type\" content=\"image\/webp\" \/>\n<meta name=\"author\" content=\"Hatem Bourial\" \/>\n<meta name=\"twitter:card\" content=\"summary_large_image\" \/>\n<meta name=\"twitter:creator\" content=\"@webdo_tn\" \/>\n<meta name=\"twitter:site\" content=\"@webdo_tn\" \/>\n<meta name=\"twitter:label1\" content=\"\u00c9crit par\" \/>\n\t<meta name=\"twitter:data1\" content=\"Hatem Bourial\" \/>\n\t<meta name=\"twitter:label2\" content=\"Dur\u00e9e de lecture estim\u00e9e\" \/>\n\t<meta name=\"twitter:data2\" content=\"3 minutes\" \/>\n<script type=\"application\/ld+json\" class=\"yoast-schema-graph\">{\"@context\":\"https:\\\/\\\/schema.org\",\"@graph\":[{\"@type\":\"NewsArticle\",\"@id\":\"https:\\\/\\\/www.webdo.tn\\\/fr\\\/actualite\\\/chroniques\\\/mon-dilemme-comment-ne-pas-decevoir-les-tunisiennes\\\/220002\\\/#article\",\"isPartOf\":{\"@id\":\"https:\\\/\\\/www.webdo.tn\\\/fr\\\/actualite\\\/chroniques\\\/mon-dilemme-comment-ne-pas-decevoir-les-tunisiennes\\\/220002\\\/\"},\"author\":{\"name\":\"Hatem Bourial\",\"@id\":\"https:\\\/\\\/www.webdo.tn\\\/fr\\\/#\\\/schema\\\/person\\\/6bc0beba2cd23aec27cb5df85ca2554f\"},\"headline\":\"Mon dilemme : Comment ne pas d\u00e9cevoir les Tunisiennes ?\",\"datePublished\":\"2025-02-21T10:05:00+00:00\",\"mainEntityOfPage\":{\"@id\":\"https:\\\/\\\/www.webdo.tn\\\/fr\\\/actualite\\\/chroniques\\\/mon-dilemme-comment-ne-pas-decevoir-les-tunisiennes\\\/220002\\\/\"},\"wordCount\":679,\"commentCount\":0,\"publisher\":{\"@id\":\"https:\\\/\\\/www.webdo.tn\\\/fr\\\/#organization\"},\"image\":{\"@id\":\"https:\\\/\\\/www.webdo.tn\\\/fr\\\/actualite\\\/chroniques\\\/mon-dilemme-comment-ne-pas-decevoir-les-tunisiennes\\\/220002\\\/#primaryimage\"},\"thumbnailUrl\":\"https:\\\/\\\/www.webdo.tn\\\/fr\\\/wp-content\\\/uploads\\\/2025\\\/02\\\/f83e954007b45575d7adf9ab655126e3.webp\",\"keywords\":[\"'Tunisiennes']\",\"femmes\",\"Tunisie\"],\"articleSection\":[\"Chroniques\"],\"inLanguage\":\"fr-FR\"},{\"@type\":\"WebPage\",\"@id\":\"https:\\\/\\\/www.webdo.tn\\\/fr\\\/actualite\\\/chroniques\\\/mon-dilemme-comment-ne-pas-decevoir-les-tunisiennes\\\/220002\\\/\",\"url\":\"https:\\\/\\\/www.webdo.tn\\\/fr\\\/actualite\\\/chroniques\\\/mon-dilemme-comment-ne-pas-decevoir-les-tunisiennes\\\/220002\\\/\",\"name\":\"Mon dilemme : Comment ne pas d\u00e9cevoir les Tunisiennes ?\",\"isPartOf\":{\"@id\":\"https:\\\/\\\/www.webdo.tn\\\/fr\\\/#website\"},\"primaryImageOfPage\":{\"@id\":\"https:\\\/\\\/www.webdo.tn\\\/fr\\\/actualite\\\/chroniques\\\/mon-dilemme-comment-ne-pas-decevoir-les-tunisiennes\\\/220002\\\/#primaryimage\"},\"image\":{\"@id\":\"https:\\\/\\\/www.webdo.tn\\\/fr\\\/actualite\\\/chroniques\\\/mon-dilemme-comment-ne-pas-decevoir-les-tunisiennes\\\/220002\\\/#primaryimage\"},\"thumbnailUrl\":\"https:\\\/\\\/www.webdo.tn\\\/fr\\\/wp-content\\\/uploads\\\/2025\\\/02\\\/f83e954007b45575d7adf9ab655126e3.webp\",\"datePublished\":\"2025-02-21T10:05:00+00:00\",\"description\":\"Elles sont aujourd'hui le moteur de la croissance et souvent les garantes de notre \u00e9thique et de nos ancrages. Et si les Tunisiennes sont exemplaires, ne sommes...\",\"breadcrumb\":{\"@id\":\"https:\\\/\\\/www.webdo.tn\\\/fr\\\/actualite\\\/chroniques\\\/mon-dilemme-comment-ne-pas-decevoir-les-tunisiennes\\\/220002\\\/#breadcrumb\"},\"inLanguage\":\"fr-FR\",\"potentialAction\":[{\"@type\":\"ReadAction\",\"target\":[\"https:\\\/\\\/www.webdo.tn\\\/fr\\\/actualite\\\/chroniques\\\/mon-dilemme-comment-ne-pas-decevoir-les-tunisiennes\\\/220002\\\/\"]}]},{\"@type\":\"ImageObject\",\"inLanguage\":\"fr-FR\",\"@id\":\"https:\\\/\\\/www.webdo.tn\\\/fr\\\/actualite\\\/chroniques\\\/mon-dilemme-comment-ne-pas-decevoir-les-tunisiennes\\\/220002\\\/#primaryimage\",\"url\":\"https:\\\/\\\/www.webdo.tn\\\/fr\\\/wp-content\\\/uploads\\\/2025\\\/02\\\/f83e954007b45575d7adf9ab655126e3.webp\",\"contentUrl\":\"https:\\\/\\\/www.webdo.tn\\\/fr\\\/wp-content\\\/uploads\\\/2025\\\/02\\\/f83e954007b45575d7adf9ab655126e3.webp\",\"width\":750,\"height\":400,\"caption\":\"Mon dilemme : Comment ne pas d\u00e9cevoir les Tunisiennes ?\"},{\"@type\":\"BreadcrumbList\",\"@id\":\"https:\\\/\\\/www.webdo.tn\\\/fr\\\/actualite\\\/chroniques\\\/mon-dilemme-comment-ne-pas-decevoir-les-tunisiennes\\\/220002\\\/#breadcrumb\",\"itemListElement\":[{\"@type\":\"ListItem\",\"position\":1,\"name\":\"Accueil\",\"item\":\"https:\\\/\\\/www.webdo.tn\\\/fr\\\/\"},{\"@type\":\"ListItem\",\"position\":2,\"name\":\"Mon dilemme : Comment ne pas d\u00e9cevoir les Tunisiennes ?\"}]},{\"@type\":\"WebSite\",\"@id\":\"https:\\\/\\\/www.webdo.tn\\\/fr\\\/#website\",\"url\":\"https:\\\/\\\/www.webdo.tn\\\/fr\\\/\",\"name\":\"webdo\",\"description\":\"Tunisie - News en Tunisie et \u00e0 l&#039;international sur Webdo.tn\",\"publisher\":{\"@id\":\"https:\\\/\\\/www.webdo.tn\\\/fr\\\/#organization\"},\"potentialAction\":[{\"@type\":\"SearchAction\",\"target\":{\"@type\":\"EntryPoint\",\"urlTemplate\":\"https:\\\/\\\/www.webdo.tn\\\/fr\\\/?s={search_term_string}\"},\"query-input\":{\"@type\":\"PropertyValueSpecification\",\"valueRequired\":true,\"valueName\":\"search_term_string\"}}],\"inLanguage\":\"fr-FR\"},{\"@type\":\"Organization\",\"@id\":\"https:\\\/\\\/www.webdo.tn\\\/fr\\\/#organization\",\"name\":\"Webdo\",\"alternateName\":\"Webdo.tn\",\"url\":\"https:\\\/\\\/www.webdo.tn\\\/fr\\\/\",\"logo\":{\"@type\":\"ImageObject\",\"inLanguage\":\"fr-FR\",\"@id\":\"https:\\\/\\\/www.webdo.tn\\\/fr\\\/#\\\/schema\\\/logo\\\/image\\\/\",\"url\":\"https:\\\/\\\/www.webdo.tn\\\/fr\\\/wp-content\\\/uploads\\\/2025\\\/06\\\/Webdo-Tunisie_168377.jpg\",\"contentUrl\":\"https:\\\/\\\/www.webdo.tn\\\/fr\\\/wp-content\\\/uploads\\\/2025\\\/06\\\/Webdo-Tunisie_168377.jpg\",\"width\":301,\"height\":301,\"caption\":\"Webdo\"},\"image\":{\"@id\":\"https:\\\/\\\/www.webdo.tn\\\/fr\\\/#\\\/schema\\\/logo\\\/image\\\/\"},\"sameAs\":[\"https:\\\/\\\/www.facebook.com\\\/webdotn\",\"https:\\\/\\\/x.com\\\/webdo_tn\"],\"description\":\"Webdo est un m\u00e9dia num\u00e9rique tunisien fond\u00e9 en 2010, sp\u00e9cialis\u00e9 dans l\u2019actualit\u00e9 nationale et internationale, l\u2019\u00e9conomie, la soci\u00e9t\u00e9 et les analyses politiques. Le site s\u2019adresse \u00e0 un large public francophone et couvre l\u2019information tunisienne en temps r\u00e9el.\",\"email\":\"redac@webdo.tn\",\"legalName\":\"YNJ SARL\",\"foundingDate\":\"2010-09-06\",\"numberOfEmployees\":{\"@type\":\"QuantitativeValue\",\"minValue\":\"11\",\"maxValue\":\"50\"}},{\"@type\":\"Person\",\"@id\":\"https:\\\/\\\/www.webdo.tn\\\/fr\\\/#\\\/schema\\\/person\\\/6bc0beba2cd23aec27cb5df85ca2554f\",\"name\":\"Hatem Bourial\",\"image\":{\"@type\":\"ImageObject\",\"inLanguage\":\"fr-FR\",\"@id\":\"https:\\\/\\\/www.webdo.tn\\\/fr\\\/wp-content\\\/uploads\\\/2026\\\/04\\\/hatem-bourial_avatar-96x96.jpg\",\"url\":\"https:\\\/\\\/www.webdo.tn\\\/fr\\\/wp-content\\\/uploads\\\/2026\\\/04\\\/hatem-bourial_avatar-96x96.jpg\",\"contentUrl\":\"https:\\\/\\\/www.webdo.tn\\\/fr\\\/wp-content\\\/uploads\\\/2026\\\/04\\\/hatem-bourial_avatar-96x96.jpg\",\"caption\":\"Hatem Bourial\"},\"description\":\"Hatem Bourial est journaliste, \u00e9crivain et chroniqueur tunisien. Actif depuis plusieurs d\u00e9cennies, il s\u2019est impos\u00e9 comme un observateur attentif de la soci\u00e9t\u00e9 tunisienne, m\u00ealant dans ses \u00e9crits m\u00e9moire, culture et analyse du quotidien. Auteur de nombreux ouvrages, il d\u00e9veloppe une \u0153uvre \u00e0 la crois\u00e9e du r\u00e9cit, de la po\u00e9sie et de l\u2019observation sociologique. Parall\u00e8lement \u00e0 ses contributions dans la presse, il intervient r\u00e9guli\u00e8rement \u00e0 la radio et dans des espaces culturels, o\u00f9 il explore les enjeux li\u00e9s au patrimoine, \u00e0 l\u2019identit\u00e9 et aux transformations du monde contemporain. \u00c0 travers ses chroniques, Hatem Bourial propose une lecture sensible et approfondie de l\u2019actualit\u00e9, nourrie par une exp\u00e9rience journalistique et litt\u00e9raire reconnue. \ud83d\udd17 Facebook : https:\\\/\\\/www.facebook.com\\\/hatem.bourial.2025\",\"sameAs\":[\"https:\\\/\\\/www.facebook.com\\\/hatem.bourial.2025\",\"https:\\\/\\\/fr.wikipedia.org\\\/wiki\\\/Fichier:Hatem_Bourial.jpg\"],\"knowsAbout\":[\"Culture & patrimoine tunisien\",\"Chronique soci\u00e9tale\",\"Litt\u00e9rature & m\u00e9moire\",\"Cin\u00e9ma & critique culturelle\",\"Identit\u00e9 & mutations sociales\"],\"knowsLanguage\":[\"Arabe\",\"Fran\u00e7ais\",\"Anglais\",\"Italien\",\"Polonais\"],\"jobTitle\":\"Journaliste, \u00e9crivain et chroniqueur culturel\",\"worksFor\":\"Webdo\",\"url\":\"https:\\\/\\\/www.webdo.tn\\\/fr\\\/actualite\\\/author\\\/hatem-bourial-2\\\/\"}]}<\/script>\n<!-- \/ Yoast SEO Premium plugin. -->","yoast_head_json":{"title":"Mon dilemme : Comment ne pas d\u00e9cevoir les Tunisiennes ?","description":"Elles sont aujourd'hui le moteur de la croissance et souvent les garantes de notre \u00e9thique et de nos ancrages. Et si les Tunisiennes sont exemplaires, ne sommes...","canonical":"https:\/\/www.webdo.tn\/fr\/actualite\/chroniques\/mon-dilemme-comment-ne-pas-decevoir-les-tunisiennes\/220002\/","og_locale":"fr_FR","og_type":"article","og_title":"Mon dilemme : Comment ne pas d\u00e9cevoir les Tunisiennes ?","og_description":"Elles sont aujourd'hui le moteur de la croissance et souvent les garantes de notre \u00e9thique et de nos ancrages. Et si les Tunisiennes sont exemplaires, ne sommes...","og_url":"https:\/\/www.webdo.tn\/fr\/actualite\/chroniques\/mon-dilemme-comment-ne-pas-decevoir-les-tunisiennes\/220002\/","og_site_name":"webdo","article_publisher":"https:\/\/www.facebook.com\/webdotn","article_author":"https:\/\/www.facebook.com\/hatem.bourial.2025","article_published_time":"2025-02-21T10:05:00+00:00","og_image":[{"width":750,"height":400,"url":"https:\/\/www.webdo.tn\/fr\/wp-content\/uploads\/2025\/02\/f83e954007b45575d7adf9ab655126e3.webp","type":"image\/webp"}],"author":"Hatem Bourial","twitter_card":"summary_large_image","twitter_creator":"@webdo_tn","twitter_site":"@webdo_tn","twitter_misc":{"\u00c9crit par":"Hatem Bourial","Dur\u00e9e de lecture estim\u00e9e":"3 minutes"},"schema":{"@context":"https:\/\/schema.org","@graph":[{"@type":"NewsArticle","@id":"https:\/\/www.webdo.tn\/fr\/actualite\/chroniques\/mon-dilemme-comment-ne-pas-decevoir-les-tunisiennes\/220002\/#article","isPartOf":{"@id":"https:\/\/www.webdo.tn\/fr\/actualite\/chroniques\/mon-dilemme-comment-ne-pas-decevoir-les-tunisiennes\/220002\/"},"author":{"name":"Hatem Bourial","@id":"https:\/\/www.webdo.tn\/fr\/#\/schema\/person\/6bc0beba2cd23aec27cb5df85ca2554f"},"headline":"Mon dilemme : Comment ne pas d\u00e9cevoir les Tunisiennes ?","datePublished":"2025-02-21T10:05:00+00:00","mainEntityOfPage":{"@id":"https:\/\/www.webdo.tn\/fr\/actualite\/chroniques\/mon-dilemme-comment-ne-pas-decevoir-les-tunisiennes\/220002\/"},"wordCount":679,"commentCount":0,"publisher":{"@id":"https:\/\/www.webdo.tn\/fr\/#organization"},"image":{"@id":"https:\/\/www.webdo.tn\/fr\/actualite\/chroniques\/mon-dilemme-comment-ne-pas-decevoir-les-tunisiennes\/220002\/#primaryimage"},"thumbnailUrl":"https:\/\/www.webdo.tn\/fr\/wp-content\/uploads\/2025\/02\/f83e954007b45575d7adf9ab655126e3.webp","keywords":["'Tunisiennes']","femmes","Tunisie"],"articleSection":["Chroniques"],"inLanguage":"fr-FR"},{"@type":"WebPage","@id":"https:\/\/www.webdo.tn\/fr\/actualite\/chroniques\/mon-dilemme-comment-ne-pas-decevoir-les-tunisiennes\/220002\/","url":"https:\/\/www.webdo.tn\/fr\/actualite\/chroniques\/mon-dilemme-comment-ne-pas-decevoir-les-tunisiennes\/220002\/","name":"Mon dilemme : Comment ne pas d\u00e9cevoir les Tunisiennes ?","isPartOf":{"@id":"https:\/\/www.webdo.tn\/fr\/#website"},"primaryImageOfPage":{"@id":"https:\/\/www.webdo.tn\/fr\/actualite\/chroniques\/mon-dilemme-comment-ne-pas-decevoir-les-tunisiennes\/220002\/#primaryimage"},"image":{"@id":"https:\/\/www.webdo.tn\/fr\/actualite\/chroniques\/mon-dilemme-comment-ne-pas-decevoir-les-tunisiennes\/220002\/#primaryimage"},"thumbnailUrl":"https:\/\/www.webdo.tn\/fr\/wp-content\/uploads\/2025\/02\/f83e954007b45575d7adf9ab655126e3.webp","datePublished":"2025-02-21T10:05:00+00:00","description":"Elles sont aujourd'hui le moteur de la croissance et souvent les garantes de notre \u00e9thique et de nos ancrages. Et si les Tunisiennes sont exemplaires, ne sommes...","breadcrumb":{"@id":"https:\/\/www.webdo.tn\/fr\/actualite\/chroniques\/mon-dilemme-comment-ne-pas-decevoir-les-tunisiennes\/220002\/#breadcrumb"},"inLanguage":"fr-FR","potentialAction":[{"@type":"ReadAction","target":["https:\/\/www.webdo.tn\/fr\/actualite\/chroniques\/mon-dilemme-comment-ne-pas-decevoir-les-tunisiennes\/220002\/"]}]},{"@type":"ImageObject","inLanguage":"fr-FR","@id":"https:\/\/www.webdo.tn\/fr\/actualite\/chroniques\/mon-dilemme-comment-ne-pas-decevoir-les-tunisiennes\/220002\/#primaryimage","url":"https:\/\/www.webdo.tn\/fr\/wp-content\/uploads\/2025\/02\/f83e954007b45575d7adf9ab655126e3.webp","contentUrl":"https:\/\/www.webdo.tn\/fr\/wp-content\/uploads\/2025\/02\/f83e954007b45575d7adf9ab655126e3.webp","width":750,"height":400,"caption":"Mon dilemme : Comment ne pas d\u00e9cevoir les Tunisiennes ?"},{"@type":"BreadcrumbList","@id":"https:\/\/www.webdo.tn\/fr\/actualite\/chroniques\/mon-dilemme-comment-ne-pas-decevoir-les-tunisiennes\/220002\/#breadcrumb","itemListElement":[{"@type":"ListItem","position":1,"name":"Accueil","item":"https:\/\/www.webdo.tn\/fr\/"},{"@type":"ListItem","position":2,"name":"Mon dilemme : Comment ne pas d\u00e9cevoir les Tunisiennes ?"}]},{"@type":"WebSite","@id":"https:\/\/www.webdo.tn\/fr\/#website","url":"https:\/\/www.webdo.tn\/fr\/","name":"webdo","description":"Tunisie - News en Tunisie et \u00e0 l&#039;international sur Webdo.tn","publisher":{"@id":"https:\/\/www.webdo.tn\/fr\/#organization"},"potentialAction":[{"@type":"SearchAction","target":{"@type":"EntryPoint","urlTemplate":"https:\/\/www.webdo.tn\/fr\/?s={search_term_string}"},"query-input":{"@type":"PropertyValueSpecification","valueRequired":true,"valueName":"search_term_string"}}],"inLanguage":"fr-FR"},{"@type":"Organization","@id":"https:\/\/www.webdo.tn\/fr\/#organization","name":"Webdo","alternateName":"Webdo.tn","url":"https:\/\/www.webdo.tn\/fr\/","logo":{"@type":"ImageObject","inLanguage":"fr-FR","@id":"https:\/\/www.webdo.tn\/fr\/#\/schema\/logo\/image\/","url":"https:\/\/www.webdo.tn\/fr\/wp-content\/uploads\/2025\/06\/Webdo-Tunisie_168377.jpg","contentUrl":"https:\/\/www.webdo.tn\/fr\/wp-content\/uploads\/2025\/06\/Webdo-Tunisie_168377.jpg","width":301,"height":301,"caption":"Webdo"},"image":{"@id":"https:\/\/www.webdo.tn\/fr\/#\/schema\/logo\/image\/"},"sameAs":["https:\/\/www.facebook.com\/webdotn","https:\/\/x.com\/webdo_tn"],"description":"Webdo est un m\u00e9dia num\u00e9rique tunisien fond\u00e9 en 2010, sp\u00e9cialis\u00e9 dans l\u2019actualit\u00e9 nationale et internationale, l\u2019\u00e9conomie, la soci\u00e9t\u00e9 et les analyses politiques. Le site s\u2019adresse \u00e0 un large public francophone et couvre l\u2019information tunisienne en temps r\u00e9el.","email":"redac@webdo.tn","legalName":"YNJ SARL","foundingDate":"2010-09-06","numberOfEmployees":{"@type":"QuantitativeValue","minValue":"11","maxValue":"50"}},{"@type":"Person","@id":"https:\/\/www.webdo.tn\/fr\/#\/schema\/person\/6bc0beba2cd23aec27cb5df85ca2554f","name":"Hatem Bourial","image":{"@type":"ImageObject","inLanguage":"fr-FR","@id":"https:\/\/www.webdo.tn\/fr\/wp-content\/uploads\/2026\/04\/hatem-bourial_avatar-96x96.jpg","url":"https:\/\/www.webdo.tn\/fr\/wp-content\/uploads\/2026\/04\/hatem-bourial_avatar-96x96.jpg","contentUrl":"https:\/\/www.webdo.tn\/fr\/wp-content\/uploads\/2026\/04\/hatem-bourial_avatar-96x96.jpg","caption":"Hatem Bourial"},"description":"Hatem Bourial est journaliste, \u00e9crivain et chroniqueur tunisien. Actif depuis plusieurs d\u00e9cennies, il s\u2019est impos\u00e9 comme un observateur attentif de la soci\u00e9t\u00e9 tunisienne, m\u00ealant dans ses \u00e9crits m\u00e9moire, culture et analyse du quotidien. Auteur de nombreux ouvrages, il d\u00e9veloppe une \u0153uvre \u00e0 la crois\u00e9e du r\u00e9cit, de la po\u00e9sie et de l\u2019observation sociologique. Parall\u00e8lement \u00e0 ses contributions dans la presse, il intervient r\u00e9guli\u00e8rement \u00e0 la radio et dans des espaces culturels, o\u00f9 il explore les enjeux li\u00e9s au patrimoine, \u00e0 l\u2019identit\u00e9 et aux transformations du monde contemporain. \u00c0 travers ses chroniques, Hatem Bourial propose une lecture sensible et approfondie de l\u2019actualit\u00e9, nourrie par une exp\u00e9rience journalistique et litt\u00e9raire reconnue. \ud83d\udd17 Facebook : https:\/\/www.facebook.com\/hatem.bourial.2025","sameAs":["https:\/\/www.facebook.com\/hatem.bourial.2025","https:\/\/fr.wikipedia.org\/wiki\/Fichier:Hatem_Bourial.jpg"],"knowsAbout":["Culture & patrimoine tunisien","Chronique soci\u00e9tale","Litt\u00e9rature & m\u00e9moire","Cin\u00e9ma & critique culturelle","Identit\u00e9 & mutations sociales"],"knowsLanguage":["Arabe","Fran\u00e7ais","Anglais","Italien","Polonais"],"jobTitle":"Journaliste, \u00e9crivain et chroniqueur culturel","worksFor":"Webdo","url":"https:\/\/www.webdo.tn\/fr\/actualite\/author\/hatem-bourial-2\/"}]}},"_links":{"self":[{"href":"https:\/\/www.webdo.tn\/fr\/wp-json\/wp\/v2\/posts\/220002","targetHints":{"allow":["GET"]}}],"collection":[{"href":"https:\/\/www.webdo.tn\/fr\/wp-json\/wp\/v2\/posts"}],"about":[{"href":"https:\/\/www.webdo.tn\/fr\/wp-json\/wp\/v2\/types\/post"}],"author":[{"embeddable":true,"href":"https:\/\/www.webdo.tn\/fr\/wp-json\/wp\/v2\/users\/3229"}],"replies":[{"embeddable":true,"href":"https:\/\/www.webdo.tn\/fr\/wp-json\/wp\/v2\/comments?post=220002"}],"version-history":[{"count":0,"href":"https:\/\/www.webdo.tn\/fr\/wp-json\/wp\/v2\/posts\/220002\/revisions"}],"wp:featuredmedia":[{"embeddable":true,"href":"https:\/\/www.webdo.tn\/fr\/wp-json\/wp\/v2\/media\/291923"}],"wp:attachment":[{"href":"https:\/\/www.webdo.tn\/fr\/wp-json\/wp\/v2\/media?parent=220002"}],"wp:term":[{"taxonomy":"category","embeddable":true,"href":"https:\/\/www.webdo.tn\/fr\/wp-json\/wp\/v2\/categories?post=220002"},{"taxonomy":"post_tag","embeddable":true,"href":"https:\/\/www.webdo.tn\/fr\/wp-json\/wp\/v2\/tags?post=220002"}],"curies":[{"name":"wp","href":"https:\/\/api.w.org\/{rel}","templated":true}]}}