{"id":219986,"date":"2025-02-20T20:21:00","date_gmt":"2025-02-20T20:21:00","guid":{"rendered":"https:\/\/www.webdo.tn\/fr\/blog\/2025\/02\/20\/tunisie-saied-se-penche-sur-les-grands-projets-d-infrastructure-et-la-situation-des-autoroutes\/"},"modified":"2025-05-21T08:59:34","modified_gmt":"2025-05-21T08:59:34","slug":"tunisie-saied-se-penche-sur-les-grands-projets-d-infrastructure-et-la-situation-des-autoroutes","status":"publish","type":"post","link":"https:\/\/www.webdo.tn\/fr\/actualite\/national\/tunisie-saied-se-penche-sur-les-grands-projets-d-infrastructure-et-la-situation-des-autoroutes\/219986\/","title":{"rendered":"Tunisie : Sa\u00efed se penche sur les grands projets d&rsquo;infrastructure et la situation des autoroutes"},"content":{"rendered":"<p>Le jeudi 20 f\u00e9vrier 2025, le pr\u00e9sident Ka\u00efs Sa\u00efed a accueilli, au palais de Carthage, la ministre de l&rsquo;\u00c9quipement et de l&rsquo;Habitat, Sarah Zaafrani Zenzri, pour \u00e9voquer l&rsquo;avancement de plusieurs grands projets.<\/p>\n<p>\t\t\t\t\t\t\t\t\tParmi ces projets, celui de l\u2019autoroute Tunis-Jelma, dont les travaux sont actuellement achev\u00e9s \u00e0 hauteur de 25 %. Le pr\u00e9sident a soulign\u00e9 l\u2019urgence d\u2019acc\u00e9l\u00e9rer la r\u00e9alisation de cette infrastructure, tout comme pour d&rsquo;autres projets importants, notamment le pont de Bizerte.<\/p>\n<p>Le pr\u00e9sident Sa\u00efed a \u00e9galement abord\u00e9 la situation de la Soci\u00e9t\u00e9 Tunisie Autoroutes (STA), insistant sur l&rsquo;importance d&rsquo;assurer un entretien optimal des autoroutes. Il a rappel\u00e9 que les usagers, qui payent des p\u00e9ages, m\u00e9ritent des routes en meilleur \u00e9tat, et que les employ\u00e9s des stations de p\u00e9age doivent voir leurs conditions de travail am\u00e9lior\u00e9es, \u00e0 l&rsquo;instar d\u2019autres secteurs.<\/p>\n<p>Enfin, le pr\u00e9sident a \u00e9t\u00e9 inform\u00e9 de l&rsquo;avancement de la distribution des logements sociaux.<\/p>\n","protected":false},"excerpt":{"rendered":"<p>Le pr\u00e9sident Ka\u00efs Sa\u00efed fait le point sur l&rsquo;avancement des grands projets d&rsquo;infrastructure, notamment l&rsquo;autoroute Tunis-Jelma, et aborde la situation de la Soci&#8230;<\/p>\n","protected":false},"author":3166,"featured_media":242108,"comment_status":"open","ping_status":"open","sticky":false,"template":"","format":"standard","meta":{"footnotes":""},"categories":[44],"tags":[3943,3864,2614,3944,2608],"class_list":["post-219986","post","type-post","status-publish","format-standard","has-post-thumbnail","hentry","category-national","tag-autoroutes","tag-grands-projets","tag-kais-saied","tag-logements-sociaux","tag-tunisie"],"yoast_head":"<!-- This site is optimized with the Yoast SEO Premium plugin v27.5 (Yoast SEO v27.5) - https:\/\/yoast.com\/product\/yoast-seo-premium-wordpress\/ -->\n<title>Tunisie : Sa\u00efed se penche sur les grands projets d&#039;infrastructure et la situation des autoroutes<\/title>\n<meta name=\"description\" content=\"Le pr\u00e9sident Ka\u00efs Sa\u00efed fait le point sur l&#039;avancement des grands projets d&#039;infrastructure, notamment l&#039;autoroute Tunis-Jelma, et aborde la situation de la Soci...\" \/>\n<link rel=\"canonical\" href=\"https:\/\/www.webdo.tn\/fr\/actualite\/national\/tunisie-saied-se-penche-sur-les-grands-projets-d-infrastructure-et-la-situation-des-autoroutes\/219986\/\" \/>\n<meta property=\"og:locale\" content=\"fr_FR\" \/>\n<meta property=\"og:type\" content=\"article\" \/>\n<meta property=\"og:title\" content=\"Tunisie : Sa\u00efed se penche sur les grands projets d&#039;infrastructure et la situation des autoroutes\" \/>\n<meta property=\"og:description\" content=\"Le pr\u00e9sident Ka\u00efs Sa\u00efed fait le point sur l&#039;avancement des grands projets d&#039;infrastructure, notamment l&#039;autoroute Tunis-Jelma, et aborde la situation de la Soci...\" \/>\n<meta property=\"og:url\" content=\"https:\/\/www.webdo.tn\/fr\/actualite\/national\/tunisie-saied-se-penche-sur-les-grands-projets-d-infrastructure-et-la-situation-des-autoroutes\/219986\/\" \/>\n<meta property=\"og:site_name\" content=\"webdo\" \/>\n<meta property=\"article:publisher\" content=\"https:\/\/www.facebook.com\/webdotn\" \/>\n<meta property=\"article:published_time\" content=\"2025-02-20T20:21:00+00:00\" \/>\n<meta property=\"article:modified_time\" content=\"2025-05-21T08:59:34+00:00\" \/>\n<meta property=\"og:image\" content=\"https:\/\/www.webdo.tn\/fr\/wp-content\/uploads\/2025\/05\/e4b0d700e488b31fb5d22482da609bee-2.webp\" \/>\n\t<meta property=\"og:image:width\" content=\"750\" \/>\n\t<meta property=\"og:image:height\" content=\"400\" \/>\n\t<meta property=\"og:image:type\" content=\"image\/webp\" \/>\n<meta name=\"author\" content=\"AZ\" \/>\n<meta name=\"twitter:card\" content=\"summary_large_image\" \/>\n<meta name=\"twitter:creator\" content=\"@webdo_tn\" \/>\n<meta name=\"twitter:site\" content=\"@webdo_tn\" \/>\n<meta name=\"twitter:label1\" content=\"\u00c9crit par\" \/>\n\t<meta name=\"twitter:data1\" content=\"AZ\" \/>\n\t<meta name=\"twitter:label2\" content=\"Dur\u00e9e de lecture estim\u00e9e\" \/>\n\t<meta name=\"twitter:data2\" content=\"1 minute\" \/>\n<script type=\"application\/ld+json\" class=\"yoast-schema-graph\">{\"@context\":\"https:\\\/\\\/schema.org\",\"@graph\":[{\"@type\":\"NewsArticle\",\"@id\":\"https:\\\/\\\/www.webdo.tn\\\/fr\\\/actualite\\\/national\\\/tunisie-saied-se-penche-sur-les-grands-projets-d-infrastructure-et-la-situation-des-autoroutes\\\/219986\\\/#article\",\"isPartOf\":{\"@id\":\"https:\\\/\\\/www.webdo.tn\\\/fr\\\/actualite\\\/national\\\/tunisie-saied-se-penche-sur-les-grands-projets-d-infrastructure-et-la-situation-des-autoroutes\\\/219986\\\/\"},\"author\":{\"name\":\"AZ\",\"@id\":\"https:\\\/\\\/www.webdo.tn\\\/fr\\\/#\\\/schema\\\/person\\\/b8a41c04d93287d375510db360906b34\"},\"headline\":\"Tunisie : Sa\u00efed se penche sur les grands projets d&rsquo;infrastructure et la situation des autoroutes\",\"datePublished\":\"2025-02-20T20:21:00+00:00\",\"dateModified\":\"2025-05-21T08:59:34+00:00\",\"mainEntityOfPage\":{\"@id\":\"https:\\\/\\\/www.webdo.tn\\\/fr\\\/actualite\\\/national\\\/tunisie-saied-se-penche-sur-les-grands-projets-d-infrastructure-et-la-situation-des-autoroutes\\\/219986\\\/\"},\"wordCount\":185,\"commentCount\":0,\"publisher\":{\"@id\":\"https:\\\/\\\/www.webdo.tn\\\/fr\\\/#organization\"},\"image\":{\"@id\":\"https:\\\/\\\/www.webdo.tn\\\/fr\\\/actualite\\\/national\\\/tunisie-saied-se-penche-sur-les-grands-projets-d-infrastructure-et-la-situation-des-autoroutes\\\/219986\\\/#primaryimage\"},\"thumbnailUrl\":\"https:\\\/\\\/www.webdo.tn\\\/fr\\\/wp-content\\\/uploads\\\/2025\\\/05\\\/e4b0d700e488b31fb5d22482da609bee-2.webp\",\"keywords\":[\"autoroutes\",\"Grands projets\",\"Kais Saied\",\"Logements sociaux\",\"Tunisie\"],\"articleSection\":[\"National\"],\"inLanguage\":\"fr-FR\"},{\"@type\":\"WebPage\",\"@id\":\"https:\\\/\\\/www.webdo.tn\\\/fr\\\/actualite\\\/national\\\/tunisie-saied-se-penche-sur-les-grands-projets-d-infrastructure-et-la-situation-des-autoroutes\\\/219986\\\/\",\"url\":\"https:\\\/\\\/www.webdo.tn\\\/fr\\\/actualite\\\/national\\\/tunisie-saied-se-penche-sur-les-grands-projets-d-infrastructure-et-la-situation-des-autoroutes\\\/219986\\\/\",\"name\":\"Tunisie : Sa\u00efed se penche sur les grands projets d'infrastructure et la situation des autoroutes\",\"isPartOf\":{\"@id\":\"https:\\\/\\\/www.webdo.tn\\\/fr\\\/#website\"},\"primaryImageOfPage\":{\"@id\":\"https:\\\/\\\/www.webdo.tn\\\/fr\\\/actualite\\\/national\\\/tunisie-saied-se-penche-sur-les-grands-projets-d-infrastructure-et-la-situation-des-autoroutes\\\/219986\\\/#primaryimage\"},\"image\":{\"@id\":\"https:\\\/\\\/www.webdo.tn\\\/fr\\\/actualite\\\/national\\\/tunisie-saied-se-penche-sur-les-grands-projets-d-infrastructure-et-la-situation-des-autoroutes\\\/219986\\\/#primaryimage\"},\"thumbnailUrl\":\"https:\\\/\\\/www.webdo.tn\\\/fr\\\/wp-content\\\/uploads\\\/2025\\\/05\\\/e4b0d700e488b31fb5d22482da609bee-2.webp\",\"datePublished\":\"2025-02-20T20:21:00+00:00\",\"dateModified\":\"2025-05-21T08:59:34+00:00\",\"description\":\"Le pr\u00e9sident Ka\u00efs Sa\u00efed fait le point sur l'avancement des grands projets d'infrastructure, notamment l'autoroute Tunis-Jelma, et aborde la situation de la Soci...\",\"breadcrumb\":{\"@id\":\"https:\\\/\\\/www.webdo.tn\\\/fr\\\/actualite\\\/national\\\/tunisie-saied-se-penche-sur-les-grands-projets-d-infrastructure-et-la-situation-des-autoroutes\\\/219986\\\/#breadcrumb\"},\"inLanguage\":\"fr-FR\",\"potentialAction\":[{\"@type\":\"ReadAction\",\"target\":[\"https:\\\/\\\/www.webdo.tn\\\/fr\\\/actualite\\\/national\\\/tunisie-saied-se-penche-sur-les-grands-projets-d-infrastructure-et-la-situation-des-autoroutes\\\/219986\\\/\"]}]},{\"@type\":\"ImageObject\",\"inLanguage\":\"fr-FR\",\"@id\":\"https:\\\/\\\/www.webdo.tn\\\/fr\\\/actualite\\\/national\\\/tunisie-saied-se-penche-sur-les-grands-projets-d-infrastructure-et-la-situation-des-autoroutes\\\/219986\\\/#primaryimage\",\"url\":\"https:\\\/\\\/www.webdo.tn\\\/fr\\\/wp-content\\\/uploads\\\/2025\\\/05\\\/e4b0d700e488b31fb5d22482da609bee-2.webp\",\"contentUrl\":\"https:\\\/\\\/www.webdo.tn\\\/fr\\\/wp-content\\\/uploads\\\/2025\\\/05\\\/e4b0d700e488b31fb5d22482da609bee-2.webp\",\"width\":750,\"height\":400},{\"@type\":\"BreadcrumbList\",\"@id\":\"https:\\\/\\\/www.webdo.tn\\\/fr\\\/actualite\\\/national\\\/tunisie-saied-se-penche-sur-les-grands-projets-d-infrastructure-et-la-situation-des-autoroutes\\\/219986\\\/#breadcrumb\",\"itemListElement\":[{\"@type\":\"ListItem\",\"position\":1,\"name\":\"Accueil\",\"item\":\"https:\\\/\\\/www.webdo.tn\\\/fr\\\/\"},{\"@type\":\"ListItem\",\"position\":2,\"name\":\"Tunisie : Sa\u00efed se penche sur les grands projets d&#8217;infrastructure et la situation des autoroutes\"}]},{\"@type\":\"WebSite\",\"@id\":\"https:\\\/\\\/www.webdo.tn\\\/fr\\\/#website\",\"url\":\"https:\\\/\\\/www.webdo.tn\\\/fr\\\/\",\"name\":\"webdo\",\"description\":\"Tunisie - News en Tunisie et \u00e0 l&#039;international sur Webdo.tn\",\"publisher\":{\"@id\":\"https:\\\/\\\/www.webdo.tn\\\/fr\\\/#organization\"},\"potentialAction\":[{\"@type\":\"SearchAction\",\"target\":{\"@type\":\"EntryPoint\",\"urlTemplate\":\"https:\\\/\\\/www.webdo.tn\\\/fr\\\/?s={search_term_string}\"},\"query-input\":{\"@type\":\"PropertyValueSpecification\",\"valueRequired\":true,\"valueName\":\"search_term_string\"}}],\"inLanguage\":\"fr-FR\"},{\"@type\":\"Organization\",\"@id\":\"https:\\\/\\\/www.webdo.tn\\\/fr\\\/#organization\",\"name\":\"Webdo\",\"alternateName\":\"Webdo.tn\",\"url\":\"https:\\\/\\\/www.webdo.tn\\\/fr\\\/\",\"logo\":{\"@type\":\"ImageObject\",\"inLanguage\":\"fr-FR\",\"@id\":\"https:\\\/\\\/www.webdo.tn\\\/fr\\\/#\\\/schema\\\/logo\\\/image\\\/\",\"url\":\"https:\\\/\\\/www.webdo.tn\\\/fr\\\/wp-content\\\/uploads\\\/2025\\\/06\\\/Webdo-Tunisie_168377.jpg\",\"contentUrl\":\"https:\\\/\\\/www.webdo.tn\\\/fr\\\/wp-content\\\/uploads\\\/2025\\\/06\\\/Webdo-Tunisie_168377.jpg\",\"width\":301,\"height\":301,\"caption\":\"Webdo\"},\"image\":{\"@id\":\"https:\\\/\\\/www.webdo.tn\\\/fr\\\/#\\\/schema\\\/logo\\\/image\\\/\"},\"sameAs\":[\"https:\\\/\\\/www.facebook.com\\\/webdotn\",\"https:\\\/\\\/x.com\\\/webdo_tn\"],\"description\":\"Webdo est un m\u00e9dia num\u00e9rique tunisien fond\u00e9 en 2010, sp\u00e9cialis\u00e9 dans l\u2019actualit\u00e9 nationale et internationale, l\u2019\u00e9conomie, la soci\u00e9t\u00e9 et les analyses politiques. Le site s\u2019adresse \u00e0 un large public francophone et couvre l\u2019information tunisienne en temps r\u00e9el.\",\"email\":\"redac@webdo.tn\",\"legalName\":\"YNJ SARL\",\"foundingDate\":\"2010-09-06\",\"numberOfEmployees\":{\"@type\":\"QuantitativeValue\",\"minValue\":\"11\",\"maxValue\":\"50\"}},{\"@type\":\"Person\",\"@id\":\"https:\\\/\\\/www.webdo.tn\\\/fr\\\/#\\\/schema\\\/person\\\/b8a41c04d93287d375510db360906b34\",\"name\":\"AZ\",\"image\":{\"@type\":\"ImageObject\",\"inLanguage\":\"fr-FR\",\"@id\":\"https:\\\/\\\/secure.gravatar.com\\\/avatar\\\/492b80bada79439de4201dce15cd41eece6c277cfdf1b53382073c79105c1f89?s=96&d=mm&r=g\",\"url\":\"https:\\\/\\\/secure.gravatar.com\\\/avatar\\\/492b80bada79439de4201dce15cd41eece6c277cfdf1b53382073c79105c1f89?s=96&d=mm&r=g\",\"contentUrl\":\"https:\\\/\\\/secure.gravatar.com\\\/avatar\\\/492b80bada79439de4201dce15cd41eece6c277cfdf1b53382073c79105c1f89?s=96&d=mm&r=g\",\"caption\":\"AZ\"},\"url\":\"https:\\\/\\\/www.webdo.tn\\\/fr\\\/actualite\\\/author\\\/az\\\/\"}]}<\/script>\n<!-- \/ Yoast SEO Premium plugin. -->","yoast_head_json":{"title":"Tunisie : Sa\u00efed se penche sur les grands projets d'infrastructure et la situation des autoroutes","description":"Le pr\u00e9sident Ka\u00efs Sa\u00efed fait le point sur l'avancement des grands projets d'infrastructure, notamment l'autoroute Tunis-Jelma, et aborde la situation de la Soci...","canonical":"https:\/\/www.webdo.tn\/fr\/actualite\/national\/tunisie-saied-se-penche-sur-les-grands-projets-d-infrastructure-et-la-situation-des-autoroutes\/219986\/","og_locale":"fr_FR","og_type":"article","og_title":"Tunisie : Sa\u00efed se penche sur les grands projets d'infrastructure et la situation des autoroutes","og_description":"Le pr\u00e9sident Ka\u00efs Sa\u00efed fait le point sur l'avancement des grands projets d'infrastructure, notamment l'autoroute Tunis-Jelma, et aborde la situation de la Soci...","og_url":"https:\/\/www.webdo.tn\/fr\/actualite\/national\/tunisie-saied-se-penche-sur-les-grands-projets-d-infrastructure-et-la-situation-des-autoroutes\/219986\/","og_site_name":"webdo","article_publisher":"https:\/\/www.facebook.com\/webdotn","article_published_time":"2025-02-20T20:21:00+00:00","article_modified_time":"2025-05-21T08:59:34+00:00","og_image":[{"width":750,"height":400,"url":"https:\/\/www.webdo.tn\/fr\/wp-content\/uploads\/2025\/05\/e4b0d700e488b31fb5d22482da609bee-2.webp","type":"image\/webp"}],"author":"AZ","twitter_card":"summary_large_image","twitter_creator":"@webdo_tn","twitter_site":"@webdo_tn","twitter_misc":{"\u00c9crit par":"AZ","Dur\u00e9e de lecture estim\u00e9e":"1 minute"},"schema":{"@context":"https:\/\/schema.org","@graph":[{"@type":"NewsArticle","@id":"https:\/\/www.webdo.tn\/fr\/actualite\/national\/tunisie-saied-se-penche-sur-les-grands-projets-d-infrastructure-et-la-situation-des-autoroutes\/219986\/#article","isPartOf":{"@id":"https:\/\/www.webdo.tn\/fr\/actualite\/national\/tunisie-saied-se-penche-sur-les-grands-projets-d-infrastructure-et-la-situation-des-autoroutes\/219986\/"},"author":{"name":"AZ","@id":"https:\/\/www.webdo.tn\/fr\/#\/schema\/person\/b8a41c04d93287d375510db360906b34"},"headline":"Tunisie : Sa\u00efed se penche sur les grands projets d&rsquo;infrastructure et la situation des autoroutes","datePublished":"2025-02-20T20:21:00+00:00","dateModified":"2025-05-21T08:59:34+00:00","mainEntityOfPage":{"@id":"https:\/\/www.webdo.tn\/fr\/actualite\/national\/tunisie-saied-se-penche-sur-les-grands-projets-d-infrastructure-et-la-situation-des-autoroutes\/219986\/"},"wordCount":185,"commentCount":0,"publisher":{"@id":"https:\/\/www.webdo.tn\/fr\/#organization"},"image":{"@id":"https:\/\/www.webdo.tn\/fr\/actualite\/national\/tunisie-saied-se-penche-sur-les-grands-projets-d-infrastructure-et-la-situation-des-autoroutes\/219986\/#primaryimage"},"thumbnailUrl":"https:\/\/www.webdo.tn\/fr\/wp-content\/uploads\/2025\/05\/e4b0d700e488b31fb5d22482da609bee-2.webp","keywords":["autoroutes","Grands projets","Kais Saied","Logements sociaux","Tunisie"],"articleSection":["National"],"inLanguage":"fr-FR"},{"@type":"WebPage","@id":"https:\/\/www.webdo.tn\/fr\/actualite\/national\/tunisie-saied-se-penche-sur-les-grands-projets-d-infrastructure-et-la-situation-des-autoroutes\/219986\/","url":"https:\/\/www.webdo.tn\/fr\/actualite\/national\/tunisie-saied-se-penche-sur-les-grands-projets-d-infrastructure-et-la-situation-des-autoroutes\/219986\/","name":"Tunisie : Sa\u00efed se penche sur les grands projets d'infrastructure et la situation des autoroutes","isPartOf":{"@id":"https:\/\/www.webdo.tn\/fr\/#website"},"primaryImageOfPage":{"@id":"https:\/\/www.webdo.tn\/fr\/actualite\/national\/tunisie-saied-se-penche-sur-les-grands-projets-d-infrastructure-et-la-situation-des-autoroutes\/219986\/#primaryimage"},"image":{"@id":"https:\/\/www.webdo.tn\/fr\/actualite\/national\/tunisie-saied-se-penche-sur-les-grands-projets-d-infrastructure-et-la-situation-des-autoroutes\/219986\/#primaryimage"},"thumbnailUrl":"https:\/\/www.webdo.tn\/fr\/wp-content\/uploads\/2025\/05\/e4b0d700e488b31fb5d22482da609bee-2.webp","datePublished":"2025-02-20T20:21:00+00:00","dateModified":"2025-05-21T08:59:34+00:00","description":"Le pr\u00e9sident Ka\u00efs Sa\u00efed fait le point sur l'avancement des grands projets d'infrastructure, notamment l'autoroute Tunis-Jelma, et aborde la situation de la Soci...","breadcrumb":{"@id":"https:\/\/www.webdo.tn\/fr\/actualite\/national\/tunisie-saied-se-penche-sur-les-grands-projets-d-infrastructure-et-la-situation-des-autoroutes\/219986\/#breadcrumb"},"inLanguage":"fr-FR","potentialAction":[{"@type":"ReadAction","target":["https:\/\/www.webdo.tn\/fr\/actualite\/national\/tunisie-saied-se-penche-sur-les-grands-projets-d-infrastructure-et-la-situation-des-autoroutes\/219986\/"]}]},{"@type":"ImageObject","inLanguage":"fr-FR","@id":"https:\/\/www.webdo.tn\/fr\/actualite\/national\/tunisie-saied-se-penche-sur-les-grands-projets-d-infrastructure-et-la-situation-des-autoroutes\/219986\/#primaryimage","url":"https:\/\/www.webdo.tn\/fr\/wp-content\/uploads\/2025\/05\/e4b0d700e488b31fb5d22482da609bee-2.webp","contentUrl":"https:\/\/www.webdo.tn\/fr\/wp-content\/uploads\/2025\/05\/e4b0d700e488b31fb5d22482da609bee-2.webp","width":750,"height":400},{"@type":"BreadcrumbList","@id":"https:\/\/www.webdo.tn\/fr\/actualite\/national\/tunisie-saied-se-penche-sur-les-grands-projets-d-infrastructure-et-la-situation-des-autoroutes\/219986\/#breadcrumb","itemListElement":[{"@type":"ListItem","position":1,"name":"Accueil","item":"https:\/\/www.webdo.tn\/fr\/"},{"@type":"ListItem","position":2,"name":"Tunisie : Sa\u00efed se penche sur les grands projets d&#8217;infrastructure et la situation des autoroutes"}]},{"@type":"WebSite","@id":"https:\/\/www.webdo.tn\/fr\/#website","url":"https:\/\/www.webdo.tn\/fr\/","name":"webdo","description":"Tunisie - News en Tunisie et \u00e0 l&#039;international sur Webdo.tn","publisher":{"@id":"https:\/\/www.webdo.tn\/fr\/#organization"},"potentialAction":[{"@type":"SearchAction","target":{"@type":"EntryPoint","urlTemplate":"https:\/\/www.webdo.tn\/fr\/?s={search_term_string}"},"query-input":{"@type":"PropertyValueSpecification","valueRequired":true,"valueName":"search_term_string"}}],"inLanguage":"fr-FR"},{"@type":"Organization","@id":"https:\/\/www.webdo.tn\/fr\/#organization","name":"Webdo","alternateName":"Webdo.tn","url":"https:\/\/www.webdo.tn\/fr\/","logo":{"@type":"ImageObject","inLanguage":"fr-FR","@id":"https:\/\/www.webdo.tn\/fr\/#\/schema\/logo\/image\/","url":"https:\/\/www.webdo.tn\/fr\/wp-content\/uploads\/2025\/06\/Webdo-Tunisie_168377.jpg","contentUrl":"https:\/\/www.webdo.tn\/fr\/wp-content\/uploads\/2025\/06\/Webdo-Tunisie_168377.jpg","width":301,"height":301,"caption":"Webdo"},"image":{"@id":"https:\/\/www.webdo.tn\/fr\/#\/schema\/logo\/image\/"},"sameAs":["https:\/\/www.facebook.com\/webdotn","https:\/\/x.com\/webdo_tn"],"description":"Webdo est un m\u00e9dia num\u00e9rique tunisien fond\u00e9 en 2010, sp\u00e9cialis\u00e9 dans l\u2019actualit\u00e9 nationale et internationale, l\u2019\u00e9conomie, la soci\u00e9t\u00e9 et les analyses politiques. Le site s\u2019adresse \u00e0 un large public francophone et couvre l\u2019information tunisienne en temps r\u00e9el.","email":"redac@webdo.tn","legalName":"YNJ SARL","foundingDate":"2010-09-06","numberOfEmployees":{"@type":"QuantitativeValue","minValue":"11","maxValue":"50"}},{"@type":"Person","@id":"https:\/\/www.webdo.tn\/fr\/#\/schema\/person\/b8a41c04d93287d375510db360906b34","name":"AZ","image":{"@type":"ImageObject","inLanguage":"fr-FR","@id":"https:\/\/secure.gravatar.com\/avatar\/492b80bada79439de4201dce15cd41eece6c277cfdf1b53382073c79105c1f89?s=96&d=mm&r=g","url":"https:\/\/secure.gravatar.com\/avatar\/492b80bada79439de4201dce15cd41eece6c277cfdf1b53382073c79105c1f89?s=96&d=mm&r=g","contentUrl":"https:\/\/secure.gravatar.com\/avatar\/492b80bada79439de4201dce15cd41eece6c277cfdf1b53382073c79105c1f89?s=96&d=mm&r=g","caption":"AZ"},"url":"https:\/\/www.webdo.tn\/fr\/actualite\/author\/az\/"}]}},"_links":{"self":[{"href":"https:\/\/www.webdo.tn\/fr\/wp-json\/wp\/v2\/posts\/219986","targetHints":{"allow":["GET"]}}],"collection":[{"href":"https:\/\/www.webdo.tn\/fr\/wp-json\/wp\/v2\/posts"}],"about":[{"href":"https:\/\/www.webdo.tn\/fr\/wp-json\/wp\/v2\/types\/post"}],"author":[{"embeddable":true,"href":"https:\/\/www.webdo.tn\/fr\/wp-json\/wp\/v2\/users\/3166"}],"replies":[{"embeddable":true,"href":"https:\/\/www.webdo.tn\/fr\/wp-json\/wp\/v2\/comments?post=219986"}],"version-history":[{"count":0,"href":"https:\/\/www.webdo.tn\/fr\/wp-json\/wp\/v2\/posts\/219986\/revisions"}],"wp:featuredmedia":[{"embeddable":true,"href":"https:\/\/www.webdo.tn\/fr\/wp-json\/wp\/v2\/media\/242108"}],"wp:attachment":[{"href":"https:\/\/www.webdo.tn\/fr\/wp-json\/wp\/v2\/media?parent=219986"}],"wp:term":[{"taxonomy":"category","embeddable":true,"href":"https:\/\/www.webdo.tn\/fr\/wp-json\/wp\/v2\/categories?post=219986"},{"taxonomy":"post_tag","embeddable":true,"href":"https:\/\/www.webdo.tn\/fr\/wp-json\/wp\/v2\/tags?post=219986"}],"curies":[{"name":"wp","href":"https:\/\/api.w.org\/{rel}","templated":true}]}}