{"id":219975,"date":"2025-02-20T15:56:00","date_gmt":"2025-02-20T15:56:00","guid":{"rendered":"https:\/\/www.webdo.tn\/fr\/blog\/tunisie-l-ancien-ministre-riadh-mouakher-remis-en-liberte\/219975\/"},"modified":"2025-05-20T22:16:49","modified_gmt":"2025-05-20T22:16:49","slug":"tunisie-l-ancien-ministre-riadh-mouakher-remis-en-liberte","status":"publish","type":"post","link":"https:\/\/www.webdo.tn\/fr\/actualite\/national\/tunisie-l-ancien-ministre-riadh-mouakher-remis-en-liberte\/219975\/","title":{"rendered":"Tunisie : L&rsquo;ancien ministre Riadh Mouakher remis en libert\u00e9"},"content":{"rendered":"<p>La chambre criminelle sp\u00e9cialis\u00e9e dans les affaires de corruption financi\u00e8re aupr\u00e8s de la Cour d&rsquo;appel de Tunis a d\u00e9cid\u00e9 de lib\u00e9rer Riadh Mouakher ainsi qu&rsquo;un cadre de la protection civile, anciennement rattach\u00e9 au minist\u00e8re de l&rsquo;Environnement. Le proc\u00e8s des deux accus\u00e9s a \u00e9t\u00e9 report\u00e9 au mois de mai prochain. \u00a0<\/p>\n<p>Riadh Mouakher, en \u00e9tat de d\u00e9tention, a comparu aujourd\u2019hui aux c\u00f4t\u00e9s de ce cadre de la protection civile devant la chambre criminelle sp\u00e9cialis\u00e9e en affaires de corruption financi\u00e8re. Cette audience faisait suite \u00e0 leur appel contre le jugement de premi\u00e8re instance qui les condamnait respectivement \u00e0 deux ans et trois ans de prison. \u00a0<\/p>\n<p>Les avocats des deux accus\u00e9s ont demand\u00e9 le report du proc\u00e8s et la lib\u00e9ration de leurs clients. Apr\u00e8s d\u00e9lib\u00e9ration, le tribunal a finalement ordonn\u00e9 la lib\u00e9ration de Riadh Mouakher et de l\u2019ancien cadre de la protection civile, tout en reportant l&rsquo;examen de l&rsquo;affaire au mois de mai.<\/p>\n<p>\u00a0La chambre p\u00e9nale sp\u00e9cialis\u00e9e dans les affaires de corruption financi\u00e8re aupr\u00e8s du tribunal de premi\u00e8re instance de Tunis avait\u00a0 condamn\u00e9 en novembre 2024 l&rsquo;ancien ministre de l&rsquo;Environnement, Riadh Mouakher, \u00e0 trois ans de prison dans une affaire portant sur un march\u00e9 public conclu par le minist\u00e8re de l&rsquo;Environnement pour l&rsquo;acquisition de v\u00e9hicules administratifs destin\u00e9s \u00e0 ses services.<\/p>\n<p>Plac\u00e9 en garde \u00e0 vue depuis f\u00e9vrier 2023, Riadh Mouakher est poursuivi pour avoir exploit\u00e9 sa fonction publique \u00e0 des fins personnelles, en infraction \u00e0 l\u2019article 96 du Code p\u00e9nal tunisien.<\/p>\n","protected":false},"excerpt":{"rendered":"<p>La chambre criminelle sp\u00e9cialis\u00e9e dans les affaires de corruption financi\u00e8re aupr\u00e8s de la Cour d&rsquo;appel de Tunis a d\u00e9cid\u00e9 de lib\u00e9rer Riadh Mouakher ainsi qu&rsquo;un cadre de la protection civile, anciennement rattach\u00e9 au minist\u00e8re de l&rsquo;Environnement. Le proc\u00e8s des deux accus\u00e9s a \u00e9t\u00e9 report\u00e9 au mois de mai prochain. \u00a0 Riadh Mouakher, en \u00e9tat de [&hellip;]<\/p>\n","protected":false},"author":3162,"featured_media":291926,"comment_status":"open","ping_status":"closed","sticky":false,"template":"","format":"standard","meta":{"footnotes":""},"categories":[44],"tags":[3196,3938,4994,2608],"class_list":["post-219975","post","type-post","status-publish","format-standard","has-post-thumbnail","hentry","category-national","tag-corruption","tag-liberation","tag-riadh-mouakher","tag-tunisie"],"yoast_head":"<!-- This site is optimized with the Yoast SEO Premium plugin v27.5 (Yoast SEO v27.5) - https:\/\/yoast.com\/product\/yoast-seo-premium-wordpress\/ -->\n<title>Tunisie : L&#039;ancien ministre Riadh Mouakher remis en libert\u00e9<\/title>\n<link rel=\"canonical\" href=\"https:\/\/www.webdo.tn\/fr\/actualite\/national\/tunisie-l-ancien-ministre-riadh-mouakher-remis-en-liberte\/219975\/\" \/>\n<meta property=\"og:locale\" content=\"fr_FR\" \/>\n<meta property=\"og:type\" content=\"article\" \/>\n<meta property=\"og:title\" content=\"Tunisie : L&#039;ancien ministre Riadh Mouakher remis en libert\u00e9\" \/>\n<meta property=\"og:description\" content=\"La chambre criminelle sp\u00e9cialis\u00e9e dans les affaires de corruption financi\u00e8re aupr\u00e8s de la Cour d&rsquo;appel de Tunis a d\u00e9cid\u00e9 de lib\u00e9rer Riadh Mouakher ainsi qu&rsquo;un cadre de la protection civile, anciennement rattach\u00e9 au minist\u00e8re de l&rsquo;Environnement. Le proc\u00e8s des deux accus\u00e9s a \u00e9t\u00e9 report\u00e9 au mois de mai prochain. \u00a0 Riadh Mouakher, en \u00e9tat de [&hellip;]\" \/>\n<meta property=\"og:url\" content=\"https:\/\/www.webdo.tn\/fr\/actualite\/national\/tunisie-l-ancien-ministre-riadh-mouakher-remis-en-liberte\/219975\/\" \/>\n<meta property=\"og:site_name\" content=\"webdo\" \/>\n<meta property=\"article:publisher\" content=\"https:\/\/www.facebook.com\/webdotn\" \/>\n<meta property=\"article:published_time\" content=\"2025-02-20T15:56:00+00:00\" \/>\n<meta property=\"article:modified_time\" content=\"2025-05-20T22:16:49+00:00\" \/>\n<meta property=\"og:image\" content=\"https:\/\/www.webdo.tn\/fr\/wp-content\/uploads\/2025\/02\/59e3c7bb5907e86e925a413daaf2a3ca.webp\" \/>\n\t<meta property=\"og:image:width\" content=\"750\" \/>\n\t<meta property=\"og:image:height\" content=\"400\" \/>\n\t<meta property=\"og:image:type\" content=\"image\/webp\" \/>\n<meta name=\"author\" content=\"MC\" \/>\n<meta name=\"twitter:card\" content=\"summary_large_image\" \/>\n<meta name=\"twitter:creator\" content=\"@webdo_tn\" \/>\n<meta name=\"twitter:site\" content=\"@webdo_tn\" \/>\n<meta name=\"twitter:label1\" content=\"\u00c9crit par\" \/>\n\t<meta name=\"twitter:data1\" content=\"MC\" \/>\n\t<meta name=\"twitter:label2\" content=\"Dur\u00e9e de lecture estim\u00e9e\" \/>\n\t<meta name=\"twitter:data2\" content=\"1 minute\" \/>\n<script type=\"application\/ld+json\" class=\"yoast-schema-graph\">{\"@context\":\"https:\\\/\\\/schema.org\",\"@graph\":[{\"@type\":\"NewsArticle\",\"@id\":\"https:\\\/\\\/www.webdo.tn\\\/fr\\\/actualite\\\/national\\\/tunisie-l-ancien-ministre-riadh-mouakher-remis-en-liberte\\\/219975\\\/#article\",\"isPartOf\":{\"@id\":\"https:\\\/\\\/www.webdo.tn\\\/fr\\\/actualite\\\/national\\\/tunisie-l-ancien-ministre-riadh-mouakher-remis-en-liberte\\\/219975\\\/\"},\"author\":{\"name\":\"MC\",\"@id\":\"https:\\\/\\\/www.webdo.tn\\\/fr\\\/#\\\/schema\\\/person\\\/2c4929cbf5a809e3bd38617c6ce150f6\"},\"headline\":\"Tunisie : L&rsquo;ancien ministre Riadh Mouakher remis en libert\u00e9\",\"datePublished\":\"2025-02-20T15:56:00+00:00\",\"dateModified\":\"2025-05-20T22:16:49+00:00\",\"mainEntityOfPage\":{\"@id\":\"https:\\\/\\\/www.webdo.tn\\\/fr\\\/actualite\\\/national\\\/tunisie-l-ancien-ministre-riadh-mouakher-remis-en-liberte\\\/219975\\\/\"},\"wordCount\":282,\"commentCount\":0,\"publisher\":{\"@id\":\"https:\\\/\\\/www.webdo.tn\\\/fr\\\/#organization\"},\"image\":{\"@id\":\"https:\\\/\\\/www.webdo.tn\\\/fr\\\/actualite\\\/national\\\/tunisie-l-ancien-ministre-riadh-mouakher-remis-en-liberte\\\/219975\\\/#primaryimage\"},\"thumbnailUrl\":\"https:\\\/\\\/www.webdo.tn\\\/fr\\\/wp-content\\\/uploads\\\/2025\\\/02\\\/59e3c7bb5907e86e925a413daaf2a3ca.webp\",\"keywords\":[\"corruption\",\"lib\u00e9ration\",\"Riadh Mouakher\",\"Tunisie\"],\"articleSection\":[\"National\"],\"inLanguage\":\"fr-FR\"},{\"@type\":\"WebPage\",\"@id\":\"https:\\\/\\\/www.webdo.tn\\\/fr\\\/actualite\\\/national\\\/tunisie-l-ancien-ministre-riadh-mouakher-remis-en-liberte\\\/219975\\\/\",\"url\":\"https:\\\/\\\/www.webdo.tn\\\/fr\\\/actualite\\\/national\\\/tunisie-l-ancien-ministre-riadh-mouakher-remis-en-liberte\\\/219975\\\/\",\"name\":\"Tunisie : L'ancien ministre Riadh Mouakher remis en libert\u00e9\",\"isPartOf\":{\"@id\":\"https:\\\/\\\/www.webdo.tn\\\/fr\\\/#website\"},\"primaryImageOfPage\":{\"@id\":\"https:\\\/\\\/www.webdo.tn\\\/fr\\\/actualite\\\/national\\\/tunisie-l-ancien-ministre-riadh-mouakher-remis-en-liberte\\\/219975\\\/#primaryimage\"},\"image\":{\"@id\":\"https:\\\/\\\/www.webdo.tn\\\/fr\\\/actualite\\\/national\\\/tunisie-l-ancien-ministre-riadh-mouakher-remis-en-liberte\\\/219975\\\/#primaryimage\"},\"thumbnailUrl\":\"https:\\\/\\\/www.webdo.tn\\\/fr\\\/wp-content\\\/uploads\\\/2025\\\/02\\\/59e3c7bb5907e86e925a413daaf2a3ca.webp\",\"datePublished\":\"2025-02-20T15:56:00+00:00\",\"dateModified\":\"2025-05-20T22:16:49+00:00\",\"breadcrumb\":{\"@id\":\"https:\\\/\\\/www.webdo.tn\\\/fr\\\/actualite\\\/national\\\/tunisie-l-ancien-ministre-riadh-mouakher-remis-en-liberte\\\/219975\\\/#breadcrumb\"},\"inLanguage\":\"fr-FR\",\"potentialAction\":[{\"@type\":\"ReadAction\",\"target\":[\"https:\\\/\\\/www.webdo.tn\\\/fr\\\/actualite\\\/national\\\/tunisie-l-ancien-ministre-riadh-mouakher-remis-en-liberte\\\/219975\\\/\"]}]},{\"@type\":\"ImageObject\",\"inLanguage\":\"fr-FR\",\"@id\":\"https:\\\/\\\/www.webdo.tn\\\/fr\\\/actualite\\\/national\\\/tunisie-l-ancien-ministre-riadh-mouakher-remis-en-liberte\\\/219975\\\/#primaryimage\",\"url\":\"https:\\\/\\\/www.webdo.tn\\\/fr\\\/wp-content\\\/uploads\\\/2025\\\/02\\\/59e3c7bb5907e86e925a413daaf2a3ca.webp\",\"contentUrl\":\"https:\\\/\\\/www.webdo.tn\\\/fr\\\/wp-content\\\/uploads\\\/2025\\\/02\\\/59e3c7bb5907e86e925a413daaf2a3ca.webp\",\"width\":750,\"height\":400,\"caption\":\"Tunisie : L'ancien ministre Riadh Mouakher remis en libert\u00e9\"},{\"@type\":\"BreadcrumbList\",\"@id\":\"https:\\\/\\\/www.webdo.tn\\\/fr\\\/actualite\\\/national\\\/tunisie-l-ancien-ministre-riadh-mouakher-remis-en-liberte\\\/219975\\\/#breadcrumb\",\"itemListElement\":[{\"@type\":\"ListItem\",\"position\":1,\"name\":\"Accueil\",\"item\":\"https:\\\/\\\/www.webdo.tn\\\/fr\\\/\"},{\"@type\":\"ListItem\",\"position\":2,\"name\":\"Tunisie : L&rsquo;ancien ministre Riadh Mouakher remis en libert\u00e9\"}]},{\"@type\":\"WebSite\",\"@id\":\"https:\\\/\\\/www.webdo.tn\\\/fr\\\/#website\",\"url\":\"https:\\\/\\\/www.webdo.tn\\\/fr\\\/\",\"name\":\"webdo\",\"description\":\"Tunisie - News en Tunisie et \u00e0 l&#039;international sur Webdo.tn\",\"publisher\":{\"@id\":\"https:\\\/\\\/www.webdo.tn\\\/fr\\\/#organization\"},\"potentialAction\":[{\"@type\":\"SearchAction\",\"target\":{\"@type\":\"EntryPoint\",\"urlTemplate\":\"https:\\\/\\\/www.webdo.tn\\\/fr\\\/?s={search_term_string}\"},\"query-input\":{\"@type\":\"PropertyValueSpecification\",\"valueRequired\":true,\"valueName\":\"search_term_string\"}}],\"inLanguage\":\"fr-FR\"},{\"@type\":\"Organization\",\"@id\":\"https:\\\/\\\/www.webdo.tn\\\/fr\\\/#organization\",\"name\":\"Webdo\",\"alternateName\":\"Webdo.tn\",\"url\":\"https:\\\/\\\/www.webdo.tn\\\/fr\\\/\",\"logo\":{\"@type\":\"ImageObject\",\"inLanguage\":\"fr-FR\",\"@id\":\"https:\\\/\\\/www.webdo.tn\\\/fr\\\/#\\\/schema\\\/logo\\\/image\\\/\",\"url\":\"https:\\\/\\\/www.webdo.tn\\\/fr\\\/wp-content\\\/uploads\\\/2025\\\/06\\\/Webdo-Tunisie_168377.jpg\",\"contentUrl\":\"https:\\\/\\\/www.webdo.tn\\\/fr\\\/wp-content\\\/uploads\\\/2025\\\/06\\\/Webdo-Tunisie_168377.jpg\",\"width\":301,\"height\":301,\"caption\":\"Webdo\"},\"image\":{\"@id\":\"https:\\\/\\\/www.webdo.tn\\\/fr\\\/#\\\/schema\\\/logo\\\/image\\\/\"},\"sameAs\":[\"https:\\\/\\\/www.facebook.com\\\/webdotn\",\"https:\\\/\\\/x.com\\\/webdo_tn\"],\"description\":\"Webdo est un m\u00e9dia num\u00e9rique tunisien fond\u00e9 en 2010, sp\u00e9cialis\u00e9 dans l\u2019actualit\u00e9 nationale et internationale, l\u2019\u00e9conomie, la soci\u00e9t\u00e9 et les analyses politiques. Le site s\u2019adresse \u00e0 un large public francophone et couvre l\u2019information tunisienne en temps r\u00e9el.\",\"email\":\"redac@webdo.tn\",\"legalName\":\"YNJ SARL\",\"foundingDate\":\"2010-09-06\",\"numberOfEmployees\":{\"@type\":\"QuantitativeValue\",\"minValue\":\"11\",\"maxValue\":\"50\"}},{\"@type\":\"Person\",\"@id\":\"https:\\\/\\\/www.webdo.tn\\\/fr\\\/#\\\/schema\\\/person\\\/2c4929cbf5a809e3bd38617c6ce150f6\",\"name\":\"MC\",\"image\":{\"@type\":\"ImageObject\",\"inLanguage\":\"fr-FR\",\"@id\":\"https:\\\/\\\/secure.gravatar.com\\\/avatar\\\/a545bbb6f84efdd5553dbbc2895e3ca8f1d12c5215e00a041c9670b54aa9b18a?s=96&d=mm&r=g\",\"url\":\"https:\\\/\\\/secure.gravatar.com\\\/avatar\\\/a545bbb6f84efdd5553dbbc2895e3ca8f1d12c5215e00a041c9670b54aa9b18a?s=96&d=mm&r=g\",\"contentUrl\":\"https:\\\/\\\/secure.gravatar.com\\\/avatar\\\/a545bbb6f84efdd5553dbbc2895e3ca8f1d12c5215e00a041c9670b54aa9b18a?s=96&d=mm&r=g\",\"caption\":\"MC\"},\"url\":\"https:\\\/\\\/www.webdo.tn\\\/fr\\\/actualite\\\/author\\\/mc\\\/\"}]}<\/script>\n<!-- \/ Yoast SEO Premium plugin. -->","yoast_head_json":{"title":"Tunisie : L'ancien ministre Riadh Mouakher remis en libert\u00e9","canonical":"https:\/\/www.webdo.tn\/fr\/actualite\/national\/tunisie-l-ancien-ministre-riadh-mouakher-remis-en-liberte\/219975\/","og_locale":"fr_FR","og_type":"article","og_title":"Tunisie : L'ancien ministre Riadh Mouakher remis en libert\u00e9","og_description":"La chambre criminelle sp\u00e9cialis\u00e9e dans les affaires de corruption financi\u00e8re aupr\u00e8s de la Cour d&rsquo;appel de Tunis a d\u00e9cid\u00e9 de lib\u00e9rer Riadh Mouakher ainsi qu&rsquo;un cadre de la protection civile, anciennement rattach\u00e9 au minist\u00e8re de l&rsquo;Environnement. Le proc\u00e8s des deux accus\u00e9s a \u00e9t\u00e9 report\u00e9 au mois de mai prochain. \u00a0 Riadh Mouakher, en \u00e9tat de [&hellip;]","og_url":"https:\/\/www.webdo.tn\/fr\/actualite\/national\/tunisie-l-ancien-ministre-riadh-mouakher-remis-en-liberte\/219975\/","og_site_name":"webdo","article_publisher":"https:\/\/www.facebook.com\/webdotn","article_published_time":"2025-02-20T15:56:00+00:00","article_modified_time":"2025-05-20T22:16:49+00:00","og_image":[{"width":750,"height":400,"url":"https:\/\/www.webdo.tn\/fr\/wp-content\/uploads\/2025\/02\/59e3c7bb5907e86e925a413daaf2a3ca.webp","type":"image\/webp"}],"author":"MC","twitter_card":"summary_large_image","twitter_creator":"@webdo_tn","twitter_site":"@webdo_tn","twitter_misc":{"\u00c9crit par":"MC","Dur\u00e9e de lecture estim\u00e9e":"1 minute"},"schema":{"@context":"https:\/\/schema.org","@graph":[{"@type":"NewsArticle","@id":"https:\/\/www.webdo.tn\/fr\/actualite\/national\/tunisie-l-ancien-ministre-riadh-mouakher-remis-en-liberte\/219975\/#article","isPartOf":{"@id":"https:\/\/www.webdo.tn\/fr\/actualite\/national\/tunisie-l-ancien-ministre-riadh-mouakher-remis-en-liberte\/219975\/"},"author":{"name":"MC","@id":"https:\/\/www.webdo.tn\/fr\/#\/schema\/person\/2c4929cbf5a809e3bd38617c6ce150f6"},"headline":"Tunisie : L&rsquo;ancien ministre Riadh Mouakher remis en libert\u00e9","datePublished":"2025-02-20T15:56:00+00:00","dateModified":"2025-05-20T22:16:49+00:00","mainEntityOfPage":{"@id":"https:\/\/www.webdo.tn\/fr\/actualite\/national\/tunisie-l-ancien-ministre-riadh-mouakher-remis-en-liberte\/219975\/"},"wordCount":282,"commentCount":0,"publisher":{"@id":"https:\/\/www.webdo.tn\/fr\/#organization"},"image":{"@id":"https:\/\/www.webdo.tn\/fr\/actualite\/national\/tunisie-l-ancien-ministre-riadh-mouakher-remis-en-liberte\/219975\/#primaryimage"},"thumbnailUrl":"https:\/\/www.webdo.tn\/fr\/wp-content\/uploads\/2025\/02\/59e3c7bb5907e86e925a413daaf2a3ca.webp","keywords":["corruption","lib\u00e9ration","Riadh Mouakher","Tunisie"],"articleSection":["National"],"inLanguage":"fr-FR"},{"@type":"WebPage","@id":"https:\/\/www.webdo.tn\/fr\/actualite\/national\/tunisie-l-ancien-ministre-riadh-mouakher-remis-en-liberte\/219975\/","url":"https:\/\/www.webdo.tn\/fr\/actualite\/national\/tunisie-l-ancien-ministre-riadh-mouakher-remis-en-liberte\/219975\/","name":"Tunisie : L'ancien ministre Riadh Mouakher remis en libert\u00e9","isPartOf":{"@id":"https:\/\/www.webdo.tn\/fr\/#website"},"primaryImageOfPage":{"@id":"https:\/\/www.webdo.tn\/fr\/actualite\/national\/tunisie-l-ancien-ministre-riadh-mouakher-remis-en-liberte\/219975\/#primaryimage"},"image":{"@id":"https:\/\/www.webdo.tn\/fr\/actualite\/national\/tunisie-l-ancien-ministre-riadh-mouakher-remis-en-liberte\/219975\/#primaryimage"},"thumbnailUrl":"https:\/\/www.webdo.tn\/fr\/wp-content\/uploads\/2025\/02\/59e3c7bb5907e86e925a413daaf2a3ca.webp","datePublished":"2025-02-20T15:56:00+00:00","dateModified":"2025-05-20T22:16:49+00:00","breadcrumb":{"@id":"https:\/\/www.webdo.tn\/fr\/actualite\/national\/tunisie-l-ancien-ministre-riadh-mouakher-remis-en-liberte\/219975\/#breadcrumb"},"inLanguage":"fr-FR","potentialAction":[{"@type":"ReadAction","target":["https:\/\/www.webdo.tn\/fr\/actualite\/national\/tunisie-l-ancien-ministre-riadh-mouakher-remis-en-liberte\/219975\/"]}]},{"@type":"ImageObject","inLanguage":"fr-FR","@id":"https:\/\/www.webdo.tn\/fr\/actualite\/national\/tunisie-l-ancien-ministre-riadh-mouakher-remis-en-liberte\/219975\/#primaryimage","url":"https:\/\/www.webdo.tn\/fr\/wp-content\/uploads\/2025\/02\/59e3c7bb5907e86e925a413daaf2a3ca.webp","contentUrl":"https:\/\/www.webdo.tn\/fr\/wp-content\/uploads\/2025\/02\/59e3c7bb5907e86e925a413daaf2a3ca.webp","width":750,"height":400,"caption":"Tunisie : L'ancien ministre Riadh Mouakher remis en libert\u00e9"},{"@type":"BreadcrumbList","@id":"https:\/\/www.webdo.tn\/fr\/actualite\/national\/tunisie-l-ancien-ministre-riadh-mouakher-remis-en-liberte\/219975\/#breadcrumb","itemListElement":[{"@type":"ListItem","position":1,"name":"Accueil","item":"https:\/\/www.webdo.tn\/fr\/"},{"@type":"ListItem","position":2,"name":"Tunisie : L&rsquo;ancien ministre Riadh Mouakher remis en libert\u00e9"}]},{"@type":"WebSite","@id":"https:\/\/www.webdo.tn\/fr\/#website","url":"https:\/\/www.webdo.tn\/fr\/","name":"webdo","description":"Tunisie - News en Tunisie et \u00e0 l&#039;international sur Webdo.tn","publisher":{"@id":"https:\/\/www.webdo.tn\/fr\/#organization"},"potentialAction":[{"@type":"SearchAction","target":{"@type":"EntryPoint","urlTemplate":"https:\/\/www.webdo.tn\/fr\/?s={search_term_string}"},"query-input":{"@type":"PropertyValueSpecification","valueRequired":true,"valueName":"search_term_string"}}],"inLanguage":"fr-FR"},{"@type":"Organization","@id":"https:\/\/www.webdo.tn\/fr\/#organization","name":"Webdo","alternateName":"Webdo.tn","url":"https:\/\/www.webdo.tn\/fr\/","logo":{"@type":"ImageObject","inLanguage":"fr-FR","@id":"https:\/\/www.webdo.tn\/fr\/#\/schema\/logo\/image\/","url":"https:\/\/www.webdo.tn\/fr\/wp-content\/uploads\/2025\/06\/Webdo-Tunisie_168377.jpg","contentUrl":"https:\/\/www.webdo.tn\/fr\/wp-content\/uploads\/2025\/06\/Webdo-Tunisie_168377.jpg","width":301,"height":301,"caption":"Webdo"},"image":{"@id":"https:\/\/www.webdo.tn\/fr\/#\/schema\/logo\/image\/"},"sameAs":["https:\/\/www.facebook.com\/webdotn","https:\/\/x.com\/webdo_tn"],"description":"Webdo est un m\u00e9dia num\u00e9rique tunisien fond\u00e9 en 2010, sp\u00e9cialis\u00e9 dans l\u2019actualit\u00e9 nationale et internationale, l\u2019\u00e9conomie, la soci\u00e9t\u00e9 et les analyses politiques. Le site s\u2019adresse \u00e0 un large public francophone et couvre l\u2019information tunisienne en temps r\u00e9el.","email":"redac@webdo.tn","legalName":"YNJ SARL","foundingDate":"2010-09-06","numberOfEmployees":{"@type":"QuantitativeValue","minValue":"11","maxValue":"50"}},{"@type":"Person","@id":"https:\/\/www.webdo.tn\/fr\/#\/schema\/person\/2c4929cbf5a809e3bd38617c6ce150f6","name":"MC","image":{"@type":"ImageObject","inLanguage":"fr-FR","@id":"https:\/\/secure.gravatar.com\/avatar\/a545bbb6f84efdd5553dbbc2895e3ca8f1d12c5215e00a041c9670b54aa9b18a?s=96&d=mm&r=g","url":"https:\/\/secure.gravatar.com\/avatar\/a545bbb6f84efdd5553dbbc2895e3ca8f1d12c5215e00a041c9670b54aa9b18a?s=96&d=mm&r=g","contentUrl":"https:\/\/secure.gravatar.com\/avatar\/a545bbb6f84efdd5553dbbc2895e3ca8f1d12c5215e00a041c9670b54aa9b18a?s=96&d=mm&r=g","caption":"MC"},"url":"https:\/\/www.webdo.tn\/fr\/actualite\/author\/mc\/"}]}},"_links":{"self":[{"href":"https:\/\/www.webdo.tn\/fr\/wp-json\/wp\/v2\/posts\/219975","targetHints":{"allow":["GET"]}}],"collection":[{"href":"https:\/\/www.webdo.tn\/fr\/wp-json\/wp\/v2\/posts"}],"about":[{"href":"https:\/\/www.webdo.tn\/fr\/wp-json\/wp\/v2\/types\/post"}],"author":[{"embeddable":true,"href":"https:\/\/www.webdo.tn\/fr\/wp-json\/wp\/v2\/users\/3162"}],"replies":[{"embeddable":true,"href":"https:\/\/www.webdo.tn\/fr\/wp-json\/wp\/v2\/comments?post=219975"}],"version-history":[{"count":0,"href":"https:\/\/www.webdo.tn\/fr\/wp-json\/wp\/v2\/posts\/219975\/revisions"}],"wp:featuredmedia":[{"embeddable":true,"href":"https:\/\/www.webdo.tn\/fr\/wp-json\/wp\/v2\/media\/291926"}],"wp:attachment":[{"href":"https:\/\/www.webdo.tn\/fr\/wp-json\/wp\/v2\/media?parent=219975"}],"wp:term":[{"taxonomy":"category","embeddable":true,"href":"https:\/\/www.webdo.tn\/fr\/wp-json\/wp\/v2\/categories?post=219975"},{"taxonomy":"post_tag","embeddable":true,"href":"https:\/\/www.webdo.tn\/fr\/wp-json\/wp\/v2\/tags?post=219975"}],"curies":[{"name":"wp","href":"https:\/\/api.w.org\/{rel}","templated":true}]}}