{"id":219915,"date":"2025-02-18T14:28:00","date_gmt":"2025-02-18T14:28:00","guid":{"rendered":"https:\/\/www.webdo.tn\/fr\/blog\/2025\/02\/18\/tunisie-l-aeroport-de-tabarka-bientot-reactive\/"},"modified":"2025-05-20T21:42:43","modified_gmt":"2025-05-20T21:42:43","slug":"tunisie-l-aeroport-de-tabarka-bientot-reactive","status":"publish","type":"post","link":"https:\/\/www.webdo.tn\/fr\/actualite\/regions\/tunisie-l-aeroport-de-tabarka-bientot-reactive\/219915\/","title":{"rendered":"Tunisie : L\u2019a\u00e9roport de Tabarka bient\u00f4t r\u00e9activ\u00e9"},"content":{"rendered":"<p>L\u2019a\u00e9roport international de Tabarka-A\u00efn Drahem pourrait bient\u00f4t retrouver une activit\u00e9. Situ\u00e9 \u00e0 environ 13 km de la ville de Tabarka, cet a\u00e9roport, capable d\u2019accueillir jusqu\u2019\u00e0 250.000 passagers par an, demeure sous-exploit\u00e9 depuis 2011.<\/p>\n<p>\t\t\t\t\t\t\t\t\tEn janvier 2025, son chiffre d\u2019affaires a\u00e9rien \u00e9tait encore nul, comme l\u2019a pr\u00e9cis\u00e9 Anis Azizi, son responsable. Bien que l\u2019infrastructure de 240 hectares soit maintenue en \u00e9tat gr\u00e2ce \u00e0 des investissements r\u00e9guliers de l\u2019\u00c9tat, elle peine \u00e0 jouer son r\u00f4le dans le d\u00e9veloppement touristique et \u00e9conomique de la r\u00e9gion. \u00a0<\/p>\n<p>Dans une d\u00e9claration \u00e0 l\u2019Agence TAP, Anis Azizi a rappel\u00e9 que l\u2019a\u00e9roport, en service depuis 1992, \u00e9tait autrefois une porte d\u2019entr\u00e9e pour des voyageurs en provenance de France, d\u2019Allemagne et d\u2019Italie.<\/p>\n<p>La relance de l\u2019a\u00e9roport est jug\u00e9e essentielle pour s\u00e9duire de nouveaux march\u00e9s touristiques et faciliter les d\u00e9placements des Tunisiens r\u00e9sidant \u00e0 l\u2019\u00e9tranger, en particulier ceux originaires du nord-ouest du pays. \u00a0<\/p>\n<p>Dans cette optique, Ali Zoghlami, d\u00e9l\u00e9gu\u00e9 r\u00e9gional de l\u2019Office des Tunisiens \u00e0 l\u2019\u00e9tranger, a annonc\u00e9 l\u2019ouverture de vols irr\u00e9guliers entre Tabarka et Bologne \u00e0 partir de juin 2025. Ces liaisons, pr\u00e9vues deux fois par semaine jusqu\u2019en octobre, r\u00e9sultent de n\u00e9gociations avec les op\u00e9rateurs et visent \u00e0 renforcer l\u2019attractivit\u00e9 de la r\u00e9gion, notamment gr\u00e2ce \u00e0 ses 25 km de littoral, ses h\u00f4tels et ses activit\u00e9s phares comme le golf et la chasse. \u00a0<\/p>\n<p>Le ministre des Transports, Rachid Amri, a confirm\u00e9 que le gouvernement \u0153uvre \u00e0 la relance des a\u00e9roports r\u00e9gionaux, dont celui de Tabarka-A\u00efn Drahem.<\/p>\n","protected":false},"excerpt":{"rendered":"<p>L\u2019a\u00e9roport international de Tabarka-A\u00efn Drahem pourrait bient\u00f4t retrouver une activit\u00e9. Situ\u00e9 \u00e0 environ 13 km de la ville de Tabarka, cet a\u00e9roport, capable d\u2019ac&#8230;<\/p>\n","protected":false},"author":3162,"featured_media":242164,"comment_status":"open","ping_status":"open","sticky":false,"template":"","format":"standard","meta":{"footnotes":""},"categories":[2595],"tags":[3974,3975,2769,2799,2608],"class_list":["post-219915","post","type-post","status-publish","format-standard","has-post-thumbnail","hentry","category-regions","tag-aeroport","tag-ain-drahem","tag-tabarka","tag-touristes","tag-tunisie"],"yoast_head":"<!-- This site is optimized with the Yoast SEO Premium plugin v27.5 (Yoast SEO v27.5) - https:\/\/yoast.com\/product\/yoast-seo-premium-wordpress\/ -->\n<title>Tunisie : L\u2019a\u00e9roport de Tabarka bient\u00f4t r\u00e9activ\u00e9<\/title>\n<meta name=\"description\" content=\"L\u2019a\u00e9roport international de Tabarka-A\u00efn Drahem pourrait bient\u00f4t retrouver une activit\u00e9. Situ\u00e9 \u00e0 environ 13 km de la ville de Tabarka, cet a\u00e9roport, capable d\u2019ac...\" \/>\n<link rel=\"canonical\" href=\"https:\/\/www.webdo.tn\/fr\/actualite\/regions\/tunisie-l-aeroport-de-tabarka-bientot-reactive\/219915\/\" \/>\n<meta property=\"og:locale\" content=\"fr_FR\" \/>\n<meta property=\"og:type\" content=\"article\" \/>\n<meta property=\"og:title\" content=\"Tunisie : L\u2019a\u00e9roport de Tabarka bient\u00f4t r\u00e9activ\u00e9\" \/>\n<meta property=\"og:description\" content=\"L\u2019a\u00e9roport international de Tabarka-A\u00efn Drahem pourrait bient\u00f4t retrouver une activit\u00e9. Situ\u00e9 \u00e0 environ 13 km de la ville de Tabarka, cet a\u00e9roport, capable d\u2019ac...\" \/>\n<meta property=\"og:url\" content=\"https:\/\/www.webdo.tn\/fr\/actualite\/regions\/tunisie-l-aeroport-de-tabarka-bientot-reactive\/219915\/\" \/>\n<meta property=\"og:site_name\" content=\"webdo\" \/>\n<meta property=\"article:publisher\" content=\"https:\/\/www.facebook.com\/webdotn\" \/>\n<meta property=\"article:published_time\" content=\"2025-02-18T14:28:00+00:00\" \/>\n<meta property=\"article:modified_time\" content=\"2025-05-20T21:42:43+00:00\" \/>\n<meta property=\"og:image\" content=\"https:\/\/www.webdo.tn\/fr\/wp-content\/uploads\/2025\/05\/5d312a26b3d349ed53a52ac5cd832026-2.webp\" \/>\n\t<meta property=\"og:image:width\" content=\"750\" \/>\n\t<meta property=\"og:image:height\" content=\"400\" \/>\n\t<meta property=\"og:image:type\" content=\"image\/webp\" \/>\n<meta name=\"author\" content=\"MC\" \/>\n<meta name=\"twitter:card\" content=\"summary_large_image\" \/>\n<meta name=\"twitter:creator\" content=\"@webdo_tn\" \/>\n<meta name=\"twitter:site\" content=\"@webdo_tn\" \/>\n<meta name=\"twitter:label1\" content=\"\u00c9crit par\" \/>\n\t<meta name=\"twitter:data1\" content=\"MC\" \/>\n\t<meta name=\"twitter:label2\" content=\"Dur\u00e9e de lecture estim\u00e9e\" \/>\n\t<meta name=\"twitter:data2\" content=\"1 minute\" \/>\n<script type=\"application\/ld+json\" class=\"yoast-schema-graph\">{\"@context\":\"https:\\\/\\\/schema.org\",\"@graph\":[{\"@type\":\"NewsArticle\",\"@id\":\"https:\\\/\\\/www.webdo.tn\\\/fr\\\/actualite\\\/regions\\\/tunisie-l-aeroport-de-tabarka-bientot-reactive\\\/219915\\\/#article\",\"isPartOf\":{\"@id\":\"https:\\\/\\\/www.webdo.tn\\\/fr\\\/actualite\\\/regions\\\/tunisie-l-aeroport-de-tabarka-bientot-reactive\\\/219915\\\/\"},\"author\":{\"name\":\"MC\",\"@id\":\"https:\\\/\\\/www.webdo.tn\\\/fr\\\/#\\\/schema\\\/person\\\/2c4929cbf5a809e3bd38617c6ce150f6\"},\"headline\":\"Tunisie : L\u2019a\u00e9roport de Tabarka bient\u00f4t r\u00e9activ\u00e9\",\"datePublished\":\"2025-02-18T14:28:00+00:00\",\"dateModified\":\"2025-05-20T21:42:43+00:00\",\"mainEntityOfPage\":{\"@id\":\"https:\\\/\\\/www.webdo.tn\\\/fr\\\/actualite\\\/regions\\\/tunisie-l-aeroport-de-tabarka-bientot-reactive\\\/219915\\\/\"},\"wordCount\":282,\"commentCount\":0,\"publisher\":{\"@id\":\"https:\\\/\\\/www.webdo.tn\\\/fr\\\/#organization\"},\"image\":{\"@id\":\"https:\\\/\\\/www.webdo.tn\\\/fr\\\/actualite\\\/regions\\\/tunisie-l-aeroport-de-tabarka-bientot-reactive\\\/219915\\\/#primaryimage\"},\"thumbnailUrl\":\"https:\\\/\\\/www.webdo.tn\\\/fr\\\/wp-content\\\/uploads\\\/2025\\\/05\\\/5d312a26b3d349ed53a52ac5cd832026-2.webp\",\"keywords\":[\"a\u00e9roport\",\"Ain Drahem\",\"tabarka\",\"touristes\",\"Tunisie\"],\"articleSection\":[\"regions\"],\"inLanguage\":\"fr-FR\"},{\"@type\":\"WebPage\",\"@id\":\"https:\\\/\\\/www.webdo.tn\\\/fr\\\/actualite\\\/regions\\\/tunisie-l-aeroport-de-tabarka-bientot-reactive\\\/219915\\\/\",\"url\":\"https:\\\/\\\/www.webdo.tn\\\/fr\\\/actualite\\\/regions\\\/tunisie-l-aeroport-de-tabarka-bientot-reactive\\\/219915\\\/\",\"name\":\"Tunisie : L\u2019a\u00e9roport de Tabarka bient\u00f4t r\u00e9activ\u00e9\",\"isPartOf\":{\"@id\":\"https:\\\/\\\/www.webdo.tn\\\/fr\\\/#website\"},\"primaryImageOfPage\":{\"@id\":\"https:\\\/\\\/www.webdo.tn\\\/fr\\\/actualite\\\/regions\\\/tunisie-l-aeroport-de-tabarka-bientot-reactive\\\/219915\\\/#primaryimage\"},\"image\":{\"@id\":\"https:\\\/\\\/www.webdo.tn\\\/fr\\\/actualite\\\/regions\\\/tunisie-l-aeroport-de-tabarka-bientot-reactive\\\/219915\\\/#primaryimage\"},\"thumbnailUrl\":\"https:\\\/\\\/www.webdo.tn\\\/fr\\\/wp-content\\\/uploads\\\/2025\\\/05\\\/5d312a26b3d349ed53a52ac5cd832026-2.webp\",\"datePublished\":\"2025-02-18T14:28:00+00:00\",\"dateModified\":\"2025-05-20T21:42:43+00:00\",\"description\":\"L\u2019a\u00e9roport international de Tabarka-A\u00efn Drahem pourrait bient\u00f4t retrouver une activit\u00e9. Situ\u00e9 \u00e0 environ 13 km de la ville de Tabarka, cet a\u00e9roport, capable d\u2019ac...\",\"breadcrumb\":{\"@id\":\"https:\\\/\\\/www.webdo.tn\\\/fr\\\/actualite\\\/regions\\\/tunisie-l-aeroport-de-tabarka-bientot-reactive\\\/219915\\\/#breadcrumb\"},\"inLanguage\":\"fr-FR\",\"potentialAction\":[{\"@type\":\"ReadAction\",\"target\":[\"https:\\\/\\\/www.webdo.tn\\\/fr\\\/actualite\\\/regions\\\/tunisie-l-aeroport-de-tabarka-bientot-reactive\\\/219915\\\/\"]}]},{\"@type\":\"ImageObject\",\"inLanguage\":\"fr-FR\",\"@id\":\"https:\\\/\\\/www.webdo.tn\\\/fr\\\/actualite\\\/regions\\\/tunisie-l-aeroport-de-tabarka-bientot-reactive\\\/219915\\\/#primaryimage\",\"url\":\"https:\\\/\\\/www.webdo.tn\\\/fr\\\/wp-content\\\/uploads\\\/2025\\\/05\\\/5d312a26b3d349ed53a52ac5cd832026-2.webp\",\"contentUrl\":\"https:\\\/\\\/www.webdo.tn\\\/fr\\\/wp-content\\\/uploads\\\/2025\\\/05\\\/5d312a26b3d349ed53a52ac5cd832026-2.webp\",\"width\":750,\"height\":400},{\"@type\":\"BreadcrumbList\",\"@id\":\"https:\\\/\\\/www.webdo.tn\\\/fr\\\/actualite\\\/regions\\\/tunisie-l-aeroport-de-tabarka-bientot-reactive\\\/219915\\\/#breadcrumb\",\"itemListElement\":[{\"@type\":\"ListItem\",\"position\":1,\"name\":\"Accueil\",\"item\":\"https:\\\/\\\/www.webdo.tn\\\/fr\\\/\"},{\"@type\":\"ListItem\",\"position\":2,\"name\":\"Tunisie : L\u2019a\u00e9roport de Tabarka bient\u00f4t r\u00e9activ\u00e9\"}]},{\"@type\":\"WebSite\",\"@id\":\"https:\\\/\\\/www.webdo.tn\\\/fr\\\/#website\",\"url\":\"https:\\\/\\\/www.webdo.tn\\\/fr\\\/\",\"name\":\"webdo\",\"description\":\"Tunisie - News en Tunisie et \u00e0 l&#039;international sur Webdo.tn\",\"publisher\":{\"@id\":\"https:\\\/\\\/www.webdo.tn\\\/fr\\\/#organization\"},\"potentialAction\":[{\"@type\":\"SearchAction\",\"target\":{\"@type\":\"EntryPoint\",\"urlTemplate\":\"https:\\\/\\\/www.webdo.tn\\\/fr\\\/?s={search_term_string}\"},\"query-input\":{\"@type\":\"PropertyValueSpecification\",\"valueRequired\":true,\"valueName\":\"search_term_string\"}}],\"inLanguage\":\"fr-FR\"},{\"@type\":\"Organization\",\"@id\":\"https:\\\/\\\/www.webdo.tn\\\/fr\\\/#organization\",\"name\":\"Webdo\",\"alternateName\":\"Webdo.tn\",\"url\":\"https:\\\/\\\/www.webdo.tn\\\/fr\\\/\",\"logo\":{\"@type\":\"ImageObject\",\"inLanguage\":\"fr-FR\",\"@id\":\"https:\\\/\\\/www.webdo.tn\\\/fr\\\/#\\\/schema\\\/logo\\\/image\\\/\",\"url\":\"https:\\\/\\\/www.webdo.tn\\\/fr\\\/wp-content\\\/uploads\\\/2025\\\/06\\\/Webdo-Tunisie_168377.jpg\",\"contentUrl\":\"https:\\\/\\\/www.webdo.tn\\\/fr\\\/wp-content\\\/uploads\\\/2025\\\/06\\\/Webdo-Tunisie_168377.jpg\",\"width\":301,\"height\":301,\"caption\":\"Webdo\"},\"image\":{\"@id\":\"https:\\\/\\\/www.webdo.tn\\\/fr\\\/#\\\/schema\\\/logo\\\/image\\\/\"},\"sameAs\":[\"https:\\\/\\\/www.facebook.com\\\/webdotn\",\"https:\\\/\\\/x.com\\\/webdo_tn\"],\"description\":\"Webdo est un m\u00e9dia num\u00e9rique tunisien fond\u00e9 en 2010, sp\u00e9cialis\u00e9 dans l\u2019actualit\u00e9 nationale et internationale, l\u2019\u00e9conomie, la soci\u00e9t\u00e9 et les analyses politiques. Le site s\u2019adresse \u00e0 un large public francophone et couvre l\u2019information tunisienne en temps r\u00e9el.\",\"email\":\"redac@webdo.tn\",\"legalName\":\"YNJ SARL\",\"foundingDate\":\"2010-09-06\",\"numberOfEmployees\":{\"@type\":\"QuantitativeValue\",\"minValue\":\"11\",\"maxValue\":\"50\"}},{\"@type\":\"Person\",\"@id\":\"https:\\\/\\\/www.webdo.tn\\\/fr\\\/#\\\/schema\\\/person\\\/2c4929cbf5a809e3bd38617c6ce150f6\",\"name\":\"MC\",\"image\":{\"@type\":\"ImageObject\",\"inLanguage\":\"fr-FR\",\"@id\":\"https:\\\/\\\/secure.gravatar.com\\\/avatar\\\/a545bbb6f84efdd5553dbbc2895e3ca8f1d12c5215e00a041c9670b54aa9b18a?s=96&d=mm&r=g\",\"url\":\"https:\\\/\\\/secure.gravatar.com\\\/avatar\\\/a545bbb6f84efdd5553dbbc2895e3ca8f1d12c5215e00a041c9670b54aa9b18a?s=96&d=mm&r=g\",\"contentUrl\":\"https:\\\/\\\/secure.gravatar.com\\\/avatar\\\/a545bbb6f84efdd5553dbbc2895e3ca8f1d12c5215e00a041c9670b54aa9b18a?s=96&d=mm&r=g\",\"caption\":\"MC\"},\"url\":\"https:\\\/\\\/www.webdo.tn\\\/fr\\\/actualite\\\/author\\\/mc\\\/\"}]}<\/script>\n<!-- \/ Yoast SEO Premium plugin. -->","yoast_head_json":{"title":"Tunisie : L\u2019a\u00e9roport de Tabarka bient\u00f4t r\u00e9activ\u00e9","description":"L\u2019a\u00e9roport international de Tabarka-A\u00efn Drahem pourrait bient\u00f4t retrouver une activit\u00e9. Situ\u00e9 \u00e0 environ 13 km de la ville de Tabarka, cet a\u00e9roport, capable d\u2019ac...","canonical":"https:\/\/www.webdo.tn\/fr\/actualite\/regions\/tunisie-l-aeroport-de-tabarka-bientot-reactive\/219915\/","og_locale":"fr_FR","og_type":"article","og_title":"Tunisie : L\u2019a\u00e9roport de Tabarka bient\u00f4t r\u00e9activ\u00e9","og_description":"L\u2019a\u00e9roport international de Tabarka-A\u00efn Drahem pourrait bient\u00f4t retrouver une activit\u00e9. Situ\u00e9 \u00e0 environ 13 km de la ville de Tabarka, cet a\u00e9roport, capable d\u2019ac...","og_url":"https:\/\/www.webdo.tn\/fr\/actualite\/regions\/tunisie-l-aeroport-de-tabarka-bientot-reactive\/219915\/","og_site_name":"webdo","article_publisher":"https:\/\/www.facebook.com\/webdotn","article_published_time":"2025-02-18T14:28:00+00:00","article_modified_time":"2025-05-20T21:42:43+00:00","og_image":[{"width":750,"height":400,"url":"https:\/\/www.webdo.tn\/fr\/wp-content\/uploads\/2025\/05\/5d312a26b3d349ed53a52ac5cd832026-2.webp","type":"image\/webp"}],"author":"MC","twitter_card":"summary_large_image","twitter_creator":"@webdo_tn","twitter_site":"@webdo_tn","twitter_misc":{"\u00c9crit par":"MC","Dur\u00e9e de lecture estim\u00e9e":"1 minute"},"schema":{"@context":"https:\/\/schema.org","@graph":[{"@type":"NewsArticle","@id":"https:\/\/www.webdo.tn\/fr\/actualite\/regions\/tunisie-l-aeroport-de-tabarka-bientot-reactive\/219915\/#article","isPartOf":{"@id":"https:\/\/www.webdo.tn\/fr\/actualite\/regions\/tunisie-l-aeroport-de-tabarka-bientot-reactive\/219915\/"},"author":{"name":"MC","@id":"https:\/\/www.webdo.tn\/fr\/#\/schema\/person\/2c4929cbf5a809e3bd38617c6ce150f6"},"headline":"Tunisie : L\u2019a\u00e9roport de Tabarka bient\u00f4t r\u00e9activ\u00e9","datePublished":"2025-02-18T14:28:00+00:00","dateModified":"2025-05-20T21:42:43+00:00","mainEntityOfPage":{"@id":"https:\/\/www.webdo.tn\/fr\/actualite\/regions\/tunisie-l-aeroport-de-tabarka-bientot-reactive\/219915\/"},"wordCount":282,"commentCount":0,"publisher":{"@id":"https:\/\/www.webdo.tn\/fr\/#organization"},"image":{"@id":"https:\/\/www.webdo.tn\/fr\/actualite\/regions\/tunisie-l-aeroport-de-tabarka-bientot-reactive\/219915\/#primaryimage"},"thumbnailUrl":"https:\/\/www.webdo.tn\/fr\/wp-content\/uploads\/2025\/05\/5d312a26b3d349ed53a52ac5cd832026-2.webp","keywords":["a\u00e9roport","Ain Drahem","tabarka","touristes","Tunisie"],"articleSection":["regions"],"inLanguage":"fr-FR"},{"@type":"WebPage","@id":"https:\/\/www.webdo.tn\/fr\/actualite\/regions\/tunisie-l-aeroport-de-tabarka-bientot-reactive\/219915\/","url":"https:\/\/www.webdo.tn\/fr\/actualite\/regions\/tunisie-l-aeroport-de-tabarka-bientot-reactive\/219915\/","name":"Tunisie : L\u2019a\u00e9roport de Tabarka bient\u00f4t r\u00e9activ\u00e9","isPartOf":{"@id":"https:\/\/www.webdo.tn\/fr\/#website"},"primaryImageOfPage":{"@id":"https:\/\/www.webdo.tn\/fr\/actualite\/regions\/tunisie-l-aeroport-de-tabarka-bientot-reactive\/219915\/#primaryimage"},"image":{"@id":"https:\/\/www.webdo.tn\/fr\/actualite\/regions\/tunisie-l-aeroport-de-tabarka-bientot-reactive\/219915\/#primaryimage"},"thumbnailUrl":"https:\/\/www.webdo.tn\/fr\/wp-content\/uploads\/2025\/05\/5d312a26b3d349ed53a52ac5cd832026-2.webp","datePublished":"2025-02-18T14:28:00+00:00","dateModified":"2025-05-20T21:42:43+00:00","description":"L\u2019a\u00e9roport international de Tabarka-A\u00efn Drahem pourrait bient\u00f4t retrouver une activit\u00e9. Situ\u00e9 \u00e0 environ 13 km de la ville de Tabarka, cet a\u00e9roport, capable d\u2019ac...","breadcrumb":{"@id":"https:\/\/www.webdo.tn\/fr\/actualite\/regions\/tunisie-l-aeroport-de-tabarka-bientot-reactive\/219915\/#breadcrumb"},"inLanguage":"fr-FR","potentialAction":[{"@type":"ReadAction","target":["https:\/\/www.webdo.tn\/fr\/actualite\/regions\/tunisie-l-aeroport-de-tabarka-bientot-reactive\/219915\/"]}]},{"@type":"ImageObject","inLanguage":"fr-FR","@id":"https:\/\/www.webdo.tn\/fr\/actualite\/regions\/tunisie-l-aeroport-de-tabarka-bientot-reactive\/219915\/#primaryimage","url":"https:\/\/www.webdo.tn\/fr\/wp-content\/uploads\/2025\/05\/5d312a26b3d349ed53a52ac5cd832026-2.webp","contentUrl":"https:\/\/www.webdo.tn\/fr\/wp-content\/uploads\/2025\/05\/5d312a26b3d349ed53a52ac5cd832026-2.webp","width":750,"height":400},{"@type":"BreadcrumbList","@id":"https:\/\/www.webdo.tn\/fr\/actualite\/regions\/tunisie-l-aeroport-de-tabarka-bientot-reactive\/219915\/#breadcrumb","itemListElement":[{"@type":"ListItem","position":1,"name":"Accueil","item":"https:\/\/www.webdo.tn\/fr\/"},{"@type":"ListItem","position":2,"name":"Tunisie : L\u2019a\u00e9roport de Tabarka bient\u00f4t r\u00e9activ\u00e9"}]},{"@type":"WebSite","@id":"https:\/\/www.webdo.tn\/fr\/#website","url":"https:\/\/www.webdo.tn\/fr\/","name":"webdo","description":"Tunisie - News en Tunisie et \u00e0 l&#039;international sur Webdo.tn","publisher":{"@id":"https:\/\/www.webdo.tn\/fr\/#organization"},"potentialAction":[{"@type":"SearchAction","target":{"@type":"EntryPoint","urlTemplate":"https:\/\/www.webdo.tn\/fr\/?s={search_term_string}"},"query-input":{"@type":"PropertyValueSpecification","valueRequired":true,"valueName":"search_term_string"}}],"inLanguage":"fr-FR"},{"@type":"Organization","@id":"https:\/\/www.webdo.tn\/fr\/#organization","name":"Webdo","alternateName":"Webdo.tn","url":"https:\/\/www.webdo.tn\/fr\/","logo":{"@type":"ImageObject","inLanguage":"fr-FR","@id":"https:\/\/www.webdo.tn\/fr\/#\/schema\/logo\/image\/","url":"https:\/\/www.webdo.tn\/fr\/wp-content\/uploads\/2025\/06\/Webdo-Tunisie_168377.jpg","contentUrl":"https:\/\/www.webdo.tn\/fr\/wp-content\/uploads\/2025\/06\/Webdo-Tunisie_168377.jpg","width":301,"height":301,"caption":"Webdo"},"image":{"@id":"https:\/\/www.webdo.tn\/fr\/#\/schema\/logo\/image\/"},"sameAs":["https:\/\/www.facebook.com\/webdotn","https:\/\/x.com\/webdo_tn"],"description":"Webdo est un m\u00e9dia num\u00e9rique tunisien fond\u00e9 en 2010, sp\u00e9cialis\u00e9 dans l\u2019actualit\u00e9 nationale et internationale, l\u2019\u00e9conomie, la soci\u00e9t\u00e9 et les analyses politiques. Le site s\u2019adresse \u00e0 un large public francophone et couvre l\u2019information tunisienne en temps r\u00e9el.","email":"redac@webdo.tn","legalName":"YNJ SARL","foundingDate":"2010-09-06","numberOfEmployees":{"@type":"QuantitativeValue","minValue":"11","maxValue":"50"}},{"@type":"Person","@id":"https:\/\/www.webdo.tn\/fr\/#\/schema\/person\/2c4929cbf5a809e3bd38617c6ce150f6","name":"MC","image":{"@type":"ImageObject","inLanguage":"fr-FR","@id":"https:\/\/secure.gravatar.com\/avatar\/a545bbb6f84efdd5553dbbc2895e3ca8f1d12c5215e00a041c9670b54aa9b18a?s=96&d=mm&r=g","url":"https:\/\/secure.gravatar.com\/avatar\/a545bbb6f84efdd5553dbbc2895e3ca8f1d12c5215e00a041c9670b54aa9b18a?s=96&d=mm&r=g","contentUrl":"https:\/\/secure.gravatar.com\/avatar\/a545bbb6f84efdd5553dbbc2895e3ca8f1d12c5215e00a041c9670b54aa9b18a?s=96&d=mm&r=g","caption":"MC"},"url":"https:\/\/www.webdo.tn\/fr\/actualite\/author\/mc\/"}]}},"_links":{"self":[{"href":"https:\/\/www.webdo.tn\/fr\/wp-json\/wp\/v2\/posts\/219915","targetHints":{"allow":["GET"]}}],"collection":[{"href":"https:\/\/www.webdo.tn\/fr\/wp-json\/wp\/v2\/posts"}],"about":[{"href":"https:\/\/www.webdo.tn\/fr\/wp-json\/wp\/v2\/types\/post"}],"author":[{"embeddable":true,"href":"https:\/\/www.webdo.tn\/fr\/wp-json\/wp\/v2\/users\/3162"}],"replies":[{"embeddable":true,"href":"https:\/\/www.webdo.tn\/fr\/wp-json\/wp\/v2\/comments?post=219915"}],"version-history":[{"count":0,"href":"https:\/\/www.webdo.tn\/fr\/wp-json\/wp\/v2\/posts\/219915\/revisions"}],"wp:featuredmedia":[{"embeddable":true,"href":"https:\/\/www.webdo.tn\/fr\/wp-json\/wp\/v2\/media\/242164"}],"wp:attachment":[{"href":"https:\/\/www.webdo.tn\/fr\/wp-json\/wp\/v2\/media?parent=219915"}],"wp:term":[{"taxonomy":"category","embeddable":true,"href":"https:\/\/www.webdo.tn\/fr\/wp-json\/wp\/v2\/categories?post=219915"},{"taxonomy":"post_tag","embeddable":true,"href":"https:\/\/www.webdo.tn\/fr\/wp-json\/wp\/v2\/tags?post=219915"}],"curies":[{"name":"wp","href":"https:\/\/api.w.org\/{rel}","templated":true}]}}