{"id":219901,"date":"2025-02-18T09:13:00","date_gmt":"2025-02-18T09:13:00","guid":{"rendered":"https:\/\/www.webdo.tn\/fr\/blog\/2025\/02\/18\/tunisie-kais-saied-ordonne-le-reechelonnement-des-dettes-des-abonnes-de-la-steg-et-de-la-sonede\/"},"modified":"2025-05-20T21:42:50","modified_gmt":"2025-05-20T21:42:50","slug":"tunisie-kais-saied-ordonne-le-reechelonnement-des-dettes-des-abonnes-de-la-steg-et-de-la-sonede","status":"publish","type":"post","link":"https:\/\/www.webdo.tn\/fr\/actualite\/national\/tunisie-kais-saied-ordonne-le-reechelonnement-des-dettes-des-abonnes-de-la-steg-et-de-la-sonede\/219901\/","title":{"rendered":"Tunisie : Kais Saied ordonne le r\u00e9\u00e9chelonnement des dettes des abonn\u00e9s de la STEG et de la SONEDE"},"content":{"rendered":"<p>Le pr\u00e9sident de la R\u00e9publique, Kais Saied, a re\u00e7u ce lundi 17 f\u00e9vrier 2025, au Palais de Carthage, le PDG de la Soci\u00e9t\u00e9 Tunisienne de l&rsquo;\u00c9lectricit\u00e9 et du Gaz (STEG), Fay\u00e7al Trifa et le Directeur central de la production \u00e0 la soci\u00e9t\u00e9 nationale d&rsquo;exploitation et de distribution des eaux (SONEDE), No\u00f4mane Mra\u00efhi.<\/p>\n<p>Lors de cette r\u00e9union, le chef de l\u2019\u00c9tat a notamment ordonn\u00e9 la mise en place de mesures visant \u00e0 r\u00e9\u00e9chelonner les dettes accumul\u00e9es par plusieurs abonn\u00e9s de ces deux entreprises.<\/p>\n<p>Cette initiative concerne notamment les particuliers et les petites entreprises ayant cess\u00e9 leur activit\u00e9 en raison du poids de leurs dettes. Le pr\u00e9sident a soulign\u00e9 que cette situation ne profite ni aux soci\u00e9t\u00e9s concern\u00e9es ni aux abonn\u00e9s priv\u00e9s d\u2019\u00e9lectricit\u00e9 et d\u2019eau. \u00a0<\/p>\n<p>Ka\u00efs Sa\u00efed a \u00e9galement insist\u00e9 sur la n\u00e9cessit\u00e9 d\u2019accorder un plan d\u2019apurement des dettes aux groupements hydrauliques afin d\u2019\u00e9viter les crises rencontr\u00e9es les ann\u00e9es pr\u00e9c\u00e9dentes. Par ailleurs, il a exhort\u00e9 les autorit\u00e9s comp\u00e9tentes \u00e0 acc\u00e9l\u00e9rer l\u2019\u00e9laboration d\u2019un plan de modernisation du r\u00e9seau d\u2019eau potable. \u00a0<\/p>\n<p>Le pr\u00e9sident a enfin rappel\u00e9 l&rsquo;importance d\u2019informer les citoyens en amont de toute interruption de l\u2019approvisionnement en eau, notamment lors de travaux de maintenance. Il a r\u00e9affirm\u00e9 que l\u2019\u00c9tat a l\u2019obligation constitutionnelle de garantir l\u2019acc\u00e8s \u00e0 l\u2019eau potable \u00e0 tous, dans un souci d\u2019\u00e9galit\u00e9.<\/p>\n<p>Jeudi dernier, le Chef de l&rsquo;Etat avait d\u00e9j\u00e0 ordonn\u00e9 la mise en place de solutions concr\u00e8tes pour aider les citoyens endett\u00e9s aupr\u00e8s de la STEG et de la SONEDE, lors d\u2019un entretien avec le chef du gouvernement Kamel Maddouri.<\/p>\n","protected":false},"excerpt":{"rendered":"<p>Le pr\u00e9sident de la R\u00e9publique, Kais Saied, a re\u00e7u ce lundi 17 f\u00e9vrier 2025, au Palais de Carthage, le PDG de la Soci\u00e9t\u00e9 Tunisienne de l&rsquo;\u00c9lectricit\u00e9 et du Gaz (S&#8230;<\/p>\n","protected":false},"author":3162,"featured_media":242208,"comment_status":"open","ping_status":"open","sticky":false,"template":"","format":"standard","meta":{"footnotes":""},"categories":[44],"tags":[3940,2614,2752,2742,2608],"class_list":["post-219901","post","type-post","status-publish","format-standard","has-post-thumbnail","hentry","category-national","tag-dettes","tag-kais-saied","tag-sonede","tag-steg","tag-tunisie"],"yoast_head":"<!-- This site is optimized with the Yoast SEO Premium plugin v27.5 (Yoast SEO v27.5) - https:\/\/yoast.com\/product\/yoast-seo-premium-wordpress\/ -->\n<title>Tunisie : Kais Saied ordonne le r\u00e9\u00e9chelonnement des dettes des abonn\u00e9s de la STEG et de la SONEDE<\/title>\n<meta name=\"description\" content=\"Le pr\u00e9sident de la R\u00e9publique, Kais Saied, a re\u00e7u ce lundi 17 f\u00e9vrier 2025, au Palais de Carthage, le PDG de la Soci\u00e9t\u00e9 Tunisienne de l&#039;\u00c9lectricit\u00e9 et du Gaz (S...\" \/>\n<link rel=\"canonical\" href=\"https:\/\/www.webdo.tn\/fr\/actualite\/national\/tunisie-kais-saied-ordonne-le-reechelonnement-des-dettes-des-abonnes-de-la-steg-et-de-la-sonede\/219901\/\" \/>\n<meta property=\"og:locale\" content=\"fr_FR\" \/>\n<meta property=\"og:type\" content=\"article\" \/>\n<meta property=\"og:title\" content=\"Tunisie : Kais Saied ordonne le r\u00e9\u00e9chelonnement des dettes des abonn\u00e9s de la STEG et de la SONEDE\" \/>\n<meta property=\"og:description\" content=\"Le pr\u00e9sident de la R\u00e9publique, Kais Saied, a re\u00e7u ce lundi 17 f\u00e9vrier 2025, au Palais de Carthage, le PDG de la Soci\u00e9t\u00e9 Tunisienne de l&#039;\u00c9lectricit\u00e9 et du Gaz (S...\" \/>\n<meta property=\"og:url\" content=\"https:\/\/www.webdo.tn\/fr\/actualite\/national\/tunisie-kais-saied-ordonne-le-reechelonnement-des-dettes-des-abonnes-de-la-steg-et-de-la-sonede\/219901\/\" \/>\n<meta property=\"og:site_name\" content=\"webdo\" \/>\n<meta property=\"article:publisher\" content=\"https:\/\/www.facebook.com\/webdotn\" \/>\n<meta property=\"article:published_time\" content=\"2025-02-18T09:13:00+00:00\" \/>\n<meta property=\"article:modified_time\" content=\"2025-05-20T21:42:50+00:00\" \/>\n<meta property=\"og:image\" content=\"https:\/\/www.webdo.tn\/fr\/wp-content\/uploads\/2025\/05\/cb7a99840f100ea2929d4ecc2888897b-2.webp\" \/>\n\t<meta property=\"og:image:width\" content=\"750\" \/>\n\t<meta property=\"og:image:height\" content=\"400\" \/>\n\t<meta property=\"og:image:type\" content=\"image\/webp\" \/>\n<meta name=\"author\" content=\"MC\" \/>\n<meta name=\"twitter:card\" content=\"summary_large_image\" \/>\n<meta name=\"twitter:creator\" content=\"@webdo_tn\" \/>\n<meta name=\"twitter:site\" content=\"@webdo_tn\" \/>\n<meta name=\"twitter:label1\" content=\"\u00c9crit par\" \/>\n\t<meta name=\"twitter:data1\" content=\"MC\" \/>\n\t<meta name=\"twitter:label2\" content=\"Dur\u00e9e de lecture estim\u00e9e\" \/>\n\t<meta name=\"twitter:data2\" content=\"1 minute\" \/>\n<script type=\"application\/ld+json\" class=\"yoast-schema-graph\">{\"@context\":\"https:\\\/\\\/schema.org\",\"@graph\":[{\"@type\":\"NewsArticle\",\"@id\":\"https:\\\/\\\/www.webdo.tn\\\/fr\\\/actualite\\\/national\\\/tunisie-kais-saied-ordonne-le-reechelonnement-des-dettes-des-abonnes-de-la-steg-et-de-la-sonede\\\/219901\\\/#article\",\"isPartOf\":{\"@id\":\"https:\\\/\\\/www.webdo.tn\\\/fr\\\/actualite\\\/national\\\/tunisie-kais-saied-ordonne-le-reechelonnement-des-dettes-des-abonnes-de-la-steg-et-de-la-sonede\\\/219901\\\/\"},\"author\":{\"name\":\"MC\",\"@id\":\"https:\\\/\\\/www.webdo.tn\\\/fr\\\/#\\\/schema\\\/person\\\/2c4929cbf5a809e3bd38617c6ce150f6\"},\"headline\":\"Tunisie : Kais Saied ordonne le r\u00e9\u00e9chelonnement des dettes des abonn\u00e9s de la STEG et de la SONEDE\",\"datePublished\":\"2025-02-18T09:13:00+00:00\",\"dateModified\":\"2025-05-20T21:42:50+00:00\",\"mainEntityOfPage\":{\"@id\":\"https:\\\/\\\/www.webdo.tn\\\/fr\\\/actualite\\\/national\\\/tunisie-kais-saied-ordonne-le-reechelonnement-des-dettes-des-abonnes-de-la-steg-et-de-la-sonede\\\/219901\\\/\"},\"wordCount\":321,\"commentCount\":0,\"publisher\":{\"@id\":\"https:\\\/\\\/www.webdo.tn\\\/fr\\\/#organization\"},\"image\":{\"@id\":\"https:\\\/\\\/www.webdo.tn\\\/fr\\\/actualite\\\/national\\\/tunisie-kais-saied-ordonne-le-reechelonnement-des-dettes-des-abonnes-de-la-steg-et-de-la-sonede\\\/219901\\\/#primaryimage\"},\"thumbnailUrl\":\"https:\\\/\\\/www.webdo.tn\\\/fr\\\/wp-content\\\/uploads\\\/2025\\\/05\\\/cb7a99840f100ea2929d4ecc2888897b-2.webp\",\"keywords\":[\"Dettes\",\"Kais Saied\",\"Sonede\",\"steg\",\"Tunisie\"],\"articleSection\":[\"National\"],\"inLanguage\":\"fr-FR\"},{\"@type\":\"WebPage\",\"@id\":\"https:\\\/\\\/www.webdo.tn\\\/fr\\\/actualite\\\/national\\\/tunisie-kais-saied-ordonne-le-reechelonnement-des-dettes-des-abonnes-de-la-steg-et-de-la-sonede\\\/219901\\\/\",\"url\":\"https:\\\/\\\/www.webdo.tn\\\/fr\\\/actualite\\\/national\\\/tunisie-kais-saied-ordonne-le-reechelonnement-des-dettes-des-abonnes-de-la-steg-et-de-la-sonede\\\/219901\\\/\",\"name\":\"Tunisie : Kais Saied ordonne le r\u00e9\u00e9chelonnement des dettes des abonn\u00e9s de la STEG et de la SONEDE\",\"isPartOf\":{\"@id\":\"https:\\\/\\\/www.webdo.tn\\\/fr\\\/#website\"},\"primaryImageOfPage\":{\"@id\":\"https:\\\/\\\/www.webdo.tn\\\/fr\\\/actualite\\\/national\\\/tunisie-kais-saied-ordonne-le-reechelonnement-des-dettes-des-abonnes-de-la-steg-et-de-la-sonede\\\/219901\\\/#primaryimage\"},\"image\":{\"@id\":\"https:\\\/\\\/www.webdo.tn\\\/fr\\\/actualite\\\/national\\\/tunisie-kais-saied-ordonne-le-reechelonnement-des-dettes-des-abonnes-de-la-steg-et-de-la-sonede\\\/219901\\\/#primaryimage\"},\"thumbnailUrl\":\"https:\\\/\\\/www.webdo.tn\\\/fr\\\/wp-content\\\/uploads\\\/2025\\\/05\\\/cb7a99840f100ea2929d4ecc2888897b-2.webp\",\"datePublished\":\"2025-02-18T09:13:00+00:00\",\"dateModified\":\"2025-05-20T21:42:50+00:00\",\"description\":\"Le pr\u00e9sident de la R\u00e9publique, Kais Saied, a re\u00e7u ce lundi 17 f\u00e9vrier 2025, au Palais de Carthage, le PDG de la Soci\u00e9t\u00e9 Tunisienne de l'\u00c9lectricit\u00e9 et du Gaz (S...\",\"breadcrumb\":{\"@id\":\"https:\\\/\\\/www.webdo.tn\\\/fr\\\/actualite\\\/national\\\/tunisie-kais-saied-ordonne-le-reechelonnement-des-dettes-des-abonnes-de-la-steg-et-de-la-sonede\\\/219901\\\/#breadcrumb\"},\"inLanguage\":\"fr-FR\",\"potentialAction\":[{\"@type\":\"ReadAction\",\"target\":[\"https:\\\/\\\/www.webdo.tn\\\/fr\\\/actualite\\\/national\\\/tunisie-kais-saied-ordonne-le-reechelonnement-des-dettes-des-abonnes-de-la-steg-et-de-la-sonede\\\/219901\\\/\"]}]},{\"@type\":\"ImageObject\",\"inLanguage\":\"fr-FR\",\"@id\":\"https:\\\/\\\/www.webdo.tn\\\/fr\\\/actualite\\\/national\\\/tunisie-kais-saied-ordonne-le-reechelonnement-des-dettes-des-abonnes-de-la-steg-et-de-la-sonede\\\/219901\\\/#primaryimage\",\"url\":\"https:\\\/\\\/www.webdo.tn\\\/fr\\\/wp-content\\\/uploads\\\/2025\\\/05\\\/cb7a99840f100ea2929d4ecc2888897b-2.webp\",\"contentUrl\":\"https:\\\/\\\/www.webdo.tn\\\/fr\\\/wp-content\\\/uploads\\\/2025\\\/05\\\/cb7a99840f100ea2929d4ecc2888897b-2.webp\",\"width\":750,\"height\":400},{\"@type\":\"BreadcrumbList\",\"@id\":\"https:\\\/\\\/www.webdo.tn\\\/fr\\\/actualite\\\/national\\\/tunisie-kais-saied-ordonne-le-reechelonnement-des-dettes-des-abonnes-de-la-steg-et-de-la-sonede\\\/219901\\\/#breadcrumb\",\"itemListElement\":[{\"@type\":\"ListItem\",\"position\":1,\"name\":\"Accueil\",\"item\":\"https:\\\/\\\/www.webdo.tn\\\/fr\\\/\"},{\"@type\":\"ListItem\",\"position\":2,\"name\":\"Tunisie : Kais Saied ordonne le r\u00e9\u00e9chelonnement des dettes des abonn\u00e9s de la STEG et de la SONEDE\"}]},{\"@type\":\"WebSite\",\"@id\":\"https:\\\/\\\/www.webdo.tn\\\/fr\\\/#website\",\"url\":\"https:\\\/\\\/www.webdo.tn\\\/fr\\\/\",\"name\":\"webdo\",\"description\":\"Tunisie - News en Tunisie et \u00e0 l&#039;international sur Webdo.tn\",\"publisher\":{\"@id\":\"https:\\\/\\\/www.webdo.tn\\\/fr\\\/#organization\"},\"potentialAction\":[{\"@type\":\"SearchAction\",\"target\":{\"@type\":\"EntryPoint\",\"urlTemplate\":\"https:\\\/\\\/www.webdo.tn\\\/fr\\\/?s={search_term_string}\"},\"query-input\":{\"@type\":\"PropertyValueSpecification\",\"valueRequired\":true,\"valueName\":\"search_term_string\"}}],\"inLanguage\":\"fr-FR\"},{\"@type\":\"Organization\",\"@id\":\"https:\\\/\\\/www.webdo.tn\\\/fr\\\/#organization\",\"name\":\"Webdo\",\"alternateName\":\"Webdo.tn\",\"url\":\"https:\\\/\\\/www.webdo.tn\\\/fr\\\/\",\"logo\":{\"@type\":\"ImageObject\",\"inLanguage\":\"fr-FR\",\"@id\":\"https:\\\/\\\/www.webdo.tn\\\/fr\\\/#\\\/schema\\\/logo\\\/image\\\/\",\"url\":\"https:\\\/\\\/www.webdo.tn\\\/fr\\\/wp-content\\\/uploads\\\/2025\\\/06\\\/Webdo-Tunisie_168377.jpg\",\"contentUrl\":\"https:\\\/\\\/www.webdo.tn\\\/fr\\\/wp-content\\\/uploads\\\/2025\\\/06\\\/Webdo-Tunisie_168377.jpg\",\"width\":301,\"height\":301,\"caption\":\"Webdo\"},\"image\":{\"@id\":\"https:\\\/\\\/www.webdo.tn\\\/fr\\\/#\\\/schema\\\/logo\\\/image\\\/\"},\"sameAs\":[\"https:\\\/\\\/www.facebook.com\\\/webdotn\",\"https:\\\/\\\/x.com\\\/webdo_tn\"],\"description\":\"Webdo est un m\u00e9dia num\u00e9rique tunisien fond\u00e9 en 2010, sp\u00e9cialis\u00e9 dans l\u2019actualit\u00e9 nationale et internationale, l\u2019\u00e9conomie, la soci\u00e9t\u00e9 et les analyses politiques. Le site s\u2019adresse \u00e0 un large public francophone et couvre l\u2019information tunisienne en temps r\u00e9el.\",\"email\":\"redac@webdo.tn\",\"legalName\":\"YNJ SARL\",\"foundingDate\":\"2010-09-06\",\"numberOfEmployees\":{\"@type\":\"QuantitativeValue\",\"minValue\":\"11\",\"maxValue\":\"50\"}},{\"@type\":\"Person\",\"@id\":\"https:\\\/\\\/www.webdo.tn\\\/fr\\\/#\\\/schema\\\/person\\\/2c4929cbf5a809e3bd38617c6ce150f6\",\"name\":\"MC\",\"image\":{\"@type\":\"ImageObject\",\"inLanguage\":\"fr-FR\",\"@id\":\"https:\\\/\\\/secure.gravatar.com\\\/avatar\\\/a545bbb6f84efdd5553dbbc2895e3ca8f1d12c5215e00a041c9670b54aa9b18a?s=96&d=mm&r=g\",\"url\":\"https:\\\/\\\/secure.gravatar.com\\\/avatar\\\/a545bbb6f84efdd5553dbbc2895e3ca8f1d12c5215e00a041c9670b54aa9b18a?s=96&d=mm&r=g\",\"contentUrl\":\"https:\\\/\\\/secure.gravatar.com\\\/avatar\\\/a545bbb6f84efdd5553dbbc2895e3ca8f1d12c5215e00a041c9670b54aa9b18a?s=96&d=mm&r=g\",\"caption\":\"MC\"},\"url\":\"https:\\\/\\\/www.webdo.tn\\\/fr\\\/actualite\\\/author\\\/mc\\\/\"}]}<\/script>\n<!-- \/ Yoast SEO Premium plugin. -->","yoast_head_json":{"title":"Tunisie : Kais Saied ordonne le r\u00e9\u00e9chelonnement des dettes des abonn\u00e9s de la STEG et de la SONEDE","description":"Le pr\u00e9sident de la R\u00e9publique, Kais Saied, a re\u00e7u ce lundi 17 f\u00e9vrier 2025, au Palais de Carthage, le PDG de la Soci\u00e9t\u00e9 Tunisienne de l'\u00c9lectricit\u00e9 et du Gaz (S...","canonical":"https:\/\/www.webdo.tn\/fr\/actualite\/national\/tunisie-kais-saied-ordonne-le-reechelonnement-des-dettes-des-abonnes-de-la-steg-et-de-la-sonede\/219901\/","og_locale":"fr_FR","og_type":"article","og_title":"Tunisie : Kais Saied ordonne le r\u00e9\u00e9chelonnement des dettes des abonn\u00e9s de la STEG et de la SONEDE","og_description":"Le pr\u00e9sident de la R\u00e9publique, Kais Saied, a re\u00e7u ce lundi 17 f\u00e9vrier 2025, au Palais de Carthage, le PDG de la Soci\u00e9t\u00e9 Tunisienne de l'\u00c9lectricit\u00e9 et du Gaz (S...","og_url":"https:\/\/www.webdo.tn\/fr\/actualite\/national\/tunisie-kais-saied-ordonne-le-reechelonnement-des-dettes-des-abonnes-de-la-steg-et-de-la-sonede\/219901\/","og_site_name":"webdo","article_publisher":"https:\/\/www.facebook.com\/webdotn","article_published_time":"2025-02-18T09:13:00+00:00","article_modified_time":"2025-05-20T21:42:50+00:00","og_image":[{"width":750,"height":400,"url":"https:\/\/www.webdo.tn\/fr\/wp-content\/uploads\/2025\/05\/cb7a99840f100ea2929d4ecc2888897b-2.webp","type":"image\/webp"}],"author":"MC","twitter_card":"summary_large_image","twitter_creator":"@webdo_tn","twitter_site":"@webdo_tn","twitter_misc":{"\u00c9crit par":"MC","Dur\u00e9e de lecture estim\u00e9e":"1 minute"},"schema":{"@context":"https:\/\/schema.org","@graph":[{"@type":"NewsArticle","@id":"https:\/\/www.webdo.tn\/fr\/actualite\/national\/tunisie-kais-saied-ordonne-le-reechelonnement-des-dettes-des-abonnes-de-la-steg-et-de-la-sonede\/219901\/#article","isPartOf":{"@id":"https:\/\/www.webdo.tn\/fr\/actualite\/national\/tunisie-kais-saied-ordonne-le-reechelonnement-des-dettes-des-abonnes-de-la-steg-et-de-la-sonede\/219901\/"},"author":{"name":"MC","@id":"https:\/\/www.webdo.tn\/fr\/#\/schema\/person\/2c4929cbf5a809e3bd38617c6ce150f6"},"headline":"Tunisie : Kais Saied ordonne le r\u00e9\u00e9chelonnement des dettes des abonn\u00e9s de la STEG et de la SONEDE","datePublished":"2025-02-18T09:13:00+00:00","dateModified":"2025-05-20T21:42:50+00:00","mainEntityOfPage":{"@id":"https:\/\/www.webdo.tn\/fr\/actualite\/national\/tunisie-kais-saied-ordonne-le-reechelonnement-des-dettes-des-abonnes-de-la-steg-et-de-la-sonede\/219901\/"},"wordCount":321,"commentCount":0,"publisher":{"@id":"https:\/\/www.webdo.tn\/fr\/#organization"},"image":{"@id":"https:\/\/www.webdo.tn\/fr\/actualite\/national\/tunisie-kais-saied-ordonne-le-reechelonnement-des-dettes-des-abonnes-de-la-steg-et-de-la-sonede\/219901\/#primaryimage"},"thumbnailUrl":"https:\/\/www.webdo.tn\/fr\/wp-content\/uploads\/2025\/05\/cb7a99840f100ea2929d4ecc2888897b-2.webp","keywords":["Dettes","Kais Saied","Sonede","steg","Tunisie"],"articleSection":["National"],"inLanguage":"fr-FR"},{"@type":"WebPage","@id":"https:\/\/www.webdo.tn\/fr\/actualite\/national\/tunisie-kais-saied-ordonne-le-reechelonnement-des-dettes-des-abonnes-de-la-steg-et-de-la-sonede\/219901\/","url":"https:\/\/www.webdo.tn\/fr\/actualite\/national\/tunisie-kais-saied-ordonne-le-reechelonnement-des-dettes-des-abonnes-de-la-steg-et-de-la-sonede\/219901\/","name":"Tunisie : Kais Saied ordonne le r\u00e9\u00e9chelonnement des dettes des abonn\u00e9s de la STEG et de la SONEDE","isPartOf":{"@id":"https:\/\/www.webdo.tn\/fr\/#website"},"primaryImageOfPage":{"@id":"https:\/\/www.webdo.tn\/fr\/actualite\/national\/tunisie-kais-saied-ordonne-le-reechelonnement-des-dettes-des-abonnes-de-la-steg-et-de-la-sonede\/219901\/#primaryimage"},"image":{"@id":"https:\/\/www.webdo.tn\/fr\/actualite\/national\/tunisie-kais-saied-ordonne-le-reechelonnement-des-dettes-des-abonnes-de-la-steg-et-de-la-sonede\/219901\/#primaryimage"},"thumbnailUrl":"https:\/\/www.webdo.tn\/fr\/wp-content\/uploads\/2025\/05\/cb7a99840f100ea2929d4ecc2888897b-2.webp","datePublished":"2025-02-18T09:13:00+00:00","dateModified":"2025-05-20T21:42:50+00:00","description":"Le pr\u00e9sident de la R\u00e9publique, Kais Saied, a re\u00e7u ce lundi 17 f\u00e9vrier 2025, au Palais de Carthage, le PDG de la Soci\u00e9t\u00e9 Tunisienne de l'\u00c9lectricit\u00e9 et du Gaz (S...","breadcrumb":{"@id":"https:\/\/www.webdo.tn\/fr\/actualite\/national\/tunisie-kais-saied-ordonne-le-reechelonnement-des-dettes-des-abonnes-de-la-steg-et-de-la-sonede\/219901\/#breadcrumb"},"inLanguage":"fr-FR","potentialAction":[{"@type":"ReadAction","target":["https:\/\/www.webdo.tn\/fr\/actualite\/national\/tunisie-kais-saied-ordonne-le-reechelonnement-des-dettes-des-abonnes-de-la-steg-et-de-la-sonede\/219901\/"]}]},{"@type":"ImageObject","inLanguage":"fr-FR","@id":"https:\/\/www.webdo.tn\/fr\/actualite\/national\/tunisie-kais-saied-ordonne-le-reechelonnement-des-dettes-des-abonnes-de-la-steg-et-de-la-sonede\/219901\/#primaryimage","url":"https:\/\/www.webdo.tn\/fr\/wp-content\/uploads\/2025\/05\/cb7a99840f100ea2929d4ecc2888897b-2.webp","contentUrl":"https:\/\/www.webdo.tn\/fr\/wp-content\/uploads\/2025\/05\/cb7a99840f100ea2929d4ecc2888897b-2.webp","width":750,"height":400},{"@type":"BreadcrumbList","@id":"https:\/\/www.webdo.tn\/fr\/actualite\/national\/tunisie-kais-saied-ordonne-le-reechelonnement-des-dettes-des-abonnes-de-la-steg-et-de-la-sonede\/219901\/#breadcrumb","itemListElement":[{"@type":"ListItem","position":1,"name":"Accueil","item":"https:\/\/www.webdo.tn\/fr\/"},{"@type":"ListItem","position":2,"name":"Tunisie : Kais Saied ordonne le r\u00e9\u00e9chelonnement des dettes des abonn\u00e9s de la STEG et de la SONEDE"}]},{"@type":"WebSite","@id":"https:\/\/www.webdo.tn\/fr\/#website","url":"https:\/\/www.webdo.tn\/fr\/","name":"webdo","description":"Tunisie - News en Tunisie et \u00e0 l&#039;international sur Webdo.tn","publisher":{"@id":"https:\/\/www.webdo.tn\/fr\/#organization"},"potentialAction":[{"@type":"SearchAction","target":{"@type":"EntryPoint","urlTemplate":"https:\/\/www.webdo.tn\/fr\/?s={search_term_string}"},"query-input":{"@type":"PropertyValueSpecification","valueRequired":true,"valueName":"search_term_string"}}],"inLanguage":"fr-FR"},{"@type":"Organization","@id":"https:\/\/www.webdo.tn\/fr\/#organization","name":"Webdo","alternateName":"Webdo.tn","url":"https:\/\/www.webdo.tn\/fr\/","logo":{"@type":"ImageObject","inLanguage":"fr-FR","@id":"https:\/\/www.webdo.tn\/fr\/#\/schema\/logo\/image\/","url":"https:\/\/www.webdo.tn\/fr\/wp-content\/uploads\/2025\/06\/Webdo-Tunisie_168377.jpg","contentUrl":"https:\/\/www.webdo.tn\/fr\/wp-content\/uploads\/2025\/06\/Webdo-Tunisie_168377.jpg","width":301,"height":301,"caption":"Webdo"},"image":{"@id":"https:\/\/www.webdo.tn\/fr\/#\/schema\/logo\/image\/"},"sameAs":["https:\/\/www.facebook.com\/webdotn","https:\/\/x.com\/webdo_tn"],"description":"Webdo est un m\u00e9dia num\u00e9rique tunisien fond\u00e9 en 2010, sp\u00e9cialis\u00e9 dans l\u2019actualit\u00e9 nationale et internationale, l\u2019\u00e9conomie, la soci\u00e9t\u00e9 et les analyses politiques. Le site s\u2019adresse \u00e0 un large public francophone et couvre l\u2019information tunisienne en temps r\u00e9el.","email":"redac@webdo.tn","legalName":"YNJ SARL","foundingDate":"2010-09-06","numberOfEmployees":{"@type":"QuantitativeValue","minValue":"11","maxValue":"50"}},{"@type":"Person","@id":"https:\/\/www.webdo.tn\/fr\/#\/schema\/person\/2c4929cbf5a809e3bd38617c6ce150f6","name":"MC","image":{"@type":"ImageObject","inLanguage":"fr-FR","@id":"https:\/\/secure.gravatar.com\/avatar\/a545bbb6f84efdd5553dbbc2895e3ca8f1d12c5215e00a041c9670b54aa9b18a?s=96&d=mm&r=g","url":"https:\/\/secure.gravatar.com\/avatar\/a545bbb6f84efdd5553dbbc2895e3ca8f1d12c5215e00a041c9670b54aa9b18a?s=96&d=mm&r=g","contentUrl":"https:\/\/secure.gravatar.com\/avatar\/a545bbb6f84efdd5553dbbc2895e3ca8f1d12c5215e00a041c9670b54aa9b18a?s=96&d=mm&r=g","caption":"MC"},"url":"https:\/\/www.webdo.tn\/fr\/actualite\/author\/mc\/"}]}},"_links":{"self":[{"href":"https:\/\/www.webdo.tn\/fr\/wp-json\/wp\/v2\/posts\/219901","targetHints":{"allow":["GET"]}}],"collection":[{"href":"https:\/\/www.webdo.tn\/fr\/wp-json\/wp\/v2\/posts"}],"about":[{"href":"https:\/\/www.webdo.tn\/fr\/wp-json\/wp\/v2\/types\/post"}],"author":[{"embeddable":true,"href":"https:\/\/www.webdo.tn\/fr\/wp-json\/wp\/v2\/users\/3162"}],"replies":[{"embeddable":true,"href":"https:\/\/www.webdo.tn\/fr\/wp-json\/wp\/v2\/comments?post=219901"}],"version-history":[{"count":0,"href":"https:\/\/www.webdo.tn\/fr\/wp-json\/wp\/v2\/posts\/219901\/revisions"}],"wp:featuredmedia":[{"embeddable":true,"href":"https:\/\/www.webdo.tn\/fr\/wp-json\/wp\/v2\/media\/242208"}],"wp:attachment":[{"href":"https:\/\/www.webdo.tn\/fr\/wp-json\/wp\/v2\/media?parent=219901"}],"wp:term":[{"taxonomy":"category","embeddable":true,"href":"https:\/\/www.webdo.tn\/fr\/wp-json\/wp\/v2\/categories?post=219901"},{"taxonomy":"post_tag","embeddable":true,"href":"https:\/\/www.webdo.tn\/fr\/wp-json\/wp\/v2\/tags?post=219901"}],"curies":[{"name":"wp","href":"https:\/\/api.w.org\/{rel}","templated":true}]}}