{"id":219868,"date":"2025-02-16T17:20:00","date_gmt":"2025-02-16T17:20:00","guid":{"rendered":"https:\/\/www.webdo.tn\/fr\/blog\/esperance-de-tunis-s-offre-sa-septieme-super-coupe\/219868\/"},"modified":"2025-05-21T09:08:44","modified_gmt":"2025-05-21T09:08:44","slug":"esperance-de-tunis-s-offre-sa-septieme-super-coupe","status":"publish","type":"post","link":"https:\/\/www.webdo.tn\/fr\/actualite\/sport\/esperance-de-tunis-s-offre-sa-septieme-super-coupe\/219868\/","title":{"rendered":"Septi\u00e8me Super Coupe pour l\u2019EST apr\u00e8s une victoire face au Stade Tunisien"},"content":{"rendered":"<p>L\u2019Esp\u00e9rance Sportive de Tunis a ajout\u00e9 un nouveau troph\u00e9e \u00e0 son palmar\u00e8s en remportant, ce dimanche, sa septi\u00e8me Super Coupe de Tunisie.<\/p>\n<p>\t\t\t\t\t\t\t\t\tApr\u00e8s une premi\u00e8re mi-temps \u00e9quilibr\u00e9e marqu\u00e9e par des tentatives de part et d\u2019autre, les Sang et Or ont fait la diff\u00e9rence en seconde p\u00e9riode.\u00a0<\/p>\n<p>Elias Mokwana a d\u00e9bloqu\u00e9 la situation \u00e0 la 59e minute, profitant d\u2019un service pr\u00e9cis d\u2019Achraf Jabri. Malgr\u00e9 quelques vell\u00e9it\u00e9s offensives du Stade Tunisien, notamment par Khalil Ayari, l\u2019Esp\u00e9rance a gard\u00e9 le contr\u00f4le du match.<\/p>\n<p>En fin de rencontre, Youcef Belaili a scell\u00e9 la victoire des siens en inscrivant un second but \u00e0 la 83e minute, an\u00e9antissant les espoirs adverses.<\/p>\n","protected":false},"excerpt":{"rendered":"<p>L\u2019Esp\u00e9rance de Tunis remporte sa 7\u1d49 Super Coupe de Tunisie gr\u00e2ce \u00e0 Elias Mokwana et Youcef Belaili, s\u2019imposant face au Stade Tunisien.<\/p>\n","protected":false},"author":3166,"featured_media":291904,"comment_status":"open","ping_status":"closed","sticky":false,"template":"","format":"standard","meta":{"footnotes":""},"categories":[2593],"tags":[10963,3893,2622,4600,2608],"class_list":["post-219868","post","type-post","status-publish","format-standard","has-post-thumbnail","hentry","category-sport","tag-super-coupe-de-tunisie","tag-es-tunis","tag-football","tag-stade-tunisien","tag-tunisie"],"yoast_head":"<!-- This site is optimized with the Yoast SEO Premium plugin v27.4 (Yoast SEO v27.5) - https:\/\/yoast.com\/product\/yoast-seo-premium-wordpress\/ -->\n<title>Septi\u00e8me Super Coupe pour l\u2019EST apr\u00e8s une victoire face au Stade Tunisien<\/title>\n<meta name=\"description\" content=\"L\u2019Esp\u00e9rance de Tunis remporte sa 7\u1d49 Super Coupe de Tunisie gr\u00e2ce \u00e0 Elias Mokwana et Youcef Belaili, s\u2019imposant face au Stade Tunisien.\" \/>\n<link rel=\"canonical\" href=\"https:\/\/www.webdo.tn\/fr\/actualite\/sport\/esperance-de-tunis-s-offre-sa-septieme-super-coupe\/219868\/\" \/>\n<meta property=\"og:locale\" content=\"fr_FR\" \/>\n<meta property=\"og:type\" content=\"article\" \/>\n<meta property=\"og:title\" content=\"Septi\u00e8me Super Coupe pour l\u2019EST apr\u00e8s une victoire face au Stade Tunisien\" \/>\n<meta property=\"og:description\" content=\"L\u2019Esp\u00e9rance de Tunis remporte sa 7\u1d49 Super Coupe de Tunisie gr\u00e2ce \u00e0 Elias Mokwana et Youcef Belaili, s\u2019imposant face au Stade Tunisien.\" \/>\n<meta property=\"og:url\" content=\"https:\/\/www.webdo.tn\/fr\/actualite\/sport\/esperance-de-tunis-s-offre-sa-septieme-super-coupe\/219868\/\" \/>\n<meta property=\"og:site_name\" content=\"webdo\" \/>\n<meta property=\"article:publisher\" content=\"https:\/\/www.facebook.com\/webdotn\" \/>\n<meta property=\"article:published_time\" content=\"2025-02-16T17:20:00+00:00\" \/>\n<meta property=\"article:modified_time\" content=\"2025-05-21T09:08:44+00:00\" \/>\n<meta property=\"og:image\" content=\"https:\/\/www.webdo.tn\/fr\/wp-content\/uploads\/2025\/02\/e33e011441ab1da667376278491b10e3.webp\" \/>\n\t<meta property=\"og:image:width\" content=\"750\" \/>\n\t<meta property=\"og:image:height\" content=\"400\" \/>\n\t<meta property=\"og:image:type\" content=\"image\/webp\" \/>\n<meta name=\"author\" content=\"AZ\" \/>\n<meta name=\"twitter:card\" content=\"summary_large_image\" \/>\n<meta name=\"twitter:creator\" content=\"@webdo_tn\" \/>\n<meta name=\"twitter:site\" content=\"@webdo_tn\" \/>\n<meta name=\"twitter:label1\" content=\"\u00c9crit par\" \/>\n\t<meta name=\"twitter:data1\" content=\"AZ\" \/>\n\t<meta name=\"twitter:label2\" content=\"Dur\u00e9e de lecture estim\u00e9e\" \/>\n\t<meta name=\"twitter:data2\" content=\"1 minute\" \/>\n<script type=\"application\/ld+json\" class=\"yoast-schema-graph\">{\"@context\":\"https:\\\/\\\/schema.org\",\"@graph\":[{\"@type\":\"NewsArticle\",\"@id\":\"https:\\\/\\\/www.webdo.tn\\\/fr\\\/actualite\\\/sport\\\/esperance-de-tunis-s-offre-sa-septieme-super-coupe\\\/219868\\\/#article\",\"isPartOf\":{\"@id\":\"https:\\\/\\\/www.webdo.tn\\\/fr\\\/actualite\\\/sport\\\/esperance-de-tunis-s-offre-sa-septieme-super-coupe\\\/219868\\\/\"},\"author\":{\"name\":\"AZ\",\"@id\":\"https:\\\/\\\/www.webdo.tn\\\/fr\\\/#\\\/schema\\\/person\\\/b8a41c04d93287d375510db360906b34\"},\"headline\":\"Septi\u00e8me Super Coupe pour l\u2019EST apr\u00e8s une victoire face au Stade Tunisien\",\"datePublished\":\"2025-02-16T17:20:00+00:00\",\"dateModified\":\"2025-05-21T09:08:44+00:00\",\"mainEntityOfPage\":{\"@id\":\"https:\\\/\\\/www.webdo.tn\\\/fr\\\/actualite\\\/sport\\\/esperance-de-tunis-s-offre-sa-septieme-super-coupe\\\/219868\\\/\"},\"wordCount\":139,\"commentCount\":0,\"publisher\":{\"@id\":\"https:\\\/\\\/www.webdo.tn\\\/fr\\\/#organization\"},\"image\":{\"@id\":\"https:\\\/\\\/www.webdo.tn\\\/fr\\\/actualite\\\/sport\\\/esperance-de-tunis-s-offre-sa-septieme-super-coupe\\\/219868\\\/#primaryimage\"},\"thumbnailUrl\":\"https:\\\/\\\/www.webdo.tn\\\/fr\\\/wp-content\\\/uploads\\\/2025\\\/02\\\/e33e011441ab1da667376278491b10e3.webp\",\"keywords\":[\"'Super coupe de Tunisie']\",\"ES Tunis\",\"football\",\"stade tunisien\",\"Tunisie\"],\"articleSection\":[\"Sport\"],\"inLanguage\":\"fr-FR\"},{\"@type\":\"WebPage\",\"@id\":\"https:\\\/\\\/www.webdo.tn\\\/fr\\\/actualite\\\/sport\\\/esperance-de-tunis-s-offre-sa-septieme-super-coupe\\\/219868\\\/\",\"url\":\"https:\\\/\\\/www.webdo.tn\\\/fr\\\/actualite\\\/sport\\\/esperance-de-tunis-s-offre-sa-septieme-super-coupe\\\/219868\\\/\",\"name\":\"Septi\u00e8me Super Coupe pour l\u2019EST apr\u00e8s une victoire face au Stade Tunisien\",\"isPartOf\":{\"@id\":\"https:\\\/\\\/www.webdo.tn\\\/fr\\\/#website\"},\"primaryImageOfPage\":{\"@id\":\"https:\\\/\\\/www.webdo.tn\\\/fr\\\/actualite\\\/sport\\\/esperance-de-tunis-s-offre-sa-septieme-super-coupe\\\/219868\\\/#primaryimage\"},\"image\":{\"@id\":\"https:\\\/\\\/www.webdo.tn\\\/fr\\\/actualite\\\/sport\\\/esperance-de-tunis-s-offre-sa-septieme-super-coupe\\\/219868\\\/#primaryimage\"},\"thumbnailUrl\":\"https:\\\/\\\/www.webdo.tn\\\/fr\\\/wp-content\\\/uploads\\\/2025\\\/02\\\/e33e011441ab1da667376278491b10e3.webp\",\"datePublished\":\"2025-02-16T17:20:00+00:00\",\"dateModified\":\"2025-05-21T09:08:44+00:00\",\"description\":\"L\u2019Esp\u00e9rance de Tunis remporte sa 7\u1d49 Super Coupe de Tunisie gr\u00e2ce \u00e0 Elias Mokwana et Youcef Belaili, s\u2019imposant face au Stade Tunisien.\",\"breadcrumb\":{\"@id\":\"https:\\\/\\\/www.webdo.tn\\\/fr\\\/actualite\\\/sport\\\/esperance-de-tunis-s-offre-sa-septieme-super-coupe\\\/219868\\\/#breadcrumb\"},\"inLanguage\":\"fr-FR\",\"potentialAction\":[{\"@type\":\"ReadAction\",\"target\":[\"https:\\\/\\\/www.webdo.tn\\\/fr\\\/actualite\\\/sport\\\/esperance-de-tunis-s-offre-sa-septieme-super-coupe\\\/219868\\\/\"]}]},{\"@type\":\"ImageObject\",\"inLanguage\":\"fr-FR\",\"@id\":\"https:\\\/\\\/www.webdo.tn\\\/fr\\\/actualite\\\/sport\\\/esperance-de-tunis-s-offre-sa-septieme-super-coupe\\\/219868\\\/#primaryimage\",\"url\":\"https:\\\/\\\/www.webdo.tn\\\/fr\\\/wp-content\\\/uploads\\\/2025\\\/02\\\/e33e011441ab1da667376278491b10e3.webp\",\"contentUrl\":\"https:\\\/\\\/www.webdo.tn\\\/fr\\\/wp-content\\\/uploads\\\/2025\\\/02\\\/e33e011441ab1da667376278491b10e3.webp\",\"width\":750,\"height\":400,\"caption\":\"Septi\u00e8me Super Coupe pour l\u2019EST apr\u00e8s une victoire face au Stade Tunisien\"},{\"@type\":\"BreadcrumbList\",\"@id\":\"https:\\\/\\\/www.webdo.tn\\\/fr\\\/actualite\\\/sport\\\/esperance-de-tunis-s-offre-sa-septieme-super-coupe\\\/219868\\\/#breadcrumb\",\"itemListElement\":[{\"@type\":\"ListItem\",\"position\":1,\"name\":\"Accueil\",\"item\":\"https:\\\/\\\/www.webdo.tn\\\/fr\\\/\"},{\"@type\":\"ListItem\",\"position\":2,\"name\":\"Septi\u00e8me Super Coupe pour l\u2019EST apr\u00e8s une victoire face au Stade Tunisien\"}]},{\"@type\":\"WebSite\",\"@id\":\"https:\\\/\\\/www.webdo.tn\\\/fr\\\/#website\",\"url\":\"https:\\\/\\\/www.webdo.tn\\\/fr\\\/\",\"name\":\"webdo\",\"description\":\"Tunisie - News en Tunisie et \u00e0 l&#039;international sur Webdo.tn\",\"publisher\":{\"@id\":\"https:\\\/\\\/www.webdo.tn\\\/fr\\\/#organization\"},\"potentialAction\":[{\"@type\":\"SearchAction\",\"target\":{\"@type\":\"EntryPoint\",\"urlTemplate\":\"https:\\\/\\\/www.webdo.tn\\\/fr\\\/?s={search_term_string}\"},\"query-input\":{\"@type\":\"PropertyValueSpecification\",\"valueRequired\":true,\"valueName\":\"search_term_string\"}}],\"inLanguage\":\"fr-FR\"},{\"@type\":\"Organization\",\"@id\":\"https:\\\/\\\/www.webdo.tn\\\/fr\\\/#organization\",\"name\":\"Webdo\",\"alternateName\":\"Webdo.tn\",\"url\":\"https:\\\/\\\/www.webdo.tn\\\/fr\\\/\",\"logo\":{\"@type\":\"ImageObject\",\"inLanguage\":\"fr-FR\",\"@id\":\"https:\\\/\\\/www.webdo.tn\\\/fr\\\/#\\\/schema\\\/logo\\\/image\\\/\",\"url\":\"https:\\\/\\\/www.webdo.tn\\\/fr\\\/wp-content\\\/uploads\\\/2025\\\/06\\\/Webdo-Tunisie_168377.jpg\",\"contentUrl\":\"https:\\\/\\\/www.webdo.tn\\\/fr\\\/wp-content\\\/uploads\\\/2025\\\/06\\\/Webdo-Tunisie_168377.jpg\",\"width\":301,\"height\":301,\"caption\":\"Webdo\"},\"image\":{\"@id\":\"https:\\\/\\\/www.webdo.tn\\\/fr\\\/#\\\/schema\\\/logo\\\/image\\\/\"},\"sameAs\":[\"https:\\\/\\\/www.facebook.com\\\/webdotn\",\"https:\\\/\\\/x.com\\\/webdo_tn\"],\"description\":\"Webdo est un m\u00e9dia num\u00e9rique tunisien fond\u00e9 en 2010, sp\u00e9cialis\u00e9 dans l\u2019actualit\u00e9 nationale et internationale, l\u2019\u00e9conomie, la soci\u00e9t\u00e9 et les analyses politiques. Le site s\u2019adresse \u00e0 un large public francophone et couvre l\u2019information tunisienne en temps r\u00e9el.\",\"email\":\"redac@webdo.tn\",\"legalName\":\"YNJ SARL\",\"foundingDate\":\"2010-09-06\",\"numberOfEmployees\":{\"@type\":\"QuantitativeValue\",\"minValue\":\"11\",\"maxValue\":\"50\"}},{\"@type\":\"Person\",\"@id\":\"https:\\\/\\\/www.webdo.tn\\\/fr\\\/#\\\/schema\\\/person\\\/b8a41c04d93287d375510db360906b34\",\"name\":\"AZ\",\"image\":{\"@type\":\"ImageObject\",\"inLanguage\":\"fr-FR\",\"@id\":\"https:\\\/\\\/secure.gravatar.com\\\/avatar\\\/492b80bada79439de4201dce15cd41eece6c277cfdf1b53382073c79105c1f89?s=96&d=mm&r=g\",\"url\":\"https:\\\/\\\/secure.gravatar.com\\\/avatar\\\/492b80bada79439de4201dce15cd41eece6c277cfdf1b53382073c79105c1f89?s=96&d=mm&r=g\",\"contentUrl\":\"https:\\\/\\\/secure.gravatar.com\\\/avatar\\\/492b80bada79439de4201dce15cd41eece6c277cfdf1b53382073c79105c1f89?s=96&d=mm&r=g\",\"caption\":\"AZ\"},\"url\":\"https:\\\/\\\/www.webdo.tn\\\/fr\\\/actualite\\\/author\\\/az\\\/\"}]}<\/script>\n<!-- \/ Yoast SEO Premium plugin. -->","yoast_head_json":{"title":"Septi\u00e8me Super Coupe pour l\u2019EST apr\u00e8s une victoire face au Stade Tunisien","description":"L\u2019Esp\u00e9rance de Tunis remporte sa 7\u1d49 Super Coupe de Tunisie gr\u00e2ce \u00e0 Elias Mokwana et Youcef Belaili, s\u2019imposant face au Stade Tunisien.","canonical":"https:\/\/www.webdo.tn\/fr\/actualite\/sport\/esperance-de-tunis-s-offre-sa-septieme-super-coupe\/219868\/","og_locale":"fr_FR","og_type":"article","og_title":"Septi\u00e8me Super Coupe pour l\u2019EST apr\u00e8s une victoire face au Stade Tunisien","og_description":"L\u2019Esp\u00e9rance de Tunis remporte sa 7\u1d49 Super Coupe de Tunisie gr\u00e2ce \u00e0 Elias Mokwana et Youcef Belaili, s\u2019imposant face au Stade Tunisien.","og_url":"https:\/\/www.webdo.tn\/fr\/actualite\/sport\/esperance-de-tunis-s-offre-sa-septieme-super-coupe\/219868\/","og_site_name":"webdo","article_publisher":"https:\/\/www.facebook.com\/webdotn","article_published_time":"2025-02-16T17:20:00+00:00","article_modified_time":"2025-05-21T09:08:44+00:00","og_image":[{"width":750,"height":400,"url":"https:\/\/www.webdo.tn\/fr\/wp-content\/uploads\/2025\/02\/e33e011441ab1da667376278491b10e3.webp","type":"image\/webp"}],"author":"AZ","twitter_card":"summary_large_image","twitter_creator":"@webdo_tn","twitter_site":"@webdo_tn","twitter_misc":{"\u00c9crit par":"AZ","Dur\u00e9e de lecture estim\u00e9e":"1 minute"},"schema":{"@context":"https:\/\/schema.org","@graph":[{"@type":"NewsArticle","@id":"https:\/\/www.webdo.tn\/fr\/actualite\/sport\/esperance-de-tunis-s-offre-sa-septieme-super-coupe\/219868\/#article","isPartOf":{"@id":"https:\/\/www.webdo.tn\/fr\/actualite\/sport\/esperance-de-tunis-s-offre-sa-septieme-super-coupe\/219868\/"},"author":{"name":"AZ","@id":"https:\/\/www.webdo.tn\/fr\/#\/schema\/person\/b8a41c04d93287d375510db360906b34"},"headline":"Septi\u00e8me Super Coupe pour l\u2019EST apr\u00e8s une victoire face au Stade Tunisien","datePublished":"2025-02-16T17:20:00+00:00","dateModified":"2025-05-21T09:08:44+00:00","mainEntityOfPage":{"@id":"https:\/\/www.webdo.tn\/fr\/actualite\/sport\/esperance-de-tunis-s-offre-sa-septieme-super-coupe\/219868\/"},"wordCount":139,"commentCount":0,"publisher":{"@id":"https:\/\/www.webdo.tn\/fr\/#organization"},"image":{"@id":"https:\/\/www.webdo.tn\/fr\/actualite\/sport\/esperance-de-tunis-s-offre-sa-septieme-super-coupe\/219868\/#primaryimage"},"thumbnailUrl":"https:\/\/www.webdo.tn\/fr\/wp-content\/uploads\/2025\/02\/e33e011441ab1da667376278491b10e3.webp","keywords":["'Super coupe de Tunisie']","ES Tunis","football","stade tunisien","Tunisie"],"articleSection":["Sport"],"inLanguage":"fr-FR"},{"@type":"WebPage","@id":"https:\/\/www.webdo.tn\/fr\/actualite\/sport\/esperance-de-tunis-s-offre-sa-septieme-super-coupe\/219868\/","url":"https:\/\/www.webdo.tn\/fr\/actualite\/sport\/esperance-de-tunis-s-offre-sa-septieme-super-coupe\/219868\/","name":"Septi\u00e8me Super Coupe pour l\u2019EST apr\u00e8s une victoire face au Stade Tunisien","isPartOf":{"@id":"https:\/\/www.webdo.tn\/fr\/#website"},"primaryImageOfPage":{"@id":"https:\/\/www.webdo.tn\/fr\/actualite\/sport\/esperance-de-tunis-s-offre-sa-septieme-super-coupe\/219868\/#primaryimage"},"image":{"@id":"https:\/\/www.webdo.tn\/fr\/actualite\/sport\/esperance-de-tunis-s-offre-sa-septieme-super-coupe\/219868\/#primaryimage"},"thumbnailUrl":"https:\/\/www.webdo.tn\/fr\/wp-content\/uploads\/2025\/02\/e33e011441ab1da667376278491b10e3.webp","datePublished":"2025-02-16T17:20:00+00:00","dateModified":"2025-05-21T09:08:44+00:00","description":"L\u2019Esp\u00e9rance de Tunis remporte sa 7\u1d49 Super Coupe de Tunisie gr\u00e2ce \u00e0 Elias Mokwana et Youcef Belaili, s\u2019imposant face au Stade Tunisien.","breadcrumb":{"@id":"https:\/\/www.webdo.tn\/fr\/actualite\/sport\/esperance-de-tunis-s-offre-sa-septieme-super-coupe\/219868\/#breadcrumb"},"inLanguage":"fr-FR","potentialAction":[{"@type":"ReadAction","target":["https:\/\/www.webdo.tn\/fr\/actualite\/sport\/esperance-de-tunis-s-offre-sa-septieme-super-coupe\/219868\/"]}]},{"@type":"ImageObject","inLanguage":"fr-FR","@id":"https:\/\/www.webdo.tn\/fr\/actualite\/sport\/esperance-de-tunis-s-offre-sa-septieme-super-coupe\/219868\/#primaryimage","url":"https:\/\/www.webdo.tn\/fr\/wp-content\/uploads\/2025\/02\/e33e011441ab1da667376278491b10e3.webp","contentUrl":"https:\/\/www.webdo.tn\/fr\/wp-content\/uploads\/2025\/02\/e33e011441ab1da667376278491b10e3.webp","width":750,"height":400,"caption":"Septi\u00e8me Super Coupe pour l\u2019EST apr\u00e8s une victoire face au Stade Tunisien"},{"@type":"BreadcrumbList","@id":"https:\/\/www.webdo.tn\/fr\/actualite\/sport\/esperance-de-tunis-s-offre-sa-septieme-super-coupe\/219868\/#breadcrumb","itemListElement":[{"@type":"ListItem","position":1,"name":"Accueil","item":"https:\/\/www.webdo.tn\/fr\/"},{"@type":"ListItem","position":2,"name":"Septi\u00e8me Super Coupe pour l\u2019EST apr\u00e8s une victoire face au Stade Tunisien"}]},{"@type":"WebSite","@id":"https:\/\/www.webdo.tn\/fr\/#website","url":"https:\/\/www.webdo.tn\/fr\/","name":"webdo","description":"Tunisie - News en Tunisie et \u00e0 l&#039;international sur Webdo.tn","publisher":{"@id":"https:\/\/www.webdo.tn\/fr\/#organization"},"potentialAction":[{"@type":"SearchAction","target":{"@type":"EntryPoint","urlTemplate":"https:\/\/www.webdo.tn\/fr\/?s={search_term_string}"},"query-input":{"@type":"PropertyValueSpecification","valueRequired":true,"valueName":"search_term_string"}}],"inLanguage":"fr-FR"},{"@type":"Organization","@id":"https:\/\/www.webdo.tn\/fr\/#organization","name":"Webdo","alternateName":"Webdo.tn","url":"https:\/\/www.webdo.tn\/fr\/","logo":{"@type":"ImageObject","inLanguage":"fr-FR","@id":"https:\/\/www.webdo.tn\/fr\/#\/schema\/logo\/image\/","url":"https:\/\/www.webdo.tn\/fr\/wp-content\/uploads\/2025\/06\/Webdo-Tunisie_168377.jpg","contentUrl":"https:\/\/www.webdo.tn\/fr\/wp-content\/uploads\/2025\/06\/Webdo-Tunisie_168377.jpg","width":301,"height":301,"caption":"Webdo"},"image":{"@id":"https:\/\/www.webdo.tn\/fr\/#\/schema\/logo\/image\/"},"sameAs":["https:\/\/www.facebook.com\/webdotn","https:\/\/x.com\/webdo_tn"],"description":"Webdo est un m\u00e9dia num\u00e9rique tunisien fond\u00e9 en 2010, sp\u00e9cialis\u00e9 dans l\u2019actualit\u00e9 nationale et internationale, l\u2019\u00e9conomie, la soci\u00e9t\u00e9 et les analyses politiques. Le site s\u2019adresse \u00e0 un large public francophone et couvre l\u2019information tunisienne en temps r\u00e9el.","email":"redac@webdo.tn","legalName":"YNJ SARL","foundingDate":"2010-09-06","numberOfEmployees":{"@type":"QuantitativeValue","minValue":"11","maxValue":"50"}},{"@type":"Person","@id":"https:\/\/www.webdo.tn\/fr\/#\/schema\/person\/b8a41c04d93287d375510db360906b34","name":"AZ","image":{"@type":"ImageObject","inLanguage":"fr-FR","@id":"https:\/\/secure.gravatar.com\/avatar\/492b80bada79439de4201dce15cd41eece6c277cfdf1b53382073c79105c1f89?s=96&d=mm&r=g","url":"https:\/\/secure.gravatar.com\/avatar\/492b80bada79439de4201dce15cd41eece6c277cfdf1b53382073c79105c1f89?s=96&d=mm&r=g","contentUrl":"https:\/\/secure.gravatar.com\/avatar\/492b80bada79439de4201dce15cd41eece6c277cfdf1b53382073c79105c1f89?s=96&d=mm&r=g","caption":"AZ"},"url":"https:\/\/www.webdo.tn\/fr\/actualite\/author\/az\/"}]}},"_links":{"self":[{"href":"https:\/\/www.webdo.tn\/fr\/wp-json\/wp\/v2\/posts\/219868","targetHints":{"allow":["GET"]}}],"collection":[{"href":"https:\/\/www.webdo.tn\/fr\/wp-json\/wp\/v2\/posts"}],"about":[{"href":"https:\/\/www.webdo.tn\/fr\/wp-json\/wp\/v2\/types\/post"}],"author":[{"embeddable":true,"href":"https:\/\/www.webdo.tn\/fr\/wp-json\/wp\/v2\/users\/3166"}],"replies":[{"embeddable":true,"href":"https:\/\/www.webdo.tn\/fr\/wp-json\/wp\/v2\/comments?post=219868"}],"version-history":[{"count":0,"href":"https:\/\/www.webdo.tn\/fr\/wp-json\/wp\/v2\/posts\/219868\/revisions"}],"wp:featuredmedia":[{"embeddable":true,"href":"https:\/\/www.webdo.tn\/fr\/wp-json\/wp\/v2\/media\/291904"}],"wp:attachment":[{"href":"https:\/\/www.webdo.tn\/fr\/wp-json\/wp\/v2\/media?parent=219868"}],"wp:term":[{"taxonomy":"category","embeddable":true,"href":"https:\/\/www.webdo.tn\/fr\/wp-json\/wp\/v2\/categories?post=219868"},{"taxonomy":"post_tag","embeddable":true,"href":"https:\/\/www.webdo.tn\/fr\/wp-json\/wp\/v2\/tags?post=219868"}],"curies":[{"name":"wp","href":"https:\/\/api.w.org\/{rel}","templated":true}]}}