{"id":219865,"date":"2025-02-16T11:59:00","date_gmt":"2025-02-16T11:59:00","guid":{"rendered":"https:\/\/www.webdo.tn\/fr\/blog\/ctn-reductions-pour-les-tunisiens-residents-a-l-etranger-pour-l-ete-2025\/219865\/"},"modified":"2025-05-21T09:08:44","modified_gmt":"2025-05-21T09:08:44","slug":"ctn-reductions-pour-les-tunisiens-residents-a-l-etranger-pour-l-ete-2025","status":"publish","type":"post","link":"https:\/\/www.webdo.tn\/fr\/actualite\/national\/ctn-reductions-pour-les-tunisiens-residents-a-l-etranger-pour-l-ete-2025\/219865\/","title":{"rendered":"CTN : R\u00e9ductions pour les Tunisiens r\u00e9sidents \u00e0 l&rsquo;\u00e9tranger pour l&rsquo;\u00e9t\u00e9 2025"},"content":{"rendered":"<p>La Compagnie Tunisienne de Navigation (CTN) a lanc\u00e9 les r\u00e9servations pour la saison estivale 2025 depuis le 18 d\u00e9cembre 2024, proposant des tarifs avantageux dans le cadre de sa politique commerciale.<\/p>\n<p>\t\t\t\t\t\t\t\t\tDans un communiqu\u00e9 publi\u00e9 sur sa page Facebook, la CTN rappelle que plusieurs offres tarifaires avantageuses sont d\u00e9sormais disponibles, dans le cadre de sa politique commerciale :<\/p>\n<p>\tTarif Early Booking (Amiti\u00e9s) : une r\u00e9duction de 25% \u00e0 39% par rapport au tarif normal pour les r\u00e9servations anticip\u00e9es.<br \/>\n\tTarif Famille : r\u00e9serv\u00e9 aux familles de 3 \u00e0 7 membres, incluant un enfant, avec une r\u00e9duction de 20% \u00e0 33% par rapport au tarif standard.<br \/>\n\tTarif Corail : disponible toute l\u2019ann\u00e9e, avec une r\u00e9duction de 14% \u00e0 31% par rapport au tarif habituel.<br \/>\n\tTarif Bienvenue : destin\u00e9 aux passagers sans v\u00e9hicule, avec une r\u00e9duction de 38% \u00e0 40%.<\/p>\n<p>Cette ann\u00e9e, la CTN introduit \u00e9galement un nouveau tarif Early Booking (SPOT), valable pour des places limit\u00e9es sur les travers\u00e9es d\u2019hiver, de printemps et plusieurs travers\u00e9es estivales, offrant des r\u00e9ductions pouvant atteindre 44% sur la ligne de Marseille et 46% sur la ligne de G\u00eanes par rapport aux tarifs habituels.<\/p>\n<p>En outre, la CTN annonce une r\u00e9duction de 17% sur les cartes de recharge Internet \u00e0 bord des navires durant l\u2019\u00e9t\u00e9, afin de faciliter la communication des voyageurs.<\/p>\n<p>Dans le cadre de sa politique sociale, et en collaboration avec le Bureau des Tunisiens \u00e0 l\u2019\u00c9tranger, la CTN met en place des r\u00e9ductions exceptionnelles pour environ 1300 familles \u00e0 revenus modestes (8000 personnes et 1300 v\u00e9hicules). Ces familles b\u00e9n\u00e9ficieront de tarifs r\u00e9duits \u00e0 partir de 1372 \u20ac pour la ligne Marseille et 1199 \u20ac pour la ligne G\u00eanes, r\u00e9partis sur plusieurs travers\u00e9es. Les offres concernent les familles compos\u00e9es de 3 ou 4 membres, incluant un enfant et une voiture.<\/p>\n<p>Pour toute information compl\u00e9mentaire, les voyageurs peuvent contacter les agences et services de la CTN.<\/p>\n","protected":false},"excerpt":{"rendered":"<p>Les r\u00e9servations pour la saison estivale 2025 de la Compagnie Tunisienne de Navigation (CTN) ont d\u00e9but\u00e9 le 18 d\u00e9cembre 2024, avec des tarifs avantageux pour fac&#8230;<\/p>\n","protected":false},"author":3166,"featured_media":291905,"comment_status":"open","ping_status":"closed","sticky":false,"template":"","format":"standard","meta":{"footnotes":""},"categories":[44],"tags":[4086,2608,4210],"class_list":["post-219865","post","type-post","status-publish","format-standard","has-post-thumbnail","hentry","category-national","tag-ctn","tag-tunisie","tag-tunisiens-a-letranger"],"yoast_head":"<!-- This site is optimized with the Yoast SEO Premium plugin v27.5 (Yoast SEO v27.5) - https:\/\/yoast.com\/product\/yoast-seo-premium-wordpress\/ -->\n<title>CTN : R\u00e9ductions pour les Tunisiens r\u00e9sidents \u00e0 l&#039;\u00e9tranger pour l&#039;\u00e9t\u00e9 2025<\/title>\n<meta name=\"description\" content=\"Les r\u00e9servations pour la saison estivale 2025 de la Compagnie Tunisienne de Navigation (CTN) ont d\u00e9but\u00e9 le 18 d\u00e9cembre 2024, avec des tarifs avantageux pour fac...\" \/>\n<link rel=\"canonical\" href=\"https:\/\/www.webdo.tn\/fr\/actualite\/national\/ctn-reductions-pour-les-tunisiens-residents-a-l-etranger-pour-l-ete-2025\/219865\/\" \/>\n<meta property=\"og:locale\" content=\"fr_FR\" \/>\n<meta property=\"og:type\" content=\"article\" \/>\n<meta property=\"og:title\" content=\"CTN : R\u00e9ductions pour les Tunisiens r\u00e9sidents \u00e0 l&#039;\u00e9tranger pour l&#039;\u00e9t\u00e9 2025\" \/>\n<meta property=\"og:description\" content=\"Les r\u00e9servations pour la saison estivale 2025 de la Compagnie Tunisienne de Navigation (CTN) ont d\u00e9but\u00e9 le 18 d\u00e9cembre 2024, avec des tarifs avantageux pour fac...\" \/>\n<meta property=\"og:url\" content=\"https:\/\/www.webdo.tn\/fr\/actualite\/national\/ctn-reductions-pour-les-tunisiens-residents-a-l-etranger-pour-l-ete-2025\/219865\/\" \/>\n<meta property=\"og:site_name\" content=\"webdo\" \/>\n<meta property=\"article:publisher\" content=\"https:\/\/www.facebook.com\/webdotn\" \/>\n<meta property=\"article:published_time\" content=\"2025-02-16T11:59:00+00:00\" \/>\n<meta property=\"article:modified_time\" content=\"2025-05-21T09:08:44+00:00\" \/>\n<meta property=\"og:image\" content=\"https:\/\/www.webdo.tn\/fr\/wp-content\/uploads\/2025\/02\/bd2366014f3514dd2665d2478bb54957.webp\" \/>\n\t<meta property=\"og:image:width\" content=\"750\" \/>\n\t<meta property=\"og:image:height\" content=\"400\" \/>\n\t<meta property=\"og:image:type\" content=\"image\/webp\" \/>\n<meta name=\"author\" content=\"AZ\" \/>\n<meta name=\"twitter:card\" content=\"summary_large_image\" \/>\n<meta name=\"twitter:creator\" content=\"@webdo_tn\" \/>\n<meta name=\"twitter:site\" content=\"@webdo_tn\" \/>\n<meta name=\"twitter:label1\" content=\"\u00c9crit par\" \/>\n\t<meta name=\"twitter:data1\" content=\"AZ\" \/>\n\t<meta name=\"twitter:label2\" content=\"Dur\u00e9e de lecture estim\u00e9e\" \/>\n\t<meta name=\"twitter:data2\" content=\"2 minutes\" \/>\n<script type=\"application\/ld+json\" class=\"yoast-schema-graph\">{\"@context\":\"https:\\\/\\\/schema.org\",\"@graph\":[{\"@type\":\"NewsArticle\",\"@id\":\"https:\\\/\\\/www.webdo.tn\\\/fr\\\/actualite\\\/national\\\/ctn-reductions-pour-les-tunisiens-residents-a-l-etranger-pour-l-ete-2025\\\/219865\\\/#article\",\"isPartOf\":{\"@id\":\"https:\\\/\\\/www.webdo.tn\\\/fr\\\/actualite\\\/national\\\/ctn-reductions-pour-les-tunisiens-residents-a-l-etranger-pour-l-ete-2025\\\/219865\\\/\"},\"author\":{\"name\":\"AZ\",\"@id\":\"https:\\\/\\\/www.webdo.tn\\\/fr\\\/#\\\/schema\\\/person\\\/b8a41c04d93287d375510db360906b34\"},\"headline\":\"CTN : R\u00e9ductions pour les Tunisiens r\u00e9sidents \u00e0 l&rsquo;\u00e9tranger pour l&rsquo;\u00e9t\u00e9 2025\",\"datePublished\":\"2025-02-16T11:59:00+00:00\",\"dateModified\":\"2025-05-21T09:08:44+00:00\",\"mainEntityOfPage\":{\"@id\":\"https:\\\/\\\/www.webdo.tn\\\/fr\\\/actualite\\\/national\\\/ctn-reductions-pour-les-tunisiens-residents-a-l-etranger-pour-l-ete-2025\\\/219865\\\/\"},\"wordCount\":318,\"commentCount\":0,\"publisher\":{\"@id\":\"https:\\\/\\\/www.webdo.tn\\\/fr\\\/#organization\"},\"image\":{\"@id\":\"https:\\\/\\\/www.webdo.tn\\\/fr\\\/actualite\\\/national\\\/ctn-reductions-pour-les-tunisiens-residents-a-l-etranger-pour-l-ete-2025\\\/219865\\\/#primaryimage\"},\"thumbnailUrl\":\"https:\\\/\\\/www.webdo.tn\\\/fr\\\/wp-content\\\/uploads\\\/2025\\\/02\\\/bd2366014f3514dd2665d2478bb54957.webp\",\"keywords\":[\"CTN\",\"Tunisie\",\"tunisiens \u00e0 l'\u00e9tranger\"],\"articleSection\":[\"National\"],\"inLanguage\":\"fr-FR\"},{\"@type\":\"WebPage\",\"@id\":\"https:\\\/\\\/www.webdo.tn\\\/fr\\\/actualite\\\/national\\\/ctn-reductions-pour-les-tunisiens-residents-a-l-etranger-pour-l-ete-2025\\\/219865\\\/\",\"url\":\"https:\\\/\\\/www.webdo.tn\\\/fr\\\/actualite\\\/national\\\/ctn-reductions-pour-les-tunisiens-residents-a-l-etranger-pour-l-ete-2025\\\/219865\\\/\",\"name\":\"CTN : R\u00e9ductions pour les Tunisiens r\u00e9sidents \u00e0 l'\u00e9tranger pour l'\u00e9t\u00e9 2025\",\"isPartOf\":{\"@id\":\"https:\\\/\\\/www.webdo.tn\\\/fr\\\/#website\"},\"primaryImageOfPage\":{\"@id\":\"https:\\\/\\\/www.webdo.tn\\\/fr\\\/actualite\\\/national\\\/ctn-reductions-pour-les-tunisiens-residents-a-l-etranger-pour-l-ete-2025\\\/219865\\\/#primaryimage\"},\"image\":{\"@id\":\"https:\\\/\\\/www.webdo.tn\\\/fr\\\/actualite\\\/national\\\/ctn-reductions-pour-les-tunisiens-residents-a-l-etranger-pour-l-ete-2025\\\/219865\\\/#primaryimage\"},\"thumbnailUrl\":\"https:\\\/\\\/www.webdo.tn\\\/fr\\\/wp-content\\\/uploads\\\/2025\\\/02\\\/bd2366014f3514dd2665d2478bb54957.webp\",\"datePublished\":\"2025-02-16T11:59:00+00:00\",\"dateModified\":\"2025-05-21T09:08:44+00:00\",\"description\":\"Les r\u00e9servations pour la saison estivale 2025 de la Compagnie Tunisienne de Navigation (CTN) ont d\u00e9but\u00e9 le 18 d\u00e9cembre 2024, avec des tarifs avantageux pour fac...\",\"breadcrumb\":{\"@id\":\"https:\\\/\\\/www.webdo.tn\\\/fr\\\/actualite\\\/national\\\/ctn-reductions-pour-les-tunisiens-residents-a-l-etranger-pour-l-ete-2025\\\/219865\\\/#breadcrumb\"},\"inLanguage\":\"fr-FR\",\"potentialAction\":[{\"@type\":\"ReadAction\",\"target\":[\"https:\\\/\\\/www.webdo.tn\\\/fr\\\/actualite\\\/national\\\/ctn-reductions-pour-les-tunisiens-residents-a-l-etranger-pour-l-ete-2025\\\/219865\\\/\"]}]},{\"@type\":\"ImageObject\",\"inLanguage\":\"fr-FR\",\"@id\":\"https:\\\/\\\/www.webdo.tn\\\/fr\\\/actualite\\\/national\\\/ctn-reductions-pour-les-tunisiens-residents-a-l-etranger-pour-l-ete-2025\\\/219865\\\/#primaryimage\",\"url\":\"https:\\\/\\\/www.webdo.tn\\\/fr\\\/wp-content\\\/uploads\\\/2025\\\/02\\\/bd2366014f3514dd2665d2478bb54957.webp\",\"contentUrl\":\"https:\\\/\\\/www.webdo.tn\\\/fr\\\/wp-content\\\/uploads\\\/2025\\\/02\\\/bd2366014f3514dd2665d2478bb54957.webp\",\"width\":750,\"height\":400,\"caption\":\"CTN : R\u00e9ductions pour les Tunisiens r\u00e9sidents \u00e0 l'\u00e9tranger pour l'\u00e9t\u00e9 2025\"},{\"@type\":\"BreadcrumbList\",\"@id\":\"https:\\\/\\\/www.webdo.tn\\\/fr\\\/actualite\\\/national\\\/ctn-reductions-pour-les-tunisiens-residents-a-l-etranger-pour-l-ete-2025\\\/219865\\\/#breadcrumb\",\"itemListElement\":[{\"@type\":\"ListItem\",\"position\":1,\"name\":\"Accueil\",\"item\":\"https:\\\/\\\/www.webdo.tn\\\/fr\\\/\"},{\"@type\":\"ListItem\",\"position\":2,\"name\":\"CTN : R\u00e9ductions pour les Tunisiens r\u00e9sidents \u00e0 l&rsquo;\u00e9tranger pour l&rsquo;\u00e9t\u00e9 2025\"}]},{\"@type\":\"WebSite\",\"@id\":\"https:\\\/\\\/www.webdo.tn\\\/fr\\\/#website\",\"url\":\"https:\\\/\\\/www.webdo.tn\\\/fr\\\/\",\"name\":\"webdo\",\"description\":\"Tunisie - News en Tunisie et \u00e0 l&#039;international sur Webdo.tn\",\"publisher\":{\"@id\":\"https:\\\/\\\/www.webdo.tn\\\/fr\\\/#organization\"},\"potentialAction\":[{\"@type\":\"SearchAction\",\"target\":{\"@type\":\"EntryPoint\",\"urlTemplate\":\"https:\\\/\\\/www.webdo.tn\\\/fr\\\/?s={search_term_string}\"},\"query-input\":{\"@type\":\"PropertyValueSpecification\",\"valueRequired\":true,\"valueName\":\"search_term_string\"}}],\"inLanguage\":\"fr-FR\"},{\"@type\":\"Organization\",\"@id\":\"https:\\\/\\\/www.webdo.tn\\\/fr\\\/#organization\",\"name\":\"Webdo\",\"alternateName\":\"Webdo.tn\",\"url\":\"https:\\\/\\\/www.webdo.tn\\\/fr\\\/\",\"logo\":{\"@type\":\"ImageObject\",\"inLanguage\":\"fr-FR\",\"@id\":\"https:\\\/\\\/www.webdo.tn\\\/fr\\\/#\\\/schema\\\/logo\\\/image\\\/\",\"url\":\"https:\\\/\\\/www.webdo.tn\\\/fr\\\/wp-content\\\/uploads\\\/2025\\\/06\\\/Webdo-Tunisie_168377.jpg\",\"contentUrl\":\"https:\\\/\\\/www.webdo.tn\\\/fr\\\/wp-content\\\/uploads\\\/2025\\\/06\\\/Webdo-Tunisie_168377.jpg\",\"width\":301,\"height\":301,\"caption\":\"Webdo\"},\"image\":{\"@id\":\"https:\\\/\\\/www.webdo.tn\\\/fr\\\/#\\\/schema\\\/logo\\\/image\\\/\"},\"sameAs\":[\"https:\\\/\\\/www.facebook.com\\\/webdotn\",\"https:\\\/\\\/x.com\\\/webdo_tn\"],\"description\":\"Webdo est un m\u00e9dia num\u00e9rique tunisien fond\u00e9 en 2010, sp\u00e9cialis\u00e9 dans l\u2019actualit\u00e9 nationale et internationale, l\u2019\u00e9conomie, la soci\u00e9t\u00e9 et les analyses politiques. Le site s\u2019adresse \u00e0 un large public francophone et couvre l\u2019information tunisienne en temps r\u00e9el.\",\"email\":\"redac@webdo.tn\",\"legalName\":\"YNJ SARL\",\"foundingDate\":\"2010-09-06\",\"numberOfEmployees\":{\"@type\":\"QuantitativeValue\",\"minValue\":\"11\",\"maxValue\":\"50\"}},{\"@type\":\"Person\",\"@id\":\"https:\\\/\\\/www.webdo.tn\\\/fr\\\/#\\\/schema\\\/person\\\/b8a41c04d93287d375510db360906b34\",\"name\":\"AZ\",\"image\":{\"@type\":\"ImageObject\",\"inLanguage\":\"fr-FR\",\"@id\":\"https:\\\/\\\/secure.gravatar.com\\\/avatar\\\/492b80bada79439de4201dce15cd41eece6c277cfdf1b53382073c79105c1f89?s=96&d=mm&r=g\",\"url\":\"https:\\\/\\\/secure.gravatar.com\\\/avatar\\\/492b80bada79439de4201dce15cd41eece6c277cfdf1b53382073c79105c1f89?s=96&d=mm&r=g\",\"contentUrl\":\"https:\\\/\\\/secure.gravatar.com\\\/avatar\\\/492b80bada79439de4201dce15cd41eece6c277cfdf1b53382073c79105c1f89?s=96&d=mm&r=g\",\"caption\":\"AZ\"},\"url\":\"https:\\\/\\\/www.webdo.tn\\\/fr\\\/actualite\\\/author\\\/az\\\/\"}]}<\/script>\n<!-- \/ Yoast SEO Premium plugin. -->","yoast_head_json":{"title":"CTN : R\u00e9ductions pour les Tunisiens r\u00e9sidents \u00e0 l'\u00e9tranger pour l'\u00e9t\u00e9 2025","description":"Les r\u00e9servations pour la saison estivale 2025 de la Compagnie Tunisienne de Navigation (CTN) ont d\u00e9but\u00e9 le 18 d\u00e9cembre 2024, avec des tarifs avantageux pour fac...","canonical":"https:\/\/www.webdo.tn\/fr\/actualite\/national\/ctn-reductions-pour-les-tunisiens-residents-a-l-etranger-pour-l-ete-2025\/219865\/","og_locale":"fr_FR","og_type":"article","og_title":"CTN : R\u00e9ductions pour les Tunisiens r\u00e9sidents \u00e0 l'\u00e9tranger pour l'\u00e9t\u00e9 2025","og_description":"Les r\u00e9servations pour la saison estivale 2025 de la Compagnie Tunisienne de Navigation (CTN) ont d\u00e9but\u00e9 le 18 d\u00e9cembre 2024, avec des tarifs avantageux pour fac...","og_url":"https:\/\/www.webdo.tn\/fr\/actualite\/national\/ctn-reductions-pour-les-tunisiens-residents-a-l-etranger-pour-l-ete-2025\/219865\/","og_site_name":"webdo","article_publisher":"https:\/\/www.facebook.com\/webdotn","article_published_time":"2025-02-16T11:59:00+00:00","article_modified_time":"2025-05-21T09:08:44+00:00","og_image":[{"width":750,"height":400,"url":"https:\/\/www.webdo.tn\/fr\/wp-content\/uploads\/2025\/02\/bd2366014f3514dd2665d2478bb54957.webp","type":"image\/webp"}],"author":"AZ","twitter_card":"summary_large_image","twitter_creator":"@webdo_tn","twitter_site":"@webdo_tn","twitter_misc":{"\u00c9crit par":"AZ","Dur\u00e9e de lecture estim\u00e9e":"2 minutes"},"schema":{"@context":"https:\/\/schema.org","@graph":[{"@type":"NewsArticle","@id":"https:\/\/www.webdo.tn\/fr\/actualite\/national\/ctn-reductions-pour-les-tunisiens-residents-a-l-etranger-pour-l-ete-2025\/219865\/#article","isPartOf":{"@id":"https:\/\/www.webdo.tn\/fr\/actualite\/national\/ctn-reductions-pour-les-tunisiens-residents-a-l-etranger-pour-l-ete-2025\/219865\/"},"author":{"name":"AZ","@id":"https:\/\/www.webdo.tn\/fr\/#\/schema\/person\/b8a41c04d93287d375510db360906b34"},"headline":"CTN : R\u00e9ductions pour les Tunisiens r\u00e9sidents \u00e0 l&rsquo;\u00e9tranger pour l&rsquo;\u00e9t\u00e9 2025","datePublished":"2025-02-16T11:59:00+00:00","dateModified":"2025-05-21T09:08:44+00:00","mainEntityOfPage":{"@id":"https:\/\/www.webdo.tn\/fr\/actualite\/national\/ctn-reductions-pour-les-tunisiens-residents-a-l-etranger-pour-l-ete-2025\/219865\/"},"wordCount":318,"commentCount":0,"publisher":{"@id":"https:\/\/www.webdo.tn\/fr\/#organization"},"image":{"@id":"https:\/\/www.webdo.tn\/fr\/actualite\/national\/ctn-reductions-pour-les-tunisiens-residents-a-l-etranger-pour-l-ete-2025\/219865\/#primaryimage"},"thumbnailUrl":"https:\/\/www.webdo.tn\/fr\/wp-content\/uploads\/2025\/02\/bd2366014f3514dd2665d2478bb54957.webp","keywords":["CTN","Tunisie","tunisiens \u00e0 l'\u00e9tranger"],"articleSection":["National"],"inLanguage":"fr-FR"},{"@type":"WebPage","@id":"https:\/\/www.webdo.tn\/fr\/actualite\/national\/ctn-reductions-pour-les-tunisiens-residents-a-l-etranger-pour-l-ete-2025\/219865\/","url":"https:\/\/www.webdo.tn\/fr\/actualite\/national\/ctn-reductions-pour-les-tunisiens-residents-a-l-etranger-pour-l-ete-2025\/219865\/","name":"CTN : R\u00e9ductions pour les Tunisiens r\u00e9sidents \u00e0 l'\u00e9tranger pour l'\u00e9t\u00e9 2025","isPartOf":{"@id":"https:\/\/www.webdo.tn\/fr\/#website"},"primaryImageOfPage":{"@id":"https:\/\/www.webdo.tn\/fr\/actualite\/national\/ctn-reductions-pour-les-tunisiens-residents-a-l-etranger-pour-l-ete-2025\/219865\/#primaryimage"},"image":{"@id":"https:\/\/www.webdo.tn\/fr\/actualite\/national\/ctn-reductions-pour-les-tunisiens-residents-a-l-etranger-pour-l-ete-2025\/219865\/#primaryimage"},"thumbnailUrl":"https:\/\/www.webdo.tn\/fr\/wp-content\/uploads\/2025\/02\/bd2366014f3514dd2665d2478bb54957.webp","datePublished":"2025-02-16T11:59:00+00:00","dateModified":"2025-05-21T09:08:44+00:00","description":"Les r\u00e9servations pour la saison estivale 2025 de la Compagnie Tunisienne de Navigation (CTN) ont d\u00e9but\u00e9 le 18 d\u00e9cembre 2024, avec des tarifs avantageux pour fac...","breadcrumb":{"@id":"https:\/\/www.webdo.tn\/fr\/actualite\/national\/ctn-reductions-pour-les-tunisiens-residents-a-l-etranger-pour-l-ete-2025\/219865\/#breadcrumb"},"inLanguage":"fr-FR","potentialAction":[{"@type":"ReadAction","target":["https:\/\/www.webdo.tn\/fr\/actualite\/national\/ctn-reductions-pour-les-tunisiens-residents-a-l-etranger-pour-l-ete-2025\/219865\/"]}]},{"@type":"ImageObject","inLanguage":"fr-FR","@id":"https:\/\/www.webdo.tn\/fr\/actualite\/national\/ctn-reductions-pour-les-tunisiens-residents-a-l-etranger-pour-l-ete-2025\/219865\/#primaryimage","url":"https:\/\/www.webdo.tn\/fr\/wp-content\/uploads\/2025\/02\/bd2366014f3514dd2665d2478bb54957.webp","contentUrl":"https:\/\/www.webdo.tn\/fr\/wp-content\/uploads\/2025\/02\/bd2366014f3514dd2665d2478bb54957.webp","width":750,"height":400,"caption":"CTN : R\u00e9ductions pour les Tunisiens r\u00e9sidents \u00e0 l'\u00e9tranger pour l'\u00e9t\u00e9 2025"},{"@type":"BreadcrumbList","@id":"https:\/\/www.webdo.tn\/fr\/actualite\/national\/ctn-reductions-pour-les-tunisiens-residents-a-l-etranger-pour-l-ete-2025\/219865\/#breadcrumb","itemListElement":[{"@type":"ListItem","position":1,"name":"Accueil","item":"https:\/\/www.webdo.tn\/fr\/"},{"@type":"ListItem","position":2,"name":"CTN : R\u00e9ductions pour les Tunisiens r\u00e9sidents \u00e0 l&rsquo;\u00e9tranger pour l&rsquo;\u00e9t\u00e9 2025"}]},{"@type":"WebSite","@id":"https:\/\/www.webdo.tn\/fr\/#website","url":"https:\/\/www.webdo.tn\/fr\/","name":"webdo","description":"Tunisie - News en Tunisie et \u00e0 l&#039;international sur Webdo.tn","publisher":{"@id":"https:\/\/www.webdo.tn\/fr\/#organization"},"potentialAction":[{"@type":"SearchAction","target":{"@type":"EntryPoint","urlTemplate":"https:\/\/www.webdo.tn\/fr\/?s={search_term_string}"},"query-input":{"@type":"PropertyValueSpecification","valueRequired":true,"valueName":"search_term_string"}}],"inLanguage":"fr-FR"},{"@type":"Organization","@id":"https:\/\/www.webdo.tn\/fr\/#organization","name":"Webdo","alternateName":"Webdo.tn","url":"https:\/\/www.webdo.tn\/fr\/","logo":{"@type":"ImageObject","inLanguage":"fr-FR","@id":"https:\/\/www.webdo.tn\/fr\/#\/schema\/logo\/image\/","url":"https:\/\/www.webdo.tn\/fr\/wp-content\/uploads\/2025\/06\/Webdo-Tunisie_168377.jpg","contentUrl":"https:\/\/www.webdo.tn\/fr\/wp-content\/uploads\/2025\/06\/Webdo-Tunisie_168377.jpg","width":301,"height":301,"caption":"Webdo"},"image":{"@id":"https:\/\/www.webdo.tn\/fr\/#\/schema\/logo\/image\/"},"sameAs":["https:\/\/www.facebook.com\/webdotn","https:\/\/x.com\/webdo_tn"],"description":"Webdo est un m\u00e9dia num\u00e9rique tunisien fond\u00e9 en 2010, sp\u00e9cialis\u00e9 dans l\u2019actualit\u00e9 nationale et internationale, l\u2019\u00e9conomie, la soci\u00e9t\u00e9 et les analyses politiques. Le site s\u2019adresse \u00e0 un large public francophone et couvre l\u2019information tunisienne en temps r\u00e9el.","email":"redac@webdo.tn","legalName":"YNJ SARL","foundingDate":"2010-09-06","numberOfEmployees":{"@type":"QuantitativeValue","minValue":"11","maxValue":"50"}},{"@type":"Person","@id":"https:\/\/www.webdo.tn\/fr\/#\/schema\/person\/b8a41c04d93287d375510db360906b34","name":"AZ","image":{"@type":"ImageObject","inLanguage":"fr-FR","@id":"https:\/\/secure.gravatar.com\/avatar\/492b80bada79439de4201dce15cd41eece6c277cfdf1b53382073c79105c1f89?s=96&d=mm&r=g","url":"https:\/\/secure.gravatar.com\/avatar\/492b80bada79439de4201dce15cd41eece6c277cfdf1b53382073c79105c1f89?s=96&d=mm&r=g","contentUrl":"https:\/\/secure.gravatar.com\/avatar\/492b80bada79439de4201dce15cd41eece6c277cfdf1b53382073c79105c1f89?s=96&d=mm&r=g","caption":"AZ"},"url":"https:\/\/www.webdo.tn\/fr\/actualite\/author\/az\/"}]}},"_links":{"self":[{"href":"https:\/\/www.webdo.tn\/fr\/wp-json\/wp\/v2\/posts\/219865","targetHints":{"allow":["GET"]}}],"collection":[{"href":"https:\/\/www.webdo.tn\/fr\/wp-json\/wp\/v2\/posts"}],"about":[{"href":"https:\/\/www.webdo.tn\/fr\/wp-json\/wp\/v2\/types\/post"}],"author":[{"embeddable":true,"href":"https:\/\/www.webdo.tn\/fr\/wp-json\/wp\/v2\/users\/3166"}],"replies":[{"embeddable":true,"href":"https:\/\/www.webdo.tn\/fr\/wp-json\/wp\/v2\/comments?post=219865"}],"version-history":[{"count":0,"href":"https:\/\/www.webdo.tn\/fr\/wp-json\/wp\/v2\/posts\/219865\/revisions"}],"wp:featuredmedia":[{"embeddable":true,"href":"https:\/\/www.webdo.tn\/fr\/wp-json\/wp\/v2\/media\/291905"}],"wp:attachment":[{"href":"https:\/\/www.webdo.tn\/fr\/wp-json\/wp\/v2\/media?parent=219865"}],"wp:term":[{"taxonomy":"category","embeddable":true,"href":"https:\/\/www.webdo.tn\/fr\/wp-json\/wp\/v2\/categories?post=219865"},{"taxonomy":"post_tag","embeddable":true,"href":"https:\/\/www.webdo.tn\/fr\/wp-json\/wp\/v2\/tags?post=219865"}],"curies":[{"name":"wp","href":"https:\/\/api.w.org\/{rel}","templated":true}]}}