{"id":219826,"date":"2025-02-14T12:24:00","date_gmt":"2025-02-14T12:24:00","guid":{"rendered":"https:\/\/www.webdo.tn\/fr\/blog\/2025\/02\/14\/tunisie-omra-l-ontt-met-en-garde-contre-les-intermediaires-non-habilites\/"},"modified":"2025-05-20T21:42:56","modified_gmt":"2025-05-20T21:42:56","slug":"tunisie-omra-l-ontt-met-en-garde-contre-les-intermediaires-non-habilites","status":"publish","type":"post","link":"https:\/\/www.webdo.tn\/fr\/actualite\/national\/tunisie-omra-l-ontt-met-en-garde-contre-les-intermediaires-non-habilites\/219826\/","title":{"rendered":"Tunisie &#8211; Omra : L\u2019ONTT met en garde contre les interm\u00e9diaires non habilit\u00e9s"},"content":{"rendered":"<p>L\u2019Office National du Tourisme Tunisien (ONTT) a exhort\u00e9, ce vendredi 14 f\u00e9vrier 2025, les Tunisiens souhaitant accomplir l\u2019Omra \u00e0 s\u2019adresser exclusivement aux agences de voyages accr\u00e9dit\u00e9es, disposant des autorisations n\u00e9cessaires pour organiser ce p\u00e8lerinage, conform\u00e9ment \u00e0 la r\u00e9glementation en vigueur.<\/p>\n<p>\t\t\t\t\t\t\t\t\tPour toute information compl\u00e9mentaire, l\u2019ONTT invite les citoyens \u00e0 consulter son site officiel www.ontt.tn ou \u00e0 contacter ses services via le num\u00e9ro vert 80 100 333. \u00a0<\/p>\n<p>L\u2019Office met en garde contre le recours \u00e0 des interm\u00e9diaires, courtiers ou toute entit\u00e9 non habilit\u00e9e \u00e0 exercer dans ce domaine. Il insiste \u00e9galement sur l\u2019importance de signer un contrat avec l\u2019agence choisie afin de garantir les droits et obligations de chaque partie et de d\u00e9finir clairement les services propos\u00e9s.<\/p>\n<p>Rappelons dans ce m\u00eame contexte et \u00e0 l\u2019approche du Ramadan, que le minist\u00e8re du Tourisme a mis en place des mesures pour prot\u00e9ger les p\u00e8lerins et lutter contre les circuits parall\u00e8les. L\u2019objectif est d\u2019\u00e9viter les abus et les risques constat\u00e9s lors des pr\u00e9c\u00e9dentes saisons. \u00a0<\/p>\n<p>Les trag\u00e9dies du Hajj 2024, ayant caus\u00e9 la mort de plus de 1300 personnes, dont 60 Tunisiens, ont mis en \u00e9vidence les dangers des voyages non encadr\u00e9s. Les circuits parall\u00e8les, bien que moins co\u00fbteux (7000 \u00e0 10.000 dinars contre 19.970 dinars pour les offres officielles), s\u2019appuient souvent sur des visas touristiques, exposant les fid\u00e8les \u00e0 des conditions pr\u00e9caires. \u00a0<\/p>\n<p>Les \u00ab\u00a0Samsaras\u00a0\u00bb, guides priv\u00e9s non agr\u00e9\u00e9s, proposent leurs services contre 500 dinars, mais certains abandonnent les groupes en cours de route, mettant en p\u00e9ril les p\u00e8lerins.<\/p>\n","protected":false},"excerpt":{"rendered":"<p>L\u2019ONTT met en garde contre le recours \u00e0 des interm\u00e9diaires, courtiers ou toute entit\u00e9 non habilit\u00e9e \u00e0 exercer dans ce domaine. Il insiste \u00e9galement sur l\u2019import&#8230;<\/p>\n","protected":false},"author":3162,"featured_media":242254,"comment_status":"open","ping_status":"open","sticky":false,"template":"","format":"standard","meta":{"footnotes":""},"categories":[44],"tags":[4030,3409,4031,2608],"class_list":["post-219826","post","type-post","status-publish","format-standard","has-post-thumbnail","hentry","category-national","tag-hajj","tag-omra","tag-pelerinage","tag-tunisie"],"yoast_head":"<!-- This site is optimized with the Yoast SEO Premium plugin v27.5 (Yoast SEO v27.5) - https:\/\/yoast.com\/product\/yoast-seo-premium-wordpress\/ -->\n<title>Tunisie - Omra : L\u2019ONTT met en garde contre les interm\u00e9diaires non habilit\u00e9s<\/title>\n<meta name=\"description\" content=\"L\u2019ONTT met en garde contre le recours \u00e0 des interm\u00e9diaires, courtiers ou toute entit\u00e9 non habilit\u00e9e \u00e0 exercer dans ce domaine. Il insiste \u00e9galement sur l\u2019import...\" \/>\n<link rel=\"canonical\" href=\"https:\/\/www.webdo.tn\/fr\/actualite\/national\/tunisie-omra-l-ontt-met-en-garde-contre-les-intermediaires-non-habilites\/219826\/\" \/>\n<meta property=\"og:locale\" content=\"fr_FR\" \/>\n<meta property=\"og:type\" content=\"article\" \/>\n<meta property=\"og:title\" content=\"Tunisie - Omra : L\u2019ONTT met en garde contre les interm\u00e9diaires non habilit\u00e9s\" \/>\n<meta property=\"og:description\" content=\"L\u2019ONTT met en garde contre le recours \u00e0 des interm\u00e9diaires, courtiers ou toute entit\u00e9 non habilit\u00e9e \u00e0 exercer dans ce domaine. Il insiste \u00e9galement sur l\u2019import...\" \/>\n<meta property=\"og:url\" content=\"https:\/\/www.webdo.tn\/fr\/actualite\/national\/tunisie-omra-l-ontt-met-en-garde-contre-les-intermediaires-non-habilites\/219826\/\" \/>\n<meta property=\"og:site_name\" content=\"webdo\" \/>\n<meta property=\"article:publisher\" content=\"https:\/\/www.facebook.com\/webdotn\" \/>\n<meta property=\"article:published_time\" content=\"2025-02-14T12:24:00+00:00\" \/>\n<meta property=\"article:modified_time\" content=\"2025-05-20T21:42:56+00:00\" \/>\n<meta property=\"og:image\" content=\"https:\/\/www.webdo.tn\/fr\/wp-content\/uploads\/2025\/05\/993c47869ed56354004c1d4291de0251-2.webp\" \/>\n\t<meta property=\"og:image:width\" content=\"680\" \/>\n\t<meta property=\"og:image:height\" content=\"363\" \/>\n\t<meta property=\"og:image:type\" content=\"image\/webp\" \/>\n<meta name=\"author\" content=\"MC\" \/>\n<meta name=\"twitter:card\" content=\"summary_large_image\" \/>\n<meta name=\"twitter:creator\" content=\"@webdo_tn\" \/>\n<meta name=\"twitter:site\" content=\"@webdo_tn\" \/>\n<meta name=\"twitter:label1\" content=\"\u00c9crit par\" \/>\n\t<meta name=\"twitter:data1\" content=\"MC\" \/>\n\t<meta name=\"twitter:label2\" content=\"Dur\u00e9e de lecture estim\u00e9e\" \/>\n\t<meta name=\"twitter:data2\" content=\"1 minute\" \/>\n<script type=\"application\/ld+json\" class=\"yoast-schema-graph\">{\"@context\":\"https:\\\/\\\/schema.org\",\"@graph\":[{\"@type\":\"NewsArticle\",\"@id\":\"https:\\\/\\\/www.webdo.tn\\\/fr\\\/actualite\\\/national\\\/tunisie-omra-l-ontt-met-en-garde-contre-les-intermediaires-non-habilites\\\/219826\\\/#article\",\"isPartOf\":{\"@id\":\"https:\\\/\\\/www.webdo.tn\\\/fr\\\/actualite\\\/national\\\/tunisie-omra-l-ontt-met-en-garde-contre-les-intermediaires-non-habilites\\\/219826\\\/\"},\"author\":{\"name\":\"MC\",\"@id\":\"https:\\\/\\\/www.webdo.tn\\\/fr\\\/#\\\/schema\\\/person\\\/2c4929cbf5a809e3bd38617c6ce150f6\"},\"headline\":\"Tunisie &#8211; Omra : L\u2019ONTT met en garde contre les interm\u00e9diaires non habilit\u00e9s\",\"datePublished\":\"2025-02-14T12:24:00+00:00\",\"dateModified\":\"2025-05-20T21:42:56+00:00\",\"mainEntityOfPage\":{\"@id\":\"https:\\\/\\\/www.webdo.tn\\\/fr\\\/actualite\\\/national\\\/tunisie-omra-l-ontt-met-en-garde-contre-les-intermediaires-non-habilites\\\/219826\\\/\"},\"wordCount\":282,\"commentCount\":0,\"publisher\":{\"@id\":\"https:\\\/\\\/www.webdo.tn\\\/fr\\\/#organization\"},\"image\":{\"@id\":\"https:\\\/\\\/www.webdo.tn\\\/fr\\\/actualite\\\/national\\\/tunisie-omra-l-ontt-met-en-garde-contre-les-intermediaires-non-habilites\\\/219826\\\/#primaryimage\"},\"thumbnailUrl\":\"https:\\\/\\\/www.webdo.tn\\\/fr\\\/wp-content\\\/uploads\\\/2025\\\/05\\\/993c47869ed56354004c1d4291de0251-2.webp\",\"keywords\":[\"Hajj\",\"Omra\",\"p\u00e8lerinage\",\"Tunisie\"],\"articleSection\":[\"National\"],\"inLanguage\":\"fr-FR\"},{\"@type\":\"WebPage\",\"@id\":\"https:\\\/\\\/www.webdo.tn\\\/fr\\\/actualite\\\/national\\\/tunisie-omra-l-ontt-met-en-garde-contre-les-intermediaires-non-habilites\\\/219826\\\/\",\"url\":\"https:\\\/\\\/www.webdo.tn\\\/fr\\\/actualite\\\/national\\\/tunisie-omra-l-ontt-met-en-garde-contre-les-intermediaires-non-habilites\\\/219826\\\/\",\"name\":\"Tunisie - Omra : L\u2019ONTT met en garde contre les interm\u00e9diaires non habilit\u00e9s\",\"isPartOf\":{\"@id\":\"https:\\\/\\\/www.webdo.tn\\\/fr\\\/#website\"},\"primaryImageOfPage\":{\"@id\":\"https:\\\/\\\/www.webdo.tn\\\/fr\\\/actualite\\\/national\\\/tunisie-omra-l-ontt-met-en-garde-contre-les-intermediaires-non-habilites\\\/219826\\\/#primaryimage\"},\"image\":{\"@id\":\"https:\\\/\\\/www.webdo.tn\\\/fr\\\/actualite\\\/national\\\/tunisie-omra-l-ontt-met-en-garde-contre-les-intermediaires-non-habilites\\\/219826\\\/#primaryimage\"},\"thumbnailUrl\":\"https:\\\/\\\/www.webdo.tn\\\/fr\\\/wp-content\\\/uploads\\\/2025\\\/05\\\/993c47869ed56354004c1d4291de0251-2.webp\",\"datePublished\":\"2025-02-14T12:24:00+00:00\",\"dateModified\":\"2025-05-20T21:42:56+00:00\",\"description\":\"L\u2019ONTT met en garde contre le recours \u00e0 des interm\u00e9diaires, courtiers ou toute entit\u00e9 non habilit\u00e9e \u00e0 exercer dans ce domaine. Il insiste \u00e9galement sur l\u2019import...\",\"breadcrumb\":{\"@id\":\"https:\\\/\\\/www.webdo.tn\\\/fr\\\/actualite\\\/national\\\/tunisie-omra-l-ontt-met-en-garde-contre-les-intermediaires-non-habilites\\\/219826\\\/#breadcrumb\"},\"inLanguage\":\"fr-FR\",\"potentialAction\":[{\"@type\":\"ReadAction\",\"target\":[\"https:\\\/\\\/www.webdo.tn\\\/fr\\\/actualite\\\/national\\\/tunisie-omra-l-ontt-met-en-garde-contre-les-intermediaires-non-habilites\\\/219826\\\/\"]}]},{\"@type\":\"ImageObject\",\"inLanguage\":\"fr-FR\",\"@id\":\"https:\\\/\\\/www.webdo.tn\\\/fr\\\/actualite\\\/national\\\/tunisie-omra-l-ontt-met-en-garde-contre-les-intermediaires-non-habilites\\\/219826\\\/#primaryimage\",\"url\":\"https:\\\/\\\/www.webdo.tn\\\/fr\\\/wp-content\\\/uploads\\\/2025\\\/05\\\/993c47869ed56354004c1d4291de0251-2.webp\",\"contentUrl\":\"https:\\\/\\\/www.webdo.tn\\\/fr\\\/wp-content\\\/uploads\\\/2025\\\/05\\\/993c47869ed56354004c1d4291de0251-2.webp\",\"width\":680,\"height\":363},{\"@type\":\"BreadcrumbList\",\"@id\":\"https:\\\/\\\/www.webdo.tn\\\/fr\\\/actualite\\\/national\\\/tunisie-omra-l-ontt-met-en-garde-contre-les-intermediaires-non-habilites\\\/219826\\\/#breadcrumb\",\"itemListElement\":[{\"@type\":\"ListItem\",\"position\":1,\"name\":\"Accueil\",\"item\":\"https:\\\/\\\/www.webdo.tn\\\/fr\\\/\"},{\"@type\":\"ListItem\",\"position\":2,\"name\":\"Tunisie &#8211; Omra : L\u2019ONTT met en garde contre les interm\u00e9diaires non habilit\u00e9s\"}]},{\"@type\":\"WebSite\",\"@id\":\"https:\\\/\\\/www.webdo.tn\\\/fr\\\/#website\",\"url\":\"https:\\\/\\\/www.webdo.tn\\\/fr\\\/\",\"name\":\"webdo\",\"description\":\"Tunisie - News en Tunisie et \u00e0 l&#039;international sur Webdo.tn\",\"publisher\":{\"@id\":\"https:\\\/\\\/www.webdo.tn\\\/fr\\\/#organization\"},\"potentialAction\":[{\"@type\":\"SearchAction\",\"target\":{\"@type\":\"EntryPoint\",\"urlTemplate\":\"https:\\\/\\\/www.webdo.tn\\\/fr\\\/?s={search_term_string}\"},\"query-input\":{\"@type\":\"PropertyValueSpecification\",\"valueRequired\":true,\"valueName\":\"search_term_string\"}}],\"inLanguage\":\"fr-FR\"},{\"@type\":\"Organization\",\"@id\":\"https:\\\/\\\/www.webdo.tn\\\/fr\\\/#organization\",\"name\":\"Webdo\",\"alternateName\":\"Webdo.tn\",\"url\":\"https:\\\/\\\/www.webdo.tn\\\/fr\\\/\",\"logo\":{\"@type\":\"ImageObject\",\"inLanguage\":\"fr-FR\",\"@id\":\"https:\\\/\\\/www.webdo.tn\\\/fr\\\/#\\\/schema\\\/logo\\\/image\\\/\",\"url\":\"https:\\\/\\\/www.webdo.tn\\\/fr\\\/wp-content\\\/uploads\\\/2025\\\/06\\\/Webdo-Tunisie_168377.jpg\",\"contentUrl\":\"https:\\\/\\\/www.webdo.tn\\\/fr\\\/wp-content\\\/uploads\\\/2025\\\/06\\\/Webdo-Tunisie_168377.jpg\",\"width\":301,\"height\":301,\"caption\":\"Webdo\"},\"image\":{\"@id\":\"https:\\\/\\\/www.webdo.tn\\\/fr\\\/#\\\/schema\\\/logo\\\/image\\\/\"},\"sameAs\":[\"https:\\\/\\\/www.facebook.com\\\/webdotn\",\"https:\\\/\\\/x.com\\\/webdo_tn\"],\"description\":\"Webdo est un m\u00e9dia num\u00e9rique tunisien fond\u00e9 en 2010, sp\u00e9cialis\u00e9 dans l\u2019actualit\u00e9 nationale et internationale, l\u2019\u00e9conomie, la soci\u00e9t\u00e9 et les analyses politiques. Le site s\u2019adresse \u00e0 un large public francophone et couvre l\u2019information tunisienne en temps r\u00e9el.\",\"email\":\"redac@webdo.tn\",\"legalName\":\"YNJ SARL\",\"foundingDate\":\"2010-09-06\",\"numberOfEmployees\":{\"@type\":\"QuantitativeValue\",\"minValue\":\"11\",\"maxValue\":\"50\"}},{\"@type\":\"Person\",\"@id\":\"https:\\\/\\\/www.webdo.tn\\\/fr\\\/#\\\/schema\\\/person\\\/2c4929cbf5a809e3bd38617c6ce150f6\",\"name\":\"MC\",\"image\":{\"@type\":\"ImageObject\",\"inLanguage\":\"fr-FR\",\"@id\":\"https:\\\/\\\/secure.gravatar.com\\\/avatar\\\/a545bbb6f84efdd5553dbbc2895e3ca8f1d12c5215e00a041c9670b54aa9b18a?s=96&d=mm&r=g\",\"url\":\"https:\\\/\\\/secure.gravatar.com\\\/avatar\\\/a545bbb6f84efdd5553dbbc2895e3ca8f1d12c5215e00a041c9670b54aa9b18a?s=96&d=mm&r=g\",\"contentUrl\":\"https:\\\/\\\/secure.gravatar.com\\\/avatar\\\/a545bbb6f84efdd5553dbbc2895e3ca8f1d12c5215e00a041c9670b54aa9b18a?s=96&d=mm&r=g\",\"caption\":\"MC\"},\"url\":\"https:\\\/\\\/www.webdo.tn\\\/fr\\\/actualite\\\/author\\\/mc\\\/\"}]}<\/script>\n<!-- \/ Yoast SEO Premium plugin. -->","yoast_head_json":{"title":"Tunisie - Omra : L\u2019ONTT met en garde contre les interm\u00e9diaires non habilit\u00e9s","description":"L\u2019ONTT met en garde contre le recours \u00e0 des interm\u00e9diaires, courtiers ou toute entit\u00e9 non habilit\u00e9e \u00e0 exercer dans ce domaine. Il insiste \u00e9galement sur l\u2019import...","canonical":"https:\/\/www.webdo.tn\/fr\/actualite\/national\/tunisie-omra-l-ontt-met-en-garde-contre-les-intermediaires-non-habilites\/219826\/","og_locale":"fr_FR","og_type":"article","og_title":"Tunisie - Omra : L\u2019ONTT met en garde contre les interm\u00e9diaires non habilit\u00e9s","og_description":"L\u2019ONTT met en garde contre le recours \u00e0 des interm\u00e9diaires, courtiers ou toute entit\u00e9 non habilit\u00e9e \u00e0 exercer dans ce domaine. Il insiste \u00e9galement sur l\u2019import...","og_url":"https:\/\/www.webdo.tn\/fr\/actualite\/national\/tunisie-omra-l-ontt-met-en-garde-contre-les-intermediaires-non-habilites\/219826\/","og_site_name":"webdo","article_publisher":"https:\/\/www.facebook.com\/webdotn","article_published_time":"2025-02-14T12:24:00+00:00","article_modified_time":"2025-05-20T21:42:56+00:00","og_image":[{"width":680,"height":363,"url":"https:\/\/www.webdo.tn\/fr\/wp-content\/uploads\/2025\/05\/993c47869ed56354004c1d4291de0251-2.webp","type":"image\/webp"}],"author":"MC","twitter_card":"summary_large_image","twitter_creator":"@webdo_tn","twitter_site":"@webdo_tn","twitter_misc":{"\u00c9crit par":"MC","Dur\u00e9e de lecture estim\u00e9e":"1 minute"},"schema":{"@context":"https:\/\/schema.org","@graph":[{"@type":"NewsArticle","@id":"https:\/\/www.webdo.tn\/fr\/actualite\/national\/tunisie-omra-l-ontt-met-en-garde-contre-les-intermediaires-non-habilites\/219826\/#article","isPartOf":{"@id":"https:\/\/www.webdo.tn\/fr\/actualite\/national\/tunisie-omra-l-ontt-met-en-garde-contre-les-intermediaires-non-habilites\/219826\/"},"author":{"name":"MC","@id":"https:\/\/www.webdo.tn\/fr\/#\/schema\/person\/2c4929cbf5a809e3bd38617c6ce150f6"},"headline":"Tunisie &#8211; Omra : L\u2019ONTT met en garde contre les interm\u00e9diaires non habilit\u00e9s","datePublished":"2025-02-14T12:24:00+00:00","dateModified":"2025-05-20T21:42:56+00:00","mainEntityOfPage":{"@id":"https:\/\/www.webdo.tn\/fr\/actualite\/national\/tunisie-omra-l-ontt-met-en-garde-contre-les-intermediaires-non-habilites\/219826\/"},"wordCount":282,"commentCount":0,"publisher":{"@id":"https:\/\/www.webdo.tn\/fr\/#organization"},"image":{"@id":"https:\/\/www.webdo.tn\/fr\/actualite\/national\/tunisie-omra-l-ontt-met-en-garde-contre-les-intermediaires-non-habilites\/219826\/#primaryimage"},"thumbnailUrl":"https:\/\/www.webdo.tn\/fr\/wp-content\/uploads\/2025\/05\/993c47869ed56354004c1d4291de0251-2.webp","keywords":["Hajj","Omra","p\u00e8lerinage","Tunisie"],"articleSection":["National"],"inLanguage":"fr-FR"},{"@type":"WebPage","@id":"https:\/\/www.webdo.tn\/fr\/actualite\/national\/tunisie-omra-l-ontt-met-en-garde-contre-les-intermediaires-non-habilites\/219826\/","url":"https:\/\/www.webdo.tn\/fr\/actualite\/national\/tunisie-omra-l-ontt-met-en-garde-contre-les-intermediaires-non-habilites\/219826\/","name":"Tunisie - Omra : L\u2019ONTT met en garde contre les interm\u00e9diaires non habilit\u00e9s","isPartOf":{"@id":"https:\/\/www.webdo.tn\/fr\/#website"},"primaryImageOfPage":{"@id":"https:\/\/www.webdo.tn\/fr\/actualite\/national\/tunisie-omra-l-ontt-met-en-garde-contre-les-intermediaires-non-habilites\/219826\/#primaryimage"},"image":{"@id":"https:\/\/www.webdo.tn\/fr\/actualite\/national\/tunisie-omra-l-ontt-met-en-garde-contre-les-intermediaires-non-habilites\/219826\/#primaryimage"},"thumbnailUrl":"https:\/\/www.webdo.tn\/fr\/wp-content\/uploads\/2025\/05\/993c47869ed56354004c1d4291de0251-2.webp","datePublished":"2025-02-14T12:24:00+00:00","dateModified":"2025-05-20T21:42:56+00:00","description":"L\u2019ONTT met en garde contre le recours \u00e0 des interm\u00e9diaires, courtiers ou toute entit\u00e9 non habilit\u00e9e \u00e0 exercer dans ce domaine. Il insiste \u00e9galement sur l\u2019import...","breadcrumb":{"@id":"https:\/\/www.webdo.tn\/fr\/actualite\/national\/tunisie-omra-l-ontt-met-en-garde-contre-les-intermediaires-non-habilites\/219826\/#breadcrumb"},"inLanguage":"fr-FR","potentialAction":[{"@type":"ReadAction","target":["https:\/\/www.webdo.tn\/fr\/actualite\/national\/tunisie-omra-l-ontt-met-en-garde-contre-les-intermediaires-non-habilites\/219826\/"]}]},{"@type":"ImageObject","inLanguage":"fr-FR","@id":"https:\/\/www.webdo.tn\/fr\/actualite\/national\/tunisie-omra-l-ontt-met-en-garde-contre-les-intermediaires-non-habilites\/219826\/#primaryimage","url":"https:\/\/www.webdo.tn\/fr\/wp-content\/uploads\/2025\/05\/993c47869ed56354004c1d4291de0251-2.webp","contentUrl":"https:\/\/www.webdo.tn\/fr\/wp-content\/uploads\/2025\/05\/993c47869ed56354004c1d4291de0251-2.webp","width":680,"height":363},{"@type":"BreadcrumbList","@id":"https:\/\/www.webdo.tn\/fr\/actualite\/national\/tunisie-omra-l-ontt-met-en-garde-contre-les-intermediaires-non-habilites\/219826\/#breadcrumb","itemListElement":[{"@type":"ListItem","position":1,"name":"Accueil","item":"https:\/\/www.webdo.tn\/fr\/"},{"@type":"ListItem","position":2,"name":"Tunisie &#8211; Omra : L\u2019ONTT met en garde contre les interm\u00e9diaires non habilit\u00e9s"}]},{"@type":"WebSite","@id":"https:\/\/www.webdo.tn\/fr\/#website","url":"https:\/\/www.webdo.tn\/fr\/","name":"webdo","description":"Tunisie - News en Tunisie et \u00e0 l&#039;international sur Webdo.tn","publisher":{"@id":"https:\/\/www.webdo.tn\/fr\/#organization"},"potentialAction":[{"@type":"SearchAction","target":{"@type":"EntryPoint","urlTemplate":"https:\/\/www.webdo.tn\/fr\/?s={search_term_string}"},"query-input":{"@type":"PropertyValueSpecification","valueRequired":true,"valueName":"search_term_string"}}],"inLanguage":"fr-FR"},{"@type":"Organization","@id":"https:\/\/www.webdo.tn\/fr\/#organization","name":"Webdo","alternateName":"Webdo.tn","url":"https:\/\/www.webdo.tn\/fr\/","logo":{"@type":"ImageObject","inLanguage":"fr-FR","@id":"https:\/\/www.webdo.tn\/fr\/#\/schema\/logo\/image\/","url":"https:\/\/www.webdo.tn\/fr\/wp-content\/uploads\/2025\/06\/Webdo-Tunisie_168377.jpg","contentUrl":"https:\/\/www.webdo.tn\/fr\/wp-content\/uploads\/2025\/06\/Webdo-Tunisie_168377.jpg","width":301,"height":301,"caption":"Webdo"},"image":{"@id":"https:\/\/www.webdo.tn\/fr\/#\/schema\/logo\/image\/"},"sameAs":["https:\/\/www.facebook.com\/webdotn","https:\/\/x.com\/webdo_tn"],"description":"Webdo est un m\u00e9dia num\u00e9rique tunisien fond\u00e9 en 2010, sp\u00e9cialis\u00e9 dans l\u2019actualit\u00e9 nationale et internationale, l\u2019\u00e9conomie, la soci\u00e9t\u00e9 et les analyses politiques. Le site s\u2019adresse \u00e0 un large public francophone et couvre l\u2019information tunisienne en temps r\u00e9el.","email":"redac@webdo.tn","legalName":"YNJ SARL","foundingDate":"2010-09-06","numberOfEmployees":{"@type":"QuantitativeValue","minValue":"11","maxValue":"50"}},{"@type":"Person","@id":"https:\/\/www.webdo.tn\/fr\/#\/schema\/person\/2c4929cbf5a809e3bd38617c6ce150f6","name":"MC","image":{"@type":"ImageObject","inLanguage":"fr-FR","@id":"https:\/\/secure.gravatar.com\/avatar\/a545bbb6f84efdd5553dbbc2895e3ca8f1d12c5215e00a041c9670b54aa9b18a?s=96&d=mm&r=g","url":"https:\/\/secure.gravatar.com\/avatar\/a545bbb6f84efdd5553dbbc2895e3ca8f1d12c5215e00a041c9670b54aa9b18a?s=96&d=mm&r=g","contentUrl":"https:\/\/secure.gravatar.com\/avatar\/a545bbb6f84efdd5553dbbc2895e3ca8f1d12c5215e00a041c9670b54aa9b18a?s=96&d=mm&r=g","caption":"MC"},"url":"https:\/\/www.webdo.tn\/fr\/actualite\/author\/mc\/"}]}},"_links":{"self":[{"href":"https:\/\/www.webdo.tn\/fr\/wp-json\/wp\/v2\/posts\/219826","targetHints":{"allow":["GET"]}}],"collection":[{"href":"https:\/\/www.webdo.tn\/fr\/wp-json\/wp\/v2\/posts"}],"about":[{"href":"https:\/\/www.webdo.tn\/fr\/wp-json\/wp\/v2\/types\/post"}],"author":[{"embeddable":true,"href":"https:\/\/www.webdo.tn\/fr\/wp-json\/wp\/v2\/users\/3162"}],"replies":[{"embeddable":true,"href":"https:\/\/www.webdo.tn\/fr\/wp-json\/wp\/v2\/comments?post=219826"}],"version-history":[{"count":0,"href":"https:\/\/www.webdo.tn\/fr\/wp-json\/wp\/v2\/posts\/219826\/revisions"}],"wp:featuredmedia":[{"embeddable":true,"href":"https:\/\/www.webdo.tn\/fr\/wp-json\/wp\/v2\/media\/242254"}],"wp:attachment":[{"href":"https:\/\/www.webdo.tn\/fr\/wp-json\/wp\/v2\/media?parent=219826"}],"wp:term":[{"taxonomy":"category","embeddable":true,"href":"https:\/\/www.webdo.tn\/fr\/wp-json\/wp\/v2\/categories?post=219826"},{"taxonomy":"post_tag","embeddable":true,"href":"https:\/\/www.webdo.tn\/fr\/wp-json\/wp\/v2\/tags?post=219826"}],"curies":[{"name":"wp","href":"https:\/\/api.w.org\/{rel}","templated":true}]}}