{"id":219813,"date":"2025-02-14T08:09:00","date_gmt":"2025-02-14T08:09:00","guid":{"rendered":"https:\/\/www.webdo.tn\/fr\/blog\/tunisie-doublement-du-nombre-des-bus-a-ettadhamen\/219813\/"},"modified":"2025-05-20T22:22:45","modified_gmt":"2025-05-20T22:22:45","slug":"tunisie-doublement-du-nombre-des-bus-a-ettadhamen","status":"publish","type":"post","link":"https:\/\/www.webdo.tn\/fr\/actualite\/national\/tunisie-doublement-du-nombre-des-bus-a-ettadhamen\/219813\/","title":{"rendered":"Tunisie : Doublement du nombre de bus \u00e0 Ettadhamen"},"content":{"rendered":"<p>Le ministre des Transports, Rachid Amri, s\u2019est rendu dans l\u2019apr\u00e8s-midi du jeudi 13 f\u00e9vrier 2025 \u00e0 plusieurs stations de Hay Ettadhamen, comprenant les gares d\u2019Ettadhamen, Boustane, Douar Hicher et Mnihla, relevant de la Soci\u00e9t\u00e9 des Transports de Tunis (Transtu).\u00a0<\/p>\n<p>\t\t\t\t\t\t\t\t\tCette visite avait pour objectif d\u2019\u00e9valuer le fonctionnement de ces stations et d\u2019identifier les obstacles emp\u00eachant la fourniture d\u2019un service optimal, notamment en ce qui concerne la r\u00e9gularit\u00e9 des dessertes programm\u00e9es pour les usagers des lignes desservant ces stations.<\/p>\n<p>Afin d\u2019\u00e9viter une r\u00e9duction de la fr\u00e9quence des trajets, notamment aux heures de pointe du matin, due aux retards accumul\u00e9s par les bus lors de leur retour et aux cons\u00e9quences sur leur red\u00e9part des stations, le ministre des Transports a donn\u00e9 des instructions pour doubler progressivement le nombre de bus affect\u00e9s \u00e0 ces lignes et mettre l\u2019ensemble du parc \u00e0 disposition des premiers trajets matinaux, selon les horaires de d\u00e9part pr\u00e9vus.<\/p>\n<p>Accompagn\u00e9 du pr\u00e9sident-directeur g\u00e9n\u00e9ral de Transtu et de plusieurs cadres du minist\u00e8re, le ministre a \u00e9galement insist\u00e9 sur la n\u00e9cessit\u00e9 d\u2019accorder la priorit\u00e9 aux zones \u00e0 forte densit\u00e9 de population dans la r\u00e9partition des nouveaux bus qui viendront prochainement renforcer la flotte de la soci\u00e9t\u00e9, y compris les quartiers d\u2019Ettadhamen.\u00a0<\/p>\n<p>Il a \u00e9galement ordonn\u00e9 une intervention rapide pour r\u00e9pondre \u00e0 toute demande sur l\u2019ensemble des lignes, contribuant ainsi \u00e0 am\u00e9liorer la fr\u00e9quence des trajets et les conditions de transport des citoyens. Enfin, il a recommand\u00e9 l\u2019installation d\u2019abris sur l\u2019ensemble des itin\u00e9raires des lignes concern\u00e9es.<\/p>\n","protected":false},"excerpt":{"rendered":"<p>Cette visite avait pour objectif d\u2019\u00e9valuer le fonctionnement de ces stations et d\u2019identifier les obstacles emp\u00eachant la fourniture d\u2019un service optimal, notamme&#8230;<\/p>\n","protected":false},"author":3163,"featured_media":291892,"comment_status":"open","ping_status":"closed","sticky":false,"template":"","format":"standard","meta":{"footnotes":""},"categories":[44],"tags":[3403,6517,2818,2608],"class_list":["post-219813","post","type-post","status-publish","format-standard","has-post-thumbnail","hentry","category-national","tag-bus","tag-ettadhamen","tag-transport","tag-tunisie"],"yoast_head":"<!-- This site is optimized with the Yoast SEO Premium plugin v27.4 (Yoast SEO v27.4) - https:\/\/yoast.com\/product\/yoast-seo-premium-wordpress\/ -->\n<title>Tunisie : Doublement du nombre de bus \u00e0 Ettadhamen<\/title>\n<meta name=\"description\" content=\"Cette visite avait pour objectif d\u2019\u00e9valuer le fonctionnement de ces stations et d\u2019identifier les obstacles emp\u00eachant la fourniture d\u2019un service optimal, notamme...\" \/>\n<link rel=\"canonical\" href=\"https:\/\/www.webdo.tn\/fr\/actualite\/national\/tunisie-doublement-du-nombre-des-bus-a-ettadhamen\/219813\/\" \/>\n<meta property=\"og:locale\" content=\"fr_FR\" \/>\n<meta property=\"og:type\" content=\"article\" \/>\n<meta property=\"og:title\" content=\"Tunisie : Doublement du nombre de bus \u00e0 Ettadhamen\" \/>\n<meta property=\"og:description\" content=\"Cette visite avait pour objectif d\u2019\u00e9valuer le fonctionnement de ces stations et d\u2019identifier les obstacles emp\u00eachant la fourniture d\u2019un service optimal, notamme...\" \/>\n<meta property=\"og:url\" content=\"https:\/\/www.webdo.tn\/fr\/actualite\/national\/tunisie-doublement-du-nombre-des-bus-a-ettadhamen\/219813\/\" \/>\n<meta property=\"og:site_name\" content=\"webdo\" \/>\n<meta property=\"article:publisher\" content=\"https:\/\/www.facebook.com\/webdotn\" \/>\n<meta property=\"article:published_time\" content=\"2025-02-14T08:09:00+00:00\" \/>\n<meta property=\"article:modified_time\" content=\"2025-05-20T22:22:45+00:00\" \/>\n<meta property=\"og:image\" content=\"https:\/\/www.webdo.tn\/fr\/wp-content\/uploads\/2025\/02\/38eae51cbb9f0619729b98df59eb4f19.webp\" \/>\n\t<meta property=\"og:image:width\" content=\"750\" \/>\n\t<meta property=\"og:image:height\" content=\"400\" \/>\n\t<meta property=\"og:image:type\" content=\"image\/webp\" \/>\n<meta name=\"author\" content=\"KJ\" \/>\n<meta name=\"twitter:card\" content=\"summary_large_image\" \/>\n<meta name=\"twitter:creator\" content=\"@webdo_tn\" \/>\n<meta name=\"twitter:site\" content=\"@webdo_tn\" \/>\n<meta name=\"twitter:label1\" content=\"\u00c9crit par\" \/>\n\t<meta name=\"twitter:data1\" content=\"KJ\" \/>\n\t<meta name=\"twitter:label2\" content=\"Dur\u00e9e de lecture estim\u00e9e\" \/>\n\t<meta name=\"twitter:data2\" content=\"1 minute\" \/>\n<script type=\"application\/ld+json\" class=\"yoast-schema-graph\">{\"@context\":\"https:\\\/\\\/schema.org\",\"@graph\":[{\"@type\":\"NewsArticle\",\"@id\":\"https:\\\/\\\/www.webdo.tn\\\/fr\\\/actualite\\\/national\\\/tunisie-doublement-du-nombre-des-bus-a-ettadhamen\\\/219813\\\/#article\",\"isPartOf\":{\"@id\":\"https:\\\/\\\/www.webdo.tn\\\/fr\\\/actualite\\\/national\\\/tunisie-doublement-du-nombre-des-bus-a-ettadhamen\\\/219813\\\/\"},\"author\":{\"name\":\"KJ\",\"@id\":\"https:\\\/\\\/www.webdo.tn\\\/fr\\\/#\\\/schema\\\/person\\\/82ca085b22037d285e1a3c4b65ba5f71\"},\"headline\":\"Tunisie : Doublement du nombre de bus \u00e0 Ettadhamen\",\"datePublished\":\"2025-02-14T08:09:00+00:00\",\"dateModified\":\"2025-05-20T22:22:45+00:00\",\"mainEntityOfPage\":{\"@id\":\"https:\\\/\\\/www.webdo.tn\\\/fr\\\/actualite\\\/national\\\/tunisie-doublement-du-nombre-des-bus-a-ettadhamen\\\/219813\\\/\"},\"wordCount\":282,\"commentCount\":0,\"publisher\":{\"@id\":\"https:\\\/\\\/www.webdo.tn\\\/fr\\\/#organization\"},\"image\":{\"@id\":\"https:\\\/\\\/www.webdo.tn\\\/fr\\\/actualite\\\/national\\\/tunisie-doublement-du-nombre-des-bus-a-ettadhamen\\\/219813\\\/#primaryimage\"},\"thumbnailUrl\":\"https:\\\/\\\/www.webdo.tn\\\/fr\\\/wp-content\\\/uploads\\\/2025\\\/02\\\/38eae51cbb9f0619729b98df59eb4f19.webp\",\"keywords\":[\"Bus\",\"ettadhamen\",\"Transport\",\"Tunisie\"],\"articleSection\":[\"National\"],\"inLanguage\":\"fr-FR\"},{\"@type\":\"WebPage\",\"@id\":\"https:\\\/\\\/www.webdo.tn\\\/fr\\\/actualite\\\/national\\\/tunisie-doublement-du-nombre-des-bus-a-ettadhamen\\\/219813\\\/\",\"url\":\"https:\\\/\\\/www.webdo.tn\\\/fr\\\/actualite\\\/national\\\/tunisie-doublement-du-nombre-des-bus-a-ettadhamen\\\/219813\\\/\",\"name\":\"Tunisie : Doublement du nombre de bus \u00e0 Ettadhamen\",\"isPartOf\":{\"@id\":\"https:\\\/\\\/www.webdo.tn\\\/fr\\\/#website\"},\"primaryImageOfPage\":{\"@id\":\"https:\\\/\\\/www.webdo.tn\\\/fr\\\/actualite\\\/national\\\/tunisie-doublement-du-nombre-des-bus-a-ettadhamen\\\/219813\\\/#primaryimage\"},\"image\":{\"@id\":\"https:\\\/\\\/www.webdo.tn\\\/fr\\\/actualite\\\/national\\\/tunisie-doublement-du-nombre-des-bus-a-ettadhamen\\\/219813\\\/#primaryimage\"},\"thumbnailUrl\":\"https:\\\/\\\/www.webdo.tn\\\/fr\\\/wp-content\\\/uploads\\\/2025\\\/02\\\/38eae51cbb9f0619729b98df59eb4f19.webp\",\"datePublished\":\"2025-02-14T08:09:00+00:00\",\"dateModified\":\"2025-05-20T22:22:45+00:00\",\"description\":\"Cette visite avait pour objectif d\u2019\u00e9valuer le fonctionnement de ces stations et d\u2019identifier les obstacles emp\u00eachant la fourniture d\u2019un service optimal, notamme...\",\"breadcrumb\":{\"@id\":\"https:\\\/\\\/www.webdo.tn\\\/fr\\\/actualite\\\/national\\\/tunisie-doublement-du-nombre-des-bus-a-ettadhamen\\\/219813\\\/#breadcrumb\"},\"inLanguage\":\"fr-FR\",\"potentialAction\":[{\"@type\":\"ReadAction\",\"target\":[\"https:\\\/\\\/www.webdo.tn\\\/fr\\\/actualite\\\/national\\\/tunisie-doublement-du-nombre-des-bus-a-ettadhamen\\\/219813\\\/\"]}]},{\"@type\":\"ImageObject\",\"inLanguage\":\"fr-FR\",\"@id\":\"https:\\\/\\\/www.webdo.tn\\\/fr\\\/actualite\\\/national\\\/tunisie-doublement-du-nombre-des-bus-a-ettadhamen\\\/219813\\\/#primaryimage\",\"url\":\"https:\\\/\\\/www.webdo.tn\\\/fr\\\/wp-content\\\/uploads\\\/2025\\\/02\\\/38eae51cbb9f0619729b98df59eb4f19.webp\",\"contentUrl\":\"https:\\\/\\\/www.webdo.tn\\\/fr\\\/wp-content\\\/uploads\\\/2025\\\/02\\\/38eae51cbb9f0619729b98df59eb4f19.webp\",\"width\":750,\"height\":400,\"caption\":\"Tunisie : Doublement du nombre de bus \u00e0 Ettadhamen\"},{\"@type\":\"BreadcrumbList\",\"@id\":\"https:\\\/\\\/www.webdo.tn\\\/fr\\\/actualite\\\/national\\\/tunisie-doublement-du-nombre-des-bus-a-ettadhamen\\\/219813\\\/#breadcrumb\",\"itemListElement\":[{\"@type\":\"ListItem\",\"position\":1,\"name\":\"Accueil\",\"item\":\"https:\\\/\\\/www.webdo.tn\\\/fr\\\/\"},{\"@type\":\"ListItem\",\"position\":2,\"name\":\"Tunisie : Doublement du nombre de bus \u00e0 Ettadhamen\"}]},{\"@type\":\"WebSite\",\"@id\":\"https:\\\/\\\/www.webdo.tn\\\/fr\\\/#website\",\"url\":\"https:\\\/\\\/www.webdo.tn\\\/fr\\\/\",\"name\":\"webdo\",\"description\":\"Tunisie - News en Tunisie et \u00e0 l&#039;international sur Webdo.tn\",\"publisher\":{\"@id\":\"https:\\\/\\\/www.webdo.tn\\\/fr\\\/#organization\"},\"potentialAction\":[{\"@type\":\"SearchAction\",\"target\":{\"@type\":\"EntryPoint\",\"urlTemplate\":\"https:\\\/\\\/www.webdo.tn\\\/fr\\\/?s={search_term_string}\"},\"query-input\":{\"@type\":\"PropertyValueSpecification\",\"valueRequired\":true,\"valueName\":\"search_term_string\"}}],\"inLanguage\":\"fr-FR\"},{\"@type\":\"Organization\",\"@id\":\"https:\\\/\\\/www.webdo.tn\\\/fr\\\/#organization\",\"name\":\"Webdo\",\"alternateName\":\"Webdo.tn\",\"url\":\"https:\\\/\\\/www.webdo.tn\\\/fr\\\/\",\"logo\":{\"@type\":\"ImageObject\",\"inLanguage\":\"fr-FR\",\"@id\":\"https:\\\/\\\/www.webdo.tn\\\/fr\\\/#\\\/schema\\\/logo\\\/image\\\/\",\"url\":\"https:\\\/\\\/www.webdo.tn\\\/fr\\\/wp-content\\\/uploads\\\/2025\\\/06\\\/Webdo-Tunisie_168377.jpg\",\"contentUrl\":\"https:\\\/\\\/www.webdo.tn\\\/fr\\\/wp-content\\\/uploads\\\/2025\\\/06\\\/Webdo-Tunisie_168377.jpg\",\"width\":301,\"height\":301,\"caption\":\"Webdo\"},\"image\":{\"@id\":\"https:\\\/\\\/www.webdo.tn\\\/fr\\\/#\\\/schema\\\/logo\\\/image\\\/\"},\"sameAs\":[\"https:\\\/\\\/www.facebook.com\\\/webdotn\",\"https:\\\/\\\/x.com\\\/webdo_tn\"],\"description\":\"Webdo est un m\u00e9dia num\u00e9rique tunisien fond\u00e9 en 2010, sp\u00e9cialis\u00e9 dans l\u2019actualit\u00e9 nationale et internationale, l\u2019\u00e9conomie, la soci\u00e9t\u00e9 et les analyses politiques. Le site s\u2019adresse \u00e0 un large public francophone et couvre l\u2019information tunisienne en temps r\u00e9el.\",\"email\":\"redac@webdo.tn\",\"legalName\":\"YNJ SARL\",\"foundingDate\":\"2010-09-06\",\"numberOfEmployees\":{\"@type\":\"QuantitativeValue\",\"minValue\":\"11\",\"maxValue\":\"50\"}},{\"@type\":\"Person\",\"@id\":\"https:\\\/\\\/www.webdo.tn\\\/fr\\\/#\\\/schema\\\/person\\\/82ca085b22037d285e1a3c4b65ba5f71\",\"name\":\"KJ\",\"image\":{\"@type\":\"ImageObject\",\"inLanguage\":\"fr-FR\",\"@id\":\"https:\\\/\\\/secure.gravatar.com\\\/avatar\\\/1a1320de1c1971c893f00068f760b4113d69504aa21273da17ee95650c5944fd?s=96&d=mm&r=g\",\"url\":\"https:\\\/\\\/secure.gravatar.com\\\/avatar\\\/1a1320de1c1971c893f00068f760b4113d69504aa21273da17ee95650c5944fd?s=96&d=mm&r=g\",\"contentUrl\":\"https:\\\/\\\/secure.gravatar.com\\\/avatar\\\/1a1320de1c1971c893f00068f760b4113d69504aa21273da17ee95650c5944fd?s=96&d=mm&r=g\",\"caption\":\"KJ\"},\"url\":\"https:\\\/\\\/www.webdo.tn\\\/fr\\\/actualite\\\/author\\\/kj\\\/\"}]}<\/script>\n<!-- \/ Yoast SEO Premium plugin. -->","yoast_head_json":{"title":"Tunisie : Doublement du nombre de bus \u00e0 Ettadhamen","description":"Cette visite avait pour objectif d\u2019\u00e9valuer le fonctionnement de ces stations et d\u2019identifier les obstacles emp\u00eachant la fourniture d\u2019un service optimal, notamme...","canonical":"https:\/\/www.webdo.tn\/fr\/actualite\/national\/tunisie-doublement-du-nombre-des-bus-a-ettadhamen\/219813\/","og_locale":"fr_FR","og_type":"article","og_title":"Tunisie : Doublement du nombre de bus \u00e0 Ettadhamen","og_description":"Cette visite avait pour objectif d\u2019\u00e9valuer le fonctionnement de ces stations et d\u2019identifier les obstacles emp\u00eachant la fourniture d\u2019un service optimal, notamme...","og_url":"https:\/\/www.webdo.tn\/fr\/actualite\/national\/tunisie-doublement-du-nombre-des-bus-a-ettadhamen\/219813\/","og_site_name":"webdo","article_publisher":"https:\/\/www.facebook.com\/webdotn","article_published_time":"2025-02-14T08:09:00+00:00","article_modified_time":"2025-05-20T22:22:45+00:00","og_image":[{"width":750,"height":400,"url":"https:\/\/www.webdo.tn\/fr\/wp-content\/uploads\/2025\/02\/38eae51cbb9f0619729b98df59eb4f19.webp","type":"image\/webp"}],"author":"KJ","twitter_card":"summary_large_image","twitter_creator":"@webdo_tn","twitter_site":"@webdo_tn","twitter_misc":{"\u00c9crit par":"KJ","Dur\u00e9e de lecture estim\u00e9e":"1 minute"},"schema":{"@context":"https:\/\/schema.org","@graph":[{"@type":"NewsArticle","@id":"https:\/\/www.webdo.tn\/fr\/actualite\/national\/tunisie-doublement-du-nombre-des-bus-a-ettadhamen\/219813\/#article","isPartOf":{"@id":"https:\/\/www.webdo.tn\/fr\/actualite\/national\/tunisie-doublement-du-nombre-des-bus-a-ettadhamen\/219813\/"},"author":{"name":"KJ","@id":"https:\/\/www.webdo.tn\/fr\/#\/schema\/person\/82ca085b22037d285e1a3c4b65ba5f71"},"headline":"Tunisie : Doublement du nombre de bus \u00e0 Ettadhamen","datePublished":"2025-02-14T08:09:00+00:00","dateModified":"2025-05-20T22:22:45+00:00","mainEntityOfPage":{"@id":"https:\/\/www.webdo.tn\/fr\/actualite\/national\/tunisie-doublement-du-nombre-des-bus-a-ettadhamen\/219813\/"},"wordCount":282,"commentCount":0,"publisher":{"@id":"https:\/\/www.webdo.tn\/fr\/#organization"},"image":{"@id":"https:\/\/www.webdo.tn\/fr\/actualite\/national\/tunisie-doublement-du-nombre-des-bus-a-ettadhamen\/219813\/#primaryimage"},"thumbnailUrl":"https:\/\/www.webdo.tn\/fr\/wp-content\/uploads\/2025\/02\/38eae51cbb9f0619729b98df59eb4f19.webp","keywords":["Bus","ettadhamen","Transport","Tunisie"],"articleSection":["National"],"inLanguage":"fr-FR"},{"@type":"WebPage","@id":"https:\/\/www.webdo.tn\/fr\/actualite\/national\/tunisie-doublement-du-nombre-des-bus-a-ettadhamen\/219813\/","url":"https:\/\/www.webdo.tn\/fr\/actualite\/national\/tunisie-doublement-du-nombre-des-bus-a-ettadhamen\/219813\/","name":"Tunisie : Doublement du nombre de bus \u00e0 Ettadhamen","isPartOf":{"@id":"https:\/\/www.webdo.tn\/fr\/#website"},"primaryImageOfPage":{"@id":"https:\/\/www.webdo.tn\/fr\/actualite\/national\/tunisie-doublement-du-nombre-des-bus-a-ettadhamen\/219813\/#primaryimage"},"image":{"@id":"https:\/\/www.webdo.tn\/fr\/actualite\/national\/tunisie-doublement-du-nombre-des-bus-a-ettadhamen\/219813\/#primaryimage"},"thumbnailUrl":"https:\/\/www.webdo.tn\/fr\/wp-content\/uploads\/2025\/02\/38eae51cbb9f0619729b98df59eb4f19.webp","datePublished":"2025-02-14T08:09:00+00:00","dateModified":"2025-05-20T22:22:45+00:00","description":"Cette visite avait pour objectif d\u2019\u00e9valuer le fonctionnement de ces stations et d\u2019identifier les obstacles emp\u00eachant la fourniture d\u2019un service optimal, notamme...","breadcrumb":{"@id":"https:\/\/www.webdo.tn\/fr\/actualite\/national\/tunisie-doublement-du-nombre-des-bus-a-ettadhamen\/219813\/#breadcrumb"},"inLanguage":"fr-FR","potentialAction":[{"@type":"ReadAction","target":["https:\/\/www.webdo.tn\/fr\/actualite\/national\/tunisie-doublement-du-nombre-des-bus-a-ettadhamen\/219813\/"]}]},{"@type":"ImageObject","inLanguage":"fr-FR","@id":"https:\/\/www.webdo.tn\/fr\/actualite\/national\/tunisie-doublement-du-nombre-des-bus-a-ettadhamen\/219813\/#primaryimage","url":"https:\/\/www.webdo.tn\/fr\/wp-content\/uploads\/2025\/02\/38eae51cbb9f0619729b98df59eb4f19.webp","contentUrl":"https:\/\/www.webdo.tn\/fr\/wp-content\/uploads\/2025\/02\/38eae51cbb9f0619729b98df59eb4f19.webp","width":750,"height":400,"caption":"Tunisie : Doublement du nombre de bus \u00e0 Ettadhamen"},{"@type":"BreadcrumbList","@id":"https:\/\/www.webdo.tn\/fr\/actualite\/national\/tunisie-doublement-du-nombre-des-bus-a-ettadhamen\/219813\/#breadcrumb","itemListElement":[{"@type":"ListItem","position":1,"name":"Accueil","item":"https:\/\/www.webdo.tn\/fr\/"},{"@type":"ListItem","position":2,"name":"Tunisie : Doublement du nombre de bus \u00e0 Ettadhamen"}]},{"@type":"WebSite","@id":"https:\/\/www.webdo.tn\/fr\/#website","url":"https:\/\/www.webdo.tn\/fr\/","name":"webdo","description":"Tunisie - News en Tunisie et \u00e0 l&#039;international sur Webdo.tn","publisher":{"@id":"https:\/\/www.webdo.tn\/fr\/#organization"},"potentialAction":[{"@type":"SearchAction","target":{"@type":"EntryPoint","urlTemplate":"https:\/\/www.webdo.tn\/fr\/?s={search_term_string}"},"query-input":{"@type":"PropertyValueSpecification","valueRequired":true,"valueName":"search_term_string"}}],"inLanguage":"fr-FR"},{"@type":"Organization","@id":"https:\/\/www.webdo.tn\/fr\/#organization","name":"Webdo","alternateName":"Webdo.tn","url":"https:\/\/www.webdo.tn\/fr\/","logo":{"@type":"ImageObject","inLanguage":"fr-FR","@id":"https:\/\/www.webdo.tn\/fr\/#\/schema\/logo\/image\/","url":"https:\/\/www.webdo.tn\/fr\/wp-content\/uploads\/2025\/06\/Webdo-Tunisie_168377.jpg","contentUrl":"https:\/\/www.webdo.tn\/fr\/wp-content\/uploads\/2025\/06\/Webdo-Tunisie_168377.jpg","width":301,"height":301,"caption":"Webdo"},"image":{"@id":"https:\/\/www.webdo.tn\/fr\/#\/schema\/logo\/image\/"},"sameAs":["https:\/\/www.facebook.com\/webdotn","https:\/\/x.com\/webdo_tn"],"description":"Webdo est un m\u00e9dia num\u00e9rique tunisien fond\u00e9 en 2010, sp\u00e9cialis\u00e9 dans l\u2019actualit\u00e9 nationale et internationale, l\u2019\u00e9conomie, la soci\u00e9t\u00e9 et les analyses politiques. Le site s\u2019adresse \u00e0 un large public francophone et couvre l\u2019information tunisienne en temps r\u00e9el.","email":"redac@webdo.tn","legalName":"YNJ SARL","foundingDate":"2010-09-06","numberOfEmployees":{"@type":"QuantitativeValue","minValue":"11","maxValue":"50"}},{"@type":"Person","@id":"https:\/\/www.webdo.tn\/fr\/#\/schema\/person\/82ca085b22037d285e1a3c4b65ba5f71","name":"KJ","image":{"@type":"ImageObject","inLanguage":"fr-FR","@id":"https:\/\/secure.gravatar.com\/avatar\/1a1320de1c1971c893f00068f760b4113d69504aa21273da17ee95650c5944fd?s=96&d=mm&r=g","url":"https:\/\/secure.gravatar.com\/avatar\/1a1320de1c1971c893f00068f760b4113d69504aa21273da17ee95650c5944fd?s=96&d=mm&r=g","contentUrl":"https:\/\/secure.gravatar.com\/avatar\/1a1320de1c1971c893f00068f760b4113d69504aa21273da17ee95650c5944fd?s=96&d=mm&r=g","caption":"KJ"},"url":"https:\/\/www.webdo.tn\/fr\/actualite\/author\/kj\/"}]}},"_links":{"self":[{"href":"https:\/\/www.webdo.tn\/fr\/wp-json\/wp\/v2\/posts\/219813","targetHints":{"allow":["GET"]}}],"collection":[{"href":"https:\/\/www.webdo.tn\/fr\/wp-json\/wp\/v2\/posts"}],"about":[{"href":"https:\/\/www.webdo.tn\/fr\/wp-json\/wp\/v2\/types\/post"}],"author":[{"embeddable":true,"href":"https:\/\/www.webdo.tn\/fr\/wp-json\/wp\/v2\/users\/3163"}],"replies":[{"embeddable":true,"href":"https:\/\/www.webdo.tn\/fr\/wp-json\/wp\/v2\/comments?post=219813"}],"version-history":[{"count":0,"href":"https:\/\/www.webdo.tn\/fr\/wp-json\/wp\/v2\/posts\/219813\/revisions"}],"wp:featuredmedia":[{"embeddable":true,"href":"https:\/\/www.webdo.tn\/fr\/wp-json\/wp\/v2\/media\/291892"}],"wp:attachment":[{"href":"https:\/\/www.webdo.tn\/fr\/wp-json\/wp\/v2\/media?parent=219813"}],"wp:term":[{"taxonomy":"category","embeddable":true,"href":"https:\/\/www.webdo.tn\/fr\/wp-json\/wp\/v2\/categories?post=219813"},{"taxonomy":"post_tag","embeddable":true,"href":"https:\/\/www.webdo.tn\/fr\/wp-json\/wp\/v2\/tags?post=219813"}],"curies":[{"name":"wp","href":"https:\/\/api.w.org\/{rel}","templated":true}]}}