{"id":219809,"date":"2025-02-13T19:58:00","date_gmt":"2025-02-13T19:58:00","guid":{"rendered":"https:\/\/www.webdo.tn\/fr\/blog\/affaire-des-passeports-jebali-et-bhiri-devant-la-chambre-criminelle-specialisee\/219809\/"},"modified":"2025-05-20T22:22:43","modified_gmt":"2025-05-20T22:22:43","slug":"affaire-des-passeports-jebali-et-bhiri-devant-la-chambre-criminelle-specialisee","status":"publish","type":"post","link":"https:\/\/www.webdo.tn\/fr\/actualite\/national\/affaire-des-passeports-jebali-et-bhiri-devant-la-chambre-criminelle-specialisee\/219809\/","title":{"rendered":"Affaire des passeports :  Jebali et Bhiri devant la chambre criminelle sp\u00e9cialis\u00e9e"},"content":{"rendered":"<p>La chambre d&rsquo;accusation comp\u00e9tente pour les affaires de terrorisme aupr\u00e8s de la cour d&rsquo;appel de Tunis a d\u00e9cid\u00e9, lors de son audience tenue ce jeudi, de renvoyer onze accus\u00e9s, dont l&rsquo;ex-Premier ministre Hamadi Jebali, l&rsquo;ex-ministre de la Justice Noureddine Bhiri, Moaz Ghannouchi et des \u00e9trangers, devant la chambre criminelle sp\u00e9cialis\u00e9e dans les affaires de terrorisme.<\/p>\n<p>\t\t\t\t\t\t\t\t\tCela concerne une affaire relative \u00e0 des soup\u00e7ons de fabrication de passeports pour des \u00e9trangers recherch\u00e9s dans des affaires terroristes.<\/p>\n<p>Le juge d&rsquo;instruction au p\u00f4le judiciaire de lutte contre le terrorisme a \u00e9mis des mandats de d\u00e9p\u00f4t \u00e0 l&rsquo;encontre de Noureddine Bhiri, de l&rsquo;ex-responsable s\u00e9curitaire Fathi Belhadi, et a pris des mesures de pr\u00e9caution pour restreindre les d\u00e9placements de Hamadi Jebali et de trois autres accus\u00e9s.<\/p>\n<p>Cette affaire concerne des soup\u00e7ons de fabrication de passeports pour des \u00e9trangers recherch\u00e9s dans des affaires terroristes. La liste des accus\u00e9s inclut \u00e9galement Moaz El Khreiji, qui est jug\u00e9 en fuite, ainsi que des \u00e9trangers eux-m\u00eames jug\u00e9s en fuite.<\/p>\n","protected":false},"excerpt":{"rendered":"<p>La chambre d&rsquo;accusation comp\u00e9tente pour les affaires de terrorisme aupr\u00e8s de la cour d&rsquo;appel de Tunis a d\u00e9cid\u00e9, lors de son audience tenue ce jeudi, de renvoyer&#8230;<\/p>\n","protected":false},"author":3163,"featured_media":291886,"comment_status":"open","ping_status":"closed","sticky":false,"template":"","format":"standard","meta":{"footnotes":""},"categories":[44],"tags":[2619,4628,2608],"class_list":["post-219809","post","type-post","status-publish","format-standard","has-post-thumbnail","hentry","category-national","tag-justice","tag-passeport","tag-tunisie"],"yoast_head":"<!-- This site is optimized with the Yoast SEO Premium plugin v27.5 (Yoast SEO v27.5) - https:\/\/yoast.com\/product\/yoast-seo-premium-wordpress\/ -->\n<title>Affaire des passeports : Jebali et Bhiri devant la chambre criminelle sp\u00e9cialis\u00e9e<\/title>\n<meta name=\"description\" content=\"La chambre d&#039;accusation comp\u00e9tente pour les affaires de terrorisme aupr\u00e8s de la cour d&#039;appel de Tunis a d\u00e9cid\u00e9, lors de son audience tenue ce jeudi, de renvoyer...\" \/>\n<link rel=\"canonical\" href=\"https:\/\/www.webdo.tn\/fr\/actualite\/national\/affaire-des-passeports-jebali-et-bhiri-devant-la-chambre-criminelle-specialisee\/219809\/\" \/>\n<meta property=\"og:locale\" content=\"fr_FR\" \/>\n<meta property=\"og:type\" content=\"article\" \/>\n<meta property=\"og:title\" content=\"Affaire des passeports : Jebali et Bhiri devant la chambre criminelle sp\u00e9cialis\u00e9e\" \/>\n<meta property=\"og:description\" content=\"La chambre d&#039;accusation comp\u00e9tente pour les affaires de terrorisme aupr\u00e8s de la cour d&#039;appel de Tunis a d\u00e9cid\u00e9, lors de son audience tenue ce jeudi, de renvoyer...\" \/>\n<meta property=\"og:url\" content=\"https:\/\/www.webdo.tn\/fr\/actualite\/national\/affaire-des-passeports-jebali-et-bhiri-devant-la-chambre-criminelle-specialisee\/219809\/\" \/>\n<meta property=\"og:site_name\" content=\"webdo\" \/>\n<meta property=\"article:publisher\" content=\"https:\/\/www.facebook.com\/webdotn\" \/>\n<meta property=\"article:published_time\" content=\"2025-02-13T19:58:00+00:00\" \/>\n<meta property=\"article:modified_time\" content=\"2025-05-20T22:22:43+00:00\" \/>\n<meta property=\"og:image\" content=\"https:\/\/www.webdo.tn\/fr\/wp-content\/uploads\/2025\/02\/5dc633e5ab981ddabc77275341007132.webp\" \/>\n\t<meta property=\"og:image:width\" content=\"750\" \/>\n\t<meta property=\"og:image:height\" content=\"400\" \/>\n\t<meta property=\"og:image:type\" content=\"image\/webp\" \/>\n<meta name=\"author\" content=\"KJ\" \/>\n<meta name=\"twitter:card\" content=\"summary_large_image\" \/>\n<meta name=\"twitter:creator\" content=\"@webdo_tn\" \/>\n<meta name=\"twitter:site\" content=\"@webdo_tn\" \/>\n<meta name=\"twitter:label1\" content=\"\u00c9crit par\" \/>\n\t<meta name=\"twitter:data1\" content=\"KJ\" \/>\n\t<meta name=\"twitter:label2\" content=\"Dur\u00e9e de lecture estim\u00e9e\" \/>\n\t<meta name=\"twitter:data2\" content=\"1 minute\" \/>\n<script type=\"application\/ld+json\" class=\"yoast-schema-graph\">{\"@context\":\"https:\\\/\\\/schema.org\",\"@graph\":[{\"@type\":\"NewsArticle\",\"@id\":\"https:\\\/\\\/www.webdo.tn\\\/fr\\\/actualite\\\/national\\\/affaire-des-passeports-jebali-et-bhiri-devant-la-chambre-criminelle-specialisee\\\/219809\\\/#article\",\"isPartOf\":{\"@id\":\"https:\\\/\\\/www.webdo.tn\\\/fr\\\/actualite\\\/national\\\/affaire-des-passeports-jebali-et-bhiri-devant-la-chambre-criminelle-specialisee\\\/219809\\\/\"},\"author\":{\"name\":\"KJ\",\"@id\":\"https:\\\/\\\/www.webdo.tn\\\/fr\\\/#\\\/schema\\\/person\\\/82ca085b22037d285e1a3c4b65ba5f71\"},\"headline\":\"Affaire des passeports : Jebali et Bhiri devant la chambre criminelle sp\u00e9cialis\u00e9e\",\"datePublished\":\"2025-02-13T19:58:00+00:00\",\"dateModified\":\"2025-05-20T22:22:43+00:00\",\"mainEntityOfPage\":{\"@id\":\"https:\\\/\\\/www.webdo.tn\\\/fr\\\/actualite\\\/national\\\/affaire-des-passeports-jebali-et-bhiri-devant-la-chambre-criminelle-specialisee\\\/219809\\\/\"},\"wordCount\":198,\"commentCount\":0,\"publisher\":{\"@id\":\"https:\\\/\\\/www.webdo.tn\\\/fr\\\/#organization\"},\"image\":{\"@id\":\"https:\\\/\\\/www.webdo.tn\\\/fr\\\/actualite\\\/national\\\/affaire-des-passeports-jebali-et-bhiri-devant-la-chambre-criminelle-specialisee\\\/219809\\\/#primaryimage\"},\"thumbnailUrl\":\"https:\\\/\\\/www.webdo.tn\\\/fr\\\/wp-content\\\/uploads\\\/2025\\\/02\\\/5dc633e5ab981ddabc77275341007132.webp\",\"keywords\":[\"justice\",\"passeport\",\"Tunisie\"],\"articleSection\":[\"National\"],\"inLanguage\":\"fr-FR\"},{\"@type\":\"WebPage\",\"@id\":\"https:\\\/\\\/www.webdo.tn\\\/fr\\\/actualite\\\/national\\\/affaire-des-passeports-jebali-et-bhiri-devant-la-chambre-criminelle-specialisee\\\/219809\\\/\",\"url\":\"https:\\\/\\\/www.webdo.tn\\\/fr\\\/actualite\\\/national\\\/affaire-des-passeports-jebali-et-bhiri-devant-la-chambre-criminelle-specialisee\\\/219809\\\/\",\"name\":\"Affaire des passeports : Jebali et Bhiri devant la chambre criminelle sp\u00e9cialis\u00e9e\",\"isPartOf\":{\"@id\":\"https:\\\/\\\/www.webdo.tn\\\/fr\\\/#website\"},\"primaryImageOfPage\":{\"@id\":\"https:\\\/\\\/www.webdo.tn\\\/fr\\\/actualite\\\/national\\\/affaire-des-passeports-jebali-et-bhiri-devant-la-chambre-criminelle-specialisee\\\/219809\\\/#primaryimage\"},\"image\":{\"@id\":\"https:\\\/\\\/www.webdo.tn\\\/fr\\\/actualite\\\/national\\\/affaire-des-passeports-jebali-et-bhiri-devant-la-chambre-criminelle-specialisee\\\/219809\\\/#primaryimage\"},\"thumbnailUrl\":\"https:\\\/\\\/www.webdo.tn\\\/fr\\\/wp-content\\\/uploads\\\/2025\\\/02\\\/5dc633e5ab981ddabc77275341007132.webp\",\"datePublished\":\"2025-02-13T19:58:00+00:00\",\"dateModified\":\"2025-05-20T22:22:43+00:00\",\"description\":\"La chambre d'accusation comp\u00e9tente pour les affaires de terrorisme aupr\u00e8s de la cour d'appel de Tunis a d\u00e9cid\u00e9, lors de son audience tenue ce jeudi, de renvoyer...\",\"breadcrumb\":{\"@id\":\"https:\\\/\\\/www.webdo.tn\\\/fr\\\/actualite\\\/national\\\/affaire-des-passeports-jebali-et-bhiri-devant-la-chambre-criminelle-specialisee\\\/219809\\\/#breadcrumb\"},\"inLanguage\":\"fr-FR\",\"potentialAction\":[{\"@type\":\"ReadAction\",\"target\":[\"https:\\\/\\\/www.webdo.tn\\\/fr\\\/actualite\\\/national\\\/affaire-des-passeports-jebali-et-bhiri-devant-la-chambre-criminelle-specialisee\\\/219809\\\/\"]}]},{\"@type\":\"ImageObject\",\"inLanguage\":\"fr-FR\",\"@id\":\"https:\\\/\\\/www.webdo.tn\\\/fr\\\/actualite\\\/national\\\/affaire-des-passeports-jebali-et-bhiri-devant-la-chambre-criminelle-specialisee\\\/219809\\\/#primaryimage\",\"url\":\"https:\\\/\\\/www.webdo.tn\\\/fr\\\/wp-content\\\/uploads\\\/2025\\\/02\\\/5dc633e5ab981ddabc77275341007132.webp\",\"contentUrl\":\"https:\\\/\\\/www.webdo.tn\\\/fr\\\/wp-content\\\/uploads\\\/2025\\\/02\\\/5dc633e5ab981ddabc77275341007132.webp\",\"width\":750,\"height\":400,\"caption\":\"Affaire des passeports : Jebali et Bhiri devant la chambre criminelle sp\u00e9cialis\u00e9e\"},{\"@type\":\"BreadcrumbList\",\"@id\":\"https:\\\/\\\/www.webdo.tn\\\/fr\\\/actualite\\\/national\\\/affaire-des-passeports-jebali-et-bhiri-devant-la-chambre-criminelle-specialisee\\\/219809\\\/#breadcrumb\",\"itemListElement\":[{\"@type\":\"ListItem\",\"position\":1,\"name\":\"Accueil\",\"item\":\"https:\\\/\\\/www.webdo.tn\\\/fr\\\/\"},{\"@type\":\"ListItem\",\"position\":2,\"name\":\"Affaire des passeports : Jebali et Bhiri devant la chambre criminelle sp\u00e9cialis\u00e9e\"}]},{\"@type\":\"WebSite\",\"@id\":\"https:\\\/\\\/www.webdo.tn\\\/fr\\\/#website\",\"url\":\"https:\\\/\\\/www.webdo.tn\\\/fr\\\/\",\"name\":\"webdo\",\"description\":\"Tunisie - News en Tunisie et \u00e0 l&#039;international sur Webdo.tn\",\"publisher\":{\"@id\":\"https:\\\/\\\/www.webdo.tn\\\/fr\\\/#organization\"},\"potentialAction\":[{\"@type\":\"SearchAction\",\"target\":{\"@type\":\"EntryPoint\",\"urlTemplate\":\"https:\\\/\\\/www.webdo.tn\\\/fr\\\/?s={search_term_string}\"},\"query-input\":{\"@type\":\"PropertyValueSpecification\",\"valueRequired\":true,\"valueName\":\"search_term_string\"}}],\"inLanguage\":\"fr-FR\"},{\"@type\":\"Organization\",\"@id\":\"https:\\\/\\\/www.webdo.tn\\\/fr\\\/#organization\",\"name\":\"Webdo\",\"alternateName\":\"Webdo.tn\",\"url\":\"https:\\\/\\\/www.webdo.tn\\\/fr\\\/\",\"logo\":{\"@type\":\"ImageObject\",\"inLanguage\":\"fr-FR\",\"@id\":\"https:\\\/\\\/www.webdo.tn\\\/fr\\\/#\\\/schema\\\/logo\\\/image\\\/\",\"url\":\"https:\\\/\\\/www.webdo.tn\\\/fr\\\/wp-content\\\/uploads\\\/2025\\\/06\\\/Webdo-Tunisie_168377.jpg\",\"contentUrl\":\"https:\\\/\\\/www.webdo.tn\\\/fr\\\/wp-content\\\/uploads\\\/2025\\\/06\\\/Webdo-Tunisie_168377.jpg\",\"width\":301,\"height\":301,\"caption\":\"Webdo\"},\"image\":{\"@id\":\"https:\\\/\\\/www.webdo.tn\\\/fr\\\/#\\\/schema\\\/logo\\\/image\\\/\"},\"sameAs\":[\"https:\\\/\\\/www.facebook.com\\\/webdotn\",\"https:\\\/\\\/x.com\\\/webdo_tn\"],\"description\":\"Webdo est un m\u00e9dia num\u00e9rique tunisien fond\u00e9 en 2010, sp\u00e9cialis\u00e9 dans l\u2019actualit\u00e9 nationale et internationale, l\u2019\u00e9conomie, la soci\u00e9t\u00e9 et les analyses politiques. Le site s\u2019adresse \u00e0 un large public francophone et couvre l\u2019information tunisienne en temps r\u00e9el.\",\"email\":\"redac@webdo.tn\",\"legalName\":\"YNJ SARL\",\"foundingDate\":\"2010-09-06\",\"numberOfEmployees\":{\"@type\":\"QuantitativeValue\",\"minValue\":\"11\",\"maxValue\":\"50\"}},{\"@type\":\"Person\",\"@id\":\"https:\\\/\\\/www.webdo.tn\\\/fr\\\/#\\\/schema\\\/person\\\/82ca085b22037d285e1a3c4b65ba5f71\",\"name\":\"KJ\",\"image\":{\"@type\":\"ImageObject\",\"inLanguage\":\"fr-FR\",\"@id\":\"https:\\\/\\\/secure.gravatar.com\\\/avatar\\\/1a1320de1c1971c893f00068f760b4113d69504aa21273da17ee95650c5944fd?s=96&d=mm&r=g\",\"url\":\"https:\\\/\\\/secure.gravatar.com\\\/avatar\\\/1a1320de1c1971c893f00068f760b4113d69504aa21273da17ee95650c5944fd?s=96&d=mm&r=g\",\"contentUrl\":\"https:\\\/\\\/secure.gravatar.com\\\/avatar\\\/1a1320de1c1971c893f00068f760b4113d69504aa21273da17ee95650c5944fd?s=96&d=mm&r=g\",\"caption\":\"KJ\"},\"url\":\"https:\\\/\\\/www.webdo.tn\\\/fr\\\/actualite\\\/author\\\/kj\\\/\"}]}<\/script>\n<!-- \/ Yoast SEO Premium plugin. -->","yoast_head_json":{"title":"Affaire des passeports : Jebali et Bhiri devant la chambre criminelle sp\u00e9cialis\u00e9e","description":"La chambre d'accusation comp\u00e9tente pour les affaires de terrorisme aupr\u00e8s de la cour d'appel de Tunis a d\u00e9cid\u00e9, lors de son audience tenue ce jeudi, de renvoyer...","canonical":"https:\/\/www.webdo.tn\/fr\/actualite\/national\/affaire-des-passeports-jebali-et-bhiri-devant-la-chambre-criminelle-specialisee\/219809\/","og_locale":"fr_FR","og_type":"article","og_title":"Affaire des passeports : Jebali et Bhiri devant la chambre criminelle sp\u00e9cialis\u00e9e","og_description":"La chambre d'accusation comp\u00e9tente pour les affaires de terrorisme aupr\u00e8s de la cour d'appel de Tunis a d\u00e9cid\u00e9, lors de son audience tenue ce jeudi, de renvoyer...","og_url":"https:\/\/www.webdo.tn\/fr\/actualite\/national\/affaire-des-passeports-jebali-et-bhiri-devant-la-chambre-criminelle-specialisee\/219809\/","og_site_name":"webdo","article_publisher":"https:\/\/www.facebook.com\/webdotn","article_published_time":"2025-02-13T19:58:00+00:00","article_modified_time":"2025-05-20T22:22:43+00:00","og_image":[{"width":750,"height":400,"url":"https:\/\/www.webdo.tn\/fr\/wp-content\/uploads\/2025\/02\/5dc633e5ab981ddabc77275341007132.webp","type":"image\/webp"}],"author":"KJ","twitter_card":"summary_large_image","twitter_creator":"@webdo_tn","twitter_site":"@webdo_tn","twitter_misc":{"\u00c9crit par":"KJ","Dur\u00e9e de lecture estim\u00e9e":"1 minute"},"schema":{"@context":"https:\/\/schema.org","@graph":[{"@type":"NewsArticle","@id":"https:\/\/www.webdo.tn\/fr\/actualite\/national\/affaire-des-passeports-jebali-et-bhiri-devant-la-chambre-criminelle-specialisee\/219809\/#article","isPartOf":{"@id":"https:\/\/www.webdo.tn\/fr\/actualite\/national\/affaire-des-passeports-jebali-et-bhiri-devant-la-chambre-criminelle-specialisee\/219809\/"},"author":{"name":"KJ","@id":"https:\/\/www.webdo.tn\/fr\/#\/schema\/person\/82ca085b22037d285e1a3c4b65ba5f71"},"headline":"Affaire des passeports : Jebali et Bhiri devant la chambre criminelle sp\u00e9cialis\u00e9e","datePublished":"2025-02-13T19:58:00+00:00","dateModified":"2025-05-20T22:22:43+00:00","mainEntityOfPage":{"@id":"https:\/\/www.webdo.tn\/fr\/actualite\/national\/affaire-des-passeports-jebali-et-bhiri-devant-la-chambre-criminelle-specialisee\/219809\/"},"wordCount":198,"commentCount":0,"publisher":{"@id":"https:\/\/www.webdo.tn\/fr\/#organization"},"image":{"@id":"https:\/\/www.webdo.tn\/fr\/actualite\/national\/affaire-des-passeports-jebali-et-bhiri-devant-la-chambre-criminelle-specialisee\/219809\/#primaryimage"},"thumbnailUrl":"https:\/\/www.webdo.tn\/fr\/wp-content\/uploads\/2025\/02\/5dc633e5ab981ddabc77275341007132.webp","keywords":["justice","passeport","Tunisie"],"articleSection":["National"],"inLanguage":"fr-FR"},{"@type":"WebPage","@id":"https:\/\/www.webdo.tn\/fr\/actualite\/national\/affaire-des-passeports-jebali-et-bhiri-devant-la-chambre-criminelle-specialisee\/219809\/","url":"https:\/\/www.webdo.tn\/fr\/actualite\/national\/affaire-des-passeports-jebali-et-bhiri-devant-la-chambre-criminelle-specialisee\/219809\/","name":"Affaire des passeports : Jebali et Bhiri devant la chambre criminelle sp\u00e9cialis\u00e9e","isPartOf":{"@id":"https:\/\/www.webdo.tn\/fr\/#website"},"primaryImageOfPage":{"@id":"https:\/\/www.webdo.tn\/fr\/actualite\/national\/affaire-des-passeports-jebali-et-bhiri-devant-la-chambre-criminelle-specialisee\/219809\/#primaryimage"},"image":{"@id":"https:\/\/www.webdo.tn\/fr\/actualite\/national\/affaire-des-passeports-jebali-et-bhiri-devant-la-chambre-criminelle-specialisee\/219809\/#primaryimage"},"thumbnailUrl":"https:\/\/www.webdo.tn\/fr\/wp-content\/uploads\/2025\/02\/5dc633e5ab981ddabc77275341007132.webp","datePublished":"2025-02-13T19:58:00+00:00","dateModified":"2025-05-20T22:22:43+00:00","description":"La chambre d'accusation comp\u00e9tente pour les affaires de terrorisme aupr\u00e8s de la cour d'appel de Tunis a d\u00e9cid\u00e9, lors de son audience tenue ce jeudi, de renvoyer...","breadcrumb":{"@id":"https:\/\/www.webdo.tn\/fr\/actualite\/national\/affaire-des-passeports-jebali-et-bhiri-devant-la-chambre-criminelle-specialisee\/219809\/#breadcrumb"},"inLanguage":"fr-FR","potentialAction":[{"@type":"ReadAction","target":["https:\/\/www.webdo.tn\/fr\/actualite\/national\/affaire-des-passeports-jebali-et-bhiri-devant-la-chambre-criminelle-specialisee\/219809\/"]}]},{"@type":"ImageObject","inLanguage":"fr-FR","@id":"https:\/\/www.webdo.tn\/fr\/actualite\/national\/affaire-des-passeports-jebali-et-bhiri-devant-la-chambre-criminelle-specialisee\/219809\/#primaryimage","url":"https:\/\/www.webdo.tn\/fr\/wp-content\/uploads\/2025\/02\/5dc633e5ab981ddabc77275341007132.webp","contentUrl":"https:\/\/www.webdo.tn\/fr\/wp-content\/uploads\/2025\/02\/5dc633e5ab981ddabc77275341007132.webp","width":750,"height":400,"caption":"Affaire des passeports : Jebali et Bhiri devant la chambre criminelle sp\u00e9cialis\u00e9e"},{"@type":"BreadcrumbList","@id":"https:\/\/www.webdo.tn\/fr\/actualite\/national\/affaire-des-passeports-jebali-et-bhiri-devant-la-chambre-criminelle-specialisee\/219809\/#breadcrumb","itemListElement":[{"@type":"ListItem","position":1,"name":"Accueil","item":"https:\/\/www.webdo.tn\/fr\/"},{"@type":"ListItem","position":2,"name":"Affaire des passeports : Jebali et Bhiri devant la chambre criminelle sp\u00e9cialis\u00e9e"}]},{"@type":"WebSite","@id":"https:\/\/www.webdo.tn\/fr\/#website","url":"https:\/\/www.webdo.tn\/fr\/","name":"webdo","description":"Tunisie - News en Tunisie et \u00e0 l&#039;international sur Webdo.tn","publisher":{"@id":"https:\/\/www.webdo.tn\/fr\/#organization"},"potentialAction":[{"@type":"SearchAction","target":{"@type":"EntryPoint","urlTemplate":"https:\/\/www.webdo.tn\/fr\/?s={search_term_string}"},"query-input":{"@type":"PropertyValueSpecification","valueRequired":true,"valueName":"search_term_string"}}],"inLanguage":"fr-FR"},{"@type":"Organization","@id":"https:\/\/www.webdo.tn\/fr\/#organization","name":"Webdo","alternateName":"Webdo.tn","url":"https:\/\/www.webdo.tn\/fr\/","logo":{"@type":"ImageObject","inLanguage":"fr-FR","@id":"https:\/\/www.webdo.tn\/fr\/#\/schema\/logo\/image\/","url":"https:\/\/www.webdo.tn\/fr\/wp-content\/uploads\/2025\/06\/Webdo-Tunisie_168377.jpg","contentUrl":"https:\/\/www.webdo.tn\/fr\/wp-content\/uploads\/2025\/06\/Webdo-Tunisie_168377.jpg","width":301,"height":301,"caption":"Webdo"},"image":{"@id":"https:\/\/www.webdo.tn\/fr\/#\/schema\/logo\/image\/"},"sameAs":["https:\/\/www.facebook.com\/webdotn","https:\/\/x.com\/webdo_tn"],"description":"Webdo est un m\u00e9dia num\u00e9rique tunisien fond\u00e9 en 2010, sp\u00e9cialis\u00e9 dans l\u2019actualit\u00e9 nationale et internationale, l\u2019\u00e9conomie, la soci\u00e9t\u00e9 et les analyses politiques. Le site s\u2019adresse \u00e0 un large public francophone et couvre l\u2019information tunisienne en temps r\u00e9el.","email":"redac@webdo.tn","legalName":"YNJ SARL","foundingDate":"2010-09-06","numberOfEmployees":{"@type":"QuantitativeValue","minValue":"11","maxValue":"50"}},{"@type":"Person","@id":"https:\/\/www.webdo.tn\/fr\/#\/schema\/person\/82ca085b22037d285e1a3c4b65ba5f71","name":"KJ","image":{"@type":"ImageObject","inLanguage":"fr-FR","@id":"https:\/\/secure.gravatar.com\/avatar\/1a1320de1c1971c893f00068f760b4113d69504aa21273da17ee95650c5944fd?s=96&d=mm&r=g","url":"https:\/\/secure.gravatar.com\/avatar\/1a1320de1c1971c893f00068f760b4113d69504aa21273da17ee95650c5944fd?s=96&d=mm&r=g","contentUrl":"https:\/\/secure.gravatar.com\/avatar\/1a1320de1c1971c893f00068f760b4113d69504aa21273da17ee95650c5944fd?s=96&d=mm&r=g","caption":"KJ"},"url":"https:\/\/www.webdo.tn\/fr\/actualite\/author\/kj\/"}]}},"_links":{"self":[{"href":"https:\/\/www.webdo.tn\/fr\/wp-json\/wp\/v2\/posts\/219809","targetHints":{"allow":["GET"]}}],"collection":[{"href":"https:\/\/www.webdo.tn\/fr\/wp-json\/wp\/v2\/posts"}],"about":[{"href":"https:\/\/www.webdo.tn\/fr\/wp-json\/wp\/v2\/types\/post"}],"author":[{"embeddable":true,"href":"https:\/\/www.webdo.tn\/fr\/wp-json\/wp\/v2\/users\/3163"}],"replies":[{"embeddable":true,"href":"https:\/\/www.webdo.tn\/fr\/wp-json\/wp\/v2\/comments?post=219809"}],"version-history":[{"count":0,"href":"https:\/\/www.webdo.tn\/fr\/wp-json\/wp\/v2\/posts\/219809\/revisions"}],"wp:featuredmedia":[{"embeddable":true,"href":"https:\/\/www.webdo.tn\/fr\/wp-json\/wp\/v2\/media\/291886"}],"wp:attachment":[{"href":"https:\/\/www.webdo.tn\/fr\/wp-json\/wp\/v2\/media?parent=219809"}],"wp:term":[{"taxonomy":"category","embeddable":true,"href":"https:\/\/www.webdo.tn\/fr\/wp-json\/wp\/v2\/categories?post=219809"},{"taxonomy":"post_tag","embeddable":true,"href":"https:\/\/www.webdo.tn\/fr\/wp-json\/wp\/v2\/tags?post=219809"}],"curies":[{"name":"wp","href":"https:\/\/api.w.org\/{rel}","templated":true}]}}