{"id":219717,"date":"2025-02-10T11:54:00","date_gmt":"2025-02-10T11:54:00","guid":{"rendered":"https:\/\/www.webdo.tn\/fr\/blog\/2025\/02\/10\/tunisie-un-cadre-bancaire-ecope-de-20-ans-de-prison\/"},"modified":"2025-05-20T21:43:07","modified_gmt":"2025-05-20T21:43:07","slug":"tunisie-un-cadre-bancaire-ecope-de-20-ans-de-prison","status":"publish","type":"post","link":"https:\/\/www.webdo.tn\/fr\/actualite\/national\/tunisie-un-cadre-bancaire-ecope-de-20-ans-de-prison\/219717\/","title":{"rendered":"Tunisie : Un cadre bancaire \u00e9cope de 20 ans de prison"},"content":{"rendered":"<p>La chambre criminelle du tribunal de premi\u00e8re instance de Tunis a prononc\u00e9 une peine de vingt ans de prison, assortie d&rsquo;une amende, \u00e0 l&rsquo;encontre d&rsquo;un cadre d&rsquo;une agence bancaire situ\u00e9e \u00e0 Ben Arous.<\/p>\n<p>Ce dernier a \u00e9t\u00e9 reconnu coupable de d\u00e9tournement de fonds appartenant \u00e0 plusieurs clients dans cette affaire qui a \u00e9clat\u00e9 apr\u00e8s qu&rsquo;un client a signal\u00e9 une anomalie dans ses d\u00e9p\u00f4ts bancaires.<\/p>\n<p>Apr\u00e8s une enqu\u00eate amen\u00e9e par les autorit\u00e9s comp\u00e9tentes de cette banque publique il s\u2019est av\u00e9r\u00e9 que le cadre en question avait falsifi\u00e9 des documents et manipul\u00e9 des donn\u00e9es pour s&rsquo;approprier illicitement des sommes d&rsquo;argent \u00e0 travers plusieurs transactions.<\/p>\n<p>Arr\u00eat\u00e9 et plac\u00e9 en d\u00e9tention provisoire, le pr\u00e9venu a comparu devant la chambre criminelle du tribunal, qui l\u2019a finalement condamn\u00e9 \u00e0 vingt ans de r\u00e9clusion, assortis d\u2019une amende, rapporte aujourd\u2019hui Mosaique fm.<\/p>\n","protected":false},"excerpt":{"rendered":"<p>La chambre criminelle du tribunal de premi\u00e8re instance de Tunis a prononc\u00e9 une peine de vingt ans de prison, assortie d&rsquo;une amende, \u00e0 l&rsquo;encontre d&rsquo;un cadre d&rsquo;un&#8230;<\/p>\n","protected":false},"author":3162,"featured_media":242310,"comment_status":"open","ping_status":"open","sticky":false,"template":"","format":"standard","meta":{"footnotes":""},"categories":[44],"tags":[4059,2835,2996,2608],"class_list":["post-219717","post","type-post","status-publish","format-standard","has-post-thumbnail","hentry","category-national","tag-cadre-bancaire","tag-condamnation","tag-detournement-de-fonds","tag-tunisie"],"yoast_head":"<!-- This site is optimized with the Yoast SEO Premium plugin v27.5 (Yoast SEO v27.5) - https:\/\/yoast.com\/product\/yoast-seo-premium-wordpress\/ -->\n<title>Tunisie : Un cadre bancaire \u00e9cope de 20 ans de prison<\/title>\n<meta name=\"description\" content=\"La chambre criminelle du tribunal de premi\u00e8re instance de Tunis a prononc\u00e9 une peine de vingt ans de prison, assortie d&#039;une amende, \u00e0 l&#039;encontre d&#039;un cadre d&#039;un...\" \/>\n<link rel=\"canonical\" href=\"https:\/\/www.webdo.tn\/fr\/actualite\/national\/tunisie-un-cadre-bancaire-ecope-de-20-ans-de-prison\/219717\/\" \/>\n<meta property=\"og:locale\" content=\"fr_FR\" \/>\n<meta property=\"og:type\" content=\"article\" \/>\n<meta property=\"og:title\" content=\"Tunisie : Un cadre bancaire \u00e9cope de 20 ans de prison\" \/>\n<meta property=\"og:description\" content=\"La chambre criminelle du tribunal de premi\u00e8re instance de Tunis a prononc\u00e9 une peine de vingt ans de prison, assortie d&#039;une amende, \u00e0 l&#039;encontre d&#039;un cadre d&#039;un...\" \/>\n<meta property=\"og:url\" content=\"https:\/\/www.webdo.tn\/fr\/actualite\/national\/tunisie-un-cadre-bancaire-ecope-de-20-ans-de-prison\/219717\/\" \/>\n<meta property=\"og:site_name\" content=\"webdo\" \/>\n<meta property=\"article:publisher\" content=\"https:\/\/www.facebook.com\/webdotn\" \/>\n<meta property=\"article:published_time\" content=\"2025-02-10T11:54:00+00:00\" \/>\n<meta property=\"article:modified_time\" content=\"2025-05-20T21:43:07+00:00\" \/>\n<meta property=\"og:image\" content=\"https:\/\/www.webdo.tn\/fr\/wp-content\/uploads\/2025\/05\/89bbf36a10e022a24f6759423572d358-2.webp\" \/>\n\t<meta property=\"og:image:width\" content=\"650\" \/>\n\t<meta property=\"og:image:height\" content=\"347\" \/>\n\t<meta property=\"og:image:type\" content=\"image\/webp\" \/>\n<meta name=\"author\" content=\"MC\" \/>\n<meta name=\"twitter:card\" content=\"summary_large_image\" \/>\n<meta name=\"twitter:creator\" content=\"@webdo_tn\" \/>\n<meta name=\"twitter:site\" content=\"@webdo_tn\" \/>\n<meta name=\"twitter:label1\" content=\"\u00c9crit par\" \/>\n\t<meta name=\"twitter:data1\" content=\"MC\" \/>\n\t<meta name=\"twitter:label2\" content=\"Dur\u00e9e de lecture estim\u00e9e\" \/>\n\t<meta name=\"twitter:data2\" content=\"1 minute\" \/>\n<script type=\"application\/ld+json\" class=\"yoast-schema-graph\">{\"@context\":\"https:\\\/\\\/schema.org\",\"@graph\":[{\"@type\":\"NewsArticle\",\"@id\":\"https:\\\/\\\/www.webdo.tn\\\/fr\\\/actualite\\\/national\\\/tunisie-un-cadre-bancaire-ecope-de-20-ans-de-prison\\\/219717\\\/#article\",\"isPartOf\":{\"@id\":\"https:\\\/\\\/www.webdo.tn\\\/fr\\\/actualite\\\/national\\\/tunisie-un-cadre-bancaire-ecope-de-20-ans-de-prison\\\/219717\\\/\"},\"author\":{\"name\":\"MC\",\"@id\":\"https:\\\/\\\/www.webdo.tn\\\/fr\\\/#\\\/schema\\\/person\\\/2c4929cbf5a809e3bd38617c6ce150f6\"},\"headline\":\"Tunisie : Un cadre bancaire \u00e9cope de 20 ans de prison\",\"datePublished\":\"2025-02-10T11:54:00+00:00\",\"dateModified\":\"2025-05-20T21:43:07+00:00\",\"mainEntityOfPage\":{\"@id\":\"https:\\\/\\\/www.webdo.tn\\\/fr\\\/actualite\\\/national\\\/tunisie-un-cadre-bancaire-ecope-de-20-ans-de-prison\\\/219717\\\/\"},\"wordCount\":166,\"commentCount\":0,\"publisher\":{\"@id\":\"https:\\\/\\\/www.webdo.tn\\\/fr\\\/#organization\"},\"image\":{\"@id\":\"https:\\\/\\\/www.webdo.tn\\\/fr\\\/actualite\\\/national\\\/tunisie-un-cadre-bancaire-ecope-de-20-ans-de-prison\\\/219717\\\/#primaryimage\"},\"thumbnailUrl\":\"https:\\\/\\\/www.webdo.tn\\\/fr\\\/wp-content\\\/uploads\\\/2025\\\/05\\\/89bbf36a10e022a24f6759423572d358-2.webp\",\"keywords\":[\"Cadre bancaire\",\"condamnation\",\"d\u00e9tournement de fonds\",\"Tunisie\"],\"articleSection\":[\"National\"],\"inLanguage\":\"fr-FR\"},{\"@type\":\"WebPage\",\"@id\":\"https:\\\/\\\/www.webdo.tn\\\/fr\\\/actualite\\\/national\\\/tunisie-un-cadre-bancaire-ecope-de-20-ans-de-prison\\\/219717\\\/\",\"url\":\"https:\\\/\\\/www.webdo.tn\\\/fr\\\/actualite\\\/national\\\/tunisie-un-cadre-bancaire-ecope-de-20-ans-de-prison\\\/219717\\\/\",\"name\":\"Tunisie : Un cadre bancaire \u00e9cope de 20 ans de prison\",\"isPartOf\":{\"@id\":\"https:\\\/\\\/www.webdo.tn\\\/fr\\\/#website\"},\"primaryImageOfPage\":{\"@id\":\"https:\\\/\\\/www.webdo.tn\\\/fr\\\/actualite\\\/national\\\/tunisie-un-cadre-bancaire-ecope-de-20-ans-de-prison\\\/219717\\\/#primaryimage\"},\"image\":{\"@id\":\"https:\\\/\\\/www.webdo.tn\\\/fr\\\/actualite\\\/national\\\/tunisie-un-cadre-bancaire-ecope-de-20-ans-de-prison\\\/219717\\\/#primaryimage\"},\"thumbnailUrl\":\"https:\\\/\\\/www.webdo.tn\\\/fr\\\/wp-content\\\/uploads\\\/2025\\\/05\\\/89bbf36a10e022a24f6759423572d358-2.webp\",\"datePublished\":\"2025-02-10T11:54:00+00:00\",\"dateModified\":\"2025-05-20T21:43:07+00:00\",\"description\":\"La chambre criminelle du tribunal de premi\u00e8re instance de Tunis a prononc\u00e9 une peine de vingt ans de prison, assortie d'une amende, \u00e0 l'encontre d'un cadre d'un...\",\"breadcrumb\":{\"@id\":\"https:\\\/\\\/www.webdo.tn\\\/fr\\\/actualite\\\/national\\\/tunisie-un-cadre-bancaire-ecope-de-20-ans-de-prison\\\/219717\\\/#breadcrumb\"},\"inLanguage\":\"fr-FR\",\"potentialAction\":[{\"@type\":\"ReadAction\",\"target\":[\"https:\\\/\\\/www.webdo.tn\\\/fr\\\/actualite\\\/national\\\/tunisie-un-cadre-bancaire-ecope-de-20-ans-de-prison\\\/219717\\\/\"]}]},{\"@type\":\"ImageObject\",\"inLanguage\":\"fr-FR\",\"@id\":\"https:\\\/\\\/www.webdo.tn\\\/fr\\\/actualite\\\/national\\\/tunisie-un-cadre-bancaire-ecope-de-20-ans-de-prison\\\/219717\\\/#primaryimage\",\"url\":\"https:\\\/\\\/www.webdo.tn\\\/fr\\\/wp-content\\\/uploads\\\/2025\\\/05\\\/89bbf36a10e022a24f6759423572d358-2.webp\",\"contentUrl\":\"https:\\\/\\\/www.webdo.tn\\\/fr\\\/wp-content\\\/uploads\\\/2025\\\/05\\\/89bbf36a10e022a24f6759423572d358-2.webp\",\"width\":650,\"height\":347},{\"@type\":\"BreadcrumbList\",\"@id\":\"https:\\\/\\\/www.webdo.tn\\\/fr\\\/actualite\\\/national\\\/tunisie-un-cadre-bancaire-ecope-de-20-ans-de-prison\\\/219717\\\/#breadcrumb\",\"itemListElement\":[{\"@type\":\"ListItem\",\"position\":1,\"name\":\"Accueil\",\"item\":\"https:\\\/\\\/www.webdo.tn\\\/fr\\\/\"},{\"@type\":\"ListItem\",\"position\":2,\"name\":\"Tunisie : Un cadre bancaire \u00e9cope de 20 ans de prison\"}]},{\"@type\":\"WebSite\",\"@id\":\"https:\\\/\\\/www.webdo.tn\\\/fr\\\/#website\",\"url\":\"https:\\\/\\\/www.webdo.tn\\\/fr\\\/\",\"name\":\"webdo\",\"description\":\"Tunisie - News en Tunisie et \u00e0 l&#039;international sur Webdo.tn\",\"publisher\":{\"@id\":\"https:\\\/\\\/www.webdo.tn\\\/fr\\\/#organization\"},\"potentialAction\":[{\"@type\":\"SearchAction\",\"target\":{\"@type\":\"EntryPoint\",\"urlTemplate\":\"https:\\\/\\\/www.webdo.tn\\\/fr\\\/?s={search_term_string}\"},\"query-input\":{\"@type\":\"PropertyValueSpecification\",\"valueRequired\":true,\"valueName\":\"search_term_string\"}}],\"inLanguage\":\"fr-FR\"},{\"@type\":\"Organization\",\"@id\":\"https:\\\/\\\/www.webdo.tn\\\/fr\\\/#organization\",\"name\":\"Webdo\",\"alternateName\":\"Webdo.tn\",\"url\":\"https:\\\/\\\/www.webdo.tn\\\/fr\\\/\",\"logo\":{\"@type\":\"ImageObject\",\"inLanguage\":\"fr-FR\",\"@id\":\"https:\\\/\\\/www.webdo.tn\\\/fr\\\/#\\\/schema\\\/logo\\\/image\\\/\",\"url\":\"https:\\\/\\\/www.webdo.tn\\\/fr\\\/wp-content\\\/uploads\\\/2025\\\/06\\\/Webdo-Tunisie_168377.jpg\",\"contentUrl\":\"https:\\\/\\\/www.webdo.tn\\\/fr\\\/wp-content\\\/uploads\\\/2025\\\/06\\\/Webdo-Tunisie_168377.jpg\",\"width\":301,\"height\":301,\"caption\":\"Webdo\"},\"image\":{\"@id\":\"https:\\\/\\\/www.webdo.tn\\\/fr\\\/#\\\/schema\\\/logo\\\/image\\\/\"},\"sameAs\":[\"https:\\\/\\\/www.facebook.com\\\/webdotn\",\"https:\\\/\\\/x.com\\\/webdo_tn\"],\"description\":\"Webdo est un m\u00e9dia num\u00e9rique tunisien fond\u00e9 en 2010, sp\u00e9cialis\u00e9 dans l\u2019actualit\u00e9 nationale et internationale, l\u2019\u00e9conomie, la soci\u00e9t\u00e9 et les analyses politiques. Le site s\u2019adresse \u00e0 un large public francophone et couvre l\u2019information tunisienne en temps r\u00e9el.\",\"email\":\"redac@webdo.tn\",\"legalName\":\"YNJ SARL\",\"foundingDate\":\"2010-09-06\",\"numberOfEmployees\":{\"@type\":\"QuantitativeValue\",\"minValue\":\"11\",\"maxValue\":\"50\"}},{\"@type\":\"Person\",\"@id\":\"https:\\\/\\\/www.webdo.tn\\\/fr\\\/#\\\/schema\\\/person\\\/2c4929cbf5a809e3bd38617c6ce150f6\",\"name\":\"MC\",\"image\":{\"@type\":\"ImageObject\",\"inLanguage\":\"fr-FR\",\"@id\":\"https:\\\/\\\/secure.gravatar.com\\\/avatar\\\/a545bbb6f84efdd5553dbbc2895e3ca8f1d12c5215e00a041c9670b54aa9b18a?s=96&d=mm&r=g\",\"url\":\"https:\\\/\\\/secure.gravatar.com\\\/avatar\\\/a545bbb6f84efdd5553dbbc2895e3ca8f1d12c5215e00a041c9670b54aa9b18a?s=96&d=mm&r=g\",\"contentUrl\":\"https:\\\/\\\/secure.gravatar.com\\\/avatar\\\/a545bbb6f84efdd5553dbbc2895e3ca8f1d12c5215e00a041c9670b54aa9b18a?s=96&d=mm&r=g\",\"caption\":\"MC\"},\"url\":\"https:\\\/\\\/www.webdo.tn\\\/fr\\\/actualite\\\/author\\\/mc\\\/\"}]}<\/script>\n<!-- \/ Yoast SEO Premium plugin. -->","yoast_head_json":{"title":"Tunisie : Un cadre bancaire \u00e9cope de 20 ans de prison","description":"La chambre criminelle du tribunal de premi\u00e8re instance de Tunis a prononc\u00e9 une peine de vingt ans de prison, assortie d'une amende, \u00e0 l'encontre d'un cadre d'un...","canonical":"https:\/\/www.webdo.tn\/fr\/actualite\/national\/tunisie-un-cadre-bancaire-ecope-de-20-ans-de-prison\/219717\/","og_locale":"fr_FR","og_type":"article","og_title":"Tunisie : Un cadre bancaire \u00e9cope de 20 ans de prison","og_description":"La chambre criminelle du tribunal de premi\u00e8re instance de Tunis a prononc\u00e9 une peine de vingt ans de prison, assortie d'une amende, \u00e0 l'encontre d'un cadre d'un...","og_url":"https:\/\/www.webdo.tn\/fr\/actualite\/national\/tunisie-un-cadre-bancaire-ecope-de-20-ans-de-prison\/219717\/","og_site_name":"webdo","article_publisher":"https:\/\/www.facebook.com\/webdotn","article_published_time":"2025-02-10T11:54:00+00:00","article_modified_time":"2025-05-20T21:43:07+00:00","og_image":[{"width":650,"height":347,"url":"https:\/\/www.webdo.tn\/fr\/wp-content\/uploads\/2025\/05\/89bbf36a10e022a24f6759423572d358-2.webp","type":"image\/webp"}],"author":"MC","twitter_card":"summary_large_image","twitter_creator":"@webdo_tn","twitter_site":"@webdo_tn","twitter_misc":{"\u00c9crit par":"MC","Dur\u00e9e de lecture estim\u00e9e":"1 minute"},"schema":{"@context":"https:\/\/schema.org","@graph":[{"@type":"NewsArticle","@id":"https:\/\/www.webdo.tn\/fr\/actualite\/national\/tunisie-un-cadre-bancaire-ecope-de-20-ans-de-prison\/219717\/#article","isPartOf":{"@id":"https:\/\/www.webdo.tn\/fr\/actualite\/national\/tunisie-un-cadre-bancaire-ecope-de-20-ans-de-prison\/219717\/"},"author":{"name":"MC","@id":"https:\/\/www.webdo.tn\/fr\/#\/schema\/person\/2c4929cbf5a809e3bd38617c6ce150f6"},"headline":"Tunisie : Un cadre bancaire \u00e9cope de 20 ans de prison","datePublished":"2025-02-10T11:54:00+00:00","dateModified":"2025-05-20T21:43:07+00:00","mainEntityOfPage":{"@id":"https:\/\/www.webdo.tn\/fr\/actualite\/national\/tunisie-un-cadre-bancaire-ecope-de-20-ans-de-prison\/219717\/"},"wordCount":166,"commentCount":0,"publisher":{"@id":"https:\/\/www.webdo.tn\/fr\/#organization"},"image":{"@id":"https:\/\/www.webdo.tn\/fr\/actualite\/national\/tunisie-un-cadre-bancaire-ecope-de-20-ans-de-prison\/219717\/#primaryimage"},"thumbnailUrl":"https:\/\/www.webdo.tn\/fr\/wp-content\/uploads\/2025\/05\/89bbf36a10e022a24f6759423572d358-2.webp","keywords":["Cadre bancaire","condamnation","d\u00e9tournement de fonds","Tunisie"],"articleSection":["National"],"inLanguage":"fr-FR"},{"@type":"WebPage","@id":"https:\/\/www.webdo.tn\/fr\/actualite\/national\/tunisie-un-cadre-bancaire-ecope-de-20-ans-de-prison\/219717\/","url":"https:\/\/www.webdo.tn\/fr\/actualite\/national\/tunisie-un-cadre-bancaire-ecope-de-20-ans-de-prison\/219717\/","name":"Tunisie : Un cadre bancaire \u00e9cope de 20 ans de prison","isPartOf":{"@id":"https:\/\/www.webdo.tn\/fr\/#website"},"primaryImageOfPage":{"@id":"https:\/\/www.webdo.tn\/fr\/actualite\/national\/tunisie-un-cadre-bancaire-ecope-de-20-ans-de-prison\/219717\/#primaryimage"},"image":{"@id":"https:\/\/www.webdo.tn\/fr\/actualite\/national\/tunisie-un-cadre-bancaire-ecope-de-20-ans-de-prison\/219717\/#primaryimage"},"thumbnailUrl":"https:\/\/www.webdo.tn\/fr\/wp-content\/uploads\/2025\/05\/89bbf36a10e022a24f6759423572d358-2.webp","datePublished":"2025-02-10T11:54:00+00:00","dateModified":"2025-05-20T21:43:07+00:00","description":"La chambre criminelle du tribunal de premi\u00e8re instance de Tunis a prononc\u00e9 une peine de vingt ans de prison, assortie d'une amende, \u00e0 l'encontre d'un cadre d'un...","breadcrumb":{"@id":"https:\/\/www.webdo.tn\/fr\/actualite\/national\/tunisie-un-cadre-bancaire-ecope-de-20-ans-de-prison\/219717\/#breadcrumb"},"inLanguage":"fr-FR","potentialAction":[{"@type":"ReadAction","target":["https:\/\/www.webdo.tn\/fr\/actualite\/national\/tunisie-un-cadre-bancaire-ecope-de-20-ans-de-prison\/219717\/"]}]},{"@type":"ImageObject","inLanguage":"fr-FR","@id":"https:\/\/www.webdo.tn\/fr\/actualite\/national\/tunisie-un-cadre-bancaire-ecope-de-20-ans-de-prison\/219717\/#primaryimage","url":"https:\/\/www.webdo.tn\/fr\/wp-content\/uploads\/2025\/05\/89bbf36a10e022a24f6759423572d358-2.webp","contentUrl":"https:\/\/www.webdo.tn\/fr\/wp-content\/uploads\/2025\/05\/89bbf36a10e022a24f6759423572d358-2.webp","width":650,"height":347},{"@type":"BreadcrumbList","@id":"https:\/\/www.webdo.tn\/fr\/actualite\/national\/tunisie-un-cadre-bancaire-ecope-de-20-ans-de-prison\/219717\/#breadcrumb","itemListElement":[{"@type":"ListItem","position":1,"name":"Accueil","item":"https:\/\/www.webdo.tn\/fr\/"},{"@type":"ListItem","position":2,"name":"Tunisie : Un cadre bancaire \u00e9cope de 20 ans de prison"}]},{"@type":"WebSite","@id":"https:\/\/www.webdo.tn\/fr\/#website","url":"https:\/\/www.webdo.tn\/fr\/","name":"webdo","description":"Tunisie - News en Tunisie et \u00e0 l&#039;international sur Webdo.tn","publisher":{"@id":"https:\/\/www.webdo.tn\/fr\/#organization"},"potentialAction":[{"@type":"SearchAction","target":{"@type":"EntryPoint","urlTemplate":"https:\/\/www.webdo.tn\/fr\/?s={search_term_string}"},"query-input":{"@type":"PropertyValueSpecification","valueRequired":true,"valueName":"search_term_string"}}],"inLanguage":"fr-FR"},{"@type":"Organization","@id":"https:\/\/www.webdo.tn\/fr\/#organization","name":"Webdo","alternateName":"Webdo.tn","url":"https:\/\/www.webdo.tn\/fr\/","logo":{"@type":"ImageObject","inLanguage":"fr-FR","@id":"https:\/\/www.webdo.tn\/fr\/#\/schema\/logo\/image\/","url":"https:\/\/www.webdo.tn\/fr\/wp-content\/uploads\/2025\/06\/Webdo-Tunisie_168377.jpg","contentUrl":"https:\/\/www.webdo.tn\/fr\/wp-content\/uploads\/2025\/06\/Webdo-Tunisie_168377.jpg","width":301,"height":301,"caption":"Webdo"},"image":{"@id":"https:\/\/www.webdo.tn\/fr\/#\/schema\/logo\/image\/"},"sameAs":["https:\/\/www.facebook.com\/webdotn","https:\/\/x.com\/webdo_tn"],"description":"Webdo est un m\u00e9dia num\u00e9rique tunisien fond\u00e9 en 2010, sp\u00e9cialis\u00e9 dans l\u2019actualit\u00e9 nationale et internationale, l\u2019\u00e9conomie, la soci\u00e9t\u00e9 et les analyses politiques. Le site s\u2019adresse \u00e0 un large public francophone et couvre l\u2019information tunisienne en temps r\u00e9el.","email":"redac@webdo.tn","legalName":"YNJ SARL","foundingDate":"2010-09-06","numberOfEmployees":{"@type":"QuantitativeValue","minValue":"11","maxValue":"50"}},{"@type":"Person","@id":"https:\/\/www.webdo.tn\/fr\/#\/schema\/person\/2c4929cbf5a809e3bd38617c6ce150f6","name":"MC","image":{"@type":"ImageObject","inLanguage":"fr-FR","@id":"https:\/\/secure.gravatar.com\/avatar\/a545bbb6f84efdd5553dbbc2895e3ca8f1d12c5215e00a041c9670b54aa9b18a?s=96&d=mm&r=g","url":"https:\/\/secure.gravatar.com\/avatar\/a545bbb6f84efdd5553dbbc2895e3ca8f1d12c5215e00a041c9670b54aa9b18a?s=96&d=mm&r=g","contentUrl":"https:\/\/secure.gravatar.com\/avatar\/a545bbb6f84efdd5553dbbc2895e3ca8f1d12c5215e00a041c9670b54aa9b18a?s=96&d=mm&r=g","caption":"MC"},"url":"https:\/\/www.webdo.tn\/fr\/actualite\/author\/mc\/"}]}},"_links":{"self":[{"href":"https:\/\/www.webdo.tn\/fr\/wp-json\/wp\/v2\/posts\/219717","targetHints":{"allow":["GET"]}}],"collection":[{"href":"https:\/\/www.webdo.tn\/fr\/wp-json\/wp\/v2\/posts"}],"about":[{"href":"https:\/\/www.webdo.tn\/fr\/wp-json\/wp\/v2\/types\/post"}],"author":[{"embeddable":true,"href":"https:\/\/www.webdo.tn\/fr\/wp-json\/wp\/v2\/users\/3162"}],"replies":[{"embeddable":true,"href":"https:\/\/www.webdo.tn\/fr\/wp-json\/wp\/v2\/comments?post=219717"}],"version-history":[{"count":0,"href":"https:\/\/www.webdo.tn\/fr\/wp-json\/wp\/v2\/posts\/219717\/revisions"}],"wp:featuredmedia":[{"embeddable":true,"href":"https:\/\/www.webdo.tn\/fr\/wp-json\/wp\/v2\/media\/242310"}],"wp:attachment":[{"href":"https:\/\/www.webdo.tn\/fr\/wp-json\/wp\/v2\/media?parent=219717"}],"wp:term":[{"taxonomy":"category","embeddable":true,"href":"https:\/\/www.webdo.tn\/fr\/wp-json\/wp\/v2\/categories?post=219717"},{"taxonomy":"post_tag","embeddable":true,"href":"https:\/\/www.webdo.tn\/fr\/wp-json\/wp\/v2\/tags?post=219717"}],"curies":[{"name":"wp","href":"https:\/\/api.w.org\/{rel}","templated":true}]}}