{"id":219702,"date":"2025-02-09T11:29:00","date_gmt":"2025-02-09T11:29:00","guid":{"rendered":"https:\/\/www.webdo.tn\/fr\/blog\/2025\/02\/09\/la-tunisie-et-l-iran-abordent-la-cooperation-bilaterale-et-la-situation-a-gaza\/"},"modified":"2025-05-21T08:59:57","modified_gmt":"2025-05-21T08:59:57","slug":"la-tunisie-et-l-iran-abordent-la-cooperation-bilaterale-et-la-situation-a-gaza","status":"publish","type":"post","link":"https:\/\/www.webdo.tn\/fr\/actualite\/national\/la-tunisie-et-l-iran-abordent-la-cooperation-bilaterale-et-la-situation-a-gaza\/219702\/","title":{"rendered":"La Tunisie et l&rsquo;Iran abordent la coop\u00e9ration bilat\u00e9rale et la situation \u00e0 Gaza"},"content":{"rendered":"<p>Samedi 8 f\u00e9vrier 2025, Mohamed Ali Nafti, ministre des Affaires \u00e9trang\u00e8res, de la Migration et des Tunisiens \u00e0 l&rsquo;\u00e9tranger, a eu un \u00e9change t\u00e9l\u00e9phonique avec son homologue iranien, Abbas Araghchi.<\/p>\n<p>\t\t\t\t\t\t\t\t\tCette conversation a permis de rappeler les liens fraternels et historiques qui unissent la Tunisie et l&rsquo;Iran.<\/p>\n<p>Les deux ministres ont discut\u00e9 des moyens de renforcer leur coop\u00e9ration dans divers domaines et ont \u00e9voqu\u00e9 la pr\u00e9paration des prochaines \u00e9ch\u00e9ances bilat\u00e9rales. L&rsquo;appel a \u00e9galement \u00e9t\u00e9 l&rsquo;occasion d&rsquo;aborder les d\u00e9veloppements r\u00e9cents dans la r\u00e9gion, en particulier la situation \u00e0 Gaza, et de partager leurs perspectives sur plusieurs questions d&rsquo;int\u00e9r\u00eat commun.<\/p>\n","protected":false},"excerpt":{"rendered":"<p>L&rsquo;\u00e9change t\u00e9l\u00e9phonique entre les ministres des Affaires \u00e9trang\u00e8res de la Tunisie et de l&rsquo;Iran a port\u00e9 sur le renforcement de la coop\u00e9ration bilat\u00e9rale et les d\u00e9&#8230;<\/p>\n","protected":false},"author":3166,"featured_media":242360,"comment_status":"open","ping_status":"open","sticky":false,"template":"","format":"standard","meta":{"footnotes":""},"categories":[44],"tags":[2732,2912,2608],"class_list":["post-219702","post","type-post","status-publish","format-standard","has-post-thumbnail","hentry","category-national","tag-cooperation","tag-iran","tag-tunisie"],"yoast_head":"<!-- This site is optimized with the Yoast SEO Premium plugin v27.5 (Yoast SEO v27.5) - https:\/\/yoast.com\/product\/yoast-seo-premium-wordpress\/ -->\n<title>La Tunisie et l&#039;Iran abordent la coop\u00e9ration bilat\u00e9rale et la situation \u00e0 Gaza<\/title>\n<meta name=\"description\" content=\"L&#039;\u00e9change t\u00e9l\u00e9phonique entre les ministres des Affaires \u00e9trang\u00e8res de la Tunisie et de l&#039;Iran a port\u00e9 sur le renforcement de la coop\u00e9ration bilat\u00e9rale et les d\u00e9...\" \/>\n<link rel=\"canonical\" href=\"https:\/\/www.webdo.tn\/fr\/actualite\/national\/la-tunisie-et-l-iran-abordent-la-cooperation-bilaterale-et-la-situation-a-gaza\/219702\/\" \/>\n<meta property=\"og:locale\" content=\"fr_FR\" \/>\n<meta property=\"og:type\" content=\"article\" \/>\n<meta property=\"og:title\" content=\"La Tunisie et l&#039;Iran abordent la coop\u00e9ration bilat\u00e9rale et la situation \u00e0 Gaza\" \/>\n<meta property=\"og:description\" content=\"L&#039;\u00e9change t\u00e9l\u00e9phonique entre les ministres des Affaires \u00e9trang\u00e8res de la Tunisie et de l&#039;Iran a port\u00e9 sur le renforcement de la coop\u00e9ration bilat\u00e9rale et les d\u00e9...\" \/>\n<meta property=\"og:url\" content=\"https:\/\/www.webdo.tn\/fr\/actualite\/national\/la-tunisie-et-l-iran-abordent-la-cooperation-bilaterale-et-la-situation-a-gaza\/219702\/\" \/>\n<meta property=\"og:site_name\" content=\"webdo\" \/>\n<meta property=\"article:publisher\" content=\"https:\/\/www.facebook.com\/webdotn\" \/>\n<meta property=\"article:published_time\" content=\"2025-02-09T11:29:00+00:00\" \/>\n<meta property=\"article:modified_time\" content=\"2025-05-21T08:59:57+00:00\" \/>\n<meta property=\"og:image\" content=\"https:\/\/www.webdo.tn\/fr\/wp-content\/uploads\/2025\/05\/cf85bfc3fe0d862c6d3d48a7f877dd96-2.webp\" \/>\n\t<meta property=\"og:image:width\" content=\"750\" \/>\n\t<meta property=\"og:image:height\" content=\"400\" \/>\n\t<meta property=\"og:image:type\" content=\"image\/webp\" \/>\n<meta name=\"author\" content=\"AZ\" \/>\n<meta name=\"twitter:card\" content=\"summary_large_image\" \/>\n<meta name=\"twitter:creator\" content=\"@webdo_tn\" \/>\n<meta name=\"twitter:site\" content=\"@webdo_tn\" \/>\n<meta name=\"twitter:label1\" content=\"\u00c9crit par\" \/>\n\t<meta name=\"twitter:data1\" content=\"AZ\" \/>\n\t<meta name=\"twitter:label2\" content=\"Dur\u00e9e de lecture estim\u00e9e\" \/>\n\t<meta name=\"twitter:data2\" content=\"1 minute\" \/>\n<script type=\"application\/ld+json\" class=\"yoast-schema-graph\">{\"@context\":\"https:\\\/\\\/schema.org\",\"@graph\":[{\"@type\":\"NewsArticle\",\"@id\":\"https:\\\/\\\/www.webdo.tn\\\/fr\\\/actualite\\\/national\\\/la-tunisie-et-l-iran-abordent-la-cooperation-bilaterale-et-la-situation-a-gaza\\\/219702\\\/#article\",\"isPartOf\":{\"@id\":\"https:\\\/\\\/www.webdo.tn\\\/fr\\\/actualite\\\/national\\\/la-tunisie-et-l-iran-abordent-la-cooperation-bilaterale-et-la-situation-a-gaza\\\/219702\\\/\"},\"author\":{\"name\":\"AZ\",\"@id\":\"https:\\\/\\\/www.webdo.tn\\\/fr\\\/#\\\/schema\\\/person\\\/b8a41c04d93287d375510db360906b34\"},\"headline\":\"La Tunisie et l&rsquo;Iran abordent la coop\u00e9ration bilat\u00e9rale et la situation \u00e0 Gaza\",\"datePublished\":\"2025-02-09T11:29:00+00:00\",\"dateModified\":\"2025-05-21T08:59:57+00:00\",\"mainEntityOfPage\":{\"@id\":\"https:\\\/\\\/www.webdo.tn\\\/fr\\\/actualite\\\/national\\\/la-tunisie-et-l-iran-abordent-la-cooperation-bilaterale-et-la-situation-a-gaza\\\/219702\\\/\"},\"wordCount\":128,\"commentCount\":0,\"publisher\":{\"@id\":\"https:\\\/\\\/www.webdo.tn\\\/fr\\\/#organization\"},\"image\":{\"@id\":\"https:\\\/\\\/www.webdo.tn\\\/fr\\\/actualite\\\/national\\\/la-tunisie-et-l-iran-abordent-la-cooperation-bilaterale-et-la-situation-a-gaza\\\/219702\\\/#primaryimage\"},\"thumbnailUrl\":\"https:\\\/\\\/www.webdo.tn\\\/fr\\\/wp-content\\\/uploads\\\/2025\\\/05\\\/cf85bfc3fe0d862c6d3d48a7f877dd96-2.webp\",\"keywords\":[\"coop\u00e9ration\",\"Iran\",\"Tunisie\"],\"articleSection\":[\"National\"],\"inLanguage\":\"fr-FR\"},{\"@type\":\"WebPage\",\"@id\":\"https:\\\/\\\/www.webdo.tn\\\/fr\\\/actualite\\\/national\\\/la-tunisie-et-l-iran-abordent-la-cooperation-bilaterale-et-la-situation-a-gaza\\\/219702\\\/\",\"url\":\"https:\\\/\\\/www.webdo.tn\\\/fr\\\/actualite\\\/national\\\/la-tunisie-et-l-iran-abordent-la-cooperation-bilaterale-et-la-situation-a-gaza\\\/219702\\\/\",\"name\":\"La Tunisie et l'Iran abordent la coop\u00e9ration bilat\u00e9rale et la situation \u00e0 Gaza\",\"isPartOf\":{\"@id\":\"https:\\\/\\\/www.webdo.tn\\\/fr\\\/#website\"},\"primaryImageOfPage\":{\"@id\":\"https:\\\/\\\/www.webdo.tn\\\/fr\\\/actualite\\\/national\\\/la-tunisie-et-l-iran-abordent-la-cooperation-bilaterale-et-la-situation-a-gaza\\\/219702\\\/#primaryimage\"},\"image\":{\"@id\":\"https:\\\/\\\/www.webdo.tn\\\/fr\\\/actualite\\\/national\\\/la-tunisie-et-l-iran-abordent-la-cooperation-bilaterale-et-la-situation-a-gaza\\\/219702\\\/#primaryimage\"},\"thumbnailUrl\":\"https:\\\/\\\/www.webdo.tn\\\/fr\\\/wp-content\\\/uploads\\\/2025\\\/05\\\/cf85bfc3fe0d862c6d3d48a7f877dd96-2.webp\",\"datePublished\":\"2025-02-09T11:29:00+00:00\",\"dateModified\":\"2025-05-21T08:59:57+00:00\",\"description\":\"L'\u00e9change t\u00e9l\u00e9phonique entre les ministres des Affaires \u00e9trang\u00e8res de la Tunisie et de l'Iran a port\u00e9 sur le renforcement de la coop\u00e9ration bilat\u00e9rale et les d\u00e9...\",\"breadcrumb\":{\"@id\":\"https:\\\/\\\/www.webdo.tn\\\/fr\\\/actualite\\\/national\\\/la-tunisie-et-l-iran-abordent-la-cooperation-bilaterale-et-la-situation-a-gaza\\\/219702\\\/#breadcrumb\"},\"inLanguage\":\"fr-FR\",\"potentialAction\":[{\"@type\":\"ReadAction\",\"target\":[\"https:\\\/\\\/www.webdo.tn\\\/fr\\\/actualite\\\/national\\\/la-tunisie-et-l-iran-abordent-la-cooperation-bilaterale-et-la-situation-a-gaza\\\/219702\\\/\"]}]},{\"@type\":\"ImageObject\",\"inLanguage\":\"fr-FR\",\"@id\":\"https:\\\/\\\/www.webdo.tn\\\/fr\\\/actualite\\\/national\\\/la-tunisie-et-l-iran-abordent-la-cooperation-bilaterale-et-la-situation-a-gaza\\\/219702\\\/#primaryimage\",\"url\":\"https:\\\/\\\/www.webdo.tn\\\/fr\\\/wp-content\\\/uploads\\\/2025\\\/05\\\/cf85bfc3fe0d862c6d3d48a7f877dd96-2.webp\",\"contentUrl\":\"https:\\\/\\\/www.webdo.tn\\\/fr\\\/wp-content\\\/uploads\\\/2025\\\/05\\\/cf85bfc3fe0d862c6d3d48a7f877dd96-2.webp\",\"width\":750,\"height\":400},{\"@type\":\"BreadcrumbList\",\"@id\":\"https:\\\/\\\/www.webdo.tn\\\/fr\\\/actualite\\\/national\\\/la-tunisie-et-l-iran-abordent-la-cooperation-bilaterale-et-la-situation-a-gaza\\\/219702\\\/#breadcrumb\",\"itemListElement\":[{\"@type\":\"ListItem\",\"position\":1,\"name\":\"Accueil\",\"item\":\"https:\\\/\\\/www.webdo.tn\\\/fr\\\/\"},{\"@type\":\"ListItem\",\"position\":2,\"name\":\"La Tunisie et l&#8217;Iran abordent la coop\u00e9ration bilat\u00e9rale et la situation \u00e0 Gaza\"}]},{\"@type\":\"WebSite\",\"@id\":\"https:\\\/\\\/www.webdo.tn\\\/fr\\\/#website\",\"url\":\"https:\\\/\\\/www.webdo.tn\\\/fr\\\/\",\"name\":\"webdo\",\"description\":\"Tunisie - News en Tunisie et \u00e0 l&#039;international sur Webdo.tn\",\"publisher\":{\"@id\":\"https:\\\/\\\/www.webdo.tn\\\/fr\\\/#organization\"},\"potentialAction\":[{\"@type\":\"SearchAction\",\"target\":{\"@type\":\"EntryPoint\",\"urlTemplate\":\"https:\\\/\\\/www.webdo.tn\\\/fr\\\/?s={search_term_string}\"},\"query-input\":{\"@type\":\"PropertyValueSpecification\",\"valueRequired\":true,\"valueName\":\"search_term_string\"}}],\"inLanguage\":\"fr-FR\"},{\"@type\":\"Organization\",\"@id\":\"https:\\\/\\\/www.webdo.tn\\\/fr\\\/#organization\",\"name\":\"Webdo\",\"alternateName\":\"Webdo.tn\",\"url\":\"https:\\\/\\\/www.webdo.tn\\\/fr\\\/\",\"logo\":{\"@type\":\"ImageObject\",\"inLanguage\":\"fr-FR\",\"@id\":\"https:\\\/\\\/www.webdo.tn\\\/fr\\\/#\\\/schema\\\/logo\\\/image\\\/\",\"url\":\"https:\\\/\\\/www.webdo.tn\\\/fr\\\/wp-content\\\/uploads\\\/2025\\\/06\\\/Webdo-Tunisie_168377.jpg\",\"contentUrl\":\"https:\\\/\\\/www.webdo.tn\\\/fr\\\/wp-content\\\/uploads\\\/2025\\\/06\\\/Webdo-Tunisie_168377.jpg\",\"width\":301,\"height\":301,\"caption\":\"Webdo\"},\"image\":{\"@id\":\"https:\\\/\\\/www.webdo.tn\\\/fr\\\/#\\\/schema\\\/logo\\\/image\\\/\"},\"sameAs\":[\"https:\\\/\\\/www.facebook.com\\\/webdotn\",\"https:\\\/\\\/x.com\\\/webdo_tn\"],\"description\":\"Webdo est un m\u00e9dia num\u00e9rique tunisien fond\u00e9 en 2010, sp\u00e9cialis\u00e9 dans l\u2019actualit\u00e9 nationale et internationale, l\u2019\u00e9conomie, la soci\u00e9t\u00e9 et les analyses politiques. Le site s\u2019adresse \u00e0 un large public francophone et couvre l\u2019information tunisienne en temps r\u00e9el.\",\"email\":\"redac@webdo.tn\",\"legalName\":\"YNJ SARL\",\"foundingDate\":\"2010-09-06\",\"numberOfEmployees\":{\"@type\":\"QuantitativeValue\",\"minValue\":\"11\",\"maxValue\":\"50\"}},{\"@type\":\"Person\",\"@id\":\"https:\\\/\\\/www.webdo.tn\\\/fr\\\/#\\\/schema\\\/person\\\/b8a41c04d93287d375510db360906b34\",\"name\":\"AZ\",\"image\":{\"@type\":\"ImageObject\",\"inLanguage\":\"fr-FR\",\"@id\":\"https:\\\/\\\/secure.gravatar.com\\\/avatar\\\/492b80bada79439de4201dce15cd41eece6c277cfdf1b53382073c79105c1f89?s=96&d=mm&r=g\",\"url\":\"https:\\\/\\\/secure.gravatar.com\\\/avatar\\\/492b80bada79439de4201dce15cd41eece6c277cfdf1b53382073c79105c1f89?s=96&d=mm&r=g\",\"contentUrl\":\"https:\\\/\\\/secure.gravatar.com\\\/avatar\\\/492b80bada79439de4201dce15cd41eece6c277cfdf1b53382073c79105c1f89?s=96&d=mm&r=g\",\"caption\":\"AZ\"},\"url\":\"https:\\\/\\\/www.webdo.tn\\\/fr\\\/actualite\\\/author\\\/az\\\/\"}]}<\/script>\n<!-- \/ Yoast SEO Premium plugin. -->","yoast_head_json":{"title":"La Tunisie et l'Iran abordent la coop\u00e9ration bilat\u00e9rale et la situation \u00e0 Gaza","description":"L'\u00e9change t\u00e9l\u00e9phonique entre les ministres des Affaires \u00e9trang\u00e8res de la Tunisie et de l'Iran a port\u00e9 sur le renforcement de la coop\u00e9ration bilat\u00e9rale et les d\u00e9...","canonical":"https:\/\/www.webdo.tn\/fr\/actualite\/national\/la-tunisie-et-l-iran-abordent-la-cooperation-bilaterale-et-la-situation-a-gaza\/219702\/","og_locale":"fr_FR","og_type":"article","og_title":"La Tunisie et l'Iran abordent la coop\u00e9ration bilat\u00e9rale et la situation \u00e0 Gaza","og_description":"L'\u00e9change t\u00e9l\u00e9phonique entre les ministres des Affaires \u00e9trang\u00e8res de la Tunisie et de l'Iran a port\u00e9 sur le renforcement de la coop\u00e9ration bilat\u00e9rale et les d\u00e9...","og_url":"https:\/\/www.webdo.tn\/fr\/actualite\/national\/la-tunisie-et-l-iran-abordent-la-cooperation-bilaterale-et-la-situation-a-gaza\/219702\/","og_site_name":"webdo","article_publisher":"https:\/\/www.facebook.com\/webdotn","article_published_time":"2025-02-09T11:29:00+00:00","article_modified_time":"2025-05-21T08:59:57+00:00","og_image":[{"width":750,"height":400,"url":"https:\/\/www.webdo.tn\/fr\/wp-content\/uploads\/2025\/05\/cf85bfc3fe0d862c6d3d48a7f877dd96-2.webp","type":"image\/webp"}],"author":"AZ","twitter_card":"summary_large_image","twitter_creator":"@webdo_tn","twitter_site":"@webdo_tn","twitter_misc":{"\u00c9crit par":"AZ","Dur\u00e9e de lecture estim\u00e9e":"1 minute"},"schema":{"@context":"https:\/\/schema.org","@graph":[{"@type":"NewsArticle","@id":"https:\/\/www.webdo.tn\/fr\/actualite\/national\/la-tunisie-et-l-iran-abordent-la-cooperation-bilaterale-et-la-situation-a-gaza\/219702\/#article","isPartOf":{"@id":"https:\/\/www.webdo.tn\/fr\/actualite\/national\/la-tunisie-et-l-iran-abordent-la-cooperation-bilaterale-et-la-situation-a-gaza\/219702\/"},"author":{"name":"AZ","@id":"https:\/\/www.webdo.tn\/fr\/#\/schema\/person\/b8a41c04d93287d375510db360906b34"},"headline":"La Tunisie et l&rsquo;Iran abordent la coop\u00e9ration bilat\u00e9rale et la situation \u00e0 Gaza","datePublished":"2025-02-09T11:29:00+00:00","dateModified":"2025-05-21T08:59:57+00:00","mainEntityOfPage":{"@id":"https:\/\/www.webdo.tn\/fr\/actualite\/national\/la-tunisie-et-l-iran-abordent-la-cooperation-bilaterale-et-la-situation-a-gaza\/219702\/"},"wordCount":128,"commentCount":0,"publisher":{"@id":"https:\/\/www.webdo.tn\/fr\/#organization"},"image":{"@id":"https:\/\/www.webdo.tn\/fr\/actualite\/national\/la-tunisie-et-l-iran-abordent-la-cooperation-bilaterale-et-la-situation-a-gaza\/219702\/#primaryimage"},"thumbnailUrl":"https:\/\/www.webdo.tn\/fr\/wp-content\/uploads\/2025\/05\/cf85bfc3fe0d862c6d3d48a7f877dd96-2.webp","keywords":["coop\u00e9ration","Iran","Tunisie"],"articleSection":["National"],"inLanguage":"fr-FR"},{"@type":"WebPage","@id":"https:\/\/www.webdo.tn\/fr\/actualite\/national\/la-tunisie-et-l-iran-abordent-la-cooperation-bilaterale-et-la-situation-a-gaza\/219702\/","url":"https:\/\/www.webdo.tn\/fr\/actualite\/national\/la-tunisie-et-l-iran-abordent-la-cooperation-bilaterale-et-la-situation-a-gaza\/219702\/","name":"La Tunisie et l'Iran abordent la coop\u00e9ration bilat\u00e9rale et la situation \u00e0 Gaza","isPartOf":{"@id":"https:\/\/www.webdo.tn\/fr\/#website"},"primaryImageOfPage":{"@id":"https:\/\/www.webdo.tn\/fr\/actualite\/national\/la-tunisie-et-l-iran-abordent-la-cooperation-bilaterale-et-la-situation-a-gaza\/219702\/#primaryimage"},"image":{"@id":"https:\/\/www.webdo.tn\/fr\/actualite\/national\/la-tunisie-et-l-iran-abordent-la-cooperation-bilaterale-et-la-situation-a-gaza\/219702\/#primaryimage"},"thumbnailUrl":"https:\/\/www.webdo.tn\/fr\/wp-content\/uploads\/2025\/05\/cf85bfc3fe0d862c6d3d48a7f877dd96-2.webp","datePublished":"2025-02-09T11:29:00+00:00","dateModified":"2025-05-21T08:59:57+00:00","description":"L'\u00e9change t\u00e9l\u00e9phonique entre les ministres des Affaires \u00e9trang\u00e8res de la Tunisie et de l'Iran a port\u00e9 sur le renforcement de la coop\u00e9ration bilat\u00e9rale et les d\u00e9...","breadcrumb":{"@id":"https:\/\/www.webdo.tn\/fr\/actualite\/national\/la-tunisie-et-l-iran-abordent-la-cooperation-bilaterale-et-la-situation-a-gaza\/219702\/#breadcrumb"},"inLanguage":"fr-FR","potentialAction":[{"@type":"ReadAction","target":["https:\/\/www.webdo.tn\/fr\/actualite\/national\/la-tunisie-et-l-iran-abordent-la-cooperation-bilaterale-et-la-situation-a-gaza\/219702\/"]}]},{"@type":"ImageObject","inLanguage":"fr-FR","@id":"https:\/\/www.webdo.tn\/fr\/actualite\/national\/la-tunisie-et-l-iran-abordent-la-cooperation-bilaterale-et-la-situation-a-gaza\/219702\/#primaryimage","url":"https:\/\/www.webdo.tn\/fr\/wp-content\/uploads\/2025\/05\/cf85bfc3fe0d862c6d3d48a7f877dd96-2.webp","contentUrl":"https:\/\/www.webdo.tn\/fr\/wp-content\/uploads\/2025\/05\/cf85bfc3fe0d862c6d3d48a7f877dd96-2.webp","width":750,"height":400},{"@type":"BreadcrumbList","@id":"https:\/\/www.webdo.tn\/fr\/actualite\/national\/la-tunisie-et-l-iran-abordent-la-cooperation-bilaterale-et-la-situation-a-gaza\/219702\/#breadcrumb","itemListElement":[{"@type":"ListItem","position":1,"name":"Accueil","item":"https:\/\/www.webdo.tn\/fr\/"},{"@type":"ListItem","position":2,"name":"La Tunisie et l&#8217;Iran abordent la coop\u00e9ration bilat\u00e9rale et la situation \u00e0 Gaza"}]},{"@type":"WebSite","@id":"https:\/\/www.webdo.tn\/fr\/#website","url":"https:\/\/www.webdo.tn\/fr\/","name":"webdo","description":"Tunisie - News en Tunisie et \u00e0 l&#039;international sur Webdo.tn","publisher":{"@id":"https:\/\/www.webdo.tn\/fr\/#organization"},"potentialAction":[{"@type":"SearchAction","target":{"@type":"EntryPoint","urlTemplate":"https:\/\/www.webdo.tn\/fr\/?s={search_term_string}"},"query-input":{"@type":"PropertyValueSpecification","valueRequired":true,"valueName":"search_term_string"}}],"inLanguage":"fr-FR"},{"@type":"Organization","@id":"https:\/\/www.webdo.tn\/fr\/#organization","name":"Webdo","alternateName":"Webdo.tn","url":"https:\/\/www.webdo.tn\/fr\/","logo":{"@type":"ImageObject","inLanguage":"fr-FR","@id":"https:\/\/www.webdo.tn\/fr\/#\/schema\/logo\/image\/","url":"https:\/\/www.webdo.tn\/fr\/wp-content\/uploads\/2025\/06\/Webdo-Tunisie_168377.jpg","contentUrl":"https:\/\/www.webdo.tn\/fr\/wp-content\/uploads\/2025\/06\/Webdo-Tunisie_168377.jpg","width":301,"height":301,"caption":"Webdo"},"image":{"@id":"https:\/\/www.webdo.tn\/fr\/#\/schema\/logo\/image\/"},"sameAs":["https:\/\/www.facebook.com\/webdotn","https:\/\/x.com\/webdo_tn"],"description":"Webdo est un m\u00e9dia num\u00e9rique tunisien fond\u00e9 en 2010, sp\u00e9cialis\u00e9 dans l\u2019actualit\u00e9 nationale et internationale, l\u2019\u00e9conomie, la soci\u00e9t\u00e9 et les analyses politiques. Le site s\u2019adresse \u00e0 un large public francophone et couvre l\u2019information tunisienne en temps r\u00e9el.","email":"redac@webdo.tn","legalName":"YNJ SARL","foundingDate":"2010-09-06","numberOfEmployees":{"@type":"QuantitativeValue","minValue":"11","maxValue":"50"}},{"@type":"Person","@id":"https:\/\/www.webdo.tn\/fr\/#\/schema\/person\/b8a41c04d93287d375510db360906b34","name":"AZ","image":{"@type":"ImageObject","inLanguage":"fr-FR","@id":"https:\/\/secure.gravatar.com\/avatar\/492b80bada79439de4201dce15cd41eece6c277cfdf1b53382073c79105c1f89?s=96&d=mm&r=g","url":"https:\/\/secure.gravatar.com\/avatar\/492b80bada79439de4201dce15cd41eece6c277cfdf1b53382073c79105c1f89?s=96&d=mm&r=g","contentUrl":"https:\/\/secure.gravatar.com\/avatar\/492b80bada79439de4201dce15cd41eece6c277cfdf1b53382073c79105c1f89?s=96&d=mm&r=g","caption":"AZ"},"url":"https:\/\/www.webdo.tn\/fr\/actualite\/author\/az\/"}]}},"_links":{"self":[{"href":"https:\/\/www.webdo.tn\/fr\/wp-json\/wp\/v2\/posts\/219702","targetHints":{"allow":["GET"]}}],"collection":[{"href":"https:\/\/www.webdo.tn\/fr\/wp-json\/wp\/v2\/posts"}],"about":[{"href":"https:\/\/www.webdo.tn\/fr\/wp-json\/wp\/v2\/types\/post"}],"author":[{"embeddable":true,"href":"https:\/\/www.webdo.tn\/fr\/wp-json\/wp\/v2\/users\/3166"}],"replies":[{"embeddable":true,"href":"https:\/\/www.webdo.tn\/fr\/wp-json\/wp\/v2\/comments?post=219702"}],"version-history":[{"count":0,"href":"https:\/\/www.webdo.tn\/fr\/wp-json\/wp\/v2\/posts\/219702\/revisions"}],"wp:featuredmedia":[{"embeddable":true,"href":"https:\/\/www.webdo.tn\/fr\/wp-json\/wp\/v2\/media\/242360"}],"wp:attachment":[{"href":"https:\/\/www.webdo.tn\/fr\/wp-json\/wp\/v2\/media?parent=219702"}],"wp:term":[{"taxonomy":"category","embeddable":true,"href":"https:\/\/www.webdo.tn\/fr\/wp-json\/wp\/v2\/categories?post=219702"},{"taxonomy":"post_tag","embeddable":true,"href":"https:\/\/www.webdo.tn\/fr\/wp-json\/wp\/v2\/tags?post=219702"}],"curies":[{"name":"wp","href":"https:\/\/api.w.org\/{rel}","templated":true}]}}