{"id":219694,"date":"2025-02-08T11:54:00","date_gmt":"2025-02-08T11:54:00","guid":{"rendered":"https:\/\/www.webdo.tn\/fr\/blog\/2025\/02\/08\/sousse-un-jeune-s-immole-devant-un-poste-de-police-l-auteur-de-la-video-arrete\/"},"modified":"2025-05-20T21:43:11","modified_gmt":"2025-05-20T21:43:11","slug":"sousse-un-jeune-s-immole-devant-un-poste-de-police-l-auteur-de-la-video-arrete","status":"publish","type":"post","link":"https:\/\/www.webdo.tn\/fr\/actualite\/regions\/sousse-un-jeune-s-immole-devant-un-poste-de-police-l-auteur-de-la-video-arrete\/219694\/","title":{"rendered":"Sousse : L\u2019auteur de la vid\u00e9o de l&rsquo;immolation arr\u00eat\u00e9"},"content":{"rendered":"<p>Un jeune homme, n\u00e9 en 1999, s\u2019est immol\u00e9 par le feu, jeudi, devant un poste de police de la cit\u00e9 Erriadh \u00e0 Sousse. La sc\u00e8ne a \u00e9t\u00e9 film\u00e9e par un individu qui a \u00e9t\u00e9 plac\u00e9 en garde \u00e0 vue.<\/p>\n<p>\t\t\t\t\t\t\t\t\tLe jeune homme qui s\u2019est immol\u00e9 par le feu s\u2019\u00e9tait initialement rendu dans les locaux des forces de l\u2019ordre pour r\u00e9clamer la restitution d\u2019une somme d\u2019argent saisie dans le cadre d\u2019une affaire judiciaire le concernant, li\u00e9e \u00e0 la consommation de stup\u00e9fiants.<\/p>\n<p>Il a quitt\u00e9 les lieux pour revenir une demi-heure plus tard muni d\u2019une bouteille d\u2019un produit inflammable. Avant de retourner au poste de police pour s\u2019immoler, il annonce son acte en s\u2019adressant \u00e0 un individu qui a film\u00e9 l\u2019incident.<\/p>\n<p>Cet individu a \u00e9t\u00e9 plac\u00e9 en garde \u00e0 vue et est accus\u00e9 de complicit\u00e9 dans l\u2019incitation au suicide et de provocation \u00e0 l\u2019incendie dans un b\u00e2timent occup\u00e9. La brigade de la police judiciaire de Sousse Sud a \u00e9t\u00e9 charg\u00e9e de l\u2019enqu\u00eate, en vertu d\u2019une commission rogatoire.<\/p>\n<p>Suite \u00e0 cet incident, le procureur de la R\u00e9publique et le juge d\u2019instruction en charge de l\u2019affaire se sont rendus sur place, puis \u00e0 l\u2019h\u00f4pital, afin d\u2019effectuer les investigations n\u00e9cessaires et recueillir les \u00e9l\u00e9ments de preuve.<\/p>\n<p>Dans la soir\u00e9e, des tensions ont \u00e9clat\u00e9 devant le poste de police en question. Un groupe de jeunes a tent\u00e9 de provoquer des troubles en lan\u00e7ant des projectiles et en utilisant des fumig\u00e8nes ainsi qu\u2019une bouteille contenant des substances inflammables. Les forces de l\u2019ordre sont intervenues pour disperser les fauteurs de troubles, et une enqu\u00eate a \u00e9t\u00e9 ouverte pour identifier les responsables.<\/p>\n","protected":false},"excerpt":{"rendered":"<p>Un jeune homme, n\u00e9 en 1999, s\u2019est immol\u00e9 par le feu, jeudi, devant un poste de police de la cit\u00e9 Erriadh \u00e0 Sousse. La sc\u00e8ne a \u00e9t\u00e9 film\u00e9e par un individu qui a \u00e9&#8230;<\/p>\n","protected":false},"author":3162,"featured_media":242344,"comment_status":"open","ping_status":"open","sticky":false,"template":"","format":"standard","meta":{"footnotes":""},"categories":[2595],"tags":[2966,3045,4082,4083,3825],"class_list":["post-219694","post","type-post","status-publish","format-standard","has-post-thumbnail","hentry","category-regions","tag-arrestation","tag-garde-a-vue","tag-immolation","tag-poste-de-police","tag-video"],"yoast_head":"<!-- This site is optimized with the Yoast SEO Premium plugin v27.5 (Yoast SEO v27.5) - https:\/\/yoast.com\/product\/yoast-seo-premium-wordpress\/ -->\n<title>Sousse : L\u2019auteur de la vid\u00e9o de l&#039;immolation arr\u00eat\u00e9<\/title>\n<meta name=\"description\" content=\"Un jeune homme, n\u00e9 en 1999, s\u2019est immol\u00e9 par le feu, jeudi, devant un poste de police de la cit\u00e9 Erriadh \u00e0 Sousse. La sc\u00e8ne a \u00e9t\u00e9 film\u00e9e par un individu qui a \u00e9...\" \/>\n<link rel=\"canonical\" href=\"https:\/\/www.webdo.tn\/fr\/actualite\/regions\/sousse-un-jeune-s-immole-devant-un-poste-de-police-l-auteur-de-la-video-arrete\/219694\/\" \/>\n<meta property=\"og:locale\" content=\"fr_FR\" \/>\n<meta property=\"og:type\" content=\"article\" \/>\n<meta property=\"og:title\" content=\"Sousse : L\u2019auteur de la vid\u00e9o de l&#039;immolation arr\u00eat\u00e9\" \/>\n<meta property=\"og:description\" content=\"Un jeune homme, n\u00e9 en 1999, s\u2019est immol\u00e9 par le feu, jeudi, devant un poste de police de la cit\u00e9 Erriadh \u00e0 Sousse. La sc\u00e8ne a \u00e9t\u00e9 film\u00e9e par un individu qui a \u00e9...\" \/>\n<meta property=\"og:url\" content=\"https:\/\/www.webdo.tn\/fr\/actualite\/regions\/sousse-un-jeune-s-immole-devant-un-poste-de-police-l-auteur-de-la-video-arrete\/219694\/\" \/>\n<meta property=\"og:site_name\" content=\"webdo\" \/>\n<meta property=\"article:publisher\" content=\"https:\/\/www.facebook.com\/webdotn\" \/>\n<meta property=\"article:published_time\" content=\"2025-02-08T11:54:00+00:00\" \/>\n<meta property=\"article:modified_time\" content=\"2025-05-20T21:43:11+00:00\" \/>\n<meta property=\"og:image\" content=\"https:\/\/www.webdo.tn\/fr\/wp-content\/uploads\/2025\/05\/20ff92a4deba383ac1bb56dee61fe6fe-2.webp\" \/>\n\t<meta property=\"og:image:width\" content=\"630\" \/>\n\t<meta property=\"og:image:height\" content=\"336\" \/>\n\t<meta property=\"og:image:type\" content=\"image\/webp\" \/>\n<meta name=\"author\" content=\"MC\" \/>\n<meta name=\"twitter:card\" content=\"summary_large_image\" \/>\n<meta name=\"twitter:creator\" content=\"@webdo_tn\" \/>\n<meta name=\"twitter:site\" content=\"@webdo_tn\" \/>\n<meta name=\"twitter:label1\" content=\"\u00c9crit par\" \/>\n\t<meta name=\"twitter:data1\" content=\"MC\" \/>\n\t<meta name=\"twitter:label2\" content=\"Dur\u00e9e de lecture estim\u00e9e\" \/>\n\t<meta name=\"twitter:data2\" content=\"1 minute\" \/>\n<script type=\"application\/ld+json\" class=\"yoast-schema-graph\">{\"@context\":\"https:\\\/\\\/schema.org\",\"@graph\":[{\"@type\":\"NewsArticle\",\"@id\":\"https:\\\/\\\/www.webdo.tn\\\/fr\\\/actualite\\\/regions\\\/sousse-un-jeune-s-immole-devant-un-poste-de-police-l-auteur-de-la-video-arrete\\\/219694\\\/#article\",\"isPartOf\":{\"@id\":\"https:\\\/\\\/www.webdo.tn\\\/fr\\\/actualite\\\/regions\\\/sousse-un-jeune-s-immole-devant-un-poste-de-police-l-auteur-de-la-video-arrete\\\/219694\\\/\"},\"author\":{\"name\":\"MC\",\"@id\":\"https:\\\/\\\/www.webdo.tn\\\/fr\\\/#\\\/schema\\\/person\\\/2c4929cbf5a809e3bd38617c6ce150f6\"},\"headline\":\"Sousse : L\u2019auteur de la vid\u00e9o de l&rsquo;immolation arr\u00eat\u00e9\",\"datePublished\":\"2025-02-08T11:54:00+00:00\",\"dateModified\":\"2025-05-20T21:43:11+00:00\",\"mainEntityOfPage\":{\"@id\":\"https:\\\/\\\/www.webdo.tn\\\/fr\\\/actualite\\\/regions\\\/sousse-un-jeune-s-immole-devant-un-poste-de-police-l-auteur-de-la-video-arrete\\\/219694\\\/\"},\"wordCount\":304,\"commentCount\":0,\"publisher\":{\"@id\":\"https:\\\/\\\/www.webdo.tn\\\/fr\\\/#organization\"},\"image\":{\"@id\":\"https:\\\/\\\/www.webdo.tn\\\/fr\\\/actualite\\\/regions\\\/sousse-un-jeune-s-immole-devant-un-poste-de-police-l-auteur-de-la-video-arrete\\\/219694\\\/#primaryimage\"},\"thumbnailUrl\":\"https:\\\/\\\/www.webdo.tn\\\/fr\\\/wp-content\\\/uploads\\\/2025\\\/05\\\/20ff92a4deba383ac1bb56dee61fe6fe-2.webp\",\"keywords\":[\"arrestation\",\"garde \u00e0 vue\",\"Immolation\",\"poste de police\",\"Vid\u00e9o\"],\"articleSection\":[\"regions\"],\"inLanguage\":\"fr-FR\"},{\"@type\":\"WebPage\",\"@id\":\"https:\\\/\\\/www.webdo.tn\\\/fr\\\/actualite\\\/regions\\\/sousse-un-jeune-s-immole-devant-un-poste-de-police-l-auteur-de-la-video-arrete\\\/219694\\\/\",\"url\":\"https:\\\/\\\/www.webdo.tn\\\/fr\\\/actualite\\\/regions\\\/sousse-un-jeune-s-immole-devant-un-poste-de-police-l-auteur-de-la-video-arrete\\\/219694\\\/\",\"name\":\"Sousse : L\u2019auteur de la vid\u00e9o de l'immolation arr\u00eat\u00e9\",\"isPartOf\":{\"@id\":\"https:\\\/\\\/www.webdo.tn\\\/fr\\\/#website\"},\"primaryImageOfPage\":{\"@id\":\"https:\\\/\\\/www.webdo.tn\\\/fr\\\/actualite\\\/regions\\\/sousse-un-jeune-s-immole-devant-un-poste-de-police-l-auteur-de-la-video-arrete\\\/219694\\\/#primaryimage\"},\"image\":{\"@id\":\"https:\\\/\\\/www.webdo.tn\\\/fr\\\/actualite\\\/regions\\\/sousse-un-jeune-s-immole-devant-un-poste-de-police-l-auteur-de-la-video-arrete\\\/219694\\\/#primaryimage\"},\"thumbnailUrl\":\"https:\\\/\\\/www.webdo.tn\\\/fr\\\/wp-content\\\/uploads\\\/2025\\\/05\\\/20ff92a4deba383ac1bb56dee61fe6fe-2.webp\",\"datePublished\":\"2025-02-08T11:54:00+00:00\",\"dateModified\":\"2025-05-20T21:43:11+00:00\",\"description\":\"Un jeune homme, n\u00e9 en 1999, s\u2019est immol\u00e9 par le feu, jeudi, devant un poste de police de la cit\u00e9 Erriadh \u00e0 Sousse. La sc\u00e8ne a \u00e9t\u00e9 film\u00e9e par un individu qui a \u00e9...\",\"breadcrumb\":{\"@id\":\"https:\\\/\\\/www.webdo.tn\\\/fr\\\/actualite\\\/regions\\\/sousse-un-jeune-s-immole-devant-un-poste-de-police-l-auteur-de-la-video-arrete\\\/219694\\\/#breadcrumb\"},\"inLanguage\":\"fr-FR\",\"potentialAction\":[{\"@type\":\"ReadAction\",\"target\":[\"https:\\\/\\\/www.webdo.tn\\\/fr\\\/actualite\\\/regions\\\/sousse-un-jeune-s-immole-devant-un-poste-de-police-l-auteur-de-la-video-arrete\\\/219694\\\/\"]}]},{\"@type\":\"ImageObject\",\"inLanguage\":\"fr-FR\",\"@id\":\"https:\\\/\\\/www.webdo.tn\\\/fr\\\/actualite\\\/regions\\\/sousse-un-jeune-s-immole-devant-un-poste-de-police-l-auteur-de-la-video-arrete\\\/219694\\\/#primaryimage\",\"url\":\"https:\\\/\\\/www.webdo.tn\\\/fr\\\/wp-content\\\/uploads\\\/2025\\\/05\\\/20ff92a4deba383ac1bb56dee61fe6fe-2.webp\",\"contentUrl\":\"https:\\\/\\\/www.webdo.tn\\\/fr\\\/wp-content\\\/uploads\\\/2025\\\/05\\\/20ff92a4deba383ac1bb56dee61fe6fe-2.webp\",\"width\":630,\"height\":336},{\"@type\":\"BreadcrumbList\",\"@id\":\"https:\\\/\\\/www.webdo.tn\\\/fr\\\/actualite\\\/regions\\\/sousse-un-jeune-s-immole-devant-un-poste-de-police-l-auteur-de-la-video-arrete\\\/219694\\\/#breadcrumb\",\"itemListElement\":[{\"@type\":\"ListItem\",\"position\":1,\"name\":\"Accueil\",\"item\":\"https:\\\/\\\/www.webdo.tn\\\/fr\\\/\"},{\"@type\":\"ListItem\",\"position\":2,\"name\":\"Sousse : L\u2019auteur de la vid\u00e9o de l&rsquo;immolation arr\u00eat\u00e9\"}]},{\"@type\":\"WebSite\",\"@id\":\"https:\\\/\\\/www.webdo.tn\\\/fr\\\/#website\",\"url\":\"https:\\\/\\\/www.webdo.tn\\\/fr\\\/\",\"name\":\"webdo\",\"description\":\"Tunisie - News en Tunisie et \u00e0 l&#039;international sur Webdo.tn\",\"publisher\":{\"@id\":\"https:\\\/\\\/www.webdo.tn\\\/fr\\\/#organization\"},\"potentialAction\":[{\"@type\":\"SearchAction\",\"target\":{\"@type\":\"EntryPoint\",\"urlTemplate\":\"https:\\\/\\\/www.webdo.tn\\\/fr\\\/?s={search_term_string}\"},\"query-input\":{\"@type\":\"PropertyValueSpecification\",\"valueRequired\":true,\"valueName\":\"search_term_string\"}}],\"inLanguage\":\"fr-FR\"},{\"@type\":\"Organization\",\"@id\":\"https:\\\/\\\/www.webdo.tn\\\/fr\\\/#organization\",\"name\":\"Webdo\",\"alternateName\":\"Webdo.tn\",\"url\":\"https:\\\/\\\/www.webdo.tn\\\/fr\\\/\",\"logo\":{\"@type\":\"ImageObject\",\"inLanguage\":\"fr-FR\",\"@id\":\"https:\\\/\\\/www.webdo.tn\\\/fr\\\/#\\\/schema\\\/logo\\\/image\\\/\",\"url\":\"https:\\\/\\\/www.webdo.tn\\\/fr\\\/wp-content\\\/uploads\\\/2025\\\/06\\\/Webdo-Tunisie_168377.jpg\",\"contentUrl\":\"https:\\\/\\\/www.webdo.tn\\\/fr\\\/wp-content\\\/uploads\\\/2025\\\/06\\\/Webdo-Tunisie_168377.jpg\",\"width\":301,\"height\":301,\"caption\":\"Webdo\"},\"image\":{\"@id\":\"https:\\\/\\\/www.webdo.tn\\\/fr\\\/#\\\/schema\\\/logo\\\/image\\\/\"},\"sameAs\":[\"https:\\\/\\\/www.facebook.com\\\/webdotn\",\"https:\\\/\\\/x.com\\\/webdo_tn\"],\"description\":\"Webdo est un m\u00e9dia num\u00e9rique tunisien fond\u00e9 en 2010, sp\u00e9cialis\u00e9 dans l\u2019actualit\u00e9 nationale et internationale, l\u2019\u00e9conomie, la soci\u00e9t\u00e9 et les analyses politiques. Le site s\u2019adresse \u00e0 un large public francophone et couvre l\u2019information tunisienne en temps r\u00e9el.\",\"email\":\"redac@webdo.tn\",\"legalName\":\"YNJ SARL\",\"foundingDate\":\"2010-09-06\",\"numberOfEmployees\":{\"@type\":\"QuantitativeValue\",\"minValue\":\"11\",\"maxValue\":\"50\"}},{\"@type\":\"Person\",\"@id\":\"https:\\\/\\\/www.webdo.tn\\\/fr\\\/#\\\/schema\\\/person\\\/2c4929cbf5a809e3bd38617c6ce150f6\",\"name\":\"MC\",\"image\":{\"@type\":\"ImageObject\",\"inLanguage\":\"fr-FR\",\"@id\":\"https:\\\/\\\/secure.gravatar.com\\\/avatar\\\/a545bbb6f84efdd5553dbbc2895e3ca8f1d12c5215e00a041c9670b54aa9b18a?s=96&d=mm&r=g\",\"url\":\"https:\\\/\\\/secure.gravatar.com\\\/avatar\\\/a545bbb6f84efdd5553dbbc2895e3ca8f1d12c5215e00a041c9670b54aa9b18a?s=96&d=mm&r=g\",\"contentUrl\":\"https:\\\/\\\/secure.gravatar.com\\\/avatar\\\/a545bbb6f84efdd5553dbbc2895e3ca8f1d12c5215e00a041c9670b54aa9b18a?s=96&d=mm&r=g\",\"caption\":\"MC\"},\"url\":\"https:\\\/\\\/www.webdo.tn\\\/fr\\\/actualite\\\/author\\\/mc\\\/\"}]}<\/script>\n<!-- \/ Yoast SEO Premium plugin. -->","yoast_head_json":{"title":"Sousse : L\u2019auteur de la vid\u00e9o de l'immolation arr\u00eat\u00e9","description":"Un jeune homme, n\u00e9 en 1999, s\u2019est immol\u00e9 par le feu, jeudi, devant un poste de police de la cit\u00e9 Erriadh \u00e0 Sousse. La sc\u00e8ne a \u00e9t\u00e9 film\u00e9e par un individu qui a \u00e9...","canonical":"https:\/\/www.webdo.tn\/fr\/actualite\/regions\/sousse-un-jeune-s-immole-devant-un-poste-de-police-l-auteur-de-la-video-arrete\/219694\/","og_locale":"fr_FR","og_type":"article","og_title":"Sousse : L\u2019auteur de la vid\u00e9o de l'immolation arr\u00eat\u00e9","og_description":"Un jeune homme, n\u00e9 en 1999, s\u2019est immol\u00e9 par le feu, jeudi, devant un poste de police de la cit\u00e9 Erriadh \u00e0 Sousse. La sc\u00e8ne a \u00e9t\u00e9 film\u00e9e par un individu qui a \u00e9...","og_url":"https:\/\/www.webdo.tn\/fr\/actualite\/regions\/sousse-un-jeune-s-immole-devant-un-poste-de-police-l-auteur-de-la-video-arrete\/219694\/","og_site_name":"webdo","article_publisher":"https:\/\/www.facebook.com\/webdotn","article_published_time":"2025-02-08T11:54:00+00:00","article_modified_time":"2025-05-20T21:43:11+00:00","og_image":[{"width":630,"height":336,"url":"https:\/\/www.webdo.tn\/fr\/wp-content\/uploads\/2025\/05\/20ff92a4deba383ac1bb56dee61fe6fe-2.webp","type":"image\/webp"}],"author":"MC","twitter_card":"summary_large_image","twitter_creator":"@webdo_tn","twitter_site":"@webdo_tn","twitter_misc":{"\u00c9crit par":"MC","Dur\u00e9e de lecture estim\u00e9e":"1 minute"},"schema":{"@context":"https:\/\/schema.org","@graph":[{"@type":"NewsArticle","@id":"https:\/\/www.webdo.tn\/fr\/actualite\/regions\/sousse-un-jeune-s-immole-devant-un-poste-de-police-l-auteur-de-la-video-arrete\/219694\/#article","isPartOf":{"@id":"https:\/\/www.webdo.tn\/fr\/actualite\/regions\/sousse-un-jeune-s-immole-devant-un-poste-de-police-l-auteur-de-la-video-arrete\/219694\/"},"author":{"name":"MC","@id":"https:\/\/www.webdo.tn\/fr\/#\/schema\/person\/2c4929cbf5a809e3bd38617c6ce150f6"},"headline":"Sousse : L\u2019auteur de la vid\u00e9o de l&rsquo;immolation arr\u00eat\u00e9","datePublished":"2025-02-08T11:54:00+00:00","dateModified":"2025-05-20T21:43:11+00:00","mainEntityOfPage":{"@id":"https:\/\/www.webdo.tn\/fr\/actualite\/regions\/sousse-un-jeune-s-immole-devant-un-poste-de-police-l-auteur-de-la-video-arrete\/219694\/"},"wordCount":304,"commentCount":0,"publisher":{"@id":"https:\/\/www.webdo.tn\/fr\/#organization"},"image":{"@id":"https:\/\/www.webdo.tn\/fr\/actualite\/regions\/sousse-un-jeune-s-immole-devant-un-poste-de-police-l-auteur-de-la-video-arrete\/219694\/#primaryimage"},"thumbnailUrl":"https:\/\/www.webdo.tn\/fr\/wp-content\/uploads\/2025\/05\/20ff92a4deba383ac1bb56dee61fe6fe-2.webp","keywords":["arrestation","garde \u00e0 vue","Immolation","poste de police","Vid\u00e9o"],"articleSection":["regions"],"inLanguage":"fr-FR"},{"@type":"WebPage","@id":"https:\/\/www.webdo.tn\/fr\/actualite\/regions\/sousse-un-jeune-s-immole-devant-un-poste-de-police-l-auteur-de-la-video-arrete\/219694\/","url":"https:\/\/www.webdo.tn\/fr\/actualite\/regions\/sousse-un-jeune-s-immole-devant-un-poste-de-police-l-auteur-de-la-video-arrete\/219694\/","name":"Sousse : L\u2019auteur de la vid\u00e9o de l'immolation arr\u00eat\u00e9","isPartOf":{"@id":"https:\/\/www.webdo.tn\/fr\/#website"},"primaryImageOfPage":{"@id":"https:\/\/www.webdo.tn\/fr\/actualite\/regions\/sousse-un-jeune-s-immole-devant-un-poste-de-police-l-auteur-de-la-video-arrete\/219694\/#primaryimage"},"image":{"@id":"https:\/\/www.webdo.tn\/fr\/actualite\/regions\/sousse-un-jeune-s-immole-devant-un-poste-de-police-l-auteur-de-la-video-arrete\/219694\/#primaryimage"},"thumbnailUrl":"https:\/\/www.webdo.tn\/fr\/wp-content\/uploads\/2025\/05\/20ff92a4deba383ac1bb56dee61fe6fe-2.webp","datePublished":"2025-02-08T11:54:00+00:00","dateModified":"2025-05-20T21:43:11+00:00","description":"Un jeune homme, n\u00e9 en 1999, s\u2019est immol\u00e9 par le feu, jeudi, devant un poste de police de la cit\u00e9 Erriadh \u00e0 Sousse. La sc\u00e8ne a \u00e9t\u00e9 film\u00e9e par un individu qui a \u00e9...","breadcrumb":{"@id":"https:\/\/www.webdo.tn\/fr\/actualite\/regions\/sousse-un-jeune-s-immole-devant-un-poste-de-police-l-auteur-de-la-video-arrete\/219694\/#breadcrumb"},"inLanguage":"fr-FR","potentialAction":[{"@type":"ReadAction","target":["https:\/\/www.webdo.tn\/fr\/actualite\/regions\/sousse-un-jeune-s-immole-devant-un-poste-de-police-l-auteur-de-la-video-arrete\/219694\/"]}]},{"@type":"ImageObject","inLanguage":"fr-FR","@id":"https:\/\/www.webdo.tn\/fr\/actualite\/regions\/sousse-un-jeune-s-immole-devant-un-poste-de-police-l-auteur-de-la-video-arrete\/219694\/#primaryimage","url":"https:\/\/www.webdo.tn\/fr\/wp-content\/uploads\/2025\/05\/20ff92a4deba383ac1bb56dee61fe6fe-2.webp","contentUrl":"https:\/\/www.webdo.tn\/fr\/wp-content\/uploads\/2025\/05\/20ff92a4deba383ac1bb56dee61fe6fe-2.webp","width":630,"height":336},{"@type":"BreadcrumbList","@id":"https:\/\/www.webdo.tn\/fr\/actualite\/regions\/sousse-un-jeune-s-immole-devant-un-poste-de-police-l-auteur-de-la-video-arrete\/219694\/#breadcrumb","itemListElement":[{"@type":"ListItem","position":1,"name":"Accueil","item":"https:\/\/www.webdo.tn\/fr\/"},{"@type":"ListItem","position":2,"name":"Sousse : L\u2019auteur de la vid\u00e9o de l&rsquo;immolation arr\u00eat\u00e9"}]},{"@type":"WebSite","@id":"https:\/\/www.webdo.tn\/fr\/#website","url":"https:\/\/www.webdo.tn\/fr\/","name":"webdo","description":"Tunisie - News en Tunisie et \u00e0 l&#039;international sur Webdo.tn","publisher":{"@id":"https:\/\/www.webdo.tn\/fr\/#organization"},"potentialAction":[{"@type":"SearchAction","target":{"@type":"EntryPoint","urlTemplate":"https:\/\/www.webdo.tn\/fr\/?s={search_term_string}"},"query-input":{"@type":"PropertyValueSpecification","valueRequired":true,"valueName":"search_term_string"}}],"inLanguage":"fr-FR"},{"@type":"Organization","@id":"https:\/\/www.webdo.tn\/fr\/#organization","name":"Webdo","alternateName":"Webdo.tn","url":"https:\/\/www.webdo.tn\/fr\/","logo":{"@type":"ImageObject","inLanguage":"fr-FR","@id":"https:\/\/www.webdo.tn\/fr\/#\/schema\/logo\/image\/","url":"https:\/\/www.webdo.tn\/fr\/wp-content\/uploads\/2025\/06\/Webdo-Tunisie_168377.jpg","contentUrl":"https:\/\/www.webdo.tn\/fr\/wp-content\/uploads\/2025\/06\/Webdo-Tunisie_168377.jpg","width":301,"height":301,"caption":"Webdo"},"image":{"@id":"https:\/\/www.webdo.tn\/fr\/#\/schema\/logo\/image\/"},"sameAs":["https:\/\/www.facebook.com\/webdotn","https:\/\/x.com\/webdo_tn"],"description":"Webdo est un m\u00e9dia num\u00e9rique tunisien fond\u00e9 en 2010, sp\u00e9cialis\u00e9 dans l\u2019actualit\u00e9 nationale et internationale, l\u2019\u00e9conomie, la soci\u00e9t\u00e9 et les analyses politiques. Le site s\u2019adresse \u00e0 un large public francophone et couvre l\u2019information tunisienne en temps r\u00e9el.","email":"redac@webdo.tn","legalName":"YNJ SARL","foundingDate":"2010-09-06","numberOfEmployees":{"@type":"QuantitativeValue","minValue":"11","maxValue":"50"}},{"@type":"Person","@id":"https:\/\/www.webdo.tn\/fr\/#\/schema\/person\/2c4929cbf5a809e3bd38617c6ce150f6","name":"MC","image":{"@type":"ImageObject","inLanguage":"fr-FR","@id":"https:\/\/secure.gravatar.com\/avatar\/a545bbb6f84efdd5553dbbc2895e3ca8f1d12c5215e00a041c9670b54aa9b18a?s=96&d=mm&r=g","url":"https:\/\/secure.gravatar.com\/avatar\/a545bbb6f84efdd5553dbbc2895e3ca8f1d12c5215e00a041c9670b54aa9b18a?s=96&d=mm&r=g","contentUrl":"https:\/\/secure.gravatar.com\/avatar\/a545bbb6f84efdd5553dbbc2895e3ca8f1d12c5215e00a041c9670b54aa9b18a?s=96&d=mm&r=g","caption":"MC"},"url":"https:\/\/www.webdo.tn\/fr\/actualite\/author\/mc\/"}]}},"_links":{"self":[{"href":"https:\/\/www.webdo.tn\/fr\/wp-json\/wp\/v2\/posts\/219694","targetHints":{"allow":["GET"]}}],"collection":[{"href":"https:\/\/www.webdo.tn\/fr\/wp-json\/wp\/v2\/posts"}],"about":[{"href":"https:\/\/www.webdo.tn\/fr\/wp-json\/wp\/v2\/types\/post"}],"author":[{"embeddable":true,"href":"https:\/\/www.webdo.tn\/fr\/wp-json\/wp\/v2\/users\/3162"}],"replies":[{"embeddable":true,"href":"https:\/\/www.webdo.tn\/fr\/wp-json\/wp\/v2\/comments?post=219694"}],"version-history":[{"count":0,"href":"https:\/\/www.webdo.tn\/fr\/wp-json\/wp\/v2\/posts\/219694\/revisions"}],"wp:featuredmedia":[{"embeddable":true,"href":"https:\/\/www.webdo.tn\/fr\/wp-json\/wp\/v2\/media\/242344"}],"wp:attachment":[{"href":"https:\/\/www.webdo.tn\/fr\/wp-json\/wp\/v2\/media?parent=219694"}],"wp:term":[{"taxonomy":"category","embeddable":true,"href":"https:\/\/www.webdo.tn\/fr\/wp-json\/wp\/v2\/categories?post=219694"},{"taxonomy":"post_tag","embeddable":true,"href":"https:\/\/www.webdo.tn\/fr\/wp-json\/wp\/v2\/tags?post=219694"}],"curies":[{"name":"wp","href":"https:\/\/api.w.org\/{rel}","templated":true}]}}