{"id":219691,"date":"2025-02-08T10:45:00","date_gmt":"2025-02-08T10:45:00","guid":{"rendered":"https:\/\/www.webdo.tn\/fr\/blog\/2025\/02\/08\/tunisie-conseil-ministeriel-sur-la-revision-du-code-des-hydrocarbures\/"},"modified":"2025-05-20T21:43:11","modified_gmt":"2025-05-20T21:43:11","slug":"tunisie-conseil-ministeriel-sur-la-revision-du-code-des-hydrocarbures","status":"publish","type":"post","link":"https:\/\/www.webdo.tn\/fr\/actualite\/national\/tunisie-conseil-ministeriel-sur-la-revision-du-code-des-hydrocarbures\/219691\/","title":{"rendered":"Tunisie : Conseil minist\u00e9riel sur la r\u00e9vision du Code des hydrocarbures"},"content":{"rendered":"<p>Le Chef du gouvernement, Kamel Maddouri, a pr\u00e9sid\u00e9, vendredi 7 f\u00e9vrier 2025, au Palais du gouvernement \u00e0 la Kasbah, un conseil minist\u00e9riel restreint consacr\u00e9 \u00e0 l&rsquo;examen d&rsquo;un projet de loi portant modification du Code des hydrocarbures et \u00e0 la situation de certaines concessions p\u00e9troli\u00e8res.<\/p>\n<p>\t\t\t\t\t\t\t\t\tA cette occasion, le Chef du gouvernement a mis en avant le r\u00f4le strat\u00e9gique du secteur des hydrocarbures en tant que pilier \u00e9conomique et social et a insist\u00e9 sur la n\u00e9cessit\u00e9 d\u2019adapter la l\u00e9gislation aux \u00e9volutions du secteur. L\u2019objectif est de concilier la souverainet\u00e9 \u00e9nerg\u00e9tique nationale avec l\u2019attractivit\u00e9 des investissements dans l\u2019exploration, l\u2019exploitation, le transport et le raffinage.<\/p>\n<p>Baisse de la production et d\u00e9pendance \u00e9nerg\u00e9tique<\/p>\n<p>Il a \u00e9galement \u00e9voqu\u00e9 la baisse de la production, le co\u00fbt r\u00e9duit des permis d\u2019exploration, l\u2019absence d\u2019une politique de promotion efficace, ainsi que la d\u00e9pendance \u00e9nerg\u00e9tique croissante. Cela impose l&rsquo;\u00e9laboration d&rsquo;une vision strat\u00e9gique visant \u00e0 identifier les opportunit\u00e9s et d\u00e9fis du secteur, \u00e0 renforcer la souverainet\u00e9 et la s\u00e9curit\u00e9 \u00e9nerg\u00e9tiques, \u00e0 diversifier les sources d\u2019\u00e9nergie et \u00e0 attirer des investissements de qualit\u00e9, le tout dans un cadre de gouvernance, de transparence et de gestion efficace. \u00a0<\/p>\n<p>Par ailleurs, le Chef du gouvernement a insist\u00e9 sur l\u2019importance de renforcer les capacit\u00e9s institutionnelles des structures concern\u00e9es, notamment en mati\u00e8re technique et juridique, ainsi que la n\u00e9cessit\u00e9 de ma\u00eetriser les m\u00e9canismes de pr\u00e9vention et de r\u00e9solution des litiges afin de pr\u00e9server les droits et int\u00e9r\u00eats de l\u2019\u00c9tat tunisien. \u00a0<\/p>\n<p>Exploration de nouvelles opportunit\u00e9s d\u2019investissement dans les \u00e9nergies renouvelables<\/p>\n<p>Fatma Thabet Chiboub, ministre de l\u2019Industrie, des Mines et de l\u2019\u00c9nergie, a pr\u00e9sent\u00e9 un expos\u00e9 sur l\u2019\u00e9volution des l\u00e9gislations encadrant le secteur des hydrocarbures et sur les difficult\u00e9s engendr\u00e9es par certaines ambigu\u00eft\u00e9s ou absences de dispositions l\u00e9gales.<\/p>\n<p>Elle a d\u00e9taill\u00e9 la m\u00e9thodologie participative adopt\u00e9e pour l\u2019\u00e9laboration du projet de loi, mettant en avant ses objectifs, notamment l\u2019exploration de nouvelles opportunit\u00e9s d\u2019investissement dans des secteurs strat\u00e9giques comme les \u00e9nergies renouvelables, qui permettront d\u2019all\u00e9ger le fardeau \u00e9nerg\u00e9tique sur le budget de l\u2019\u00c9tat et de promouvoir des mesures environnementales plus durables. \u00a0<\/p>\n<p>La ministre a \u00e9galement abord\u00e9 la situation des concessions et de l\u2019exploitation de plusieurs champs p\u00e9troliers tunisiens, en identifiant les principaux obstacles \u00e0 l\u2019exploration et \u00e0 la prospection, notamment les difficult\u00e9s li\u00e9es \u00e0 l\u2019octroi des permis d\u2019exploitation des terres collectives, les proc\u00e9dures d\u2019arbitrage en cours, ainsi que la diminution progressive des investissements et de la production p\u00e9troli\u00e8re. \u00a0<\/p>\n<p>Apr\u00e8s discussion et \u00e9changes sur les principes et composantes du projet de loi, le conseil a recommand\u00e9 d\u2019acc\u00e9l\u00e9rer la finalisation du texte en prenant en compte les observations formul\u00e9es, en vue de sa soumission au Conseil des ministres.<\/p>\n","protected":false},"excerpt":{"rendered":"<p>Le Chef du gouvernement, Kamel Maddouri, a pr\u00e9sid\u00e9, vendredi 7 f\u00e9vrier 2025, au Palais du gouvernement \u00e0 la Kasbah, un conseil minist\u00e9riel restreint consacr\u00e9 \u00e0&#8230;<\/p>\n","protected":false},"author":3162,"featured_media":242346,"comment_status":"open","ping_status":"open","sticky":false,"template":"","format":"standard","meta":{"footnotes":""},"categories":[44],"tags":[4085,3845,4084,2608],"class_list":["post-219691","post","type-post","status-publish","format-standard","has-post-thumbnail","hentry","category-national","tag-dependance-energetique","tag-energies-renouvelables","tag-hydrocarbures","tag-tunisie"],"yoast_head":"<!-- This site is optimized with the Yoast SEO Premium plugin v27.5 (Yoast SEO v27.5) - https:\/\/yoast.com\/product\/yoast-seo-premium-wordpress\/ -->\n<title>Tunisie : Conseil minist\u00e9riel sur la r\u00e9vision du Code des hydrocarbures<\/title>\n<meta name=\"description\" content=\"Le Chef du gouvernement, Kamel Maddouri, a pr\u00e9sid\u00e9, vendredi 7 f\u00e9vrier 2025, au Palais du gouvernement \u00e0 la Kasbah, un conseil minist\u00e9riel restreint consacr\u00e9 \u00e0...\" \/>\n<link rel=\"canonical\" href=\"https:\/\/www.webdo.tn\/fr\/actualite\/national\/tunisie-conseil-ministeriel-sur-la-revision-du-code-des-hydrocarbures\/219691\/\" \/>\n<meta property=\"og:locale\" content=\"fr_FR\" \/>\n<meta property=\"og:type\" content=\"article\" \/>\n<meta property=\"og:title\" content=\"Tunisie : Conseil minist\u00e9riel sur la r\u00e9vision du Code des hydrocarbures\" \/>\n<meta property=\"og:description\" content=\"Le Chef du gouvernement, Kamel Maddouri, a pr\u00e9sid\u00e9, vendredi 7 f\u00e9vrier 2025, au Palais du gouvernement \u00e0 la Kasbah, un conseil minist\u00e9riel restreint consacr\u00e9 \u00e0...\" \/>\n<meta property=\"og:url\" content=\"https:\/\/www.webdo.tn\/fr\/actualite\/national\/tunisie-conseil-ministeriel-sur-la-revision-du-code-des-hydrocarbures\/219691\/\" \/>\n<meta property=\"og:site_name\" content=\"webdo\" \/>\n<meta property=\"article:publisher\" content=\"https:\/\/www.facebook.com\/webdotn\" \/>\n<meta property=\"article:published_time\" content=\"2025-02-08T10:45:00+00:00\" \/>\n<meta property=\"article:modified_time\" content=\"2025-05-20T21:43:11+00:00\" \/>\n<meta property=\"og:image\" content=\"https:\/\/www.webdo.tn\/fr\/wp-content\/uploads\/2025\/05\/45e00546e2d887e8aa535e0a79154246-2.webp\" \/>\n\t<meta property=\"og:image:width\" content=\"750\" \/>\n\t<meta property=\"og:image:height\" content=\"400\" \/>\n\t<meta property=\"og:image:type\" content=\"image\/webp\" \/>\n<meta name=\"author\" content=\"MC\" \/>\n<meta name=\"twitter:card\" content=\"summary_large_image\" \/>\n<meta name=\"twitter:creator\" content=\"@webdo_tn\" \/>\n<meta name=\"twitter:site\" content=\"@webdo_tn\" \/>\n<meta name=\"twitter:label1\" content=\"\u00c9crit par\" \/>\n\t<meta name=\"twitter:data1\" content=\"MC\" \/>\n\t<meta name=\"twitter:label2\" content=\"Dur\u00e9e de lecture estim\u00e9e\" \/>\n\t<meta name=\"twitter:data2\" content=\"2 minutes\" \/>\n<script type=\"application\/ld+json\" class=\"yoast-schema-graph\">{\"@context\":\"https:\\\/\\\/schema.org\",\"@graph\":[{\"@type\":\"NewsArticle\",\"@id\":\"https:\\\/\\\/www.webdo.tn\\\/fr\\\/actualite\\\/national\\\/tunisie-conseil-ministeriel-sur-la-revision-du-code-des-hydrocarbures\\\/219691\\\/#article\",\"isPartOf\":{\"@id\":\"https:\\\/\\\/www.webdo.tn\\\/fr\\\/actualite\\\/national\\\/tunisie-conseil-ministeriel-sur-la-revision-du-code-des-hydrocarbures\\\/219691\\\/\"},\"author\":{\"name\":\"MC\",\"@id\":\"https:\\\/\\\/www.webdo.tn\\\/fr\\\/#\\\/schema\\\/person\\\/2c4929cbf5a809e3bd38617c6ce150f6\"},\"headline\":\"Tunisie : Conseil minist\u00e9riel sur la r\u00e9vision du Code des hydrocarbures\",\"datePublished\":\"2025-02-08T10:45:00+00:00\",\"dateModified\":\"2025-05-20T21:43:11+00:00\",\"mainEntityOfPage\":{\"@id\":\"https:\\\/\\\/www.webdo.tn\\\/fr\\\/actualite\\\/national\\\/tunisie-conseil-ministeriel-sur-la-revision-du-code-des-hydrocarbures\\\/219691\\\/\"},\"wordCount\":512,\"commentCount\":0,\"publisher\":{\"@id\":\"https:\\\/\\\/www.webdo.tn\\\/fr\\\/#organization\"},\"image\":{\"@id\":\"https:\\\/\\\/www.webdo.tn\\\/fr\\\/actualite\\\/national\\\/tunisie-conseil-ministeriel-sur-la-revision-du-code-des-hydrocarbures\\\/219691\\\/#primaryimage\"},\"thumbnailUrl\":\"https:\\\/\\\/www.webdo.tn\\\/fr\\\/wp-content\\\/uploads\\\/2025\\\/05\\\/45e00546e2d887e8aa535e0a79154246-2.webp\",\"keywords\":[\"d\u00e9pendance \u00e9nerg\u00e9tique\",\"\u00e9nergies renouvelables\",\"hydrocarbures\",\"Tunisie\"],\"articleSection\":[\"National\"],\"inLanguage\":\"fr-FR\"},{\"@type\":\"WebPage\",\"@id\":\"https:\\\/\\\/www.webdo.tn\\\/fr\\\/actualite\\\/national\\\/tunisie-conseil-ministeriel-sur-la-revision-du-code-des-hydrocarbures\\\/219691\\\/\",\"url\":\"https:\\\/\\\/www.webdo.tn\\\/fr\\\/actualite\\\/national\\\/tunisie-conseil-ministeriel-sur-la-revision-du-code-des-hydrocarbures\\\/219691\\\/\",\"name\":\"Tunisie : Conseil minist\u00e9riel sur la r\u00e9vision du Code des hydrocarbures\",\"isPartOf\":{\"@id\":\"https:\\\/\\\/www.webdo.tn\\\/fr\\\/#website\"},\"primaryImageOfPage\":{\"@id\":\"https:\\\/\\\/www.webdo.tn\\\/fr\\\/actualite\\\/national\\\/tunisie-conseil-ministeriel-sur-la-revision-du-code-des-hydrocarbures\\\/219691\\\/#primaryimage\"},\"image\":{\"@id\":\"https:\\\/\\\/www.webdo.tn\\\/fr\\\/actualite\\\/national\\\/tunisie-conseil-ministeriel-sur-la-revision-du-code-des-hydrocarbures\\\/219691\\\/#primaryimage\"},\"thumbnailUrl\":\"https:\\\/\\\/www.webdo.tn\\\/fr\\\/wp-content\\\/uploads\\\/2025\\\/05\\\/45e00546e2d887e8aa535e0a79154246-2.webp\",\"datePublished\":\"2025-02-08T10:45:00+00:00\",\"dateModified\":\"2025-05-20T21:43:11+00:00\",\"description\":\"Le Chef du gouvernement, Kamel Maddouri, a pr\u00e9sid\u00e9, vendredi 7 f\u00e9vrier 2025, au Palais du gouvernement \u00e0 la Kasbah, un conseil minist\u00e9riel restreint consacr\u00e9 \u00e0...\",\"breadcrumb\":{\"@id\":\"https:\\\/\\\/www.webdo.tn\\\/fr\\\/actualite\\\/national\\\/tunisie-conseil-ministeriel-sur-la-revision-du-code-des-hydrocarbures\\\/219691\\\/#breadcrumb\"},\"inLanguage\":\"fr-FR\",\"potentialAction\":[{\"@type\":\"ReadAction\",\"target\":[\"https:\\\/\\\/www.webdo.tn\\\/fr\\\/actualite\\\/national\\\/tunisie-conseil-ministeriel-sur-la-revision-du-code-des-hydrocarbures\\\/219691\\\/\"]}]},{\"@type\":\"ImageObject\",\"inLanguage\":\"fr-FR\",\"@id\":\"https:\\\/\\\/www.webdo.tn\\\/fr\\\/actualite\\\/national\\\/tunisie-conseil-ministeriel-sur-la-revision-du-code-des-hydrocarbures\\\/219691\\\/#primaryimage\",\"url\":\"https:\\\/\\\/www.webdo.tn\\\/fr\\\/wp-content\\\/uploads\\\/2025\\\/05\\\/45e00546e2d887e8aa535e0a79154246-2.webp\",\"contentUrl\":\"https:\\\/\\\/www.webdo.tn\\\/fr\\\/wp-content\\\/uploads\\\/2025\\\/05\\\/45e00546e2d887e8aa535e0a79154246-2.webp\",\"width\":750,\"height\":400},{\"@type\":\"BreadcrumbList\",\"@id\":\"https:\\\/\\\/www.webdo.tn\\\/fr\\\/actualite\\\/national\\\/tunisie-conseil-ministeriel-sur-la-revision-du-code-des-hydrocarbures\\\/219691\\\/#breadcrumb\",\"itemListElement\":[{\"@type\":\"ListItem\",\"position\":1,\"name\":\"Accueil\",\"item\":\"https:\\\/\\\/www.webdo.tn\\\/fr\\\/\"},{\"@type\":\"ListItem\",\"position\":2,\"name\":\"Tunisie : Conseil minist\u00e9riel sur la r\u00e9vision du Code des hydrocarbures\"}]},{\"@type\":\"WebSite\",\"@id\":\"https:\\\/\\\/www.webdo.tn\\\/fr\\\/#website\",\"url\":\"https:\\\/\\\/www.webdo.tn\\\/fr\\\/\",\"name\":\"webdo\",\"description\":\"Tunisie - News en Tunisie et \u00e0 l&#039;international sur Webdo.tn\",\"publisher\":{\"@id\":\"https:\\\/\\\/www.webdo.tn\\\/fr\\\/#organization\"},\"potentialAction\":[{\"@type\":\"SearchAction\",\"target\":{\"@type\":\"EntryPoint\",\"urlTemplate\":\"https:\\\/\\\/www.webdo.tn\\\/fr\\\/?s={search_term_string}\"},\"query-input\":{\"@type\":\"PropertyValueSpecification\",\"valueRequired\":true,\"valueName\":\"search_term_string\"}}],\"inLanguage\":\"fr-FR\"},{\"@type\":\"Organization\",\"@id\":\"https:\\\/\\\/www.webdo.tn\\\/fr\\\/#organization\",\"name\":\"Webdo\",\"alternateName\":\"Webdo.tn\",\"url\":\"https:\\\/\\\/www.webdo.tn\\\/fr\\\/\",\"logo\":{\"@type\":\"ImageObject\",\"inLanguage\":\"fr-FR\",\"@id\":\"https:\\\/\\\/www.webdo.tn\\\/fr\\\/#\\\/schema\\\/logo\\\/image\\\/\",\"url\":\"https:\\\/\\\/www.webdo.tn\\\/fr\\\/wp-content\\\/uploads\\\/2025\\\/06\\\/Webdo-Tunisie_168377.jpg\",\"contentUrl\":\"https:\\\/\\\/www.webdo.tn\\\/fr\\\/wp-content\\\/uploads\\\/2025\\\/06\\\/Webdo-Tunisie_168377.jpg\",\"width\":301,\"height\":301,\"caption\":\"Webdo\"},\"image\":{\"@id\":\"https:\\\/\\\/www.webdo.tn\\\/fr\\\/#\\\/schema\\\/logo\\\/image\\\/\"},\"sameAs\":[\"https:\\\/\\\/www.facebook.com\\\/webdotn\",\"https:\\\/\\\/x.com\\\/webdo_tn\"],\"description\":\"Webdo est un m\u00e9dia num\u00e9rique tunisien fond\u00e9 en 2010, sp\u00e9cialis\u00e9 dans l\u2019actualit\u00e9 nationale et internationale, l\u2019\u00e9conomie, la soci\u00e9t\u00e9 et les analyses politiques. Le site s\u2019adresse \u00e0 un large public francophone et couvre l\u2019information tunisienne en temps r\u00e9el.\",\"email\":\"redac@webdo.tn\",\"legalName\":\"YNJ SARL\",\"foundingDate\":\"2010-09-06\",\"numberOfEmployees\":{\"@type\":\"QuantitativeValue\",\"minValue\":\"11\",\"maxValue\":\"50\"}},{\"@type\":\"Person\",\"@id\":\"https:\\\/\\\/www.webdo.tn\\\/fr\\\/#\\\/schema\\\/person\\\/2c4929cbf5a809e3bd38617c6ce150f6\",\"name\":\"MC\",\"image\":{\"@type\":\"ImageObject\",\"inLanguage\":\"fr-FR\",\"@id\":\"https:\\\/\\\/secure.gravatar.com\\\/avatar\\\/a545bbb6f84efdd5553dbbc2895e3ca8f1d12c5215e00a041c9670b54aa9b18a?s=96&d=mm&r=g\",\"url\":\"https:\\\/\\\/secure.gravatar.com\\\/avatar\\\/a545bbb6f84efdd5553dbbc2895e3ca8f1d12c5215e00a041c9670b54aa9b18a?s=96&d=mm&r=g\",\"contentUrl\":\"https:\\\/\\\/secure.gravatar.com\\\/avatar\\\/a545bbb6f84efdd5553dbbc2895e3ca8f1d12c5215e00a041c9670b54aa9b18a?s=96&d=mm&r=g\",\"caption\":\"MC\"},\"url\":\"https:\\\/\\\/www.webdo.tn\\\/fr\\\/actualite\\\/author\\\/mc\\\/\"}]}<\/script>\n<!-- \/ Yoast SEO Premium plugin. -->","yoast_head_json":{"title":"Tunisie : Conseil minist\u00e9riel sur la r\u00e9vision du Code des hydrocarbures","description":"Le Chef du gouvernement, Kamel Maddouri, a pr\u00e9sid\u00e9, vendredi 7 f\u00e9vrier 2025, au Palais du gouvernement \u00e0 la Kasbah, un conseil minist\u00e9riel restreint consacr\u00e9 \u00e0...","canonical":"https:\/\/www.webdo.tn\/fr\/actualite\/national\/tunisie-conseil-ministeriel-sur-la-revision-du-code-des-hydrocarbures\/219691\/","og_locale":"fr_FR","og_type":"article","og_title":"Tunisie : Conseil minist\u00e9riel sur la r\u00e9vision du Code des hydrocarbures","og_description":"Le Chef du gouvernement, Kamel Maddouri, a pr\u00e9sid\u00e9, vendredi 7 f\u00e9vrier 2025, au Palais du gouvernement \u00e0 la Kasbah, un conseil minist\u00e9riel restreint consacr\u00e9 \u00e0...","og_url":"https:\/\/www.webdo.tn\/fr\/actualite\/national\/tunisie-conseil-ministeriel-sur-la-revision-du-code-des-hydrocarbures\/219691\/","og_site_name":"webdo","article_publisher":"https:\/\/www.facebook.com\/webdotn","article_published_time":"2025-02-08T10:45:00+00:00","article_modified_time":"2025-05-20T21:43:11+00:00","og_image":[{"width":750,"height":400,"url":"https:\/\/www.webdo.tn\/fr\/wp-content\/uploads\/2025\/05\/45e00546e2d887e8aa535e0a79154246-2.webp","type":"image\/webp"}],"author":"MC","twitter_card":"summary_large_image","twitter_creator":"@webdo_tn","twitter_site":"@webdo_tn","twitter_misc":{"\u00c9crit par":"MC","Dur\u00e9e de lecture estim\u00e9e":"2 minutes"},"schema":{"@context":"https:\/\/schema.org","@graph":[{"@type":"NewsArticle","@id":"https:\/\/www.webdo.tn\/fr\/actualite\/national\/tunisie-conseil-ministeriel-sur-la-revision-du-code-des-hydrocarbures\/219691\/#article","isPartOf":{"@id":"https:\/\/www.webdo.tn\/fr\/actualite\/national\/tunisie-conseil-ministeriel-sur-la-revision-du-code-des-hydrocarbures\/219691\/"},"author":{"name":"MC","@id":"https:\/\/www.webdo.tn\/fr\/#\/schema\/person\/2c4929cbf5a809e3bd38617c6ce150f6"},"headline":"Tunisie : Conseil minist\u00e9riel sur la r\u00e9vision du Code des hydrocarbures","datePublished":"2025-02-08T10:45:00+00:00","dateModified":"2025-05-20T21:43:11+00:00","mainEntityOfPage":{"@id":"https:\/\/www.webdo.tn\/fr\/actualite\/national\/tunisie-conseil-ministeriel-sur-la-revision-du-code-des-hydrocarbures\/219691\/"},"wordCount":512,"commentCount":0,"publisher":{"@id":"https:\/\/www.webdo.tn\/fr\/#organization"},"image":{"@id":"https:\/\/www.webdo.tn\/fr\/actualite\/national\/tunisie-conseil-ministeriel-sur-la-revision-du-code-des-hydrocarbures\/219691\/#primaryimage"},"thumbnailUrl":"https:\/\/www.webdo.tn\/fr\/wp-content\/uploads\/2025\/05\/45e00546e2d887e8aa535e0a79154246-2.webp","keywords":["d\u00e9pendance \u00e9nerg\u00e9tique","\u00e9nergies renouvelables","hydrocarbures","Tunisie"],"articleSection":["National"],"inLanguage":"fr-FR"},{"@type":"WebPage","@id":"https:\/\/www.webdo.tn\/fr\/actualite\/national\/tunisie-conseil-ministeriel-sur-la-revision-du-code-des-hydrocarbures\/219691\/","url":"https:\/\/www.webdo.tn\/fr\/actualite\/national\/tunisie-conseil-ministeriel-sur-la-revision-du-code-des-hydrocarbures\/219691\/","name":"Tunisie : Conseil minist\u00e9riel sur la r\u00e9vision du Code des hydrocarbures","isPartOf":{"@id":"https:\/\/www.webdo.tn\/fr\/#website"},"primaryImageOfPage":{"@id":"https:\/\/www.webdo.tn\/fr\/actualite\/national\/tunisie-conseil-ministeriel-sur-la-revision-du-code-des-hydrocarbures\/219691\/#primaryimage"},"image":{"@id":"https:\/\/www.webdo.tn\/fr\/actualite\/national\/tunisie-conseil-ministeriel-sur-la-revision-du-code-des-hydrocarbures\/219691\/#primaryimage"},"thumbnailUrl":"https:\/\/www.webdo.tn\/fr\/wp-content\/uploads\/2025\/05\/45e00546e2d887e8aa535e0a79154246-2.webp","datePublished":"2025-02-08T10:45:00+00:00","dateModified":"2025-05-20T21:43:11+00:00","description":"Le Chef du gouvernement, Kamel Maddouri, a pr\u00e9sid\u00e9, vendredi 7 f\u00e9vrier 2025, au Palais du gouvernement \u00e0 la Kasbah, un conseil minist\u00e9riel restreint consacr\u00e9 \u00e0...","breadcrumb":{"@id":"https:\/\/www.webdo.tn\/fr\/actualite\/national\/tunisie-conseil-ministeriel-sur-la-revision-du-code-des-hydrocarbures\/219691\/#breadcrumb"},"inLanguage":"fr-FR","potentialAction":[{"@type":"ReadAction","target":["https:\/\/www.webdo.tn\/fr\/actualite\/national\/tunisie-conseil-ministeriel-sur-la-revision-du-code-des-hydrocarbures\/219691\/"]}]},{"@type":"ImageObject","inLanguage":"fr-FR","@id":"https:\/\/www.webdo.tn\/fr\/actualite\/national\/tunisie-conseil-ministeriel-sur-la-revision-du-code-des-hydrocarbures\/219691\/#primaryimage","url":"https:\/\/www.webdo.tn\/fr\/wp-content\/uploads\/2025\/05\/45e00546e2d887e8aa535e0a79154246-2.webp","contentUrl":"https:\/\/www.webdo.tn\/fr\/wp-content\/uploads\/2025\/05\/45e00546e2d887e8aa535e0a79154246-2.webp","width":750,"height":400},{"@type":"BreadcrumbList","@id":"https:\/\/www.webdo.tn\/fr\/actualite\/national\/tunisie-conseil-ministeriel-sur-la-revision-du-code-des-hydrocarbures\/219691\/#breadcrumb","itemListElement":[{"@type":"ListItem","position":1,"name":"Accueil","item":"https:\/\/www.webdo.tn\/fr\/"},{"@type":"ListItem","position":2,"name":"Tunisie : Conseil minist\u00e9riel sur la r\u00e9vision du Code des hydrocarbures"}]},{"@type":"WebSite","@id":"https:\/\/www.webdo.tn\/fr\/#website","url":"https:\/\/www.webdo.tn\/fr\/","name":"webdo","description":"Tunisie - News en Tunisie et \u00e0 l&#039;international sur Webdo.tn","publisher":{"@id":"https:\/\/www.webdo.tn\/fr\/#organization"},"potentialAction":[{"@type":"SearchAction","target":{"@type":"EntryPoint","urlTemplate":"https:\/\/www.webdo.tn\/fr\/?s={search_term_string}"},"query-input":{"@type":"PropertyValueSpecification","valueRequired":true,"valueName":"search_term_string"}}],"inLanguage":"fr-FR"},{"@type":"Organization","@id":"https:\/\/www.webdo.tn\/fr\/#organization","name":"Webdo","alternateName":"Webdo.tn","url":"https:\/\/www.webdo.tn\/fr\/","logo":{"@type":"ImageObject","inLanguage":"fr-FR","@id":"https:\/\/www.webdo.tn\/fr\/#\/schema\/logo\/image\/","url":"https:\/\/www.webdo.tn\/fr\/wp-content\/uploads\/2025\/06\/Webdo-Tunisie_168377.jpg","contentUrl":"https:\/\/www.webdo.tn\/fr\/wp-content\/uploads\/2025\/06\/Webdo-Tunisie_168377.jpg","width":301,"height":301,"caption":"Webdo"},"image":{"@id":"https:\/\/www.webdo.tn\/fr\/#\/schema\/logo\/image\/"},"sameAs":["https:\/\/www.facebook.com\/webdotn","https:\/\/x.com\/webdo_tn"],"description":"Webdo est un m\u00e9dia num\u00e9rique tunisien fond\u00e9 en 2010, sp\u00e9cialis\u00e9 dans l\u2019actualit\u00e9 nationale et internationale, l\u2019\u00e9conomie, la soci\u00e9t\u00e9 et les analyses politiques. Le site s\u2019adresse \u00e0 un large public francophone et couvre l\u2019information tunisienne en temps r\u00e9el.","email":"redac@webdo.tn","legalName":"YNJ SARL","foundingDate":"2010-09-06","numberOfEmployees":{"@type":"QuantitativeValue","minValue":"11","maxValue":"50"}},{"@type":"Person","@id":"https:\/\/www.webdo.tn\/fr\/#\/schema\/person\/2c4929cbf5a809e3bd38617c6ce150f6","name":"MC","image":{"@type":"ImageObject","inLanguage":"fr-FR","@id":"https:\/\/secure.gravatar.com\/avatar\/a545bbb6f84efdd5553dbbc2895e3ca8f1d12c5215e00a041c9670b54aa9b18a?s=96&d=mm&r=g","url":"https:\/\/secure.gravatar.com\/avatar\/a545bbb6f84efdd5553dbbc2895e3ca8f1d12c5215e00a041c9670b54aa9b18a?s=96&d=mm&r=g","contentUrl":"https:\/\/secure.gravatar.com\/avatar\/a545bbb6f84efdd5553dbbc2895e3ca8f1d12c5215e00a041c9670b54aa9b18a?s=96&d=mm&r=g","caption":"MC"},"url":"https:\/\/www.webdo.tn\/fr\/actualite\/author\/mc\/"}]}},"_links":{"self":[{"href":"https:\/\/www.webdo.tn\/fr\/wp-json\/wp\/v2\/posts\/219691","targetHints":{"allow":["GET"]}}],"collection":[{"href":"https:\/\/www.webdo.tn\/fr\/wp-json\/wp\/v2\/posts"}],"about":[{"href":"https:\/\/www.webdo.tn\/fr\/wp-json\/wp\/v2\/types\/post"}],"author":[{"embeddable":true,"href":"https:\/\/www.webdo.tn\/fr\/wp-json\/wp\/v2\/users\/3162"}],"replies":[{"embeddable":true,"href":"https:\/\/www.webdo.tn\/fr\/wp-json\/wp\/v2\/comments?post=219691"}],"version-history":[{"count":0,"href":"https:\/\/www.webdo.tn\/fr\/wp-json\/wp\/v2\/posts\/219691\/revisions"}],"wp:featuredmedia":[{"embeddable":true,"href":"https:\/\/www.webdo.tn\/fr\/wp-json\/wp\/v2\/media\/242346"}],"wp:attachment":[{"href":"https:\/\/www.webdo.tn\/fr\/wp-json\/wp\/v2\/media?parent=219691"}],"wp:term":[{"taxonomy":"category","embeddable":true,"href":"https:\/\/www.webdo.tn\/fr\/wp-json\/wp\/v2\/categories?post=219691"},{"taxonomy":"post_tag","embeddable":true,"href":"https:\/\/www.webdo.tn\/fr\/wp-json\/wp\/v2\/tags?post=219691"}],"curies":[{"name":"wp","href":"https:\/\/api.w.org\/{rel}","templated":true}]}}