{"id":219669,"date":"2025-02-07T14:48:00","date_gmt":"2025-02-07T14:48:00","guid":{"rendered":"https:\/\/www.webdo.tn\/fr\/blog\/2025\/02\/07\/tunisie-un-homme-de-48-ans-s-immole-par-le-feu-a-bab-saadoun\/"},"modified":"2025-05-20T21:43:15","modified_gmt":"2025-05-20T21:43:15","slug":"tunisie-un-homme-de-48-ans-s-immole-par-le-feu-a-bab-saadoun","status":"publish","type":"post","link":"https:\/\/www.webdo.tn\/fr\/actualite\/national\/tunisie-un-homme-de-48-ans-s-immole-par-le-feu-a-bab-saadoun\/219669\/","title":{"rendered":"Tunisie : Un homme de 48 ans s&rsquo;immole par le feu \u00e0 Bab Saadoun"},"content":{"rendered":"<p>Un homme \u00e2g\u00e9 de 48 ans s&rsquo;est immol\u00e9 par le feu en d\u00e9but d\u2019apr\u00e8s-midi, apr\u00e8s s&rsquo;\u00eatre asperg\u00e9 d\u2019un produit inflammable, devant l&rsquo;un des h\u00f4pitaux de la zone de Bab Saadoun.<\/p>\n<p>Selon Mosa\u00efque fm, l&rsquo;homme, originaire du gouvernorat de Siliana, a \u00e9t\u00e9 transf\u00e9r\u00e9 \u00e0 l&rsquo;h\u00f4pital des grands br\u00fbl\u00e9s de Ben Arous, souffrant de br\u00fblures au troisi\u00e8me degr\u00e9.<\/p>\n","protected":false},"excerpt":{"rendered":"<p>Un homme \u00e2g\u00e9 de 48 ans s&rsquo;est immol\u00e9 par le feu en d\u00e9but d\u2019apr\u00e8s-midi, apr\u00e8s s&rsquo;\u00eatre asperg\u00e9 d\u2019un produit inflammable, devant l&rsquo;un des h\u00f4pitaux de la zone de Bab&#8230;<\/p>\n","protected":false},"author":3162,"featured_media":242388,"comment_status":"open","ping_status":"open","sticky":false,"template":"","format":"standard","meta":{"footnotes":""},"categories":[44],"tags":[4104,4082,2608],"class_list":["post-219669","post","type-post","status-publish","format-standard","has-post-thumbnail","hentry","category-national","tag-bab-saadoun","tag-immolation","tag-tunisie"],"yoast_head":"<!-- This site is optimized with the Yoast SEO Premium plugin v27.5 (Yoast SEO v27.5) - https:\/\/yoast.com\/product\/yoast-seo-premium-wordpress\/ -->\n<title>Tunisie : Un homme de 48 ans s&#039;immole par le feu \u00e0 Bab Saadoun<\/title>\n<meta name=\"description\" content=\"Un homme \u00e2g\u00e9 de 48 ans s&#039;est immol\u00e9 par le feu en d\u00e9but d\u2019apr\u00e8s-midi, apr\u00e8s s&#039;\u00eatre asperg\u00e9 d\u2019un produit inflammable, devant l&#039;un des h\u00f4pitaux de la zone de Bab...\" \/>\n<link rel=\"canonical\" href=\"https:\/\/www.webdo.tn\/fr\/actualite\/national\/tunisie-un-homme-de-48-ans-s-immole-par-le-feu-a-bab-saadoun\/219669\/\" \/>\n<meta property=\"og:locale\" content=\"fr_FR\" \/>\n<meta property=\"og:type\" content=\"article\" \/>\n<meta property=\"og:title\" content=\"Tunisie : Un homme de 48 ans s&#039;immole par le feu \u00e0 Bab Saadoun\" \/>\n<meta property=\"og:description\" content=\"Un homme \u00e2g\u00e9 de 48 ans s&#039;est immol\u00e9 par le feu en d\u00e9but d\u2019apr\u00e8s-midi, apr\u00e8s s&#039;\u00eatre asperg\u00e9 d\u2019un produit inflammable, devant l&#039;un des h\u00f4pitaux de la zone de Bab...\" \/>\n<meta property=\"og:url\" content=\"https:\/\/www.webdo.tn\/fr\/actualite\/national\/tunisie-un-homme-de-48-ans-s-immole-par-le-feu-a-bab-saadoun\/219669\/\" \/>\n<meta property=\"og:site_name\" content=\"webdo\" \/>\n<meta property=\"article:publisher\" content=\"https:\/\/www.facebook.com\/webdotn\" \/>\n<meta property=\"article:published_time\" content=\"2025-02-07T14:48:00+00:00\" \/>\n<meta property=\"article:modified_time\" content=\"2025-05-20T21:43:15+00:00\" \/>\n<meta property=\"og:image\" content=\"https:\/\/www.webdo.tn\/fr\/wp-content\/uploads\/2025\/05\/9abe52f96d734c9888f719c0ab951bdc-2.webp\" \/>\n\t<meta property=\"og:image:width\" content=\"626\" \/>\n\t<meta property=\"og:image:height\" content=\"334\" \/>\n\t<meta property=\"og:image:type\" content=\"image\/webp\" \/>\n<meta name=\"author\" content=\"MC\" \/>\n<meta name=\"twitter:card\" content=\"summary_large_image\" \/>\n<meta name=\"twitter:creator\" content=\"@webdo_tn\" \/>\n<meta name=\"twitter:site\" content=\"@webdo_tn\" \/>\n<meta name=\"twitter:label1\" content=\"\u00c9crit par\" \/>\n\t<meta name=\"twitter:data1\" content=\"MC\" \/>\n<script type=\"application\/ld+json\" class=\"yoast-schema-graph\">{\"@context\":\"https:\\\/\\\/schema.org\",\"@graph\":[{\"@type\":\"NewsArticle\",\"@id\":\"https:\\\/\\\/www.webdo.tn\\\/fr\\\/actualite\\\/national\\\/tunisie-un-homme-de-48-ans-s-immole-par-le-feu-a-bab-saadoun\\\/219669\\\/#article\",\"isPartOf\":{\"@id\":\"https:\\\/\\\/www.webdo.tn\\\/fr\\\/actualite\\\/national\\\/tunisie-un-homme-de-48-ans-s-immole-par-le-feu-a-bab-saadoun\\\/219669\\\/\"},\"author\":{\"name\":\"MC\",\"@id\":\"https:\\\/\\\/www.webdo.tn\\\/fr\\\/#\\\/schema\\\/person\\\/2c4929cbf5a809e3bd38617c6ce150f6\"},\"headline\":\"Tunisie : Un homme de 48 ans s&rsquo;immole par le feu \u00e0 Bab Saadoun\",\"datePublished\":\"2025-02-07T14:48:00+00:00\",\"dateModified\":\"2025-05-20T21:43:15+00:00\",\"mainEntityOfPage\":{\"@id\":\"https:\\\/\\\/www.webdo.tn\\\/fr\\\/actualite\\\/national\\\/tunisie-un-homme-de-48-ans-s-immole-par-le-feu-a-bab-saadoun\\\/219669\\\/\"},\"wordCount\":84,\"commentCount\":0,\"publisher\":{\"@id\":\"https:\\\/\\\/www.webdo.tn\\\/fr\\\/#organization\"},\"image\":{\"@id\":\"https:\\\/\\\/www.webdo.tn\\\/fr\\\/actualite\\\/national\\\/tunisie-un-homme-de-48-ans-s-immole-par-le-feu-a-bab-saadoun\\\/219669\\\/#primaryimage\"},\"thumbnailUrl\":\"https:\\\/\\\/www.webdo.tn\\\/fr\\\/wp-content\\\/uploads\\\/2025\\\/05\\\/9abe52f96d734c9888f719c0ab951bdc-2.webp\",\"keywords\":[\"bab sa\u00e2doun\",\"Immolation\",\"Tunisie\"],\"articleSection\":[\"National\"],\"inLanguage\":\"fr-FR\"},{\"@type\":\"WebPage\",\"@id\":\"https:\\\/\\\/www.webdo.tn\\\/fr\\\/actualite\\\/national\\\/tunisie-un-homme-de-48-ans-s-immole-par-le-feu-a-bab-saadoun\\\/219669\\\/\",\"url\":\"https:\\\/\\\/www.webdo.tn\\\/fr\\\/actualite\\\/national\\\/tunisie-un-homme-de-48-ans-s-immole-par-le-feu-a-bab-saadoun\\\/219669\\\/\",\"name\":\"Tunisie : Un homme de 48 ans s'immole par le feu \u00e0 Bab Saadoun\",\"isPartOf\":{\"@id\":\"https:\\\/\\\/www.webdo.tn\\\/fr\\\/#website\"},\"primaryImageOfPage\":{\"@id\":\"https:\\\/\\\/www.webdo.tn\\\/fr\\\/actualite\\\/national\\\/tunisie-un-homme-de-48-ans-s-immole-par-le-feu-a-bab-saadoun\\\/219669\\\/#primaryimage\"},\"image\":{\"@id\":\"https:\\\/\\\/www.webdo.tn\\\/fr\\\/actualite\\\/national\\\/tunisie-un-homme-de-48-ans-s-immole-par-le-feu-a-bab-saadoun\\\/219669\\\/#primaryimage\"},\"thumbnailUrl\":\"https:\\\/\\\/www.webdo.tn\\\/fr\\\/wp-content\\\/uploads\\\/2025\\\/05\\\/9abe52f96d734c9888f719c0ab951bdc-2.webp\",\"datePublished\":\"2025-02-07T14:48:00+00:00\",\"dateModified\":\"2025-05-20T21:43:15+00:00\",\"description\":\"Un homme \u00e2g\u00e9 de 48 ans s'est immol\u00e9 par le feu en d\u00e9but d\u2019apr\u00e8s-midi, apr\u00e8s s'\u00eatre asperg\u00e9 d\u2019un produit inflammable, devant l'un des h\u00f4pitaux de la zone de Bab...\",\"breadcrumb\":{\"@id\":\"https:\\\/\\\/www.webdo.tn\\\/fr\\\/actualite\\\/national\\\/tunisie-un-homme-de-48-ans-s-immole-par-le-feu-a-bab-saadoun\\\/219669\\\/#breadcrumb\"},\"inLanguage\":\"fr-FR\",\"potentialAction\":[{\"@type\":\"ReadAction\",\"target\":[\"https:\\\/\\\/www.webdo.tn\\\/fr\\\/actualite\\\/national\\\/tunisie-un-homme-de-48-ans-s-immole-par-le-feu-a-bab-saadoun\\\/219669\\\/\"]}]},{\"@type\":\"ImageObject\",\"inLanguage\":\"fr-FR\",\"@id\":\"https:\\\/\\\/www.webdo.tn\\\/fr\\\/actualite\\\/national\\\/tunisie-un-homme-de-48-ans-s-immole-par-le-feu-a-bab-saadoun\\\/219669\\\/#primaryimage\",\"url\":\"https:\\\/\\\/www.webdo.tn\\\/fr\\\/wp-content\\\/uploads\\\/2025\\\/05\\\/9abe52f96d734c9888f719c0ab951bdc-2.webp\",\"contentUrl\":\"https:\\\/\\\/www.webdo.tn\\\/fr\\\/wp-content\\\/uploads\\\/2025\\\/05\\\/9abe52f96d734c9888f719c0ab951bdc-2.webp\",\"width\":626,\"height\":334},{\"@type\":\"BreadcrumbList\",\"@id\":\"https:\\\/\\\/www.webdo.tn\\\/fr\\\/actualite\\\/national\\\/tunisie-un-homme-de-48-ans-s-immole-par-le-feu-a-bab-saadoun\\\/219669\\\/#breadcrumb\",\"itemListElement\":[{\"@type\":\"ListItem\",\"position\":1,\"name\":\"Accueil\",\"item\":\"https:\\\/\\\/www.webdo.tn\\\/fr\\\/\"},{\"@type\":\"ListItem\",\"position\":2,\"name\":\"Tunisie : Un homme de 48 ans s&#8217;immole par le feu \u00e0 Bab Saadoun\"}]},{\"@type\":\"WebSite\",\"@id\":\"https:\\\/\\\/www.webdo.tn\\\/fr\\\/#website\",\"url\":\"https:\\\/\\\/www.webdo.tn\\\/fr\\\/\",\"name\":\"webdo\",\"description\":\"Tunisie - News en Tunisie et \u00e0 l&#039;international sur Webdo.tn\",\"publisher\":{\"@id\":\"https:\\\/\\\/www.webdo.tn\\\/fr\\\/#organization\"},\"potentialAction\":[{\"@type\":\"SearchAction\",\"target\":{\"@type\":\"EntryPoint\",\"urlTemplate\":\"https:\\\/\\\/www.webdo.tn\\\/fr\\\/?s={search_term_string}\"},\"query-input\":{\"@type\":\"PropertyValueSpecification\",\"valueRequired\":true,\"valueName\":\"search_term_string\"}}],\"inLanguage\":\"fr-FR\"},{\"@type\":\"Organization\",\"@id\":\"https:\\\/\\\/www.webdo.tn\\\/fr\\\/#organization\",\"name\":\"Webdo\",\"alternateName\":\"Webdo.tn\",\"url\":\"https:\\\/\\\/www.webdo.tn\\\/fr\\\/\",\"logo\":{\"@type\":\"ImageObject\",\"inLanguage\":\"fr-FR\",\"@id\":\"https:\\\/\\\/www.webdo.tn\\\/fr\\\/#\\\/schema\\\/logo\\\/image\\\/\",\"url\":\"https:\\\/\\\/www.webdo.tn\\\/fr\\\/wp-content\\\/uploads\\\/2025\\\/06\\\/Webdo-Tunisie_168377.jpg\",\"contentUrl\":\"https:\\\/\\\/www.webdo.tn\\\/fr\\\/wp-content\\\/uploads\\\/2025\\\/06\\\/Webdo-Tunisie_168377.jpg\",\"width\":301,\"height\":301,\"caption\":\"Webdo\"},\"image\":{\"@id\":\"https:\\\/\\\/www.webdo.tn\\\/fr\\\/#\\\/schema\\\/logo\\\/image\\\/\"},\"sameAs\":[\"https:\\\/\\\/www.facebook.com\\\/webdotn\",\"https:\\\/\\\/x.com\\\/webdo_tn\"],\"description\":\"Webdo est un m\u00e9dia num\u00e9rique tunisien fond\u00e9 en 2010, sp\u00e9cialis\u00e9 dans l\u2019actualit\u00e9 nationale et internationale, l\u2019\u00e9conomie, la soci\u00e9t\u00e9 et les analyses politiques. Le site s\u2019adresse \u00e0 un large public francophone et couvre l\u2019information tunisienne en temps r\u00e9el.\",\"email\":\"redac@webdo.tn\",\"legalName\":\"YNJ SARL\",\"foundingDate\":\"2010-09-06\",\"numberOfEmployees\":{\"@type\":\"QuantitativeValue\",\"minValue\":\"11\",\"maxValue\":\"50\"}},{\"@type\":\"Person\",\"@id\":\"https:\\\/\\\/www.webdo.tn\\\/fr\\\/#\\\/schema\\\/person\\\/2c4929cbf5a809e3bd38617c6ce150f6\",\"name\":\"MC\",\"image\":{\"@type\":\"ImageObject\",\"inLanguage\":\"fr-FR\",\"@id\":\"https:\\\/\\\/secure.gravatar.com\\\/avatar\\\/a545bbb6f84efdd5553dbbc2895e3ca8f1d12c5215e00a041c9670b54aa9b18a?s=96&d=mm&r=g\",\"url\":\"https:\\\/\\\/secure.gravatar.com\\\/avatar\\\/a545bbb6f84efdd5553dbbc2895e3ca8f1d12c5215e00a041c9670b54aa9b18a?s=96&d=mm&r=g\",\"contentUrl\":\"https:\\\/\\\/secure.gravatar.com\\\/avatar\\\/a545bbb6f84efdd5553dbbc2895e3ca8f1d12c5215e00a041c9670b54aa9b18a?s=96&d=mm&r=g\",\"caption\":\"MC\"},\"url\":\"https:\\\/\\\/www.webdo.tn\\\/fr\\\/actualite\\\/author\\\/mc\\\/\"}]}<\/script>\n<!-- \/ Yoast SEO Premium plugin. -->","yoast_head_json":{"title":"Tunisie : Un homme de 48 ans s'immole par le feu \u00e0 Bab Saadoun","description":"Un homme \u00e2g\u00e9 de 48 ans s'est immol\u00e9 par le feu en d\u00e9but d\u2019apr\u00e8s-midi, apr\u00e8s s'\u00eatre asperg\u00e9 d\u2019un produit inflammable, devant l'un des h\u00f4pitaux de la zone de Bab...","canonical":"https:\/\/www.webdo.tn\/fr\/actualite\/national\/tunisie-un-homme-de-48-ans-s-immole-par-le-feu-a-bab-saadoun\/219669\/","og_locale":"fr_FR","og_type":"article","og_title":"Tunisie : Un homme de 48 ans s'immole par le feu \u00e0 Bab Saadoun","og_description":"Un homme \u00e2g\u00e9 de 48 ans s'est immol\u00e9 par le feu en d\u00e9but d\u2019apr\u00e8s-midi, apr\u00e8s s'\u00eatre asperg\u00e9 d\u2019un produit inflammable, devant l'un des h\u00f4pitaux de la zone de Bab...","og_url":"https:\/\/www.webdo.tn\/fr\/actualite\/national\/tunisie-un-homme-de-48-ans-s-immole-par-le-feu-a-bab-saadoun\/219669\/","og_site_name":"webdo","article_publisher":"https:\/\/www.facebook.com\/webdotn","article_published_time":"2025-02-07T14:48:00+00:00","article_modified_time":"2025-05-20T21:43:15+00:00","og_image":[{"width":626,"height":334,"url":"https:\/\/www.webdo.tn\/fr\/wp-content\/uploads\/2025\/05\/9abe52f96d734c9888f719c0ab951bdc-2.webp","type":"image\/webp"}],"author":"MC","twitter_card":"summary_large_image","twitter_creator":"@webdo_tn","twitter_site":"@webdo_tn","twitter_misc":{"\u00c9crit par":"MC"},"schema":{"@context":"https:\/\/schema.org","@graph":[{"@type":"NewsArticle","@id":"https:\/\/www.webdo.tn\/fr\/actualite\/national\/tunisie-un-homme-de-48-ans-s-immole-par-le-feu-a-bab-saadoun\/219669\/#article","isPartOf":{"@id":"https:\/\/www.webdo.tn\/fr\/actualite\/national\/tunisie-un-homme-de-48-ans-s-immole-par-le-feu-a-bab-saadoun\/219669\/"},"author":{"name":"MC","@id":"https:\/\/www.webdo.tn\/fr\/#\/schema\/person\/2c4929cbf5a809e3bd38617c6ce150f6"},"headline":"Tunisie : Un homme de 48 ans s&rsquo;immole par le feu \u00e0 Bab Saadoun","datePublished":"2025-02-07T14:48:00+00:00","dateModified":"2025-05-20T21:43:15+00:00","mainEntityOfPage":{"@id":"https:\/\/www.webdo.tn\/fr\/actualite\/national\/tunisie-un-homme-de-48-ans-s-immole-par-le-feu-a-bab-saadoun\/219669\/"},"wordCount":84,"commentCount":0,"publisher":{"@id":"https:\/\/www.webdo.tn\/fr\/#organization"},"image":{"@id":"https:\/\/www.webdo.tn\/fr\/actualite\/national\/tunisie-un-homme-de-48-ans-s-immole-par-le-feu-a-bab-saadoun\/219669\/#primaryimage"},"thumbnailUrl":"https:\/\/www.webdo.tn\/fr\/wp-content\/uploads\/2025\/05\/9abe52f96d734c9888f719c0ab951bdc-2.webp","keywords":["bab sa\u00e2doun","Immolation","Tunisie"],"articleSection":["National"],"inLanguage":"fr-FR"},{"@type":"WebPage","@id":"https:\/\/www.webdo.tn\/fr\/actualite\/national\/tunisie-un-homme-de-48-ans-s-immole-par-le-feu-a-bab-saadoun\/219669\/","url":"https:\/\/www.webdo.tn\/fr\/actualite\/national\/tunisie-un-homme-de-48-ans-s-immole-par-le-feu-a-bab-saadoun\/219669\/","name":"Tunisie : Un homme de 48 ans s'immole par le feu \u00e0 Bab Saadoun","isPartOf":{"@id":"https:\/\/www.webdo.tn\/fr\/#website"},"primaryImageOfPage":{"@id":"https:\/\/www.webdo.tn\/fr\/actualite\/national\/tunisie-un-homme-de-48-ans-s-immole-par-le-feu-a-bab-saadoun\/219669\/#primaryimage"},"image":{"@id":"https:\/\/www.webdo.tn\/fr\/actualite\/national\/tunisie-un-homme-de-48-ans-s-immole-par-le-feu-a-bab-saadoun\/219669\/#primaryimage"},"thumbnailUrl":"https:\/\/www.webdo.tn\/fr\/wp-content\/uploads\/2025\/05\/9abe52f96d734c9888f719c0ab951bdc-2.webp","datePublished":"2025-02-07T14:48:00+00:00","dateModified":"2025-05-20T21:43:15+00:00","description":"Un homme \u00e2g\u00e9 de 48 ans s'est immol\u00e9 par le feu en d\u00e9but d\u2019apr\u00e8s-midi, apr\u00e8s s'\u00eatre asperg\u00e9 d\u2019un produit inflammable, devant l'un des h\u00f4pitaux de la zone de Bab...","breadcrumb":{"@id":"https:\/\/www.webdo.tn\/fr\/actualite\/national\/tunisie-un-homme-de-48-ans-s-immole-par-le-feu-a-bab-saadoun\/219669\/#breadcrumb"},"inLanguage":"fr-FR","potentialAction":[{"@type":"ReadAction","target":["https:\/\/www.webdo.tn\/fr\/actualite\/national\/tunisie-un-homme-de-48-ans-s-immole-par-le-feu-a-bab-saadoun\/219669\/"]}]},{"@type":"ImageObject","inLanguage":"fr-FR","@id":"https:\/\/www.webdo.tn\/fr\/actualite\/national\/tunisie-un-homme-de-48-ans-s-immole-par-le-feu-a-bab-saadoun\/219669\/#primaryimage","url":"https:\/\/www.webdo.tn\/fr\/wp-content\/uploads\/2025\/05\/9abe52f96d734c9888f719c0ab951bdc-2.webp","contentUrl":"https:\/\/www.webdo.tn\/fr\/wp-content\/uploads\/2025\/05\/9abe52f96d734c9888f719c0ab951bdc-2.webp","width":626,"height":334},{"@type":"BreadcrumbList","@id":"https:\/\/www.webdo.tn\/fr\/actualite\/national\/tunisie-un-homme-de-48-ans-s-immole-par-le-feu-a-bab-saadoun\/219669\/#breadcrumb","itemListElement":[{"@type":"ListItem","position":1,"name":"Accueil","item":"https:\/\/www.webdo.tn\/fr\/"},{"@type":"ListItem","position":2,"name":"Tunisie : Un homme de 48 ans s&#8217;immole par le feu \u00e0 Bab Saadoun"}]},{"@type":"WebSite","@id":"https:\/\/www.webdo.tn\/fr\/#website","url":"https:\/\/www.webdo.tn\/fr\/","name":"webdo","description":"Tunisie - News en Tunisie et \u00e0 l&#039;international sur Webdo.tn","publisher":{"@id":"https:\/\/www.webdo.tn\/fr\/#organization"},"potentialAction":[{"@type":"SearchAction","target":{"@type":"EntryPoint","urlTemplate":"https:\/\/www.webdo.tn\/fr\/?s={search_term_string}"},"query-input":{"@type":"PropertyValueSpecification","valueRequired":true,"valueName":"search_term_string"}}],"inLanguage":"fr-FR"},{"@type":"Organization","@id":"https:\/\/www.webdo.tn\/fr\/#organization","name":"Webdo","alternateName":"Webdo.tn","url":"https:\/\/www.webdo.tn\/fr\/","logo":{"@type":"ImageObject","inLanguage":"fr-FR","@id":"https:\/\/www.webdo.tn\/fr\/#\/schema\/logo\/image\/","url":"https:\/\/www.webdo.tn\/fr\/wp-content\/uploads\/2025\/06\/Webdo-Tunisie_168377.jpg","contentUrl":"https:\/\/www.webdo.tn\/fr\/wp-content\/uploads\/2025\/06\/Webdo-Tunisie_168377.jpg","width":301,"height":301,"caption":"Webdo"},"image":{"@id":"https:\/\/www.webdo.tn\/fr\/#\/schema\/logo\/image\/"},"sameAs":["https:\/\/www.facebook.com\/webdotn","https:\/\/x.com\/webdo_tn"],"description":"Webdo est un m\u00e9dia num\u00e9rique tunisien fond\u00e9 en 2010, sp\u00e9cialis\u00e9 dans l\u2019actualit\u00e9 nationale et internationale, l\u2019\u00e9conomie, la soci\u00e9t\u00e9 et les analyses politiques. Le site s\u2019adresse \u00e0 un large public francophone et couvre l\u2019information tunisienne en temps r\u00e9el.","email":"redac@webdo.tn","legalName":"YNJ SARL","foundingDate":"2010-09-06","numberOfEmployees":{"@type":"QuantitativeValue","minValue":"11","maxValue":"50"}},{"@type":"Person","@id":"https:\/\/www.webdo.tn\/fr\/#\/schema\/person\/2c4929cbf5a809e3bd38617c6ce150f6","name":"MC","image":{"@type":"ImageObject","inLanguage":"fr-FR","@id":"https:\/\/secure.gravatar.com\/avatar\/a545bbb6f84efdd5553dbbc2895e3ca8f1d12c5215e00a041c9670b54aa9b18a?s=96&d=mm&r=g","url":"https:\/\/secure.gravatar.com\/avatar\/a545bbb6f84efdd5553dbbc2895e3ca8f1d12c5215e00a041c9670b54aa9b18a?s=96&d=mm&r=g","contentUrl":"https:\/\/secure.gravatar.com\/avatar\/a545bbb6f84efdd5553dbbc2895e3ca8f1d12c5215e00a041c9670b54aa9b18a?s=96&d=mm&r=g","caption":"MC"},"url":"https:\/\/www.webdo.tn\/fr\/actualite\/author\/mc\/"}]}},"_links":{"self":[{"href":"https:\/\/www.webdo.tn\/fr\/wp-json\/wp\/v2\/posts\/219669","targetHints":{"allow":["GET"]}}],"collection":[{"href":"https:\/\/www.webdo.tn\/fr\/wp-json\/wp\/v2\/posts"}],"about":[{"href":"https:\/\/www.webdo.tn\/fr\/wp-json\/wp\/v2\/types\/post"}],"author":[{"embeddable":true,"href":"https:\/\/www.webdo.tn\/fr\/wp-json\/wp\/v2\/users\/3162"}],"replies":[{"embeddable":true,"href":"https:\/\/www.webdo.tn\/fr\/wp-json\/wp\/v2\/comments?post=219669"}],"version-history":[{"count":0,"href":"https:\/\/www.webdo.tn\/fr\/wp-json\/wp\/v2\/posts\/219669\/revisions"}],"wp:featuredmedia":[{"embeddable":true,"href":"https:\/\/www.webdo.tn\/fr\/wp-json\/wp\/v2\/media\/242388"}],"wp:attachment":[{"href":"https:\/\/www.webdo.tn\/fr\/wp-json\/wp\/v2\/media?parent=219669"}],"wp:term":[{"taxonomy":"category","embeddable":true,"href":"https:\/\/www.webdo.tn\/fr\/wp-json\/wp\/v2\/categories?post=219669"},{"taxonomy":"post_tag","embeddable":true,"href":"https:\/\/www.webdo.tn\/fr\/wp-json\/wp\/v2\/tags?post=219669"}],"curies":[{"name":"wp","href":"https:\/\/api.w.org\/{rel}","templated":true}]}}