{"id":219658,"date":"2025-02-07T08:24:00","date_gmt":"2025-02-07T08:24:00","guid":{"rendered":"https:\/\/www.webdo.tn\/fr\/blog\/2025\/02\/07\/tunisie-nuit-de-violence-dans-un-quartier-de-sousse\/"},"modified":"2025-05-20T22:20:02","modified_gmt":"2025-05-20T22:20:02","slug":"tunisie-nuit-de-violence-dans-un-quartier-de-sousse","status":"publish","type":"post","link":"https:\/\/www.webdo.tn\/fr\/actualite\/regions\/tunisie-nuit-de-violence-dans-un-quartier-de-sousse\/219658\/","title":{"rendered":"Tunisie : Nuit de violence dans un quartier de Sousse"},"content":{"rendered":"<p>Des affrontements et des poursuites entre plusieurs jeunes manifestants et les forces de l&rsquo;ordre ont \u00e9clat\u00e9 dans la nuit d&rsquo;hier dans le quartier Riadh de la ville de Sousse.<\/p>\n<p>Ces heurts surviennent apr\u00e8s qu&rsquo;un jeune homme d\u2019environ 26 ans, originaire de la r\u00e9gion, s&rsquo;est immol\u00e9 par le feu devant le poste de police du quartier Riadh pour des raisons encore inconnues, rapporte Mosa\u00efque FM.\u00a0<\/p>\n<p>Il a subi de graves br\u00fblures n\u00e9cessitant son admission en soins intensifs au service des urgences de l&rsquo;h\u00f4pital universitaire Sahloul. Des sources m\u00e9dicales ont pr\u00e9c\u00e9demment qualifi\u00e9 son \u00e9tat de \u00ab tr\u00e8s critique \u00bb.<\/p>\n<p>Les manifestants ont tent\u00e9 d&rsquo;incendier le poste de police en le ciblant avec des cocktails Molotov et des feux d\u2019artifice, mais l&rsquo;intervention des forces de l\u2019ordre a emp\u00each\u00e9 cela. Le calme est finalement revenu dans la r\u00e9gion tard dans la nuit.<\/p>\n","protected":false},"excerpt":{"rendered":"<p>Ces heurts surviennent apr\u00e8s qu&rsquo;un jeune homme d\u2019environ 26 ans, originaire de la r\u00e9gion, s&rsquo;est immol\u00e9 par le feu devant le poste de police du quartier Riadh po&#8230;<\/p>\n","protected":false},"author":3163,"featured_media":242372,"comment_status":"open","ping_status":"open","sticky":false,"template":"","format":"standard","meta":{"footnotes":""},"categories":[2595],"tags":[2699,2608,2827],"class_list":["post-219658","post","type-post","status-publish","format-standard","has-post-thumbnail","hentry","category-regions","tag-sousse","tag-tunisie","tag-violence"],"yoast_head":"<!-- This site is optimized with the Yoast SEO Premium plugin v27.4 (Yoast SEO v27.5) - https:\/\/yoast.com\/product\/yoast-seo-premium-wordpress\/ -->\n<title>Tunisie : Nuit de violence dans un quartier de Sousse<\/title>\n<meta name=\"description\" content=\"Ces heurts surviennent apr\u00e8s qu&#039;un jeune homme d\u2019environ 26 ans, originaire de la r\u00e9gion, s&#039;est immol\u00e9 par le feu devant le poste de police du quartier Riadh po...\" \/>\n<link rel=\"canonical\" href=\"https:\/\/www.webdo.tn\/fr\/actualite\/regions\/tunisie-nuit-de-violence-dans-un-quartier-de-sousse\/219658\/\" \/>\n<meta property=\"og:locale\" content=\"fr_FR\" \/>\n<meta property=\"og:type\" content=\"article\" \/>\n<meta property=\"og:title\" content=\"Tunisie : Nuit de violence dans un quartier de Sousse\" \/>\n<meta property=\"og:description\" content=\"Ces heurts surviennent apr\u00e8s qu&#039;un jeune homme d\u2019environ 26 ans, originaire de la r\u00e9gion, s&#039;est immol\u00e9 par le feu devant le poste de police du quartier Riadh po...\" \/>\n<meta property=\"og:url\" content=\"https:\/\/www.webdo.tn\/fr\/actualite\/regions\/tunisie-nuit-de-violence-dans-un-quartier-de-sousse\/219658\/\" \/>\n<meta property=\"og:site_name\" content=\"webdo\" \/>\n<meta property=\"article:publisher\" content=\"https:\/\/www.facebook.com\/webdotn\" \/>\n<meta property=\"article:published_time\" content=\"2025-02-07T08:24:00+00:00\" \/>\n<meta property=\"article:modified_time\" content=\"2025-05-20T22:20:02+00:00\" \/>\n<meta property=\"og:image\" content=\"https:\/\/www.webdo.tn\/fr\/wp-content\/uploads\/2025\/05\/36a84dcffd29fba314ebc3fa009675d3-2.webp\" \/>\n\t<meta property=\"og:image:width\" content=\"712\" \/>\n\t<meta property=\"og:image:height\" content=\"380\" \/>\n\t<meta property=\"og:image:type\" content=\"image\/webp\" \/>\n<meta name=\"author\" content=\"KJ\" \/>\n<meta name=\"twitter:card\" content=\"summary_large_image\" \/>\n<meta name=\"twitter:creator\" content=\"@webdo_tn\" \/>\n<meta name=\"twitter:site\" content=\"@webdo_tn\" \/>\n<meta name=\"twitter:label1\" content=\"\u00c9crit par\" \/>\n\t<meta name=\"twitter:data1\" content=\"KJ\" \/>\n\t<meta name=\"twitter:label2\" content=\"Dur\u00e9e de lecture estim\u00e9e\" \/>\n\t<meta name=\"twitter:data2\" content=\"1 minute\" \/>\n<script type=\"application\/ld+json\" class=\"yoast-schema-graph\">{\"@context\":\"https:\\\/\\\/schema.org\",\"@graph\":[{\"@type\":\"NewsArticle\",\"@id\":\"https:\\\/\\\/www.webdo.tn\\\/fr\\\/actualite\\\/regions\\\/tunisie-nuit-de-violence-dans-un-quartier-de-sousse\\\/219658\\\/#article\",\"isPartOf\":{\"@id\":\"https:\\\/\\\/www.webdo.tn\\\/fr\\\/actualite\\\/regions\\\/tunisie-nuit-de-violence-dans-un-quartier-de-sousse\\\/219658\\\/\"},\"author\":{\"name\":\"KJ\",\"@id\":\"https:\\\/\\\/www.webdo.tn\\\/fr\\\/#\\\/schema\\\/person\\\/82ca085b22037d285e1a3c4b65ba5f71\"},\"headline\":\"Tunisie : Nuit de violence dans un quartier de Sousse\",\"datePublished\":\"2025-02-07T08:24:00+00:00\",\"dateModified\":\"2025-05-20T22:20:02+00:00\",\"mainEntityOfPage\":{\"@id\":\"https:\\\/\\\/www.webdo.tn\\\/fr\\\/actualite\\\/regions\\\/tunisie-nuit-de-violence-dans-un-quartier-de-sousse\\\/219658\\\/\"},\"wordCount\":166,\"commentCount\":0,\"publisher\":{\"@id\":\"https:\\\/\\\/www.webdo.tn\\\/fr\\\/#organization\"},\"image\":{\"@id\":\"https:\\\/\\\/www.webdo.tn\\\/fr\\\/actualite\\\/regions\\\/tunisie-nuit-de-violence-dans-un-quartier-de-sousse\\\/219658\\\/#primaryimage\"},\"thumbnailUrl\":\"https:\\\/\\\/www.webdo.tn\\\/fr\\\/wp-content\\\/uploads\\\/2025\\\/05\\\/36a84dcffd29fba314ebc3fa009675d3-2.webp\",\"keywords\":[\"Sousse\",\"Tunisie\",\"violence\"],\"articleSection\":[\"regions\"],\"inLanguage\":\"fr-FR\"},{\"@type\":\"WebPage\",\"@id\":\"https:\\\/\\\/www.webdo.tn\\\/fr\\\/actualite\\\/regions\\\/tunisie-nuit-de-violence-dans-un-quartier-de-sousse\\\/219658\\\/\",\"url\":\"https:\\\/\\\/www.webdo.tn\\\/fr\\\/actualite\\\/regions\\\/tunisie-nuit-de-violence-dans-un-quartier-de-sousse\\\/219658\\\/\",\"name\":\"Tunisie : Nuit de violence dans un quartier de Sousse\",\"isPartOf\":{\"@id\":\"https:\\\/\\\/www.webdo.tn\\\/fr\\\/#website\"},\"primaryImageOfPage\":{\"@id\":\"https:\\\/\\\/www.webdo.tn\\\/fr\\\/actualite\\\/regions\\\/tunisie-nuit-de-violence-dans-un-quartier-de-sousse\\\/219658\\\/#primaryimage\"},\"image\":{\"@id\":\"https:\\\/\\\/www.webdo.tn\\\/fr\\\/actualite\\\/regions\\\/tunisie-nuit-de-violence-dans-un-quartier-de-sousse\\\/219658\\\/#primaryimage\"},\"thumbnailUrl\":\"https:\\\/\\\/www.webdo.tn\\\/fr\\\/wp-content\\\/uploads\\\/2025\\\/05\\\/36a84dcffd29fba314ebc3fa009675d3-2.webp\",\"datePublished\":\"2025-02-07T08:24:00+00:00\",\"dateModified\":\"2025-05-20T22:20:02+00:00\",\"description\":\"Ces heurts surviennent apr\u00e8s qu'un jeune homme d\u2019environ 26 ans, originaire de la r\u00e9gion, s'est immol\u00e9 par le feu devant le poste de police du quartier Riadh po...\",\"breadcrumb\":{\"@id\":\"https:\\\/\\\/www.webdo.tn\\\/fr\\\/actualite\\\/regions\\\/tunisie-nuit-de-violence-dans-un-quartier-de-sousse\\\/219658\\\/#breadcrumb\"},\"inLanguage\":\"fr-FR\",\"potentialAction\":[{\"@type\":\"ReadAction\",\"target\":[\"https:\\\/\\\/www.webdo.tn\\\/fr\\\/actualite\\\/regions\\\/tunisie-nuit-de-violence-dans-un-quartier-de-sousse\\\/219658\\\/\"]}]},{\"@type\":\"ImageObject\",\"inLanguage\":\"fr-FR\",\"@id\":\"https:\\\/\\\/www.webdo.tn\\\/fr\\\/actualite\\\/regions\\\/tunisie-nuit-de-violence-dans-un-quartier-de-sousse\\\/219658\\\/#primaryimage\",\"url\":\"https:\\\/\\\/www.webdo.tn\\\/fr\\\/wp-content\\\/uploads\\\/2025\\\/05\\\/36a84dcffd29fba314ebc3fa009675d3-2.webp\",\"contentUrl\":\"https:\\\/\\\/www.webdo.tn\\\/fr\\\/wp-content\\\/uploads\\\/2025\\\/05\\\/36a84dcffd29fba314ebc3fa009675d3-2.webp\",\"width\":712,\"height\":380},{\"@type\":\"BreadcrumbList\",\"@id\":\"https:\\\/\\\/www.webdo.tn\\\/fr\\\/actualite\\\/regions\\\/tunisie-nuit-de-violence-dans-un-quartier-de-sousse\\\/219658\\\/#breadcrumb\",\"itemListElement\":[{\"@type\":\"ListItem\",\"position\":1,\"name\":\"Accueil\",\"item\":\"https:\\\/\\\/www.webdo.tn\\\/fr\\\/\"},{\"@type\":\"ListItem\",\"position\":2,\"name\":\"Tunisie : Nuit de violence dans un quartier de Sousse\"}]},{\"@type\":\"WebSite\",\"@id\":\"https:\\\/\\\/www.webdo.tn\\\/fr\\\/#website\",\"url\":\"https:\\\/\\\/www.webdo.tn\\\/fr\\\/\",\"name\":\"webdo\",\"description\":\"Tunisie - News en Tunisie et \u00e0 l&#039;international sur Webdo.tn\",\"publisher\":{\"@id\":\"https:\\\/\\\/www.webdo.tn\\\/fr\\\/#organization\"},\"potentialAction\":[{\"@type\":\"SearchAction\",\"target\":{\"@type\":\"EntryPoint\",\"urlTemplate\":\"https:\\\/\\\/www.webdo.tn\\\/fr\\\/?s={search_term_string}\"},\"query-input\":{\"@type\":\"PropertyValueSpecification\",\"valueRequired\":true,\"valueName\":\"search_term_string\"}}],\"inLanguage\":\"fr-FR\"},{\"@type\":\"Organization\",\"@id\":\"https:\\\/\\\/www.webdo.tn\\\/fr\\\/#organization\",\"name\":\"Webdo\",\"alternateName\":\"Webdo.tn\",\"url\":\"https:\\\/\\\/www.webdo.tn\\\/fr\\\/\",\"logo\":{\"@type\":\"ImageObject\",\"inLanguage\":\"fr-FR\",\"@id\":\"https:\\\/\\\/www.webdo.tn\\\/fr\\\/#\\\/schema\\\/logo\\\/image\\\/\",\"url\":\"https:\\\/\\\/www.webdo.tn\\\/fr\\\/wp-content\\\/uploads\\\/2025\\\/06\\\/Webdo-Tunisie_168377.jpg\",\"contentUrl\":\"https:\\\/\\\/www.webdo.tn\\\/fr\\\/wp-content\\\/uploads\\\/2025\\\/06\\\/Webdo-Tunisie_168377.jpg\",\"width\":301,\"height\":301,\"caption\":\"Webdo\"},\"image\":{\"@id\":\"https:\\\/\\\/www.webdo.tn\\\/fr\\\/#\\\/schema\\\/logo\\\/image\\\/\"},\"sameAs\":[\"https:\\\/\\\/www.facebook.com\\\/webdotn\",\"https:\\\/\\\/x.com\\\/webdo_tn\"],\"description\":\"Webdo est un m\u00e9dia num\u00e9rique tunisien fond\u00e9 en 2010, sp\u00e9cialis\u00e9 dans l\u2019actualit\u00e9 nationale et internationale, l\u2019\u00e9conomie, la soci\u00e9t\u00e9 et les analyses politiques. Le site s\u2019adresse \u00e0 un large public francophone et couvre l\u2019information tunisienne en temps r\u00e9el.\",\"email\":\"redac@webdo.tn\",\"legalName\":\"YNJ SARL\",\"foundingDate\":\"2010-09-06\",\"numberOfEmployees\":{\"@type\":\"QuantitativeValue\",\"minValue\":\"11\",\"maxValue\":\"50\"}},{\"@type\":\"Person\",\"@id\":\"https:\\\/\\\/www.webdo.tn\\\/fr\\\/#\\\/schema\\\/person\\\/82ca085b22037d285e1a3c4b65ba5f71\",\"name\":\"KJ\",\"image\":{\"@type\":\"ImageObject\",\"inLanguage\":\"fr-FR\",\"@id\":\"https:\\\/\\\/secure.gravatar.com\\\/avatar\\\/1a1320de1c1971c893f00068f760b4113d69504aa21273da17ee95650c5944fd?s=96&d=mm&r=g\",\"url\":\"https:\\\/\\\/secure.gravatar.com\\\/avatar\\\/1a1320de1c1971c893f00068f760b4113d69504aa21273da17ee95650c5944fd?s=96&d=mm&r=g\",\"contentUrl\":\"https:\\\/\\\/secure.gravatar.com\\\/avatar\\\/1a1320de1c1971c893f00068f760b4113d69504aa21273da17ee95650c5944fd?s=96&d=mm&r=g\",\"caption\":\"KJ\"},\"url\":\"https:\\\/\\\/www.webdo.tn\\\/fr\\\/actualite\\\/author\\\/kj\\\/\"}]}<\/script>\n<!-- \/ Yoast SEO Premium plugin. -->","yoast_head_json":{"title":"Tunisie : Nuit de violence dans un quartier de Sousse","description":"Ces heurts surviennent apr\u00e8s qu'un jeune homme d\u2019environ 26 ans, originaire de la r\u00e9gion, s'est immol\u00e9 par le feu devant le poste de police du quartier Riadh po...","canonical":"https:\/\/www.webdo.tn\/fr\/actualite\/regions\/tunisie-nuit-de-violence-dans-un-quartier-de-sousse\/219658\/","og_locale":"fr_FR","og_type":"article","og_title":"Tunisie : Nuit de violence dans un quartier de Sousse","og_description":"Ces heurts surviennent apr\u00e8s qu'un jeune homme d\u2019environ 26 ans, originaire de la r\u00e9gion, s'est immol\u00e9 par le feu devant le poste de police du quartier Riadh po...","og_url":"https:\/\/www.webdo.tn\/fr\/actualite\/regions\/tunisie-nuit-de-violence-dans-un-quartier-de-sousse\/219658\/","og_site_name":"webdo","article_publisher":"https:\/\/www.facebook.com\/webdotn","article_published_time":"2025-02-07T08:24:00+00:00","article_modified_time":"2025-05-20T22:20:02+00:00","og_image":[{"width":712,"height":380,"url":"https:\/\/www.webdo.tn\/fr\/wp-content\/uploads\/2025\/05\/36a84dcffd29fba314ebc3fa009675d3-2.webp","type":"image\/webp"}],"author":"KJ","twitter_card":"summary_large_image","twitter_creator":"@webdo_tn","twitter_site":"@webdo_tn","twitter_misc":{"\u00c9crit par":"KJ","Dur\u00e9e de lecture estim\u00e9e":"1 minute"},"schema":{"@context":"https:\/\/schema.org","@graph":[{"@type":"NewsArticle","@id":"https:\/\/www.webdo.tn\/fr\/actualite\/regions\/tunisie-nuit-de-violence-dans-un-quartier-de-sousse\/219658\/#article","isPartOf":{"@id":"https:\/\/www.webdo.tn\/fr\/actualite\/regions\/tunisie-nuit-de-violence-dans-un-quartier-de-sousse\/219658\/"},"author":{"name":"KJ","@id":"https:\/\/www.webdo.tn\/fr\/#\/schema\/person\/82ca085b22037d285e1a3c4b65ba5f71"},"headline":"Tunisie : Nuit de violence dans un quartier de Sousse","datePublished":"2025-02-07T08:24:00+00:00","dateModified":"2025-05-20T22:20:02+00:00","mainEntityOfPage":{"@id":"https:\/\/www.webdo.tn\/fr\/actualite\/regions\/tunisie-nuit-de-violence-dans-un-quartier-de-sousse\/219658\/"},"wordCount":166,"commentCount":0,"publisher":{"@id":"https:\/\/www.webdo.tn\/fr\/#organization"},"image":{"@id":"https:\/\/www.webdo.tn\/fr\/actualite\/regions\/tunisie-nuit-de-violence-dans-un-quartier-de-sousse\/219658\/#primaryimage"},"thumbnailUrl":"https:\/\/www.webdo.tn\/fr\/wp-content\/uploads\/2025\/05\/36a84dcffd29fba314ebc3fa009675d3-2.webp","keywords":["Sousse","Tunisie","violence"],"articleSection":["regions"],"inLanguage":"fr-FR"},{"@type":"WebPage","@id":"https:\/\/www.webdo.tn\/fr\/actualite\/regions\/tunisie-nuit-de-violence-dans-un-quartier-de-sousse\/219658\/","url":"https:\/\/www.webdo.tn\/fr\/actualite\/regions\/tunisie-nuit-de-violence-dans-un-quartier-de-sousse\/219658\/","name":"Tunisie : Nuit de violence dans un quartier de Sousse","isPartOf":{"@id":"https:\/\/www.webdo.tn\/fr\/#website"},"primaryImageOfPage":{"@id":"https:\/\/www.webdo.tn\/fr\/actualite\/regions\/tunisie-nuit-de-violence-dans-un-quartier-de-sousse\/219658\/#primaryimage"},"image":{"@id":"https:\/\/www.webdo.tn\/fr\/actualite\/regions\/tunisie-nuit-de-violence-dans-un-quartier-de-sousse\/219658\/#primaryimage"},"thumbnailUrl":"https:\/\/www.webdo.tn\/fr\/wp-content\/uploads\/2025\/05\/36a84dcffd29fba314ebc3fa009675d3-2.webp","datePublished":"2025-02-07T08:24:00+00:00","dateModified":"2025-05-20T22:20:02+00:00","description":"Ces heurts surviennent apr\u00e8s qu'un jeune homme d\u2019environ 26 ans, originaire de la r\u00e9gion, s'est immol\u00e9 par le feu devant le poste de police du quartier Riadh po...","breadcrumb":{"@id":"https:\/\/www.webdo.tn\/fr\/actualite\/regions\/tunisie-nuit-de-violence-dans-un-quartier-de-sousse\/219658\/#breadcrumb"},"inLanguage":"fr-FR","potentialAction":[{"@type":"ReadAction","target":["https:\/\/www.webdo.tn\/fr\/actualite\/regions\/tunisie-nuit-de-violence-dans-un-quartier-de-sousse\/219658\/"]}]},{"@type":"ImageObject","inLanguage":"fr-FR","@id":"https:\/\/www.webdo.tn\/fr\/actualite\/regions\/tunisie-nuit-de-violence-dans-un-quartier-de-sousse\/219658\/#primaryimage","url":"https:\/\/www.webdo.tn\/fr\/wp-content\/uploads\/2025\/05\/36a84dcffd29fba314ebc3fa009675d3-2.webp","contentUrl":"https:\/\/www.webdo.tn\/fr\/wp-content\/uploads\/2025\/05\/36a84dcffd29fba314ebc3fa009675d3-2.webp","width":712,"height":380},{"@type":"BreadcrumbList","@id":"https:\/\/www.webdo.tn\/fr\/actualite\/regions\/tunisie-nuit-de-violence-dans-un-quartier-de-sousse\/219658\/#breadcrumb","itemListElement":[{"@type":"ListItem","position":1,"name":"Accueil","item":"https:\/\/www.webdo.tn\/fr\/"},{"@type":"ListItem","position":2,"name":"Tunisie : Nuit de violence dans un quartier de Sousse"}]},{"@type":"WebSite","@id":"https:\/\/www.webdo.tn\/fr\/#website","url":"https:\/\/www.webdo.tn\/fr\/","name":"webdo","description":"Tunisie - News en Tunisie et \u00e0 l&#039;international sur Webdo.tn","publisher":{"@id":"https:\/\/www.webdo.tn\/fr\/#organization"},"potentialAction":[{"@type":"SearchAction","target":{"@type":"EntryPoint","urlTemplate":"https:\/\/www.webdo.tn\/fr\/?s={search_term_string}"},"query-input":{"@type":"PropertyValueSpecification","valueRequired":true,"valueName":"search_term_string"}}],"inLanguage":"fr-FR"},{"@type":"Organization","@id":"https:\/\/www.webdo.tn\/fr\/#organization","name":"Webdo","alternateName":"Webdo.tn","url":"https:\/\/www.webdo.tn\/fr\/","logo":{"@type":"ImageObject","inLanguage":"fr-FR","@id":"https:\/\/www.webdo.tn\/fr\/#\/schema\/logo\/image\/","url":"https:\/\/www.webdo.tn\/fr\/wp-content\/uploads\/2025\/06\/Webdo-Tunisie_168377.jpg","contentUrl":"https:\/\/www.webdo.tn\/fr\/wp-content\/uploads\/2025\/06\/Webdo-Tunisie_168377.jpg","width":301,"height":301,"caption":"Webdo"},"image":{"@id":"https:\/\/www.webdo.tn\/fr\/#\/schema\/logo\/image\/"},"sameAs":["https:\/\/www.facebook.com\/webdotn","https:\/\/x.com\/webdo_tn"],"description":"Webdo est un m\u00e9dia num\u00e9rique tunisien fond\u00e9 en 2010, sp\u00e9cialis\u00e9 dans l\u2019actualit\u00e9 nationale et internationale, l\u2019\u00e9conomie, la soci\u00e9t\u00e9 et les analyses politiques. Le site s\u2019adresse \u00e0 un large public francophone et couvre l\u2019information tunisienne en temps r\u00e9el.","email":"redac@webdo.tn","legalName":"YNJ SARL","foundingDate":"2010-09-06","numberOfEmployees":{"@type":"QuantitativeValue","minValue":"11","maxValue":"50"}},{"@type":"Person","@id":"https:\/\/www.webdo.tn\/fr\/#\/schema\/person\/82ca085b22037d285e1a3c4b65ba5f71","name":"KJ","image":{"@type":"ImageObject","inLanguage":"fr-FR","@id":"https:\/\/secure.gravatar.com\/avatar\/1a1320de1c1971c893f00068f760b4113d69504aa21273da17ee95650c5944fd?s=96&d=mm&r=g","url":"https:\/\/secure.gravatar.com\/avatar\/1a1320de1c1971c893f00068f760b4113d69504aa21273da17ee95650c5944fd?s=96&d=mm&r=g","contentUrl":"https:\/\/secure.gravatar.com\/avatar\/1a1320de1c1971c893f00068f760b4113d69504aa21273da17ee95650c5944fd?s=96&d=mm&r=g","caption":"KJ"},"url":"https:\/\/www.webdo.tn\/fr\/actualite\/author\/kj\/"}]}},"_links":{"self":[{"href":"https:\/\/www.webdo.tn\/fr\/wp-json\/wp\/v2\/posts\/219658","targetHints":{"allow":["GET"]}}],"collection":[{"href":"https:\/\/www.webdo.tn\/fr\/wp-json\/wp\/v2\/posts"}],"about":[{"href":"https:\/\/www.webdo.tn\/fr\/wp-json\/wp\/v2\/types\/post"}],"author":[{"embeddable":true,"href":"https:\/\/www.webdo.tn\/fr\/wp-json\/wp\/v2\/users\/3163"}],"replies":[{"embeddable":true,"href":"https:\/\/www.webdo.tn\/fr\/wp-json\/wp\/v2\/comments?post=219658"}],"version-history":[{"count":0,"href":"https:\/\/www.webdo.tn\/fr\/wp-json\/wp\/v2\/posts\/219658\/revisions"}],"wp:featuredmedia":[{"embeddable":true,"href":"https:\/\/www.webdo.tn\/fr\/wp-json\/wp\/v2\/media\/242372"}],"wp:attachment":[{"href":"https:\/\/www.webdo.tn\/fr\/wp-json\/wp\/v2\/media?parent=219658"}],"wp:term":[{"taxonomy":"category","embeddable":true,"href":"https:\/\/www.webdo.tn\/fr\/wp-json\/wp\/v2\/categories?post=219658"},{"taxonomy":"post_tag","embeddable":true,"href":"https:\/\/www.webdo.tn\/fr\/wp-json\/wp\/v2\/tags?post=219658"}],"curies":[{"name":"wp","href":"https:\/\/api.w.org\/{rel}","templated":true}]}}